{"id":26884,"date":"2019-08-19T13:49:13","date_gmt":"2019-08-19T13:49:13","guid":{"rendered":"https:\/\/news.ecclesia.org.br\/?p=26884"},"modified":"2021-07-30T15:57:08","modified_gmt":"2021-07-30T18:57:08","slug":"patriarca-ecumenico-bartolomeu-faz-breve-visita-a-suica-e-alemanha","status":"publish","type":"post","link":"https:\/\/news.ecclesia.org.br\/?p=26884","title":{"rendered":"Patriarca Ecum\u00eanico Bartolomeu faz breve visita \u00e0 Su\u00ed\u00e7a e Alemanha"},"content":{"rendered":"<figure id=\"attachment_26885\" aria-describedby=\"caption-attachment-26885\" style=\"width: 300px\" class=\"wp-caption alignleft\"><a href=\"https:\/\/news.ecclesia.org.br\/wp-content\/uploads\/2019\/08\/patriarca-bartolomeu.jpg\"><img fetchpriority=\"high\" decoding=\"async\" class=\"size-medium wp-image-26885\" src=\"https:\/\/news.ecclesia.org.br\/wp-content\/uploads\/2019\/08\/patriarca-bartolomeu-300x182.jpg\" alt=\"\" width=\"300\" height=\"182\" srcset=\"https:\/\/news.ecclesia.org.br\/wp-content\/uploads\/2019\/08\/patriarca-bartolomeu-300x182.jpg 300w, https:\/\/news.ecclesia.org.br\/wp-content\/uploads\/2019\/08\/patriarca-bartolomeu-91x55.jpg 91w, https:\/\/news.ecclesia.org.br\/wp-content\/uploads\/2019\/08\/patriarca-bartolomeu.jpg 445w\" sizes=\"(max-width: 300px) 100vw, 300px\" \/><\/a><figcaption id=\"caption-attachment-26885\" class=\"wp-caption-text\">S. Santidade Bartolomeu I, Patriarca Ecum\u00eanico<\/figcaption><\/figure>\n<p style=\"text-align: justify;\">Istambul (Constantinopla), 17 de agosto de 2019 &#8212; <strong>O Patriarca Bartolomeu I chegou a Genebra, nesta ter\u00e7a-feira, 20 de agosto, onde falar\u00e1 na cerim\u00f4nia inaugural da \u00ab10\u00aa Assembl\u00e9ia Geral das Religi\u00f5es pela Paz\u00bb.<\/strong><\/p>\n<p style=\"text-align: justify;\">Nesta ocasi\u00e3o, o Patriarcado Ecum\u00eanico emitiu o seguinte comunicado:<\/p>\n<blockquote>\n<p style=\"text-align: justify;\">\u00abNo \u00faltimo s\u00e1bado, 17 de agosto, ao meio-dia, Sua Santidade, o Patriarca, acompanhado pelo reverendo di\u00e1cono Pa\u00efssios, diretor de seu gabinete particular, embarcou para Genebra. Na ter\u00e7a-feira, 20, Sua Santidade, respondeu prontamente ao convite do Dr. William F. Vendley, Secret\u00e1rio Geral da organiza\u00e7\u00e3o inter-religiosa \u00abReligi\u00f5es pela Paz\u00bb, confirmando sua presen\u00e7a e acolhendo convite para falar na abertura da D\u00e9cima Assembl\u00e9ia Geral em Lindau (Alemanha) sobre tema \u00abCuidando do nosso Futuro Comum &#8211; Avan\u00e7ando no Bem-Estar Compartilhado\u00bb, do tamb\u00e9m qual participar\u00e1 o Presidente da Alemanha, Sr. Frank-Walter Steinmeir, al\u00e9m de outros membros de Governos e de Organiza\u00e7\u00f5es Internacionais, religiosas, totalizando cerca de 900 pessoas. Durante sua breve estada na Alemanha, S. Santidade estar\u00e1 acompanhado por SS. EE. os Metropolitas Agostinho da Alemanha, Emmanuel de Fran\u00e7a e Maxime da Su\u00ed\u00e7a. O Patriarca retornar\u00e1 a Constantinopla nesta quarta-feira, dia 21 deste m\u00eas, se Deus quiser. &#8220;<\/p>\n<hr \/>\n<\/blockquote>\n<p style=\"text-align: right;\">Fonte: <a href=\"https:\/\/www.orthodoxianewsagency.gr\/patriarxeia\/oikomeniko_patriarxio\/se-elvetia-kai-germania-tha-vrethei-o-oik-patriarxis\/\" target=\"_blank\" rel=\"noopener noreferrer\">Orthodoxia<\/a><\/p>\n","protected":false},"excerpt":{"rendered":"<p>Istambul (Constantinopla), 17 de agosto de 2019 &#8212; O Patriarca Bartolomeu I chegou a Genebra, nesta ter\u00e7a-feira, 20 de agosto, onde falar\u00e1 na cerim\u00f4nia inaugural da \u00ab10\u00aa Assembl\u00e9ia Geral das Religi\u00f5es pela Paz\u00bb. Nesta ocasi\u00e3o, o Patriarcado Ecum\u00eanico emitiu o&#8230;<\/p>\n","protected":false},"author":1,"featured_media":0,"comment_status":"open","ping_status":"open","sticky":false,"template":"","format":"standard","meta":{"_acf_changed":false,"footnotes":""},"categories":[1,72],"tags":[],"class_list":["post-26884","post","type-post","status-publish","format-standard","hentry","category-news","category-patriarcado-ecumenico","entry","rows-excerpt"],"acf":[],"yoast_head":"<!-- This site is optimized with the Yoast SEO plugin v27.4 - https:\/\/yoast.com\/product\/yoast-seo-wordpress\/ -->\n<title>Patriarca Ecum\u00eanico Bartolomeu faz breve visita \u00e0 Su\u00ed\u00e7a e Alemanha | ECCLESIA NEWS<\/title>\n<meta name=\"robots\" content=\"index, follow, max-snippet:-1, max-image-preview:large, max-video-preview:-1\" \/>\n<link rel=\"canonical\" href=\"https:\/\/news.ecclesia.org.br\/?p=26884\" \/>\n<meta property=\"og:locale\" content=\"pt_BR\" \/>\n<meta property=\"og:type\" content=\"article\" \/>\n<meta property=\"og:title\" content=\"Patriarca Ecum\u00eanico Bartolomeu faz breve visita \u00e0 Su\u00ed\u00e7a e Alemanha | ECCLESIA NEWS\" \/>\n<meta property=\"og:description\" content=\"Istambul (Constantinopla), 17 de agosto de 2019 &#8212; O Patriarca Bartolomeu I chegou a Genebra, nesta ter\u00e7a-feira, 20 de agosto, onde falar\u00e1 na cerim\u00f4nia inaugural da \u00ab10\u00aa Assembl\u00e9ia Geral das Religi\u00f5es pela Paz\u00bb. Nesta ocasi\u00e3o, o Patriarcado Ecum\u00eanico emitiu o&#8230;\" \/>\n<meta property=\"og:url\" content=\"https:\/\/news.ecclesia.org.br\/?p=26884\" \/>\n<meta property=\"og:site_name\" content=\"ECCLESIA NEWS\" \/>\n<meta property=\"article:publisher\" content=\"https:\/\/www.facebook.com\/Ecclesia2025\" \/>\n<meta property=\"article:published_time\" content=\"2019-08-19T13:49:13+00:00\" \/>\n<meta property=\"article:modified_time\" content=\"2021-07-30T18:57:08+00:00\" \/>\n<meta property=\"og:image\" content=\"https:\/\/news.ecclesia.org.br\/wp-content\/uploads\/2019\/08\/patriarca-bartolomeu-300x182.jpg\" \/>\n<meta name=\"author\" content=\"Pe. Andr\u00e9\" \/>\n<meta name=\"twitter:card\" content=\"summary_large_image\" \/>\n<meta name=\"twitter:creator\" content=\"@EcclesiaNews\" \/>\n<meta name=\"twitter:site\" content=\"@EcclesiaNews\" \/>\n<meta name=\"twitter:label1\" content=\"Escrito por\" \/>\n\t<meta name=\"twitter:data1\" content=\"Pe. Andr\u00e9\" \/>\n\t<meta name=\"twitter:label2\" content=\"Est. tempo de leitura\" \/>\n\t<meta name=\"twitter:data2\" content=\"1 minuto\" \/>\n<script type=\"application\/ld+json\" class=\"yoast-schema-graph\">{\"@context\":\"https:\\\/\\\/schema.org\",\"@graph\":[{\"@type\":\"Article\",\"@id\":\"https:\\\/\\\/news.ecclesia.org.br\\\/?p=26884#article\",\"isPartOf\":{\"@id\":\"https:\\\/\\\/news.ecclesia.org.br\\\/?p=26884\"},\"author\":{\"name\":\"Pe. Andr\u00e9\",\"@id\":\"https:\\\/\\\/news.ecclesia.org.br\\\/#\\\/schema\\\/person\\\/6f09597f025829745ba414a569f63758\"},\"headline\":\"Patriarca Ecum\u00eanico Bartolomeu faz breve visita \u00e0 Su\u00ed\u00e7a e Alemanha\",\"datePublished\":\"2019-08-19T13:49:13+00:00\",\"dateModified\":\"2021-07-30T18:57:08+00:00\",\"mainEntityOfPage\":{\"@id\":\"https:\\\/\\\/news.ecclesia.org.br\\\/?p=26884\"},\"wordCount\":226,\"commentCount\":0,\"publisher\":{\"@id\":\"https:\\\/\\\/news.ecclesia.org.br\\\/#organization\"},\"image\":{\"@id\":\"https:\\\/\\\/news.ecclesia.org.br\\\/?p=26884#primaryimage\"},\"thumbnailUrl\":\"https:\\\/\\\/news.ecclesia.org.br\\\/wp-content\\\/uploads\\\/2019\\\/08\\\/patriarca-bartolomeu-300x182.jpg\",\"articleSection\":[\"NEWS\",\"Patriarcado Ecum\u00eanico\"],\"inLanguage\":\"pt-BR\",\"potentialAction\":[{\"@type\":\"CommentAction\",\"name\":\"Comment\",\"target\":[\"https:\\\/\\\/news.ecclesia.org.br\\\/?p=26884#respond\"]}]},{\"@type\":\"WebPage\",\"@id\":\"https:\\\/\\\/news.ecclesia.org.br\\\/?p=26884\",\"url\":\"https:\\\/\\\/news.ecclesia.org.br\\\/?p=26884\",\"name\":\"Patriarca Ecum\u00eanico Bartolomeu faz breve visita \u00e0 Su\u00ed\u00e7a e Alemanha | ECCLESIA NEWS\",\"isPartOf\":{\"@id\":\"https:\\\/\\\/news.ecclesia.org.br\\\/#website\"},\"primaryImageOfPage\":{\"@id\":\"https:\\\/\\\/news.ecclesia.org.br\\\/?p=26884#primaryimage\"},\"image\":{\"@id\":\"https:\\\/\\\/news.ecclesia.org.br\\\/?p=26884#primaryimage\"},\"thumbnailUrl\":\"https:\\\/\\\/news.ecclesia.org.br\\\/wp-content\\\/uploads\\\/2019\\\/08\\\/patriarca-bartolomeu-300x182.jpg\",\"datePublished\":\"2019-08-19T13:49:13+00:00\",\"dateModified\":\"2021-07-30T18:57:08+00:00\",\"breadcrumb\":{\"@id\":\"https:\\\/\\\/news.ecclesia.org.br\\\/?p=26884#breadcrumb\"},\"inLanguage\":\"pt-BR\",\"potentialAction\":[{\"@type\":\"ReadAction\",\"target\":[\"https:\\\/\\\/news.ecclesia.org.br\\\/?p=26884\"]}]},{\"@type\":\"ImageObject\",\"inLanguage\":\"pt-BR\",\"@id\":\"https:\\\/\\\/news.ecclesia.org.br\\\/?p=26884#primaryimage\",\"url\":\"https:\\\/\\\/news.ecclesia.org.br\\\/wp-content\\\/uploads\\\/2019\\\/08\\\/patriarca-bartolomeu.jpg\",\"contentUrl\":\"https:\\\/\\\/news.ecclesia.org.br\\\/wp-content\\\/uploads\\\/2019\\\/08\\\/patriarca-bartolomeu.jpg\",\"width\":445,\"height\":270,\"caption\":\"S. Santidade Bartolomeu I, Patriarca Ecum\u00eanico\"},{\"@type\":\"BreadcrumbList\",\"@id\":\"https:\\\/\\\/news.ecclesia.org.br\\\/?p=26884#breadcrumb\",\"itemListElement\":[{\"@type\":\"ListItem\",\"position\":1,\"name\":\"In\u00edcio\",\"item\":\"https:\\\/\\\/news.ecclesia.org.br\\\/\"},{\"@type\":\"ListItem\",\"position\":2,\"name\":\"Patriarca Ecum\u00eanico Bartolomeu faz breve visita \u00e0 Su\u00ed\u00e7a e Alemanha\"}]},{\"@type\":\"WebSite\",\"@id\":\"https:\\\/\\\/news.ecclesia.org.br\\\/#website\",\"url\":\"https:\\\/\\\/news.ecclesia.org.br\\\/\",\"name\":\"Ecclesia Brasil\",\"description\":\"Desde 2003 onectando o Brasil ao mundo ortodoxo!\",\"publisher\":{\"@id\":\"https:\\\/\\\/news.ecclesia.org.br\\\/#organization\"},\"alternateName\":\"Ecclesia\",\"potentialAction\":[{\"@type\":\"SearchAction\",\"target\":{\"@type\":\"EntryPoint\",\"urlTemplate\":\"https:\\\/\\\/news.ecclesia.org.br\\\/?s={search_term_string}\"},\"query-input\":{\"@type\":\"PropertyValueSpecification\",\"valueRequired\":true,\"valueName\":\"search_term_string\"}}],\"inLanguage\":\"pt-BR\"},{\"@type\":\"Organization\",\"@id\":\"https:\\\/\\\/news.ecclesia.org.br\\\/#organization\",\"name\":\"Sacra Arquidiocese de Buenos Aires e Am\u00e9rica do Sul | Patriarcado Ecum\u00eanico\",\"alternateName\":\"News Ecclesia Brasil\",\"url\":\"https:\\\/\\\/news.ecclesia.org.br\\\/\",\"logo\":{\"@type\":\"ImageObject\",\"inLanguage\":\"pt-BR\",\"@id\":\"https:\\\/\\\/news.ecclesia.org.br\\\/#\\\/schema\\\/logo\\\/image\\\/\",\"url\":\"https:\\\/\\\/news.ecclesia.org.br\\\/wp-content\\\/uploads\\\/2025\\\/05\\\/ecclesia2.png\",\"contentUrl\":\"https:\\\/\\\/news.ecclesia.org.br\\\/wp-content\\\/uploads\\\/2025\\\/05\\\/ecclesia2.png\",\"width\":480,\"height\":120,\"caption\":\"Sacra Arquidiocese de Buenos Aires e Am\u00e9rica do Sul | Patriarcado Ecum\u00eanico\"},\"image\":{\"@id\":\"https:\\\/\\\/news.ecclesia.org.br\\\/#\\\/schema\\\/logo\\\/image\\\/\"},\"sameAs\":[\"https:\\\/\\\/www.facebook.com\\\/Ecclesia2025\",\"https:\\\/\\\/x.com\\\/EcclesiaNews\",\"https:\\\/\\\/br.pinterest.com\\\/ekklisia\\\/\",\"https:\\\/\\\/www.youtube.com\\\/@EcclesiaBrasil\"]},{\"@type\":\"Person\",\"@id\":\"https:\\\/\\\/news.ecclesia.org.br\\\/#\\\/schema\\\/person\\\/6f09597f025829745ba414a569f63758\",\"name\":\"Pe. Andr\u00e9\",\"image\":{\"@type\":\"ImageObject\",\"inLanguage\":\"pt-BR\",\"@id\":\"https:\\\/\\\/secure.gravatar.com\\\/avatar\\\/b4327cfa27e9799da239a26adcd534fc29cdc0c4a4a148eecbcfeb9b42c617ac?s=96&d=mm&r=g\",\"url\":\"https:\\\/\\\/secure.gravatar.com\\\/avatar\\\/b4327cfa27e9799da239a26adcd534fc29cdc0c4a4a148eecbcfeb9b42c617ac?s=96&d=mm&r=g\",\"contentUrl\":\"https:\\\/\\\/secure.gravatar.com\\\/avatar\\\/b4327cfa27e9799da239a26adcd534fc29cdc0c4a4a148eecbcfeb9b42c617ac?s=96&d=mm&r=g\",\"caption\":\"Pe. Andr\u00e9\"},\"sameAs\":[\"https:\\\/\\\/www.ecclesia.org.br\"]}]}<\/script>\n<!-- \/ Yoast SEO plugin. -->","yoast_head_json":{"title":"Patriarca Ecum\u00eanico Bartolomeu faz breve visita \u00e0 Su\u00ed\u00e7a e Alemanha | ECCLESIA NEWS","robots":{"index":"index","follow":"follow","max-snippet":"max-snippet:-1","max-image-preview":"max-image-preview:large","max-video-preview":"max-video-preview:-1"},"canonical":"https:\/\/news.ecclesia.org.br\/?p=26884","og_locale":"pt_BR","og_type":"article","og_title":"Patriarca Ecum\u00eanico Bartolomeu faz breve visita \u00e0 Su\u00ed\u00e7a e Alemanha | ECCLESIA NEWS","og_description":"Istambul (Constantinopla), 17 de agosto de 2019 &#8212; O Patriarca Bartolomeu I chegou a Genebra, nesta ter\u00e7a-feira, 20 de agosto, onde falar\u00e1 na cerim\u00f4nia inaugural da \u00ab10\u00aa Assembl\u00e9ia Geral das Religi\u00f5es pela Paz\u00bb. Nesta ocasi\u00e3o, o Patriarcado Ecum\u00eanico emitiu o&#8230;","og_url":"https:\/\/news.ecclesia.org.br\/?p=26884","og_site_name":"ECCLESIA NEWS","article_publisher":"https:\/\/www.facebook.com\/Ecclesia2025","article_published_time":"2019-08-19T13:49:13+00:00","article_modified_time":"2021-07-30T18:57:08+00:00","og_image":[{"url":"https:\/\/news.ecclesia.org.br\/wp-content\/uploads\/2019\/08\/patriarca-bartolomeu-300x182.jpg","type":"","width":"","height":""}],"author":"Pe. Andr\u00e9","twitter_card":"summary_large_image","twitter_creator":"@EcclesiaNews","twitter_site":"@EcclesiaNews","twitter_misc":{"Escrito por":"Pe. Andr\u00e9","Est. tempo de leitura":"1 minuto"},"schema":{"@context":"https:\/\/schema.org","@graph":[{"@type":"Article","@id":"https:\/\/news.ecclesia.org.br\/?p=26884#article","isPartOf":{"@id":"https:\/\/news.ecclesia.org.br\/?p=26884"},"author":{"name":"Pe. Andr\u00e9","@id":"https:\/\/news.ecclesia.org.br\/#\/schema\/person\/6f09597f025829745ba414a569f63758"},"headline":"Patriarca Ecum\u00eanico Bartolomeu faz breve visita \u00e0 Su\u00ed\u00e7a e Alemanha","datePublished":"2019-08-19T13:49:13+00:00","dateModified":"2021-07-30T18:57:08+00:00","mainEntityOfPage":{"@id":"https:\/\/news.ecclesia.org.br\/?p=26884"},"wordCount":226,"commentCount":0,"publisher":{"@id":"https:\/\/news.ecclesia.org.br\/#organization"},"image":{"@id":"https:\/\/news.ecclesia.org.br\/?p=26884#primaryimage"},"thumbnailUrl":"https:\/\/news.ecclesia.org.br\/wp-content\/uploads\/2019\/08\/patriarca-bartolomeu-300x182.jpg","articleSection":["NEWS","Patriarcado Ecum\u00eanico"],"inLanguage":"pt-BR","potentialAction":[{"@type":"CommentAction","name":"Comment","target":["https:\/\/news.ecclesia.org.br\/?p=26884#respond"]}]},{"@type":"WebPage","@id":"https:\/\/news.ecclesia.org.br\/?p=26884","url":"https:\/\/news.ecclesia.org.br\/?p=26884","name":"Patriarca Ecum\u00eanico Bartolomeu faz breve visita \u00e0 Su\u00ed\u00e7a e Alemanha | ECCLESIA NEWS","isPartOf":{"@id":"https:\/\/news.ecclesia.org.br\/#website"},"primaryImageOfPage":{"@id":"https:\/\/news.ecclesia.org.br\/?p=26884#primaryimage"},"image":{"@id":"https:\/\/news.ecclesia.org.br\/?p=26884#primaryimage"},"thumbnailUrl":"https:\/\/news.ecclesia.org.br\/wp-content\/uploads\/2019\/08\/patriarca-bartolomeu-300x182.jpg","datePublished":"2019-08-19T13:49:13+00:00","dateModified":"2021-07-30T18:57:08+00:00","breadcrumb":{"@id":"https:\/\/news.ecclesia.org.br\/?p=26884#breadcrumb"},"inLanguage":"pt-BR","potentialAction":[{"@type":"ReadAction","target":["https:\/\/news.ecclesia.org.br\/?p=26884"]}]},{"@type":"ImageObject","inLanguage":"pt-BR","@id":"https:\/\/news.ecclesia.org.br\/?p=26884#primaryimage","url":"https:\/\/news.ecclesia.org.br\/wp-content\/uploads\/2019\/08\/patriarca-bartolomeu.jpg","contentUrl":"https:\/\/news.ecclesia.org.br\/wp-content\/uploads\/2019\/08\/patriarca-bartolomeu.jpg","width":445,"height":270,"caption":"S. Santidade Bartolomeu I, Patriarca Ecum\u00eanico"},{"@type":"BreadcrumbList","@id":"https:\/\/news.ecclesia.org.br\/?p=26884#breadcrumb","itemListElement":[{"@type":"ListItem","position":1,"name":"In\u00edcio","item":"https:\/\/news.ecclesia.org.br\/"},{"@type":"ListItem","position":2,"name":"Patriarca Ecum\u00eanico Bartolomeu faz breve visita \u00e0 Su\u00ed\u00e7a e Alemanha"}]},{"@type":"WebSite","@id":"https:\/\/news.ecclesia.org.br\/#website","url":"https:\/\/news.ecclesia.org.br\/","name":"Ecclesia Brasil","description":"Desde 2003 onectando o Brasil ao mundo ortodoxo!","publisher":{"@id":"https:\/\/news.ecclesia.org.br\/#organization"},"alternateName":"Ecclesia","potentialAction":[{"@type":"SearchAction","target":{"@type":"EntryPoint","urlTemplate":"https:\/\/news.ecclesia.org.br\/?s={search_term_string}"},"query-input":{"@type":"PropertyValueSpecification","valueRequired":true,"valueName":"search_term_string"}}],"inLanguage":"pt-BR"},{"@type":"Organization","@id":"https:\/\/news.ecclesia.org.br\/#organization","name":"Sacra Arquidiocese de Buenos Aires e Am\u00e9rica do Sul | Patriarcado Ecum\u00eanico","alternateName":"News Ecclesia Brasil","url":"https:\/\/news.ecclesia.org.br\/","logo":{"@type":"ImageObject","inLanguage":"pt-BR","@id":"https:\/\/news.ecclesia.org.br\/#\/schema\/logo\/image\/","url":"https:\/\/news.ecclesia.org.br\/wp-content\/uploads\/2025\/05\/ecclesia2.png","contentUrl":"https:\/\/news.ecclesia.org.br\/wp-content\/uploads\/2025\/05\/ecclesia2.png","width":480,"height":120,"caption":"Sacra Arquidiocese de Buenos Aires e Am\u00e9rica do Sul | Patriarcado Ecum\u00eanico"},"image":{"@id":"https:\/\/news.ecclesia.org.br\/#\/schema\/logo\/image\/"},"sameAs":["https:\/\/www.facebook.com\/Ecclesia2025","https:\/\/x.com\/EcclesiaNews","https:\/\/br.pinterest.com\/ekklisia\/","https:\/\/www.youtube.com\/@EcclesiaBrasil"]},{"@type":"Person","@id":"https:\/\/news.ecclesia.org.br\/#\/schema\/person\/6f09597f025829745ba414a569f63758","name":"Pe. Andr\u00e9","image":{"@type":"ImageObject","inLanguage":"pt-BR","@id":"https:\/\/secure.gravatar.com\/avatar\/b4327cfa27e9799da239a26adcd534fc29cdc0c4a4a148eecbcfeb9b42c617ac?s=96&d=mm&r=g","url":"https:\/\/secure.gravatar.com\/avatar\/b4327cfa27e9799da239a26adcd534fc29cdc0c4a4a148eecbcfeb9b42c617ac?s=96&d=mm&r=g","contentUrl":"https:\/\/secure.gravatar.com\/avatar\/b4327cfa27e9799da239a26adcd534fc29cdc0c4a4a148eecbcfeb9b42c617ac?s=96&d=mm&r=g","caption":"Pe. Andr\u00e9"},"sameAs":["https:\/\/www.ecclesia.org.br"]}]}},"_links":{"self":[{"href":"https:\/\/news.ecclesia.org.br\/index.php?rest_route=\/wp\/v2\/posts\/26884","targetHints":{"allow":["GET"]}}],"collection":[{"href":"https:\/\/news.ecclesia.org.br\/index.php?rest_route=\/wp\/v2\/posts"}],"about":[{"href":"https:\/\/news.ecclesia.org.br\/index.php?rest_route=\/wp\/v2\/types\/post"}],"author":[{"embeddable":true,"href":"https:\/\/news.ecclesia.org.br\/index.php?rest_route=\/wp\/v2\/users\/1"}],"replies":[{"embeddable":true,"href":"https:\/\/news.ecclesia.org.br\/index.php?rest_route=%2Fwp%2Fv2%2Fcomments&post=26884"}],"version-history":[{"count":1,"href":"https:\/\/news.ecclesia.org.br\/index.php?rest_route=\/wp\/v2\/posts\/26884\/revisions"}],"predecessor-version":[{"id":38589,"href":"https:\/\/news.ecclesia.org.br\/index.php?rest_route=\/wp\/v2\/posts\/26884\/revisions\/38589"}],"wp:attachment":[{"href":"https:\/\/news.ecclesia.org.br\/index.php?rest_route=%2Fwp%2Fv2%2Fmedia&parent=26884"}],"wp:term":[{"taxonomy":"category","embeddable":true,"href":"https:\/\/news.ecclesia.org.br\/index.php?rest_route=%2Fwp%2Fv2%2Fcategories&post=26884"},{"taxonomy":"post_tag","embeddable":true,"href":"https:\/\/news.ecclesia.org.br\/index.php?rest_route=%2Fwp%2Fv2%2Ftags&post=26884"}],"curies":[{"name":"wp","href":"https:\/\/api.w.org\/{rel}","templated":true}]}}