{"id":26879,"date":"2018-06-16T16:38:19","date_gmt":"2018-06-16T16:38:19","guid":{"rendered":"https:\/\/news.ecclesia.org.br\/?p=26879"},"modified":"2019-08-16T16:46:52","modified_gmt":"2019-08-16T16:46:52","slug":"visita-pastoral-do-arcebispo-dom-damakinos-mansour-a-goias-primeiro-monasterio-do-patriarcado-antioquino-na-america-do-sul","status":"publish","type":"post","link":"https:\/\/news.ecclesia.org.br\/?p=26879","title":{"rendered":"Visita pastoral do Arcebispo Dom Damakinos Mansour a Goi\u00e1s: Primeiro monast\u00e9rio do Patriarcado Antioquino na America do Sul"},"content":{"rendered":"<p style=\"text-align: justify;\"><a href=\"https:\/\/news.ecclesia.org.br\/wp-content\/uploads\/2019\/08\/2018-06-16.jpg\"><img fetchpriority=\"high\" decoding=\"async\" class=\"alignleft size-medium wp-image-26880\" src=\"https:\/\/news.ecclesia.org.br\/wp-content\/uploads\/2019\/08\/2018-06-16-300x287.jpg\" alt=\"\" width=\"300\" height=\"287\" srcset=\"https:\/\/news.ecclesia.org.br\/wp-content\/uploads\/2019\/08\/2018-06-16-300x287.jpg 300w, https:\/\/news.ecclesia.org.br\/wp-content\/uploads\/2019\/08\/2018-06-16-768x734.jpg 768w, https:\/\/news.ecclesia.org.br\/wp-content\/uploads\/2019\/08\/2018-06-16-58x55.jpg 58w, https:\/\/news.ecclesia.org.br\/wp-content\/uploads\/2019\/08\/2018-06-16.jpg 886w\" sizes=\"(max-width: 300px) 100vw, 300px\" \/><\/a>O Arcebispo da Igreja Cat\u00f3lica Apost\u00f3lica Ortodoxa Antioquina, Dom Damaskinos Mansour, teve intensa semana em Goi\u00e1s. No \u00faltimo domingo, dia 24 de junho, celebrou a Divina Liturgia na Igreja S\u00e3o Nicolau em Goi\u00e2nia, com a presen\u00e7a de fi\u00e9is e de v\u00e1rias autoridades, dentre elas o Sr. Governador do Estado Jos\u00e9 \u00c9liton, o ex-governador Marconi Perillo, o Deputado Federal Marcos Abr\u00e3o, o Deputado Estadual Francisco Junior. Tamb\u00e9m presente a Professora Raquel Teixeira e o C\u00f4nsul da Rep\u00fablica \u00c1rabe S\u00edria e Irm\u00e3 Gl\u00f3ria, esta representando a Igreja Cat\u00f3lica Apost\u00f3lica Romana, integrando a pastoral do Imigrante (&#8230;) Para seguir lendo, <a href=\"https:\/\/news.ecclesia.org.br\/wp-content\/uploads\/2019\/08\/igreja-antioquina-2018-junho-16.pdf\" target=\"_blank\" rel=\"noopener noreferrer\">baixe arquivo em pdf com o conte\u00fado completo<\/a>).<\/p>\n","protected":false},"excerpt":{"rendered":"<p>O Arcebispo da Igreja Cat\u00f3lica Apost\u00f3lica Ortodoxa Antioquina, Dom Damaskinos Mansour, teve intensa semana em Goi\u00e1s. No \u00faltimo domingo, dia 24 de junho, celebrou a Divina Liturgia na Igreja S\u00e3o Nicolau em Goi\u00e2nia, com a presen\u00e7a de fi\u00e9is e de&#8230;<\/p>\n","protected":false},"author":1,"featured_media":26880,"comment_status":"open","ping_status":"open","sticky":false,"template":"","format":"standard","meta":{"_acf_changed":false,"footnotes":""},"categories":[1],"tags":[],"class_list":["post-26879","post","type-post","status-publish","format-standard","has-post-thumbnail","hentry","category-news","entry","rows-excerpt"],"acf":[],"yoast_head":"<!-- This site is optimized with the Yoast SEO plugin v27.4 - https:\/\/yoast.com\/product\/yoast-seo-wordpress\/ -->\n<title>Visita pastoral do Arcebispo Dom Damakinos Mansour a Goi\u00e1s: Primeiro monast\u00e9rio do Patriarcado Antioquino na America do Sul | ECCLESIA NEWS<\/title>\n<meta name=\"robots\" content=\"index, follow, max-snippet:-1, max-image-preview:large, max-video-preview:-1\" \/>\n<link rel=\"canonical\" href=\"https:\/\/news.ecclesia.org.br\/?p=26879\" \/>\n<meta property=\"og:locale\" content=\"pt_BR\" \/>\n<meta property=\"og:type\" content=\"article\" \/>\n<meta property=\"og:title\" content=\"Visita pastoral do Arcebispo Dom Damakinos Mansour a Goi\u00e1s: Primeiro monast\u00e9rio do Patriarcado Antioquino na America do Sul | ECCLESIA NEWS\" \/>\n<meta property=\"og:description\" content=\"O Arcebispo da Igreja Cat\u00f3lica Apost\u00f3lica Ortodoxa Antioquina, Dom Damaskinos Mansour, teve intensa semana em Goi\u00e1s. No \u00faltimo domingo, dia 24 de junho, celebrou a Divina Liturgia na Igreja S\u00e3o Nicolau em Goi\u00e2nia, com a presen\u00e7a de fi\u00e9is e de&#8230;\" \/>\n<meta property=\"og:url\" content=\"https:\/\/news.ecclesia.org.br\/?p=26879\" \/>\n<meta property=\"og:site_name\" content=\"ECCLESIA NEWS\" \/>\n<meta property=\"article:publisher\" content=\"https:\/\/www.facebook.com\/Ecclesia2025\" \/>\n<meta property=\"article:published_time\" content=\"2018-06-16T16:38:19+00:00\" \/>\n<meta property=\"article:modified_time\" content=\"2019-08-16T16:46:52+00:00\" \/>\n<meta property=\"og:image\" content=\"https:\/\/news.ecclesia.org.br\/wp-content\/uploads\/2019\/08\/2018-06-16.jpg\" \/>\n\t<meta property=\"og:image:width\" content=\"886\" \/>\n\t<meta property=\"og:image:height\" content=\"847\" \/>\n\t<meta property=\"og:image:type\" content=\"image\/jpeg\" \/>\n<meta name=\"author\" content=\"Pe. Andr\u00e9\" \/>\n<meta name=\"twitter:card\" content=\"summary_large_image\" \/>\n<meta name=\"twitter:creator\" content=\"@EcclesiaNews\" \/>\n<meta name=\"twitter:site\" content=\"@EcclesiaNews\" \/>\n<meta name=\"twitter:label1\" content=\"Escrito por\" \/>\n\t<meta name=\"twitter:data1\" content=\"Pe. Andr\u00e9\" \/>\n\t<meta name=\"twitter:label2\" content=\"Est. tempo de leitura\" \/>\n\t<meta name=\"twitter:data2\" content=\"1 minuto\" \/>\n<script type=\"application\/ld+json\" class=\"yoast-schema-graph\">{\"@context\":\"https:\\\/\\\/schema.org\",\"@graph\":[{\"@type\":\"Article\",\"@id\":\"https:\\\/\\\/news.ecclesia.org.br\\\/?p=26879#article\",\"isPartOf\":{\"@id\":\"https:\\\/\\\/news.ecclesia.org.br\\\/?p=26879\"},\"author\":{\"name\":\"Pe. Andr\u00e9\",\"@id\":\"https:\\\/\\\/news.ecclesia.org.br\\\/#\\\/schema\\\/person\\\/6f09597f025829745ba414a569f63758\"},\"headline\":\"Visita pastoral do Arcebispo Dom Damakinos Mansour a Goi\u00e1s: Primeiro monast\u00e9rio do Patriarcado Antioquino na America do Sul\",\"datePublished\":\"2018-06-16T16:38:19+00:00\",\"dateModified\":\"2019-08-16T16:46:52+00:00\",\"mainEntityOfPage\":{\"@id\":\"https:\\\/\\\/news.ecclesia.org.br\\\/?p=26879\"},\"wordCount\":140,\"commentCount\":0,\"publisher\":{\"@id\":\"https:\\\/\\\/news.ecclesia.org.br\\\/#organization\"},\"image\":{\"@id\":\"https:\\\/\\\/news.ecclesia.org.br\\\/?p=26879#primaryimage\"},\"thumbnailUrl\":\"https:\\\/\\\/news.ecclesia.org.br\\\/wp-content\\\/uploads\\\/2019\\\/08\\\/2018-06-16.jpg\",\"articleSection\":[\"NEWS\"],\"inLanguage\":\"pt-BR\",\"potentialAction\":[{\"@type\":\"CommentAction\",\"name\":\"Comment\",\"target\":[\"https:\\\/\\\/news.ecclesia.org.br\\\/?p=26879#respond\"]}]},{\"@type\":\"WebPage\",\"@id\":\"https:\\\/\\\/news.ecclesia.org.br\\\/?p=26879\",\"url\":\"https:\\\/\\\/news.ecclesia.org.br\\\/?p=26879\",\"name\":\"Visita pastoral do Arcebispo Dom Damakinos Mansour a Goi\u00e1s: Primeiro monast\u00e9rio do Patriarcado Antioquino na America do Sul | ECCLESIA NEWS\",\"isPartOf\":{\"@id\":\"https:\\\/\\\/news.ecclesia.org.br\\\/#website\"},\"primaryImageOfPage\":{\"@id\":\"https:\\\/\\\/news.ecclesia.org.br\\\/?p=26879#primaryimage\"},\"image\":{\"@id\":\"https:\\\/\\\/news.ecclesia.org.br\\\/?p=26879#primaryimage\"},\"thumbnailUrl\":\"https:\\\/\\\/news.ecclesia.org.br\\\/wp-content\\\/uploads\\\/2019\\\/08\\\/2018-06-16.jpg\",\"datePublished\":\"2018-06-16T16:38:19+00:00\",\"dateModified\":\"2019-08-16T16:46:52+00:00\",\"breadcrumb\":{\"@id\":\"https:\\\/\\\/news.ecclesia.org.br\\\/?p=26879#breadcrumb\"},\"inLanguage\":\"pt-BR\",\"potentialAction\":[{\"@type\":\"ReadAction\",\"target\":[\"https:\\\/\\\/news.ecclesia.org.br\\\/?p=26879\"]}]},{\"@type\":\"ImageObject\",\"inLanguage\":\"pt-BR\",\"@id\":\"https:\\\/\\\/news.ecclesia.org.br\\\/?p=26879#primaryimage\",\"url\":\"https:\\\/\\\/news.ecclesia.org.br\\\/wp-content\\\/uploads\\\/2019\\\/08\\\/2018-06-16.jpg\",\"contentUrl\":\"https:\\\/\\\/news.ecclesia.org.br\\\/wp-content\\\/uploads\\\/2019\\\/08\\\/2018-06-16.jpg\",\"width\":886,\"height\":847},{\"@type\":\"BreadcrumbList\",\"@id\":\"https:\\\/\\\/news.ecclesia.org.br\\\/?p=26879#breadcrumb\",\"itemListElement\":[{\"@type\":\"ListItem\",\"position\":1,\"name\":\"In\u00edcio\",\"item\":\"https:\\\/\\\/news.ecclesia.org.br\\\/\"},{\"@type\":\"ListItem\",\"position\":2,\"name\":\"Visita pastoral do Arcebispo Dom Damakinos Mansour a Goi\u00e1s: Primeiro monast\u00e9rio do Patriarcado Antioquino na America do Sul\"}]},{\"@type\":\"WebSite\",\"@id\":\"https:\\\/\\\/news.ecclesia.org.br\\\/#website\",\"url\":\"https:\\\/\\\/news.ecclesia.org.br\\\/\",\"name\":\"Ecclesia Brasil\",\"description\":\"Desde 2003 onectando o Brasil ao mundo ortodoxo!\",\"publisher\":{\"@id\":\"https:\\\/\\\/news.ecclesia.org.br\\\/#organization\"},\"alternateName\":\"Ecclesia\",\"potentialAction\":[{\"@type\":\"SearchAction\",\"target\":{\"@type\":\"EntryPoint\",\"urlTemplate\":\"https:\\\/\\\/news.ecclesia.org.br\\\/?s={search_term_string}\"},\"query-input\":{\"@type\":\"PropertyValueSpecification\",\"valueRequired\":true,\"valueName\":\"search_term_string\"}}],\"inLanguage\":\"pt-BR\"},{\"@type\":\"Organization\",\"@id\":\"https:\\\/\\\/news.ecclesia.org.br\\\/#organization\",\"name\":\"Sacra Arquidiocese de Buenos Aires e Am\u00e9rica do Sul | Patriarcado Ecum\u00eanico\",\"alternateName\":\"News Ecclesia Brasil\",\"url\":\"https:\\\/\\\/news.ecclesia.org.br\\\/\",\"logo\":{\"@type\":\"ImageObject\",\"inLanguage\":\"pt-BR\",\"@id\":\"https:\\\/\\\/news.ecclesia.org.br\\\/#\\\/schema\\\/logo\\\/image\\\/\",\"url\":\"https:\\\/\\\/news.ecclesia.org.br\\\/wp-content\\\/uploads\\\/2025\\\/05\\\/ecclesia2.png\",\"contentUrl\":\"https:\\\/\\\/news.ecclesia.org.br\\\/wp-content\\\/uploads\\\/2025\\\/05\\\/ecclesia2.png\",\"width\":480,\"height\":120,\"caption\":\"Sacra Arquidiocese de Buenos Aires e Am\u00e9rica do Sul | Patriarcado Ecum\u00eanico\"},\"image\":{\"@id\":\"https:\\\/\\\/news.ecclesia.org.br\\\/#\\\/schema\\\/logo\\\/image\\\/\"},\"sameAs\":[\"https:\\\/\\\/www.facebook.com\\\/Ecclesia2025\",\"https:\\\/\\\/x.com\\\/EcclesiaNews\",\"https:\\\/\\\/br.pinterest.com\\\/ekklisia\\\/\",\"https:\\\/\\\/www.youtube.com\\\/@EcclesiaBrasil\"]},{\"@type\":\"Person\",\"@id\":\"https:\\\/\\\/news.ecclesia.org.br\\\/#\\\/schema\\\/person\\\/6f09597f025829745ba414a569f63758\",\"name\":\"Pe. Andr\u00e9\",\"image\":{\"@type\":\"ImageObject\",\"inLanguage\":\"pt-BR\",\"@id\":\"https:\\\/\\\/secure.gravatar.com\\\/avatar\\\/b4327cfa27e9799da239a26adcd534fc29cdc0c4a4a148eecbcfeb9b42c617ac?s=96&d=mm&r=g\",\"url\":\"https:\\\/\\\/secure.gravatar.com\\\/avatar\\\/b4327cfa27e9799da239a26adcd534fc29cdc0c4a4a148eecbcfeb9b42c617ac?s=96&d=mm&r=g\",\"contentUrl\":\"https:\\\/\\\/secure.gravatar.com\\\/avatar\\\/b4327cfa27e9799da239a26adcd534fc29cdc0c4a4a148eecbcfeb9b42c617ac?s=96&d=mm&r=g\",\"caption\":\"Pe. Andr\u00e9\"},\"sameAs\":[\"https:\\\/\\\/www.ecclesia.org.br\"]}]}<\/script>\n<!-- \/ Yoast SEO plugin. -->","yoast_head_json":{"title":"Visita pastoral do Arcebispo Dom Damakinos Mansour a Goi\u00e1s: Primeiro monast\u00e9rio do Patriarcado Antioquino na America do Sul | ECCLESIA NEWS","robots":{"index":"index","follow":"follow","max-snippet":"max-snippet:-1","max-image-preview":"max-image-preview:large","max-video-preview":"max-video-preview:-1"},"canonical":"https:\/\/news.ecclesia.org.br\/?p=26879","og_locale":"pt_BR","og_type":"article","og_title":"Visita pastoral do Arcebispo Dom Damakinos Mansour a Goi\u00e1s: Primeiro monast\u00e9rio do Patriarcado Antioquino na America do Sul | ECCLESIA NEWS","og_description":"O Arcebispo da Igreja Cat\u00f3lica Apost\u00f3lica Ortodoxa Antioquina, Dom Damaskinos Mansour, teve intensa semana em Goi\u00e1s. No \u00faltimo domingo, dia 24 de junho, celebrou a Divina Liturgia na Igreja S\u00e3o Nicolau em Goi\u00e2nia, com a presen\u00e7a de fi\u00e9is e de&#8230;","og_url":"https:\/\/news.ecclesia.org.br\/?p=26879","og_site_name":"ECCLESIA NEWS","article_publisher":"https:\/\/www.facebook.com\/Ecclesia2025","article_published_time":"2018-06-16T16:38:19+00:00","article_modified_time":"2019-08-16T16:46:52+00:00","og_image":[{"width":886,"height":847,"url":"https:\/\/news.ecclesia.org.br\/wp-content\/uploads\/2019\/08\/2018-06-16.jpg","type":"image\/jpeg"}],"author":"Pe. Andr\u00e9","twitter_card":"summary_large_image","twitter_creator":"@EcclesiaNews","twitter_site":"@EcclesiaNews","twitter_misc":{"Escrito por":"Pe. Andr\u00e9","Est. tempo de leitura":"1 minuto"},"schema":{"@context":"https:\/\/schema.org","@graph":[{"@type":"Article","@id":"https:\/\/news.ecclesia.org.br\/?p=26879#article","isPartOf":{"@id":"https:\/\/news.ecclesia.org.br\/?p=26879"},"author":{"name":"Pe. Andr\u00e9","@id":"https:\/\/news.ecclesia.org.br\/#\/schema\/person\/6f09597f025829745ba414a569f63758"},"headline":"Visita pastoral do Arcebispo Dom Damakinos Mansour a Goi\u00e1s: Primeiro monast\u00e9rio do Patriarcado Antioquino na America do Sul","datePublished":"2018-06-16T16:38:19+00:00","dateModified":"2019-08-16T16:46:52+00:00","mainEntityOfPage":{"@id":"https:\/\/news.ecclesia.org.br\/?p=26879"},"wordCount":140,"commentCount":0,"publisher":{"@id":"https:\/\/news.ecclesia.org.br\/#organization"},"image":{"@id":"https:\/\/news.ecclesia.org.br\/?p=26879#primaryimage"},"thumbnailUrl":"https:\/\/news.ecclesia.org.br\/wp-content\/uploads\/2019\/08\/2018-06-16.jpg","articleSection":["NEWS"],"inLanguage":"pt-BR","potentialAction":[{"@type":"CommentAction","name":"Comment","target":["https:\/\/news.ecclesia.org.br\/?p=26879#respond"]}]},{"@type":"WebPage","@id":"https:\/\/news.ecclesia.org.br\/?p=26879","url":"https:\/\/news.ecclesia.org.br\/?p=26879","name":"Visita pastoral do Arcebispo Dom Damakinos Mansour a Goi\u00e1s: Primeiro monast\u00e9rio do Patriarcado Antioquino na America do Sul | ECCLESIA NEWS","isPartOf":{"@id":"https:\/\/news.ecclesia.org.br\/#website"},"primaryImageOfPage":{"@id":"https:\/\/news.ecclesia.org.br\/?p=26879#primaryimage"},"image":{"@id":"https:\/\/news.ecclesia.org.br\/?p=26879#primaryimage"},"thumbnailUrl":"https:\/\/news.ecclesia.org.br\/wp-content\/uploads\/2019\/08\/2018-06-16.jpg","datePublished":"2018-06-16T16:38:19+00:00","dateModified":"2019-08-16T16:46:52+00:00","breadcrumb":{"@id":"https:\/\/news.ecclesia.org.br\/?p=26879#breadcrumb"},"inLanguage":"pt-BR","potentialAction":[{"@type":"ReadAction","target":["https:\/\/news.ecclesia.org.br\/?p=26879"]}]},{"@type":"ImageObject","inLanguage":"pt-BR","@id":"https:\/\/news.ecclesia.org.br\/?p=26879#primaryimage","url":"https:\/\/news.ecclesia.org.br\/wp-content\/uploads\/2019\/08\/2018-06-16.jpg","contentUrl":"https:\/\/news.ecclesia.org.br\/wp-content\/uploads\/2019\/08\/2018-06-16.jpg","width":886,"height":847},{"@type":"BreadcrumbList","@id":"https:\/\/news.ecclesia.org.br\/?p=26879#breadcrumb","itemListElement":[{"@type":"ListItem","position":1,"name":"In\u00edcio","item":"https:\/\/news.ecclesia.org.br\/"},{"@type":"ListItem","position":2,"name":"Visita pastoral do Arcebispo Dom Damakinos Mansour a Goi\u00e1s: Primeiro monast\u00e9rio do Patriarcado Antioquino na America do Sul"}]},{"@type":"WebSite","@id":"https:\/\/news.ecclesia.org.br\/#website","url":"https:\/\/news.ecclesia.org.br\/","name":"Ecclesia Brasil","description":"Desde 2003 onectando o Brasil ao mundo ortodoxo!","publisher":{"@id":"https:\/\/news.ecclesia.org.br\/#organization"},"alternateName":"Ecclesia","potentialAction":[{"@type":"SearchAction","target":{"@type":"EntryPoint","urlTemplate":"https:\/\/news.ecclesia.org.br\/?s={search_term_string}"},"query-input":{"@type":"PropertyValueSpecification","valueRequired":true,"valueName":"search_term_string"}}],"inLanguage":"pt-BR"},{"@type":"Organization","@id":"https:\/\/news.ecclesia.org.br\/#organization","name":"Sacra Arquidiocese de Buenos Aires e Am\u00e9rica do Sul | Patriarcado Ecum\u00eanico","alternateName":"News Ecclesia Brasil","url":"https:\/\/news.ecclesia.org.br\/","logo":{"@type":"ImageObject","inLanguage":"pt-BR","@id":"https:\/\/news.ecclesia.org.br\/#\/schema\/logo\/image\/","url":"https:\/\/news.ecclesia.org.br\/wp-content\/uploads\/2025\/05\/ecclesia2.png","contentUrl":"https:\/\/news.ecclesia.org.br\/wp-content\/uploads\/2025\/05\/ecclesia2.png","width":480,"height":120,"caption":"Sacra Arquidiocese de Buenos Aires e Am\u00e9rica do Sul | Patriarcado Ecum\u00eanico"},"image":{"@id":"https:\/\/news.ecclesia.org.br\/#\/schema\/logo\/image\/"},"sameAs":["https:\/\/www.facebook.com\/Ecclesia2025","https:\/\/x.com\/EcclesiaNews","https:\/\/br.pinterest.com\/ekklisia\/","https:\/\/www.youtube.com\/@EcclesiaBrasil"]},{"@type":"Person","@id":"https:\/\/news.ecclesia.org.br\/#\/schema\/person\/6f09597f025829745ba414a569f63758","name":"Pe. Andr\u00e9","image":{"@type":"ImageObject","inLanguage":"pt-BR","@id":"https:\/\/secure.gravatar.com\/avatar\/b4327cfa27e9799da239a26adcd534fc29cdc0c4a4a148eecbcfeb9b42c617ac?s=96&d=mm&r=g","url":"https:\/\/secure.gravatar.com\/avatar\/b4327cfa27e9799da239a26adcd534fc29cdc0c4a4a148eecbcfeb9b42c617ac?s=96&d=mm&r=g","contentUrl":"https:\/\/secure.gravatar.com\/avatar\/b4327cfa27e9799da239a26adcd534fc29cdc0c4a4a148eecbcfeb9b42c617ac?s=96&d=mm&r=g","caption":"Pe. Andr\u00e9"},"sameAs":["https:\/\/www.ecclesia.org.br"]}]}},"_links":{"self":[{"href":"https:\/\/news.ecclesia.org.br\/index.php?rest_route=\/wp\/v2\/posts\/26879","targetHints":{"allow":["GET"]}}],"collection":[{"href":"https:\/\/news.ecclesia.org.br\/index.php?rest_route=\/wp\/v2\/posts"}],"about":[{"href":"https:\/\/news.ecclesia.org.br\/index.php?rest_route=\/wp\/v2\/types\/post"}],"author":[{"embeddable":true,"href":"https:\/\/news.ecclesia.org.br\/index.php?rest_route=\/wp\/v2\/users\/1"}],"replies":[{"embeddable":true,"href":"https:\/\/news.ecclesia.org.br\/index.php?rest_route=%2Fwp%2Fv2%2Fcomments&post=26879"}],"version-history":[{"count":0,"href":"https:\/\/news.ecclesia.org.br\/index.php?rest_route=\/wp\/v2\/posts\/26879\/revisions"}],"wp:featuredmedia":[{"embeddable":true,"href":"https:\/\/news.ecclesia.org.br\/index.php?rest_route=\/wp\/v2\/media\/26880"}],"wp:attachment":[{"href":"https:\/\/news.ecclesia.org.br\/index.php?rest_route=%2Fwp%2Fv2%2Fmedia&parent=26879"}],"wp:term":[{"taxonomy":"category","embeddable":true,"href":"https:\/\/news.ecclesia.org.br\/index.php?rest_route=%2Fwp%2Fv2%2Fcategories&post=26879"},{"taxonomy":"post_tag","embeddable":true,"href":"https:\/\/news.ecclesia.org.br\/index.php?rest_route=%2Fwp%2Fv2%2Ftags&post=26879"}],"curies":[{"name":"wp","href":"https:\/\/api.w.org\/{rel}","templated":true}]}}