{"id":26861,"date":"2019-07-22T13:29:55","date_gmt":"2019-07-22T13:29:55","guid":{"rendered":"https:\/\/news.ecclesia.org.br\/?p=26861"},"modified":"2021-07-30T15:58:21","modified_gmt":"2021-07-30T18:58:21","slug":"dom-elpidophoro-arcebispo-da-america-a-invasao-do-chipre-continua-ate-hoje-uma-terrivel-injustica","status":"publish","type":"post","link":"https:\/\/news.ecclesia.org.br\/?p=26861","title":{"rendered":"Dom Elpidophoro, Arcebispo da Am\u00e9rica: \u00abA invas\u00e3o do Chipre continua at\u00e9 hoje uma terr\u00edvel injusti\u00e7a\u00bb"},"content":{"rendered":"<p>O Arcebispo da Am\u00e9rica (Patriarcado Ecum\u00eanico), Dom Elpidoforo, enviou a seguinte enc\u00edclica, datada de 18 de julho de 2019, \u00e0 comunidade grega da Am\u00e9rica, sobre o problema de Chipre:<\/p>\n<blockquote><p>Queridos irm\u00e3os e irm\u00e3s em Cristo<\/p>\n<p>&nbsp;<\/p>\n<p style=\"text-align: justify;\">Como muitos de voc\u00eas sabem, este dia (18 de julho) marca um evento muito importante na hist\u00f3ria dos gregos e da di\u00e1spora grega (<em>Omogeneia<\/em>). A invas\u00e3o do ex\u00e9rcito turco em Chipre h\u00e1 45 anos, o consequente deslocamento de seus habitantes, que se tornaram refugiados em sua pr\u00f3pria p\u00e1tria, e a for\u00e7ada divis\u00e3o da ilha, permanecem at\u00e9 agora uma terr\u00edvel injusti\u00e7a. N\u00e3o podemos esquecer que a Igreja de Chipre foi fundada pelos Ap\u00f3stolos Paulo, Barnab\u00e9 e Marcos Evangelista, e que \u00e9 uma Igreja que recebeu o status de autocefalia por decis\u00e3o de um Conc\u00edlio Ecum\u00eanico (\u00c9feso, 431). Esta ilha, cujo povo, com uma hist\u00f3ria de mais de dez mil anos, sofreu muito ao longo dos s\u00e9culos, enfrentando todos os tipos de prova\u00e7\u00f5es e tribula\u00e7\u00f5es. Somos chamados a rezar, n\u00e3o apenas como irm\u00e3os e irm\u00e3s ortodoxos, mas tamb\u00e9m como seres humanos, por justi\u00e7a e por uma pronta solu\u00e7\u00e3o para Chipre. Viol\u00eancia s\u00f3 gera viol\u00eancia, e os poderes e estados que est\u00e3o para al\u00e9m das \u00e1guas de Chipre devem negociar com esse pa\u00eds, e n\u00e3o interferir. Apenas os cipriotas podem alcan\u00e7ar a paz. Neste dia, quando lamentamos as vidas perdidas, a destrui\u00e7\u00e3o de monumentos e a viol\u00eancia, que jamais poder\u00e1 ser solu\u00e7\u00e3o para a fam\u00edlia humana, al\u00e9m de nossas ora\u00e7\u00f5es, celebramos com honra a mem\u00f3ria daqueles que descansam em paz. Juntemo-nos aos que podem ajudar e incentivar nossos parceiros confi\u00e1veis \u200b\u200ba encontrar solu\u00e7\u00f5es. Como americanos, podemos fazer muito mais atrav\u00e9s do nosso governo. Chipre \u00e9 uma quest\u00e3o moral para todo homem, mas muito mais para n\u00f3s, que compartilhamos a mesma f\u00e9 e, al\u00e9m disso, o mesmo sangue nos une aos irm\u00e3os cipriotas. Que Deus providencie uma solu\u00e7\u00e3o r\u00e1pida e justa para todos os cipriotas e lhes conceda esperan\u00e7a, justi\u00e7a e a re-uni\u00e3o nacional, o que leva \u00e0 paz e prosperidade para todos.<\/p>\n<p style=\"text-align: center;\">Com amor paterno, no Senhor Jesus Cristo,<\/p>\n<\/blockquote>\n<p style=\"text-align: center;\"><span style=\"color: #ff0000;\">\u2720<\/span> Elpidoforo<br \/>\nArcebispo da Am\u00e9rica<\/p>\n","protected":false},"excerpt":{"rendered":"<p>O Arcebispo da Am\u00e9rica (Patriarcado Ecum\u00eanico), Dom Elpidoforo, enviou a seguinte enc\u00edclica, datada de 18 de julho de 2019, \u00e0 comunidade grega da Am\u00e9rica, sobre o problema de Chipre: Queridos irm\u00e3os e irm\u00e3s em Cristo &nbsp; Como muitos de voc\u00eas&#8230;<\/p>\n","protected":false},"author":1,"featured_media":26862,"comment_status":"open","ping_status":"open","sticky":false,"template":"","format":"standard","meta":{"_acf_changed":false,"footnotes":""},"categories":[1],"tags":[],"class_list":["post-26861","post","type-post","status-publish","format-standard","has-post-thumbnail","hentry","category-news","entry","rows-excerpt"],"acf":[],"yoast_head":"<!-- This site is optimized with the Yoast SEO plugin v27.4 - https:\/\/yoast.com\/product\/yoast-seo-wordpress\/ -->\n<title>Dom Elpidophoro, Arcebispo da Am\u00e9rica: \u00abA invas\u00e3o do Chipre continua at\u00e9 hoje uma terr\u00edvel injusti\u00e7a\u00bb | ECCLESIA NEWS<\/title>\n<meta name=\"robots\" content=\"index, follow, max-snippet:-1, max-image-preview:large, max-video-preview:-1\" \/>\n<link rel=\"canonical\" href=\"https:\/\/news.ecclesia.org.br\/?p=26861\" \/>\n<meta property=\"og:locale\" content=\"pt_BR\" \/>\n<meta property=\"og:type\" content=\"article\" \/>\n<meta property=\"og:title\" content=\"Dom Elpidophoro, Arcebispo da Am\u00e9rica: \u00abA invas\u00e3o do Chipre continua at\u00e9 hoje uma terr\u00edvel injusti\u00e7a\u00bb | ECCLESIA NEWS\" \/>\n<meta property=\"og:description\" content=\"O Arcebispo da Am\u00e9rica (Patriarcado Ecum\u00eanico), Dom Elpidoforo, enviou a seguinte enc\u00edclica, datada de 18 de julho de 2019, \u00e0 comunidade grega da Am\u00e9rica, sobre o problema de Chipre: Queridos irm\u00e3os e irm\u00e3s em Cristo &nbsp; Como muitos de voc\u00eas&#8230;\" \/>\n<meta property=\"og:url\" content=\"https:\/\/news.ecclesia.org.br\/?p=26861\" \/>\n<meta property=\"og:site_name\" content=\"ECCLESIA NEWS\" \/>\n<meta property=\"article:publisher\" content=\"https:\/\/www.facebook.com\/Ecclesia2025\" \/>\n<meta property=\"article:published_time\" content=\"2019-07-22T13:29:55+00:00\" \/>\n<meta property=\"article:modified_time\" content=\"2021-07-30T18:58:21+00:00\" \/>\n<meta property=\"og:image\" content=\"https:\/\/news.ecclesia.org.br\/wp-content\/uploads\/2019\/07\/elpifoforos.jpg\" \/>\n\t<meta property=\"og:image:width\" content=\"1024\" \/>\n\t<meta property=\"og:image:height\" content=\"682\" \/>\n\t<meta property=\"og:image:type\" content=\"image\/jpeg\" \/>\n<meta name=\"author\" content=\"Pe. Andr\u00e9\" \/>\n<meta name=\"twitter:card\" content=\"summary_large_image\" \/>\n<meta name=\"twitter:creator\" content=\"@EcclesiaNews\" \/>\n<meta name=\"twitter:site\" content=\"@EcclesiaNews\" \/>\n<meta name=\"twitter:label1\" content=\"Escrito por\" \/>\n\t<meta name=\"twitter:data1\" content=\"Pe. Andr\u00e9\" \/>\n\t<meta name=\"twitter:label2\" content=\"Est. tempo de leitura\" \/>\n\t<meta name=\"twitter:data2\" content=\"2 minutos\" \/>\n<script type=\"application\/ld+json\" class=\"yoast-schema-graph\">{\"@context\":\"https:\\\/\\\/schema.org\",\"@graph\":[{\"@type\":\"Article\",\"@id\":\"https:\\\/\\\/news.ecclesia.org.br\\\/?p=26861#article\",\"isPartOf\":{\"@id\":\"https:\\\/\\\/news.ecclesia.org.br\\\/?p=26861\"},\"author\":{\"name\":\"Pe. Andr\u00e9\",\"@id\":\"https:\\\/\\\/news.ecclesia.org.br\\\/#\\\/schema\\\/person\\\/6f09597f025829745ba414a569f63758\"},\"headline\":\"Dom Elpidophoro, Arcebispo da Am\u00e9rica: \u00abA invas\u00e3o do Chipre continua at\u00e9 hoje uma terr\u00edvel injusti\u00e7a\u00bb\",\"datePublished\":\"2019-07-22T13:29:55+00:00\",\"dateModified\":\"2021-07-30T18:58:21+00:00\",\"mainEntityOfPage\":{\"@id\":\"https:\\\/\\\/news.ecclesia.org.br\\\/?p=26861\"},\"wordCount\":415,\"commentCount\":0,\"publisher\":{\"@id\":\"https:\\\/\\\/news.ecclesia.org.br\\\/#organization\"},\"image\":{\"@id\":\"https:\\\/\\\/news.ecclesia.org.br\\\/?p=26861#primaryimage\"},\"thumbnailUrl\":\"https:\\\/\\\/news.ecclesia.org.br\\\/wp-content\\\/uploads\\\/2019\\\/07\\\/elpifoforos.jpg\",\"articleSection\":[\"NEWS\"],\"inLanguage\":\"pt-BR\",\"potentialAction\":[{\"@type\":\"CommentAction\",\"name\":\"Comment\",\"target\":[\"https:\\\/\\\/news.ecclesia.org.br\\\/?p=26861#respond\"]}]},{\"@type\":\"WebPage\",\"@id\":\"https:\\\/\\\/news.ecclesia.org.br\\\/?p=26861\",\"url\":\"https:\\\/\\\/news.ecclesia.org.br\\\/?p=26861\",\"name\":\"Dom Elpidophoro, Arcebispo da Am\u00e9rica: \u00abA invas\u00e3o do Chipre continua at\u00e9 hoje uma terr\u00edvel injusti\u00e7a\u00bb | ECCLESIA NEWS\",\"isPartOf\":{\"@id\":\"https:\\\/\\\/news.ecclesia.org.br\\\/#website\"},\"primaryImageOfPage\":{\"@id\":\"https:\\\/\\\/news.ecclesia.org.br\\\/?p=26861#primaryimage\"},\"image\":{\"@id\":\"https:\\\/\\\/news.ecclesia.org.br\\\/?p=26861#primaryimage\"},\"thumbnailUrl\":\"https:\\\/\\\/news.ecclesia.org.br\\\/wp-content\\\/uploads\\\/2019\\\/07\\\/elpifoforos.jpg\",\"datePublished\":\"2019-07-22T13:29:55+00:00\",\"dateModified\":\"2021-07-30T18:58:21+00:00\",\"breadcrumb\":{\"@id\":\"https:\\\/\\\/news.ecclesia.org.br\\\/?p=26861#breadcrumb\"},\"inLanguage\":\"pt-BR\",\"potentialAction\":[{\"@type\":\"ReadAction\",\"target\":[\"https:\\\/\\\/news.ecclesia.org.br\\\/?p=26861\"]}]},{\"@type\":\"ImageObject\",\"inLanguage\":\"pt-BR\",\"@id\":\"https:\\\/\\\/news.ecclesia.org.br\\\/?p=26861#primaryimage\",\"url\":\"https:\\\/\\\/news.ecclesia.org.br\\\/wp-content\\\/uploads\\\/2019\\\/07\\\/elpifoforos.jpg\",\"contentUrl\":\"https:\\\/\\\/news.ecclesia.org.br\\\/wp-content\\\/uploads\\\/2019\\\/07\\\/elpifoforos.jpg\",\"width\":1024,\"height\":682,\"caption\":\"On Thursday, June, 20, 2019, Archbishop Elpidophoros gathered together with clergy and their families from the Direct Archdiocesan District at Terrace on the Park.\"},{\"@type\":\"BreadcrumbList\",\"@id\":\"https:\\\/\\\/news.ecclesia.org.br\\\/?p=26861#breadcrumb\",\"itemListElement\":[{\"@type\":\"ListItem\",\"position\":1,\"name\":\"In\u00edcio\",\"item\":\"https:\\\/\\\/news.ecclesia.org.br\\\/\"},{\"@type\":\"ListItem\",\"position\":2,\"name\":\"Dom Elpidophoro, Arcebispo da Am\u00e9rica: \u00abA invas\u00e3o do Chipre continua at\u00e9 hoje uma terr\u00edvel injusti\u00e7a\u00bb\"}]},{\"@type\":\"WebSite\",\"@id\":\"https:\\\/\\\/news.ecclesia.org.br\\\/#website\",\"url\":\"https:\\\/\\\/news.ecclesia.org.br\\\/\",\"name\":\"Ecclesia Brasil\",\"description\":\"Desde 2003 onectando o Brasil ao mundo ortodoxo!\",\"publisher\":{\"@id\":\"https:\\\/\\\/news.ecclesia.org.br\\\/#organization\"},\"alternateName\":\"Ecclesia\",\"potentialAction\":[{\"@type\":\"SearchAction\",\"target\":{\"@type\":\"EntryPoint\",\"urlTemplate\":\"https:\\\/\\\/news.ecclesia.org.br\\\/?s={search_term_string}\"},\"query-input\":{\"@type\":\"PropertyValueSpecification\",\"valueRequired\":true,\"valueName\":\"search_term_string\"}}],\"inLanguage\":\"pt-BR\"},{\"@type\":\"Organization\",\"@id\":\"https:\\\/\\\/news.ecclesia.org.br\\\/#organization\",\"name\":\"Sacra Arquidiocese de Buenos Aires e Am\u00e9rica do Sul | Patriarcado Ecum\u00eanico\",\"alternateName\":\"News Ecclesia Brasil\",\"url\":\"https:\\\/\\\/news.ecclesia.org.br\\\/\",\"logo\":{\"@type\":\"ImageObject\",\"inLanguage\":\"pt-BR\",\"@id\":\"https:\\\/\\\/news.ecclesia.org.br\\\/#\\\/schema\\\/logo\\\/image\\\/\",\"url\":\"https:\\\/\\\/news.ecclesia.org.br\\\/wp-content\\\/uploads\\\/2025\\\/05\\\/ecclesia2.png\",\"contentUrl\":\"https:\\\/\\\/news.ecclesia.org.br\\\/wp-content\\\/uploads\\\/2025\\\/05\\\/ecclesia2.png\",\"width\":480,\"height\":120,\"caption\":\"Sacra Arquidiocese de Buenos Aires e Am\u00e9rica do Sul | Patriarcado Ecum\u00eanico\"},\"image\":{\"@id\":\"https:\\\/\\\/news.ecclesia.org.br\\\/#\\\/schema\\\/logo\\\/image\\\/\"},\"sameAs\":[\"https:\\\/\\\/www.facebook.com\\\/Ecclesia2025\",\"https:\\\/\\\/x.com\\\/EcclesiaNews\",\"https:\\\/\\\/br.pinterest.com\\\/ekklisia\\\/\",\"https:\\\/\\\/www.youtube.com\\\/@EcclesiaBrasil\"]},{\"@type\":\"Person\",\"@id\":\"https:\\\/\\\/news.ecclesia.org.br\\\/#\\\/schema\\\/person\\\/6f09597f025829745ba414a569f63758\",\"name\":\"Pe. Andr\u00e9\",\"image\":{\"@type\":\"ImageObject\",\"inLanguage\":\"pt-BR\",\"@id\":\"https:\\\/\\\/secure.gravatar.com\\\/avatar\\\/b4327cfa27e9799da239a26adcd534fc29cdc0c4a4a148eecbcfeb9b42c617ac?s=96&d=mm&r=g\",\"url\":\"https:\\\/\\\/secure.gravatar.com\\\/avatar\\\/b4327cfa27e9799da239a26adcd534fc29cdc0c4a4a148eecbcfeb9b42c617ac?s=96&d=mm&r=g\",\"contentUrl\":\"https:\\\/\\\/secure.gravatar.com\\\/avatar\\\/b4327cfa27e9799da239a26adcd534fc29cdc0c4a4a148eecbcfeb9b42c617ac?s=96&d=mm&r=g\",\"caption\":\"Pe. Andr\u00e9\"},\"sameAs\":[\"https:\\\/\\\/www.ecclesia.org.br\"]}]}<\/script>\n<!-- \/ Yoast SEO plugin. -->","yoast_head_json":{"title":"Dom Elpidophoro, Arcebispo da Am\u00e9rica: \u00abA invas\u00e3o do Chipre continua at\u00e9 hoje uma terr\u00edvel injusti\u00e7a\u00bb | ECCLESIA NEWS","robots":{"index":"index","follow":"follow","max-snippet":"max-snippet:-1","max-image-preview":"max-image-preview:large","max-video-preview":"max-video-preview:-1"},"canonical":"https:\/\/news.ecclesia.org.br\/?p=26861","og_locale":"pt_BR","og_type":"article","og_title":"Dom Elpidophoro, Arcebispo da Am\u00e9rica: \u00abA invas\u00e3o do Chipre continua at\u00e9 hoje uma terr\u00edvel injusti\u00e7a\u00bb | ECCLESIA NEWS","og_description":"O Arcebispo da Am\u00e9rica (Patriarcado Ecum\u00eanico), Dom Elpidoforo, enviou a seguinte enc\u00edclica, datada de 18 de julho de 2019, \u00e0 comunidade grega da Am\u00e9rica, sobre o problema de Chipre: Queridos irm\u00e3os e irm\u00e3s em Cristo &nbsp; Como muitos de voc\u00eas&#8230;","og_url":"https:\/\/news.ecclesia.org.br\/?p=26861","og_site_name":"ECCLESIA NEWS","article_publisher":"https:\/\/www.facebook.com\/Ecclesia2025","article_published_time":"2019-07-22T13:29:55+00:00","article_modified_time":"2021-07-30T18:58:21+00:00","og_image":[{"width":1024,"height":682,"url":"https:\/\/news.ecclesia.org.br\/wp-content\/uploads\/2019\/07\/elpifoforos.jpg","type":"image\/jpeg"}],"author":"Pe. Andr\u00e9","twitter_card":"summary_large_image","twitter_creator":"@EcclesiaNews","twitter_site":"@EcclesiaNews","twitter_misc":{"Escrito por":"Pe. Andr\u00e9","Est. tempo de leitura":"2 minutos"},"schema":{"@context":"https:\/\/schema.org","@graph":[{"@type":"Article","@id":"https:\/\/news.ecclesia.org.br\/?p=26861#article","isPartOf":{"@id":"https:\/\/news.ecclesia.org.br\/?p=26861"},"author":{"name":"Pe. Andr\u00e9","@id":"https:\/\/news.ecclesia.org.br\/#\/schema\/person\/6f09597f025829745ba414a569f63758"},"headline":"Dom Elpidophoro, Arcebispo da Am\u00e9rica: \u00abA invas\u00e3o do Chipre continua at\u00e9 hoje uma terr\u00edvel injusti\u00e7a\u00bb","datePublished":"2019-07-22T13:29:55+00:00","dateModified":"2021-07-30T18:58:21+00:00","mainEntityOfPage":{"@id":"https:\/\/news.ecclesia.org.br\/?p=26861"},"wordCount":415,"commentCount":0,"publisher":{"@id":"https:\/\/news.ecclesia.org.br\/#organization"},"image":{"@id":"https:\/\/news.ecclesia.org.br\/?p=26861#primaryimage"},"thumbnailUrl":"https:\/\/news.ecclesia.org.br\/wp-content\/uploads\/2019\/07\/elpifoforos.jpg","articleSection":["NEWS"],"inLanguage":"pt-BR","potentialAction":[{"@type":"CommentAction","name":"Comment","target":["https:\/\/news.ecclesia.org.br\/?p=26861#respond"]}]},{"@type":"WebPage","@id":"https:\/\/news.ecclesia.org.br\/?p=26861","url":"https:\/\/news.ecclesia.org.br\/?p=26861","name":"Dom Elpidophoro, Arcebispo da Am\u00e9rica: \u00abA invas\u00e3o do Chipre continua at\u00e9 hoje uma terr\u00edvel injusti\u00e7a\u00bb | ECCLESIA NEWS","isPartOf":{"@id":"https:\/\/news.ecclesia.org.br\/#website"},"primaryImageOfPage":{"@id":"https:\/\/news.ecclesia.org.br\/?p=26861#primaryimage"},"image":{"@id":"https:\/\/news.ecclesia.org.br\/?p=26861#primaryimage"},"thumbnailUrl":"https:\/\/news.ecclesia.org.br\/wp-content\/uploads\/2019\/07\/elpifoforos.jpg","datePublished":"2019-07-22T13:29:55+00:00","dateModified":"2021-07-30T18:58:21+00:00","breadcrumb":{"@id":"https:\/\/news.ecclesia.org.br\/?p=26861#breadcrumb"},"inLanguage":"pt-BR","potentialAction":[{"@type":"ReadAction","target":["https:\/\/news.ecclesia.org.br\/?p=26861"]}]},{"@type":"ImageObject","inLanguage":"pt-BR","@id":"https:\/\/news.ecclesia.org.br\/?p=26861#primaryimage","url":"https:\/\/news.ecclesia.org.br\/wp-content\/uploads\/2019\/07\/elpifoforos.jpg","contentUrl":"https:\/\/news.ecclesia.org.br\/wp-content\/uploads\/2019\/07\/elpifoforos.jpg","width":1024,"height":682,"caption":"On Thursday, June, 20, 2019, Archbishop Elpidophoros gathered together with clergy and their families from the Direct Archdiocesan District at Terrace on the Park."},{"@type":"BreadcrumbList","@id":"https:\/\/news.ecclesia.org.br\/?p=26861#breadcrumb","itemListElement":[{"@type":"ListItem","position":1,"name":"In\u00edcio","item":"https:\/\/news.ecclesia.org.br\/"},{"@type":"ListItem","position":2,"name":"Dom Elpidophoro, Arcebispo da Am\u00e9rica: \u00abA invas\u00e3o do Chipre continua at\u00e9 hoje uma terr\u00edvel injusti\u00e7a\u00bb"}]},{"@type":"WebSite","@id":"https:\/\/news.ecclesia.org.br\/#website","url":"https:\/\/news.ecclesia.org.br\/","name":"Ecclesia Brasil","description":"Desde 2003 onectando o Brasil ao mundo ortodoxo!","publisher":{"@id":"https:\/\/news.ecclesia.org.br\/#organization"},"alternateName":"Ecclesia","potentialAction":[{"@type":"SearchAction","target":{"@type":"EntryPoint","urlTemplate":"https:\/\/news.ecclesia.org.br\/?s={search_term_string}"},"query-input":{"@type":"PropertyValueSpecification","valueRequired":true,"valueName":"search_term_string"}}],"inLanguage":"pt-BR"},{"@type":"Organization","@id":"https:\/\/news.ecclesia.org.br\/#organization","name":"Sacra Arquidiocese de Buenos Aires e Am\u00e9rica do Sul | Patriarcado Ecum\u00eanico","alternateName":"News Ecclesia Brasil","url":"https:\/\/news.ecclesia.org.br\/","logo":{"@type":"ImageObject","inLanguage":"pt-BR","@id":"https:\/\/news.ecclesia.org.br\/#\/schema\/logo\/image\/","url":"https:\/\/news.ecclesia.org.br\/wp-content\/uploads\/2025\/05\/ecclesia2.png","contentUrl":"https:\/\/news.ecclesia.org.br\/wp-content\/uploads\/2025\/05\/ecclesia2.png","width":480,"height":120,"caption":"Sacra Arquidiocese de Buenos Aires e Am\u00e9rica do Sul | Patriarcado Ecum\u00eanico"},"image":{"@id":"https:\/\/news.ecclesia.org.br\/#\/schema\/logo\/image\/"},"sameAs":["https:\/\/www.facebook.com\/Ecclesia2025","https:\/\/x.com\/EcclesiaNews","https:\/\/br.pinterest.com\/ekklisia\/","https:\/\/www.youtube.com\/@EcclesiaBrasil"]},{"@type":"Person","@id":"https:\/\/news.ecclesia.org.br\/#\/schema\/person\/6f09597f025829745ba414a569f63758","name":"Pe. Andr\u00e9","image":{"@type":"ImageObject","inLanguage":"pt-BR","@id":"https:\/\/secure.gravatar.com\/avatar\/b4327cfa27e9799da239a26adcd534fc29cdc0c4a4a148eecbcfeb9b42c617ac?s=96&d=mm&r=g","url":"https:\/\/secure.gravatar.com\/avatar\/b4327cfa27e9799da239a26adcd534fc29cdc0c4a4a148eecbcfeb9b42c617ac?s=96&d=mm&r=g","contentUrl":"https:\/\/secure.gravatar.com\/avatar\/b4327cfa27e9799da239a26adcd534fc29cdc0c4a4a148eecbcfeb9b42c617ac?s=96&d=mm&r=g","caption":"Pe. Andr\u00e9"},"sameAs":["https:\/\/www.ecclesia.org.br"]}]}},"_links":{"self":[{"href":"https:\/\/news.ecclesia.org.br\/index.php?rest_route=\/wp\/v2\/posts\/26861","targetHints":{"allow":["GET"]}}],"collection":[{"href":"https:\/\/news.ecclesia.org.br\/index.php?rest_route=\/wp\/v2\/posts"}],"about":[{"href":"https:\/\/news.ecclesia.org.br\/index.php?rest_route=\/wp\/v2\/types\/post"}],"author":[{"embeddable":true,"href":"https:\/\/news.ecclesia.org.br\/index.php?rest_route=\/wp\/v2\/users\/1"}],"replies":[{"embeddable":true,"href":"https:\/\/news.ecclesia.org.br\/index.php?rest_route=%2Fwp%2Fv2%2Fcomments&post=26861"}],"version-history":[{"count":1,"href":"https:\/\/news.ecclesia.org.br\/index.php?rest_route=\/wp\/v2\/posts\/26861\/revisions"}],"predecessor-version":[{"id":38592,"href":"https:\/\/news.ecclesia.org.br\/index.php?rest_route=\/wp\/v2\/posts\/26861\/revisions\/38592"}],"wp:featuredmedia":[{"embeddable":true,"href":"https:\/\/news.ecclesia.org.br\/index.php?rest_route=\/wp\/v2\/media\/26862"}],"wp:attachment":[{"href":"https:\/\/news.ecclesia.org.br\/index.php?rest_route=%2Fwp%2Fv2%2Fmedia&parent=26861"}],"wp:term":[{"taxonomy":"category","embeddable":true,"href":"https:\/\/news.ecclesia.org.br\/index.php?rest_route=%2Fwp%2Fv2%2Fcategories&post=26861"},{"taxonomy":"post_tag","embeddable":true,"href":"https:\/\/news.ecclesia.org.br\/index.php?rest_route=%2Fwp%2Fv2%2Ftags&post=26861"}],"curies":[{"name":"wp","href":"https:\/\/api.w.org\/{rel}","templated":true}]}}