{"id":26855,"date":"2019-07-18T20:16:13","date_gmt":"2019-07-18T20:16:13","guid":{"rendered":"https:\/\/news.ecclesia.org.br\/?p=26855"},"modified":"2021-07-30T15:58:48","modified_gmt":"2021-07-30T18:58:48","slug":"o-presente-historico-do-papa-francisco-de-roma-ao-patriarcado-ecumenico-de-constantinopla-mais-um-passo-em-direcao-a-unidade","status":"publish","type":"post","link":"https:\/\/news.ecclesia.org.br\/?p=26855","title":{"rendered":"O presente hist\u00f3rico do Papa Francisco de Roma ao Patriarcado Ecum\u00eanico de Constantinopla: \u00abmais um passo em dire\u00e7\u00e3o \u00e0 unidade\u00bb"},"content":{"rendered":"<p style=\"text-align: justify;\">11 de julho de 2019 &#8212; O Arcebispo Job de Telmesos, representante permanente do Patriarcado Ecum\u00eanico perante o Conselho Mundial de Igrejas (CMI), reuniu-se com o WCC News para falar sobre o extraordin\u00e1rio presente que o Papa Francisco (de Roma) lhe deu em 29 de junho \u00faltimo.<\/p>\n<p><strong>WCC News: Que presente o Papa Francisco deu ao Patriarcado Ecum\u00eanico de Constantinopla em 29 de junho?<\/strong><\/p>\n<blockquote>\n<p style=\"text-align: justify;\"><strong>Arcebispo Job:<\/strong> Algo muito especial, precioso e totalmente inesperado! No dia 29 de junho, dia da festa dos Santos Ap\u00f3stolos Pedro e Paulo nas igrejas cat\u00f3lico-romana e ortodoxa, depois da missa papal, quando fui com Sua Santidade o Papa Francisco rezar diante do t\u00famulo de S\u00e3o Pedro, ele me disse: \u00abEspere por mim depois. Eu tenho um presente para dar \u00e0 Igreja de Constantinopla. Ocorreu-me ontem \u00e0 noite durante a ora\u00e7\u00e3o\u00bb. Depois de uma breve parada na sacristia, o Papa Francisco me disse: \u00abVamos\u00bb. Sentado em seu pequeno e simples Ford, perguntei-lhe: \u00abSantidade, para onde estamos indo?\u00bb \u00abPara o pal\u00e1cio papal\u00bb. Quando chegamos l\u00e1, paramos na capela do papa, achei que ele queria me mostrar algo ou parar para fazer uma ora\u00e7\u00e3o&#8230; mas depois ele explicou: \u00abEsta capela foi constru\u00edda pelo falecido papa Paulo VI. Trouxe para c\u00e1 algumas rel\u00edquias de S\u00e3o Pedro da bas\u00edlica. Eu n\u00e3o vivo aqui, n\u00e3o uso a capela. Durante a ora\u00e7\u00e3o na noite passada, eu pensei&#8230; estas rel\u00edquias sagradas ficariam bem em Constantinopla, no Fanar. Ent\u00e3o, aqui as tens; leva contigo e as entregue ao meu irm\u00e3o, Sua Santidade, o Patriarca Ecum\u00eanico Bartolomeu. Este presente n\u00e3o fa\u00e7o eu, mas Deus \u00e9 quem o faz\u00bb.<\/p>\n<\/blockquote>\n<p><strong>WCC News: E, v\u00ea a chegada desse presente como um momento extraordin\u00e1rio da hist\u00f3ria?<\/strong><\/p>\n<blockquote>\n<figure id=\"attachment_26857\" aria-describedby=\"caption-attachment-26857\" style=\"width: 300px\" class=\"wp-caption alignleft\"><a href=\"https:\/\/news.ecclesia.org.br\/wp-content\/uploads\/2019\/07\/reliquias-apostolo-pedro-2019-detalhe.jpg\"><img decoding=\"async\" class=\"size-medium wp-image-26857\" src=\"https:\/\/news.ecclesia.org.br\/wp-content\/uploads\/2019\/07\/reliquias-apostolo-pedro-2019-detalhe-300x145.jpg\" alt=\"\" width=\"300\" height=\"145\" srcset=\"https:\/\/news.ecclesia.org.br\/wp-content\/uploads\/2019\/07\/reliquias-apostolo-pedro-2019-detalhe-300x145.jpg 300w, https:\/\/news.ecclesia.org.br\/wp-content\/uploads\/2019\/07\/reliquias-apostolo-pedro-2019-detalhe-768x372.jpg 768w, https:\/\/news.ecclesia.org.br\/wp-content\/uploads\/2019\/07\/reliquias-apostolo-pedro-2019-detalhe-1024x496.jpg 1024w, https:\/\/news.ecclesia.org.br\/wp-content\/uploads\/2019\/07\/reliquias-apostolo-pedro-2019-detalhe-113x55.jpg 113w, https:\/\/news.ecclesia.org.br\/wp-content\/uploads\/2019\/07\/reliquias-apostolo-pedro-2019-detalhe.jpg 1477w\" sizes=\"(max-width: 300px) 100vw, 300px\" \/><\/a><figcaption id=\"caption-attachment-26857\" class=\"wp-caption-text\">Detalhe do relic\u00e1rio com as rel\u00edquias do Ap\u00f3stolo S. Pedro.<\/figcaption><\/figure>\n<p style=\"text-align: justify;\"><strong>Arcebispo Job:<\/strong> Sim, claro! A chegada deste presente \u00e9, sem d\u00favida, um momento extraordin\u00e1rio na hist\u00f3ria, uma vez que as rel\u00edquias de S\u00e3o Pedro sempre estiveram em Roma, na bas\u00edlica, e nunca a deixaram. Na verdade, foram descobertas na d\u00e9cada de 1950, quando Margherita Guardacci realizou escava\u00e7\u00f5es arqueol\u00f3gicas sob a bas\u00edlica. Ossos foram encontrados em um pequeno nicho perto de uma parede com a inscri\u00e7\u00e3o grega: \u00abPetros eni\u00bb: \u00abPedro est\u00e1 aqui\u00bb. An\u00e1lises cient\u00edficas revelaram que os restos pertenciam a um homem que viveu no in\u00edcio do primeiro s\u00e9culo, tinha uma forte constitui\u00e7\u00e3o e morreu em idade avan\u00e7ada. Neles encontraram-se fragmentos de tecido p\u00farpura com fio de ouro, testemunho do respeito ou venera\u00e7\u00e3o especial para com a pessoa enterrada. Os resultados das investiga\u00e7\u00f5es realizadas nos permitiram afirmar que os restos encontrados na Bas\u00edlica s\u00e3o os de S\u00e3o Pedro, que foi oficialmente anunciado pelo Papa Paulo VI, em 1968. A maioria das rel\u00edquias permaneceu no pequeno nicho onde foram enterradas. durante s\u00e9culos, mas nove fragmentos foram extra\u00eddos pelo Papa Paulo VI, que ordenou que fossem colocados em um relic\u00e1rio de bronze e armazenados na capela papal. S\u00f3 este relic\u00e1rio \u00fanico foi mostrado ao p\u00fablico em Roma em algumas ocasi\u00f5es, como em 2013, durante o encerramento do ano da f\u00e9. E este \u00e9 precisamente o relic\u00e1rio que o Papa Francisco deu \u00e0 Igreja de Constantinopla!<\/p>\n<\/blockquote>\n<p><strong>WCC News: Historicamente, de que maneira a data de 29 de junho, a festa de S\u00e3o Pedro e S\u00e3o Paulo, foi marcada como um dia especial entre o Patriarcado Ecum\u00eanico e a Santa S\u00e9 (de Roma)?<\/strong><\/p>\n<blockquote>\n<p style=\"text-align: justify;\"><strong>Arcebispo Job:<\/strong> Ap\u00f3s a remo\u00e7\u00e3o dos an\u00e1temas de 1054 entre Roma e Constantinopla, em 1965, o falecido Papa Paulo VI e o falecido Patriarca Ecum\u00eanico Athenagoras estabeleceram, em 1969, a tradi\u00e7\u00e3o de trocar anualmente delega\u00e7\u00f5es formais nas respectivas festividades dos fundadores das duas igrejas: na festa de S\u00e3o Pedro e S\u00e3o Paulo, em 29 de junho, em Roma; e na festa de Santo Andr\u00e9, no dia 30 de novembro, em Constantinopla. Estas s\u00e3o as festas mais importantes para cada Igreja local. O interc\u00e2mbio de delega\u00e7\u00f5es \u00e9 sempre uma ocasi\u00e3o para o encontro fraterno e a troca informal de informa\u00e7\u00f5es. Esta iniciativa foi o prel\u00fadio para a cria\u00e7\u00e3o da Comiss\u00e3o Mista Internacional para o Di\u00e1logo Teol\u00f3gico entre as duas Igrejas, durante a visita do Papa Jo\u00e3o Paulo II ao Phanar, em 1979.<\/p>\n<\/blockquote>\n<p><strong>WCC News: O que ser\u00e1 do presente?<\/strong><\/p>\n<blockquote>\n<p style=\"text-align: justify;\"><strong>Arcebispo Job:<\/strong> Ap\u00f3s sua transfer\u00eancia de Roma para Constantinopla, em 29 de junho, as rel\u00edquias de S\u00e3o Pedro foram expostas \u00e0 venera\u00e7\u00e3o dos fi\u00e9is durante uma Divina Liturgia solene e presidida por S. S. o Patriarca Ecum\u00eanico Bartolomeu, por ocasi\u00e3o da festa da Sinaxe dos Santos Doze Ap\u00f3stolos, em 30 de junho, na Igreja dos Santos Ap\u00f3stolos em Ferik\u00f6y, Istambul. Depois da Liturgia, o relic\u00e1rio foi transferido para a sede do Patriarcado Ecum\u00eanico, em Phanar, Istambul, onde ficar\u00e3o guardadas na Igreja Patriarcal.<\/p>\n<\/blockquote>\n<hr \/>\n<p style=\"text-align: right;\">Fonte:\u00a0 <a href=\"http:\/\/Fonte: https:\/\/www.oikoumene.org\/es\/press-centre\/news\/the-story-of-an-historic-gift-from-pope-francis-its-a-step-forward-towards-unity\" target=\"_blank\" rel=\"noopener noreferrer\">WCC News<\/a>:<\/p>\n","protected":false},"excerpt":{"rendered":"<p>11 de julho de 2019 &#8212; O Arcebispo Job de Telmesos, representante permanente do Patriarcado Ecum\u00eanico perante o Conselho Mundial de Igrejas (CMI), reuniu-se com o WCC News para falar sobre o extraordin\u00e1rio presente que o Papa Francisco (de Roma)&#8230;<\/p>\n","protected":false},"author":1,"featured_media":26856,"comment_status":"open","ping_status":"open","sticky":false,"template":"","format":"standard","meta":{"_acf_changed":false,"footnotes":""},"categories":[72],"tags":[],"class_list":["post-26855","post","type-post","status-publish","format-standard","has-post-thumbnail","hentry","category-patriarcado-ecumenico","entry","rows-excerpt"],"acf":[],"yoast_head":"<!-- This site is optimized with the Yoast SEO plugin v27.4 - https:\/\/yoast.com\/product\/yoast-seo-wordpress\/ -->\n<title>O presente hist\u00f3rico do Papa Francisco de Roma ao Patriarcado Ecum\u00eanico de Constantinopla: \u00abmais um passo em dire\u00e7\u00e3o \u00e0 unidade\u00bb | ECCLESIA NEWS<\/title>\n<meta name=\"robots\" content=\"index, follow, max-snippet:-1, max-image-preview:large, max-video-preview:-1\" \/>\n<link rel=\"canonical\" href=\"https:\/\/news.ecclesia.org.br\/?p=26855\" \/>\n<meta property=\"og:locale\" content=\"pt_BR\" \/>\n<meta property=\"og:type\" content=\"article\" \/>\n<meta property=\"og:title\" content=\"O presente hist\u00f3rico do Papa Francisco de Roma ao Patriarcado Ecum\u00eanico de Constantinopla: \u00abmais um passo em dire\u00e7\u00e3o \u00e0 unidade\u00bb | ECCLESIA NEWS\" \/>\n<meta property=\"og:description\" content=\"11 de julho de 2019 &#8212; O Arcebispo Job de Telmesos, representante permanente do Patriarcado Ecum\u00eanico perante o Conselho Mundial de Igrejas (CMI), reuniu-se com o WCC News para falar sobre o extraordin\u00e1rio presente que o Papa Francisco (de Roma)&#8230;\" \/>\n<meta property=\"og:url\" content=\"https:\/\/news.ecclesia.org.br\/?p=26855\" \/>\n<meta property=\"og:site_name\" content=\"ECCLESIA NEWS\" \/>\n<meta property=\"article:publisher\" content=\"https:\/\/www.facebook.com\/Ecclesia2025\" \/>\n<meta property=\"article:published_time\" content=\"2019-07-18T20:16:13+00:00\" \/>\n<meta property=\"article:modified_time\" content=\"2021-07-30T18:58:48+00:00\" \/>\n<meta property=\"og:image\" content=\"https:\/\/news.ecclesia.org.br\/wp-content\/uploads\/2019\/07\/reliquias-apostolo-pedro-2019.jpg\" \/>\n\t<meta property=\"og:image:width\" content=\"800\" \/>\n\t<meta property=\"og:image:height\" content=\"533\" \/>\n\t<meta property=\"og:image:type\" content=\"image\/jpeg\" \/>\n<meta name=\"author\" content=\"Pe. Andr\u00e9\" \/>\n<meta name=\"twitter:card\" content=\"summary_large_image\" \/>\n<meta name=\"twitter:creator\" content=\"@EcclesiaNews\" \/>\n<meta name=\"twitter:site\" content=\"@EcclesiaNews\" \/>\n<meta name=\"twitter:label1\" content=\"Escrito por\" \/>\n\t<meta name=\"twitter:data1\" content=\"Pe. Andr\u00e9\" \/>\n\t<meta name=\"twitter:label2\" content=\"Est. tempo de leitura\" \/>\n\t<meta name=\"twitter:data2\" content=\"4 minutos\" \/>\n<script type=\"application\/ld+json\" class=\"yoast-schema-graph\">{\"@context\":\"https:\\\/\\\/schema.org\",\"@graph\":[{\"@type\":\"Article\",\"@id\":\"https:\\\/\\\/news.ecclesia.org.br\\\/?p=26855#article\",\"isPartOf\":{\"@id\":\"https:\\\/\\\/news.ecclesia.org.br\\\/?p=26855\"},\"author\":{\"name\":\"Pe. Andr\u00e9\",\"@id\":\"https:\\\/\\\/news.ecclesia.org.br\\\/#\\\/schema\\\/person\\\/6f09597f025829745ba414a569f63758\"},\"headline\":\"O presente hist\u00f3rico do Papa Francisco de Roma ao Patriarcado Ecum\u00eanico de Constantinopla: \u00abmais um passo em dire\u00e7\u00e3o \u00e0 unidade\u00bb\",\"datePublished\":\"2019-07-18T20:16:13+00:00\",\"dateModified\":\"2021-07-30T18:58:48+00:00\",\"mainEntityOfPage\":{\"@id\":\"https:\\\/\\\/news.ecclesia.org.br\\\/?p=26855\"},\"wordCount\":867,\"commentCount\":0,\"publisher\":{\"@id\":\"https:\\\/\\\/news.ecclesia.org.br\\\/#organization\"},\"image\":{\"@id\":\"https:\\\/\\\/news.ecclesia.org.br\\\/?p=26855#primaryimage\"},\"thumbnailUrl\":\"https:\\\/\\\/news.ecclesia.org.br\\\/wp-content\\\/uploads\\\/2019\\\/07\\\/reliquias-apostolo-pedro-2019.jpg\",\"articleSection\":[\"Patriarcado Ecum\u00eanico\"],\"inLanguage\":\"pt-BR\",\"potentialAction\":[{\"@type\":\"CommentAction\",\"name\":\"Comment\",\"target\":[\"https:\\\/\\\/news.ecclesia.org.br\\\/?p=26855#respond\"]}]},{\"@type\":\"WebPage\",\"@id\":\"https:\\\/\\\/news.ecclesia.org.br\\\/?p=26855\",\"url\":\"https:\\\/\\\/news.ecclesia.org.br\\\/?p=26855\",\"name\":\"O presente hist\u00f3rico do Papa Francisco de Roma ao Patriarcado Ecum\u00eanico de Constantinopla: \u00abmais um passo em dire\u00e7\u00e3o \u00e0 unidade\u00bb | ECCLESIA NEWS\",\"isPartOf\":{\"@id\":\"https:\\\/\\\/news.ecclesia.org.br\\\/#website\"},\"primaryImageOfPage\":{\"@id\":\"https:\\\/\\\/news.ecclesia.org.br\\\/?p=26855#primaryimage\"},\"image\":{\"@id\":\"https:\\\/\\\/news.ecclesia.org.br\\\/?p=26855#primaryimage\"},\"thumbnailUrl\":\"https:\\\/\\\/news.ecclesia.org.br\\\/wp-content\\\/uploads\\\/2019\\\/07\\\/reliquias-apostolo-pedro-2019.jpg\",\"datePublished\":\"2019-07-18T20:16:13+00:00\",\"dateModified\":\"2021-07-30T18:58:48+00:00\",\"breadcrumb\":{\"@id\":\"https:\\\/\\\/news.ecclesia.org.br\\\/?p=26855#breadcrumb\"},\"inLanguage\":\"pt-BR\",\"potentialAction\":[{\"@type\":\"ReadAction\",\"target\":[\"https:\\\/\\\/news.ecclesia.org.br\\\/?p=26855\"]}]},{\"@type\":\"ImageObject\",\"inLanguage\":\"pt-BR\",\"@id\":\"https:\\\/\\\/news.ecclesia.org.br\\\/?p=26855#primaryimage\",\"url\":\"https:\\\/\\\/news.ecclesia.org.br\\\/wp-content\\\/uploads\\\/2019\\\/07\\\/reliquias-apostolo-pedro-2019.jpg\",\"contentUrl\":\"https:\\\/\\\/news.ecclesia.org.br\\\/wp-content\\\/uploads\\\/2019\\\/07\\\/reliquias-apostolo-pedro-2019.jpg\",\"width\":800,\"height\":533,\"caption\":\"Arcebispo Job de Telmesos com o presente do Papa Francisco. (Foto: Patriarcado Ecum\u00eanico)\"},{\"@type\":\"BreadcrumbList\",\"@id\":\"https:\\\/\\\/news.ecclesia.org.br\\\/?p=26855#breadcrumb\",\"itemListElement\":[{\"@type\":\"ListItem\",\"position\":1,\"name\":\"In\u00edcio\",\"item\":\"https:\\\/\\\/news.ecclesia.org.br\\\/\"},{\"@type\":\"ListItem\",\"position\":2,\"name\":\"O presente hist\u00f3rico do Papa Francisco de Roma ao Patriarcado Ecum\u00eanico de Constantinopla: \u00abmais um passo em dire\u00e7\u00e3o \u00e0 unidade\u00bb\"}]},{\"@type\":\"WebSite\",\"@id\":\"https:\\\/\\\/news.ecclesia.org.br\\\/#website\",\"url\":\"https:\\\/\\\/news.ecclesia.org.br\\\/\",\"name\":\"Ecclesia Brasil\",\"description\":\"Desde 2003 onectando o Brasil ao mundo ortodoxo!\",\"publisher\":{\"@id\":\"https:\\\/\\\/news.ecclesia.org.br\\\/#organization\"},\"alternateName\":\"Ecclesia\",\"potentialAction\":[{\"@type\":\"SearchAction\",\"target\":{\"@type\":\"EntryPoint\",\"urlTemplate\":\"https:\\\/\\\/news.ecclesia.org.br\\\/?s={search_term_string}\"},\"query-input\":{\"@type\":\"PropertyValueSpecification\",\"valueRequired\":true,\"valueName\":\"search_term_string\"}}],\"inLanguage\":\"pt-BR\"},{\"@type\":\"Organization\",\"@id\":\"https:\\\/\\\/news.ecclesia.org.br\\\/#organization\",\"name\":\"Sacra Arquidiocese de Buenos Aires e Am\u00e9rica do Sul | Patriarcado Ecum\u00eanico\",\"alternateName\":\"News Ecclesia Brasil\",\"url\":\"https:\\\/\\\/news.ecclesia.org.br\\\/\",\"logo\":{\"@type\":\"ImageObject\",\"inLanguage\":\"pt-BR\",\"@id\":\"https:\\\/\\\/news.ecclesia.org.br\\\/#\\\/schema\\\/logo\\\/image\\\/\",\"url\":\"https:\\\/\\\/news.ecclesia.org.br\\\/wp-content\\\/uploads\\\/2025\\\/05\\\/ecclesia2.png\",\"contentUrl\":\"https:\\\/\\\/news.ecclesia.org.br\\\/wp-content\\\/uploads\\\/2025\\\/05\\\/ecclesia2.png\",\"width\":480,\"height\":120,\"caption\":\"Sacra Arquidiocese de Buenos Aires e Am\u00e9rica do Sul | Patriarcado Ecum\u00eanico\"},\"image\":{\"@id\":\"https:\\\/\\\/news.ecclesia.org.br\\\/#\\\/schema\\\/logo\\\/image\\\/\"},\"sameAs\":[\"https:\\\/\\\/www.facebook.com\\\/Ecclesia2025\",\"https:\\\/\\\/x.com\\\/EcclesiaNews\",\"https:\\\/\\\/br.pinterest.com\\\/ekklisia\\\/\",\"https:\\\/\\\/www.youtube.com\\\/@EcclesiaBrasil\"]},{\"@type\":\"Person\",\"@id\":\"https:\\\/\\\/news.ecclesia.org.br\\\/#\\\/schema\\\/person\\\/6f09597f025829745ba414a569f63758\",\"name\":\"Pe. Andr\u00e9\",\"image\":{\"@type\":\"ImageObject\",\"inLanguage\":\"pt-BR\",\"@id\":\"https:\\\/\\\/secure.gravatar.com\\\/avatar\\\/b4327cfa27e9799da239a26adcd534fc29cdc0c4a4a148eecbcfeb9b42c617ac?s=96&d=mm&r=g\",\"url\":\"https:\\\/\\\/secure.gravatar.com\\\/avatar\\\/b4327cfa27e9799da239a26adcd534fc29cdc0c4a4a148eecbcfeb9b42c617ac?s=96&d=mm&r=g\",\"contentUrl\":\"https:\\\/\\\/secure.gravatar.com\\\/avatar\\\/b4327cfa27e9799da239a26adcd534fc29cdc0c4a4a148eecbcfeb9b42c617ac?s=96&d=mm&r=g\",\"caption\":\"Pe. Andr\u00e9\"},\"sameAs\":[\"https:\\\/\\\/www.ecclesia.org.br\"]}]}<\/script>\n<!-- \/ Yoast SEO plugin. -->","yoast_head_json":{"title":"O presente hist\u00f3rico do Papa Francisco de Roma ao Patriarcado Ecum\u00eanico de Constantinopla: \u00abmais um passo em dire\u00e7\u00e3o \u00e0 unidade\u00bb | ECCLESIA NEWS","robots":{"index":"index","follow":"follow","max-snippet":"max-snippet:-1","max-image-preview":"max-image-preview:large","max-video-preview":"max-video-preview:-1"},"canonical":"https:\/\/news.ecclesia.org.br\/?p=26855","og_locale":"pt_BR","og_type":"article","og_title":"O presente hist\u00f3rico do Papa Francisco de Roma ao Patriarcado Ecum\u00eanico de Constantinopla: \u00abmais um passo em dire\u00e7\u00e3o \u00e0 unidade\u00bb | ECCLESIA NEWS","og_description":"11 de julho de 2019 &#8212; O Arcebispo Job de Telmesos, representante permanente do Patriarcado Ecum\u00eanico perante o Conselho Mundial de Igrejas (CMI), reuniu-se com o WCC News para falar sobre o extraordin\u00e1rio presente que o Papa Francisco (de Roma)&#8230;","og_url":"https:\/\/news.ecclesia.org.br\/?p=26855","og_site_name":"ECCLESIA NEWS","article_publisher":"https:\/\/www.facebook.com\/Ecclesia2025","article_published_time":"2019-07-18T20:16:13+00:00","article_modified_time":"2021-07-30T18:58:48+00:00","og_image":[{"width":800,"height":533,"url":"https:\/\/news.ecclesia.org.br\/wp-content\/uploads\/2019\/07\/reliquias-apostolo-pedro-2019.jpg","type":"image\/jpeg"}],"author":"Pe. Andr\u00e9","twitter_card":"summary_large_image","twitter_creator":"@EcclesiaNews","twitter_site":"@EcclesiaNews","twitter_misc":{"Escrito por":"Pe. Andr\u00e9","Est. tempo de leitura":"4 minutos"},"schema":{"@context":"https:\/\/schema.org","@graph":[{"@type":"Article","@id":"https:\/\/news.ecclesia.org.br\/?p=26855#article","isPartOf":{"@id":"https:\/\/news.ecclesia.org.br\/?p=26855"},"author":{"name":"Pe. Andr\u00e9","@id":"https:\/\/news.ecclesia.org.br\/#\/schema\/person\/6f09597f025829745ba414a569f63758"},"headline":"O presente hist\u00f3rico do Papa Francisco de Roma ao Patriarcado Ecum\u00eanico de Constantinopla: \u00abmais um passo em dire\u00e7\u00e3o \u00e0 unidade\u00bb","datePublished":"2019-07-18T20:16:13+00:00","dateModified":"2021-07-30T18:58:48+00:00","mainEntityOfPage":{"@id":"https:\/\/news.ecclesia.org.br\/?p=26855"},"wordCount":867,"commentCount":0,"publisher":{"@id":"https:\/\/news.ecclesia.org.br\/#organization"},"image":{"@id":"https:\/\/news.ecclesia.org.br\/?p=26855#primaryimage"},"thumbnailUrl":"https:\/\/news.ecclesia.org.br\/wp-content\/uploads\/2019\/07\/reliquias-apostolo-pedro-2019.jpg","articleSection":["Patriarcado Ecum\u00eanico"],"inLanguage":"pt-BR","potentialAction":[{"@type":"CommentAction","name":"Comment","target":["https:\/\/news.ecclesia.org.br\/?p=26855#respond"]}]},{"@type":"WebPage","@id":"https:\/\/news.ecclesia.org.br\/?p=26855","url":"https:\/\/news.ecclesia.org.br\/?p=26855","name":"O presente hist\u00f3rico do Papa Francisco de Roma ao Patriarcado Ecum\u00eanico de Constantinopla: \u00abmais um passo em dire\u00e7\u00e3o \u00e0 unidade\u00bb | ECCLESIA NEWS","isPartOf":{"@id":"https:\/\/news.ecclesia.org.br\/#website"},"primaryImageOfPage":{"@id":"https:\/\/news.ecclesia.org.br\/?p=26855#primaryimage"},"image":{"@id":"https:\/\/news.ecclesia.org.br\/?p=26855#primaryimage"},"thumbnailUrl":"https:\/\/news.ecclesia.org.br\/wp-content\/uploads\/2019\/07\/reliquias-apostolo-pedro-2019.jpg","datePublished":"2019-07-18T20:16:13+00:00","dateModified":"2021-07-30T18:58:48+00:00","breadcrumb":{"@id":"https:\/\/news.ecclesia.org.br\/?p=26855#breadcrumb"},"inLanguage":"pt-BR","potentialAction":[{"@type":"ReadAction","target":["https:\/\/news.ecclesia.org.br\/?p=26855"]}]},{"@type":"ImageObject","inLanguage":"pt-BR","@id":"https:\/\/news.ecclesia.org.br\/?p=26855#primaryimage","url":"https:\/\/news.ecclesia.org.br\/wp-content\/uploads\/2019\/07\/reliquias-apostolo-pedro-2019.jpg","contentUrl":"https:\/\/news.ecclesia.org.br\/wp-content\/uploads\/2019\/07\/reliquias-apostolo-pedro-2019.jpg","width":800,"height":533,"caption":"Arcebispo Job de Telmesos com o presente do Papa Francisco. (Foto: Patriarcado Ecum\u00eanico)"},{"@type":"BreadcrumbList","@id":"https:\/\/news.ecclesia.org.br\/?p=26855#breadcrumb","itemListElement":[{"@type":"ListItem","position":1,"name":"In\u00edcio","item":"https:\/\/news.ecclesia.org.br\/"},{"@type":"ListItem","position":2,"name":"O presente hist\u00f3rico do Papa Francisco de Roma ao Patriarcado Ecum\u00eanico de Constantinopla: \u00abmais um passo em dire\u00e7\u00e3o \u00e0 unidade\u00bb"}]},{"@type":"WebSite","@id":"https:\/\/news.ecclesia.org.br\/#website","url":"https:\/\/news.ecclesia.org.br\/","name":"Ecclesia Brasil","description":"Desde 2003 onectando o Brasil ao mundo ortodoxo!","publisher":{"@id":"https:\/\/news.ecclesia.org.br\/#organization"},"alternateName":"Ecclesia","potentialAction":[{"@type":"SearchAction","target":{"@type":"EntryPoint","urlTemplate":"https:\/\/news.ecclesia.org.br\/?s={search_term_string}"},"query-input":{"@type":"PropertyValueSpecification","valueRequired":true,"valueName":"search_term_string"}}],"inLanguage":"pt-BR"},{"@type":"Organization","@id":"https:\/\/news.ecclesia.org.br\/#organization","name":"Sacra Arquidiocese de Buenos Aires e Am\u00e9rica do Sul | Patriarcado Ecum\u00eanico","alternateName":"News Ecclesia Brasil","url":"https:\/\/news.ecclesia.org.br\/","logo":{"@type":"ImageObject","inLanguage":"pt-BR","@id":"https:\/\/news.ecclesia.org.br\/#\/schema\/logo\/image\/","url":"https:\/\/news.ecclesia.org.br\/wp-content\/uploads\/2025\/05\/ecclesia2.png","contentUrl":"https:\/\/news.ecclesia.org.br\/wp-content\/uploads\/2025\/05\/ecclesia2.png","width":480,"height":120,"caption":"Sacra Arquidiocese de Buenos Aires e Am\u00e9rica do Sul | Patriarcado Ecum\u00eanico"},"image":{"@id":"https:\/\/news.ecclesia.org.br\/#\/schema\/logo\/image\/"},"sameAs":["https:\/\/www.facebook.com\/Ecclesia2025","https:\/\/x.com\/EcclesiaNews","https:\/\/br.pinterest.com\/ekklisia\/","https:\/\/www.youtube.com\/@EcclesiaBrasil"]},{"@type":"Person","@id":"https:\/\/news.ecclesia.org.br\/#\/schema\/person\/6f09597f025829745ba414a569f63758","name":"Pe. Andr\u00e9","image":{"@type":"ImageObject","inLanguage":"pt-BR","@id":"https:\/\/secure.gravatar.com\/avatar\/b4327cfa27e9799da239a26adcd534fc29cdc0c4a4a148eecbcfeb9b42c617ac?s=96&d=mm&r=g","url":"https:\/\/secure.gravatar.com\/avatar\/b4327cfa27e9799da239a26adcd534fc29cdc0c4a4a148eecbcfeb9b42c617ac?s=96&d=mm&r=g","contentUrl":"https:\/\/secure.gravatar.com\/avatar\/b4327cfa27e9799da239a26adcd534fc29cdc0c4a4a148eecbcfeb9b42c617ac?s=96&d=mm&r=g","caption":"Pe. Andr\u00e9"},"sameAs":["https:\/\/www.ecclesia.org.br"]}]}},"_links":{"self":[{"href":"https:\/\/news.ecclesia.org.br\/index.php?rest_route=\/wp\/v2\/posts\/26855","targetHints":{"allow":["GET"]}}],"collection":[{"href":"https:\/\/news.ecclesia.org.br\/index.php?rest_route=\/wp\/v2\/posts"}],"about":[{"href":"https:\/\/news.ecclesia.org.br\/index.php?rest_route=\/wp\/v2\/types\/post"}],"author":[{"embeddable":true,"href":"https:\/\/news.ecclesia.org.br\/index.php?rest_route=\/wp\/v2\/users\/1"}],"replies":[{"embeddable":true,"href":"https:\/\/news.ecclesia.org.br\/index.php?rest_route=%2Fwp%2Fv2%2Fcomments&post=26855"}],"version-history":[{"count":1,"href":"https:\/\/news.ecclesia.org.br\/index.php?rest_route=\/wp\/v2\/posts\/26855\/revisions"}],"predecessor-version":[{"id":38593,"href":"https:\/\/news.ecclesia.org.br\/index.php?rest_route=\/wp\/v2\/posts\/26855\/revisions\/38593"}],"wp:featuredmedia":[{"embeddable":true,"href":"https:\/\/news.ecclesia.org.br\/index.php?rest_route=\/wp\/v2\/media\/26856"}],"wp:attachment":[{"href":"https:\/\/news.ecclesia.org.br\/index.php?rest_route=%2Fwp%2Fv2%2Fmedia&parent=26855"}],"wp:term":[{"taxonomy":"category","embeddable":true,"href":"https:\/\/news.ecclesia.org.br\/index.php?rest_route=%2Fwp%2Fv2%2Fcategories&post=26855"},{"taxonomy":"post_tag","embeddable":true,"href":"https:\/\/news.ecclesia.org.br\/index.php?rest_route=%2Fwp%2Fv2%2Ftags&post=26855"}],"curies":[{"name":"wp","href":"https:\/\/api.w.org\/{rel}","templated":true}]}}