{"id":26846,"date":"2019-07-18T12:46:50","date_gmt":"2019-07-18T12:46:50","guid":{"rendered":"https:\/\/news.ecclesia.org.br\/?p=26846"},"modified":"2021-07-30T15:59:43","modified_gmt":"2021-07-30T18:59:43","slug":"declaracao-do-patriarcado-ecumenico-sobre-acusacoes-ofensivas","status":"publish","type":"post","link":"https:\/\/news.ecclesia.org.br\/?p=26846","title":{"rendered":"Declara\u00e7\u00e3o do Patriarcado Ecum\u00eanico sobre acusa\u00e7\u00f5es\u00a0ofensivas"},"content":{"rendered":"<p style=\"text-align: justify;\">17 de julho de 2019 &#8212; O diretor do servi\u00e7o de imprensa e comunica\u00e7\u00e3o do Patriarcado Ecum\u00eanico, Nikos Papachristou, emitiu o seguinte comunicado:<\/p>\n<blockquote>\n<p style=\"text-align: justify;\">As alega\u00e7\u00f5es ou informa\u00e7\u00f5es de que o Patriarcado Ecum\u00eanico, para a concess\u00e3o dos tomos de Autocefalia \u00e0 Igreja Ortodoxa Ucraniana, teria supostamente solicitado, recebido, ou reivindicado alguma forma de compensa\u00e7\u00e3o, econ\u00f4mica ou n\u00e3o, de personalidades pol\u00edticas ou eclesi\u00e1sticas, \u00e9 absolutamente falsa, infundada e caluniosa. Ao mesmo tempo, tais alega\u00e7\u00f5es s\u00e3o extremamente dolorosas para a Igreja M\u00e3e de Constantinopla, que concedeu autocefalia, com processos semelhantes a nove outras Igrejas locais, incluindo a de Moscou. \u00c9 caracter\u00edstico que o Patriarca Ecum\u00eanico, em uma homilia recente, ao se referir \u00e0 concess\u00e3o de autocefalia \u00e0 Igreja Ortodoxa Ucraniana, enfatizou que \u00aba justa resposta eclesiol\u00f3gica dada pelo Patriarcado Ecum\u00eanico foi e sempre ser\u00e1 baseada na tradi\u00e7\u00e3o secular da Igreja e inspirada no evangelho, respeitando os sagrados c\u00e2nones eclesi\u00e1sticos, livre de press\u00e3o pol\u00edtica e\/ou diplom\u00e1tica. \u00c9 preciso que isso fique claro num contexto de acusa\u00e7\u00f5es e desinforma\u00e7\u00f5es que circulam na Internet, as conhecidas \u00abfake news\u00bb usadas contra os direitos can\u00f4nicos do Patriarcado Ecum\u00eanico.<\/p>\n<\/blockquote>\n<p style=\"text-align: justify;\">Lembrou ainda a quem interessar possa, que em 06 de janeiro de 2019, o Patriarca Ecum\u00eanico Bartolomeu entregou o <em>Tomos de Autocefalia<\/em> a S. B.\u00a0 Epif\u00e2nio, Metropolita de Kiev e Toda a Ucr\u00e2nia, Primaz da Igreja Ortodoxa da Ucr\u00e2nia, criada em sess\u00e3o conjunta de 15 de dezembro de 2018. <b>Desde ent\u00e3o, a nova Igreja Ortodoxa Autoc\u00e9fala da Ucr\u00e2nia \u00e9 completamente autogovernada e tem a absoluta liberdade de administrar seus assuntos internos. A rela\u00e7\u00e3o com a Igreja de Constantinopla \u00e9 a rela\u00e7\u00e3o de Igreja-m\u00e3e e Igreja-filha, mantendo o forte v\u00ednculo espiritual h\u00e1 s\u00e9culos, desde o tempo do batismo de S\u00e3o Vladimir at\u00e9 os dias atuais. <\/b>Um relacionamento que, n\u00e3o importa quantos tentem enfraquecer ou destruir, obviamente para seus pr\u00f3prios prop\u00f3sitos, n\u00e3o seria perturbada, j\u00e1 que a Igreja M\u00e3e de Constantinopla sempre foi marcada por um esp\u00edrito sacrificial e de abnega\u00e7\u00e3o em rela\u00e7\u00e3o a todos os seus filhos espirituais.<\/p>\n<hr \/>\n<p style=\"text-align: right;\">Fonte (incluindo fotografia): <a href=\"http:\/\/fanarion.blogspot.com\/2019\/07\/blog-post_14.html\" target=\"_blank\" rel=\"noopener noreferrer\">Fanarion<\/a><\/p>\n","protected":false},"excerpt":{"rendered":"<p>17 de julho de 2019 &#8212; O diretor do servi\u00e7o de imprensa e comunica\u00e7\u00e3o do Patriarcado Ecum\u00eanico, Nikos Papachristou, emitiu o seguinte comunicado: As alega\u00e7\u00f5es ou informa\u00e7\u00f5es de que o Patriarcado Ecum\u00eanico, para a concess\u00e3o dos tomos de Autocefalia \u00e0&#8230;<\/p>\n","protected":false},"author":1,"featured_media":26847,"comment_status":"open","ping_status":"open","sticky":false,"template":"","format":"standard","meta":{"_acf_changed":false,"footnotes":""},"categories":[3,72],"tags":[],"class_list":["post-26846","post","type-post","status-publish","format-standard","has-post-thumbnail","hentry","category-mundo","category-patriarcado-ecumenico","entry","rows-excerpt"],"acf":[],"yoast_head":"<!-- This site is optimized with the Yoast SEO plugin v27.4 - https:\/\/yoast.com\/product\/yoast-seo-wordpress\/ -->\n<title>Declara\u00e7\u00e3o do Patriarcado Ecum\u00eanico sobre acusa\u00e7\u00f5es\u00a0ofensivas | ECCLESIA NEWS<\/title>\n<meta name=\"robots\" content=\"index, follow, max-snippet:-1, max-image-preview:large, max-video-preview:-1\" \/>\n<link rel=\"canonical\" href=\"https:\/\/news.ecclesia.org.br\/?p=26846\" \/>\n<meta property=\"og:locale\" content=\"pt_BR\" \/>\n<meta property=\"og:type\" content=\"article\" \/>\n<meta property=\"og:title\" content=\"Declara\u00e7\u00e3o do Patriarcado Ecum\u00eanico sobre acusa\u00e7\u00f5es\u00a0ofensivas | ECCLESIA NEWS\" \/>\n<meta property=\"og:description\" content=\"17 de julho de 2019 &#8212; O diretor do servi\u00e7o de imprensa e comunica\u00e7\u00e3o do Patriarcado Ecum\u00eanico, Nikos Papachristou, emitiu o seguinte comunicado: As alega\u00e7\u00f5es ou informa\u00e7\u00f5es de que o Patriarcado Ecum\u00eanico, para a concess\u00e3o dos tomos de Autocefalia \u00e0&#8230;\" \/>\n<meta property=\"og:url\" content=\"https:\/\/news.ecclesia.org.br\/?p=26846\" \/>\n<meta property=\"og:site_name\" content=\"ECCLESIA NEWS\" \/>\n<meta property=\"article:publisher\" content=\"https:\/\/www.facebook.com\/Ecclesia2025\" \/>\n<meta property=\"article:published_time\" content=\"2019-07-18T12:46:50+00:00\" \/>\n<meta property=\"article:modified_time\" content=\"2021-07-30T18:59:43+00:00\" \/>\n<meta property=\"og:image\" content=\"https:\/\/news.ecclesia.org.br\/wp-content\/uploads\/2019\/07\/patriarca-tomos.jpg\" \/>\n\t<meta property=\"og:image:width\" content=\"780\" \/>\n\t<meta property=\"og:image:height\" content=\"430\" \/>\n\t<meta property=\"og:image:type\" content=\"image\/jpeg\" \/>\n<meta name=\"author\" content=\"Pe. Andr\u00e9\" \/>\n<meta name=\"twitter:card\" content=\"summary_large_image\" \/>\n<meta name=\"twitter:creator\" content=\"@EcclesiaNews\" \/>\n<meta name=\"twitter:site\" content=\"@EcclesiaNews\" \/>\n<meta name=\"twitter:label1\" content=\"Escrito por\" \/>\n\t<meta name=\"twitter:data1\" content=\"Pe. Andr\u00e9\" \/>\n\t<meta name=\"twitter:label2\" content=\"Est. tempo de leitura\" \/>\n\t<meta name=\"twitter:data2\" content=\"2 minutos\" \/>\n<script type=\"application\/ld+json\" class=\"yoast-schema-graph\">{\"@context\":\"https:\\\/\\\/schema.org\",\"@graph\":[{\"@type\":\"Article\",\"@id\":\"https:\\\/\\\/news.ecclesia.org.br\\\/?p=26846#article\",\"isPartOf\":{\"@id\":\"https:\\\/\\\/news.ecclesia.org.br\\\/?p=26846\"},\"author\":{\"name\":\"Pe. Andr\u00e9\",\"@id\":\"https:\\\/\\\/news.ecclesia.org.br\\\/#\\\/schema\\\/person\\\/6f09597f025829745ba414a569f63758\"},\"headline\":\"Declara\u00e7\u00e3o do Patriarcado Ecum\u00eanico sobre acusa\u00e7\u00f5es\u00a0ofensivas\",\"datePublished\":\"2019-07-18T12:46:50+00:00\",\"dateModified\":\"2021-07-30T18:59:43+00:00\",\"mainEntityOfPage\":{\"@id\":\"https:\\\/\\\/news.ecclesia.org.br\\\/?p=26846\"},\"wordCount\":380,\"commentCount\":0,\"publisher\":{\"@id\":\"https:\\\/\\\/news.ecclesia.org.br\\\/#organization\"},\"image\":{\"@id\":\"https:\\\/\\\/news.ecclesia.org.br\\\/?p=26846#primaryimage\"},\"thumbnailUrl\":\"https:\\\/\\\/news.ecclesia.org.br\\\/wp-content\\\/uploads\\\/2019\\\/07\\\/patriarca-tomos.jpg\",\"articleSection\":[\"Mundo Ortodoxo\",\"Patriarcado Ecum\u00eanico\"],\"inLanguage\":\"pt-BR\",\"potentialAction\":[{\"@type\":\"CommentAction\",\"name\":\"Comment\",\"target\":[\"https:\\\/\\\/news.ecclesia.org.br\\\/?p=26846#respond\"]}]},{\"@type\":\"WebPage\",\"@id\":\"https:\\\/\\\/news.ecclesia.org.br\\\/?p=26846\",\"url\":\"https:\\\/\\\/news.ecclesia.org.br\\\/?p=26846\",\"name\":\"Declara\u00e7\u00e3o do Patriarcado Ecum\u00eanico sobre acusa\u00e7\u00f5es\u00a0ofensivas | ECCLESIA NEWS\",\"isPartOf\":{\"@id\":\"https:\\\/\\\/news.ecclesia.org.br\\\/#website\"},\"primaryImageOfPage\":{\"@id\":\"https:\\\/\\\/news.ecclesia.org.br\\\/?p=26846#primaryimage\"},\"image\":{\"@id\":\"https:\\\/\\\/news.ecclesia.org.br\\\/?p=26846#primaryimage\"},\"thumbnailUrl\":\"https:\\\/\\\/news.ecclesia.org.br\\\/wp-content\\\/uploads\\\/2019\\\/07\\\/patriarca-tomos.jpg\",\"datePublished\":\"2019-07-18T12:46:50+00:00\",\"dateModified\":\"2021-07-30T18:59:43+00:00\",\"breadcrumb\":{\"@id\":\"https:\\\/\\\/news.ecclesia.org.br\\\/?p=26846#breadcrumb\"},\"inLanguage\":\"pt-BR\",\"potentialAction\":[{\"@type\":\"ReadAction\",\"target\":[\"https:\\\/\\\/news.ecclesia.org.br\\\/?p=26846\"]}]},{\"@type\":\"ImageObject\",\"inLanguage\":\"pt-BR\",\"@id\":\"https:\\\/\\\/news.ecclesia.org.br\\\/?p=26846#primaryimage\",\"url\":\"https:\\\/\\\/news.ecclesia.org.br\\\/wp-content\\\/uploads\\\/2019\\\/07\\\/patriarca-tomos.jpg\",\"contentUrl\":\"https:\\\/\\\/news.ecclesia.org.br\\\/wp-content\\\/uploads\\\/2019\\\/07\\\/patriarca-tomos.jpg\",\"width\":780,\"height\":430},{\"@type\":\"BreadcrumbList\",\"@id\":\"https:\\\/\\\/news.ecclesia.org.br\\\/?p=26846#breadcrumb\",\"itemListElement\":[{\"@type\":\"ListItem\",\"position\":1,\"name\":\"In\u00edcio\",\"item\":\"https:\\\/\\\/news.ecclesia.org.br\\\/\"},{\"@type\":\"ListItem\",\"position\":2,\"name\":\"Declara\u00e7\u00e3o do Patriarcado Ecum\u00eanico sobre acusa\u00e7\u00f5es\u00a0ofensivas\"}]},{\"@type\":\"WebSite\",\"@id\":\"https:\\\/\\\/news.ecclesia.org.br\\\/#website\",\"url\":\"https:\\\/\\\/news.ecclesia.org.br\\\/\",\"name\":\"Ecclesia Brasil\",\"description\":\"Desde 2003 onectando o Brasil ao mundo ortodoxo!\",\"publisher\":{\"@id\":\"https:\\\/\\\/news.ecclesia.org.br\\\/#organization\"},\"alternateName\":\"Ecclesia\",\"potentialAction\":[{\"@type\":\"SearchAction\",\"target\":{\"@type\":\"EntryPoint\",\"urlTemplate\":\"https:\\\/\\\/news.ecclesia.org.br\\\/?s={search_term_string}\"},\"query-input\":{\"@type\":\"PropertyValueSpecification\",\"valueRequired\":true,\"valueName\":\"search_term_string\"}}],\"inLanguage\":\"pt-BR\"},{\"@type\":\"Organization\",\"@id\":\"https:\\\/\\\/news.ecclesia.org.br\\\/#organization\",\"name\":\"Sacra Arquidiocese de Buenos Aires e Am\u00e9rica do Sul | Patriarcado Ecum\u00eanico\",\"alternateName\":\"News Ecclesia Brasil\",\"url\":\"https:\\\/\\\/news.ecclesia.org.br\\\/\",\"logo\":{\"@type\":\"ImageObject\",\"inLanguage\":\"pt-BR\",\"@id\":\"https:\\\/\\\/news.ecclesia.org.br\\\/#\\\/schema\\\/logo\\\/image\\\/\",\"url\":\"https:\\\/\\\/news.ecclesia.org.br\\\/wp-content\\\/uploads\\\/2025\\\/05\\\/ecclesia2.png\",\"contentUrl\":\"https:\\\/\\\/news.ecclesia.org.br\\\/wp-content\\\/uploads\\\/2025\\\/05\\\/ecclesia2.png\",\"width\":480,\"height\":120,\"caption\":\"Sacra Arquidiocese de Buenos Aires e Am\u00e9rica do Sul | Patriarcado Ecum\u00eanico\"},\"image\":{\"@id\":\"https:\\\/\\\/news.ecclesia.org.br\\\/#\\\/schema\\\/logo\\\/image\\\/\"},\"sameAs\":[\"https:\\\/\\\/www.facebook.com\\\/Ecclesia2025\",\"https:\\\/\\\/x.com\\\/EcclesiaNews\",\"https:\\\/\\\/br.pinterest.com\\\/ekklisia\\\/\",\"https:\\\/\\\/www.youtube.com\\\/@EcclesiaBrasil\"]},{\"@type\":\"Person\",\"@id\":\"https:\\\/\\\/news.ecclesia.org.br\\\/#\\\/schema\\\/person\\\/6f09597f025829745ba414a569f63758\",\"name\":\"Pe. Andr\u00e9\",\"image\":{\"@type\":\"ImageObject\",\"inLanguage\":\"pt-BR\",\"@id\":\"https:\\\/\\\/secure.gravatar.com\\\/avatar\\\/b4327cfa27e9799da239a26adcd534fc29cdc0c4a4a148eecbcfeb9b42c617ac?s=96&d=mm&r=g\",\"url\":\"https:\\\/\\\/secure.gravatar.com\\\/avatar\\\/b4327cfa27e9799da239a26adcd534fc29cdc0c4a4a148eecbcfeb9b42c617ac?s=96&d=mm&r=g\",\"contentUrl\":\"https:\\\/\\\/secure.gravatar.com\\\/avatar\\\/b4327cfa27e9799da239a26adcd534fc29cdc0c4a4a148eecbcfeb9b42c617ac?s=96&d=mm&r=g\",\"caption\":\"Pe. Andr\u00e9\"},\"sameAs\":[\"https:\\\/\\\/www.ecclesia.org.br\"]}]}<\/script>\n<!-- \/ Yoast SEO plugin. -->","yoast_head_json":{"title":"Declara\u00e7\u00e3o do Patriarcado Ecum\u00eanico sobre acusa\u00e7\u00f5es\u00a0ofensivas | ECCLESIA NEWS","robots":{"index":"index","follow":"follow","max-snippet":"max-snippet:-1","max-image-preview":"max-image-preview:large","max-video-preview":"max-video-preview:-1"},"canonical":"https:\/\/news.ecclesia.org.br\/?p=26846","og_locale":"pt_BR","og_type":"article","og_title":"Declara\u00e7\u00e3o do Patriarcado Ecum\u00eanico sobre acusa\u00e7\u00f5es\u00a0ofensivas | ECCLESIA NEWS","og_description":"17 de julho de 2019 &#8212; O diretor do servi\u00e7o de imprensa e comunica\u00e7\u00e3o do Patriarcado Ecum\u00eanico, Nikos Papachristou, emitiu o seguinte comunicado: As alega\u00e7\u00f5es ou informa\u00e7\u00f5es de que o Patriarcado Ecum\u00eanico, para a concess\u00e3o dos tomos de Autocefalia \u00e0&#8230;","og_url":"https:\/\/news.ecclesia.org.br\/?p=26846","og_site_name":"ECCLESIA NEWS","article_publisher":"https:\/\/www.facebook.com\/Ecclesia2025","article_published_time":"2019-07-18T12:46:50+00:00","article_modified_time":"2021-07-30T18:59:43+00:00","og_image":[{"width":780,"height":430,"url":"https:\/\/news.ecclesia.org.br\/wp-content\/uploads\/2019\/07\/patriarca-tomos.jpg","type":"image\/jpeg"}],"author":"Pe. Andr\u00e9","twitter_card":"summary_large_image","twitter_creator":"@EcclesiaNews","twitter_site":"@EcclesiaNews","twitter_misc":{"Escrito por":"Pe. Andr\u00e9","Est. tempo de leitura":"2 minutos"},"schema":{"@context":"https:\/\/schema.org","@graph":[{"@type":"Article","@id":"https:\/\/news.ecclesia.org.br\/?p=26846#article","isPartOf":{"@id":"https:\/\/news.ecclesia.org.br\/?p=26846"},"author":{"name":"Pe. Andr\u00e9","@id":"https:\/\/news.ecclesia.org.br\/#\/schema\/person\/6f09597f025829745ba414a569f63758"},"headline":"Declara\u00e7\u00e3o do Patriarcado Ecum\u00eanico sobre acusa\u00e7\u00f5es\u00a0ofensivas","datePublished":"2019-07-18T12:46:50+00:00","dateModified":"2021-07-30T18:59:43+00:00","mainEntityOfPage":{"@id":"https:\/\/news.ecclesia.org.br\/?p=26846"},"wordCount":380,"commentCount":0,"publisher":{"@id":"https:\/\/news.ecclesia.org.br\/#organization"},"image":{"@id":"https:\/\/news.ecclesia.org.br\/?p=26846#primaryimage"},"thumbnailUrl":"https:\/\/news.ecclesia.org.br\/wp-content\/uploads\/2019\/07\/patriarca-tomos.jpg","articleSection":["Mundo Ortodoxo","Patriarcado Ecum\u00eanico"],"inLanguage":"pt-BR","potentialAction":[{"@type":"CommentAction","name":"Comment","target":["https:\/\/news.ecclesia.org.br\/?p=26846#respond"]}]},{"@type":"WebPage","@id":"https:\/\/news.ecclesia.org.br\/?p=26846","url":"https:\/\/news.ecclesia.org.br\/?p=26846","name":"Declara\u00e7\u00e3o do Patriarcado Ecum\u00eanico sobre acusa\u00e7\u00f5es\u00a0ofensivas | ECCLESIA NEWS","isPartOf":{"@id":"https:\/\/news.ecclesia.org.br\/#website"},"primaryImageOfPage":{"@id":"https:\/\/news.ecclesia.org.br\/?p=26846#primaryimage"},"image":{"@id":"https:\/\/news.ecclesia.org.br\/?p=26846#primaryimage"},"thumbnailUrl":"https:\/\/news.ecclesia.org.br\/wp-content\/uploads\/2019\/07\/patriarca-tomos.jpg","datePublished":"2019-07-18T12:46:50+00:00","dateModified":"2021-07-30T18:59:43+00:00","breadcrumb":{"@id":"https:\/\/news.ecclesia.org.br\/?p=26846#breadcrumb"},"inLanguage":"pt-BR","potentialAction":[{"@type":"ReadAction","target":["https:\/\/news.ecclesia.org.br\/?p=26846"]}]},{"@type":"ImageObject","inLanguage":"pt-BR","@id":"https:\/\/news.ecclesia.org.br\/?p=26846#primaryimage","url":"https:\/\/news.ecclesia.org.br\/wp-content\/uploads\/2019\/07\/patriarca-tomos.jpg","contentUrl":"https:\/\/news.ecclesia.org.br\/wp-content\/uploads\/2019\/07\/patriarca-tomos.jpg","width":780,"height":430},{"@type":"BreadcrumbList","@id":"https:\/\/news.ecclesia.org.br\/?p=26846#breadcrumb","itemListElement":[{"@type":"ListItem","position":1,"name":"In\u00edcio","item":"https:\/\/news.ecclesia.org.br\/"},{"@type":"ListItem","position":2,"name":"Declara\u00e7\u00e3o do Patriarcado Ecum\u00eanico sobre acusa\u00e7\u00f5es\u00a0ofensivas"}]},{"@type":"WebSite","@id":"https:\/\/news.ecclesia.org.br\/#website","url":"https:\/\/news.ecclesia.org.br\/","name":"Ecclesia Brasil","description":"Desde 2003 onectando o Brasil ao mundo ortodoxo!","publisher":{"@id":"https:\/\/news.ecclesia.org.br\/#organization"},"alternateName":"Ecclesia","potentialAction":[{"@type":"SearchAction","target":{"@type":"EntryPoint","urlTemplate":"https:\/\/news.ecclesia.org.br\/?s={search_term_string}"},"query-input":{"@type":"PropertyValueSpecification","valueRequired":true,"valueName":"search_term_string"}}],"inLanguage":"pt-BR"},{"@type":"Organization","@id":"https:\/\/news.ecclesia.org.br\/#organization","name":"Sacra Arquidiocese de Buenos Aires e Am\u00e9rica do Sul | Patriarcado Ecum\u00eanico","alternateName":"News Ecclesia Brasil","url":"https:\/\/news.ecclesia.org.br\/","logo":{"@type":"ImageObject","inLanguage":"pt-BR","@id":"https:\/\/news.ecclesia.org.br\/#\/schema\/logo\/image\/","url":"https:\/\/news.ecclesia.org.br\/wp-content\/uploads\/2025\/05\/ecclesia2.png","contentUrl":"https:\/\/news.ecclesia.org.br\/wp-content\/uploads\/2025\/05\/ecclesia2.png","width":480,"height":120,"caption":"Sacra Arquidiocese de Buenos Aires e Am\u00e9rica do Sul | Patriarcado Ecum\u00eanico"},"image":{"@id":"https:\/\/news.ecclesia.org.br\/#\/schema\/logo\/image\/"},"sameAs":["https:\/\/www.facebook.com\/Ecclesia2025","https:\/\/x.com\/EcclesiaNews","https:\/\/br.pinterest.com\/ekklisia\/","https:\/\/www.youtube.com\/@EcclesiaBrasil"]},{"@type":"Person","@id":"https:\/\/news.ecclesia.org.br\/#\/schema\/person\/6f09597f025829745ba414a569f63758","name":"Pe. Andr\u00e9","image":{"@type":"ImageObject","inLanguage":"pt-BR","@id":"https:\/\/secure.gravatar.com\/avatar\/b4327cfa27e9799da239a26adcd534fc29cdc0c4a4a148eecbcfeb9b42c617ac?s=96&d=mm&r=g","url":"https:\/\/secure.gravatar.com\/avatar\/b4327cfa27e9799da239a26adcd534fc29cdc0c4a4a148eecbcfeb9b42c617ac?s=96&d=mm&r=g","contentUrl":"https:\/\/secure.gravatar.com\/avatar\/b4327cfa27e9799da239a26adcd534fc29cdc0c4a4a148eecbcfeb9b42c617ac?s=96&d=mm&r=g","caption":"Pe. Andr\u00e9"},"sameAs":["https:\/\/www.ecclesia.org.br"]}]}},"_links":{"self":[{"href":"https:\/\/news.ecclesia.org.br\/index.php?rest_route=\/wp\/v2\/posts\/26846","targetHints":{"allow":["GET"]}}],"collection":[{"href":"https:\/\/news.ecclesia.org.br\/index.php?rest_route=\/wp\/v2\/posts"}],"about":[{"href":"https:\/\/news.ecclesia.org.br\/index.php?rest_route=\/wp\/v2\/types\/post"}],"author":[{"embeddable":true,"href":"https:\/\/news.ecclesia.org.br\/index.php?rest_route=\/wp\/v2\/users\/1"}],"replies":[{"embeddable":true,"href":"https:\/\/news.ecclesia.org.br\/index.php?rest_route=%2Fwp%2Fv2%2Fcomments&post=26846"}],"version-history":[{"count":2,"href":"https:\/\/news.ecclesia.org.br\/index.php?rest_route=\/wp\/v2\/posts\/26846\/revisions"}],"predecessor-version":[{"id":38595,"href":"https:\/\/news.ecclesia.org.br\/index.php?rest_route=\/wp\/v2\/posts\/26846\/revisions\/38595"}],"wp:featuredmedia":[{"embeddable":true,"href":"https:\/\/news.ecclesia.org.br\/index.php?rest_route=\/wp\/v2\/media\/26847"}],"wp:attachment":[{"href":"https:\/\/news.ecclesia.org.br\/index.php?rest_route=%2Fwp%2Fv2%2Fmedia&parent=26846"}],"wp:term":[{"taxonomy":"category","embeddable":true,"href":"https:\/\/news.ecclesia.org.br\/index.php?rest_route=%2Fwp%2Fv2%2Fcategories&post=26846"},{"taxonomy":"post_tag","embeddable":true,"href":"https:\/\/news.ecclesia.org.br\/index.php?rest_route=%2Fwp%2Fv2%2Ftags&post=26846"}],"curies":[{"name":"wp","href":"https:\/\/api.w.org\/{rel}","templated":true}]}}