{"id":26843,"date":"2019-07-17T20:00:34","date_gmt":"2019-07-17T20:00:34","guid":{"rendered":"https:\/\/news.ecclesia.org.br\/?p=26843"},"modified":"2021-07-30T16:00:05","modified_gmt":"2021-07-30T19:00:05","slug":"arcebispo-elpidophoros-da-america-encontra-se-com-o-presidente-trump","status":"publish","type":"post","link":"https:\/\/news.ecclesia.org.br\/?p=26843","title":{"rendered":"Arcebispo Elpidophoros da Am\u00e9rica encontra-se com o Presidente Trump"},"content":{"rendered":"<p style=\"text-align: justify;\">17 de julho de 2019 &#8212; GOARCH &#8212; WASHINGTON &#8211; Sua Emin\u00eancia, Arcebispo Elpidophoros da Am\u00e9rica, reuniu-se no \u00faltimo dia 16 de julho de 2019 com o Presidente Donald Trump no Gabinete Oval da Casa Branca. A reuni\u00e3o contou com a presen\u00e7a do vice-presidente Mike Pence e do secret\u00e1rio de Sa\u00fade e Servi\u00e7os Humanos, Alex Azar. A reuni\u00e3o foi bastante cordial e o Arcebispo teve a oportunidade de agradecer ao Presidente por: a) enviar seu representante na cerim\u00f4nia de entroniza\u00e7\u00e3o; b) sua calorosa carta de felicita\u00e7\u00f5es ao assumir sua nova posi\u00e7\u00e3o; c) seu sincero apoio \u00e0 sagrada institui\u00e7\u00e3o do Patriarcado Ecum\u00eanico e, d) pela sensibilidade constantemente demonstrada do Presidente \u00e0 prote\u00e7\u00e3o dos crist\u00e3os em todo o mundo.<\/p>\n<p style=\"text-align: justify;\">O Presidente indicou um interesse particular pela Igreja Ortodoxa e prometeu seguir apoiando as atividades e o trabalho da Arquidiocese Ortodoxa Grega da Am\u00e9rica.<\/p>\n<p style=\"text-align: justify;\">O Arcebispo, acompanhado pelo Rev. Protopresb\u00edtero do Patriarcado Ecum\u00eanico Alexander Karloutsos, Vig\u00e1rio Geral da Arquidiocese, encontra-se em Washington onde participa da Reuni\u00e3o Ministerial anual para o Progresso da Liberdade Religiosa, organizada pelo segundo ano consecutivo sob a dire\u00e7\u00e3o do Embaixador dos Estados Unidos para a Liberdade Religiosa, Samuel Brownback, que est\u00e1 trabalhando sob a \u00e9gide do Departamento de Estado. No final do dia, Sua Emin\u00eancia participou de um jantar formal em sua honra, organizado pela Ordem de Santo Andr\u00e9, Arcontes do Patriarcado Ecum\u00eanico, sob a lideran\u00e7a do Dr. Anthony Limberakis e a honrosa presen\u00e7a de Sua Beatitude Patriarca Theophilos de Jerusal\u00e9m. O Arcebispo Epidophoros participa ainda hoje de encontro com o Secret\u00e1rio de Estado Mike Pompeo no qual ir\u00e1 tratar da Prote\u00e7\u00e3o de Minorias Religiosas Vulner\u00e1veis \u200b\u200bem Conflitos e Crises.<\/p>\n<hr \/>\n<p style=\"text-align: right;\">Fotos est\u00e3o dispon\u00edveis em: <a href=\"https:\/\/www.flickr.com\/photos\/goarch\/albums\/72157709690933782\/\" target=\"_blank\" rel=\"noopener noreferrer\">https:\/\/www.flickr.com\/photos\/goarch\/albums\/72157709690933782\/<\/a><\/p>\n","protected":false},"excerpt":{"rendered":"<p>17 de julho de 2019 &#8212; GOARCH &#8212; WASHINGTON &#8211; Sua Emin\u00eancia, Arcebispo Elpidophoros da Am\u00e9rica, reuniu-se no \u00faltimo dia 16 de julho de 2019 com o Presidente Donald Trump no Gabinete Oval da Casa Branca. A reuni\u00e3o contou com&#8230;<\/p>\n","protected":false},"author":1,"featured_media":26844,"comment_status":"open","ping_status":"open","sticky":false,"template":"","format":"standard","meta":{"_acf_changed":false,"footnotes":""},"categories":[1],"tags":[],"class_list":["post-26843","post","type-post","status-publish","format-standard","has-post-thumbnail","hentry","category-news","entry","rows-excerpt"],"acf":[],"yoast_head":"<!-- This site is optimized with the Yoast SEO plugin v27.4 - https:\/\/yoast.com\/product\/yoast-seo-wordpress\/ -->\n<title>Arcebispo Elpidophoros da Am\u00e9rica encontra-se com o Presidente Trump | ECCLESIA NEWS<\/title>\n<meta name=\"robots\" content=\"index, follow, max-snippet:-1, max-image-preview:large, max-video-preview:-1\" \/>\n<link rel=\"canonical\" href=\"https:\/\/news.ecclesia.org.br\/?p=26843\" \/>\n<meta property=\"og:locale\" content=\"pt_BR\" \/>\n<meta property=\"og:type\" content=\"article\" \/>\n<meta property=\"og:title\" content=\"Arcebispo Elpidophoros da Am\u00e9rica encontra-se com o Presidente Trump | ECCLESIA NEWS\" \/>\n<meta property=\"og:description\" content=\"17 de julho de 2019 &#8212; GOARCH &#8212; WASHINGTON &#8211; Sua Emin\u00eancia, Arcebispo Elpidophoros da Am\u00e9rica, reuniu-se no \u00faltimo dia 16 de julho de 2019 com o Presidente Donald Trump no Gabinete Oval da Casa Branca. A reuni\u00e3o contou com&#8230;\" \/>\n<meta property=\"og:url\" content=\"https:\/\/news.ecclesia.org.br\/?p=26843\" \/>\n<meta property=\"og:site_name\" content=\"ECCLESIA NEWS\" \/>\n<meta property=\"article:publisher\" content=\"https:\/\/www.facebook.com\/Ecclesia2025\" \/>\n<meta property=\"article:published_time\" content=\"2019-07-17T20:00:34+00:00\" \/>\n<meta property=\"article:modified_time\" content=\"2021-07-30T19:00:05+00:00\" \/>\n<meta property=\"og:image\" content=\"https:\/\/news.ecclesia.org.br\/wp-content\/uploads\/2019\/07\/2019-07-16-white-house.jpg\" \/>\n\t<meta property=\"og:image:width\" content=\"800\" \/>\n\t<meta property=\"og:image:height\" content=\"533\" \/>\n\t<meta property=\"og:image:type\" content=\"image\/jpeg\" \/>\n<meta name=\"author\" content=\"Pe. Andr\u00e9\" \/>\n<meta name=\"twitter:card\" content=\"summary_large_image\" \/>\n<meta name=\"twitter:creator\" content=\"@EcclesiaNews\" \/>\n<meta name=\"twitter:site\" content=\"@EcclesiaNews\" \/>\n<meta name=\"twitter:label1\" content=\"Escrito por\" \/>\n\t<meta name=\"twitter:data1\" content=\"Pe. Andr\u00e9\" \/>\n\t<meta name=\"twitter:label2\" content=\"Est. tempo de leitura\" \/>\n\t<meta name=\"twitter:data2\" content=\"2 minutos\" \/>\n<script type=\"application\/ld+json\" class=\"yoast-schema-graph\">{\"@context\":\"https:\\\/\\\/schema.org\",\"@graph\":[{\"@type\":\"Article\",\"@id\":\"https:\\\/\\\/news.ecclesia.org.br\\\/?p=26843#article\",\"isPartOf\":{\"@id\":\"https:\\\/\\\/news.ecclesia.org.br\\\/?p=26843\"},\"author\":{\"name\":\"Pe. Andr\u00e9\",\"@id\":\"https:\\\/\\\/news.ecclesia.org.br\\\/#\\\/schema\\\/person\\\/6f09597f025829745ba414a569f63758\"},\"headline\":\"Arcebispo Elpidophoros da Am\u00e9rica encontra-se com o Presidente Trump\",\"datePublished\":\"2019-07-17T20:00:34+00:00\",\"dateModified\":\"2021-07-30T19:00:05+00:00\",\"mainEntityOfPage\":{\"@id\":\"https:\\\/\\\/news.ecclesia.org.br\\\/?p=26843\"},\"wordCount\":318,\"commentCount\":0,\"publisher\":{\"@id\":\"https:\\\/\\\/news.ecclesia.org.br\\\/#organization\"},\"image\":{\"@id\":\"https:\\\/\\\/news.ecclesia.org.br\\\/?p=26843#primaryimage\"},\"thumbnailUrl\":\"https:\\\/\\\/news.ecclesia.org.br\\\/wp-content\\\/uploads\\\/2019\\\/07\\\/2019-07-16-white-house.jpg\",\"articleSection\":[\"NEWS\"],\"inLanguage\":\"pt-BR\",\"potentialAction\":[{\"@type\":\"CommentAction\",\"name\":\"Comment\",\"target\":[\"https:\\\/\\\/news.ecclesia.org.br\\\/?p=26843#respond\"]}]},{\"@type\":\"WebPage\",\"@id\":\"https:\\\/\\\/news.ecclesia.org.br\\\/?p=26843\",\"url\":\"https:\\\/\\\/news.ecclesia.org.br\\\/?p=26843\",\"name\":\"Arcebispo Elpidophoros da Am\u00e9rica encontra-se com o Presidente Trump | ECCLESIA NEWS\",\"isPartOf\":{\"@id\":\"https:\\\/\\\/news.ecclesia.org.br\\\/#website\"},\"primaryImageOfPage\":{\"@id\":\"https:\\\/\\\/news.ecclesia.org.br\\\/?p=26843#primaryimage\"},\"image\":{\"@id\":\"https:\\\/\\\/news.ecclesia.org.br\\\/?p=26843#primaryimage\"},\"thumbnailUrl\":\"https:\\\/\\\/news.ecclesia.org.br\\\/wp-content\\\/uploads\\\/2019\\\/07\\\/2019-07-16-white-house.jpg\",\"datePublished\":\"2019-07-17T20:00:34+00:00\",\"dateModified\":\"2021-07-30T19:00:05+00:00\",\"breadcrumb\":{\"@id\":\"https:\\\/\\\/news.ecclesia.org.br\\\/?p=26843#breadcrumb\"},\"inLanguage\":\"pt-BR\",\"potentialAction\":[{\"@type\":\"ReadAction\",\"target\":[\"https:\\\/\\\/news.ecclesia.org.br\\\/?p=26843\"]}]},{\"@type\":\"ImageObject\",\"inLanguage\":\"pt-BR\",\"@id\":\"https:\\\/\\\/news.ecclesia.org.br\\\/?p=26843#primaryimage\",\"url\":\"https:\\\/\\\/news.ecclesia.org.br\\\/wp-content\\\/uploads\\\/2019\\\/07\\\/2019-07-16-white-house.jpg\",\"contentUrl\":\"https:\\\/\\\/news.ecclesia.org.br\\\/wp-content\\\/uploads\\\/2019\\\/07\\\/2019-07-16-white-house.jpg\",\"width\":800,\"height\":533,\"caption\":\"\u00a9 Casa Branca Oficial Foto de Shealah Craighead\"},{\"@type\":\"BreadcrumbList\",\"@id\":\"https:\\\/\\\/news.ecclesia.org.br\\\/?p=26843#breadcrumb\",\"itemListElement\":[{\"@type\":\"ListItem\",\"position\":1,\"name\":\"In\u00edcio\",\"item\":\"https:\\\/\\\/news.ecclesia.org.br\\\/\"},{\"@type\":\"ListItem\",\"position\":2,\"name\":\"Arcebispo Elpidophoros da Am\u00e9rica encontra-se com o Presidente Trump\"}]},{\"@type\":\"WebSite\",\"@id\":\"https:\\\/\\\/news.ecclesia.org.br\\\/#website\",\"url\":\"https:\\\/\\\/news.ecclesia.org.br\\\/\",\"name\":\"Ecclesia Brasil\",\"description\":\"Desde 2003 onectando o Brasil ao mundo ortodoxo!\",\"publisher\":{\"@id\":\"https:\\\/\\\/news.ecclesia.org.br\\\/#organization\"},\"alternateName\":\"Ecclesia\",\"potentialAction\":[{\"@type\":\"SearchAction\",\"target\":{\"@type\":\"EntryPoint\",\"urlTemplate\":\"https:\\\/\\\/news.ecclesia.org.br\\\/?s={search_term_string}\"},\"query-input\":{\"@type\":\"PropertyValueSpecification\",\"valueRequired\":true,\"valueName\":\"search_term_string\"}}],\"inLanguage\":\"pt-BR\"},{\"@type\":\"Organization\",\"@id\":\"https:\\\/\\\/news.ecclesia.org.br\\\/#organization\",\"name\":\"Sacra Arquidiocese de Buenos Aires e Am\u00e9rica do Sul | Patriarcado Ecum\u00eanico\",\"alternateName\":\"News Ecclesia Brasil\",\"url\":\"https:\\\/\\\/news.ecclesia.org.br\\\/\",\"logo\":{\"@type\":\"ImageObject\",\"inLanguage\":\"pt-BR\",\"@id\":\"https:\\\/\\\/news.ecclesia.org.br\\\/#\\\/schema\\\/logo\\\/image\\\/\",\"url\":\"https:\\\/\\\/news.ecclesia.org.br\\\/wp-content\\\/uploads\\\/2025\\\/05\\\/ecclesia2.png\",\"contentUrl\":\"https:\\\/\\\/news.ecclesia.org.br\\\/wp-content\\\/uploads\\\/2025\\\/05\\\/ecclesia2.png\",\"width\":480,\"height\":120,\"caption\":\"Sacra Arquidiocese de Buenos Aires e Am\u00e9rica do Sul | Patriarcado Ecum\u00eanico\"},\"image\":{\"@id\":\"https:\\\/\\\/news.ecclesia.org.br\\\/#\\\/schema\\\/logo\\\/image\\\/\"},\"sameAs\":[\"https:\\\/\\\/www.facebook.com\\\/Ecclesia2025\",\"https:\\\/\\\/x.com\\\/EcclesiaNews\",\"https:\\\/\\\/br.pinterest.com\\\/ekklisia\\\/\",\"https:\\\/\\\/www.youtube.com\\\/@EcclesiaBrasil\"]},{\"@type\":\"Person\",\"@id\":\"https:\\\/\\\/news.ecclesia.org.br\\\/#\\\/schema\\\/person\\\/6f09597f025829745ba414a569f63758\",\"name\":\"Pe. Andr\u00e9\",\"image\":{\"@type\":\"ImageObject\",\"inLanguage\":\"pt-BR\",\"@id\":\"https:\\\/\\\/secure.gravatar.com\\\/avatar\\\/b4327cfa27e9799da239a26adcd534fc29cdc0c4a4a148eecbcfeb9b42c617ac?s=96&d=mm&r=g\",\"url\":\"https:\\\/\\\/secure.gravatar.com\\\/avatar\\\/b4327cfa27e9799da239a26adcd534fc29cdc0c4a4a148eecbcfeb9b42c617ac?s=96&d=mm&r=g\",\"contentUrl\":\"https:\\\/\\\/secure.gravatar.com\\\/avatar\\\/b4327cfa27e9799da239a26adcd534fc29cdc0c4a4a148eecbcfeb9b42c617ac?s=96&d=mm&r=g\",\"caption\":\"Pe. Andr\u00e9\"},\"sameAs\":[\"https:\\\/\\\/www.ecclesia.org.br\"]}]}<\/script>\n<!-- \/ Yoast SEO plugin. -->","yoast_head_json":{"title":"Arcebispo Elpidophoros da Am\u00e9rica encontra-se com o Presidente Trump | ECCLESIA NEWS","robots":{"index":"index","follow":"follow","max-snippet":"max-snippet:-1","max-image-preview":"max-image-preview:large","max-video-preview":"max-video-preview:-1"},"canonical":"https:\/\/news.ecclesia.org.br\/?p=26843","og_locale":"pt_BR","og_type":"article","og_title":"Arcebispo Elpidophoros da Am\u00e9rica encontra-se com o Presidente Trump | ECCLESIA NEWS","og_description":"17 de julho de 2019 &#8212; GOARCH &#8212; WASHINGTON &#8211; Sua Emin\u00eancia, Arcebispo Elpidophoros da Am\u00e9rica, reuniu-se no \u00faltimo dia 16 de julho de 2019 com o Presidente Donald Trump no Gabinete Oval da Casa Branca. A reuni\u00e3o contou com&#8230;","og_url":"https:\/\/news.ecclesia.org.br\/?p=26843","og_site_name":"ECCLESIA NEWS","article_publisher":"https:\/\/www.facebook.com\/Ecclesia2025","article_published_time":"2019-07-17T20:00:34+00:00","article_modified_time":"2021-07-30T19:00:05+00:00","og_image":[{"width":800,"height":533,"url":"https:\/\/news.ecclesia.org.br\/wp-content\/uploads\/2019\/07\/2019-07-16-white-house.jpg","type":"image\/jpeg"}],"author":"Pe. Andr\u00e9","twitter_card":"summary_large_image","twitter_creator":"@EcclesiaNews","twitter_site":"@EcclesiaNews","twitter_misc":{"Escrito por":"Pe. Andr\u00e9","Est. tempo de leitura":"2 minutos"},"schema":{"@context":"https:\/\/schema.org","@graph":[{"@type":"Article","@id":"https:\/\/news.ecclesia.org.br\/?p=26843#article","isPartOf":{"@id":"https:\/\/news.ecclesia.org.br\/?p=26843"},"author":{"name":"Pe. Andr\u00e9","@id":"https:\/\/news.ecclesia.org.br\/#\/schema\/person\/6f09597f025829745ba414a569f63758"},"headline":"Arcebispo Elpidophoros da Am\u00e9rica encontra-se com o Presidente Trump","datePublished":"2019-07-17T20:00:34+00:00","dateModified":"2021-07-30T19:00:05+00:00","mainEntityOfPage":{"@id":"https:\/\/news.ecclesia.org.br\/?p=26843"},"wordCount":318,"commentCount":0,"publisher":{"@id":"https:\/\/news.ecclesia.org.br\/#organization"},"image":{"@id":"https:\/\/news.ecclesia.org.br\/?p=26843#primaryimage"},"thumbnailUrl":"https:\/\/news.ecclesia.org.br\/wp-content\/uploads\/2019\/07\/2019-07-16-white-house.jpg","articleSection":["NEWS"],"inLanguage":"pt-BR","potentialAction":[{"@type":"CommentAction","name":"Comment","target":["https:\/\/news.ecclesia.org.br\/?p=26843#respond"]}]},{"@type":"WebPage","@id":"https:\/\/news.ecclesia.org.br\/?p=26843","url":"https:\/\/news.ecclesia.org.br\/?p=26843","name":"Arcebispo Elpidophoros da Am\u00e9rica encontra-se com o Presidente Trump | ECCLESIA NEWS","isPartOf":{"@id":"https:\/\/news.ecclesia.org.br\/#website"},"primaryImageOfPage":{"@id":"https:\/\/news.ecclesia.org.br\/?p=26843#primaryimage"},"image":{"@id":"https:\/\/news.ecclesia.org.br\/?p=26843#primaryimage"},"thumbnailUrl":"https:\/\/news.ecclesia.org.br\/wp-content\/uploads\/2019\/07\/2019-07-16-white-house.jpg","datePublished":"2019-07-17T20:00:34+00:00","dateModified":"2021-07-30T19:00:05+00:00","breadcrumb":{"@id":"https:\/\/news.ecclesia.org.br\/?p=26843#breadcrumb"},"inLanguage":"pt-BR","potentialAction":[{"@type":"ReadAction","target":["https:\/\/news.ecclesia.org.br\/?p=26843"]}]},{"@type":"ImageObject","inLanguage":"pt-BR","@id":"https:\/\/news.ecclesia.org.br\/?p=26843#primaryimage","url":"https:\/\/news.ecclesia.org.br\/wp-content\/uploads\/2019\/07\/2019-07-16-white-house.jpg","contentUrl":"https:\/\/news.ecclesia.org.br\/wp-content\/uploads\/2019\/07\/2019-07-16-white-house.jpg","width":800,"height":533,"caption":"\u00a9 Casa Branca Oficial Foto de Shealah Craighead"},{"@type":"BreadcrumbList","@id":"https:\/\/news.ecclesia.org.br\/?p=26843#breadcrumb","itemListElement":[{"@type":"ListItem","position":1,"name":"In\u00edcio","item":"https:\/\/news.ecclesia.org.br\/"},{"@type":"ListItem","position":2,"name":"Arcebispo Elpidophoros da Am\u00e9rica encontra-se com o Presidente Trump"}]},{"@type":"WebSite","@id":"https:\/\/news.ecclesia.org.br\/#website","url":"https:\/\/news.ecclesia.org.br\/","name":"Ecclesia Brasil","description":"Desde 2003 onectando o Brasil ao mundo ortodoxo!","publisher":{"@id":"https:\/\/news.ecclesia.org.br\/#organization"},"alternateName":"Ecclesia","potentialAction":[{"@type":"SearchAction","target":{"@type":"EntryPoint","urlTemplate":"https:\/\/news.ecclesia.org.br\/?s={search_term_string}"},"query-input":{"@type":"PropertyValueSpecification","valueRequired":true,"valueName":"search_term_string"}}],"inLanguage":"pt-BR"},{"@type":"Organization","@id":"https:\/\/news.ecclesia.org.br\/#organization","name":"Sacra Arquidiocese de Buenos Aires e Am\u00e9rica do Sul | Patriarcado Ecum\u00eanico","alternateName":"News Ecclesia Brasil","url":"https:\/\/news.ecclesia.org.br\/","logo":{"@type":"ImageObject","inLanguage":"pt-BR","@id":"https:\/\/news.ecclesia.org.br\/#\/schema\/logo\/image\/","url":"https:\/\/news.ecclesia.org.br\/wp-content\/uploads\/2025\/05\/ecclesia2.png","contentUrl":"https:\/\/news.ecclesia.org.br\/wp-content\/uploads\/2025\/05\/ecclesia2.png","width":480,"height":120,"caption":"Sacra Arquidiocese de Buenos Aires e Am\u00e9rica do Sul | Patriarcado Ecum\u00eanico"},"image":{"@id":"https:\/\/news.ecclesia.org.br\/#\/schema\/logo\/image\/"},"sameAs":["https:\/\/www.facebook.com\/Ecclesia2025","https:\/\/x.com\/EcclesiaNews","https:\/\/br.pinterest.com\/ekklisia\/","https:\/\/www.youtube.com\/@EcclesiaBrasil"]},{"@type":"Person","@id":"https:\/\/news.ecclesia.org.br\/#\/schema\/person\/6f09597f025829745ba414a569f63758","name":"Pe. Andr\u00e9","image":{"@type":"ImageObject","inLanguage":"pt-BR","@id":"https:\/\/secure.gravatar.com\/avatar\/b4327cfa27e9799da239a26adcd534fc29cdc0c4a4a148eecbcfeb9b42c617ac?s=96&d=mm&r=g","url":"https:\/\/secure.gravatar.com\/avatar\/b4327cfa27e9799da239a26adcd534fc29cdc0c4a4a148eecbcfeb9b42c617ac?s=96&d=mm&r=g","contentUrl":"https:\/\/secure.gravatar.com\/avatar\/b4327cfa27e9799da239a26adcd534fc29cdc0c4a4a148eecbcfeb9b42c617ac?s=96&d=mm&r=g","caption":"Pe. Andr\u00e9"},"sameAs":["https:\/\/www.ecclesia.org.br"]}]}},"_links":{"self":[{"href":"https:\/\/news.ecclesia.org.br\/index.php?rest_route=\/wp\/v2\/posts\/26843","targetHints":{"allow":["GET"]}}],"collection":[{"href":"https:\/\/news.ecclesia.org.br\/index.php?rest_route=\/wp\/v2\/posts"}],"about":[{"href":"https:\/\/news.ecclesia.org.br\/index.php?rest_route=\/wp\/v2\/types\/post"}],"author":[{"embeddable":true,"href":"https:\/\/news.ecclesia.org.br\/index.php?rest_route=\/wp\/v2\/users\/1"}],"replies":[{"embeddable":true,"href":"https:\/\/news.ecclesia.org.br\/index.php?rest_route=%2Fwp%2Fv2%2Fcomments&post=26843"}],"version-history":[{"count":1,"href":"https:\/\/news.ecclesia.org.br\/index.php?rest_route=\/wp\/v2\/posts\/26843\/revisions"}],"predecessor-version":[{"id":38596,"href":"https:\/\/news.ecclesia.org.br\/index.php?rest_route=\/wp\/v2\/posts\/26843\/revisions\/38596"}],"wp:featuredmedia":[{"embeddable":true,"href":"https:\/\/news.ecclesia.org.br\/index.php?rest_route=\/wp\/v2\/media\/26844"}],"wp:attachment":[{"href":"https:\/\/news.ecclesia.org.br\/index.php?rest_route=%2Fwp%2Fv2%2Fmedia&parent=26843"}],"wp:term":[{"taxonomy":"category","embeddable":true,"href":"https:\/\/news.ecclesia.org.br\/index.php?rest_route=%2Fwp%2Fv2%2Fcategories&post=26843"},{"taxonomy":"post_tag","embeddable":true,"href":"https:\/\/news.ecclesia.org.br\/index.php?rest_route=%2Fwp%2Fv2%2Ftags&post=26843"}],"curies":[{"name":"wp","href":"https:\/\/api.w.org\/{rel}","templated":true}]}}