{"id":2673,"date":"2009-10-18T22:17:45","date_gmt":"2009-10-19T01:17:45","guid":{"rendered":"http:\/\/www.ecclesia.com.br\/news\/?p=2673"},"modified":"2016-03-14T20:40:29","modified_gmt":"2016-03-14T20:40:29","slug":"ortodoxos-e-catolicos-reunidos-em-chipre","status":"publish","type":"post","link":"https:\/\/news.ecclesia.org.br\/?p=2673","title":{"rendered":"Ortodoxos e Cat\u00f3licos reunidos em Chipre"},"content":{"rendered":"<p style=\"text-align: justify;\"><img fetchpriority=\"high\" decoding=\"async\" class=\"alignleft size-medium wp-image-14763\" src=\"https:\/\/news.ecclesia.org.br\/2013\/wp-content\/uploads\/2009\/10\/chipre-300x200.jpg\" alt=\"chipre\" width=\"300\" height=\"200\" srcset=\"https:\/\/news.ecclesia.org.br\/wp-content\/uploads\/2009\/10\/chipre-300x200.jpg 300w, https:\/\/news.ecclesia.org.br\/wp-content\/uploads\/2009\/10\/chipre-768x512.jpg 768w, https:\/\/news.ecclesia.org.br\/wp-content\/uploads\/2009\/10\/chipre-600x400.jpg 600w, https:\/\/news.ecclesia.org.br\/wp-content\/uploads\/2009\/10\/chipre-82x55.jpg 82w, https:\/\/news.ecclesia.org.br\/wp-content\/uploads\/2009\/10\/chipre-60x40.jpg 60w, https:\/\/news.ecclesia.org.br\/wp-content\/uploads\/2009\/10\/chipre-120x80.jpg 120w, https:\/\/news.ecclesia.org.br\/wp-content\/uploads\/2009\/10\/chipre.jpg 886w\" sizes=\"(max-width: 300px) 100vw, 300px\" \/>NIC\u00d3SIA, 13 out (<a href=\"http:\/\/www.oecumene.radiovaticana.org\/\" target=\"_blank\">RV<\/a>) &#8211; \u00abO papel do bispo de Roma na comunh\u00e3o da Igreja no primeiro mil\u00eanio\u00bb \u00e9 tema da sess\u00e3o plen\u00e1ria da Comiss\u00e3o Mista Internacional para o di\u00e1logo teol\u00f3gico entre as Igrejas Cat\u00f3lica e Ortodoxa. O encontro est\u00e1 acontecendo em Chipre, de 16 a 23 de outubro. O tema \u00e9 crucial para a possibilidade das duas Igrejas alcan\u00e7arem a comunh\u00e3o comum, e esta sess\u00e3o vai praticamente prosseguir o trabalho iniciado na <a href=\"http:\/\/www.ecclesia.com.br\/biblioteca\/dialogo_ecumenico\/documento_de_ravena.html\">\u00faltima plen\u00e1ria em Ravenna, na It\u00e1lia, em 2007<\/a>. Desta vez, o encontro ganha uma novidade, considerada \u00abum passo adiante\u00bb: a participa\u00e7\u00e3o dos representantes do Patriarcado Ortodoxo de Moscou, que esclareceram e concordaram sua presen\u00e7a com o Patriarcado Ecum\u00eanico de Constantinopla e com as outras Igrejas Ortodoxas. \u00abA presen\u00e7a de todas as Igrejas Ortodoxas \u00e9 essencial para o sucesso do di\u00e1logo\u00bb &#8211; garante Mons. Eleut\u00e9rio Fortino, secret\u00e1rio do Pontif\u00edcio Conselho para a Unidade dos Crist\u00e3os. \u00ab\u00c0s vezes, esta complexidade torna o di\u00e1logo e seu progresso mais lentos, mas o seu objetivo justifica a necessidade de um esclarecimento e de um consenso que envolva todos\u00bb. A Comiss\u00e3o mista \u00e9 composta por 60 membros: 30 ortodoxos e 30 cat\u00f3licos, e \u00e9 moderada por dois co-presidentes: o Cardeal Walter Kasper, presidente do Pontif\u00edcio Conselho para a Unidade dos Crist\u00e3os e pelo Metropolita Ortodoxo de Pergamo, Ioannis Zizioulas, do Patriarcado Ecum\u00eanico de Constantinopla. (CM)<\/p>\n","protected":false},"excerpt":{"rendered":"<p>NIC\u00d3SIA, 13 out (RV) &#8211; \u00abO papel do bispo de Roma na comunh\u00e3o da Igreja no primeiro mil\u00eanio\u00bb \u00e9 tema da sess\u00e3o plen\u00e1ria da Comiss\u00e3o Mista Internacional para o di\u00e1logo teol\u00f3gico entre as Igrejas Cat\u00f3lica e Ortodoxa. O encontro est\u00e1&#8230;<\/p>\n","protected":false},"author":1,"featured_media":14763,"comment_status":"open","ping_status":"open","sticky":false,"template":"","format":"standard","meta":{"_acf_changed":false,"footnotes":""},"categories":[1],"tags":[],"class_list":["post-2673","post","type-post","status-publish","format-standard","has-post-thumbnail","hentry","category-news","entry","rows-excerpt"],"acf":[],"yoast_head":"<!-- This site is optimized with the Yoast SEO plugin v27.4 - https:\/\/yoast.com\/product\/yoast-seo-wordpress\/ -->\n<title>Ortodoxos e Cat\u00f3licos reunidos em Chipre | ECCLESIA NEWS<\/title>\n<meta name=\"robots\" content=\"index, follow, max-snippet:-1, max-image-preview:large, max-video-preview:-1\" \/>\n<link rel=\"canonical\" href=\"https:\/\/news.ecclesia.org.br\/?p=2673\" \/>\n<meta property=\"og:locale\" content=\"pt_BR\" \/>\n<meta property=\"og:type\" content=\"article\" \/>\n<meta property=\"og:title\" content=\"Ortodoxos e Cat\u00f3licos reunidos em Chipre | ECCLESIA NEWS\" \/>\n<meta property=\"og:description\" content=\"NIC\u00d3SIA, 13 out (RV) &#8211; \u00abO papel do bispo de Roma na comunh\u00e3o da Igreja no primeiro mil\u00eanio\u00bb \u00e9 tema da sess\u00e3o plen\u00e1ria da Comiss\u00e3o Mista Internacional para o di\u00e1logo teol\u00f3gico entre as Igrejas Cat\u00f3lica e Ortodoxa. O encontro est\u00e1&#8230;\" \/>\n<meta property=\"og:url\" content=\"https:\/\/news.ecclesia.org.br\/?p=2673\" \/>\n<meta property=\"og:site_name\" content=\"ECCLESIA NEWS\" \/>\n<meta property=\"article:publisher\" content=\"https:\/\/www.facebook.com\/Ecclesia2025\" \/>\n<meta property=\"article:published_time\" content=\"2009-10-19T01:17:45+00:00\" \/>\n<meta property=\"article:modified_time\" content=\"2016-03-14T20:40:29+00:00\" \/>\n<meta property=\"og:image\" content=\"https:\/\/news.ecclesia.org.br\/wp-content\/uploads\/2009\/10\/chipre.jpg\" \/>\n\t<meta property=\"og:image:width\" content=\"886\" \/>\n\t<meta property=\"og:image:height\" content=\"591\" \/>\n\t<meta property=\"og:image:type\" content=\"image\/jpeg\" \/>\n<meta name=\"author\" content=\"Pe. Andr\u00e9\" \/>\n<meta name=\"twitter:card\" content=\"summary_large_image\" \/>\n<meta name=\"twitter:creator\" content=\"@EcclesiaNews\" \/>\n<meta name=\"twitter:site\" content=\"@EcclesiaNews\" \/>\n<meta name=\"twitter:label1\" content=\"Escrito por\" \/>\n\t<meta name=\"twitter:data1\" content=\"Pe. Andr\u00e9\" \/>\n\t<meta name=\"twitter:label2\" content=\"Est. tempo de leitura\" \/>\n\t<meta name=\"twitter:data2\" content=\"1 minuto\" \/>\n<script type=\"application\/ld+json\" class=\"yoast-schema-graph\">{\"@context\":\"https:\\\/\\\/schema.org\",\"@graph\":[{\"@type\":\"Article\",\"@id\":\"https:\\\/\\\/news.ecclesia.org.br\\\/?p=2673#article\",\"isPartOf\":{\"@id\":\"https:\\\/\\\/news.ecclesia.org.br\\\/?p=2673\"},\"author\":{\"name\":\"Pe. Andr\u00e9\",\"@id\":\"https:\\\/\\\/news.ecclesia.org.br\\\/#\\\/schema\\\/person\\\/6f09597f025829745ba414a569f63758\"},\"headline\":\"Ortodoxos e Cat\u00f3licos reunidos em Chipre\",\"datePublished\":\"2009-10-19T01:17:45+00:00\",\"dateModified\":\"2016-03-14T20:40:29+00:00\",\"mainEntityOfPage\":{\"@id\":\"https:\\\/\\\/news.ecclesia.org.br\\\/?p=2673\"},\"wordCount\":246,\"commentCount\":2,\"publisher\":{\"@id\":\"https:\\\/\\\/news.ecclesia.org.br\\\/#organization\"},\"image\":{\"@id\":\"https:\\\/\\\/news.ecclesia.org.br\\\/?p=2673#primaryimage\"},\"thumbnailUrl\":\"https:\\\/\\\/news.ecclesia.org.br\\\/wp-content\\\/uploads\\\/2009\\\/10\\\/chipre.jpg\",\"articleSection\":[\"NEWS\"],\"inLanguage\":\"pt-BR\",\"potentialAction\":[{\"@type\":\"CommentAction\",\"name\":\"Comment\",\"target\":[\"https:\\\/\\\/news.ecclesia.org.br\\\/?p=2673#respond\"]}]},{\"@type\":\"WebPage\",\"@id\":\"https:\\\/\\\/news.ecclesia.org.br\\\/?p=2673\",\"url\":\"https:\\\/\\\/news.ecclesia.org.br\\\/?p=2673\",\"name\":\"Ortodoxos e Cat\u00f3licos reunidos em Chipre | ECCLESIA NEWS\",\"isPartOf\":{\"@id\":\"https:\\\/\\\/news.ecclesia.org.br\\\/#website\"},\"primaryImageOfPage\":{\"@id\":\"https:\\\/\\\/news.ecclesia.org.br\\\/?p=2673#primaryimage\"},\"image\":{\"@id\":\"https:\\\/\\\/news.ecclesia.org.br\\\/?p=2673#primaryimage\"},\"thumbnailUrl\":\"https:\\\/\\\/news.ecclesia.org.br\\\/wp-content\\\/uploads\\\/2009\\\/10\\\/chipre.jpg\",\"datePublished\":\"2009-10-19T01:17:45+00:00\",\"dateModified\":\"2016-03-14T20:40:29+00:00\",\"breadcrumb\":{\"@id\":\"https:\\\/\\\/news.ecclesia.org.br\\\/?p=2673#breadcrumb\"},\"inLanguage\":\"pt-BR\",\"potentialAction\":[{\"@type\":\"ReadAction\",\"target\":[\"https:\\\/\\\/news.ecclesia.org.br\\\/?p=2673\"]}]},{\"@type\":\"ImageObject\",\"inLanguage\":\"pt-BR\",\"@id\":\"https:\\\/\\\/news.ecclesia.org.br\\\/?p=2673#primaryimage\",\"url\":\"https:\\\/\\\/news.ecclesia.org.br\\\/wp-content\\\/uploads\\\/2009\\\/10\\\/chipre.jpg\",\"contentUrl\":\"https:\\\/\\\/news.ecclesia.org.br\\\/wp-content\\\/uploads\\\/2009\\\/10\\\/chipre.jpg\",\"width\":886,\"height\":591},{\"@type\":\"BreadcrumbList\",\"@id\":\"https:\\\/\\\/news.ecclesia.org.br\\\/?p=2673#breadcrumb\",\"itemListElement\":[{\"@type\":\"ListItem\",\"position\":1,\"name\":\"In\u00edcio\",\"item\":\"https:\\\/\\\/news.ecclesia.org.br\\\/\"},{\"@type\":\"ListItem\",\"position\":2,\"name\":\"Ortodoxos e Cat\u00f3licos reunidos em Chipre\"}]},{\"@type\":\"WebSite\",\"@id\":\"https:\\\/\\\/news.ecclesia.org.br\\\/#website\",\"url\":\"https:\\\/\\\/news.ecclesia.org.br\\\/\",\"name\":\"Ecclesia Brasil\",\"description\":\"Desde 2003 onectando o Brasil ao mundo ortodoxo!\",\"publisher\":{\"@id\":\"https:\\\/\\\/news.ecclesia.org.br\\\/#organization\"},\"alternateName\":\"Ecclesia\",\"potentialAction\":[{\"@type\":\"SearchAction\",\"target\":{\"@type\":\"EntryPoint\",\"urlTemplate\":\"https:\\\/\\\/news.ecclesia.org.br\\\/?s={search_term_string}\"},\"query-input\":{\"@type\":\"PropertyValueSpecification\",\"valueRequired\":true,\"valueName\":\"search_term_string\"}}],\"inLanguage\":\"pt-BR\"},{\"@type\":\"Organization\",\"@id\":\"https:\\\/\\\/news.ecclesia.org.br\\\/#organization\",\"name\":\"Sacra Arquidiocese de Buenos Aires e Am\u00e9rica do Sul | Patriarcado Ecum\u00eanico\",\"alternateName\":\"News Ecclesia Brasil\",\"url\":\"https:\\\/\\\/news.ecclesia.org.br\\\/\",\"logo\":{\"@type\":\"ImageObject\",\"inLanguage\":\"pt-BR\",\"@id\":\"https:\\\/\\\/news.ecclesia.org.br\\\/#\\\/schema\\\/logo\\\/image\\\/\",\"url\":\"https:\\\/\\\/news.ecclesia.org.br\\\/wp-content\\\/uploads\\\/2025\\\/05\\\/ecclesia2.png\",\"contentUrl\":\"https:\\\/\\\/news.ecclesia.org.br\\\/wp-content\\\/uploads\\\/2025\\\/05\\\/ecclesia2.png\",\"width\":480,\"height\":120,\"caption\":\"Sacra Arquidiocese de Buenos Aires e Am\u00e9rica do Sul | Patriarcado Ecum\u00eanico\"},\"image\":{\"@id\":\"https:\\\/\\\/news.ecclesia.org.br\\\/#\\\/schema\\\/logo\\\/image\\\/\"},\"sameAs\":[\"https:\\\/\\\/www.facebook.com\\\/Ecclesia2025\",\"https:\\\/\\\/x.com\\\/EcclesiaNews\",\"https:\\\/\\\/br.pinterest.com\\\/ekklisia\\\/\",\"https:\\\/\\\/www.youtube.com\\\/@EcclesiaBrasil\"]},{\"@type\":\"Person\",\"@id\":\"https:\\\/\\\/news.ecclesia.org.br\\\/#\\\/schema\\\/person\\\/6f09597f025829745ba414a569f63758\",\"name\":\"Pe. Andr\u00e9\",\"image\":{\"@type\":\"ImageObject\",\"inLanguage\":\"pt-BR\",\"@id\":\"https:\\\/\\\/secure.gravatar.com\\\/avatar\\\/b4327cfa27e9799da239a26adcd534fc29cdc0c4a4a148eecbcfeb9b42c617ac?s=96&d=mm&r=g\",\"url\":\"https:\\\/\\\/secure.gravatar.com\\\/avatar\\\/b4327cfa27e9799da239a26adcd534fc29cdc0c4a4a148eecbcfeb9b42c617ac?s=96&d=mm&r=g\",\"contentUrl\":\"https:\\\/\\\/secure.gravatar.com\\\/avatar\\\/b4327cfa27e9799da239a26adcd534fc29cdc0c4a4a148eecbcfeb9b42c617ac?s=96&d=mm&r=g\",\"caption\":\"Pe. Andr\u00e9\"},\"sameAs\":[\"https:\\\/\\\/www.ecclesia.org.br\"]}]}<\/script>\n<!-- \/ Yoast SEO plugin. -->","yoast_head_json":{"title":"Ortodoxos e Cat\u00f3licos reunidos em Chipre | ECCLESIA NEWS","robots":{"index":"index","follow":"follow","max-snippet":"max-snippet:-1","max-image-preview":"max-image-preview:large","max-video-preview":"max-video-preview:-1"},"canonical":"https:\/\/news.ecclesia.org.br\/?p=2673","og_locale":"pt_BR","og_type":"article","og_title":"Ortodoxos e Cat\u00f3licos reunidos em Chipre | ECCLESIA NEWS","og_description":"NIC\u00d3SIA, 13 out (RV) &#8211; \u00abO papel do bispo de Roma na comunh\u00e3o da Igreja no primeiro mil\u00eanio\u00bb \u00e9 tema da sess\u00e3o plen\u00e1ria da Comiss\u00e3o Mista Internacional para o di\u00e1logo teol\u00f3gico entre as Igrejas Cat\u00f3lica e Ortodoxa. O encontro est\u00e1&#8230;","og_url":"https:\/\/news.ecclesia.org.br\/?p=2673","og_site_name":"ECCLESIA NEWS","article_publisher":"https:\/\/www.facebook.com\/Ecclesia2025","article_published_time":"2009-10-19T01:17:45+00:00","article_modified_time":"2016-03-14T20:40:29+00:00","og_image":[{"width":886,"height":591,"url":"https:\/\/news.ecclesia.org.br\/wp-content\/uploads\/2009\/10\/chipre.jpg","type":"image\/jpeg"}],"author":"Pe. Andr\u00e9","twitter_card":"summary_large_image","twitter_creator":"@EcclesiaNews","twitter_site":"@EcclesiaNews","twitter_misc":{"Escrito por":"Pe. Andr\u00e9","Est. tempo de leitura":"1 minuto"},"schema":{"@context":"https:\/\/schema.org","@graph":[{"@type":"Article","@id":"https:\/\/news.ecclesia.org.br\/?p=2673#article","isPartOf":{"@id":"https:\/\/news.ecclesia.org.br\/?p=2673"},"author":{"name":"Pe. Andr\u00e9","@id":"https:\/\/news.ecclesia.org.br\/#\/schema\/person\/6f09597f025829745ba414a569f63758"},"headline":"Ortodoxos e Cat\u00f3licos reunidos em Chipre","datePublished":"2009-10-19T01:17:45+00:00","dateModified":"2016-03-14T20:40:29+00:00","mainEntityOfPage":{"@id":"https:\/\/news.ecclesia.org.br\/?p=2673"},"wordCount":246,"commentCount":2,"publisher":{"@id":"https:\/\/news.ecclesia.org.br\/#organization"},"image":{"@id":"https:\/\/news.ecclesia.org.br\/?p=2673#primaryimage"},"thumbnailUrl":"https:\/\/news.ecclesia.org.br\/wp-content\/uploads\/2009\/10\/chipre.jpg","articleSection":["NEWS"],"inLanguage":"pt-BR","potentialAction":[{"@type":"CommentAction","name":"Comment","target":["https:\/\/news.ecclesia.org.br\/?p=2673#respond"]}]},{"@type":"WebPage","@id":"https:\/\/news.ecclesia.org.br\/?p=2673","url":"https:\/\/news.ecclesia.org.br\/?p=2673","name":"Ortodoxos e Cat\u00f3licos reunidos em Chipre | ECCLESIA NEWS","isPartOf":{"@id":"https:\/\/news.ecclesia.org.br\/#website"},"primaryImageOfPage":{"@id":"https:\/\/news.ecclesia.org.br\/?p=2673#primaryimage"},"image":{"@id":"https:\/\/news.ecclesia.org.br\/?p=2673#primaryimage"},"thumbnailUrl":"https:\/\/news.ecclesia.org.br\/wp-content\/uploads\/2009\/10\/chipre.jpg","datePublished":"2009-10-19T01:17:45+00:00","dateModified":"2016-03-14T20:40:29+00:00","breadcrumb":{"@id":"https:\/\/news.ecclesia.org.br\/?p=2673#breadcrumb"},"inLanguage":"pt-BR","potentialAction":[{"@type":"ReadAction","target":["https:\/\/news.ecclesia.org.br\/?p=2673"]}]},{"@type":"ImageObject","inLanguage":"pt-BR","@id":"https:\/\/news.ecclesia.org.br\/?p=2673#primaryimage","url":"https:\/\/news.ecclesia.org.br\/wp-content\/uploads\/2009\/10\/chipre.jpg","contentUrl":"https:\/\/news.ecclesia.org.br\/wp-content\/uploads\/2009\/10\/chipre.jpg","width":886,"height":591},{"@type":"BreadcrumbList","@id":"https:\/\/news.ecclesia.org.br\/?p=2673#breadcrumb","itemListElement":[{"@type":"ListItem","position":1,"name":"In\u00edcio","item":"https:\/\/news.ecclesia.org.br\/"},{"@type":"ListItem","position":2,"name":"Ortodoxos e Cat\u00f3licos reunidos em Chipre"}]},{"@type":"WebSite","@id":"https:\/\/news.ecclesia.org.br\/#website","url":"https:\/\/news.ecclesia.org.br\/","name":"Ecclesia Brasil","description":"Desde 2003 onectando o Brasil ao mundo ortodoxo!","publisher":{"@id":"https:\/\/news.ecclesia.org.br\/#organization"},"alternateName":"Ecclesia","potentialAction":[{"@type":"SearchAction","target":{"@type":"EntryPoint","urlTemplate":"https:\/\/news.ecclesia.org.br\/?s={search_term_string}"},"query-input":{"@type":"PropertyValueSpecification","valueRequired":true,"valueName":"search_term_string"}}],"inLanguage":"pt-BR"},{"@type":"Organization","@id":"https:\/\/news.ecclesia.org.br\/#organization","name":"Sacra Arquidiocese de Buenos Aires e Am\u00e9rica do Sul | Patriarcado Ecum\u00eanico","alternateName":"News Ecclesia Brasil","url":"https:\/\/news.ecclesia.org.br\/","logo":{"@type":"ImageObject","inLanguage":"pt-BR","@id":"https:\/\/news.ecclesia.org.br\/#\/schema\/logo\/image\/","url":"https:\/\/news.ecclesia.org.br\/wp-content\/uploads\/2025\/05\/ecclesia2.png","contentUrl":"https:\/\/news.ecclesia.org.br\/wp-content\/uploads\/2025\/05\/ecclesia2.png","width":480,"height":120,"caption":"Sacra Arquidiocese de Buenos Aires e Am\u00e9rica do Sul | Patriarcado Ecum\u00eanico"},"image":{"@id":"https:\/\/news.ecclesia.org.br\/#\/schema\/logo\/image\/"},"sameAs":["https:\/\/www.facebook.com\/Ecclesia2025","https:\/\/x.com\/EcclesiaNews","https:\/\/br.pinterest.com\/ekklisia\/","https:\/\/www.youtube.com\/@EcclesiaBrasil"]},{"@type":"Person","@id":"https:\/\/news.ecclesia.org.br\/#\/schema\/person\/6f09597f025829745ba414a569f63758","name":"Pe. Andr\u00e9","image":{"@type":"ImageObject","inLanguage":"pt-BR","@id":"https:\/\/secure.gravatar.com\/avatar\/b4327cfa27e9799da239a26adcd534fc29cdc0c4a4a148eecbcfeb9b42c617ac?s=96&d=mm&r=g","url":"https:\/\/secure.gravatar.com\/avatar\/b4327cfa27e9799da239a26adcd534fc29cdc0c4a4a148eecbcfeb9b42c617ac?s=96&d=mm&r=g","contentUrl":"https:\/\/secure.gravatar.com\/avatar\/b4327cfa27e9799da239a26adcd534fc29cdc0c4a4a148eecbcfeb9b42c617ac?s=96&d=mm&r=g","caption":"Pe. Andr\u00e9"},"sameAs":["https:\/\/www.ecclesia.org.br"]}]}},"_links":{"self":[{"href":"https:\/\/news.ecclesia.org.br\/index.php?rest_route=\/wp\/v2\/posts\/2673","targetHints":{"allow":["GET"]}}],"collection":[{"href":"https:\/\/news.ecclesia.org.br\/index.php?rest_route=\/wp\/v2\/posts"}],"about":[{"href":"https:\/\/news.ecclesia.org.br\/index.php?rest_route=\/wp\/v2\/types\/post"}],"author":[{"embeddable":true,"href":"https:\/\/news.ecclesia.org.br\/index.php?rest_route=\/wp\/v2\/users\/1"}],"replies":[{"embeddable":true,"href":"https:\/\/news.ecclesia.org.br\/index.php?rest_route=%2Fwp%2Fv2%2Fcomments&post=2673"}],"version-history":[{"count":0,"href":"https:\/\/news.ecclesia.org.br\/index.php?rest_route=\/wp\/v2\/posts\/2673\/revisions"}],"wp:featuredmedia":[{"embeddable":true,"href":"https:\/\/news.ecclesia.org.br\/index.php?rest_route=\/wp\/v2\/media\/14763"}],"wp:attachment":[{"href":"https:\/\/news.ecclesia.org.br\/index.php?rest_route=%2Fwp%2Fv2%2Fmedia&parent=2673"}],"wp:term":[{"taxonomy":"category","embeddable":true,"href":"https:\/\/news.ecclesia.org.br\/index.php?rest_route=%2Fwp%2Fv2%2Fcategories&post=2673"},{"taxonomy":"post_tag","embeddable":true,"href":"https:\/\/news.ecclesia.org.br\/index.php?rest_route=%2Fwp%2Fv2%2Ftags&post=2673"}],"curies":[{"name":"wp","href":"https:\/\/api.w.org\/{rel}","templated":true}]}}