{"id":26694,"date":"2019-06-28T18:59:04","date_gmt":"2019-06-28T18:59:04","guid":{"rendered":"https:\/\/news.ecclesia.org.br\/?p=26694"},"modified":"2021-07-30T16:01:45","modified_gmt":"2021-07-30T19:01:45","slug":"papa-francisco-de-roma-unidade-nao-e-uniformidade-mas-sinfonia","status":"publish","type":"post","link":"https:\/\/news.ecclesia.org.br\/?p=26694","title":{"rendered":"Papa Francisco de Roma: \u00abunidade n\u00e3o \u00e9 uniformidade, mas sinfonia\u00bb"},"content":{"rendered":"<p style=\"text-align: justify;\"><strong>Recebendo uma delega\u00e7\u00e3o do Patriarcado Ecum\u00eanico de Constantinopla, o Papa Francisco (de Roma) falou de seu renovado &#8220;desejo de comunh\u00e3o&#8221;.<\/strong><\/p>\n<p style=\"text-align: right;\">Bianca Fraccalvieri \u2013 Cidade do Vaticano<\/p>\n<p style=\"text-align: justify;\">O Papa Francisco (de Roma) recebeu na manh\u00e3 desta sexta-feira (28\/06), no Vaticano, a delega\u00e7\u00e3o do Patriarcado Ecum\u00eanico de Constantinopla, que foi a Roma participar da cerim\u00f4nia por ocasi\u00e3o da festa dos Ap\u00f3stolos Pedro e Paulo.<\/p>\n<blockquote>\n<p style=\"text-align: justify;\">\u201cEsta presen\u00e7a manifesta os fortes elos existentes entre as Igrejas de Roma e a de Constantinopla e o compromisso comum de caminhar rumo \u00e0 plenitude de comunh\u00e3o \u00e0 qual ansiamos, em obedi\u00eancia \u00e0 firme vontade de Jesus\u201d.<\/p>\n<\/blockquote>\n<p style=\"text-align: justify;\">Disse o Papa logo no in\u00edcio do seu discurso, destacando que a festa dos Santos Pedro e Paulo se celebra no mesmo dia nos calend\u00e1rios lit\u00fargicos do Oriente e do Ocidente \u2013 \u201co que nos convida a renovar a caridade que gera unidade\u201d.<\/p>\n<h2 style=\"text-align: justify;\">Lutas comuns<\/h2>\n<p style=\"text-align: justify;\">Ao mesmo tempo, esta festa evoca a coragem apost\u00f3lica do an\u00fancio, respondendo aos novos desafios do nosso tempo. Neste contexto, o Papa louvou o empenho do Patriarca Ecum\u00eanico para a salvaguarda da cria\u00e7\u00e3o, afirmando que esta luta de Bartolomeu o inspirou em sua a\u00e7\u00e3o como Sucessor de Pedro.<\/p>\n<blockquote>\n<p style=\"text-align: justify;\">\u201cDiante da preocupante crise ecol\u00f3gica que estamos atravessando, promover o cuidado da casa comum para os fi\u00e9is n\u00e3o \u00e9 somente uma urg\u00eancia inadi\u00e1vel, mas um modo concreto de servir o pr\u00f3ximo, no esp\u00edrito do Evangelho\u201d.<\/p>\n<\/blockquote>\n<p style=\"text-align: justify;\">Francisco mencionou tamb\u00e9m outras lutas em comum com o Patriarca Ecum\u00eanico: contra as formas modernas de escravid\u00e3o e em prol do acolhimento e integra\u00e7\u00e3o de migrantes e refugiados e a promo\u00e7\u00e3o da paz.<\/p>\n<h2 style=\"text-align: justify;\">Desejo de comunh\u00e3o<\/h2>\n<p style=\"text-align: justify;\">O Papa Francisco fez ainda uma confid\u00eancia: as suas recentes viagens \u00e0 Bulg\u00e1ria e \u00e0 Rom\u00eania aumentaram o seu desejo de comunh\u00e3o, tendo tido a ocasi\u00e3o de apreciar a riqueza espiritual da ortodoxia. Nesses dois pa\u00edses, o Pont\u00edfice se reuniu com os Patriarcas Ne\u00f3fito e Daniel.<\/p>\n<blockquote>\n<p style=\"text-align: justify;\">\u201cComo bispo de Roma, desejo reiterar que para n\u00f3s, cat\u00f3licos, a finalidade do di\u00e1logo \u00e9 a plena comunh\u00e3o nas leg\u00edtimas diversidades, n\u00e3o o rebaixamento homologado, muito menos a absor\u00e7\u00e3o\u201d.<\/p>\n<\/blockquote>\n<p style=\"text-align: justify;\">Afirmou Francisco, recordando que a aut\u00eantica unidade n\u00e3o \u00e9 uniformidade, mas sinfonia de mais vozes na caridade.<\/p>\n<p style=\"text-align: justify;\">Para o Papa, o \u201cesc\u00e2ndalo das divis\u00f5es\u201d s\u00f3 poder\u00e1 ser removido com a gra\u00e7a de Deus, \u201ccaminhando juntos\u201d.<\/p>\n<p style=\"text-align: justify;\">Francisco concluiu seu discurso agradecendo mais uma vez pela tradicional visita, que \u00e9 retribu\u00edda por parte da Santa S\u00e9 na festa de Santo Andr\u00e9, padroeiro da Igreja Ortodoxa. O Papa solicitou que a delega\u00e7\u00e3o leve sua sauda\u00e7\u00e3o fraterna e cordial ao Patriarca Bartolomeu<\/p>\n<p style=\"text-align: right;\">Fonte: <a href=\"https:\/\/www.vaticannews.va\/pt\/papa\/news\/2019-06\/papa-francisco-delegacao-patriarcado-ecumenico-constantinopla.html\" target=\"_blank\" rel=\"noopener noreferrer\">Vatican News<\/a><\/p>\n","protected":false},"excerpt":{"rendered":"<p>Recebendo uma delega\u00e7\u00e3o do Patriarcado Ecum\u00eanico de Constantinopla, o Papa Francisco (de Roma) falou de seu renovado &#8220;desejo de comunh\u00e3o&#8221;. Bianca Fraccalvieri \u2013 Cidade do Vaticano O Papa Francisco (de Roma) recebeu na manh\u00e3 desta sexta-feira (28\/06), no Vaticano, a&#8230;<\/p>\n","protected":false},"author":1,"featured_media":26695,"comment_status":"open","ping_status":"open","sticky":false,"template":"","format":"standard","meta":{"_acf_changed":false,"footnotes":""},"categories":[3,72],"tags":[],"class_list":["post-26694","post","type-post","status-publish","format-standard","has-post-thumbnail","hentry","category-mundo","category-patriarcado-ecumenico","entry","rows-excerpt"],"acf":[],"yoast_head":"<!-- This site is optimized with the Yoast SEO plugin v27.4 - https:\/\/yoast.com\/product\/yoast-seo-wordpress\/ -->\n<title>Papa Francisco de Roma: \u00abunidade n\u00e3o \u00e9 uniformidade, mas sinfonia\u00bb | ECCLESIA NEWS<\/title>\n<meta name=\"robots\" content=\"index, follow, max-snippet:-1, max-image-preview:large, max-video-preview:-1\" \/>\n<link rel=\"canonical\" href=\"https:\/\/news.ecclesia.org.br\/?p=26694\" \/>\n<meta property=\"og:locale\" content=\"pt_BR\" \/>\n<meta property=\"og:type\" content=\"article\" \/>\n<meta property=\"og:title\" content=\"Papa Francisco de Roma: \u00abunidade n\u00e3o \u00e9 uniformidade, mas sinfonia\u00bb | ECCLESIA NEWS\" \/>\n<meta property=\"og:description\" content=\"Recebendo uma delega\u00e7\u00e3o do Patriarcado Ecum\u00eanico de Constantinopla, o Papa Francisco (de Roma) falou de seu renovado &#8220;desejo de comunh\u00e3o&#8221;. Bianca Fraccalvieri \u2013 Cidade do Vaticano O Papa Francisco (de Roma) recebeu na manh\u00e3 desta sexta-feira (28\/06), no Vaticano, a&#8230;\" \/>\n<meta property=\"og:url\" content=\"https:\/\/news.ecclesia.org.br\/?p=26694\" \/>\n<meta property=\"og:site_name\" content=\"ECCLESIA NEWS\" \/>\n<meta property=\"article:publisher\" content=\"https:\/\/www.facebook.com\/Ecclesia2025\" \/>\n<meta property=\"article:published_time\" content=\"2019-06-28T18:59:04+00:00\" \/>\n<meta property=\"article:modified_time\" content=\"2021-07-30T19:01:45+00:00\" \/>\n<meta property=\"og:image\" content=\"https:\/\/news.ecclesia.org.br\/wp-content\/uploads\/2019\/06\/2019-28-06-vaticano.jpg\" \/>\n\t<meta property=\"og:image:width\" content=\"800\" \/>\n\t<meta property=\"og:image:height\" content=\"439\" \/>\n\t<meta property=\"og:image:type\" content=\"image\/jpeg\" \/>\n<meta name=\"author\" content=\"Pe. Andr\u00e9\" \/>\n<meta name=\"twitter:card\" content=\"summary_large_image\" \/>\n<meta name=\"twitter:creator\" content=\"@EcclesiaNews\" \/>\n<meta name=\"twitter:site\" content=\"@EcclesiaNews\" \/>\n<meta name=\"twitter:label1\" content=\"Escrito por\" \/>\n\t<meta name=\"twitter:data1\" content=\"Pe. Andr\u00e9\" \/>\n\t<meta name=\"twitter:label2\" content=\"Est. tempo de leitura\" \/>\n\t<meta name=\"twitter:data2\" content=\"2 minutos\" \/>\n<script type=\"application\/ld+json\" class=\"yoast-schema-graph\">{\"@context\":\"https:\\\/\\\/schema.org\",\"@graph\":[{\"@type\":\"Article\",\"@id\":\"https:\\\/\\\/news.ecclesia.org.br\\\/?p=26694#article\",\"isPartOf\":{\"@id\":\"https:\\\/\\\/news.ecclesia.org.br\\\/?p=26694\"},\"author\":{\"name\":\"Pe. Andr\u00e9\",\"@id\":\"https:\\\/\\\/news.ecclesia.org.br\\\/#\\\/schema\\\/person\\\/6f09597f025829745ba414a569f63758\"},\"headline\":\"Papa Francisco de Roma: \u00abunidade n\u00e3o \u00e9 uniformidade, mas sinfonia\u00bb\",\"datePublished\":\"2019-06-28T18:59:04+00:00\",\"dateModified\":\"2021-07-30T19:01:45+00:00\",\"mainEntityOfPage\":{\"@id\":\"https:\\\/\\\/news.ecclesia.org.br\\\/?p=26694\"},\"wordCount\":472,\"commentCount\":0,\"publisher\":{\"@id\":\"https:\\\/\\\/news.ecclesia.org.br\\\/#organization\"},\"image\":{\"@id\":\"https:\\\/\\\/news.ecclesia.org.br\\\/?p=26694#primaryimage\"},\"thumbnailUrl\":\"https:\\\/\\\/news.ecclesia.org.br\\\/wp-content\\\/uploads\\\/2019\\\/06\\\/2019-28-06-vaticano.jpg\",\"articleSection\":[\"Mundo Ortodoxo\",\"Patriarcado Ecum\u00eanico\"],\"inLanguage\":\"pt-BR\",\"potentialAction\":[{\"@type\":\"CommentAction\",\"name\":\"Comment\",\"target\":[\"https:\\\/\\\/news.ecclesia.org.br\\\/?p=26694#respond\"]}]},{\"@type\":\"WebPage\",\"@id\":\"https:\\\/\\\/news.ecclesia.org.br\\\/?p=26694\",\"url\":\"https:\\\/\\\/news.ecclesia.org.br\\\/?p=26694\",\"name\":\"Papa Francisco de Roma: \u00abunidade n\u00e3o \u00e9 uniformidade, mas sinfonia\u00bb | ECCLESIA NEWS\",\"isPartOf\":{\"@id\":\"https:\\\/\\\/news.ecclesia.org.br\\\/#website\"},\"primaryImageOfPage\":{\"@id\":\"https:\\\/\\\/news.ecclesia.org.br\\\/?p=26694#primaryimage\"},\"image\":{\"@id\":\"https:\\\/\\\/news.ecclesia.org.br\\\/?p=26694#primaryimage\"},\"thumbnailUrl\":\"https:\\\/\\\/news.ecclesia.org.br\\\/wp-content\\\/uploads\\\/2019\\\/06\\\/2019-28-06-vaticano.jpg\",\"datePublished\":\"2019-06-28T18:59:04+00:00\",\"dateModified\":\"2021-07-30T19:01:45+00:00\",\"breadcrumb\":{\"@id\":\"https:\\\/\\\/news.ecclesia.org.br\\\/?p=26694#breadcrumb\"},\"inLanguage\":\"pt-BR\",\"potentialAction\":[{\"@type\":\"ReadAction\",\"target\":[\"https:\\\/\\\/news.ecclesia.org.br\\\/?p=26694\"]}]},{\"@type\":\"ImageObject\",\"inLanguage\":\"pt-BR\",\"@id\":\"https:\\\/\\\/news.ecclesia.org.br\\\/?p=26694#primaryimage\",\"url\":\"https:\\\/\\\/news.ecclesia.org.br\\\/wp-content\\\/uploads\\\/2019\\\/06\\\/2019-28-06-vaticano.jpg\",\"contentUrl\":\"https:\\\/\\\/news.ecclesia.org.br\\\/wp-content\\\/uploads\\\/2019\\\/06\\\/2019-28-06-vaticano.jpg\",\"width\":800,\"height\":439},{\"@type\":\"BreadcrumbList\",\"@id\":\"https:\\\/\\\/news.ecclesia.org.br\\\/?p=26694#breadcrumb\",\"itemListElement\":[{\"@type\":\"ListItem\",\"position\":1,\"name\":\"In\u00edcio\",\"item\":\"https:\\\/\\\/news.ecclesia.org.br\\\/\"},{\"@type\":\"ListItem\",\"position\":2,\"name\":\"Papa Francisco de Roma: \u00abunidade n\u00e3o \u00e9 uniformidade, mas sinfonia\u00bb\"}]},{\"@type\":\"WebSite\",\"@id\":\"https:\\\/\\\/news.ecclesia.org.br\\\/#website\",\"url\":\"https:\\\/\\\/news.ecclesia.org.br\\\/\",\"name\":\"Ecclesia Brasil\",\"description\":\"Desde 2003 onectando o Brasil ao mundo ortodoxo!\",\"publisher\":{\"@id\":\"https:\\\/\\\/news.ecclesia.org.br\\\/#organization\"},\"alternateName\":\"Ecclesia\",\"potentialAction\":[{\"@type\":\"SearchAction\",\"target\":{\"@type\":\"EntryPoint\",\"urlTemplate\":\"https:\\\/\\\/news.ecclesia.org.br\\\/?s={search_term_string}\"},\"query-input\":{\"@type\":\"PropertyValueSpecification\",\"valueRequired\":true,\"valueName\":\"search_term_string\"}}],\"inLanguage\":\"pt-BR\"},{\"@type\":\"Organization\",\"@id\":\"https:\\\/\\\/news.ecclesia.org.br\\\/#organization\",\"name\":\"Sacra Arquidiocese de Buenos Aires e Am\u00e9rica do Sul | Patriarcado Ecum\u00eanico\",\"alternateName\":\"News Ecclesia Brasil\",\"url\":\"https:\\\/\\\/news.ecclesia.org.br\\\/\",\"logo\":{\"@type\":\"ImageObject\",\"inLanguage\":\"pt-BR\",\"@id\":\"https:\\\/\\\/news.ecclesia.org.br\\\/#\\\/schema\\\/logo\\\/image\\\/\",\"url\":\"https:\\\/\\\/news.ecclesia.org.br\\\/wp-content\\\/uploads\\\/2025\\\/05\\\/ecclesia2.png\",\"contentUrl\":\"https:\\\/\\\/news.ecclesia.org.br\\\/wp-content\\\/uploads\\\/2025\\\/05\\\/ecclesia2.png\",\"width\":480,\"height\":120,\"caption\":\"Sacra Arquidiocese de Buenos Aires e Am\u00e9rica do Sul | Patriarcado Ecum\u00eanico\"},\"image\":{\"@id\":\"https:\\\/\\\/news.ecclesia.org.br\\\/#\\\/schema\\\/logo\\\/image\\\/\"},\"sameAs\":[\"https:\\\/\\\/www.facebook.com\\\/Ecclesia2025\",\"https:\\\/\\\/x.com\\\/EcclesiaNews\",\"https:\\\/\\\/br.pinterest.com\\\/ekklisia\\\/\",\"https:\\\/\\\/www.youtube.com\\\/@EcclesiaBrasil\"]},{\"@type\":\"Person\",\"@id\":\"https:\\\/\\\/news.ecclesia.org.br\\\/#\\\/schema\\\/person\\\/6f09597f025829745ba414a569f63758\",\"name\":\"Pe. Andr\u00e9\",\"image\":{\"@type\":\"ImageObject\",\"inLanguage\":\"pt-BR\",\"@id\":\"https:\\\/\\\/secure.gravatar.com\\\/avatar\\\/b4327cfa27e9799da239a26adcd534fc29cdc0c4a4a148eecbcfeb9b42c617ac?s=96&d=mm&r=g\",\"url\":\"https:\\\/\\\/secure.gravatar.com\\\/avatar\\\/b4327cfa27e9799da239a26adcd534fc29cdc0c4a4a148eecbcfeb9b42c617ac?s=96&d=mm&r=g\",\"contentUrl\":\"https:\\\/\\\/secure.gravatar.com\\\/avatar\\\/b4327cfa27e9799da239a26adcd534fc29cdc0c4a4a148eecbcfeb9b42c617ac?s=96&d=mm&r=g\",\"caption\":\"Pe. Andr\u00e9\"},\"sameAs\":[\"https:\\\/\\\/www.ecclesia.org.br\"]}]}<\/script>\n<!-- \/ Yoast SEO plugin. -->","yoast_head_json":{"title":"Papa Francisco de Roma: \u00abunidade n\u00e3o \u00e9 uniformidade, mas sinfonia\u00bb | ECCLESIA NEWS","robots":{"index":"index","follow":"follow","max-snippet":"max-snippet:-1","max-image-preview":"max-image-preview:large","max-video-preview":"max-video-preview:-1"},"canonical":"https:\/\/news.ecclesia.org.br\/?p=26694","og_locale":"pt_BR","og_type":"article","og_title":"Papa Francisco de Roma: \u00abunidade n\u00e3o \u00e9 uniformidade, mas sinfonia\u00bb | ECCLESIA NEWS","og_description":"Recebendo uma delega\u00e7\u00e3o do Patriarcado Ecum\u00eanico de Constantinopla, o Papa Francisco (de Roma) falou de seu renovado &#8220;desejo de comunh\u00e3o&#8221;. Bianca Fraccalvieri \u2013 Cidade do Vaticano O Papa Francisco (de Roma) recebeu na manh\u00e3 desta sexta-feira (28\/06), no Vaticano, a&#8230;","og_url":"https:\/\/news.ecclesia.org.br\/?p=26694","og_site_name":"ECCLESIA NEWS","article_publisher":"https:\/\/www.facebook.com\/Ecclesia2025","article_published_time":"2019-06-28T18:59:04+00:00","article_modified_time":"2021-07-30T19:01:45+00:00","og_image":[{"width":800,"height":439,"url":"https:\/\/news.ecclesia.org.br\/wp-content\/uploads\/2019\/06\/2019-28-06-vaticano.jpg","type":"image\/jpeg"}],"author":"Pe. Andr\u00e9","twitter_card":"summary_large_image","twitter_creator":"@EcclesiaNews","twitter_site":"@EcclesiaNews","twitter_misc":{"Escrito por":"Pe. Andr\u00e9","Est. tempo de leitura":"2 minutos"},"schema":{"@context":"https:\/\/schema.org","@graph":[{"@type":"Article","@id":"https:\/\/news.ecclesia.org.br\/?p=26694#article","isPartOf":{"@id":"https:\/\/news.ecclesia.org.br\/?p=26694"},"author":{"name":"Pe. Andr\u00e9","@id":"https:\/\/news.ecclesia.org.br\/#\/schema\/person\/6f09597f025829745ba414a569f63758"},"headline":"Papa Francisco de Roma: \u00abunidade n\u00e3o \u00e9 uniformidade, mas sinfonia\u00bb","datePublished":"2019-06-28T18:59:04+00:00","dateModified":"2021-07-30T19:01:45+00:00","mainEntityOfPage":{"@id":"https:\/\/news.ecclesia.org.br\/?p=26694"},"wordCount":472,"commentCount":0,"publisher":{"@id":"https:\/\/news.ecclesia.org.br\/#organization"},"image":{"@id":"https:\/\/news.ecclesia.org.br\/?p=26694#primaryimage"},"thumbnailUrl":"https:\/\/news.ecclesia.org.br\/wp-content\/uploads\/2019\/06\/2019-28-06-vaticano.jpg","articleSection":["Mundo Ortodoxo","Patriarcado Ecum\u00eanico"],"inLanguage":"pt-BR","potentialAction":[{"@type":"CommentAction","name":"Comment","target":["https:\/\/news.ecclesia.org.br\/?p=26694#respond"]}]},{"@type":"WebPage","@id":"https:\/\/news.ecclesia.org.br\/?p=26694","url":"https:\/\/news.ecclesia.org.br\/?p=26694","name":"Papa Francisco de Roma: \u00abunidade n\u00e3o \u00e9 uniformidade, mas sinfonia\u00bb | ECCLESIA NEWS","isPartOf":{"@id":"https:\/\/news.ecclesia.org.br\/#website"},"primaryImageOfPage":{"@id":"https:\/\/news.ecclesia.org.br\/?p=26694#primaryimage"},"image":{"@id":"https:\/\/news.ecclesia.org.br\/?p=26694#primaryimage"},"thumbnailUrl":"https:\/\/news.ecclesia.org.br\/wp-content\/uploads\/2019\/06\/2019-28-06-vaticano.jpg","datePublished":"2019-06-28T18:59:04+00:00","dateModified":"2021-07-30T19:01:45+00:00","breadcrumb":{"@id":"https:\/\/news.ecclesia.org.br\/?p=26694#breadcrumb"},"inLanguage":"pt-BR","potentialAction":[{"@type":"ReadAction","target":["https:\/\/news.ecclesia.org.br\/?p=26694"]}]},{"@type":"ImageObject","inLanguage":"pt-BR","@id":"https:\/\/news.ecclesia.org.br\/?p=26694#primaryimage","url":"https:\/\/news.ecclesia.org.br\/wp-content\/uploads\/2019\/06\/2019-28-06-vaticano.jpg","contentUrl":"https:\/\/news.ecclesia.org.br\/wp-content\/uploads\/2019\/06\/2019-28-06-vaticano.jpg","width":800,"height":439},{"@type":"BreadcrumbList","@id":"https:\/\/news.ecclesia.org.br\/?p=26694#breadcrumb","itemListElement":[{"@type":"ListItem","position":1,"name":"In\u00edcio","item":"https:\/\/news.ecclesia.org.br\/"},{"@type":"ListItem","position":2,"name":"Papa Francisco de Roma: \u00abunidade n\u00e3o \u00e9 uniformidade, mas sinfonia\u00bb"}]},{"@type":"WebSite","@id":"https:\/\/news.ecclesia.org.br\/#website","url":"https:\/\/news.ecclesia.org.br\/","name":"Ecclesia Brasil","description":"Desde 2003 onectando o Brasil ao mundo ortodoxo!","publisher":{"@id":"https:\/\/news.ecclesia.org.br\/#organization"},"alternateName":"Ecclesia","potentialAction":[{"@type":"SearchAction","target":{"@type":"EntryPoint","urlTemplate":"https:\/\/news.ecclesia.org.br\/?s={search_term_string}"},"query-input":{"@type":"PropertyValueSpecification","valueRequired":true,"valueName":"search_term_string"}}],"inLanguage":"pt-BR"},{"@type":"Organization","@id":"https:\/\/news.ecclesia.org.br\/#organization","name":"Sacra Arquidiocese de Buenos Aires e Am\u00e9rica do Sul | Patriarcado Ecum\u00eanico","alternateName":"News Ecclesia Brasil","url":"https:\/\/news.ecclesia.org.br\/","logo":{"@type":"ImageObject","inLanguage":"pt-BR","@id":"https:\/\/news.ecclesia.org.br\/#\/schema\/logo\/image\/","url":"https:\/\/news.ecclesia.org.br\/wp-content\/uploads\/2025\/05\/ecclesia2.png","contentUrl":"https:\/\/news.ecclesia.org.br\/wp-content\/uploads\/2025\/05\/ecclesia2.png","width":480,"height":120,"caption":"Sacra Arquidiocese de Buenos Aires e Am\u00e9rica do Sul | Patriarcado Ecum\u00eanico"},"image":{"@id":"https:\/\/news.ecclesia.org.br\/#\/schema\/logo\/image\/"},"sameAs":["https:\/\/www.facebook.com\/Ecclesia2025","https:\/\/x.com\/EcclesiaNews","https:\/\/br.pinterest.com\/ekklisia\/","https:\/\/www.youtube.com\/@EcclesiaBrasil"]},{"@type":"Person","@id":"https:\/\/news.ecclesia.org.br\/#\/schema\/person\/6f09597f025829745ba414a569f63758","name":"Pe. Andr\u00e9","image":{"@type":"ImageObject","inLanguage":"pt-BR","@id":"https:\/\/secure.gravatar.com\/avatar\/b4327cfa27e9799da239a26adcd534fc29cdc0c4a4a148eecbcfeb9b42c617ac?s=96&d=mm&r=g","url":"https:\/\/secure.gravatar.com\/avatar\/b4327cfa27e9799da239a26adcd534fc29cdc0c4a4a148eecbcfeb9b42c617ac?s=96&d=mm&r=g","contentUrl":"https:\/\/secure.gravatar.com\/avatar\/b4327cfa27e9799da239a26adcd534fc29cdc0c4a4a148eecbcfeb9b42c617ac?s=96&d=mm&r=g","caption":"Pe. Andr\u00e9"},"sameAs":["https:\/\/www.ecclesia.org.br"]}]}},"_links":{"self":[{"href":"https:\/\/news.ecclesia.org.br\/index.php?rest_route=\/wp\/v2\/posts\/26694","targetHints":{"allow":["GET"]}}],"collection":[{"href":"https:\/\/news.ecclesia.org.br\/index.php?rest_route=\/wp\/v2\/posts"}],"about":[{"href":"https:\/\/news.ecclesia.org.br\/index.php?rest_route=\/wp\/v2\/types\/post"}],"author":[{"embeddable":true,"href":"https:\/\/news.ecclesia.org.br\/index.php?rest_route=\/wp\/v2\/users\/1"}],"replies":[{"embeddable":true,"href":"https:\/\/news.ecclesia.org.br\/index.php?rest_route=%2Fwp%2Fv2%2Fcomments&post=26694"}],"version-history":[{"count":1,"href":"https:\/\/news.ecclesia.org.br\/index.php?rest_route=\/wp\/v2\/posts\/26694\/revisions"}],"predecessor-version":[{"id":38599,"href":"https:\/\/news.ecclesia.org.br\/index.php?rest_route=\/wp\/v2\/posts\/26694\/revisions\/38599"}],"wp:featuredmedia":[{"embeddable":true,"href":"https:\/\/news.ecclesia.org.br\/index.php?rest_route=\/wp\/v2\/media\/26695"}],"wp:attachment":[{"href":"https:\/\/news.ecclesia.org.br\/index.php?rest_route=%2Fwp%2Fv2%2Fmedia&parent=26694"}],"wp:term":[{"taxonomy":"category","embeddable":true,"href":"https:\/\/news.ecclesia.org.br\/index.php?rest_route=%2Fwp%2Fv2%2Fcategories&post=26694"},{"taxonomy":"post_tag","embeddable":true,"href":"https:\/\/news.ecclesia.org.br\/index.php?rest_route=%2Fwp%2Fv2%2Ftags&post=26694"}],"curies":[{"name":"wp","href":"https:\/\/api.w.org\/{rel}","templated":true}]}}