{"id":26690,"date":"2019-06-27T17:36:59","date_gmt":"2019-06-27T17:36:59","guid":{"rendered":"https:\/\/news.ecclesia.org.br\/?p=26690"},"modified":"2021-07-30T16:02:12","modified_gmt":"2021-07-30T19:02:12","slug":"patriarca-ecumenico-reconhece-a-igreja-ortodoxa-servia-como-unica-igreja-ortodoxa-canonica-de-montenegro","status":"publish","type":"post","link":"https:\/\/news.ecclesia.org.br\/?p=26690","title":{"rendered":"Patriarca Ecum\u00eanico reconhece a Igreja Ortodoxa S\u00e9rvia como \u00fanica Igreja Ortodoxa Can\u00f4nica de Montenegro"},"content":{"rendered":"<p style=\"text-align: justify;\">Quinta-feira, 27 de junho de 2019 &#8212;\u00a0 O Patriarca Ecum\u00eanico Bartolomeu I enviou uma carta ao presidente de Montenegro, Milo \u0110ukanovi\u0107, sobre a sua inten\u00e7\u00e3o de criar uma igreja ortodoxa naquele pa\u00eds, o que gerou preocupa\u00e7\u00e3o no Patriarcado Ecum\u00eanico. Bartolomeu I tamb\u00e9m expressou preocupa\u00e7\u00e3o com a reda\u00e7\u00e3o de um projeto de lei sobre a liberdade religiosa no pa\u00eds que prev\u00ea a nacionaliza\u00e7\u00e3o de todas as igrejas ortodoxas constru\u00eddas antes de 1918, incluindo as de propriedade da igreja. \u00abIsto significa que a sua na\u00e7\u00e3o estaria desapropriando igrejas de propriedades da Sacra Metr\u00f3pole de Montenegro e de tr\u00eas outros eparquias da Igreja Ortodoxa S\u00e9rvia\u00bb, diz o Patriarca Ecum\u00eanico em sua carta.<\/p>\n<p style=\"text-align: justify;\">O Patriarca acrescentou ainda que o Patriarcado Ecum\u00eanico e as outras Igrejas Ortodoxas reconhecem como \u00fanica jurisdi\u00e7\u00e3o can\u00f4nica de Montenegro, a que est\u00e1 sob a autoridade do Metropolita Anfiloquio de Montenegro, hierarca da Igreja da S\u00e9rvia. \u00abA Igreja de Montenegro nunca foi autoc\u00e9fala, e a chamada &#8216;Igreja Ortodoxa de Montenegro&#8217; de Mira\u0161 Dedei\u0107, n\u00e3o faz parte da Igreja Ortodoxa. O Sr. Dedei\u0107 n\u00e3o \u00e9 bispo da Igreja Ortodoxa, mas um indiv\u00edduo deposto pelo Patriarcado Ecum\u00eanico. O \u00fanico hierarca de Montenegro \u00e9 nosso irm\u00e3o Metropolita Anfiloquio, que pertence ao Patriarcado da S\u00e9rvia, como \u00e9 reconhecido em n\u00edvel pan-ortodoxo\u00bb, afirmou o Patriarca.<\/p>\n<p style=\"text-align: justify;\">Sua Santidade dirigiu uma &#8220;mensagem&#8221; a Milo \u0110ukanovi\u0107 afirmando que o povo de Montenegro corre o perigo de \u00abcair no isolamento eclesi\u00e1stico e na separar-se da inteira comunh\u00e3o das Igrejas Ortodoxas, j\u00e1 que nenhuma delas reconhecer\u00e1 nem apoiar\u00e1 a impostura anti-can\u00f4nica de Dedei\u0107\u00bb.\u00a0 Lembra ainda uma carta do ano 2000 em que advertia para os perigos que pairavam sobre \u00aba unidade espiritual do povo de Montenegro, tal e como o movimento de Dedei\u0107\u00bb e recomendava ao presidente a deixar de se associar com ele pelo bem e a unidade do povo.<\/p>\n<p style=\"text-align: justify;\">Finalmente, o Patriarca pediu ao Presidente de Montenegro que considere sua carta como \u00abum gesto de boa vontade por parte da Igreja Matriz de Constantinopla para ajud\u00e1-lo em seu piedoso desejo e em uma encruzilhada hist\u00f3rica\u00bb.<\/p>\n<hr \/>\n<p style=\"text-align: right;\">Fonte (texto e foto): Romfea News<br \/>\nvia site da <a href=\"https:\/\/sacrametropolisortodoxa.blogspot.com\/2019\/06\/el-patriarca-ecumenico-reconoce-la.html?m=1&amp;fbclid=IwAR0H76XdA9csgX3zVtyoisYPZCQI_kFGdrDaBlVdGWxsRkNsTjYe0BHoV54\" target=\"_blank\" rel=\"noopener noreferrer\">Sacra Metr\u00f3pole de Espanha e Portugal<\/a><\/p>\n","protected":false},"excerpt":{"rendered":"<p>Quinta-feira, 27 de junho de 2019 &#8212;\u00a0 O Patriarca Ecum\u00eanico Bartolomeu I enviou uma carta ao presidente de Montenegro, Milo \u0110ukanovi\u0107, sobre a sua inten\u00e7\u00e3o de criar uma igreja ortodoxa naquele pa\u00eds, o que gerou preocupa\u00e7\u00e3o no Patriarcado Ecum\u00eanico. Bartolomeu&#8230;<\/p>\n","protected":false},"author":1,"featured_media":26691,"comment_status":"open","ping_status":"open","sticky":false,"template":"","format":"standard","meta":{"_acf_changed":false,"footnotes":""},"categories":[1,72],"tags":[],"class_list":["post-26690","post","type-post","status-publish","format-standard","has-post-thumbnail","hentry","category-news","category-patriarcado-ecumenico","entry","rows-excerpt"],"acf":[],"yoast_head":"<!-- This site is optimized with the Yoast SEO plugin v27.4 - https:\/\/yoast.com\/product\/yoast-seo-wordpress\/ -->\n<title>Patriarca Ecum\u00eanico reconhece a Igreja Ortodoxa S\u00e9rvia como \u00fanica Igreja Ortodoxa Can\u00f4nica de Montenegro | ECCLESIA NEWS<\/title>\n<meta name=\"robots\" content=\"index, follow, max-snippet:-1, max-image-preview:large, max-video-preview:-1\" \/>\n<link rel=\"canonical\" href=\"https:\/\/news.ecclesia.org.br\/?p=26690\" \/>\n<meta property=\"og:locale\" content=\"pt_BR\" \/>\n<meta property=\"og:type\" content=\"article\" \/>\n<meta property=\"og:title\" content=\"Patriarca Ecum\u00eanico reconhece a Igreja Ortodoxa S\u00e9rvia como \u00fanica Igreja Ortodoxa Can\u00f4nica de Montenegro | ECCLESIA NEWS\" \/>\n<meta property=\"og:description\" content=\"Quinta-feira, 27 de junho de 2019 &#8212;\u00a0 O Patriarca Ecum\u00eanico Bartolomeu I enviou uma carta ao presidente de Montenegro, Milo \u0110ukanovi\u0107, sobre a sua inten\u00e7\u00e3o de criar uma igreja ortodoxa naquele pa\u00eds, o que gerou preocupa\u00e7\u00e3o no Patriarcado Ecum\u00eanico. Bartolomeu&#8230;\" \/>\n<meta property=\"og:url\" content=\"https:\/\/news.ecclesia.org.br\/?p=26690\" \/>\n<meta property=\"og:site_name\" content=\"ECCLESIA NEWS\" \/>\n<meta property=\"article:publisher\" content=\"https:\/\/www.facebook.com\/Ecclesia2025\" \/>\n<meta property=\"article:published_time\" content=\"2019-06-27T17:36:59+00:00\" \/>\n<meta property=\"article:modified_time\" content=\"2021-07-30T19:02:12+00:00\" \/>\n<meta property=\"og:image\" content=\"https:\/\/news.ecclesia.org.br\/wp-content\/uploads\/2019\/06\/patriarca-bartolomeu.jpg\" \/>\n\t<meta property=\"og:image:width\" content=\"800\" \/>\n\t<meta property=\"og:image:height\" content=\"449\" \/>\n\t<meta property=\"og:image:type\" content=\"image\/jpeg\" \/>\n<meta name=\"author\" content=\"Pe. Andr\u00e9\" \/>\n<meta name=\"twitter:card\" content=\"summary_large_image\" \/>\n<meta name=\"twitter:creator\" content=\"@EcclesiaNews\" \/>\n<meta name=\"twitter:site\" content=\"@EcclesiaNews\" \/>\n<meta name=\"twitter:label1\" content=\"Escrito por\" \/>\n\t<meta name=\"twitter:data1\" content=\"Pe. Andr\u00e9\" \/>\n\t<meta name=\"twitter:label2\" content=\"Est. tempo de leitura\" \/>\n\t<meta name=\"twitter:data2\" content=\"2 minutos\" \/>\n<script type=\"application\/ld+json\" class=\"yoast-schema-graph\">{\"@context\":\"https:\\\/\\\/schema.org\",\"@graph\":[{\"@type\":\"Article\",\"@id\":\"https:\\\/\\\/news.ecclesia.org.br\\\/?p=26690#article\",\"isPartOf\":{\"@id\":\"https:\\\/\\\/news.ecclesia.org.br\\\/?p=26690\"},\"author\":{\"name\":\"Pe. Andr\u00e9\",\"@id\":\"https:\\\/\\\/news.ecclesia.org.br\\\/#\\\/schema\\\/person\\\/6f09597f025829745ba414a569f63758\"},\"headline\":\"Patriarca Ecum\u00eanico reconhece a Igreja Ortodoxa S\u00e9rvia como \u00fanica Igreja Ortodoxa Can\u00f4nica de Montenegro\",\"datePublished\":\"2019-06-27T17:36:59+00:00\",\"dateModified\":\"2021-07-30T19:02:12+00:00\",\"mainEntityOfPage\":{\"@id\":\"https:\\\/\\\/news.ecclesia.org.br\\\/?p=26690\"},\"wordCount\":395,\"commentCount\":0,\"publisher\":{\"@id\":\"https:\\\/\\\/news.ecclesia.org.br\\\/#organization\"},\"image\":{\"@id\":\"https:\\\/\\\/news.ecclesia.org.br\\\/?p=26690#primaryimage\"},\"thumbnailUrl\":\"https:\\\/\\\/news.ecclesia.org.br\\\/wp-content\\\/uploads\\\/2019\\\/06\\\/patriarca-bartolomeu.jpg\",\"articleSection\":[\"NEWS\",\"Patriarcado Ecum\u00eanico\"],\"inLanguage\":\"pt-BR\",\"potentialAction\":[{\"@type\":\"CommentAction\",\"name\":\"Comment\",\"target\":[\"https:\\\/\\\/news.ecclesia.org.br\\\/?p=26690#respond\"]}]},{\"@type\":\"WebPage\",\"@id\":\"https:\\\/\\\/news.ecclesia.org.br\\\/?p=26690\",\"url\":\"https:\\\/\\\/news.ecclesia.org.br\\\/?p=26690\",\"name\":\"Patriarca Ecum\u00eanico reconhece a Igreja Ortodoxa S\u00e9rvia como \u00fanica Igreja Ortodoxa Can\u00f4nica de Montenegro | ECCLESIA NEWS\",\"isPartOf\":{\"@id\":\"https:\\\/\\\/news.ecclesia.org.br\\\/#website\"},\"primaryImageOfPage\":{\"@id\":\"https:\\\/\\\/news.ecclesia.org.br\\\/?p=26690#primaryimage\"},\"image\":{\"@id\":\"https:\\\/\\\/news.ecclesia.org.br\\\/?p=26690#primaryimage\"},\"thumbnailUrl\":\"https:\\\/\\\/news.ecclesia.org.br\\\/wp-content\\\/uploads\\\/2019\\\/06\\\/patriarca-bartolomeu.jpg\",\"datePublished\":\"2019-06-27T17:36:59+00:00\",\"dateModified\":\"2021-07-30T19:02:12+00:00\",\"breadcrumb\":{\"@id\":\"https:\\\/\\\/news.ecclesia.org.br\\\/?p=26690#breadcrumb\"},\"inLanguage\":\"pt-BR\",\"potentialAction\":[{\"@type\":\"ReadAction\",\"target\":[\"https:\\\/\\\/news.ecclesia.org.br\\\/?p=26690\"]}]},{\"@type\":\"ImageObject\",\"inLanguage\":\"pt-BR\",\"@id\":\"https:\\\/\\\/news.ecclesia.org.br\\\/?p=26690#primaryimage\",\"url\":\"https:\\\/\\\/news.ecclesia.org.br\\\/wp-content\\\/uploads\\\/2019\\\/06\\\/patriarca-bartolomeu.jpg\",\"contentUrl\":\"https:\\\/\\\/news.ecclesia.org.br\\\/wp-content\\\/uploads\\\/2019\\\/06\\\/patriarca-bartolomeu.jpg\",\"width\":800,\"height\":449,\"caption\":\"S. Santidade Bartolomeu I, Patriarca Ecum\u00eanico\"},{\"@type\":\"BreadcrumbList\",\"@id\":\"https:\\\/\\\/news.ecclesia.org.br\\\/?p=26690#breadcrumb\",\"itemListElement\":[{\"@type\":\"ListItem\",\"position\":1,\"name\":\"In\u00edcio\",\"item\":\"https:\\\/\\\/news.ecclesia.org.br\\\/\"},{\"@type\":\"ListItem\",\"position\":2,\"name\":\"Patriarca Ecum\u00eanico reconhece a Igreja Ortodoxa S\u00e9rvia como \u00fanica Igreja Ortodoxa Can\u00f4nica de Montenegro\"}]},{\"@type\":\"WebSite\",\"@id\":\"https:\\\/\\\/news.ecclesia.org.br\\\/#website\",\"url\":\"https:\\\/\\\/news.ecclesia.org.br\\\/\",\"name\":\"Ecclesia Brasil\",\"description\":\"Desde 2003 onectando o Brasil ao mundo ortodoxo!\",\"publisher\":{\"@id\":\"https:\\\/\\\/news.ecclesia.org.br\\\/#organization\"},\"alternateName\":\"Ecclesia\",\"potentialAction\":[{\"@type\":\"SearchAction\",\"target\":{\"@type\":\"EntryPoint\",\"urlTemplate\":\"https:\\\/\\\/news.ecclesia.org.br\\\/?s={search_term_string}\"},\"query-input\":{\"@type\":\"PropertyValueSpecification\",\"valueRequired\":true,\"valueName\":\"search_term_string\"}}],\"inLanguage\":\"pt-BR\"},{\"@type\":\"Organization\",\"@id\":\"https:\\\/\\\/news.ecclesia.org.br\\\/#organization\",\"name\":\"Sacra Arquidiocese de Buenos Aires e Am\u00e9rica do Sul | Patriarcado Ecum\u00eanico\",\"alternateName\":\"News Ecclesia Brasil\",\"url\":\"https:\\\/\\\/news.ecclesia.org.br\\\/\",\"logo\":{\"@type\":\"ImageObject\",\"inLanguage\":\"pt-BR\",\"@id\":\"https:\\\/\\\/news.ecclesia.org.br\\\/#\\\/schema\\\/logo\\\/image\\\/\",\"url\":\"https:\\\/\\\/news.ecclesia.org.br\\\/wp-content\\\/uploads\\\/2025\\\/05\\\/ecclesia2.png\",\"contentUrl\":\"https:\\\/\\\/news.ecclesia.org.br\\\/wp-content\\\/uploads\\\/2025\\\/05\\\/ecclesia2.png\",\"width\":480,\"height\":120,\"caption\":\"Sacra Arquidiocese de Buenos Aires e Am\u00e9rica do Sul | Patriarcado Ecum\u00eanico\"},\"image\":{\"@id\":\"https:\\\/\\\/news.ecclesia.org.br\\\/#\\\/schema\\\/logo\\\/image\\\/\"},\"sameAs\":[\"https:\\\/\\\/www.facebook.com\\\/Ecclesia2025\",\"https:\\\/\\\/x.com\\\/EcclesiaNews\",\"https:\\\/\\\/br.pinterest.com\\\/ekklisia\\\/\",\"https:\\\/\\\/www.youtube.com\\\/@EcclesiaBrasil\"]},{\"@type\":\"Person\",\"@id\":\"https:\\\/\\\/news.ecclesia.org.br\\\/#\\\/schema\\\/person\\\/6f09597f025829745ba414a569f63758\",\"name\":\"Pe. Andr\u00e9\",\"image\":{\"@type\":\"ImageObject\",\"inLanguage\":\"pt-BR\",\"@id\":\"https:\\\/\\\/secure.gravatar.com\\\/avatar\\\/b4327cfa27e9799da239a26adcd534fc29cdc0c4a4a148eecbcfeb9b42c617ac?s=96&d=mm&r=g\",\"url\":\"https:\\\/\\\/secure.gravatar.com\\\/avatar\\\/b4327cfa27e9799da239a26adcd534fc29cdc0c4a4a148eecbcfeb9b42c617ac?s=96&d=mm&r=g\",\"contentUrl\":\"https:\\\/\\\/secure.gravatar.com\\\/avatar\\\/b4327cfa27e9799da239a26adcd534fc29cdc0c4a4a148eecbcfeb9b42c617ac?s=96&d=mm&r=g\",\"caption\":\"Pe. Andr\u00e9\"},\"sameAs\":[\"https:\\\/\\\/www.ecclesia.org.br\"]}]}<\/script>\n<!-- \/ Yoast SEO plugin. -->","yoast_head_json":{"title":"Patriarca Ecum\u00eanico reconhece a Igreja Ortodoxa S\u00e9rvia como \u00fanica Igreja Ortodoxa Can\u00f4nica de Montenegro | ECCLESIA NEWS","robots":{"index":"index","follow":"follow","max-snippet":"max-snippet:-1","max-image-preview":"max-image-preview:large","max-video-preview":"max-video-preview:-1"},"canonical":"https:\/\/news.ecclesia.org.br\/?p=26690","og_locale":"pt_BR","og_type":"article","og_title":"Patriarca Ecum\u00eanico reconhece a Igreja Ortodoxa S\u00e9rvia como \u00fanica Igreja Ortodoxa Can\u00f4nica de Montenegro | ECCLESIA NEWS","og_description":"Quinta-feira, 27 de junho de 2019 &#8212;\u00a0 O Patriarca Ecum\u00eanico Bartolomeu I enviou uma carta ao presidente de Montenegro, Milo \u0110ukanovi\u0107, sobre a sua inten\u00e7\u00e3o de criar uma igreja ortodoxa naquele pa\u00eds, o que gerou preocupa\u00e7\u00e3o no Patriarcado Ecum\u00eanico. Bartolomeu&#8230;","og_url":"https:\/\/news.ecclesia.org.br\/?p=26690","og_site_name":"ECCLESIA NEWS","article_publisher":"https:\/\/www.facebook.com\/Ecclesia2025","article_published_time":"2019-06-27T17:36:59+00:00","article_modified_time":"2021-07-30T19:02:12+00:00","og_image":[{"width":800,"height":449,"url":"https:\/\/news.ecclesia.org.br\/wp-content\/uploads\/2019\/06\/patriarca-bartolomeu.jpg","type":"image\/jpeg"}],"author":"Pe. Andr\u00e9","twitter_card":"summary_large_image","twitter_creator":"@EcclesiaNews","twitter_site":"@EcclesiaNews","twitter_misc":{"Escrito por":"Pe. Andr\u00e9","Est. tempo de leitura":"2 minutos"},"schema":{"@context":"https:\/\/schema.org","@graph":[{"@type":"Article","@id":"https:\/\/news.ecclesia.org.br\/?p=26690#article","isPartOf":{"@id":"https:\/\/news.ecclesia.org.br\/?p=26690"},"author":{"name":"Pe. Andr\u00e9","@id":"https:\/\/news.ecclesia.org.br\/#\/schema\/person\/6f09597f025829745ba414a569f63758"},"headline":"Patriarca Ecum\u00eanico reconhece a Igreja Ortodoxa S\u00e9rvia como \u00fanica Igreja Ortodoxa Can\u00f4nica de Montenegro","datePublished":"2019-06-27T17:36:59+00:00","dateModified":"2021-07-30T19:02:12+00:00","mainEntityOfPage":{"@id":"https:\/\/news.ecclesia.org.br\/?p=26690"},"wordCount":395,"commentCount":0,"publisher":{"@id":"https:\/\/news.ecclesia.org.br\/#organization"},"image":{"@id":"https:\/\/news.ecclesia.org.br\/?p=26690#primaryimage"},"thumbnailUrl":"https:\/\/news.ecclesia.org.br\/wp-content\/uploads\/2019\/06\/patriarca-bartolomeu.jpg","articleSection":["NEWS","Patriarcado Ecum\u00eanico"],"inLanguage":"pt-BR","potentialAction":[{"@type":"CommentAction","name":"Comment","target":["https:\/\/news.ecclesia.org.br\/?p=26690#respond"]}]},{"@type":"WebPage","@id":"https:\/\/news.ecclesia.org.br\/?p=26690","url":"https:\/\/news.ecclesia.org.br\/?p=26690","name":"Patriarca Ecum\u00eanico reconhece a Igreja Ortodoxa S\u00e9rvia como \u00fanica Igreja Ortodoxa Can\u00f4nica de Montenegro | ECCLESIA NEWS","isPartOf":{"@id":"https:\/\/news.ecclesia.org.br\/#website"},"primaryImageOfPage":{"@id":"https:\/\/news.ecclesia.org.br\/?p=26690#primaryimage"},"image":{"@id":"https:\/\/news.ecclesia.org.br\/?p=26690#primaryimage"},"thumbnailUrl":"https:\/\/news.ecclesia.org.br\/wp-content\/uploads\/2019\/06\/patriarca-bartolomeu.jpg","datePublished":"2019-06-27T17:36:59+00:00","dateModified":"2021-07-30T19:02:12+00:00","breadcrumb":{"@id":"https:\/\/news.ecclesia.org.br\/?p=26690#breadcrumb"},"inLanguage":"pt-BR","potentialAction":[{"@type":"ReadAction","target":["https:\/\/news.ecclesia.org.br\/?p=26690"]}]},{"@type":"ImageObject","inLanguage":"pt-BR","@id":"https:\/\/news.ecclesia.org.br\/?p=26690#primaryimage","url":"https:\/\/news.ecclesia.org.br\/wp-content\/uploads\/2019\/06\/patriarca-bartolomeu.jpg","contentUrl":"https:\/\/news.ecclesia.org.br\/wp-content\/uploads\/2019\/06\/patriarca-bartolomeu.jpg","width":800,"height":449,"caption":"S. Santidade Bartolomeu I, Patriarca Ecum\u00eanico"},{"@type":"BreadcrumbList","@id":"https:\/\/news.ecclesia.org.br\/?p=26690#breadcrumb","itemListElement":[{"@type":"ListItem","position":1,"name":"In\u00edcio","item":"https:\/\/news.ecclesia.org.br\/"},{"@type":"ListItem","position":2,"name":"Patriarca Ecum\u00eanico reconhece a Igreja Ortodoxa S\u00e9rvia como \u00fanica Igreja Ortodoxa Can\u00f4nica de Montenegro"}]},{"@type":"WebSite","@id":"https:\/\/news.ecclesia.org.br\/#website","url":"https:\/\/news.ecclesia.org.br\/","name":"Ecclesia Brasil","description":"Desde 2003 onectando o Brasil ao mundo ortodoxo!","publisher":{"@id":"https:\/\/news.ecclesia.org.br\/#organization"},"alternateName":"Ecclesia","potentialAction":[{"@type":"SearchAction","target":{"@type":"EntryPoint","urlTemplate":"https:\/\/news.ecclesia.org.br\/?s={search_term_string}"},"query-input":{"@type":"PropertyValueSpecification","valueRequired":true,"valueName":"search_term_string"}}],"inLanguage":"pt-BR"},{"@type":"Organization","@id":"https:\/\/news.ecclesia.org.br\/#organization","name":"Sacra Arquidiocese de Buenos Aires e Am\u00e9rica do Sul | Patriarcado Ecum\u00eanico","alternateName":"News Ecclesia Brasil","url":"https:\/\/news.ecclesia.org.br\/","logo":{"@type":"ImageObject","inLanguage":"pt-BR","@id":"https:\/\/news.ecclesia.org.br\/#\/schema\/logo\/image\/","url":"https:\/\/news.ecclesia.org.br\/wp-content\/uploads\/2025\/05\/ecclesia2.png","contentUrl":"https:\/\/news.ecclesia.org.br\/wp-content\/uploads\/2025\/05\/ecclesia2.png","width":480,"height":120,"caption":"Sacra Arquidiocese de Buenos Aires e Am\u00e9rica do Sul | Patriarcado Ecum\u00eanico"},"image":{"@id":"https:\/\/news.ecclesia.org.br\/#\/schema\/logo\/image\/"},"sameAs":["https:\/\/www.facebook.com\/Ecclesia2025","https:\/\/x.com\/EcclesiaNews","https:\/\/br.pinterest.com\/ekklisia\/","https:\/\/www.youtube.com\/@EcclesiaBrasil"]},{"@type":"Person","@id":"https:\/\/news.ecclesia.org.br\/#\/schema\/person\/6f09597f025829745ba414a569f63758","name":"Pe. Andr\u00e9","image":{"@type":"ImageObject","inLanguage":"pt-BR","@id":"https:\/\/secure.gravatar.com\/avatar\/b4327cfa27e9799da239a26adcd534fc29cdc0c4a4a148eecbcfeb9b42c617ac?s=96&d=mm&r=g","url":"https:\/\/secure.gravatar.com\/avatar\/b4327cfa27e9799da239a26adcd534fc29cdc0c4a4a148eecbcfeb9b42c617ac?s=96&d=mm&r=g","contentUrl":"https:\/\/secure.gravatar.com\/avatar\/b4327cfa27e9799da239a26adcd534fc29cdc0c4a4a148eecbcfeb9b42c617ac?s=96&d=mm&r=g","caption":"Pe. Andr\u00e9"},"sameAs":["https:\/\/www.ecclesia.org.br"]}]}},"_links":{"self":[{"href":"https:\/\/news.ecclesia.org.br\/index.php?rest_route=\/wp\/v2\/posts\/26690","targetHints":{"allow":["GET"]}}],"collection":[{"href":"https:\/\/news.ecclesia.org.br\/index.php?rest_route=\/wp\/v2\/posts"}],"about":[{"href":"https:\/\/news.ecclesia.org.br\/index.php?rest_route=\/wp\/v2\/types\/post"}],"author":[{"embeddable":true,"href":"https:\/\/news.ecclesia.org.br\/index.php?rest_route=\/wp\/v2\/users\/1"}],"replies":[{"embeddable":true,"href":"https:\/\/news.ecclesia.org.br\/index.php?rest_route=%2Fwp%2Fv2%2Fcomments&post=26690"}],"version-history":[{"count":2,"href":"https:\/\/news.ecclesia.org.br\/index.php?rest_route=\/wp\/v2\/posts\/26690\/revisions"}],"predecessor-version":[{"id":38600,"href":"https:\/\/news.ecclesia.org.br\/index.php?rest_route=\/wp\/v2\/posts\/26690\/revisions\/38600"}],"wp:featuredmedia":[{"embeddable":true,"href":"https:\/\/news.ecclesia.org.br\/index.php?rest_route=\/wp\/v2\/media\/26691"}],"wp:attachment":[{"href":"https:\/\/news.ecclesia.org.br\/index.php?rest_route=%2Fwp%2Fv2%2Fmedia&parent=26690"}],"wp:term":[{"taxonomy":"category","embeddable":true,"href":"https:\/\/news.ecclesia.org.br\/index.php?rest_route=%2Fwp%2Fv2%2Fcategories&post=26690"},{"taxonomy":"post_tag","embeddable":true,"href":"https:\/\/news.ecclesia.org.br\/index.php?rest_route=%2Fwp%2Fv2%2Ftags&post=26690"}],"curies":[{"name":"wp","href":"https:\/\/api.w.org\/{rel}","templated":true}]}}