{"id":26672,"date":"2019-06-21T17:47:17","date_gmt":"2019-06-21T17:47:17","guid":{"rendered":"https:\/\/news.ecclesia.org.br\/?p=26672"},"modified":"2021-07-30T16:03:31","modified_gmt":"2021-07-30T19:03:31","slug":"patriarca-ecumenico-bartolomeu-na-conferencia-de-napoles-nao-ao-binomio-acolhimento-invasao","status":"publish","type":"post","link":"https:\/\/news.ecclesia.org.br\/?p=26672","title":{"rendered":"Patriarca Ecum\u00eanico Bartolomeu na Confer\u00eancia de N\u00e1poles: n\u00e3o ao bin\u00f4mio acolhimento-invas\u00e3o"},"content":{"rendered":"<p style=\"text-align: justify;\">O Patriarca Ecum\u00eanico de Constantinopla, Bartolomeu I, enviou uma carta ao Decano da Pontif\u00edcia Faculdade Teol\u00f3gica da It\u00e1lia Meridional, por ocasi\u00e3o do encontro promovido por essa institui\u00e7\u00e3o que contou com a presen\u00e7a do Papa Francisco (de Roma).<\/p>\n<p style=\"text-align: right;\">Gabriella Ceraso &#8211; N\u00e1poles<\/p>\n<p style=\"text-align: justify;\">Uma surpresa para todos os presentes foi a not\u00edcia dada pelo Decano da Pontif\u00edcia Faculdade Teol\u00f3gica da It\u00e1lia Meridional, pe. Di Luccio, em sua sauda\u00e7\u00e3o, na manh\u00e3 desta sexta-feira (21\/06), em N\u00e1poles, sobre a carta datada de 16 de junho e assinada pelo Patriarca Ecum\u00eanico de Constantinopla, Bartolomeu I, que desta maneira, uniu-se ao Papa.<\/p>\n<p style=\"text-align: justify;\">O Pont\u00edfice agradeceu ao Patriarca com palavras de gratid\u00e3o, nesse dia dedicado aos temas da paz, fraternidade, acolhimento e di\u00e1logo no respeito ao cuidado da Casa comum.<\/p>\n<h3 style=\"text-align: justify;\">Mediterr\u00e2neo no passado e no presente<\/h3>\n<p style=\"text-align: justify;\">Bartolomeu sa\u00fada o Papa com as palavras: \u201cA gra\u00e7a de Nosso Senhor Jesus Cristo, o amor de Deus Pai e a comunh\u00e3o do Esp\u00edrito Santo, estejam com todos voc\u00eas!\u201d O olhar vai para o Mar Mediterr\u00e2neo. \u201cMar entre as terras\u201d, outrora \u201cber\u00e7o da hist\u00f3ria, civiliza\u00e7\u00e3o, l\u00ednguas, culturas e religi\u00f5es capazes de trocas e interconex\u00f5es fundamentais para o crescimento dos povos\u201d, escreve Bartolomeu. O Mediterr\u00e2neo viu \u201ca contribui\u00e7\u00e3o\u201d do cristianismo, mas tamb\u00e9m do juda\u00edsmo e do islamismo, para encontrar formas de comunh\u00e3o e coexist\u00eancia ao longo do tempo, mas que hoje parece diferente.<\/p>\n<h3 style=\"text-align: justify;\">Acolhimento n\u00e3o s\u00f3 assist\u00eancia, mas verdade e justi\u00e7a<\/h3>\n<p style=\"text-align: justify;\">Hoje, em diferentes partes do mundo, o <em>&#8216;Mare nostrum&#8217;<\/em> tornou-se um \u201cconfim a n\u00e3o ser atravessado entre norte e sul, colocando perguntas ao conceito de acolhimento do estrangeiro, do qual o cristianismo \u00e9 a m\u00e1xima express\u00e3o\u201d. \u201cAs tens\u00f5es provocadas em muitos pa\u00edses\u201d, observa o Patriarca, \u201cpor causa do acolhimento dos mais fr\u00e1geis, daqueles que est\u00e3o expostos \u00e0s tens\u00f5es sociais, econ\u00f4micas e clim\u00e1ticas, colocam novas perguntas \u00e0s Igrejas\u201d.<\/p>\n<p style=\"text-align: justify;\">O acolhimento n\u00e3o pode ser \u201capenas assist\u00eancia\u201d. \u201cDeve olhar para o tema da verdade e da justi\u00e7a para entender as causas, cuidar de seus efeitos e testemunhar com for\u00e7a o perigo de velhas e novas escravid\u00f5es do ser humano, cujas consequ\u00eancias tamb\u00e9m est\u00e3o afetando os crist\u00e3os\u201d.<\/p>\n<h3 style=\"text-align: justify;\">Criar uma nova consci\u00eancia e uma economia sustent\u00e1vel<\/h3>\n<p style=\"text-align: justify;\">As migra\u00e7\u00f5es \u201ctransum\u00e2ncias de gera\u00e7\u00f5es inteiras\u201d est\u00e3o gerando, escreve Bartolomeu I, pobreza e intoler\u00e2ncia. \u00c9 necess\u00e1rio um compromisso primordial das Igrejas tamb\u00e9m atrav\u00e9s das institui\u00e7\u00f5es universit\u00e1rias para \u201ccriar uma nova consci\u00eancia nas institui\u00e7\u00f5es mundiais, em que o crit\u00e9rio do lucro d\u00ea lugar a uma \u2018economia sustent\u00e1vel\u2019 que respeite o ambiente que deixamos para as gera\u00e7\u00f5es futuras. Uma economia que d\u00ea dignidade ao ser humano, livre de conflitos, que respeite as peculiaridades dos povos e que melhore suas condi\u00e7\u00f5es.<\/p>\n<h3 style=\"text-align: justify;\">Perigosa combina\u00e7\u00e3o do bin\u00f4mio acolhimento-invas\u00e3o<\/h3>\n<p style=\"text-align: justify;\">O conceito de acolhimento corre um grave perigo, o de n\u00e3o mais ser percebido como \u201cditame evang\u00e9lico\u201d, mas como uma \u201cinvas\u00e3o de povos sobre outros povos\u201d.<\/p>\n<p style=\"text-align: justify;\">\u201cA invas\u00e3o \u00e9 sempre um conceito negativo\u201d, ressalta Bartolomeu, que n\u00e3o desaparece do \u201csentimento comum\u201d. Esse sentimento deve ser evitado tamb\u00e9m pelas nossas Igrejas. Portanto, \u00e9 necess\u00e1rio examinar com aten\u00e7\u00e3o a forma de acolher, por que acolher, mas acima de tudo, como acolher, com respeito pelas popula\u00e7\u00f5es locais. O acolhimento deve tornar-se principalmente integra\u00e7\u00e3o, mas nunca sincretismo.<\/p>\n<hr \/>\n<p style=\"text-align: right;\">Fonte (imagem e texto): <a href=\"https:\/\/www.vaticannews.va\/pt\/vaticano\/news\/2019-06\/bartolomeu-encontro-napolies-teologia-encontro-papa.html\" target=\"_blank\" rel=\"noopener noreferrer\">Vatican News<\/a><\/p>\n","protected":false},"excerpt":{"rendered":"<p>O Patriarca Ecum\u00eanico de Constantinopla, Bartolomeu I, enviou uma carta ao Decano da Pontif\u00edcia Faculdade Teol\u00f3gica da It\u00e1lia Meridional, por ocasi\u00e3o do encontro promovido por essa institui\u00e7\u00e3o que contou com a presen\u00e7a do Papa Francisco (de Roma). Gabriella Ceraso &#8211;&#8230;<\/p>\n","protected":false},"author":1,"featured_media":26673,"comment_status":"open","ping_status":"open","sticky":false,"template":"","format":"standard","meta":{"_acf_changed":false,"footnotes":""},"categories":[1,72],"tags":[],"class_list":["post-26672","post","type-post","status-publish","format-standard","has-post-thumbnail","hentry","category-news","category-patriarcado-ecumenico","entry","rows-excerpt"],"acf":[],"yoast_head":"<!-- This site is optimized with the Yoast SEO plugin v27.4 - https:\/\/yoast.com\/product\/yoast-seo-wordpress\/ -->\n<title>Patriarca Ecum\u00eanico Bartolomeu na Confer\u00eancia de N\u00e1poles: n\u00e3o ao bin\u00f4mio acolhimento-invas\u00e3o | ECCLESIA NEWS<\/title>\n<meta name=\"robots\" content=\"index, follow, max-snippet:-1, max-image-preview:large, max-video-preview:-1\" \/>\n<link rel=\"canonical\" href=\"https:\/\/news.ecclesia.org.br\/?p=26672\" \/>\n<meta property=\"og:locale\" content=\"pt_BR\" \/>\n<meta property=\"og:type\" content=\"article\" \/>\n<meta property=\"og:title\" content=\"Patriarca Ecum\u00eanico Bartolomeu na Confer\u00eancia de N\u00e1poles: n\u00e3o ao bin\u00f4mio acolhimento-invas\u00e3o | ECCLESIA NEWS\" \/>\n<meta property=\"og:description\" content=\"O Patriarca Ecum\u00eanico de Constantinopla, Bartolomeu I, enviou uma carta ao Decano da Pontif\u00edcia Faculdade Teol\u00f3gica da It\u00e1lia Meridional, por ocasi\u00e3o do encontro promovido por essa institui\u00e7\u00e3o que contou com a presen\u00e7a do Papa Francisco (de Roma). Gabriella Ceraso &#8211;&#8230;\" \/>\n<meta property=\"og:url\" content=\"https:\/\/news.ecclesia.org.br\/?p=26672\" \/>\n<meta property=\"og:site_name\" content=\"ECCLESIA NEWS\" \/>\n<meta property=\"article:publisher\" content=\"https:\/\/www.facebook.com\/Ecclesia2025\" \/>\n<meta property=\"article:published_time\" content=\"2019-06-21T17:47:17+00:00\" \/>\n<meta property=\"article:modified_time\" content=\"2021-07-30T19:03:31+00:00\" \/>\n<meta property=\"og:image\" content=\"https:\/\/news.ecclesia.org.br\/wp-content\/uploads\/2019\/06\/bartolomeu-com-francisco.jpg\" \/>\n\t<meta property=\"og:image:width\" content=\"750\" \/>\n\t<meta property=\"og:image:height\" content=\"422\" \/>\n\t<meta property=\"og:image:type\" content=\"image\/jpeg\" \/>\n<meta name=\"author\" content=\"Pe. Andr\u00e9\" \/>\n<meta name=\"twitter:card\" content=\"summary_large_image\" \/>\n<meta name=\"twitter:creator\" content=\"@EcclesiaNews\" \/>\n<meta name=\"twitter:site\" content=\"@EcclesiaNews\" \/>\n<meta name=\"twitter:label1\" content=\"Escrito por\" \/>\n\t<meta name=\"twitter:data1\" content=\"Pe. Andr\u00e9\" \/>\n\t<meta name=\"twitter:label2\" content=\"Est. tempo de leitura\" \/>\n\t<meta name=\"twitter:data2\" content=\"3 minutos\" \/>\n<script type=\"application\/ld+json\" class=\"yoast-schema-graph\">{\"@context\":\"https:\\\/\\\/schema.org\",\"@graph\":[{\"@type\":\"Article\",\"@id\":\"https:\\\/\\\/news.ecclesia.org.br\\\/?p=26672#article\",\"isPartOf\":{\"@id\":\"https:\\\/\\\/news.ecclesia.org.br\\\/?p=26672\"},\"author\":{\"name\":\"Pe. Andr\u00e9\",\"@id\":\"https:\\\/\\\/news.ecclesia.org.br\\\/#\\\/schema\\\/person\\\/6f09597f025829745ba414a569f63758\"},\"headline\":\"Patriarca Ecum\u00eanico Bartolomeu na Confer\u00eancia de N\u00e1poles: n\u00e3o ao bin\u00f4mio acolhimento-invas\u00e3o\",\"datePublished\":\"2019-06-21T17:47:17+00:00\",\"dateModified\":\"2021-07-30T19:03:31+00:00\",\"mainEntityOfPage\":{\"@id\":\"https:\\\/\\\/news.ecclesia.org.br\\\/?p=26672\"},\"wordCount\":623,\"commentCount\":0,\"publisher\":{\"@id\":\"https:\\\/\\\/news.ecclesia.org.br\\\/#organization\"},\"image\":{\"@id\":\"https:\\\/\\\/news.ecclesia.org.br\\\/?p=26672#primaryimage\"},\"thumbnailUrl\":\"https:\\\/\\\/news.ecclesia.org.br\\\/wp-content\\\/uploads\\\/2019\\\/06\\\/bartolomeu-com-francisco.jpg\",\"articleSection\":[\"NEWS\",\"Patriarcado Ecum\u00eanico\"],\"inLanguage\":\"pt-BR\",\"potentialAction\":[{\"@type\":\"CommentAction\",\"name\":\"Comment\",\"target\":[\"https:\\\/\\\/news.ecclesia.org.br\\\/?p=26672#respond\"]}]},{\"@type\":\"WebPage\",\"@id\":\"https:\\\/\\\/news.ecclesia.org.br\\\/?p=26672\",\"url\":\"https:\\\/\\\/news.ecclesia.org.br\\\/?p=26672\",\"name\":\"Patriarca Ecum\u00eanico Bartolomeu na Confer\u00eancia de N\u00e1poles: n\u00e3o ao bin\u00f4mio acolhimento-invas\u00e3o | ECCLESIA NEWS\",\"isPartOf\":{\"@id\":\"https:\\\/\\\/news.ecclesia.org.br\\\/#website\"},\"primaryImageOfPage\":{\"@id\":\"https:\\\/\\\/news.ecclesia.org.br\\\/?p=26672#primaryimage\"},\"image\":{\"@id\":\"https:\\\/\\\/news.ecclesia.org.br\\\/?p=26672#primaryimage\"},\"thumbnailUrl\":\"https:\\\/\\\/news.ecclesia.org.br\\\/wp-content\\\/uploads\\\/2019\\\/06\\\/bartolomeu-com-francisco.jpg\",\"datePublished\":\"2019-06-21T17:47:17+00:00\",\"dateModified\":\"2021-07-30T19:03:31+00:00\",\"breadcrumb\":{\"@id\":\"https:\\\/\\\/news.ecclesia.org.br\\\/?p=26672#breadcrumb\"},\"inLanguage\":\"pt-BR\",\"potentialAction\":[{\"@type\":\"ReadAction\",\"target\":[\"https:\\\/\\\/news.ecclesia.org.br\\\/?p=26672\"]}]},{\"@type\":\"ImageObject\",\"inLanguage\":\"pt-BR\",\"@id\":\"https:\\\/\\\/news.ecclesia.org.br\\\/?p=26672#primaryimage\",\"url\":\"https:\\\/\\\/news.ecclesia.org.br\\\/wp-content\\\/uploads\\\/2019\\\/06\\\/bartolomeu-com-francisco.jpg\",\"contentUrl\":\"https:\\\/\\\/news.ecclesia.org.br\\\/wp-content\\\/uploads\\\/2019\\\/06\\\/bartolomeu-com-francisco.jpg\",\"width\":750,\"height\":422},{\"@type\":\"BreadcrumbList\",\"@id\":\"https:\\\/\\\/news.ecclesia.org.br\\\/?p=26672#breadcrumb\",\"itemListElement\":[{\"@type\":\"ListItem\",\"position\":1,\"name\":\"In\u00edcio\",\"item\":\"https:\\\/\\\/news.ecclesia.org.br\\\/\"},{\"@type\":\"ListItem\",\"position\":2,\"name\":\"Patriarca Ecum\u00eanico Bartolomeu na Confer\u00eancia de N\u00e1poles: n\u00e3o ao bin\u00f4mio acolhimento-invas\u00e3o\"}]},{\"@type\":\"WebSite\",\"@id\":\"https:\\\/\\\/news.ecclesia.org.br\\\/#website\",\"url\":\"https:\\\/\\\/news.ecclesia.org.br\\\/\",\"name\":\"Ecclesia Brasil\",\"description\":\"Desde 2003 onectando o Brasil ao mundo ortodoxo!\",\"publisher\":{\"@id\":\"https:\\\/\\\/news.ecclesia.org.br\\\/#organization\"},\"alternateName\":\"Ecclesia\",\"potentialAction\":[{\"@type\":\"SearchAction\",\"target\":{\"@type\":\"EntryPoint\",\"urlTemplate\":\"https:\\\/\\\/news.ecclesia.org.br\\\/?s={search_term_string}\"},\"query-input\":{\"@type\":\"PropertyValueSpecification\",\"valueRequired\":true,\"valueName\":\"search_term_string\"}}],\"inLanguage\":\"pt-BR\"},{\"@type\":\"Organization\",\"@id\":\"https:\\\/\\\/news.ecclesia.org.br\\\/#organization\",\"name\":\"Sacra Arquidiocese de Buenos Aires e Am\u00e9rica do Sul | Patriarcado Ecum\u00eanico\",\"alternateName\":\"News Ecclesia Brasil\",\"url\":\"https:\\\/\\\/news.ecclesia.org.br\\\/\",\"logo\":{\"@type\":\"ImageObject\",\"inLanguage\":\"pt-BR\",\"@id\":\"https:\\\/\\\/news.ecclesia.org.br\\\/#\\\/schema\\\/logo\\\/image\\\/\",\"url\":\"https:\\\/\\\/news.ecclesia.org.br\\\/wp-content\\\/uploads\\\/2025\\\/05\\\/ecclesia2.png\",\"contentUrl\":\"https:\\\/\\\/news.ecclesia.org.br\\\/wp-content\\\/uploads\\\/2025\\\/05\\\/ecclesia2.png\",\"width\":480,\"height\":120,\"caption\":\"Sacra Arquidiocese de Buenos Aires e Am\u00e9rica do Sul | Patriarcado Ecum\u00eanico\"},\"image\":{\"@id\":\"https:\\\/\\\/news.ecclesia.org.br\\\/#\\\/schema\\\/logo\\\/image\\\/\"},\"sameAs\":[\"https:\\\/\\\/www.facebook.com\\\/Ecclesia2025\",\"https:\\\/\\\/x.com\\\/EcclesiaNews\",\"https:\\\/\\\/br.pinterest.com\\\/ekklisia\\\/\",\"https:\\\/\\\/www.youtube.com\\\/@EcclesiaBrasil\"]},{\"@type\":\"Person\",\"@id\":\"https:\\\/\\\/news.ecclesia.org.br\\\/#\\\/schema\\\/person\\\/6f09597f025829745ba414a569f63758\",\"name\":\"Pe. Andr\u00e9\",\"image\":{\"@type\":\"ImageObject\",\"inLanguage\":\"pt-BR\",\"@id\":\"https:\\\/\\\/secure.gravatar.com\\\/avatar\\\/b4327cfa27e9799da239a26adcd534fc29cdc0c4a4a148eecbcfeb9b42c617ac?s=96&d=mm&r=g\",\"url\":\"https:\\\/\\\/secure.gravatar.com\\\/avatar\\\/b4327cfa27e9799da239a26adcd534fc29cdc0c4a4a148eecbcfeb9b42c617ac?s=96&d=mm&r=g\",\"contentUrl\":\"https:\\\/\\\/secure.gravatar.com\\\/avatar\\\/b4327cfa27e9799da239a26adcd534fc29cdc0c4a4a148eecbcfeb9b42c617ac?s=96&d=mm&r=g\",\"caption\":\"Pe. Andr\u00e9\"},\"sameAs\":[\"https:\\\/\\\/www.ecclesia.org.br\"]}]}<\/script>\n<!-- \/ Yoast SEO plugin. -->","yoast_head_json":{"title":"Patriarca Ecum\u00eanico Bartolomeu na Confer\u00eancia de N\u00e1poles: n\u00e3o ao bin\u00f4mio acolhimento-invas\u00e3o | ECCLESIA NEWS","robots":{"index":"index","follow":"follow","max-snippet":"max-snippet:-1","max-image-preview":"max-image-preview:large","max-video-preview":"max-video-preview:-1"},"canonical":"https:\/\/news.ecclesia.org.br\/?p=26672","og_locale":"pt_BR","og_type":"article","og_title":"Patriarca Ecum\u00eanico Bartolomeu na Confer\u00eancia de N\u00e1poles: n\u00e3o ao bin\u00f4mio acolhimento-invas\u00e3o | ECCLESIA NEWS","og_description":"O Patriarca Ecum\u00eanico de Constantinopla, Bartolomeu I, enviou uma carta ao Decano da Pontif\u00edcia Faculdade Teol\u00f3gica da It\u00e1lia Meridional, por ocasi\u00e3o do encontro promovido por essa institui\u00e7\u00e3o que contou com a presen\u00e7a do Papa Francisco (de Roma). Gabriella Ceraso &#8211;&#8230;","og_url":"https:\/\/news.ecclesia.org.br\/?p=26672","og_site_name":"ECCLESIA NEWS","article_publisher":"https:\/\/www.facebook.com\/Ecclesia2025","article_published_time":"2019-06-21T17:47:17+00:00","article_modified_time":"2021-07-30T19:03:31+00:00","og_image":[{"width":750,"height":422,"url":"https:\/\/news.ecclesia.org.br\/wp-content\/uploads\/2019\/06\/bartolomeu-com-francisco.jpg","type":"image\/jpeg"}],"author":"Pe. Andr\u00e9","twitter_card":"summary_large_image","twitter_creator":"@EcclesiaNews","twitter_site":"@EcclesiaNews","twitter_misc":{"Escrito por":"Pe. Andr\u00e9","Est. tempo de leitura":"3 minutos"},"schema":{"@context":"https:\/\/schema.org","@graph":[{"@type":"Article","@id":"https:\/\/news.ecclesia.org.br\/?p=26672#article","isPartOf":{"@id":"https:\/\/news.ecclesia.org.br\/?p=26672"},"author":{"name":"Pe. Andr\u00e9","@id":"https:\/\/news.ecclesia.org.br\/#\/schema\/person\/6f09597f025829745ba414a569f63758"},"headline":"Patriarca Ecum\u00eanico Bartolomeu na Confer\u00eancia de N\u00e1poles: n\u00e3o ao bin\u00f4mio acolhimento-invas\u00e3o","datePublished":"2019-06-21T17:47:17+00:00","dateModified":"2021-07-30T19:03:31+00:00","mainEntityOfPage":{"@id":"https:\/\/news.ecclesia.org.br\/?p=26672"},"wordCount":623,"commentCount":0,"publisher":{"@id":"https:\/\/news.ecclesia.org.br\/#organization"},"image":{"@id":"https:\/\/news.ecclesia.org.br\/?p=26672#primaryimage"},"thumbnailUrl":"https:\/\/news.ecclesia.org.br\/wp-content\/uploads\/2019\/06\/bartolomeu-com-francisco.jpg","articleSection":["NEWS","Patriarcado Ecum\u00eanico"],"inLanguage":"pt-BR","potentialAction":[{"@type":"CommentAction","name":"Comment","target":["https:\/\/news.ecclesia.org.br\/?p=26672#respond"]}]},{"@type":"WebPage","@id":"https:\/\/news.ecclesia.org.br\/?p=26672","url":"https:\/\/news.ecclesia.org.br\/?p=26672","name":"Patriarca Ecum\u00eanico Bartolomeu na Confer\u00eancia de N\u00e1poles: n\u00e3o ao bin\u00f4mio acolhimento-invas\u00e3o | ECCLESIA NEWS","isPartOf":{"@id":"https:\/\/news.ecclesia.org.br\/#website"},"primaryImageOfPage":{"@id":"https:\/\/news.ecclesia.org.br\/?p=26672#primaryimage"},"image":{"@id":"https:\/\/news.ecclesia.org.br\/?p=26672#primaryimage"},"thumbnailUrl":"https:\/\/news.ecclesia.org.br\/wp-content\/uploads\/2019\/06\/bartolomeu-com-francisco.jpg","datePublished":"2019-06-21T17:47:17+00:00","dateModified":"2021-07-30T19:03:31+00:00","breadcrumb":{"@id":"https:\/\/news.ecclesia.org.br\/?p=26672#breadcrumb"},"inLanguage":"pt-BR","potentialAction":[{"@type":"ReadAction","target":["https:\/\/news.ecclesia.org.br\/?p=26672"]}]},{"@type":"ImageObject","inLanguage":"pt-BR","@id":"https:\/\/news.ecclesia.org.br\/?p=26672#primaryimage","url":"https:\/\/news.ecclesia.org.br\/wp-content\/uploads\/2019\/06\/bartolomeu-com-francisco.jpg","contentUrl":"https:\/\/news.ecclesia.org.br\/wp-content\/uploads\/2019\/06\/bartolomeu-com-francisco.jpg","width":750,"height":422},{"@type":"BreadcrumbList","@id":"https:\/\/news.ecclesia.org.br\/?p=26672#breadcrumb","itemListElement":[{"@type":"ListItem","position":1,"name":"In\u00edcio","item":"https:\/\/news.ecclesia.org.br\/"},{"@type":"ListItem","position":2,"name":"Patriarca Ecum\u00eanico Bartolomeu na Confer\u00eancia de N\u00e1poles: n\u00e3o ao bin\u00f4mio acolhimento-invas\u00e3o"}]},{"@type":"WebSite","@id":"https:\/\/news.ecclesia.org.br\/#website","url":"https:\/\/news.ecclesia.org.br\/","name":"Ecclesia Brasil","description":"Desde 2003 onectando o Brasil ao mundo ortodoxo!","publisher":{"@id":"https:\/\/news.ecclesia.org.br\/#organization"},"alternateName":"Ecclesia","potentialAction":[{"@type":"SearchAction","target":{"@type":"EntryPoint","urlTemplate":"https:\/\/news.ecclesia.org.br\/?s={search_term_string}"},"query-input":{"@type":"PropertyValueSpecification","valueRequired":true,"valueName":"search_term_string"}}],"inLanguage":"pt-BR"},{"@type":"Organization","@id":"https:\/\/news.ecclesia.org.br\/#organization","name":"Sacra Arquidiocese de Buenos Aires e Am\u00e9rica do Sul | Patriarcado Ecum\u00eanico","alternateName":"News Ecclesia Brasil","url":"https:\/\/news.ecclesia.org.br\/","logo":{"@type":"ImageObject","inLanguage":"pt-BR","@id":"https:\/\/news.ecclesia.org.br\/#\/schema\/logo\/image\/","url":"https:\/\/news.ecclesia.org.br\/wp-content\/uploads\/2025\/05\/ecclesia2.png","contentUrl":"https:\/\/news.ecclesia.org.br\/wp-content\/uploads\/2025\/05\/ecclesia2.png","width":480,"height":120,"caption":"Sacra Arquidiocese de Buenos Aires e Am\u00e9rica do Sul | Patriarcado Ecum\u00eanico"},"image":{"@id":"https:\/\/news.ecclesia.org.br\/#\/schema\/logo\/image\/"},"sameAs":["https:\/\/www.facebook.com\/Ecclesia2025","https:\/\/x.com\/EcclesiaNews","https:\/\/br.pinterest.com\/ekklisia\/","https:\/\/www.youtube.com\/@EcclesiaBrasil"]},{"@type":"Person","@id":"https:\/\/news.ecclesia.org.br\/#\/schema\/person\/6f09597f025829745ba414a569f63758","name":"Pe. Andr\u00e9","image":{"@type":"ImageObject","inLanguage":"pt-BR","@id":"https:\/\/secure.gravatar.com\/avatar\/b4327cfa27e9799da239a26adcd534fc29cdc0c4a4a148eecbcfeb9b42c617ac?s=96&d=mm&r=g","url":"https:\/\/secure.gravatar.com\/avatar\/b4327cfa27e9799da239a26adcd534fc29cdc0c4a4a148eecbcfeb9b42c617ac?s=96&d=mm&r=g","contentUrl":"https:\/\/secure.gravatar.com\/avatar\/b4327cfa27e9799da239a26adcd534fc29cdc0c4a4a148eecbcfeb9b42c617ac?s=96&d=mm&r=g","caption":"Pe. Andr\u00e9"},"sameAs":["https:\/\/www.ecclesia.org.br"]}]}},"_links":{"self":[{"href":"https:\/\/news.ecclesia.org.br\/index.php?rest_route=\/wp\/v2\/posts\/26672","targetHints":{"allow":["GET"]}}],"collection":[{"href":"https:\/\/news.ecclesia.org.br\/index.php?rest_route=\/wp\/v2\/posts"}],"about":[{"href":"https:\/\/news.ecclesia.org.br\/index.php?rest_route=\/wp\/v2\/types\/post"}],"author":[{"embeddable":true,"href":"https:\/\/news.ecclesia.org.br\/index.php?rest_route=\/wp\/v2\/users\/1"}],"replies":[{"embeddable":true,"href":"https:\/\/news.ecclesia.org.br\/index.php?rest_route=%2Fwp%2Fv2%2Fcomments&post=26672"}],"version-history":[{"count":2,"href":"https:\/\/news.ecclesia.org.br\/index.php?rest_route=\/wp\/v2\/posts\/26672\/revisions"}],"predecessor-version":[{"id":38603,"href":"https:\/\/news.ecclesia.org.br\/index.php?rest_route=\/wp\/v2\/posts\/26672\/revisions\/38603"}],"wp:featuredmedia":[{"embeddable":true,"href":"https:\/\/news.ecclesia.org.br\/index.php?rest_route=\/wp\/v2\/media\/26673"}],"wp:attachment":[{"href":"https:\/\/news.ecclesia.org.br\/index.php?rest_route=%2Fwp%2Fv2%2Fmedia&parent=26672"}],"wp:term":[{"taxonomy":"category","embeddable":true,"href":"https:\/\/news.ecclesia.org.br\/index.php?rest_route=%2Fwp%2Fv2%2Fcategories&post=26672"},{"taxonomy":"post_tag","embeddable":true,"href":"https:\/\/news.ecclesia.org.br\/index.php?rest_route=%2Fwp%2Fv2%2Ftags&post=26672"}],"curies":[{"name":"wp","href":"https:\/\/api.w.org\/{rel}","templated":true}]}}