{"id":26641,"date":"2019-06-01T16:16:42","date_gmt":"2019-06-01T19:16:42","guid":{"rendered":"https:\/\/news.ecclesia.org.br\/?p=26641"},"modified":"2023-09-16T07:27:23","modified_gmt":"2023-09-16T10:27:23","slug":"com-86-da-populacao-ortodoxa-e-7-de-catolicos-romenia-recebe-papa-francisco-de-roma","status":"publish","type":"post","link":"https:\/\/news.ecclesia.org.br\/?p=26641","title":{"rendered":"Com 86% da popula\u00e7\u00e3o ortodoxa e 7% de cat\u00f3licos, Rom\u00eania recebe Papa Francisco de Roma"},"content":{"rendered":"\t\t<div data-elementor-type=\"wp-post\" data-elementor-id=\"26641\" class=\"elementor elementor-26641\">\n\t\t\t\t\t\t<section class=\"elementor-section elementor-top-section elementor-element elementor-element-72adf961 elementor-section-boxed elementor-section-height-default elementor-section-height-default\" data-id=\"72adf961\" data-element_type=\"section\" data-e-type=\"section\">\n\t\t\t\t\t\t<div class=\"elementor-container elementor-column-gap-default\">\n\t\t\t\t\t<div class=\"elementor-column elementor-col-100 elementor-top-column elementor-element elementor-element-4862361b\" data-id=\"4862361b\" data-element_type=\"column\" data-e-type=\"column\">\n\t\t\t<div class=\"elementor-widget-wrap elementor-element-populated\">\n\t\t\t\t\t\t<div class=\"elementor-element elementor-element-21f710e9 elementor-widget elementor-widget-text-editor\" data-id=\"21f710e9\" data-element_type=\"widget\" data-e-type=\"widget\" data-widget_type=\"text-editor.default\">\n\t\t\t\t<div class=\"elementor-widget-container\">\n\t\t\t\t\t\t\t\t\t<p style=\"text-align: justify;\">O Papa Francisco (de Roma) deixou o Vaticano na manh\u00e3 de ontem, sexta-feira (31\/5), para mais uma viagem apost\u00f3lica do seu pontificado. \u00c9 a sua 30\u00aa viagem, que o leva \u00e0 Rom\u00eania, 20 anos ap\u00f3s a visita de S\u00e3o Jo\u00e3o Paulo II. O pa\u00eds tem 86% da popula\u00e7\u00e3o Ortodoxa Romena. Somente 7% s\u00e3o cat\u00f3licos. Abaixo, veja a lista de atividades do Papa:<\/p><ul><li>Visita de cortesia ao presidente romeno, Klaus Werner Iohannis, no Pal\u00e1cio Presidencial, com a presen\u00e7a de representantes de v\u00e1rias confiss\u00f5es religiosas e o Corpo Diplom\u00e1tico;<\/li><li>Encontro com o Patriarca Daniel e o S\u00ednodo permanente da Igreja Ortodoxa Romena;<\/li><li>Ora\u00e7\u00e3o do Pai Nosso na nova catedral ortodoxa, a Catedral da Salva\u00e7\u00e3o do Povo, inaugurada em novembro passado e ainda n\u00e3o conclu\u00edda;<\/li><li>Encontro com a comunidade cat\u00f3lica na catedral de S\u00e3o Jos\u00e9, que fecha o 1\u00ba dia de visita ao pa\u00eds na cidade de Bucareste.<\/li><\/ul><h4>Mais detalhes:<\/h4><p><strong>Hoje, s\u00e1bado, 1\u00ba de junho &#8211; Bac\u0103u e Ia\u0219i:<\/strong><\/p><ul><li>10h25 (Hor\u00e1rio de Roma) 15h25 (Bras\u00edlia) \u2013 Santa Missa no Santu\u00e1rio de \u0218umuleu Ciuc, em Bac\u0103u;<\/li><li>16h40 \u2013 21h40 (hor\u00e1rio de Bras\u00edlia) &#8211; Encontro mariano com a juventude e com as fam\u00edlias no Pal\u00e1cio da Cultura em Ia\u0219i.<\/li><\/ul><p><strong>Amanh\u00e3, domingo, 2 de junho &#8211; Blaj<\/strong><\/p><ul><li>9h55 (Roma) \u2013 14h55 (Bras\u00edlia) &#8211; Divina Liturgia e Regina Coeli em Blaj;<\/li><li>14h40 \u2013 19h40 (Bras\u00edlia) &#8211; Encontro com a comunidade Rom no Bairro Barbu L\u0103utaru.<\/li><\/ul><hr \/><p style=\"text-align: right;\">Fonte: <a href=\"https:\/\/www.a12.com\/redacaoa12\/santo-padre\/com-86-da-populacao-ortodoxa-e-7-de-catolicas-romenia-recebe-papa-francisco\" target=\"_blank\" rel=\"noopener noreferrer\">A12<\/a><\/p>\t\t\t\t\t\t\t\t<\/div>\n\t\t\t\t<\/div>\n\t\t\t\t\t<\/div>\n\t\t<\/div>\n\t\t\t\t\t<\/div>\n\t\t<\/section>\n\t\t\t\t<\/div>\n\t\t","protected":false},"excerpt":{"rendered":"<p>O Papa Francisco (de Roma) deixou o Vaticano na manh\u00e3 de ontem, sexta-feira (31\/5), para mais uma viagem apost\u00f3lica do seu pontificado. \u00c9 a sua 30\u00aa viagem, que o leva \u00e0 Rom\u00eania, 20 anos ap\u00f3s a visita de S\u00e3o Jo\u00e3o&#8230;<\/p>\n","protected":false},"author":1,"featured_media":26665,"comment_status":"open","ping_status":"open","sticky":false,"template":"","format":"standard","meta":{"_acf_changed":false,"footnotes":""},"categories":[1,2745],"tags":[],"class_list":["post-26641","post","type-post","status-publish","format-standard","has-post-thumbnail","hentry","category-news","category-patriarcado-da-romenia","entry","rows-excerpt"],"acf":[],"yoast_head":"<!-- This site is optimized with the Yoast SEO plugin v27.4 - https:\/\/yoast.com\/product\/yoast-seo-wordpress\/ -->\n<title>Com 86% da popula\u00e7\u00e3o ortodoxa e 7% de cat\u00f3licos, Rom\u00eania recebe Papa Francisco de Roma | ECCLESIA NEWS<\/title>\n<meta name=\"robots\" content=\"index, follow, max-snippet:-1, max-image-preview:large, max-video-preview:-1\" \/>\n<link rel=\"canonical\" href=\"https:\/\/news.ecclesia.org.br\/?p=26641\" \/>\n<meta property=\"og:locale\" content=\"pt_BR\" \/>\n<meta property=\"og:type\" content=\"article\" \/>\n<meta property=\"og:title\" content=\"Com 86% da popula\u00e7\u00e3o ortodoxa e 7% de cat\u00f3licos, Rom\u00eania recebe Papa Francisco de Roma | ECCLESIA NEWS\" \/>\n<meta property=\"og:description\" content=\"O Papa Francisco (de Roma) deixou o Vaticano na manh\u00e3 de ontem, sexta-feira (31\/5), para mais uma viagem apost\u00f3lica do seu pontificado. \u00c9 a sua 30\u00aa viagem, que o leva \u00e0 Rom\u00eania, 20 anos ap\u00f3s a visita de S\u00e3o Jo\u00e3o&#8230;\" \/>\n<meta property=\"og:url\" content=\"https:\/\/news.ecclesia.org.br\/?p=26641\" \/>\n<meta property=\"og:site_name\" content=\"ECCLESIA NEWS\" \/>\n<meta property=\"article:publisher\" content=\"https:\/\/www.facebook.com\/Ecclesia2025\" \/>\n<meta property=\"article:published_time\" content=\"2019-06-01T19:16:42+00:00\" \/>\n<meta property=\"article:modified_time\" content=\"2023-09-16T10:27:23+00:00\" \/>\n<meta property=\"og:image\" content=\"https:\/\/news.ecclesia.org.br\/wp-content\/uploads\/2019\/06\/papa-romenia-892133-300x169.jpg\" \/>\n\t<meta property=\"og:image:width\" content=\"300\" \/>\n\t<meta property=\"og:image:height\" content=\"169\" \/>\n\t<meta property=\"og:image:type\" content=\"image\/jpeg\" \/>\n<meta name=\"author\" content=\"Pe. Andr\u00e9\" \/>\n<meta name=\"twitter:card\" content=\"summary_large_image\" \/>\n<meta name=\"twitter:creator\" content=\"@EcclesiaNews\" \/>\n<meta name=\"twitter:site\" content=\"@EcclesiaNews\" \/>\n<meta name=\"twitter:label1\" content=\"Escrito por\" \/>\n\t<meta name=\"twitter:data1\" content=\"Pe. Andr\u00e9\" \/>\n\t<meta name=\"twitter:label2\" content=\"Est. tempo de leitura\" \/>\n\t<meta name=\"twitter:data2\" content=\"1 minuto\" \/>\n<script type=\"application\/ld+json\" class=\"yoast-schema-graph\">{\"@context\":\"https:\\\/\\\/schema.org\",\"@graph\":[{\"@type\":\"Article\",\"@id\":\"https:\\\/\\\/news.ecclesia.org.br\\\/?p=26641#article\",\"isPartOf\":{\"@id\":\"https:\\\/\\\/news.ecclesia.org.br\\\/?p=26641\"},\"author\":{\"name\":\"Pe. Andr\u00e9\",\"@id\":\"https:\\\/\\\/news.ecclesia.org.br\\\/#\\\/schema\\\/person\\\/6f09597f025829745ba414a569f63758\"},\"headline\":\"Com 86% da popula\u00e7\u00e3o ortodoxa e 7% de cat\u00f3licos, Rom\u00eania recebe Papa Francisco de Roma\",\"datePublished\":\"2019-06-01T19:16:42+00:00\",\"dateModified\":\"2023-09-16T10:27:23+00:00\",\"mainEntityOfPage\":{\"@id\":\"https:\\\/\\\/news.ecclesia.org.br\\\/?p=26641\"},\"wordCount\":269,\"commentCount\":0,\"publisher\":{\"@id\":\"https:\\\/\\\/news.ecclesia.org.br\\\/#organization\"},\"image\":{\"@id\":\"https:\\\/\\\/news.ecclesia.org.br\\\/?p=26641#primaryimage\"},\"thumbnailUrl\":\"https:\\\/\\\/news.ecclesia.org.br\\\/wp-content\\\/uploads\\\/2019\\\/06\\\/papa-romenia-892133-300x169.jpg\",\"articleSection\":[\"NEWS\",\"Patriarcado da Rom\u00eania\"],\"inLanguage\":\"pt-BR\",\"potentialAction\":[{\"@type\":\"CommentAction\",\"name\":\"Comment\",\"target\":[\"https:\\\/\\\/news.ecclesia.org.br\\\/?p=26641#respond\"]}]},{\"@type\":\"WebPage\",\"@id\":\"https:\\\/\\\/news.ecclesia.org.br\\\/?p=26641\",\"url\":\"https:\\\/\\\/news.ecclesia.org.br\\\/?p=26641\",\"name\":\"Com 86% da popula\u00e7\u00e3o ortodoxa e 7% de cat\u00f3licos, Rom\u00eania recebe Papa Francisco de Roma | ECCLESIA NEWS\",\"isPartOf\":{\"@id\":\"https:\\\/\\\/news.ecclesia.org.br\\\/#website\"},\"primaryImageOfPage\":{\"@id\":\"https:\\\/\\\/news.ecclesia.org.br\\\/?p=26641#primaryimage\"},\"image\":{\"@id\":\"https:\\\/\\\/news.ecclesia.org.br\\\/?p=26641#primaryimage\"},\"thumbnailUrl\":\"https:\\\/\\\/news.ecclesia.org.br\\\/wp-content\\\/uploads\\\/2019\\\/06\\\/papa-romenia-892133-300x169.jpg\",\"datePublished\":\"2019-06-01T19:16:42+00:00\",\"dateModified\":\"2023-09-16T10:27:23+00:00\",\"breadcrumb\":{\"@id\":\"https:\\\/\\\/news.ecclesia.org.br\\\/?p=26641#breadcrumb\"},\"inLanguage\":\"pt-BR\",\"potentialAction\":[{\"@type\":\"ReadAction\",\"target\":[\"https:\\\/\\\/news.ecclesia.org.br\\\/?p=26641\"]}]},{\"@type\":\"ImageObject\",\"inLanguage\":\"pt-BR\",\"@id\":\"https:\\\/\\\/news.ecclesia.org.br\\\/?p=26641#primaryimage\",\"url\":\"https:\\\/\\\/news.ecclesia.org.br\\\/wp-content\\\/uploads\\\/2019\\\/06\\\/papa-romenia-892133-300x169.jpg\",\"contentUrl\":\"https:\\\/\\\/news.ecclesia.org.br\\\/wp-content\\\/uploads\\\/2019\\\/06\\\/papa-romenia-892133-300x169.jpg\",\"width\":300,\"height\":169},{\"@type\":\"BreadcrumbList\",\"@id\":\"https:\\\/\\\/news.ecclesia.org.br\\\/?p=26641#breadcrumb\",\"itemListElement\":[{\"@type\":\"ListItem\",\"position\":1,\"name\":\"In\u00edcio\",\"item\":\"https:\\\/\\\/news.ecclesia.org.br\\\/\"},{\"@type\":\"ListItem\",\"position\":2,\"name\":\"Com 86% da popula\u00e7\u00e3o ortodoxa e 7% de cat\u00f3licos, Rom\u00eania recebe Papa Francisco de Roma\"}]},{\"@type\":\"WebSite\",\"@id\":\"https:\\\/\\\/news.ecclesia.org.br\\\/#website\",\"url\":\"https:\\\/\\\/news.ecclesia.org.br\\\/\",\"name\":\"Ecclesia Brasil\",\"description\":\"Desde 2003 onectando o Brasil ao mundo ortodoxo!\",\"publisher\":{\"@id\":\"https:\\\/\\\/news.ecclesia.org.br\\\/#organization\"},\"alternateName\":\"Ecclesia\",\"potentialAction\":[{\"@type\":\"SearchAction\",\"target\":{\"@type\":\"EntryPoint\",\"urlTemplate\":\"https:\\\/\\\/news.ecclesia.org.br\\\/?s={search_term_string}\"},\"query-input\":{\"@type\":\"PropertyValueSpecification\",\"valueRequired\":true,\"valueName\":\"search_term_string\"}}],\"inLanguage\":\"pt-BR\"},{\"@type\":\"Organization\",\"@id\":\"https:\\\/\\\/news.ecclesia.org.br\\\/#organization\",\"name\":\"Sacra Arquidiocese de Buenos Aires e Am\u00e9rica do Sul | Patriarcado Ecum\u00eanico\",\"alternateName\":\"News Ecclesia Brasil\",\"url\":\"https:\\\/\\\/news.ecclesia.org.br\\\/\",\"logo\":{\"@type\":\"ImageObject\",\"inLanguage\":\"pt-BR\",\"@id\":\"https:\\\/\\\/news.ecclesia.org.br\\\/#\\\/schema\\\/logo\\\/image\\\/\",\"url\":\"https:\\\/\\\/news.ecclesia.org.br\\\/wp-content\\\/uploads\\\/2025\\\/05\\\/ecclesia2.png\",\"contentUrl\":\"https:\\\/\\\/news.ecclesia.org.br\\\/wp-content\\\/uploads\\\/2025\\\/05\\\/ecclesia2.png\",\"width\":480,\"height\":120,\"caption\":\"Sacra Arquidiocese de Buenos Aires e Am\u00e9rica do Sul | Patriarcado Ecum\u00eanico\"},\"image\":{\"@id\":\"https:\\\/\\\/news.ecclesia.org.br\\\/#\\\/schema\\\/logo\\\/image\\\/\"},\"sameAs\":[\"https:\\\/\\\/www.facebook.com\\\/Ecclesia2025\",\"https:\\\/\\\/x.com\\\/EcclesiaNews\",\"https:\\\/\\\/br.pinterest.com\\\/ekklisia\\\/\",\"https:\\\/\\\/www.youtube.com\\\/@EcclesiaBrasil\"]},{\"@type\":\"Person\",\"@id\":\"https:\\\/\\\/news.ecclesia.org.br\\\/#\\\/schema\\\/person\\\/6f09597f025829745ba414a569f63758\",\"name\":\"Pe. Andr\u00e9\",\"image\":{\"@type\":\"ImageObject\",\"inLanguage\":\"pt-BR\",\"@id\":\"https:\\\/\\\/secure.gravatar.com\\\/avatar\\\/b4327cfa27e9799da239a26adcd534fc29cdc0c4a4a148eecbcfeb9b42c617ac?s=96&d=mm&r=g\",\"url\":\"https:\\\/\\\/secure.gravatar.com\\\/avatar\\\/b4327cfa27e9799da239a26adcd534fc29cdc0c4a4a148eecbcfeb9b42c617ac?s=96&d=mm&r=g\",\"contentUrl\":\"https:\\\/\\\/secure.gravatar.com\\\/avatar\\\/b4327cfa27e9799da239a26adcd534fc29cdc0c4a4a148eecbcfeb9b42c617ac?s=96&d=mm&r=g\",\"caption\":\"Pe. Andr\u00e9\"},\"sameAs\":[\"https:\\\/\\\/www.ecclesia.org.br\"]}]}<\/script>\n<!-- \/ Yoast SEO plugin. -->","yoast_head_json":{"title":"Com 86% da popula\u00e7\u00e3o ortodoxa e 7% de cat\u00f3licos, Rom\u00eania recebe Papa Francisco de Roma | ECCLESIA NEWS","robots":{"index":"index","follow":"follow","max-snippet":"max-snippet:-1","max-image-preview":"max-image-preview:large","max-video-preview":"max-video-preview:-1"},"canonical":"https:\/\/news.ecclesia.org.br\/?p=26641","og_locale":"pt_BR","og_type":"article","og_title":"Com 86% da popula\u00e7\u00e3o ortodoxa e 7% de cat\u00f3licos, Rom\u00eania recebe Papa Francisco de Roma | ECCLESIA NEWS","og_description":"O Papa Francisco (de Roma) deixou o Vaticano na manh\u00e3 de ontem, sexta-feira (31\/5), para mais uma viagem apost\u00f3lica do seu pontificado. \u00c9 a sua 30\u00aa viagem, que o leva \u00e0 Rom\u00eania, 20 anos ap\u00f3s a visita de S\u00e3o Jo\u00e3o&#8230;","og_url":"https:\/\/news.ecclesia.org.br\/?p=26641","og_site_name":"ECCLESIA NEWS","article_publisher":"https:\/\/www.facebook.com\/Ecclesia2025","article_published_time":"2019-06-01T19:16:42+00:00","article_modified_time":"2023-09-16T10:27:23+00:00","og_image":[{"width":300,"height":169,"url":"https:\/\/news.ecclesia.org.br\/wp-content\/uploads\/2019\/06\/papa-romenia-892133-300x169.jpg","type":"image\/jpeg"}],"author":"Pe. Andr\u00e9","twitter_card":"summary_large_image","twitter_creator":"@EcclesiaNews","twitter_site":"@EcclesiaNews","twitter_misc":{"Escrito por":"Pe. Andr\u00e9","Est. tempo de leitura":"1 minuto"},"schema":{"@context":"https:\/\/schema.org","@graph":[{"@type":"Article","@id":"https:\/\/news.ecclesia.org.br\/?p=26641#article","isPartOf":{"@id":"https:\/\/news.ecclesia.org.br\/?p=26641"},"author":{"name":"Pe. Andr\u00e9","@id":"https:\/\/news.ecclesia.org.br\/#\/schema\/person\/6f09597f025829745ba414a569f63758"},"headline":"Com 86% da popula\u00e7\u00e3o ortodoxa e 7% de cat\u00f3licos, Rom\u00eania recebe Papa Francisco de Roma","datePublished":"2019-06-01T19:16:42+00:00","dateModified":"2023-09-16T10:27:23+00:00","mainEntityOfPage":{"@id":"https:\/\/news.ecclesia.org.br\/?p=26641"},"wordCount":269,"commentCount":0,"publisher":{"@id":"https:\/\/news.ecclesia.org.br\/#organization"},"image":{"@id":"https:\/\/news.ecclesia.org.br\/?p=26641#primaryimage"},"thumbnailUrl":"https:\/\/news.ecclesia.org.br\/wp-content\/uploads\/2019\/06\/papa-romenia-892133-300x169.jpg","articleSection":["NEWS","Patriarcado da Rom\u00eania"],"inLanguage":"pt-BR","potentialAction":[{"@type":"CommentAction","name":"Comment","target":["https:\/\/news.ecclesia.org.br\/?p=26641#respond"]}]},{"@type":"WebPage","@id":"https:\/\/news.ecclesia.org.br\/?p=26641","url":"https:\/\/news.ecclesia.org.br\/?p=26641","name":"Com 86% da popula\u00e7\u00e3o ortodoxa e 7% de cat\u00f3licos, Rom\u00eania recebe Papa Francisco de Roma | ECCLESIA NEWS","isPartOf":{"@id":"https:\/\/news.ecclesia.org.br\/#website"},"primaryImageOfPage":{"@id":"https:\/\/news.ecclesia.org.br\/?p=26641#primaryimage"},"image":{"@id":"https:\/\/news.ecclesia.org.br\/?p=26641#primaryimage"},"thumbnailUrl":"https:\/\/news.ecclesia.org.br\/wp-content\/uploads\/2019\/06\/papa-romenia-892133-300x169.jpg","datePublished":"2019-06-01T19:16:42+00:00","dateModified":"2023-09-16T10:27:23+00:00","breadcrumb":{"@id":"https:\/\/news.ecclesia.org.br\/?p=26641#breadcrumb"},"inLanguage":"pt-BR","potentialAction":[{"@type":"ReadAction","target":["https:\/\/news.ecclesia.org.br\/?p=26641"]}]},{"@type":"ImageObject","inLanguage":"pt-BR","@id":"https:\/\/news.ecclesia.org.br\/?p=26641#primaryimage","url":"https:\/\/news.ecclesia.org.br\/wp-content\/uploads\/2019\/06\/papa-romenia-892133-300x169.jpg","contentUrl":"https:\/\/news.ecclesia.org.br\/wp-content\/uploads\/2019\/06\/papa-romenia-892133-300x169.jpg","width":300,"height":169},{"@type":"BreadcrumbList","@id":"https:\/\/news.ecclesia.org.br\/?p=26641#breadcrumb","itemListElement":[{"@type":"ListItem","position":1,"name":"In\u00edcio","item":"https:\/\/news.ecclesia.org.br\/"},{"@type":"ListItem","position":2,"name":"Com 86% da popula\u00e7\u00e3o ortodoxa e 7% de cat\u00f3licos, Rom\u00eania recebe Papa Francisco de Roma"}]},{"@type":"WebSite","@id":"https:\/\/news.ecclesia.org.br\/#website","url":"https:\/\/news.ecclesia.org.br\/","name":"Ecclesia Brasil","description":"Desde 2003 onectando o Brasil ao mundo ortodoxo!","publisher":{"@id":"https:\/\/news.ecclesia.org.br\/#organization"},"alternateName":"Ecclesia","potentialAction":[{"@type":"SearchAction","target":{"@type":"EntryPoint","urlTemplate":"https:\/\/news.ecclesia.org.br\/?s={search_term_string}"},"query-input":{"@type":"PropertyValueSpecification","valueRequired":true,"valueName":"search_term_string"}}],"inLanguage":"pt-BR"},{"@type":"Organization","@id":"https:\/\/news.ecclesia.org.br\/#organization","name":"Sacra Arquidiocese de Buenos Aires e Am\u00e9rica do Sul | Patriarcado Ecum\u00eanico","alternateName":"News Ecclesia Brasil","url":"https:\/\/news.ecclesia.org.br\/","logo":{"@type":"ImageObject","inLanguage":"pt-BR","@id":"https:\/\/news.ecclesia.org.br\/#\/schema\/logo\/image\/","url":"https:\/\/news.ecclesia.org.br\/wp-content\/uploads\/2025\/05\/ecclesia2.png","contentUrl":"https:\/\/news.ecclesia.org.br\/wp-content\/uploads\/2025\/05\/ecclesia2.png","width":480,"height":120,"caption":"Sacra Arquidiocese de Buenos Aires e Am\u00e9rica do Sul | Patriarcado Ecum\u00eanico"},"image":{"@id":"https:\/\/news.ecclesia.org.br\/#\/schema\/logo\/image\/"},"sameAs":["https:\/\/www.facebook.com\/Ecclesia2025","https:\/\/x.com\/EcclesiaNews","https:\/\/br.pinterest.com\/ekklisia\/","https:\/\/www.youtube.com\/@EcclesiaBrasil"]},{"@type":"Person","@id":"https:\/\/news.ecclesia.org.br\/#\/schema\/person\/6f09597f025829745ba414a569f63758","name":"Pe. Andr\u00e9","image":{"@type":"ImageObject","inLanguage":"pt-BR","@id":"https:\/\/secure.gravatar.com\/avatar\/b4327cfa27e9799da239a26adcd534fc29cdc0c4a4a148eecbcfeb9b42c617ac?s=96&d=mm&r=g","url":"https:\/\/secure.gravatar.com\/avatar\/b4327cfa27e9799da239a26adcd534fc29cdc0c4a4a148eecbcfeb9b42c617ac?s=96&d=mm&r=g","contentUrl":"https:\/\/secure.gravatar.com\/avatar\/b4327cfa27e9799da239a26adcd534fc29cdc0c4a4a148eecbcfeb9b42c617ac?s=96&d=mm&r=g","caption":"Pe. Andr\u00e9"},"sameAs":["https:\/\/www.ecclesia.org.br"]}]}},"_links":{"self":[{"href":"https:\/\/news.ecclesia.org.br\/index.php?rest_route=\/wp\/v2\/posts\/26641","targetHints":{"allow":["GET"]}}],"collection":[{"href":"https:\/\/news.ecclesia.org.br\/index.php?rest_route=\/wp\/v2\/posts"}],"about":[{"href":"https:\/\/news.ecclesia.org.br\/index.php?rest_route=\/wp\/v2\/types\/post"}],"author":[{"embeddable":true,"href":"https:\/\/news.ecclesia.org.br\/index.php?rest_route=\/wp\/v2\/users\/1"}],"replies":[{"embeddable":true,"href":"https:\/\/news.ecclesia.org.br\/index.php?rest_route=%2Fwp%2Fv2%2Fcomments&post=26641"}],"version-history":[{"count":7,"href":"https:\/\/news.ecclesia.org.br\/index.php?rest_route=\/wp\/v2\/posts\/26641\/revisions"}],"predecessor-version":[{"id":46103,"href":"https:\/\/news.ecclesia.org.br\/index.php?rest_route=\/wp\/v2\/posts\/26641\/revisions\/46103"}],"wp:featuredmedia":[{"embeddable":true,"href":"https:\/\/news.ecclesia.org.br\/index.php?rest_route=\/wp\/v2\/media\/26665"}],"wp:attachment":[{"href":"https:\/\/news.ecclesia.org.br\/index.php?rest_route=%2Fwp%2Fv2%2Fmedia&parent=26641"}],"wp:term":[{"taxonomy":"category","embeddable":true,"href":"https:\/\/news.ecclesia.org.br\/index.php?rest_route=%2Fwp%2Fv2%2Fcategories&post=26641"},{"taxonomy":"post_tag","embeddable":true,"href":"https:\/\/news.ecclesia.org.br\/index.php?rest_route=%2Fwp%2Fv2%2Ftags&post=26641"}],"curies":[{"name":"wp","href":"https:\/\/api.w.org\/{rel}","templated":true}]}}