{"id":26615,"date":"2017-08-21T22:30:03","date_gmt":"2017-08-21T22:30:03","guid":{"rendered":"https:\/\/news.ecclesia.org.br\/?p=26615"},"modified":"2019-05-14T22:36:58","modified_gmt":"2019-05-14T22:36:58","slug":"parolin-em-moscou-para-dialogo-e-reconciliacao-diz-nuncio","status":"publish","type":"post","link":"https:\/\/news.ecclesia.org.br\/?p=26615","title":{"rendered":"\u00abParolin em Moscou para di\u00e1logo e reconcilia\u00e7\u00e3o\u00bb"},"content":{"rendered":"<figure id=\"attachment_23698\" aria-describedby=\"caption-attachment-23698\" style=\"width: 300px\" class=\"wp-caption alignleft\"><a href=\"https:\/\/news.ecclesia.org.br\/2013\/wp-content\/uploads\/2017\/08\/AFP6913499_Articolo.jpg\"><img fetchpriority=\"high\" decoding=\"async\" class=\"size-medium wp-image-23698\" src=\"https:\/\/news.ecclesia.org.br\/2013\/wp-content\/uploads\/2017\/08\/AFP6913499_Articolo-300x212.jpg\" alt=\"\" width=\"300\" height=\"212\" srcset=\"https:\/\/news.ecclesia.org.br\/wp-content\/uploads\/2017\/08\/AFP6913499_Articolo-300x212.jpg 300w, https:\/\/news.ecclesia.org.br\/wp-content\/uploads\/2017\/08\/AFP6913499_Articolo-600x425.jpg 600w, https:\/\/news.ecclesia.org.br\/wp-content\/uploads\/2017\/08\/AFP6913499_Articolo-78x55.jpg 78w, https:\/\/news.ecclesia.org.br\/wp-content\/uploads\/2017\/08\/AFP6913499_Articolo.jpg 640w\" sizes=\"(max-width: 300px) 100vw, 300px\" \/><\/a><figcaption id=\"caption-attachment-23698\" class=\"wp-caption-text\">O Cardeal Secret\u00e1rio de Estado Pietro Parolin estar\u00e1 na Federa\u00e7\u00e3o Russa de 21 a 24 de agosto \u2013 AFP<\/figcaption><\/figure>\n<p style=\"text-align: justify;\">20\/08\/2017 13:29 &#8211; Cidade do Vaticano (<a href=\"http:\/\/br.radiovaticana.va\/news\/2017\/08\/20\/parolin_em_moscou_para_di%C3%A1logo_e_reconcilia%C3%A7%C3%A3o,_diz_n%C3%BAncio\/1331788\" target=\"_blank\" rel=\"noopener noreferrer\">RV<\/a>) &#8211;\u00a0 &#8220;Fa\u00e7o votos de que esta visita facilite o di\u00e1logo e o entendimento entre a Igreja Cat\u00f3lica e a Ortodoxa e contribua para a resolu\u00e7\u00e3o de in\u00fameras tens\u00f5es internacionais&#8221;.<\/p>\n<p style=\"text-align: justify;\">Foi o que afirmou, em s\u00edntese, o N\u00fancio Apost\u00f3lico em Moscou, Dom Celestino Migliore (ex-Observador Permanente da Santa S\u00e9 [Roma] na ONU), ao comentar a viagem do Cardeal Secret\u00e1rio de Estado Pietro Parolin \u00e0 Federa\u00e7\u00e3o Russa, de 21 a 24 de agosto. O purpurado partiu este domingo de Roma rumo a Moscou.<\/p>\n<p style=\"text-align: justify;\">&#8220;A situa\u00e7\u00e3o internacional, com especial aten\u00e7\u00e3o aos aspectos de car\u00e1ter humanit\u00e1rio&#8221; estar\u00e3o na pauta dos encontros com as autoridades civis russas e com expoentes da Igreja Ortodoxa [Local].<\/p>\n<p style=\"text-align: justify;\">No primeiro dia da visita o Cardeal Parolin encontrar\u00e1 os bispos e a comunidade cat\u00f3lica do pa\u00eds, dedicando os dias seguintes ao encontro com Vladimir Putin e o Ministro das Rela\u00e7\u00f5es Exteriores Lavrov, assim como ao Patriarca Kirillo e o Metropolita Hilarion.<\/p>\n<p style=\"text-align: justify;\">A reflex\u00e3o de Dom Celestino Migliore faz uma ponte com o hist\u00f3rico encontro realizado em Havana entre o Papa Francisco e o Patriartca Kirillo, em fevereiro de 2016, e se concentra sobre os passos comuns dados pelas duas Igrejas, assim como no papel chave desempenhado pela R\u00fassia no contexto mundial:<\/p>\n<blockquote>\n<p style=\"text-align: justify;\"><strong>&#8220;O Cardeal Secret\u00e1rio de Estado vem a Moscou, fazendo-se int\u00e9rprete da solicitude do Papa Francisco em rela\u00e7\u00e3o \u00e0s v\u00e1rias crises mundiais existentes. A Santa S\u00e9 [de Roma] acompanha com aten\u00e7\u00e3o e preocupa\u00e7\u00e3o todas estas situa\u00e7\u00f5es e deseja dar a pr\u00f3pria contribui\u00e7\u00e3o para uma espec\u00edfica resolu\u00e7\u00e3o, fazendo apelo tamb\u00e9m \u00e0 boa vontade, \u00e0s possibilidade e ao entendimento dos maiores protagonistas no cen\u00e1rio internacional&#8221;.<\/strong><\/p>\n<\/blockquote>\n<p style=\"text-align: justify;\"><strong>RV:<\/strong> Neste momento, Moscou desempenha um papel particular: em n\u00edvel internacional voltou a ocupar um lugar de preponder\u00e2ncia. Qual poderia ser o papel espec\u00edfico de um Secret\u00e1rio de Estado vaticano nos col\u00f3quios com as autoridades da Federa\u00e7\u00e3o Russa?<\/p>\n<blockquote>\n<p style=\"text-align: justify;\">\u00c9 precisamente o papel da Santa S\u00e9 [de Roma] que mant\u00e9m as portas abertas ao encontro, ao di\u00e1logo e ao debate com cada pa\u00eds, cultura e religi\u00e3o e, ao mesmo tempo encoraja a deixar de lado as barreiras ideol\u00f3gicas que seguidamente deturpam a realidade.<\/p>\n<\/blockquote>\n<p style=\"text-align: justify;\"><strong>RV:<\/strong> Como o Patriarcado de Moscou, assim como a Igreja Cat\u00f3lica na R\u00fassia, est\u00e3o vendo esta visita? Quais as expectativas?<\/p>\n<blockquote>\n<p style=\"text-align: justify;\">Depois do encontro do ano passado em Havana entre o Papa e o Patriarca, a posi\u00e7\u00e3o de Secret\u00e1rio de Estado confere a esta visita do Cardeal Parolin uma particular import\u00e2ncia. Como j\u00e1 se pode perceber de algumas entrevistas divulgadas nestes dias, esta visita \u00e9 muito esperada, quer do lado cat\u00f3lico como do lado ortodoxo.<\/p>\n<\/blockquote>\n<p style=\"text-align: justify;\"><strong>RV:<\/strong> Quais s\u00e3o os \u00e2mbitos de crescimento no caminho do di\u00e1logo ecum\u00eanico em vista da unidade?<\/p>\n<blockquote>\n<p style=\"text-align: justify;\">&#8220;Um dos campos de colabora\u00e7\u00e3o, como delineados nas declara\u00e7\u00f5es de Havana, \u00e9 encontrar converg\u00eancia ao tratar estas quest\u00f5es para facilitar a solu\u00e7\u00e3o de crises, desafios e amea\u00e7as pendentes em v\u00e1rias partes do mundo. Por exemplo, posso citar \u00a0uma iniciativa que est\u00e1 avan\u00e7ando: aquela da sensibiliza\u00e7\u00e3o da comunidade internacional \u00e0 quest\u00e3o das persegui\u00e7\u00f5es dos crist\u00e3os no Oriente M\u00e9dio e as modalidade de fornecer ajuda a eles. \u00c9 claro que esta visita ser\u00e1 um momento valioso para discutir sobre esses t\u00f3picos, al\u00e9m de outros&#8221;.<\/p>\n<\/blockquote>\n<p style=\"text-align: justify;\"><strong>RV:<\/strong> O senhor foi enviado a Moscou no ano passado, ap\u00f3s o encontro entre o Papa e o Patriarca Kirillo, para acompanhar as rela\u00e7\u00f5es com o Patriarcado. Quais s\u00e3o os seus votos para a comunidade em que o senhor est\u00e1 inserido?<\/p>\n<blockquote>\n<p style=\"text-align: justify;\">&#8220;Fa\u00e7o votos de que esta visita aumente o conhecimento e a estima rec\u00edproca entre as duas comunidades crist\u00e3s, precisamente porque o que posso constatar pela minha experi\u00eancia \u00e9 que se pode, se deve e se est\u00e1 realizando em n\u00edvel cultural, religioso, social, humanit\u00e1rio, iniciativas comuns que ajudam esta aproxima\u00e7\u00e3o. Por\u00e9m, a iniciativa que me parece mais pertinente ao objetivo \u00e9 a de criar de todos os modos nas popula\u00e7\u00f5es, esta ideia de que n\u00e3o temos mais raz\u00e3o para termos medo um do outro. Obviamente, existe todo um passado que pesa, mas existe tamb\u00e9m a urg\u00eancia do presente, do futuro que nos chama a seguir em frente e a deixar para tr\u00e1s estas recrimina\u00e7\u00f5es do passado&#8221;.<\/p>\n<hr \/>\n<\/blockquote>\n<p style=\"text-align: right;\">Fonte: <a href=\"http:\/\/br.radiovaticana.va\/news\/2017\/08\/20\/parolin_em_moscou_para_di%C3%A1logo_e_reconcilia%C3%A7%C3%A3o,_diz_n%C3%BAncio\/1331788\" target=\"_blank\" rel=\"noopener noreferrer\">R\u00e1dio Vaticana <\/a>(JE\/GC)<\/p>\n<p>&nbsp;<\/p>\n<p>Atualidades<br \/>\nF\u00e9 e Di\u00e1logo<br \/>\nOikoumene<br \/>\nMundo Ortodoxo<\/p>\n","protected":false},"excerpt":{"rendered":"<p>20\/08\/2017 13:29 &#8211; Cidade do Vaticano (RV) &#8211;\u00a0 &#8220;Fa\u00e7o votos de que esta visita facilite o di\u00e1logo e o entendimento entre a Igreja Cat\u00f3lica e a Ortodoxa e contribua para a resolu\u00e7\u00e3o de in\u00fameras tens\u00f5es internacionais&#8221;. Foi o que afirmou,&#8230;<\/p>\n","protected":false},"author":1,"featured_media":23698,"comment_status":"open","ping_status":"open","sticky":false,"template":"","format":"standard","meta":{"_acf_changed":false,"footnotes":""},"categories":[1],"tags":[],"class_list":["post-26615","post","type-post","status-publish","format-standard","has-post-thumbnail","hentry","category-news","entry","rows-excerpt"],"acf":[],"yoast_head":"<!-- This site is optimized with the Yoast SEO plugin v27.5 - https:\/\/yoast.com\/product\/yoast-seo-wordpress\/ -->\n<title>\u00abParolin em Moscou para di\u00e1logo e reconcilia\u00e7\u00e3o\u00bb | ECCLESIA NEWS<\/title>\n<meta name=\"robots\" content=\"index, follow, max-snippet:-1, max-image-preview:large, max-video-preview:-1\" \/>\n<link rel=\"canonical\" href=\"https:\/\/news.ecclesia.org.br\/?p=26615\" \/>\n<meta property=\"og:locale\" content=\"pt_BR\" \/>\n<meta property=\"og:type\" content=\"article\" \/>\n<meta property=\"og:title\" content=\"\u00abParolin em Moscou para di\u00e1logo e reconcilia\u00e7\u00e3o\u00bb | ECCLESIA NEWS\" \/>\n<meta property=\"og:description\" content=\"20\/08\/2017 13:29 &#8211; Cidade do Vaticano (RV) &#8211;\u00a0 &#8220;Fa\u00e7o votos de que esta visita facilite o di\u00e1logo e o entendimento entre a Igreja Cat\u00f3lica e a Ortodoxa e contribua para a resolu\u00e7\u00e3o de in\u00fameras tens\u00f5es internacionais&#8221;. Foi o que afirmou,&#8230;\" \/>\n<meta property=\"og:url\" content=\"https:\/\/news.ecclesia.org.br\/?p=26615\" \/>\n<meta property=\"og:site_name\" content=\"ECCLESIA NEWS\" \/>\n<meta property=\"article:publisher\" content=\"https:\/\/www.facebook.com\/Ecclesia2025\" \/>\n<meta property=\"article:published_time\" content=\"2017-08-21T22:30:03+00:00\" \/>\n<meta property=\"article:modified_time\" content=\"2019-05-14T22:36:58+00:00\" \/>\n<meta property=\"og:image\" content=\"https:\/\/news.ecclesia.org.br\/wp-content\/uploads\/2017\/08\/AFP6913499_Articolo.jpg\" \/>\n\t<meta property=\"og:image:width\" content=\"640\" \/>\n\t<meta property=\"og:image:height\" content=\"453\" \/>\n\t<meta property=\"og:image:type\" content=\"image\/jpeg\" \/>\n<meta name=\"author\" content=\"Pe. Andr\u00e9\" \/>\n<meta name=\"twitter:card\" content=\"summary_large_image\" \/>\n<meta name=\"twitter:creator\" content=\"@EcclesiaNews\" \/>\n<meta name=\"twitter:site\" content=\"@EcclesiaNews\" \/>\n<meta name=\"twitter:label1\" content=\"Escrito por\" \/>\n\t<meta name=\"twitter:data1\" content=\"Pe. Andr\u00e9\" \/>\n\t<meta name=\"twitter:label2\" content=\"Est. tempo de leitura\" \/>\n\t<meta name=\"twitter:data2\" content=\"4 minutos\" \/>\n<script type=\"application\/ld+json\" class=\"yoast-schema-graph\">{\"@context\":\"https:\\\/\\\/schema.org\",\"@graph\":[{\"@type\":\"Article\",\"@id\":\"https:\\\/\\\/news.ecclesia.org.br\\\/?p=26615#article\",\"isPartOf\":{\"@id\":\"https:\\\/\\\/news.ecclesia.org.br\\\/?p=26615\"},\"author\":{\"name\":\"Pe. Andr\u00e9\",\"@id\":\"https:\\\/\\\/news.ecclesia.org.br\\\/#\\\/schema\\\/person\\\/6f09597f025829745ba414a569f63758\"},\"headline\":\"\u00abParolin em Moscou para di\u00e1logo e reconcilia\u00e7\u00e3o\u00bb\",\"datePublished\":\"2017-08-21T22:30:03+00:00\",\"dateModified\":\"2019-05-14T22:36:58+00:00\",\"mainEntityOfPage\":{\"@id\":\"https:\\\/\\\/news.ecclesia.org.br\\\/?p=26615\"},\"wordCount\":804,\"commentCount\":0,\"publisher\":{\"@id\":\"https:\\\/\\\/news.ecclesia.org.br\\\/#organization\"},\"image\":{\"@id\":\"https:\\\/\\\/news.ecclesia.org.br\\\/?p=26615#primaryimage\"},\"thumbnailUrl\":\"https:\\\/\\\/news.ecclesia.org.br\\\/wp-content\\\/uploads\\\/2017\\\/08\\\/AFP6913499_Articolo.jpg\",\"articleSection\":[\"NEWS\"],\"inLanguage\":\"pt-BR\",\"potentialAction\":[{\"@type\":\"CommentAction\",\"name\":\"Comment\",\"target\":[\"https:\\\/\\\/news.ecclesia.org.br\\\/?p=26615#respond\"]}]},{\"@type\":\"WebPage\",\"@id\":\"https:\\\/\\\/news.ecclesia.org.br\\\/?p=26615\",\"url\":\"https:\\\/\\\/news.ecclesia.org.br\\\/?p=26615\",\"name\":\"\u00abParolin em Moscou para di\u00e1logo e reconcilia\u00e7\u00e3o\u00bb | ECCLESIA NEWS\",\"isPartOf\":{\"@id\":\"https:\\\/\\\/news.ecclesia.org.br\\\/#website\"},\"primaryImageOfPage\":{\"@id\":\"https:\\\/\\\/news.ecclesia.org.br\\\/?p=26615#primaryimage\"},\"image\":{\"@id\":\"https:\\\/\\\/news.ecclesia.org.br\\\/?p=26615#primaryimage\"},\"thumbnailUrl\":\"https:\\\/\\\/news.ecclesia.org.br\\\/wp-content\\\/uploads\\\/2017\\\/08\\\/AFP6913499_Articolo.jpg\",\"datePublished\":\"2017-08-21T22:30:03+00:00\",\"dateModified\":\"2019-05-14T22:36:58+00:00\",\"breadcrumb\":{\"@id\":\"https:\\\/\\\/news.ecclesia.org.br\\\/?p=26615#breadcrumb\"},\"inLanguage\":\"pt-BR\",\"potentialAction\":[{\"@type\":\"ReadAction\",\"target\":[\"https:\\\/\\\/news.ecclesia.org.br\\\/?p=26615\"]}]},{\"@type\":\"ImageObject\",\"inLanguage\":\"pt-BR\",\"@id\":\"https:\\\/\\\/news.ecclesia.org.br\\\/?p=26615#primaryimage\",\"url\":\"https:\\\/\\\/news.ecclesia.org.br\\\/wp-content\\\/uploads\\\/2017\\\/08\\\/AFP6913499_Articolo.jpg\",\"contentUrl\":\"https:\\\/\\\/news.ecclesia.org.br\\\/wp-content\\\/uploads\\\/2017\\\/08\\\/AFP6913499_Articolo.jpg\",\"width\":640,\"height\":453,\"caption\":\"O Cardeal Secret\u00e1rio de Estado Pietro Parolin estar\u00e1 na Federa\u00e7\u00e3o Russa de 21 a 24 de agosto \u2013 AFP\"},{\"@type\":\"BreadcrumbList\",\"@id\":\"https:\\\/\\\/news.ecclesia.org.br\\\/?p=26615#breadcrumb\",\"itemListElement\":[{\"@type\":\"ListItem\",\"position\":1,\"name\":\"In\u00edcio\",\"item\":\"https:\\\/\\\/news.ecclesia.org.br\\\/\"},{\"@type\":\"ListItem\",\"position\":2,\"name\":\"\u00abParolin em Moscou para di\u00e1logo e reconcilia\u00e7\u00e3o\u00bb\"}]},{\"@type\":\"WebSite\",\"@id\":\"https:\\\/\\\/news.ecclesia.org.br\\\/#website\",\"url\":\"https:\\\/\\\/news.ecclesia.org.br\\\/\",\"name\":\"Ecclesia Brasil\",\"description\":\"Desde 2003 onectando o Brasil ao mundo ortodoxo!\",\"publisher\":{\"@id\":\"https:\\\/\\\/news.ecclesia.org.br\\\/#organization\"},\"alternateName\":\"Ecclesia\",\"potentialAction\":[{\"@type\":\"SearchAction\",\"target\":{\"@type\":\"EntryPoint\",\"urlTemplate\":\"https:\\\/\\\/news.ecclesia.org.br\\\/?s={search_term_string}\"},\"query-input\":{\"@type\":\"PropertyValueSpecification\",\"valueRequired\":true,\"valueName\":\"search_term_string\"}}],\"inLanguage\":\"pt-BR\"},{\"@type\":\"Organization\",\"@id\":\"https:\\\/\\\/news.ecclesia.org.br\\\/#organization\",\"name\":\"Sacra Arquidiocese de Buenos Aires e Am\u00e9rica do Sul | Patriarcado Ecum\u00eanico\",\"alternateName\":\"News Ecclesia Brasil\",\"url\":\"https:\\\/\\\/news.ecclesia.org.br\\\/\",\"logo\":{\"@type\":\"ImageObject\",\"inLanguage\":\"pt-BR\",\"@id\":\"https:\\\/\\\/news.ecclesia.org.br\\\/#\\\/schema\\\/logo\\\/image\\\/\",\"url\":\"https:\\\/\\\/news.ecclesia.org.br\\\/wp-content\\\/uploads\\\/2025\\\/05\\\/ecclesia2.png\",\"contentUrl\":\"https:\\\/\\\/news.ecclesia.org.br\\\/wp-content\\\/uploads\\\/2025\\\/05\\\/ecclesia2.png\",\"width\":480,\"height\":120,\"caption\":\"Sacra Arquidiocese de Buenos Aires e Am\u00e9rica do Sul | Patriarcado Ecum\u00eanico\"},\"image\":{\"@id\":\"https:\\\/\\\/news.ecclesia.org.br\\\/#\\\/schema\\\/logo\\\/image\\\/\"},\"sameAs\":[\"https:\\\/\\\/www.facebook.com\\\/Ecclesia2025\",\"https:\\\/\\\/x.com\\\/EcclesiaNews\",\"https:\\\/\\\/br.pinterest.com\\\/ekklisia\\\/\",\"https:\\\/\\\/www.youtube.com\\\/@EcclesiaBrasil\"]},{\"@type\":\"Person\",\"@id\":\"https:\\\/\\\/news.ecclesia.org.br\\\/#\\\/schema\\\/person\\\/6f09597f025829745ba414a569f63758\",\"name\":\"Pe. Andr\u00e9\",\"image\":{\"@type\":\"ImageObject\",\"inLanguage\":\"pt-BR\",\"@id\":\"https:\\\/\\\/secure.gravatar.com\\\/avatar\\\/b4327cfa27e9799da239a26adcd534fc29cdc0c4a4a148eecbcfeb9b42c617ac?s=96&d=mm&r=g\",\"url\":\"https:\\\/\\\/secure.gravatar.com\\\/avatar\\\/b4327cfa27e9799da239a26adcd534fc29cdc0c4a4a148eecbcfeb9b42c617ac?s=96&d=mm&r=g\",\"contentUrl\":\"https:\\\/\\\/secure.gravatar.com\\\/avatar\\\/b4327cfa27e9799da239a26adcd534fc29cdc0c4a4a148eecbcfeb9b42c617ac?s=96&d=mm&r=g\",\"caption\":\"Pe. Andr\u00e9\"},\"sameAs\":[\"https:\\\/\\\/www.ecclesia.org.br\"]}]}<\/script>\n<!-- \/ Yoast SEO plugin. -->","yoast_head_json":{"title":"\u00abParolin em Moscou para di\u00e1logo e reconcilia\u00e7\u00e3o\u00bb | ECCLESIA NEWS","robots":{"index":"index","follow":"follow","max-snippet":"max-snippet:-1","max-image-preview":"max-image-preview:large","max-video-preview":"max-video-preview:-1"},"canonical":"https:\/\/news.ecclesia.org.br\/?p=26615","og_locale":"pt_BR","og_type":"article","og_title":"\u00abParolin em Moscou para di\u00e1logo e reconcilia\u00e7\u00e3o\u00bb | ECCLESIA NEWS","og_description":"20\/08\/2017 13:29 &#8211; Cidade do Vaticano (RV) &#8211;\u00a0 &#8220;Fa\u00e7o votos de que esta visita facilite o di\u00e1logo e o entendimento entre a Igreja Cat\u00f3lica e a Ortodoxa e contribua para a resolu\u00e7\u00e3o de in\u00fameras tens\u00f5es internacionais&#8221;. Foi o que afirmou,&#8230;","og_url":"https:\/\/news.ecclesia.org.br\/?p=26615","og_site_name":"ECCLESIA NEWS","article_publisher":"https:\/\/www.facebook.com\/Ecclesia2025","article_published_time":"2017-08-21T22:30:03+00:00","article_modified_time":"2019-05-14T22:36:58+00:00","og_image":[{"width":640,"height":453,"url":"https:\/\/news.ecclesia.org.br\/wp-content\/uploads\/2017\/08\/AFP6913499_Articolo.jpg","type":"image\/jpeg"}],"author":"Pe. Andr\u00e9","twitter_card":"summary_large_image","twitter_creator":"@EcclesiaNews","twitter_site":"@EcclesiaNews","twitter_misc":{"Escrito por":"Pe. Andr\u00e9","Est. tempo de leitura":"4 minutos"},"schema":{"@context":"https:\/\/schema.org","@graph":[{"@type":"Article","@id":"https:\/\/news.ecclesia.org.br\/?p=26615#article","isPartOf":{"@id":"https:\/\/news.ecclesia.org.br\/?p=26615"},"author":{"name":"Pe. Andr\u00e9","@id":"https:\/\/news.ecclesia.org.br\/#\/schema\/person\/6f09597f025829745ba414a569f63758"},"headline":"\u00abParolin em Moscou para di\u00e1logo e reconcilia\u00e7\u00e3o\u00bb","datePublished":"2017-08-21T22:30:03+00:00","dateModified":"2019-05-14T22:36:58+00:00","mainEntityOfPage":{"@id":"https:\/\/news.ecclesia.org.br\/?p=26615"},"wordCount":804,"commentCount":0,"publisher":{"@id":"https:\/\/news.ecclesia.org.br\/#organization"},"image":{"@id":"https:\/\/news.ecclesia.org.br\/?p=26615#primaryimage"},"thumbnailUrl":"https:\/\/news.ecclesia.org.br\/wp-content\/uploads\/2017\/08\/AFP6913499_Articolo.jpg","articleSection":["NEWS"],"inLanguage":"pt-BR","potentialAction":[{"@type":"CommentAction","name":"Comment","target":["https:\/\/news.ecclesia.org.br\/?p=26615#respond"]}]},{"@type":"WebPage","@id":"https:\/\/news.ecclesia.org.br\/?p=26615","url":"https:\/\/news.ecclesia.org.br\/?p=26615","name":"\u00abParolin em Moscou para di\u00e1logo e reconcilia\u00e7\u00e3o\u00bb | ECCLESIA NEWS","isPartOf":{"@id":"https:\/\/news.ecclesia.org.br\/#website"},"primaryImageOfPage":{"@id":"https:\/\/news.ecclesia.org.br\/?p=26615#primaryimage"},"image":{"@id":"https:\/\/news.ecclesia.org.br\/?p=26615#primaryimage"},"thumbnailUrl":"https:\/\/news.ecclesia.org.br\/wp-content\/uploads\/2017\/08\/AFP6913499_Articolo.jpg","datePublished":"2017-08-21T22:30:03+00:00","dateModified":"2019-05-14T22:36:58+00:00","breadcrumb":{"@id":"https:\/\/news.ecclesia.org.br\/?p=26615#breadcrumb"},"inLanguage":"pt-BR","potentialAction":[{"@type":"ReadAction","target":["https:\/\/news.ecclesia.org.br\/?p=26615"]}]},{"@type":"ImageObject","inLanguage":"pt-BR","@id":"https:\/\/news.ecclesia.org.br\/?p=26615#primaryimage","url":"https:\/\/news.ecclesia.org.br\/wp-content\/uploads\/2017\/08\/AFP6913499_Articolo.jpg","contentUrl":"https:\/\/news.ecclesia.org.br\/wp-content\/uploads\/2017\/08\/AFP6913499_Articolo.jpg","width":640,"height":453,"caption":"O Cardeal Secret\u00e1rio de Estado Pietro Parolin estar\u00e1 na Federa\u00e7\u00e3o Russa de 21 a 24 de agosto \u2013 AFP"},{"@type":"BreadcrumbList","@id":"https:\/\/news.ecclesia.org.br\/?p=26615#breadcrumb","itemListElement":[{"@type":"ListItem","position":1,"name":"In\u00edcio","item":"https:\/\/news.ecclesia.org.br\/"},{"@type":"ListItem","position":2,"name":"\u00abParolin em Moscou para di\u00e1logo e reconcilia\u00e7\u00e3o\u00bb"}]},{"@type":"WebSite","@id":"https:\/\/news.ecclesia.org.br\/#website","url":"https:\/\/news.ecclesia.org.br\/","name":"Ecclesia Brasil","description":"Desde 2003 onectando o Brasil ao mundo ortodoxo!","publisher":{"@id":"https:\/\/news.ecclesia.org.br\/#organization"},"alternateName":"Ecclesia","potentialAction":[{"@type":"SearchAction","target":{"@type":"EntryPoint","urlTemplate":"https:\/\/news.ecclesia.org.br\/?s={search_term_string}"},"query-input":{"@type":"PropertyValueSpecification","valueRequired":true,"valueName":"search_term_string"}}],"inLanguage":"pt-BR"},{"@type":"Organization","@id":"https:\/\/news.ecclesia.org.br\/#organization","name":"Sacra Arquidiocese de Buenos Aires e Am\u00e9rica do Sul | Patriarcado Ecum\u00eanico","alternateName":"News Ecclesia Brasil","url":"https:\/\/news.ecclesia.org.br\/","logo":{"@type":"ImageObject","inLanguage":"pt-BR","@id":"https:\/\/news.ecclesia.org.br\/#\/schema\/logo\/image\/","url":"https:\/\/news.ecclesia.org.br\/wp-content\/uploads\/2025\/05\/ecclesia2.png","contentUrl":"https:\/\/news.ecclesia.org.br\/wp-content\/uploads\/2025\/05\/ecclesia2.png","width":480,"height":120,"caption":"Sacra Arquidiocese de Buenos Aires e Am\u00e9rica do Sul | Patriarcado Ecum\u00eanico"},"image":{"@id":"https:\/\/news.ecclesia.org.br\/#\/schema\/logo\/image\/"},"sameAs":["https:\/\/www.facebook.com\/Ecclesia2025","https:\/\/x.com\/EcclesiaNews","https:\/\/br.pinterest.com\/ekklisia\/","https:\/\/www.youtube.com\/@EcclesiaBrasil"]},{"@type":"Person","@id":"https:\/\/news.ecclesia.org.br\/#\/schema\/person\/6f09597f025829745ba414a569f63758","name":"Pe. Andr\u00e9","image":{"@type":"ImageObject","inLanguage":"pt-BR","@id":"https:\/\/secure.gravatar.com\/avatar\/b4327cfa27e9799da239a26adcd534fc29cdc0c4a4a148eecbcfeb9b42c617ac?s=96&d=mm&r=g","url":"https:\/\/secure.gravatar.com\/avatar\/b4327cfa27e9799da239a26adcd534fc29cdc0c4a4a148eecbcfeb9b42c617ac?s=96&d=mm&r=g","contentUrl":"https:\/\/secure.gravatar.com\/avatar\/b4327cfa27e9799da239a26adcd534fc29cdc0c4a4a148eecbcfeb9b42c617ac?s=96&d=mm&r=g","caption":"Pe. Andr\u00e9"},"sameAs":["https:\/\/www.ecclesia.org.br"]}]}},"_links":{"self":[{"href":"https:\/\/news.ecclesia.org.br\/index.php?rest_route=\/wp\/v2\/posts\/26615","targetHints":{"allow":["GET"]}}],"collection":[{"href":"https:\/\/news.ecclesia.org.br\/index.php?rest_route=\/wp\/v2\/posts"}],"about":[{"href":"https:\/\/news.ecclesia.org.br\/index.php?rest_route=\/wp\/v2\/types\/post"}],"author":[{"embeddable":true,"href":"https:\/\/news.ecclesia.org.br\/index.php?rest_route=\/wp\/v2\/users\/1"}],"replies":[{"embeddable":true,"href":"https:\/\/news.ecclesia.org.br\/index.php?rest_route=%2Fwp%2Fv2%2Fcomments&post=26615"}],"version-history":[{"count":0,"href":"https:\/\/news.ecclesia.org.br\/index.php?rest_route=\/wp\/v2\/posts\/26615\/revisions"}],"wp:featuredmedia":[{"embeddable":true,"href":"https:\/\/news.ecclesia.org.br\/index.php?rest_route=\/wp\/v2\/media\/23698"}],"wp:attachment":[{"href":"https:\/\/news.ecclesia.org.br\/index.php?rest_route=%2Fwp%2Fv2%2Fmedia&parent=26615"}],"wp:term":[{"taxonomy":"category","embeddable":true,"href":"https:\/\/news.ecclesia.org.br\/index.php?rest_route=%2Fwp%2Fv2%2Fcategories&post=26615"},{"taxonomy":"post_tag","embeddable":true,"href":"https:\/\/news.ecclesia.org.br\/index.php?rest_route=%2Fwp%2Fv2%2Ftags&post=26615"}],"curies":[{"name":"wp","href":"https:\/\/api.w.org\/{rel}","templated":true}]}}