{"id":26611,"date":"2013-04-23T22:14:20","date_gmt":"2013-04-23T22:14:20","guid":{"rendered":"https:\/\/news.ecclesia.org.br\/?p=26611"},"modified":"2019-05-14T22:18:14","modified_gmt":"2019-05-14T22:18:14","slug":"lider-grego-catolico-ucraniano-encontrou-se-com-patriarca-ecumenico","status":"publish","type":"post","link":"https:\/\/news.ecclesia.org.br\/?p=26611","title":{"rendered":"L\u00cdDER GREGO-CAT\u00d3LICO UCRANIANO ENCONTROU-SE COM PATRIARCA ECUM\u00caNICO"},"content":{"rendered":"<p style=\"text-align: right;\">Escrito por Ervino Martinuz<\/p>\n<p style=\"text-align: justify;\">Istambul\/Constantinopla, 22 abr (SIR) &#8211; Durante a viagem, organizado no \u00e2mbito da divulga\u00e7\u00e3o da celebra\u00e7\u00e3o do 1025 \u00ba anivers\u00e1rio do Batismo da R\u00fassia-Ucr\u00e2nia, o chefe da Igreja grego-cat\u00f3lica ucraniana, S. B. Sviatoslav e o chefe do Departamento de Rela\u00e7\u00f5es Exteriores do UGCC, S. E. Dom Borys Gudziak reuniu-se com S. S. Bartolomeu I, Patriarca Ecum\u00eanico de Constantinopla, em sua resid\u00eancia em Istambul, no \u00faltimo dia 20 de abril.<\/p>\n<blockquote>\n<p style=\"text-align: justify;\"><a href=\"https:\/\/news.ecclesia.org.br\/2013\/wp-content\/uploads\/2013\/04\/arcebispo-mor-greco-catolico-ucraniano-1.jpg\" rel=\"attachment wp-att-6311\"><img fetchpriority=\"high\" decoding=\"async\" class=\"alignleft size-medium wp-image-6311\" src=\"https:\/\/news.ecclesia.org.br\/2013\/wp-content\/uploads\/2013\/04\/arcebispo-mor-greco-catolico-ucraniano-1-300x209.jpg\" alt=\"arcebispo-mor-greco-catolico-ucraniano\" width=\"300\" height=\"209\" srcset=\"https:\/\/news.ecclesia.org.br\/wp-content\/uploads\/2013\/04\/arcebispo-mor-greco-catolico-ucraniano-1-300x209.jpg 300w, https:\/\/news.ecclesia.org.br\/wp-content\/uploads\/2013\/04\/arcebispo-mor-greco-catolico-ucraniano-1-79x55.jpg 79w, https:\/\/news.ecclesia.org.br\/wp-content\/uploads\/2013\/04\/arcebispo-mor-greco-catolico-ucraniano-1.jpg 640w\" sizes=\"(max-width: 300px) 100vw, 300px\" \/><\/a>&#8220;Em minha opini\u00e3o, esta visita \u00e9 muito importante e \u00e9 resultado de \u00a0nossa iniciativa. A antiga Igreja Constantinopla \u00e9 a Igreja Matriz de todos os crist\u00e3os da tradi\u00e7\u00e3o ucraniana que receberam a f\u00e9 no batismo do pr\u00edncipe Volodymyr&#8221;,<\/p>\n<\/blockquote>\n<p style=\"text-align: justify;\">comentou o chefe de UGCC.\u00a0 Ele ressaltou que o Patriarca Ecum\u00eanico \u00e9 hoje uma importante autoridade moral tanto no mundo ortodoxo e no mundo crist\u00e3o em geral. O Chefe de UGCC assegurou ao Patriarca Ecum\u00eanico o interesse em ampliar as rela\u00e7\u00f5es com a Igreja de Constantinopla. Em particular, ele falou sobre as perspectivas de renova\u00e7\u00e3o do Grupo de Estudos, que incluiu te\u00f3logos e estudiosos da Igreja Ortodoxa Ucraniana dos EUA e Canad\u00e1 e do UGCC.<\/p>\n<blockquote>\n<p style=\"text-align: justify;\">&#8220;Obviamente, nos \u00faltimos 20 anos, as circunst\u00e2ncias religiosas na Ucr\u00e2nia mudaram radicalmente e, portanto, a renova\u00e7\u00e3o da atividade do grupo facilitaria a busca de novas formas de compreens\u00e3o ecum\u00eanica e di\u00e1logo dentro do cristianismo ucraniano, por um lado, e de renova\u00e7\u00e3o do di\u00e1logo e da possibilidade de comunh\u00e3o entre as Igrejas crist\u00e3s na Ucr\u00e2nia e a Igreja de Constantinopla, por outro lado&#8221;, concluiu o chefe de UGCC.**********************<\/p>\n<\/blockquote>\n","protected":false},"excerpt":{"rendered":"<p>Escrito por Ervino Martinuz Istambul\/Constantinopla, 22 abr (SIR) &#8211; Durante a viagem, organizado no \u00e2mbito da divulga\u00e7\u00e3o da celebra\u00e7\u00e3o do 1025 \u00ba anivers\u00e1rio do Batismo da R\u00fassia-Ucr\u00e2nia, o chefe da Igreja grego-cat\u00f3lica ucraniana, S. B. Sviatoslav e o chefe do&#8230;<\/p>\n","protected":false},"author":1,"featured_media":6311,"comment_status":"open","ping_status":"open","sticky":false,"template":"","format":"standard","meta":{"_acf_changed":false,"footnotes":""},"categories":[3,72],"tags":[],"class_list":["post-26611","post","type-post","status-publish","format-standard","has-post-thumbnail","hentry","category-mundo","category-patriarcado-ecumenico","entry","rows-excerpt"],"acf":[],"yoast_head":"<!-- This site is optimized with the Yoast SEO plugin v27.4 - https:\/\/yoast.com\/product\/yoast-seo-wordpress\/ -->\n<title>L\u00cdDER GREGO-CAT\u00d3LICO UCRANIANO ENCONTROU-SE COM PATRIARCA ECUM\u00caNICO | ECCLESIA NEWS<\/title>\n<meta name=\"robots\" content=\"index, follow, max-snippet:-1, max-image-preview:large, max-video-preview:-1\" \/>\n<link rel=\"canonical\" href=\"https:\/\/news.ecclesia.org.br\/?p=26611\" \/>\n<meta property=\"og:locale\" content=\"pt_BR\" \/>\n<meta property=\"og:type\" content=\"article\" \/>\n<meta property=\"og:title\" content=\"L\u00cdDER GREGO-CAT\u00d3LICO UCRANIANO ENCONTROU-SE COM PATRIARCA ECUM\u00caNICO | ECCLESIA NEWS\" \/>\n<meta property=\"og:description\" content=\"Escrito por Ervino Martinuz Istambul\/Constantinopla, 22 abr (SIR) &#8211; Durante a viagem, organizado no \u00e2mbito da divulga\u00e7\u00e3o da celebra\u00e7\u00e3o do 1025 \u00ba anivers\u00e1rio do Batismo da R\u00fassia-Ucr\u00e2nia, o chefe da Igreja grego-cat\u00f3lica ucraniana, S. B. Sviatoslav e o chefe do&#8230;\" \/>\n<meta property=\"og:url\" content=\"https:\/\/news.ecclesia.org.br\/?p=26611\" \/>\n<meta property=\"og:site_name\" content=\"ECCLESIA NEWS\" \/>\n<meta property=\"article:publisher\" content=\"https:\/\/www.facebook.com\/Ecclesia2025\" \/>\n<meta property=\"article:published_time\" content=\"2013-04-23T22:14:20+00:00\" \/>\n<meta property=\"article:modified_time\" content=\"2019-05-14T22:18:14+00:00\" \/>\n<meta property=\"og:image\" content=\"https:\/\/news.ecclesia.org.br\/wp-content\/uploads\/2013\/04\/arcebispo-mor-greco-catolico-ucraniano-1.jpg\" \/>\n\t<meta property=\"og:image:width\" content=\"640\" \/>\n\t<meta property=\"og:image:height\" content=\"446\" \/>\n\t<meta property=\"og:image:type\" content=\"image\/jpeg\" \/>\n<meta name=\"author\" content=\"Pe. Andr\u00e9\" \/>\n<meta name=\"twitter:card\" content=\"summary_large_image\" \/>\n<meta name=\"twitter:creator\" content=\"@EcclesiaNews\" \/>\n<meta name=\"twitter:site\" content=\"@EcclesiaNews\" \/>\n<meta name=\"twitter:label1\" content=\"Escrito por\" \/>\n\t<meta name=\"twitter:data1\" content=\"Pe. Andr\u00e9\" \/>\n\t<meta name=\"twitter:label2\" content=\"Est. tempo de leitura\" \/>\n\t<meta name=\"twitter:data2\" content=\"1 minuto\" \/>\n<script type=\"application\/ld+json\" class=\"yoast-schema-graph\">{\"@context\":\"https:\\\/\\\/schema.org\",\"@graph\":[{\"@type\":\"Article\",\"@id\":\"https:\\\/\\\/news.ecclesia.org.br\\\/?p=26611#article\",\"isPartOf\":{\"@id\":\"https:\\\/\\\/news.ecclesia.org.br\\\/?p=26611\"},\"author\":{\"name\":\"Pe. Andr\u00e9\",\"@id\":\"https:\\\/\\\/news.ecclesia.org.br\\\/#\\\/schema\\\/person\\\/6f09597f025829745ba414a569f63758\"},\"headline\":\"L\u00cdDER GREGO-CAT\u00d3LICO UCRANIANO ENCONTROU-SE COM PATRIARCA ECUM\u00caNICO\",\"datePublished\":\"2013-04-23T22:14:20+00:00\",\"dateModified\":\"2019-05-14T22:18:14+00:00\",\"mainEntityOfPage\":{\"@id\":\"https:\\\/\\\/news.ecclesia.org.br\\\/?p=26611\"},\"wordCount\":284,\"commentCount\":0,\"publisher\":{\"@id\":\"https:\\\/\\\/news.ecclesia.org.br\\\/#organization\"},\"image\":{\"@id\":\"https:\\\/\\\/news.ecclesia.org.br\\\/?p=26611#primaryimage\"},\"thumbnailUrl\":\"https:\\\/\\\/news.ecclesia.org.br\\\/wp-content\\\/uploads\\\/2013\\\/04\\\/arcebispo-mor-greco-catolico-ucraniano-1.jpg\",\"articleSection\":[\"Mundo Ortodoxo\",\"Patriarcado Ecum\u00eanico\"],\"inLanguage\":\"pt-BR\",\"potentialAction\":[{\"@type\":\"CommentAction\",\"name\":\"Comment\",\"target\":[\"https:\\\/\\\/news.ecclesia.org.br\\\/?p=26611#respond\"]}]},{\"@type\":\"WebPage\",\"@id\":\"https:\\\/\\\/news.ecclesia.org.br\\\/?p=26611\",\"url\":\"https:\\\/\\\/news.ecclesia.org.br\\\/?p=26611\",\"name\":\"L\u00cdDER GREGO-CAT\u00d3LICO UCRANIANO ENCONTROU-SE COM PATRIARCA ECUM\u00caNICO | ECCLESIA NEWS\",\"isPartOf\":{\"@id\":\"https:\\\/\\\/news.ecclesia.org.br\\\/#website\"},\"primaryImageOfPage\":{\"@id\":\"https:\\\/\\\/news.ecclesia.org.br\\\/?p=26611#primaryimage\"},\"image\":{\"@id\":\"https:\\\/\\\/news.ecclesia.org.br\\\/?p=26611#primaryimage\"},\"thumbnailUrl\":\"https:\\\/\\\/news.ecclesia.org.br\\\/wp-content\\\/uploads\\\/2013\\\/04\\\/arcebispo-mor-greco-catolico-ucraniano-1.jpg\",\"datePublished\":\"2013-04-23T22:14:20+00:00\",\"dateModified\":\"2019-05-14T22:18:14+00:00\",\"breadcrumb\":{\"@id\":\"https:\\\/\\\/news.ecclesia.org.br\\\/?p=26611#breadcrumb\"},\"inLanguage\":\"pt-BR\",\"potentialAction\":[{\"@type\":\"ReadAction\",\"target\":[\"https:\\\/\\\/news.ecclesia.org.br\\\/?p=26611\"]}]},{\"@type\":\"ImageObject\",\"inLanguage\":\"pt-BR\",\"@id\":\"https:\\\/\\\/news.ecclesia.org.br\\\/?p=26611#primaryimage\",\"url\":\"https:\\\/\\\/news.ecclesia.org.br\\\/wp-content\\\/uploads\\\/2013\\\/04\\\/arcebispo-mor-greco-catolico-ucraniano-1.jpg\",\"contentUrl\":\"https:\\\/\\\/news.ecclesia.org.br\\\/wp-content\\\/uploads\\\/2013\\\/04\\\/arcebispo-mor-greco-catolico-ucraniano-1.jpg\",\"width\":640,\"height\":446},{\"@type\":\"BreadcrumbList\",\"@id\":\"https:\\\/\\\/news.ecclesia.org.br\\\/?p=26611#breadcrumb\",\"itemListElement\":[{\"@type\":\"ListItem\",\"position\":1,\"name\":\"In\u00edcio\",\"item\":\"https:\\\/\\\/news.ecclesia.org.br\\\/\"},{\"@type\":\"ListItem\",\"position\":2,\"name\":\"L\u00cdDER GREGO-CAT\u00d3LICO UCRANIANO ENCONTROU-SE COM PATRIARCA ECUM\u00caNICO\"}]},{\"@type\":\"WebSite\",\"@id\":\"https:\\\/\\\/news.ecclesia.org.br\\\/#website\",\"url\":\"https:\\\/\\\/news.ecclesia.org.br\\\/\",\"name\":\"Ecclesia Brasil\",\"description\":\"Desde 2003 onectando o Brasil ao mundo ortodoxo!\",\"publisher\":{\"@id\":\"https:\\\/\\\/news.ecclesia.org.br\\\/#organization\"},\"alternateName\":\"Ecclesia\",\"potentialAction\":[{\"@type\":\"SearchAction\",\"target\":{\"@type\":\"EntryPoint\",\"urlTemplate\":\"https:\\\/\\\/news.ecclesia.org.br\\\/?s={search_term_string}\"},\"query-input\":{\"@type\":\"PropertyValueSpecification\",\"valueRequired\":true,\"valueName\":\"search_term_string\"}}],\"inLanguage\":\"pt-BR\"},{\"@type\":\"Organization\",\"@id\":\"https:\\\/\\\/news.ecclesia.org.br\\\/#organization\",\"name\":\"Sacra Arquidiocese de Buenos Aires e Am\u00e9rica do Sul | Patriarcado Ecum\u00eanico\",\"alternateName\":\"News Ecclesia Brasil\",\"url\":\"https:\\\/\\\/news.ecclesia.org.br\\\/\",\"logo\":{\"@type\":\"ImageObject\",\"inLanguage\":\"pt-BR\",\"@id\":\"https:\\\/\\\/news.ecclesia.org.br\\\/#\\\/schema\\\/logo\\\/image\\\/\",\"url\":\"https:\\\/\\\/news.ecclesia.org.br\\\/wp-content\\\/uploads\\\/2025\\\/05\\\/ecclesia2.png\",\"contentUrl\":\"https:\\\/\\\/news.ecclesia.org.br\\\/wp-content\\\/uploads\\\/2025\\\/05\\\/ecclesia2.png\",\"width\":480,\"height\":120,\"caption\":\"Sacra Arquidiocese de Buenos Aires e Am\u00e9rica do Sul | Patriarcado Ecum\u00eanico\"},\"image\":{\"@id\":\"https:\\\/\\\/news.ecclesia.org.br\\\/#\\\/schema\\\/logo\\\/image\\\/\"},\"sameAs\":[\"https:\\\/\\\/www.facebook.com\\\/Ecclesia2025\",\"https:\\\/\\\/x.com\\\/EcclesiaNews\",\"https:\\\/\\\/br.pinterest.com\\\/ekklisia\\\/\",\"https:\\\/\\\/www.youtube.com\\\/@EcclesiaBrasil\"]},{\"@type\":\"Person\",\"@id\":\"https:\\\/\\\/news.ecclesia.org.br\\\/#\\\/schema\\\/person\\\/6f09597f025829745ba414a569f63758\",\"name\":\"Pe. Andr\u00e9\",\"image\":{\"@type\":\"ImageObject\",\"inLanguage\":\"pt-BR\",\"@id\":\"https:\\\/\\\/secure.gravatar.com\\\/avatar\\\/b4327cfa27e9799da239a26adcd534fc29cdc0c4a4a148eecbcfeb9b42c617ac?s=96&d=mm&r=g\",\"url\":\"https:\\\/\\\/secure.gravatar.com\\\/avatar\\\/b4327cfa27e9799da239a26adcd534fc29cdc0c4a4a148eecbcfeb9b42c617ac?s=96&d=mm&r=g\",\"contentUrl\":\"https:\\\/\\\/secure.gravatar.com\\\/avatar\\\/b4327cfa27e9799da239a26adcd534fc29cdc0c4a4a148eecbcfeb9b42c617ac?s=96&d=mm&r=g\",\"caption\":\"Pe. Andr\u00e9\"},\"sameAs\":[\"https:\\\/\\\/www.ecclesia.org.br\"]}]}<\/script>\n<!-- \/ Yoast SEO plugin. -->","yoast_head_json":{"title":"L\u00cdDER GREGO-CAT\u00d3LICO UCRANIANO ENCONTROU-SE COM PATRIARCA ECUM\u00caNICO | ECCLESIA NEWS","robots":{"index":"index","follow":"follow","max-snippet":"max-snippet:-1","max-image-preview":"max-image-preview:large","max-video-preview":"max-video-preview:-1"},"canonical":"https:\/\/news.ecclesia.org.br\/?p=26611","og_locale":"pt_BR","og_type":"article","og_title":"L\u00cdDER GREGO-CAT\u00d3LICO UCRANIANO ENCONTROU-SE COM PATRIARCA ECUM\u00caNICO | ECCLESIA NEWS","og_description":"Escrito por Ervino Martinuz Istambul\/Constantinopla, 22 abr (SIR) &#8211; Durante a viagem, organizado no \u00e2mbito da divulga\u00e7\u00e3o da celebra\u00e7\u00e3o do 1025 \u00ba anivers\u00e1rio do Batismo da R\u00fassia-Ucr\u00e2nia, o chefe da Igreja grego-cat\u00f3lica ucraniana, S. B. Sviatoslav e o chefe do&#8230;","og_url":"https:\/\/news.ecclesia.org.br\/?p=26611","og_site_name":"ECCLESIA NEWS","article_publisher":"https:\/\/www.facebook.com\/Ecclesia2025","article_published_time":"2013-04-23T22:14:20+00:00","article_modified_time":"2019-05-14T22:18:14+00:00","og_image":[{"width":640,"height":446,"url":"https:\/\/news.ecclesia.org.br\/wp-content\/uploads\/2013\/04\/arcebispo-mor-greco-catolico-ucraniano-1.jpg","type":"image\/jpeg"}],"author":"Pe. Andr\u00e9","twitter_card":"summary_large_image","twitter_creator":"@EcclesiaNews","twitter_site":"@EcclesiaNews","twitter_misc":{"Escrito por":"Pe. Andr\u00e9","Est. tempo de leitura":"1 minuto"},"schema":{"@context":"https:\/\/schema.org","@graph":[{"@type":"Article","@id":"https:\/\/news.ecclesia.org.br\/?p=26611#article","isPartOf":{"@id":"https:\/\/news.ecclesia.org.br\/?p=26611"},"author":{"name":"Pe. Andr\u00e9","@id":"https:\/\/news.ecclesia.org.br\/#\/schema\/person\/6f09597f025829745ba414a569f63758"},"headline":"L\u00cdDER GREGO-CAT\u00d3LICO UCRANIANO ENCONTROU-SE COM PATRIARCA ECUM\u00caNICO","datePublished":"2013-04-23T22:14:20+00:00","dateModified":"2019-05-14T22:18:14+00:00","mainEntityOfPage":{"@id":"https:\/\/news.ecclesia.org.br\/?p=26611"},"wordCount":284,"commentCount":0,"publisher":{"@id":"https:\/\/news.ecclesia.org.br\/#organization"},"image":{"@id":"https:\/\/news.ecclesia.org.br\/?p=26611#primaryimage"},"thumbnailUrl":"https:\/\/news.ecclesia.org.br\/wp-content\/uploads\/2013\/04\/arcebispo-mor-greco-catolico-ucraniano-1.jpg","articleSection":["Mundo Ortodoxo","Patriarcado Ecum\u00eanico"],"inLanguage":"pt-BR","potentialAction":[{"@type":"CommentAction","name":"Comment","target":["https:\/\/news.ecclesia.org.br\/?p=26611#respond"]}]},{"@type":"WebPage","@id":"https:\/\/news.ecclesia.org.br\/?p=26611","url":"https:\/\/news.ecclesia.org.br\/?p=26611","name":"L\u00cdDER GREGO-CAT\u00d3LICO UCRANIANO ENCONTROU-SE COM PATRIARCA ECUM\u00caNICO | ECCLESIA NEWS","isPartOf":{"@id":"https:\/\/news.ecclesia.org.br\/#website"},"primaryImageOfPage":{"@id":"https:\/\/news.ecclesia.org.br\/?p=26611#primaryimage"},"image":{"@id":"https:\/\/news.ecclesia.org.br\/?p=26611#primaryimage"},"thumbnailUrl":"https:\/\/news.ecclesia.org.br\/wp-content\/uploads\/2013\/04\/arcebispo-mor-greco-catolico-ucraniano-1.jpg","datePublished":"2013-04-23T22:14:20+00:00","dateModified":"2019-05-14T22:18:14+00:00","breadcrumb":{"@id":"https:\/\/news.ecclesia.org.br\/?p=26611#breadcrumb"},"inLanguage":"pt-BR","potentialAction":[{"@type":"ReadAction","target":["https:\/\/news.ecclesia.org.br\/?p=26611"]}]},{"@type":"ImageObject","inLanguage":"pt-BR","@id":"https:\/\/news.ecclesia.org.br\/?p=26611#primaryimage","url":"https:\/\/news.ecclesia.org.br\/wp-content\/uploads\/2013\/04\/arcebispo-mor-greco-catolico-ucraniano-1.jpg","contentUrl":"https:\/\/news.ecclesia.org.br\/wp-content\/uploads\/2013\/04\/arcebispo-mor-greco-catolico-ucraniano-1.jpg","width":640,"height":446},{"@type":"BreadcrumbList","@id":"https:\/\/news.ecclesia.org.br\/?p=26611#breadcrumb","itemListElement":[{"@type":"ListItem","position":1,"name":"In\u00edcio","item":"https:\/\/news.ecclesia.org.br\/"},{"@type":"ListItem","position":2,"name":"L\u00cdDER GREGO-CAT\u00d3LICO UCRANIANO ENCONTROU-SE COM PATRIARCA ECUM\u00caNICO"}]},{"@type":"WebSite","@id":"https:\/\/news.ecclesia.org.br\/#website","url":"https:\/\/news.ecclesia.org.br\/","name":"Ecclesia Brasil","description":"Desde 2003 onectando o Brasil ao mundo ortodoxo!","publisher":{"@id":"https:\/\/news.ecclesia.org.br\/#organization"},"alternateName":"Ecclesia","potentialAction":[{"@type":"SearchAction","target":{"@type":"EntryPoint","urlTemplate":"https:\/\/news.ecclesia.org.br\/?s={search_term_string}"},"query-input":{"@type":"PropertyValueSpecification","valueRequired":true,"valueName":"search_term_string"}}],"inLanguage":"pt-BR"},{"@type":"Organization","@id":"https:\/\/news.ecclesia.org.br\/#organization","name":"Sacra Arquidiocese de Buenos Aires e Am\u00e9rica do Sul | Patriarcado Ecum\u00eanico","alternateName":"News Ecclesia Brasil","url":"https:\/\/news.ecclesia.org.br\/","logo":{"@type":"ImageObject","inLanguage":"pt-BR","@id":"https:\/\/news.ecclesia.org.br\/#\/schema\/logo\/image\/","url":"https:\/\/news.ecclesia.org.br\/wp-content\/uploads\/2025\/05\/ecclesia2.png","contentUrl":"https:\/\/news.ecclesia.org.br\/wp-content\/uploads\/2025\/05\/ecclesia2.png","width":480,"height":120,"caption":"Sacra Arquidiocese de Buenos Aires e Am\u00e9rica do Sul | Patriarcado Ecum\u00eanico"},"image":{"@id":"https:\/\/news.ecclesia.org.br\/#\/schema\/logo\/image\/"},"sameAs":["https:\/\/www.facebook.com\/Ecclesia2025","https:\/\/x.com\/EcclesiaNews","https:\/\/br.pinterest.com\/ekklisia\/","https:\/\/www.youtube.com\/@EcclesiaBrasil"]},{"@type":"Person","@id":"https:\/\/news.ecclesia.org.br\/#\/schema\/person\/6f09597f025829745ba414a569f63758","name":"Pe. Andr\u00e9","image":{"@type":"ImageObject","inLanguage":"pt-BR","@id":"https:\/\/secure.gravatar.com\/avatar\/b4327cfa27e9799da239a26adcd534fc29cdc0c4a4a148eecbcfeb9b42c617ac?s=96&d=mm&r=g","url":"https:\/\/secure.gravatar.com\/avatar\/b4327cfa27e9799da239a26adcd534fc29cdc0c4a4a148eecbcfeb9b42c617ac?s=96&d=mm&r=g","contentUrl":"https:\/\/secure.gravatar.com\/avatar\/b4327cfa27e9799da239a26adcd534fc29cdc0c4a4a148eecbcfeb9b42c617ac?s=96&d=mm&r=g","caption":"Pe. Andr\u00e9"},"sameAs":["https:\/\/www.ecclesia.org.br"]}]}},"_links":{"self":[{"href":"https:\/\/news.ecclesia.org.br\/index.php?rest_route=\/wp\/v2\/posts\/26611","targetHints":{"allow":["GET"]}}],"collection":[{"href":"https:\/\/news.ecclesia.org.br\/index.php?rest_route=\/wp\/v2\/posts"}],"about":[{"href":"https:\/\/news.ecclesia.org.br\/index.php?rest_route=\/wp\/v2\/types\/post"}],"author":[{"embeddable":true,"href":"https:\/\/news.ecclesia.org.br\/index.php?rest_route=\/wp\/v2\/users\/1"}],"replies":[{"embeddable":true,"href":"https:\/\/news.ecclesia.org.br\/index.php?rest_route=%2Fwp%2Fv2%2Fcomments&post=26611"}],"version-history":[{"count":0,"href":"https:\/\/news.ecclesia.org.br\/index.php?rest_route=\/wp\/v2\/posts\/26611\/revisions"}],"wp:featuredmedia":[{"embeddable":true,"href":"https:\/\/news.ecclesia.org.br\/index.php?rest_route=\/wp\/v2\/media\/6311"}],"wp:attachment":[{"href":"https:\/\/news.ecclesia.org.br\/index.php?rest_route=%2Fwp%2Fv2%2Fmedia&parent=26611"}],"wp:term":[{"taxonomy":"category","embeddable":true,"href":"https:\/\/news.ecclesia.org.br\/index.php?rest_route=%2Fwp%2Fv2%2Fcategories&post=26611"},{"taxonomy":"post_tag","embeddable":true,"href":"https:\/\/news.ecclesia.org.br\/index.php?rest_route=%2Fwp%2Fv2%2Ftags&post=26611"}],"curies":[{"name":"wp","href":"https:\/\/api.w.org\/{rel}","templated":true}]}}