{"id":26591,"date":"2019-05-06T12:38:55","date_gmt":"2019-05-06T12:38:55","guid":{"rendered":"https:\/\/news.ecclesia.org.br\/?p=26591"},"modified":"2021-07-30T16:08:58","modified_gmt":"2021-07-30T19:08:58","slug":"patriarca-bartolomeu-visita-varsovia-polonia","status":"publish","type":"post","link":"https:\/\/news.ecclesia.org.br\/?p=26591","title":{"rendered":"Patriarca Bartolomeu Visita Vars\u00f3via (Pol\u00f4nia)"},"content":{"rendered":"<p style=\"text-align: justify;\"><div id=\"galleria-26591\"><a href=\"https:\/\/news.ecclesia.org.br\/wp-content\/uploads\/2019\/05\/patriarca-polonia.jpg\"><img decoding=\"async\" title=\"patriarca-polonia\" alt=\"\" src=\"https:\/\/news.ecclesia.org.br\/wp-content\/uploads\/2019\/05\/patriarca-polonia-129x55.jpg\" data-big=\"https:\/\/news.ecclesia.org.br\/wp-content\/uploads\/2019\/05\/patriarca-polonia.jpg\"><\/a><a href=\"https:\/\/news.ecclesia.org.br\/wp-content\/uploads\/2019\/05\/patriarca-polonia1.jpg\"><img decoding=\"async\" title=\"patriarca-polonia1\" alt=\"\" src=\"https:\/\/news.ecclesia.org.br\/wp-content\/uploads\/2019\/05\/patriarca-polonia1-41x55.jpg\" data-big=\"https:\/\/news.ecclesia.org.br\/wp-content\/uploads\/2019\/05\/patriarca-polonia1.jpg\"><\/a><a href=\"https:\/\/news.ecclesia.org.br\/wp-content\/uploads\/2019\/05\/patriarca-polonia2-768x1024.jpg\"><img decoding=\"async\" title=\"patriarca-polonia2\" alt=\"\" src=\"https:\/\/news.ecclesia.org.br\/wp-content\/uploads\/2019\/05\/patriarca-polonia2-41x55.jpg\" data-big=\"https:\/\/news.ecclesia.org.br\/wp-content\/uploads\/2019\/05\/patriarca-polonia2-768x1024.jpg\"><\/a><a href=\"https:\/\/news.ecclesia.org.br\/wp-content\/uploads\/2019\/05\/patriarca-polonia4-1024x768.jpg\"><img decoding=\"async\" title=\"OLYMPUS DIGITAL CAMERA\" alt=\"\" src=\"https:\/\/news.ecclesia.org.br\/wp-content\/uploads\/2019\/05\/patriarca-polonia4-73x55.jpg\" data-big=\"https:\/\/news.ecclesia.org.br\/wp-content\/uploads\/2019\/05\/patriarca-polonia4-1024x768.jpg\"><\/a><a href=\"https:\/\/news.ecclesia.org.br\/wp-content\/uploads\/2019\/05\/patriarca-polonia5-1024x768.jpg\"><img decoding=\"async\" title=\"patriarca-polonia5\" alt=\"\" src=\"https:\/\/news.ecclesia.org.br\/wp-content\/uploads\/2019\/05\/patriarca-polonia5-73x55.jpg\" data-big=\"https:\/\/news.ecclesia.org.br\/wp-content\/uploads\/2019\/05\/patriarca-polonia5-1024x768.jpg\"><\/a><a href=\"https:\/\/news.ecclesia.org.br\/wp-content\/uploads\/2019\/05\/patriarca-polonia6-1024x768.jpg\"><img decoding=\"async\" title=\"OLYMPUS DIGITAL CAMERA\" alt=\"\" src=\"https:\/\/news.ecclesia.org.br\/wp-content\/uploads\/2019\/05\/patriarca-polonia6-73x55.jpg\" data-big=\"https:\/\/news.ecclesia.org.br\/wp-content\/uploads\/2019\/05\/patriarca-polonia6-1024x768.jpg\"><\/a><a href=\"https:\/\/news.ecclesia.org.br\/wp-content\/uploads\/2019\/05\/patriarca-polonia7-768x1024.jpg\"><img decoding=\"async\" title=\"patriarca-polonia7\" alt=\"\" src=\"https:\/\/news.ecclesia.org.br\/wp-content\/uploads\/2019\/05\/patriarca-polonia7-41x55.jpg\" data-big=\"https:\/\/news.ecclesia.org.br\/wp-content\/uploads\/2019\/05\/patriarca-polonia7-768x1024.jpg\"><\/a><a href=\"https:\/\/news.ecclesia.org.br\/wp-content\/uploads\/2019\/05\/patriarca-polonia8-1024x768.jpg\"><img decoding=\"async\" title=\"OLYMPUS DIGITAL CAMERA\" alt=\"\" src=\"https:\/\/news.ecclesia.org.br\/wp-content\/uploads\/2019\/05\/patriarca-polonia8-73x55.jpg\" data-big=\"https:\/\/news.ecclesia.org.br\/wp-content\/uploads\/2019\/05\/patriarca-polonia8-1024x768.jpg\"><\/a><\/div><\/p>\n<p style=\"text-align: justify;\">Por ocasi\u00e3o da visita do Patriarca Bartolomeu a Vars\u00f3via, a Chancelaria da Igreja Ortodoxa Polonesa emitiu o seguinte comunicado:<\/p>\n<blockquote>\n<p style=\"text-align: justify;\">\u00abEm 3 de maio deste ano, como parte da comemora\u00e7\u00e3o do Dia da mem\u00f3ria das v\u00edtimas do Holocausto exterminados pelos nazistas alem\u00e3es durante a Segunda Guerra Mundial, Sua Santidade Bartolomeu, Arcebispo de Constantinopla, Nova Roma e Patriarca Ecum\u00eanico visitou Vars\u00f3via, na Pol\u00f4nia. Acompanhou Sua Santidade nesta visita o Metropolita Emmanuel, da Fran\u00e7a, e o Arquimandrita Agathaggelos. Ap\u00f3s a doxologia na capela da Academia dos Santos Cirilo e Met\u00f3dio, S.B. Metropolita Savvas [Primaz da Igreja Ortodoxa da Pol\u00f4nia, ndt] expressou elogios ao seu ilustre visitante e gratid\u00e3o a Deus pela oportunidade de encontrar Sua Santidade durante a semana da P\u00e1scoa, e a certeza de que sua visita \u00e0 Pol\u00f4nia trar\u00e1 seus frutos. Em resposta, Sua Santidade enfatizou as boas rela\u00e7\u00f5es, entre as duas hierarquias, desejando boa sa\u00fade ao metropolitana Savvas. Ap\u00f3s o almo\u00e7o e descanso, S. S. o Patriarca Bartolomeu e S.B. Metropolitan Savva visitaram juntos o local de constru\u00e7\u00e3o da Igreja Hagia Sophia em Vars\u00f3via, \u00faltimo parada da curta estadia do Patriarca Bartolomeu em Vars\u00f3via\u00bb.<\/p>\n<\/blockquote>\n<hr \/>\n<p style=\"text-align: right;\">Chancelaria do Metropolita Ortodoxo de Vars\u00f3via e Pol\u00f4nia<br \/>\n<span style=\"text-align: justify;\">Fotos: W\u0142adys\u0142aw Kulikow, Mateusz Gwizdak<\/span><\/p>\n","protected":false},"excerpt":{"rendered":"<p>Por ocasi\u00e3o da visita do Patriarca Bartolomeu a Vars\u00f3via, a Chancelaria da Igreja Ortodoxa Polonesa emitiu o seguinte comunicado: \u00abEm 3 de maio deste ano, como parte da comemora\u00e7\u00e3o do Dia da mem\u00f3ria das v\u00edtimas do Holocausto exterminados pelos nazistas&#8230;<\/p>\n","protected":false},"author":1,"featured_media":0,"comment_status":"open","ping_status":"open","sticky":false,"template":"","format":"standard","meta":{"_acf_changed":false,"footnotes":""},"categories":[72],"tags":[],"class_list":["post-26591","post","type-post","status-publish","format-standard","hentry","category-patriarcado-ecumenico","entry","rows-excerpt"],"acf":[],"yoast_head":"<!-- This site is optimized with the Yoast SEO plugin v27.4 - https:\/\/yoast.com\/product\/yoast-seo-wordpress\/ -->\n<title>Patriarca Bartolomeu Visita Vars\u00f3via (Pol\u00f4nia) | ECCLESIA NEWS<\/title>\n<meta name=\"robots\" content=\"index, follow, max-snippet:-1, max-image-preview:large, max-video-preview:-1\" \/>\n<link rel=\"canonical\" href=\"https:\/\/news.ecclesia.org.br\/?p=26591\" \/>\n<meta property=\"og:locale\" content=\"pt_BR\" \/>\n<meta property=\"og:type\" content=\"article\" \/>\n<meta property=\"og:title\" content=\"Patriarca Bartolomeu Visita Vars\u00f3via (Pol\u00f4nia) | ECCLESIA NEWS\" \/>\n<meta property=\"og:description\" content=\"Por ocasi\u00e3o da visita do Patriarca Bartolomeu a Vars\u00f3via, a Chancelaria da Igreja Ortodoxa Polonesa emitiu o seguinte comunicado: \u00abEm 3 de maio deste ano, como parte da comemora\u00e7\u00e3o do Dia da mem\u00f3ria das v\u00edtimas do Holocausto exterminados pelos nazistas&#8230;\" \/>\n<meta property=\"og:url\" content=\"https:\/\/news.ecclesia.org.br\/?p=26591\" \/>\n<meta property=\"og:site_name\" content=\"ECCLESIA NEWS\" \/>\n<meta property=\"article:publisher\" content=\"https:\/\/www.facebook.com\/Ecclesia2025\" \/>\n<meta property=\"article:published_time\" content=\"2019-05-06T12:38:55+00:00\" \/>\n<meta property=\"article:modified_time\" content=\"2021-07-30T19:08:58+00:00\" \/>\n<meta property=\"og:image\" content=\"https:\/\/news.ecclesia.org.br\/wp-content\/uploads\/2025\/05\/ecclesia2.png\" \/>\n\t<meta property=\"og:image:width\" content=\"480\" \/>\n\t<meta property=\"og:image:height\" content=\"120\" \/>\n\t<meta property=\"og:image:type\" content=\"image\/png\" \/>\n<meta name=\"author\" content=\"Pe. Andr\u00e9\" \/>\n<meta name=\"twitter:card\" content=\"summary_large_image\" \/>\n<meta name=\"twitter:creator\" content=\"@EcclesiaNews\" \/>\n<meta name=\"twitter:site\" content=\"@EcclesiaNews\" \/>\n<meta name=\"twitter:label1\" content=\"Escrito por\" \/>\n\t<meta name=\"twitter:data1\" content=\"Pe. Andr\u00e9\" \/>\n\t<meta name=\"twitter:label2\" content=\"Est. tempo de leitura\" \/>\n\t<meta name=\"twitter:data2\" content=\"1 minuto\" \/>\n<script type=\"application\/ld+json\" class=\"yoast-schema-graph\">{\"@context\":\"https:\\\/\\\/schema.org\",\"@graph\":[{\"@type\":\"Article\",\"@id\":\"https:\\\/\\\/news.ecclesia.org.br\\\/?p=26591#article\",\"isPartOf\":{\"@id\":\"https:\\\/\\\/news.ecclesia.org.br\\\/?p=26591\"},\"author\":{\"name\":\"Pe. Andr\u00e9\",\"@id\":\"https:\\\/\\\/news.ecclesia.org.br\\\/#\\\/schema\\\/person\\\/6f09597f025829745ba414a569f63758\"},\"headline\":\"Patriarca Bartolomeu Visita Vars\u00f3via (Pol\u00f4nia)\",\"datePublished\":\"2019-05-06T12:38:55+00:00\",\"dateModified\":\"2021-07-30T19:08:58+00:00\",\"mainEntityOfPage\":{\"@id\":\"https:\\\/\\\/news.ecclesia.org.br\\\/?p=26591\"},\"wordCount\":234,\"commentCount\":0,\"publisher\":{\"@id\":\"https:\\\/\\\/news.ecclesia.org.br\\\/#organization\"},\"articleSection\":[\"Patriarcado Ecum\u00eanico\"],\"inLanguage\":\"pt-BR\",\"potentialAction\":[{\"@type\":\"CommentAction\",\"name\":\"Comment\",\"target\":[\"https:\\\/\\\/news.ecclesia.org.br\\\/?p=26591#respond\"]}]},{\"@type\":\"WebPage\",\"@id\":\"https:\\\/\\\/news.ecclesia.org.br\\\/?p=26591\",\"url\":\"https:\\\/\\\/news.ecclesia.org.br\\\/?p=26591\",\"name\":\"Patriarca Bartolomeu Visita Vars\u00f3via (Pol\u00f4nia) | ECCLESIA NEWS\",\"isPartOf\":{\"@id\":\"https:\\\/\\\/news.ecclesia.org.br\\\/#website\"},\"datePublished\":\"2019-05-06T12:38:55+00:00\",\"dateModified\":\"2021-07-30T19:08:58+00:00\",\"breadcrumb\":{\"@id\":\"https:\\\/\\\/news.ecclesia.org.br\\\/?p=26591#breadcrumb\"},\"inLanguage\":\"pt-BR\",\"potentialAction\":[{\"@type\":\"ReadAction\",\"target\":[\"https:\\\/\\\/news.ecclesia.org.br\\\/?p=26591\"]}]},{\"@type\":\"BreadcrumbList\",\"@id\":\"https:\\\/\\\/news.ecclesia.org.br\\\/?p=26591#breadcrumb\",\"itemListElement\":[{\"@type\":\"ListItem\",\"position\":1,\"name\":\"In\u00edcio\",\"item\":\"https:\\\/\\\/news.ecclesia.org.br\\\/\"},{\"@type\":\"ListItem\",\"position\":2,\"name\":\"Patriarca Bartolomeu Visita Vars\u00f3via (Pol\u00f4nia)\"}]},{\"@type\":\"WebSite\",\"@id\":\"https:\\\/\\\/news.ecclesia.org.br\\\/#website\",\"url\":\"https:\\\/\\\/news.ecclesia.org.br\\\/\",\"name\":\"Ecclesia Brasil\",\"description\":\"Desde 2003 onectando o Brasil ao mundo ortodoxo!\",\"publisher\":{\"@id\":\"https:\\\/\\\/news.ecclesia.org.br\\\/#organization\"},\"alternateName\":\"Ecclesia\",\"potentialAction\":[{\"@type\":\"SearchAction\",\"target\":{\"@type\":\"EntryPoint\",\"urlTemplate\":\"https:\\\/\\\/news.ecclesia.org.br\\\/?s={search_term_string}\"},\"query-input\":{\"@type\":\"PropertyValueSpecification\",\"valueRequired\":true,\"valueName\":\"search_term_string\"}}],\"inLanguage\":\"pt-BR\"},{\"@type\":\"Organization\",\"@id\":\"https:\\\/\\\/news.ecclesia.org.br\\\/#organization\",\"name\":\"Sacra Arquidiocese de Buenos Aires e Am\u00e9rica do Sul | Patriarcado Ecum\u00eanico\",\"alternateName\":\"News Ecclesia Brasil\",\"url\":\"https:\\\/\\\/news.ecclesia.org.br\\\/\",\"logo\":{\"@type\":\"ImageObject\",\"inLanguage\":\"pt-BR\",\"@id\":\"https:\\\/\\\/news.ecclesia.org.br\\\/#\\\/schema\\\/logo\\\/image\\\/\",\"url\":\"https:\\\/\\\/news.ecclesia.org.br\\\/wp-content\\\/uploads\\\/2025\\\/05\\\/ecclesia2.png\",\"contentUrl\":\"https:\\\/\\\/news.ecclesia.org.br\\\/wp-content\\\/uploads\\\/2025\\\/05\\\/ecclesia2.png\",\"width\":480,\"height\":120,\"caption\":\"Sacra Arquidiocese de Buenos Aires e Am\u00e9rica do Sul | Patriarcado Ecum\u00eanico\"},\"image\":{\"@id\":\"https:\\\/\\\/news.ecclesia.org.br\\\/#\\\/schema\\\/logo\\\/image\\\/\"},\"sameAs\":[\"https:\\\/\\\/www.facebook.com\\\/Ecclesia2025\",\"https:\\\/\\\/x.com\\\/EcclesiaNews\",\"https:\\\/\\\/br.pinterest.com\\\/ekklisia\\\/\",\"https:\\\/\\\/www.youtube.com\\\/@EcclesiaBrasil\"]},{\"@type\":\"Person\",\"@id\":\"https:\\\/\\\/news.ecclesia.org.br\\\/#\\\/schema\\\/person\\\/6f09597f025829745ba414a569f63758\",\"name\":\"Pe. Andr\u00e9\",\"image\":{\"@type\":\"ImageObject\",\"inLanguage\":\"pt-BR\",\"@id\":\"https:\\\/\\\/secure.gravatar.com\\\/avatar\\\/b4327cfa27e9799da239a26adcd534fc29cdc0c4a4a148eecbcfeb9b42c617ac?s=96&d=mm&r=g\",\"url\":\"https:\\\/\\\/secure.gravatar.com\\\/avatar\\\/b4327cfa27e9799da239a26adcd534fc29cdc0c4a4a148eecbcfeb9b42c617ac?s=96&d=mm&r=g\",\"contentUrl\":\"https:\\\/\\\/secure.gravatar.com\\\/avatar\\\/b4327cfa27e9799da239a26adcd534fc29cdc0c4a4a148eecbcfeb9b42c617ac?s=96&d=mm&r=g\",\"caption\":\"Pe. Andr\u00e9\"},\"sameAs\":[\"https:\\\/\\\/www.ecclesia.org.br\"]}]}<\/script>\n<!-- \/ Yoast SEO plugin. -->","yoast_head_json":{"title":"Patriarca Bartolomeu Visita Vars\u00f3via (Pol\u00f4nia) | ECCLESIA NEWS","robots":{"index":"index","follow":"follow","max-snippet":"max-snippet:-1","max-image-preview":"max-image-preview:large","max-video-preview":"max-video-preview:-1"},"canonical":"https:\/\/news.ecclesia.org.br\/?p=26591","og_locale":"pt_BR","og_type":"article","og_title":"Patriarca Bartolomeu Visita Vars\u00f3via (Pol\u00f4nia) | ECCLESIA NEWS","og_description":"Por ocasi\u00e3o da visita do Patriarca Bartolomeu a Vars\u00f3via, a Chancelaria da Igreja Ortodoxa Polonesa emitiu o seguinte comunicado: \u00abEm 3 de maio deste ano, como parte da comemora\u00e7\u00e3o do Dia da mem\u00f3ria das v\u00edtimas do Holocausto exterminados pelos nazistas&#8230;","og_url":"https:\/\/news.ecclesia.org.br\/?p=26591","og_site_name":"ECCLESIA NEWS","article_publisher":"https:\/\/www.facebook.com\/Ecclesia2025","article_published_time":"2019-05-06T12:38:55+00:00","article_modified_time":"2021-07-30T19:08:58+00:00","og_image":[{"width":480,"height":120,"url":"https:\/\/news.ecclesia.org.br\/wp-content\/uploads\/2025\/05\/ecclesia2.png","type":"image\/png"}],"author":"Pe. Andr\u00e9","twitter_card":"summary_large_image","twitter_creator":"@EcclesiaNews","twitter_site":"@EcclesiaNews","twitter_misc":{"Escrito por":"Pe. Andr\u00e9","Est. tempo de leitura":"1 minuto"},"schema":{"@context":"https:\/\/schema.org","@graph":[{"@type":"Article","@id":"https:\/\/news.ecclesia.org.br\/?p=26591#article","isPartOf":{"@id":"https:\/\/news.ecclesia.org.br\/?p=26591"},"author":{"name":"Pe. Andr\u00e9","@id":"https:\/\/news.ecclesia.org.br\/#\/schema\/person\/6f09597f025829745ba414a569f63758"},"headline":"Patriarca Bartolomeu Visita Vars\u00f3via (Pol\u00f4nia)","datePublished":"2019-05-06T12:38:55+00:00","dateModified":"2021-07-30T19:08:58+00:00","mainEntityOfPage":{"@id":"https:\/\/news.ecclesia.org.br\/?p=26591"},"wordCount":234,"commentCount":0,"publisher":{"@id":"https:\/\/news.ecclesia.org.br\/#organization"},"articleSection":["Patriarcado Ecum\u00eanico"],"inLanguage":"pt-BR","potentialAction":[{"@type":"CommentAction","name":"Comment","target":["https:\/\/news.ecclesia.org.br\/?p=26591#respond"]}]},{"@type":"WebPage","@id":"https:\/\/news.ecclesia.org.br\/?p=26591","url":"https:\/\/news.ecclesia.org.br\/?p=26591","name":"Patriarca Bartolomeu Visita Vars\u00f3via (Pol\u00f4nia) | ECCLESIA NEWS","isPartOf":{"@id":"https:\/\/news.ecclesia.org.br\/#website"},"datePublished":"2019-05-06T12:38:55+00:00","dateModified":"2021-07-30T19:08:58+00:00","breadcrumb":{"@id":"https:\/\/news.ecclesia.org.br\/?p=26591#breadcrumb"},"inLanguage":"pt-BR","potentialAction":[{"@type":"ReadAction","target":["https:\/\/news.ecclesia.org.br\/?p=26591"]}]},{"@type":"BreadcrumbList","@id":"https:\/\/news.ecclesia.org.br\/?p=26591#breadcrumb","itemListElement":[{"@type":"ListItem","position":1,"name":"In\u00edcio","item":"https:\/\/news.ecclesia.org.br\/"},{"@type":"ListItem","position":2,"name":"Patriarca Bartolomeu Visita Vars\u00f3via (Pol\u00f4nia)"}]},{"@type":"WebSite","@id":"https:\/\/news.ecclesia.org.br\/#website","url":"https:\/\/news.ecclesia.org.br\/","name":"Ecclesia Brasil","description":"Desde 2003 onectando o Brasil ao mundo ortodoxo!","publisher":{"@id":"https:\/\/news.ecclesia.org.br\/#organization"},"alternateName":"Ecclesia","potentialAction":[{"@type":"SearchAction","target":{"@type":"EntryPoint","urlTemplate":"https:\/\/news.ecclesia.org.br\/?s={search_term_string}"},"query-input":{"@type":"PropertyValueSpecification","valueRequired":true,"valueName":"search_term_string"}}],"inLanguage":"pt-BR"},{"@type":"Organization","@id":"https:\/\/news.ecclesia.org.br\/#organization","name":"Sacra Arquidiocese de Buenos Aires e Am\u00e9rica do Sul | Patriarcado Ecum\u00eanico","alternateName":"News Ecclesia Brasil","url":"https:\/\/news.ecclesia.org.br\/","logo":{"@type":"ImageObject","inLanguage":"pt-BR","@id":"https:\/\/news.ecclesia.org.br\/#\/schema\/logo\/image\/","url":"https:\/\/news.ecclesia.org.br\/wp-content\/uploads\/2025\/05\/ecclesia2.png","contentUrl":"https:\/\/news.ecclesia.org.br\/wp-content\/uploads\/2025\/05\/ecclesia2.png","width":480,"height":120,"caption":"Sacra Arquidiocese de Buenos Aires e Am\u00e9rica do Sul | Patriarcado Ecum\u00eanico"},"image":{"@id":"https:\/\/news.ecclesia.org.br\/#\/schema\/logo\/image\/"},"sameAs":["https:\/\/www.facebook.com\/Ecclesia2025","https:\/\/x.com\/EcclesiaNews","https:\/\/br.pinterest.com\/ekklisia\/","https:\/\/www.youtube.com\/@EcclesiaBrasil"]},{"@type":"Person","@id":"https:\/\/news.ecclesia.org.br\/#\/schema\/person\/6f09597f025829745ba414a569f63758","name":"Pe. Andr\u00e9","image":{"@type":"ImageObject","inLanguage":"pt-BR","@id":"https:\/\/secure.gravatar.com\/avatar\/b4327cfa27e9799da239a26adcd534fc29cdc0c4a4a148eecbcfeb9b42c617ac?s=96&d=mm&r=g","url":"https:\/\/secure.gravatar.com\/avatar\/b4327cfa27e9799da239a26adcd534fc29cdc0c4a4a148eecbcfeb9b42c617ac?s=96&d=mm&r=g","contentUrl":"https:\/\/secure.gravatar.com\/avatar\/b4327cfa27e9799da239a26adcd534fc29cdc0c4a4a148eecbcfeb9b42c617ac?s=96&d=mm&r=g","caption":"Pe. Andr\u00e9"},"sameAs":["https:\/\/www.ecclesia.org.br"]}]}},"_links":{"self":[{"href":"https:\/\/news.ecclesia.org.br\/index.php?rest_route=\/wp\/v2\/posts\/26591","targetHints":{"allow":["GET"]}}],"collection":[{"href":"https:\/\/news.ecclesia.org.br\/index.php?rest_route=\/wp\/v2\/posts"}],"about":[{"href":"https:\/\/news.ecclesia.org.br\/index.php?rest_route=\/wp\/v2\/types\/post"}],"author":[{"embeddable":true,"href":"https:\/\/news.ecclesia.org.br\/index.php?rest_route=\/wp\/v2\/users\/1"}],"replies":[{"embeddable":true,"href":"https:\/\/news.ecclesia.org.br\/index.php?rest_route=%2Fwp%2Fv2%2Fcomments&post=26591"}],"version-history":[{"count":1,"href":"https:\/\/news.ecclesia.org.br\/index.php?rest_route=\/wp\/v2\/posts\/26591\/revisions"}],"predecessor-version":[{"id":38608,"href":"https:\/\/news.ecclesia.org.br\/index.php?rest_route=\/wp\/v2\/posts\/26591\/revisions\/38608"}],"wp:attachment":[{"href":"https:\/\/news.ecclesia.org.br\/index.php?rest_route=%2Fwp%2Fv2%2Fmedia&parent=26591"}],"wp:term":[{"taxonomy":"category","embeddable":true,"href":"https:\/\/news.ecclesia.org.br\/index.php?rest_route=%2Fwp%2Fv2%2Fcategories&post=26591"},{"taxonomy":"post_tag","embeddable":true,"href":"https:\/\/news.ecclesia.org.br\/index.php?rest_route=%2Fwp%2Fv2%2Ftags&post=26591"}],"curies":[{"name":"wp","href":"https:\/\/api.w.org\/{rel}","templated":true}]}}