{"id":26572,"date":"2019-04-28T14:52:06","date_gmt":"2019-04-28T14:52:06","guid":{"rendered":"https:\/\/news.ecclesia.org.br\/?p=26572"},"modified":"2021-07-30T16:09:34","modified_gmt":"2021-07-30T19:09:34","slug":"enciclica-patriarcal-para-a-santa-pascoa-de-2019","status":"publish","type":"post","link":"https:\/\/news.ecclesia.org.br\/?p=26572","title":{"rendered":"ENC\u00cdCLICA PATRIARCAL PARA  A SANTA P\u00c1SCOA DE 2019"},"content":{"rendered":"<blockquote><p><a href=\"https:\/\/news.ecclesia.org.br\/wp-content\/uploads\/2019\/04\/461ed7ac4b86d1b4817a2f0fdcf0a3f31.jpg\"><img fetchpriority=\"high\" decoding=\"async\" class=\"alignleft size-medium wp-image-26574\" src=\"https:\/\/news.ecclesia.org.br\/wp-content\/uploads\/2019\/04\/461ed7ac4b86d1b4817a2f0fdcf0a3f31-224x300.jpg\" alt=\"\" width=\"224\" height=\"300\" srcset=\"https:\/\/news.ecclesia.org.br\/wp-content\/uploads\/2019\/04\/461ed7ac4b86d1b4817a2f0fdcf0a3f31-224x300.jpg 224w, https:\/\/news.ecclesia.org.br\/wp-content\/uploads\/2019\/04\/461ed7ac4b86d1b4817a2f0fdcf0a3f31-41x55.jpg 41w, https:\/\/news.ecclesia.org.br\/wp-content\/uploads\/2019\/04\/461ed7ac4b86d1b4817a2f0fdcf0a3f31.jpg 718w\" sizes=\"(max-width: 224px) 100vw, 224px\" \/><\/a>Vener\u00e1veis irm\u00e3os hierarcas e Filhos amados no Senhor<\/p>\n<p style=\"text-align: justify;\">Tendo seguido o curso da jornada da Santa e Grande Quaresma em ora\u00e7\u00e3o e jejum, e havendo alcan\u00e7ado a Paix\u00e3o salv\u00edfica de Cristo Deus, participamos hoje na alegria de Sua esplendorosa Ressurrei\u00e7\u00e3o.<\/p>\n<p style=\"text-align: justify;\">A experi\u00eancia da ressurrei\u00e7\u00e3o pertence ao n\u00facleo da identidade (eclesial) ortodoxa. Celebramos a Ressurrei\u00e7\u00e3o do Senhor, n\u00e3o apenas durante a solenidade da Santa P\u00e1scoa e no per\u00edodo pascal subsequente, mas em cada domingo e em cada Divina Liturgia, que \u00e9 sempre uma festividade luminosa. A vida crist\u00e3, em todas as suas dimens\u00f5es, tanto no culto divino como em nossa vida e testemunho no mundo, tem um esp\u00edrito de ressurrei\u00e7\u00e3o e \u00e9 sacudida pela vit\u00f3ria de Cristo ressuscitado sobre a morte e a expectativa de seu reino eterno.<\/p>\n<p style=\"text-align: justify;\">O homem, por si mesmo, \u00e9 incapaz de lidar com o medo e a inevitabilidade da morte que enfrenta continuamente e em tudo, e n\u00e3o simplesmente no final da vida. O sentimento de que a vida \u00e9 \u00abuma marcha para a morte\u00bb, sem qualquer esperan\u00e7a de sa\u00edda, n\u00e3o conduz a nenhuma humaniza\u00e7\u00e3o da vida nem \u00e0 melhoria da responsabilidade e preocupa\u00e7\u00e3o com o presente e o futuro. Pelo contr\u00e1rio, a humanidade retrocede e se afasta dos elementos essenciais da vida, acabando em cinismo, niilismo e desespero, numa inven\u00e7\u00e3o da auto-realiza\u00e7\u00e3o desinibida, e no eudemonismo sem gra\u00e7a do \u00abcomamos e bebamos, porque amanh\u00e3 morreremos\u00bb. \u00abA ci\u00eancia, o ativismo social e pol\u00edtico, o progresso econ\u00f4mico e a prosperidade n\u00e3o podem sair desse \u2018beco-sem-sa\u00edda\u2019. Tudo o que \u00e9 criado pela humanidade carrega o estigma da morte e n\u00e3o leva \u00e0 salva\u00e7\u00e3o, porque ela mesma, a humanidade, precisa de salva\u00e7\u00e3o. O desejo de eternidade n\u00e3o pode ser ocultado pelos bens mundanos e n\u00e3o pode ser satisfeito pela extens\u00e3o da vida ou pela promessa do falso para\u00edso &#8230; (baixe o <a href=\"https:\/\/ecclesia.org.br\/wp-content\/uploads\/2020\/09\/2019-pascoa.pdf\" target=\"_blank\" rel=\"noopener noreferrer\">arquivo em pdf<\/a> e siga lendo&#8230;)<\/p>\n<\/blockquote>\n","protected":false},"excerpt":{"rendered":"<p>Vener\u00e1veis irm\u00e3os hierarcas e Filhos amados no Senhor Tendo seguido o curso da jornada da Santa e Grande Quaresma em ora\u00e7\u00e3o e jejum, e havendo alcan\u00e7ado a Paix\u00e3o salv\u00edfica de Cristo Deus, participamos hoje na alegria de Sua esplendorosa Ressurrei\u00e7\u00e3o.&#8230;<\/p>\n","protected":false},"author":1,"featured_media":0,"comment_status":"open","ping_status":"open","sticky":false,"template":"","format":"standard","meta":{"_acf_changed":false,"footnotes":""},"categories":[1,72],"tags":[],"class_list":["post-26572","post","type-post","status-publish","format-standard","hentry","category-news","category-patriarcado-ecumenico","entry","rows-excerpt"],"acf":[],"yoast_head":"<!-- This site is optimized with the Yoast SEO plugin v27.4 - https:\/\/yoast.com\/product\/yoast-seo-wordpress\/ -->\n<title>ENC\u00cdCLICA PATRIARCAL PARA A SANTA P\u00c1SCOA DE 2019 | ECCLESIA NEWS<\/title>\n<meta name=\"robots\" content=\"index, follow, max-snippet:-1, max-image-preview:large, max-video-preview:-1\" \/>\n<link rel=\"canonical\" href=\"https:\/\/news.ecclesia.org.br\/?p=26572\" \/>\n<meta property=\"og:locale\" content=\"pt_BR\" \/>\n<meta property=\"og:type\" content=\"article\" \/>\n<meta property=\"og:title\" content=\"ENC\u00cdCLICA PATRIARCAL PARA A SANTA P\u00c1SCOA DE 2019 | ECCLESIA NEWS\" \/>\n<meta property=\"og:description\" content=\"Vener\u00e1veis irm\u00e3os hierarcas e Filhos amados no Senhor Tendo seguido o curso da jornada da Santa e Grande Quaresma em ora\u00e7\u00e3o e jejum, e havendo alcan\u00e7ado a Paix\u00e3o salv\u00edfica de Cristo Deus, participamos hoje na alegria de Sua esplendorosa Ressurrei\u00e7\u00e3o.&#8230;\" \/>\n<meta property=\"og:url\" content=\"https:\/\/news.ecclesia.org.br\/?p=26572\" \/>\n<meta property=\"og:site_name\" content=\"ECCLESIA NEWS\" \/>\n<meta property=\"article:publisher\" content=\"https:\/\/www.facebook.com\/Ecclesia2025\" \/>\n<meta property=\"article:published_time\" content=\"2019-04-28T14:52:06+00:00\" \/>\n<meta property=\"article:modified_time\" content=\"2021-07-30T19:09:34+00:00\" \/>\n<meta property=\"og:image\" content=\"https:\/\/news.ecclesia.org.br\/wp-content\/uploads\/2019\/04\/461ed7ac4b86d1b4817a2f0fdcf0a3f31-224x300.jpg\" \/>\n<meta name=\"author\" content=\"Pe. Andr\u00e9\" \/>\n<meta name=\"twitter:card\" content=\"summary_large_image\" \/>\n<meta name=\"twitter:creator\" content=\"@EcclesiaNews\" \/>\n<meta name=\"twitter:site\" content=\"@EcclesiaNews\" \/>\n<meta name=\"twitter:label1\" content=\"Escrito por\" \/>\n\t<meta name=\"twitter:data1\" content=\"Pe. Andr\u00e9\" \/>\n\t<meta name=\"twitter:label2\" content=\"Est. tempo de leitura\" \/>\n\t<meta name=\"twitter:data2\" content=\"2 minutos\" \/>\n<script type=\"application\/ld+json\" class=\"yoast-schema-graph\">{\"@context\":\"https:\\\/\\\/schema.org\",\"@graph\":[{\"@type\":\"Article\",\"@id\":\"https:\\\/\\\/news.ecclesia.org.br\\\/?p=26572#article\",\"isPartOf\":{\"@id\":\"https:\\\/\\\/news.ecclesia.org.br\\\/?p=26572\"},\"author\":{\"name\":\"Pe. Andr\u00e9\",\"@id\":\"https:\\\/\\\/news.ecclesia.org.br\\\/#\\\/schema\\\/person\\\/6f09597f025829745ba414a569f63758\"},\"headline\":\"ENC\u00cdCLICA PATRIARCAL PARA A SANTA P\u00c1SCOA DE 2019\",\"datePublished\":\"2019-04-28T14:52:06+00:00\",\"dateModified\":\"2021-07-30T19:09:34+00:00\",\"mainEntityOfPage\":{\"@id\":\"https:\\\/\\\/news.ecclesia.org.br\\\/?p=26572\"},\"wordCount\":349,\"commentCount\":0,\"publisher\":{\"@id\":\"https:\\\/\\\/news.ecclesia.org.br\\\/#organization\"},\"image\":{\"@id\":\"https:\\\/\\\/news.ecclesia.org.br\\\/?p=26572#primaryimage\"},\"thumbnailUrl\":\"https:\\\/\\\/news.ecclesia.org.br\\\/wp-content\\\/uploads\\\/2019\\\/04\\\/461ed7ac4b86d1b4817a2f0fdcf0a3f31-224x300.jpg\",\"articleSection\":[\"NEWS\",\"Patriarcado Ecum\u00eanico\"],\"inLanguage\":\"pt-BR\",\"potentialAction\":[{\"@type\":\"CommentAction\",\"name\":\"Comment\",\"target\":[\"https:\\\/\\\/news.ecclesia.org.br\\\/?p=26572#respond\"]}]},{\"@type\":\"WebPage\",\"@id\":\"https:\\\/\\\/news.ecclesia.org.br\\\/?p=26572\",\"url\":\"https:\\\/\\\/news.ecclesia.org.br\\\/?p=26572\",\"name\":\"ENC\u00cdCLICA PATRIARCAL PARA A SANTA P\u00c1SCOA DE 2019 | ECCLESIA NEWS\",\"isPartOf\":{\"@id\":\"https:\\\/\\\/news.ecclesia.org.br\\\/#website\"},\"primaryImageOfPage\":{\"@id\":\"https:\\\/\\\/news.ecclesia.org.br\\\/?p=26572#primaryimage\"},\"image\":{\"@id\":\"https:\\\/\\\/news.ecclesia.org.br\\\/?p=26572#primaryimage\"},\"thumbnailUrl\":\"https:\\\/\\\/news.ecclesia.org.br\\\/wp-content\\\/uploads\\\/2019\\\/04\\\/461ed7ac4b86d1b4817a2f0fdcf0a3f31-224x300.jpg\",\"datePublished\":\"2019-04-28T14:52:06+00:00\",\"dateModified\":\"2021-07-30T19:09:34+00:00\",\"breadcrumb\":{\"@id\":\"https:\\\/\\\/news.ecclesia.org.br\\\/?p=26572#breadcrumb\"},\"inLanguage\":\"pt-BR\",\"potentialAction\":[{\"@type\":\"ReadAction\",\"target\":[\"https:\\\/\\\/news.ecclesia.org.br\\\/?p=26572\"]}]},{\"@type\":\"ImageObject\",\"inLanguage\":\"pt-BR\",\"@id\":\"https:\\\/\\\/news.ecclesia.org.br\\\/?p=26572#primaryimage\",\"url\":\"https:\\\/\\\/news.ecclesia.org.br\\\/wp-content\\\/uploads\\\/2019\\\/04\\\/461ed7ac4b86d1b4817a2f0fdcf0a3f31-224x300.jpg\",\"contentUrl\":\"https:\\\/\\\/news.ecclesia.org.br\\\/wp-content\\\/uploads\\\/2019\\\/04\\\/461ed7ac4b86d1b4817a2f0fdcf0a3f31-224x300.jpg\"},{\"@type\":\"BreadcrumbList\",\"@id\":\"https:\\\/\\\/news.ecclesia.org.br\\\/?p=26572#breadcrumb\",\"itemListElement\":[{\"@type\":\"ListItem\",\"position\":1,\"name\":\"In\u00edcio\",\"item\":\"https:\\\/\\\/news.ecclesia.org.br\\\/\"},{\"@type\":\"ListItem\",\"position\":2,\"name\":\"ENC\u00cdCLICA PATRIARCAL PARA A SANTA P\u00c1SCOA DE 2019\"}]},{\"@type\":\"WebSite\",\"@id\":\"https:\\\/\\\/news.ecclesia.org.br\\\/#website\",\"url\":\"https:\\\/\\\/news.ecclesia.org.br\\\/\",\"name\":\"Ecclesia Brasil\",\"description\":\"Desde 2003 onectando o Brasil ao mundo ortodoxo!\",\"publisher\":{\"@id\":\"https:\\\/\\\/news.ecclesia.org.br\\\/#organization\"},\"alternateName\":\"Ecclesia\",\"potentialAction\":[{\"@type\":\"SearchAction\",\"target\":{\"@type\":\"EntryPoint\",\"urlTemplate\":\"https:\\\/\\\/news.ecclesia.org.br\\\/?s={search_term_string}\"},\"query-input\":{\"@type\":\"PropertyValueSpecification\",\"valueRequired\":true,\"valueName\":\"search_term_string\"}}],\"inLanguage\":\"pt-BR\"},{\"@type\":\"Organization\",\"@id\":\"https:\\\/\\\/news.ecclesia.org.br\\\/#organization\",\"name\":\"Sacra Arquidiocese de Buenos Aires e Am\u00e9rica do Sul | Patriarcado Ecum\u00eanico\",\"alternateName\":\"News Ecclesia Brasil\",\"url\":\"https:\\\/\\\/news.ecclesia.org.br\\\/\",\"logo\":{\"@type\":\"ImageObject\",\"inLanguage\":\"pt-BR\",\"@id\":\"https:\\\/\\\/news.ecclesia.org.br\\\/#\\\/schema\\\/logo\\\/image\\\/\",\"url\":\"https:\\\/\\\/news.ecclesia.org.br\\\/wp-content\\\/uploads\\\/2025\\\/05\\\/ecclesia2.png\",\"contentUrl\":\"https:\\\/\\\/news.ecclesia.org.br\\\/wp-content\\\/uploads\\\/2025\\\/05\\\/ecclesia2.png\",\"width\":480,\"height\":120,\"caption\":\"Sacra Arquidiocese de Buenos Aires e Am\u00e9rica do Sul | Patriarcado Ecum\u00eanico\"},\"image\":{\"@id\":\"https:\\\/\\\/news.ecclesia.org.br\\\/#\\\/schema\\\/logo\\\/image\\\/\"},\"sameAs\":[\"https:\\\/\\\/www.facebook.com\\\/Ecclesia2025\",\"https:\\\/\\\/x.com\\\/EcclesiaNews\",\"https:\\\/\\\/br.pinterest.com\\\/ekklisia\\\/\",\"https:\\\/\\\/www.youtube.com\\\/@EcclesiaBrasil\"]},{\"@type\":\"Person\",\"@id\":\"https:\\\/\\\/news.ecclesia.org.br\\\/#\\\/schema\\\/person\\\/6f09597f025829745ba414a569f63758\",\"name\":\"Pe. Andr\u00e9\",\"image\":{\"@type\":\"ImageObject\",\"inLanguage\":\"pt-BR\",\"@id\":\"https:\\\/\\\/secure.gravatar.com\\\/avatar\\\/b4327cfa27e9799da239a26adcd534fc29cdc0c4a4a148eecbcfeb9b42c617ac?s=96&d=mm&r=g\",\"url\":\"https:\\\/\\\/secure.gravatar.com\\\/avatar\\\/b4327cfa27e9799da239a26adcd534fc29cdc0c4a4a148eecbcfeb9b42c617ac?s=96&d=mm&r=g\",\"contentUrl\":\"https:\\\/\\\/secure.gravatar.com\\\/avatar\\\/b4327cfa27e9799da239a26adcd534fc29cdc0c4a4a148eecbcfeb9b42c617ac?s=96&d=mm&r=g\",\"caption\":\"Pe. Andr\u00e9\"},\"sameAs\":[\"https:\\\/\\\/www.ecclesia.org.br\"]}]}<\/script>\n<!-- \/ Yoast SEO plugin. -->","yoast_head_json":{"title":"ENC\u00cdCLICA PATRIARCAL PARA A SANTA P\u00c1SCOA DE 2019 | ECCLESIA NEWS","robots":{"index":"index","follow":"follow","max-snippet":"max-snippet:-1","max-image-preview":"max-image-preview:large","max-video-preview":"max-video-preview:-1"},"canonical":"https:\/\/news.ecclesia.org.br\/?p=26572","og_locale":"pt_BR","og_type":"article","og_title":"ENC\u00cdCLICA PATRIARCAL PARA A SANTA P\u00c1SCOA DE 2019 | ECCLESIA NEWS","og_description":"Vener\u00e1veis irm\u00e3os hierarcas e Filhos amados no Senhor Tendo seguido o curso da jornada da Santa e Grande Quaresma em ora\u00e7\u00e3o e jejum, e havendo alcan\u00e7ado a Paix\u00e3o salv\u00edfica de Cristo Deus, participamos hoje na alegria de Sua esplendorosa Ressurrei\u00e7\u00e3o.&#8230;","og_url":"https:\/\/news.ecclesia.org.br\/?p=26572","og_site_name":"ECCLESIA NEWS","article_publisher":"https:\/\/www.facebook.com\/Ecclesia2025","article_published_time":"2019-04-28T14:52:06+00:00","article_modified_time":"2021-07-30T19:09:34+00:00","og_image":[{"url":"https:\/\/news.ecclesia.org.br\/wp-content\/uploads\/2019\/04\/461ed7ac4b86d1b4817a2f0fdcf0a3f31-224x300.jpg","type":"","width":"","height":""}],"author":"Pe. Andr\u00e9","twitter_card":"summary_large_image","twitter_creator":"@EcclesiaNews","twitter_site":"@EcclesiaNews","twitter_misc":{"Escrito por":"Pe. Andr\u00e9","Est. tempo de leitura":"2 minutos"},"schema":{"@context":"https:\/\/schema.org","@graph":[{"@type":"Article","@id":"https:\/\/news.ecclesia.org.br\/?p=26572#article","isPartOf":{"@id":"https:\/\/news.ecclesia.org.br\/?p=26572"},"author":{"name":"Pe. Andr\u00e9","@id":"https:\/\/news.ecclesia.org.br\/#\/schema\/person\/6f09597f025829745ba414a569f63758"},"headline":"ENC\u00cdCLICA PATRIARCAL PARA A SANTA P\u00c1SCOA DE 2019","datePublished":"2019-04-28T14:52:06+00:00","dateModified":"2021-07-30T19:09:34+00:00","mainEntityOfPage":{"@id":"https:\/\/news.ecclesia.org.br\/?p=26572"},"wordCount":349,"commentCount":0,"publisher":{"@id":"https:\/\/news.ecclesia.org.br\/#organization"},"image":{"@id":"https:\/\/news.ecclesia.org.br\/?p=26572#primaryimage"},"thumbnailUrl":"https:\/\/news.ecclesia.org.br\/wp-content\/uploads\/2019\/04\/461ed7ac4b86d1b4817a2f0fdcf0a3f31-224x300.jpg","articleSection":["NEWS","Patriarcado Ecum\u00eanico"],"inLanguage":"pt-BR","potentialAction":[{"@type":"CommentAction","name":"Comment","target":["https:\/\/news.ecclesia.org.br\/?p=26572#respond"]}]},{"@type":"WebPage","@id":"https:\/\/news.ecclesia.org.br\/?p=26572","url":"https:\/\/news.ecclesia.org.br\/?p=26572","name":"ENC\u00cdCLICA PATRIARCAL PARA A SANTA P\u00c1SCOA DE 2019 | ECCLESIA NEWS","isPartOf":{"@id":"https:\/\/news.ecclesia.org.br\/#website"},"primaryImageOfPage":{"@id":"https:\/\/news.ecclesia.org.br\/?p=26572#primaryimage"},"image":{"@id":"https:\/\/news.ecclesia.org.br\/?p=26572#primaryimage"},"thumbnailUrl":"https:\/\/news.ecclesia.org.br\/wp-content\/uploads\/2019\/04\/461ed7ac4b86d1b4817a2f0fdcf0a3f31-224x300.jpg","datePublished":"2019-04-28T14:52:06+00:00","dateModified":"2021-07-30T19:09:34+00:00","breadcrumb":{"@id":"https:\/\/news.ecclesia.org.br\/?p=26572#breadcrumb"},"inLanguage":"pt-BR","potentialAction":[{"@type":"ReadAction","target":["https:\/\/news.ecclesia.org.br\/?p=26572"]}]},{"@type":"ImageObject","inLanguage":"pt-BR","@id":"https:\/\/news.ecclesia.org.br\/?p=26572#primaryimage","url":"https:\/\/news.ecclesia.org.br\/wp-content\/uploads\/2019\/04\/461ed7ac4b86d1b4817a2f0fdcf0a3f31-224x300.jpg","contentUrl":"https:\/\/news.ecclesia.org.br\/wp-content\/uploads\/2019\/04\/461ed7ac4b86d1b4817a2f0fdcf0a3f31-224x300.jpg"},{"@type":"BreadcrumbList","@id":"https:\/\/news.ecclesia.org.br\/?p=26572#breadcrumb","itemListElement":[{"@type":"ListItem","position":1,"name":"In\u00edcio","item":"https:\/\/news.ecclesia.org.br\/"},{"@type":"ListItem","position":2,"name":"ENC\u00cdCLICA PATRIARCAL PARA A SANTA P\u00c1SCOA DE 2019"}]},{"@type":"WebSite","@id":"https:\/\/news.ecclesia.org.br\/#website","url":"https:\/\/news.ecclesia.org.br\/","name":"Ecclesia Brasil","description":"Desde 2003 onectando o Brasil ao mundo ortodoxo!","publisher":{"@id":"https:\/\/news.ecclesia.org.br\/#organization"},"alternateName":"Ecclesia","potentialAction":[{"@type":"SearchAction","target":{"@type":"EntryPoint","urlTemplate":"https:\/\/news.ecclesia.org.br\/?s={search_term_string}"},"query-input":{"@type":"PropertyValueSpecification","valueRequired":true,"valueName":"search_term_string"}}],"inLanguage":"pt-BR"},{"@type":"Organization","@id":"https:\/\/news.ecclesia.org.br\/#organization","name":"Sacra Arquidiocese de Buenos Aires e Am\u00e9rica do Sul | Patriarcado Ecum\u00eanico","alternateName":"News Ecclesia Brasil","url":"https:\/\/news.ecclesia.org.br\/","logo":{"@type":"ImageObject","inLanguage":"pt-BR","@id":"https:\/\/news.ecclesia.org.br\/#\/schema\/logo\/image\/","url":"https:\/\/news.ecclesia.org.br\/wp-content\/uploads\/2025\/05\/ecclesia2.png","contentUrl":"https:\/\/news.ecclesia.org.br\/wp-content\/uploads\/2025\/05\/ecclesia2.png","width":480,"height":120,"caption":"Sacra Arquidiocese de Buenos Aires e Am\u00e9rica do Sul | Patriarcado Ecum\u00eanico"},"image":{"@id":"https:\/\/news.ecclesia.org.br\/#\/schema\/logo\/image\/"},"sameAs":["https:\/\/www.facebook.com\/Ecclesia2025","https:\/\/x.com\/EcclesiaNews","https:\/\/br.pinterest.com\/ekklisia\/","https:\/\/www.youtube.com\/@EcclesiaBrasil"]},{"@type":"Person","@id":"https:\/\/news.ecclesia.org.br\/#\/schema\/person\/6f09597f025829745ba414a569f63758","name":"Pe. Andr\u00e9","image":{"@type":"ImageObject","inLanguage":"pt-BR","@id":"https:\/\/secure.gravatar.com\/avatar\/b4327cfa27e9799da239a26adcd534fc29cdc0c4a4a148eecbcfeb9b42c617ac?s=96&d=mm&r=g","url":"https:\/\/secure.gravatar.com\/avatar\/b4327cfa27e9799da239a26adcd534fc29cdc0c4a4a148eecbcfeb9b42c617ac?s=96&d=mm&r=g","contentUrl":"https:\/\/secure.gravatar.com\/avatar\/b4327cfa27e9799da239a26adcd534fc29cdc0c4a4a148eecbcfeb9b42c617ac?s=96&d=mm&r=g","caption":"Pe. Andr\u00e9"},"sameAs":["https:\/\/www.ecclesia.org.br"]}]}},"_links":{"self":[{"href":"https:\/\/news.ecclesia.org.br\/index.php?rest_route=\/wp\/v2\/posts\/26572","targetHints":{"allow":["GET"]}}],"collection":[{"href":"https:\/\/news.ecclesia.org.br\/index.php?rest_route=\/wp\/v2\/posts"}],"about":[{"href":"https:\/\/news.ecclesia.org.br\/index.php?rest_route=\/wp\/v2\/types\/post"}],"author":[{"embeddable":true,"href":"https:\/\/news.ecclesia.org.br\/index.php?rest_route=\/wp\/v2\/users\/1"}],"replies":[{"embeddable":true,"href":"https:\/\/news.ecclesia.org.br\/index.php?rest_route=%2Fwp%2Fv2%2Fcomments&post=26572"}],"version-history":[{"count":2,"href":"https:\/\/news.ecclesia.org.br\/index.php?rest_route=\/wp\/v2\/posts\/26572\/revisions"}],"predecessor-version":[{"id":34010,"href":"https:\/\/news.ecclesia.org.br\/index.php?rest_route=\/wp\/v2\/posts\/26572\/revisions\/34010"}],"wp:attachment":[{"href":"https:\/\/news.ecclesia.org.br\/index.php?rest_route=%2Fwp%2Fv2%2Fmedia&parent=26572"}],"wp:term":[{"taxonomy":"category","embeddable":true,"href":"https:\/\/news.ecclesia.org.br\/index.php?rest_route=%2Fwp%2Fv2%2Fcategories&post=26572"},{"taxonomy":"post_tag","embeddable":true,"href":"https:\/\/news.ecclesia.org.br\/index.php?rest_route=%2Fwp%2Fv2%2Ftags&post=26572"}],"curies":[{"name":"wp","href":"https:\/\/api.w.org\/{rel}","templated":true}]}}