{"id":26500,"date":"2019-03-25T20:16:38","date_gmt":"2019-03-25T20:16:38","guid":{"rendered":"https:\/\/news.ecclesia.org.br\/?p=26500"},"modified":"2019-03-25T20:29:06","modified_gmt":"2019-03-25T20:29:06","slug":"a-igreja-comemora-hoje-a-festa-da-anunciacao","status":"publish","type":"post","link":"https:\/\/news.ecclesia.org.br\/?p=26500","title":{"rendered":"A Igreja Comemora hoje a festa da Anuncia\u00e7\u00e3o"},"content":{"rendered":"\n<p class=\"has-medium-font-size\"> A festa da Anuncia\u00e7\u00e3o celebra o momento em que o Anjo Gabriel, no pequeno vilarejo de Nazar\u00e9, anuncia a Maria sua maternidade, segundo a narra\u00e7\u00e3o do Evangelho de Lucas. <\/p>\n\n\n\n<figure class=\"wp-block-image\"><img decoding=\"async\" src=\"https:\/\/news.ecclesia.org.br\/wp-content\/uploads\/2019\/03\/anunciacao.jpg\" alt=\"\" class=\"wp-image-26501\"\/><figcaption>Mosaico no arco do triunfal na Bas\u00edlica de Santa Maria maior dedicados \u00e0 divina maternidade de Maria, proclamada Theotokos do Conc\u00edlio de \u00c9feso (ano 431)<\/figcaption><\/figure>\n\n\n\n<p class=\"has-drop-cap\">A celebra\u00e7\u00e3o da Anuncia\u00e7\u00e3o, epis\u00f3dio narrado no Evangelho de Lucas (Lc 1, 26-38), tem origem nos primeiros s\u00e9culos do cristianismo e se caracteriza por um elemento dogm\u00e1tico fundamental: a concep\u00e7\u00e3o virginal de Maria. De fato, desde os primeiros s\u00e9culos, a Igreja professava a Encarna\u00e7\u00e3o de Deus atrav\u00e9s da concep\u00e7\u00e3o de uma Virgem. Com o Conc\u00edlio de Niceia do ano 325 e o Conc\u00edlio de Constantinopla foi estabelecido o Credo com o qual ainda hoje proclamamos que o Filho de Deus \u201cpor n\u00f3s homens e para a nossa salva\u00e7\u00e3o desceu dos c\u00e9us e se Encarnou pelo Esp\u00edrito Santo, no seio da Virgem Maria e se fez homem\u201d. A celebra\u00e7\u00e3o da solenidade lit\u00fargica difundiu-se na \u00e9poca de Justiniano, no s\u00e9culo VI e foi introduzida na Igreja de Roma pelo Papa S\u00e9rgio I no final do s\u00e9culo VII com uma solene prociss\u00e3o na bas\u00edlica de Santa Maria maior, na qual os mosaicos do arco do triunfal s\u00e3o dedicados \u00e0 divina maternidade de Maria, proclamada <strong>Theotokos <\/strong>do Conc\u00edlio de \u00c9feso (ano 431).<\/p>\n\n\n\n<h2 class=\"wp-block-heading\"> O an\u00fancio: Maria e Jesus <\/h2>\n\n\n\n<p> <br>Toda e qualquer refer\u00eancia \u00e0 Virgem Maria est\u00e1 ligada diretamente ao filho Jesus. Por isso, originariamente, a festa de 25 de mar\u00e7o, ao menos no Oriente do s\u00e9culo V, era considerada uma festa mariana, embora a recorda\u00e7\u00e3o da Encarna\u00e7\u00e3o de Cristo j\u00e1 fosse venerada no s\u00e9culo IV na Palestina, na mesma data. Nos s\u00e9culos seguintes a festa foi introduzida tamb\u00e9m no Ocidente, algumas vezes com refer\u00eancia ao Senhor, outras a Maria [&#8230;]. <\/p>\n\n\n\n<h2 class=\"wp-block-heading\"> O encontro entre o Anjo e Maria <\/h2>\n\n\n\n<p><strong>Estamos no centro da hist\u00f3ria da salva\u00e7\u00e3o, no in\u00edcio do des\u00edgnio divino, ou seja, a sua encarna\u00e7\u00e3o que tornar\u00e1 nova todas as coisas.<\/strong> Este \u00e9 o significado de uma festa que de uma s\u00f3 vez supera e renova todo o Antigo Testamento, que j\u00e1 tinha sido antecipada no mesmo, em alguns pontos, por exemplo no G\u00eanesis quando se fala da mulher que esmagar\u00e1 a cabe\u00e7a da serpente ou no an\u00fancio do Emanuel em Isa\u00edas.<\/p>\n\n\n\n<p>Na narra\u00e7\u00e3o evang\u00e9lica, a sauda\u00e7\u00e3o do Anjo esclarece a Maria que Deus com a sua prote\u00e7\u00e3o est\u00e1 presente na sua vida, portanto anuncia-lhe a maternidade que tornar\u00e1 vis\u00edvel a invisibilidade de Deus; depois <strong>Maria pede esclarecimentos para que o seu sim seja mais pessoal e volunt\u00e1rio<\/strong>, que representa o total abandono da criatura ao seu Deus. Antes de se despedir, enfim, a revela\u00e7\u00e3o do Anjo sobre a gravidez de Isabel n\u00e3o \u00e9 nada mais que outro sinal de autenticidade do acontecido, pois \u201cnada \u00e9 imposs\u00edvel a Deus\u201d.<\/p>\n\n\n\n<h2 class=\"wp-block-heading\"> A festa da Anuncia\u00e7\u00e3o <\/h2>\n\n\n\n<p>A data para a festa, foi fixada em 25 de mar\u00e7o, nove meses antes do Natal, todavia, quando cai na Semana Santa, na Semana de P\u00e1scoa, ou coincide com o Domingo de P\u00e1scoa ou com um domingo da Quaresma, \u00e9 adiada. Este simples mecanismo, na realidade, foi obtido depois de uma discreta elabora\u00e7\u00e3o: <strong>o Conc\u00edlio de Constantinopla do ano de 692 estabeleceu para as Igrejas Orientais que a celebra\u00e7\u00e3o seria feita mesmo no Tempo da Quaresma<\/strong>; enquanto que para as Igrejas Ocidentais \u2013 decis\u00e3o aceita tamb\u00e9m pela Igreja de Roma, o Conc\u00edlio de Toledo de 656 mudou a recorr\u00eancia para o dia 18 de dezembro, por\u00e9m mais tarde, com a reforma do calend\u00e1rio voltou-se ao dia 25 de mar\u00e7o. Dia este escolhido por ser o sexto dia do equin\u00f3cio de primavera (no hemisf\u00e9rio norte) que cai dia 20, considerando que Deus criou o homem no sexto dia.<\/p>\n\n\n\n<p style=\"font-size:11px;text-align:right\">Fonte: <a href=\"https:\/\/www.vaticannews.va\/pt\/igreja\/news\/2019-03\/anunciacao-senhor-maria-anjo-gabriel.html\" target=\"_blank\" rel=\"noopener noreferrer\">Vatican News<\/a><br>Destaques em negrito do editor<\/p>\n","protected":false},"excerpt":{"rendered":"<p>A festa da Anuncia\u00e7\u00e3o celebra o momento em que o Anjo Gabriel, no pequeno vilarejo de Nazar\u00e9, anuncia a Maria sua maternidade, segundo a narra\u00e7\u00e3o do Evangelho de Lucas. A celebra\u00e7\u00e3o da Anuncia\u00e7\u00e3o, epis\u00f3dio narrado no Evangelho de Lucas (Lc&#8230;<\/p>\n","protected":false},"author":1,"featured_media":0,"comment_status":"open","ping_status":"open","sticky":false,"template":"","format":"standard","meta":{"_acf_changed":false,"footnotes":""},"categories":[1],"tags":[],"class_list":["post-26500","post","type-post","status-publish","format-standard","hentry","category-news","entry","rows-excerpt"],"acf":[],"yoast_head":"<!-- This site is optimized with the Yoast SEO plugin v27.4 - https:\/\/yoast.com\/product\/yoast-seo-wordpress\/ -->\n<title>A Igreja Comemora hoje a festa da Anuncia\u00e7\u00e3o | ECCLESIA NEWS<\/title>\n<meta name=\"robots\" content=\"index, follow, max-snippet:-1, max-image-preview:large, max-video-preview:-1\" \/>\n<link rel=\"canonical\" href=\"https:\/\/news.ecclesia.org.br\/?p=26500\" \/>\n<meta property=\"og:locale\" content=\"pt_BR\" \/>\n<meta property=\"og:type\" content=\"article\" \/>\n<meta property=\"og:title\" content=\"A Igreja Comemora hoje a festa da Anuncia\u00e7\u00e3o | ECCLESIA NEWS\" \/>\n<meta property=\"og:description\" content=\"A festa da Anuncia\u00e7\u00e3o celebra o momento em que o Anjo Gabriel, no pequeno vilarejo de Nazar\u00e9, anuncia a Maria sua maternidade, segundo a narra\u00e7\u00e3o do Evangelho de Lucas. A celebra\u00e7\u00e3o da Anuncia\u00e7\u00e3o, epis\u00f3dio narrado no Evangelho de Lucas (Lc&#8230;\" \/>\n<meta property=\"og:url\" content=\"https:\/\/news.ecclesia.org.br\/?p=26500\" \/>\n<meta property=\"og:site_name\" content=\"ECCLESIA NEWS\" \/>\n<meta property=\"article:publisher\" content=\"https:\/\/www.facebook.com\/Ecclesia2025\" \/>\n<meta property=\"article:published_time\" content=\"2019-03-25T20:16:38+00:00\" \/>\n<meta property=\"article:modified_time\" content=\"2019-03-25T20:29:06+00:00\" \/>\n<meta property=\"og:image\" content=\"https:\/\/news.ecclesia.org.br\/wp-content\/uploads\/2019\/03\/anunciacao.jpg\" \/>\n<meta name=\"author\" content=\"Pe. Andr\u00e9\" \/>\n<meta name=\"twitter:card\" content=\"summary_large_image\" \/>\n<meta name=\"twitter:creator\" content=\"@EcclesiaNews\" \/>\n<meta name=\"twitter:site\" content=\"@EcclesiaNews\" \/>\n<meta name=\"twitter:label1\" content=\"Escrito por\" \/>\n\t<meta name=\"twitter:data1\" content=\"Pe. Andr\u00e9\" \/>\n\t<meta name=\"twitter:label2\" content=\"Est. tempo de leitura\" \/>\n\t<meta name=\"twitter:data2\" content=\"3 minutos\" \/>\n<script type=\"application\/ld+json\" class=\"yoast-schema-graph\">{\"@context\":\"https:\\\/\\\/schema.org\",\"@graph\":[{\"@type\":\"Article\",\"@id\":\"https:\\\/\\\/news.ecclesia.org.br\\\/?p=26500#article\",\"isPartOf\":{\"@id\":\"https:\\\/\\\/news.ecclesia.org.br\\\/?p=26500\"},\"author\":{\"name\":\"Pe. Andr\u00e9\",\"@id\":\"https:\\\/\\\/news.ecclesia.org.br\\\/#\\\/schema\\\/person\\\/6f09597f025829745ba414a569f63758\"},\"headline\":\"A Igreja Comemora hoje a festa da Anuncia\u00e7\u00e3o\",\"datePublished\":\"2019-03-25T20:16:38+00:00\",\"dateModified\":\"2019-03-25T20:29:06+00:00\",\"mainEntityOfPage\":{\"@id\":\"https:\\\/\\\/news.ecclesia.org.br\\\/?p=26500\"},\"wordCount\":688,\"commentCount\":0,\"publisher\":{\"@id\":\"https:\\\/\\\/news.ecclesia.org.br\\\/#organization\"},\"image\":{\"@id\":\"https:\\\/\\\/news.ecclesia.org.br\\\/?p=26500#primaryimage\"},\"thumbnailUrl\":\"https:\\\/\\\/news.ecclesia.org.br\\\/wp-content\\\/uploads\\\/2019\\\/03\\\/anunciacao.jpg\",\"articleSection\":[\"NEWS\"],\"inLanguage\":\"pt-BR\",\"potentialAction\":[{\"@type\":\"CommentAction\",\"name\":\"Comment\",\"target\":[\"https:\\\/\\\/news.ecclesia.org.br\\\/?p=26500#respond\"]}]},{\"@type\":\"WebPage\",\"@id\":\"https:\\\/\\\/news.ecclesia.org.br\\\/?p=26500\",\"url\":\"https:\\\/\\\/news.ecclesia.org.br\\\/?p=26500\",\"name\":\"A Igreja Comemora hoje a festa da Anuncia\u00e7\u00e3o | ECCLESIA NEWS\",\"isPartOf\":{\"@id\":\"https:\\\/\\\/news.ecclesia.org.br\\\/#website\"},\"primaryImageOfPage\":{\"@id\":\"https:\\\/\\\/news.ecclesia.org.br\\\/?p=26500#primaryimage\"},\"image\":{\"@id\":\"https:\\\/\\\/news.ecclesia.org.br\\\/?p=26500#primaryimage\"},\"thumbnailUrl\":\"https:\\\/\\\/news.ecclesia.org.br\\\/wp-content\\\/uploads\\\/2019\\\/03\\\/anunciacao.jpg\",\"datePublished\":\"2019-03-25T20:16:38+00:00\",\"dateModified\":\"2019-03-25T20:29:06+00:00\",\"breadcrumb\":{\"@id\":\"https:\\\/\\\/news.ecclesia.org.br\\\/?p=26500#breadcrumb\"},\"inLanguage\":\"pt-BR\",\"potentialAction\":[{\"@type\":\"ReadAction\",\"target\":[\"https:\\\/\\\/news.ecclesia.org.br\\\/?p=26500\"]}]},{\"@type\":\"ImageObject\",\"inLanguage\":\"pt-BR\",\"@id\":\"https:\\\/\\\/news.ecclesia.org.br\\\/?p=26500#primaryimage\",\"url\":\"https:\\\/\\\/news.ecclesia.org.br\\\/wp-content\\\/uploads\\\/2019\\\/03\\\/anunciacao.jpg\",\"contentUrl\":\"https:\\\/\\\/news.ecclesia.org.br\\\/wp-content\\\/uploads\\\/2019\\\/03\\\/anunciacao.jpg\"},{\"@type\":\"BreadcrumbList\",\"@id\":\"https:\\\/\\\/news.ecclesia.org.br\\\/?p=26500#breadcrumb\",\"itemListElement\":[{\"@type\":\"ListItem\",\"position\":1,\"name\":\"In\u00edcio\",\"item\":\"https:\\\/\\\/news.ecclesia.org.br\\\/\"},{\"@type\":\"ListItem\",\"position\":2,\"name\":\"A Igreja Comemora hoje a festa da Anuncia\u00e7\u00e3o\"}]},{\"@type\":\"WebSite\",\"@id\":\"https:\\\/\\\/news.ecclesia.org.br\\\/#website\",\"url\":\"https:\\\/\\\/news.ecclesia.org.br\\\/\",\"name\":\"Ecclesia Brasil\",\"description\":\"Desde 2003 onectando o Brasil ao mundo ortodoxo!\",\"publisher\":{\"@id\":\"https:\\\/\\\/news.ecclesia.org.br\\\/#organization\"},\"alternateName\":\"Ecclesia\",\"potentialAction\":[{\"@type\":\"SearchAction\",\"target\":{\"@type\":\"EntryPoint\",\"urlTemplate\":\"https:\\\/\\\/news.ecclesia.org.br\\\/?s={search_term_string}\"},\"query-input\":{\"@type\":\"PropertyValueSpecification\",\"valueRequired\":true,\"valueName\":\"search_term_string\"}}],\"inLanguage\":\"pt-BR\"},{\"@type\":\"Organization\",\"@id\":\"https:\\\/\\\/news.ecclesia.org.br\\\/#organization\",\"name\":\"Sacra Arquidiocese de Buenos Aires e Am\u00e9rica do Sul | Patriarcado Ecum\u00eanico\",\"alternateName\":\"News Ecclesia Brasil\",\"url\":\"https:\\\/\\\/news.ecclesia.org.br\\\/\",\"logo\":{\"@type\":\"ImageObject\",\"inLanguage\":\"pt-BR\",\"@id\":\"https:\\\/\\\/news.ecclesia.org.br\\\/#\\\/schema\\\/logo\\\/image\\\/\",\"url\":\"https:\\\/\\\/news.ecclesia.org.br\\\/wp-content\\\/uploads\\\/2025\\\/05\\\/ecclesia2.png\",\"contentUrl\":\"https:\\\/\\\/news.ecclesia.org.br\\\/wp-content\\\/uploads\\\/2025\\\/05\\\/ecclesia2.png\",\"width\":480,\"height\":120,\"caption\":\"Sacra Arquidiocese de Buenos Aires e Am\u00e9rica do Sul | Patriarcado Ecum\u00eanico\"},\"image\":{\"@id\":\"https:\\\/\\\/news.ecclesia.org.br\\\/#\\\/schema\\\/logo\\\/image\\\/\"},\"sameAs\":[\"https:\\\/\\\/www.facebook.com\\\/Ecclesia2025\",\"https:\\\/\\\/x.com\\\/EcclesiaNews\",\"https:\\\/\\\/br.pinterest.com\\\/ekklisia\\\/\",\"https:\\\/\\\/www.youtube.com\\\/@EcclesiaBrasil\"]},{\"@type\":\"Person\",\"@id\":\"https:\\\/\\\/news.ecclesia.org.br\\\/#\\\/schema\\\/person\\\/6f09597f025829745ba414a569f63758\",\"name\":\"Pe. Andr\u00e9\",\"image\":{\"@type\":\"ImageObject\",\"inLanguage\":\"pt-BR\",\"@id\":\"https:\\\/\\\/secure.gravatar.com\\\/avatar\\\/b4327cfa27e9799da239a26adcd534fc29cdc0c4a4a148eecbcfeb9b42c617ac?s=96&d=mm&r=g\",\"url\":\"https:\\\/\\\/secure.gravatar.com\\\/avatar\\\/b4327cfa27e9799da239a26adcd534fc29cdc0c4a4a148eecbcfeb9b42c617ac?s=96&d=mm&r=g\",\"contentUrl\":\"https:\\\/\\\/secure.gravatar.com\\\/avatar\\\/b4327cfa27e9799da239a26adcd534fc29cdc0c4a4a148eecbcfeb9b42c617ac?s=96&d=mm&r=g\",\"caption\":\"Pe. Andr\u00e9\"},\"sameAs\":[\"https:\\\/\\\/www.ecclesia.org.br\"]}]}<\/script>\n<!-- \/ Yoast SEO plugin. -->","yoast_head_json":{"title":"A Igreja Comemora hoje a festa da Anuncia\u00e7\u00e3o | ECCLESIA NEWS","robots":{"index":"index","follow":"follow","max-snippet":"max-snippet:-1","max-image-preview":"max-image-preview:large","max-video-preview":"max-video-preview:-1"},"canonical":"https:\/\/news.ecclesia.org.br\/?p=26500","og_locale":"pt_BR","og_type":"article","og_title":"A Igreja Comemora hoje a festa da Anuncia\u00e7\u00e3o | ECCLESIA NEWS","og_description":"A festa da Anuncia\u00e7\u00e3o celebra o momento em que o Anjo Gabriel, no pequeno vilarejo de Nazar\u00e9, anuncia a Maria sua maternidade, segundo a narra\u00e7\u00e3o do Evangelho de Lucas. A celebra\u00e7\u00e3o da Anuncia\u00e7\u00e3o, epis\u00f3dio narrado no Evangelho de Lucas (Lc&#8230;","og_url":"https:\/\/news.ecclesia.org.br\/?p=26500","og_site_name":"ECCLESIA NEWS","article_publisher":"https:\/\/www.facebook.com\/Ecclesia2025","article_published_time":"2019-03-25T20:16:38+00:00","article_modified_time":"2019-03-25T20:29:06+00:00","og_image":[{"url":"https:\/\/news.ecclesia.org.br\/wp-content\/uploads\/2019\/03\/anunciacao.jpg","type":"","width":"","height":""}],"author":"Pe. Andr\u00e9","twitter_card":"summary_large_image","twitter_creator":"@EcclesiaNews","twitter_site":"@EcclesiaNews","twitter_misc":{"Escrito por":"Pe. Andr\u00e9","Est. tempo de leitura":"3 minutos"},"schema":{"@context":"https:\/\/schema.org","@graph":[{"@type":"Article","@id":"https:\/\/news.ecclesia.org.br\/?p=26500#article","isPartOf":{"@id":"https:\/\/news.ecclesia.org.br\/?p=26500"},"author":{"name":"Pe. Andr\u00e9","@id":"https:\/\/news.ecclesia.org.br\/#\/schema\/person\/6f09597f025829745ba414a569f63758"},"headline":"A Igreja Comemora hoje a festa da Anuncia\u00e7\u00e3o","datePublished":"2019-03-25T20:16:38+00:00","dateModified":"2019-03-25T20:29:06+00:00","mainEntityOfPage":{"@id":"https:\/\/news.ecclesia.org.br\/?p=26500"},"wordCount":688,"commentCount":0,"publisher":{"@id":"https:\/\/news.ecclesia.org.br\/#organization"},"image":{"@id":"https:\/\/news.ecclesia.org.br\/?p=26500#primaryimage"},"thumbnailUrl":"https:\/\/news.ecclesia.org.br\/wp-content\/uploads\/2019\/03\/anunciacao.jpg","articleSection":["NEWS"],"inLanguage":"pt-BR","potentialAction":[{"@type":"CommentAction","name":"Comment","target":["https:\/\/news.ecclesia.org.br\/?p=26500#respond"]}]},{"@type":"WebPage","@id":"https:\/\/news.ecclesia.org.br\/?p=26500","url":"https:\/\/news.ecclesia.org.br\/?p=26500","name":"A Igreja Comemora hoje a festa da Anuncia\u00e7\u00e3o | ECCLESIA NEWS","isPartOf":{"@id":"https:\/\/news.ecclesia.org.br\/#website"},"primaryImageOfPage":{"@id":"https:\/\/news.ecclesia.org.br\/?p=26500#primaryimage"},"image":{"@id":"https:\/\/news.ecclesia.org.br\/?p=26500#primaryimage"},"thumbnailUrl":"https:\/\/news.ecclesia.org.br\/wp-content\/uploads\/2019\/03\/anunciacao.jpg","datePublished":"2019-03-25T20:16:38+00:00","dateModified":"2019-03-25T20:29:06+00:00","breadcrumb":{"@id":"https:\/\/news.ecclesia.org.br\/?p=26500#breadcrumb"},"inLanguage":"pt-BR","potentialAction":[{"@type":"ReadAction","target":["https:\/\/news.ecclesia.org.br\/?p=26500"]}]},{"@type":"ImageObject","inLanguage":"pt-BR","@id":"https:\/\/news.ecclesia.org.br\/?p=26500#primaryimage","url":"https:\/\/news.ecclesia.org.br\/wp-content\/uploads\/2019\/03\/anunciacao.jpg","contentUrl":"https:\/\/news.ecclesia.org.br\/wp-content\/uploads\/2019\/03\/anunciacao.jpg"},{"@type":"BreadcrumbList","@id":"https:\/\/news.ecclesia.org.br\/?p=26500#breadcrumb","itemListElement":[{"@type":"ListItem","position":1,"name":"In\u00edcio","item":"https:\/\/news.ecclesia.org.br\/"},{"@type":"ListItem","position":2,"name":"A Igreja Comemora hoje a festa da Anuncia\u00e7\u00e3o"}]},{"@type":"WebSite","@id":"https:\/\/news.ecclesia.org.br\/#website","url":"https:\/\/news.ecclesia.org.br\/","name":"Ecclesia Brasil","description":"Desde 2003 onectando o Brasil ao mundo ortodoxo!","publisher":{"@id":"https:\/\/news.ecclesia.org.br\/#organization"},"alternateName":"Ecclesia","potentialAction":[{"@type":"SearchAction","target":{"@type":"EntryPoint","urlTemplate":"https:\/\/news.ecclesia.org.br\/?s={search_term_string}"},"query-input":{"@type":"PropertyValueSpecification","valueRequired":true,"valueName":"search_term_string"}}],"inLanguage":"pt-BR"},{"@type":"Organization","@id":"https:\/\/news.ecclesia.org.br\/#organization","name":"Sacra Arquidiocese de Buenos Aires e Am\u00e9rica do Sul | Patriarcado Ecum\u00eanico","alternateName":"News Ecclesia Brasil","url":"https:\/\/news.ecclesia.org.br\/","logo":{"@type":"ImageObject","inLanguage":"pt-BR","@id":"https:\/\/news.ecclesia.org.br\/#\/schema\/logo\/image\/","url":"https:\/\/news.ecclesia.org.br\/wp-content\/uploads\/2025\/05\/ecclesia2.png","contentUrl":"https:\/\/news.ecclesia.org.br\/wp-content\/uploads\/2025\/05\/ecclesia2.png","width":480,"height":120,"caption":"Sacra Arquidiocese de Buenos Aires e Am\u00e9rica do Sul | Patriarcado Ecum\u00eanico"},"image":{"@id":"https:\/\/news.ecclesia.org.br\/#\/schema\/logo\/image\/"},"sameAs":["https:\/\/www.facebook.com\/Ecclesia2025","https:\/\/x.com\/EcclesiaNews","https:\/\/br.pinterest.com\/ekklisia\/","https:\/\/www.youtube.com\/@EcclesiaBrasil"]},{"@type":"Person","@id":"https:\/\/news.ecclesia.org.br\/#\/schema\/person\/6f09597f025829745ba414a569f63758","name":"Pe. Andr\u00e9","image":{"@type":"ImageObject","inLanguage":"pt-BR","@id":"https:\/\/secure.gravatar.com\/avatar\/b4327cfa27e9799da239a26adcd534fc29cdc0c4a4a148eecbcfeb9b42c617ac?s=96&d=mm&r=g","url":"https:\/\/secure.gravatar.com\/avatar\/b4327cfa27e9799da239a26adcd534fc29cdc0c4a4a148eecbcfeb9b42c617ac?s=96&d=mm&r=g","contentUrl":"https:\/\/secure.gravatar.com\/avatar\/b4327cfa27e9799da239a26adcd534fc29cdc0c4a4a148eecbcfeb9b42c617ac?s=96&d=mm&r=g","caption":"Pe. Andr\u00e9"},"sameAs":["https:\/\/www.ecclesia.org.br"]}]}},"_links":{"self":[{"href":"https:\/\/news.ecclesia.org.br\/index.php?rest_route=\/wp\/v2\/posts\/26500","targetHints":{"allow":["GET"]}}],"collection":[{"href":"https:\/\/news.ecclesia.org.br\/index.php?rest_route=\/wp\/v2\/posts"}],"about":[{"href":"https:\/\/news.ecclesia.org.br\/index.php?rest_route=\/wp\/v2\/types\/post"}],"author":[{"embeddable":true,"href":"https:\/\/news.ecclesia.org.br\/index.php?rest_route=\/wp\/v2\/users\/1"}],"replies":[{"embeddable":true,"href":"https:\/\/news.ecclesia.org.br\/index.php?rest_route=%2Fwp%2Fv2%2Fcomments&post=26500"}],"version-history":[{"count":0,"href":"https:\/\/news.ecclesia.org.br\/index.php?rest_route=\/wp\/v2\/posts\/26500\/revisions"}],"wp:attachment":[{"href":"https:\/\/news.ecclesia.org.br\/index.php?rest_route=%2Fwp%2Fv2%2Fmedia&parent=26500"}],"wp:term":[{"taxonomy":"category","embeddable":true,"href":"https:\/\/news.ecclesia.org.br\/index.php?rest_route=%2Fwp%2Fv2%2Fcategories&post=26500"},{"taxonomy":"post_tag","embeddable":true,"href":"https:\/\/news.ecclesia.org.br\/index.php?rest_route=%2Fwp%2Fv2%2Ftags&post=26500"}],"curies":[{"name":"wp","href":"https:\/\/api.w.org\/{rel}","templated":true}]}}