{"id":26476,"date":"2019-03-01T13:29:58","date_gmt":"2019-03-01T13:29:58","guid":{"rendered":"https:\/\/news.ecclesia.org.br\/?p=26476"},"modified":"2021-07-30T16:13:34","modified_gmt":"2021-07-30T19:13:34","slug":"homilia-catequetica-na-abertura-da-santa-e-grande-quaresma-2019","status":"publish","type":"post","link":"https:\/\/news.ecclesia.org.br\/?p=26476","title":{"rendered":"Homilia Catequ\u00e9tica na abertura da  Santa e Grande Quaresma 2019"},"content":{"rendered":"\r\n<div class=\"wp-block-image\">\r\n<figure class=\"aligncenter\"><img decoding=\"async\" width=\"150\" height=\"150\" class=\"wp-image-26198 aligncenter\" src=\"https:\/\/news.ecclesia.org.br\/wp-content\/uploads\/2018\/10\/patriarcado-ecumenico-3-150x150.jpg\" alt=\"\" srcset=\"https:\/\/news.ecclesia.org.br\/wp-content\/uploads\/2018\/10\/patriarcado-ecumenico-3-150x150.jpg 150w, https:\/\/news.ecclesia.org.br\/wp-content\/uploads\/2018\/10\/patriarcado-ecumenico-3-300x300.jpg 300w, https:\/\/news.ecclesia.org.br\/wp-content\/uploads\/2018\/10\/patriarcado-ecumenico-3-768x768.jpg 768w, https:\/\/news.ecclesia.org.br\/wp-content\/uploads\/2018\/10\/patriarcado-ecumenico-3-600x600.jpg 600w, https:\/\/news.ecclesia.org.br\/wp-content\/uploads\/2018\/10\/patriarcado-ecumenico-3-55x55.jpg 55w, https:\/\/news.ecclesia.org.br\/wp-content\/uploads\/2018\/10\/patriarcado-ecumenico-3.jpg 804w\" sizes=\"(max-width: 150px) 100vw, 150px\" \/><\/figure>\r\n<\/div>\r\n\r\n\r\n\r\n<p class=\"has-text-align-center has-medium-font-size\" style=\"text-align: center;\">BARTOLOMEU,<br \/>PELA MISERIC\u00d3RDIA DE DEUS<br \/>ARCEBISPO DE CONSTANTINOPLA-NOVA ROMA<br \/>E PATRIARCA ECUM\u00caNICO<\/p>\r\n\r\n\r\n\r\n<p style=\"text-align: center;\">A TODO O PLEROMA DA IGREJA:<\/p>\r\n\r\n\r\n\r\n<p style=\"text-align: center;\">A GRA\u00c7A E A PAZ DE NOSSO SENHOR E SALVADOR JESUS CRISTO<br \/>E, DE NOSSA PARTE, ORA\u00c7\u00c3O, B\u00caN\u00c7\u00c3O E PERD\u00c3O.<\/p>\r\n\r\n\r\n\r\n<p class=\"has-medium-font-size\" style=\"text-align: justify;\">Irm\u00e3os e Irm\u00e3s, filhos e filhas bem-amados no Senhor,<\/p>\r\n\r\n\r\n\r\n<p class=\"has-drop-cap\" style=\"text-align: justify;\">Com a gra\u00e7a de Deus, o doador de todos os dons, chegamos novamente ao tempo da Santa e Grande Quaresma, arena de luta asc\u00e9tica, a fim de purificar-nos, com a ajuda do Senhor, atrav\u00e9s da ora\u00e7\u00e3o, do jejum e da humildade, e de preparar-nos a n\u00f3s mesmos para uma experi\u00eancia espiritual da vener\u00e1vel Paix\u00e3o e a celebra\u00e7\u00e3o da esplendorosa Ressurrei\u00e7\u00e3o de Cristo Salvador.<\/p>\r\n\r\n\r\n\r\n<p style=\"text-align: justify;\">Em um mundo t\u00e3o conturbado, a experi\u00eancia asc\u00e9tica da Ortodoxia constitui um bem espiritual inestim\u00e1vel, uma fonte inesgot\u00e1vel de conhecimento divino e sabedoria humana. O fen\u00f4meno da aben\u00e7oada ascese, cujo esp\u00edrito permeia todo o nosso modo de vida &#8211; como \u00abascese \u00e9 o cristianismo em sua totalidade\u00bb &#8211; n\u00e3o \u00e9 privil\u00e9gio de alguns poucos escolhidos, mas um \u00abevento eclesial\u00bb, um bem comum, uma b\u00ean\u00e7\u00e3o compartilhada e voca\u00e7\u00e3o comum de todos os fi\u00e9is, sem exce\u00e7\u00e3o. As lutas asc\u00e9ticas, \u00e9 claro, n\u00e3o s\u00e3o fim em si mesmas; o princ\u00edpio de que a \u00abascese existe para o bem da pr\u00f3pria ascese\u00bb n\u00e3o \u00e9 v\u00e1lido. O prop\u00f3sito da ascese \u00e9 a transcend\u00eancia da vontade pr\u00f3pria e a \u00abmente da carne\u00bb, a transfer\u00eancia do centro da vida do desejo individual e o \u00abdireito\u00bb, ao amor que \u00abn\u00e3o busca o que \u00e9 pr\u00f3prio\u00bb, de acordo com a passagem b\u00edblica: \u00abQue ningu\u00e9m busque o seu pr\u00f3prio bem, mas o bem do outro\u00bb (1 Cor 10,24).<\/p>\r\n\r\n\r\n\r\n<p style=\"text-align: justify;\">Tal \u00e9 o esp\u00edrito que prevalece em toda a longa jornada hist\u00f3rica da Ortodoxia. No Novo Miterikon, nos deparamos com uma excelente descri\u00e7\u00e3o desse ethos de ren\u00fancia ao que \u00e9 \u00abpr\u00f3prio\u00bb em nome do amor: \u00abAlguns eremitas de Scete aproximaram-se de Amma Sarah, que lhes ofereceu um recipiente com as provis\u00f5es b\u00e1sicas. Os anci\u00e3os separaram o boa comida e consumiram a de pior qualidade. O justo Sarah lhes disse: &#8216;Voc\u00eas s\u00e3o verdadeiramente monges de Scete&#8217; \u00bb. Esta sensibilidade e o uso sacrificial da liberdade \u00e9 estranho ao esp\u00edrito de nossa \u00e9poca, que identifica liberdade com as reivindica\u00e7\u00f5es e direitos individuais. O homem \u00abaut\u00f4nomo\u00bb contempor\u00e2neo nunca consumiria antes a comida de pior qualidade, mas a boa, convencido de que assim expressa o uso, ao mesmo tempo aut\u00eantico e respons\u00e1vel, da liberdade individual.<\/p>\r\n\r\n\r\n\r\n<p style=\"text-align: justify;\">Este \u00e9 o lugar onde reside o valor supremo do conceito ortodoxo da liberdade humana. \u00c9 uma liberdade que n\u00e3o exige, mas compartilha, n\u00e3o insiste, mas se sacrifica. O crist\u00e3o ortodoxo sabe que a autonomia e autossufici\u00eancia n\u00e3o libertam a humanidade dos grilh\u00f5es do ego, da auto-realiza\u00e7\u00e3o e auto justifica\u00e7\u00e3o. A liberdade \u00abpara a qual Cristo nos libertou\u00bb (Gal 5,1) mobiliza a nossa capacidade criativa e se cumpre como rejei\u00e7\u00e3o de confinamento em si mesmo, como o amor incondicional e comunh\u00e3o de vida.<\/p>\r\n\r\n\r\n\r\n<p style=\"text-align: justify;\">O esp\u00edrito asc\u00e9tico ortodoxo n\u00e3o conhece divis\u00e3o e dualismo; n\u00e3o rejeita a vida, mas a transforma. A vis\u00e3o dualista e a nega\u00e7\u00e3o do mundo n\u00e3o \u00e9 um conceito crist\u00e3o. O ascetismo genu\u00edno \u00e9 pulcro, \u00e9 caridoso. \u00c9 uma caracter\u00edstica da autoconsci\u00eancia ortodoxa que o per\u00edodo de jejum \u00e9 permeado pela alegria da Cruz e da Ressurrei\u00e7\u00e3o. Al\u00e9m disso, a luta asc\u00e9tica dos crist\u00e3os ortodoxos &#8211; bem como a nossa espiritualidade e vida lit\u00fargica em geral &#8211; comunica a fragr\u00e2ncia e o esplendor da Ressurrei\u00e7\u00e3o. A Cruz est\u00e1 no cora\u00e7\u00e3o de piedade ortodoxa, mas n\u00e3o \u00e9 o ponto final de refer\u00eancia na vida da Igreja. Em vez disso, a ess\u00eancia da vida espiritual ortodoxa \u00e9 a inef\u00e1vel alegria da Ressurrei\u00e7\u00e3o para a qual a Cruz constitui o caminho. Assim, durante o per\u00edodo da Grande Quaresma, a quintess\u00eancia da experi\u00eancia para os crist\u00e3os ortodoxos \u00e9 sempre o anseio da \u00abRessurrei\u00e7\u00e3o comum\u00bb.<\/p>\r\n\r\n\r\n\r\n<p style=\"text-align: justify;\">Orai, ent\u00e3o, amados irm\u00e3os e irm\u00e3s no Senhor, para que possamos ser considerados dignos, com a gra\u00e7a e ajuda do Alto, atrav\u00e9s das intercess\u00f5es da Theotokos, como a primeira dentre os santos, e as de todos os santos, para que possamos percorrer a corrida da Santa e Grande Quaresma de maneira apropriada diante de Cristo, exercitando alegremente, em obedi\u00eancia \u00e0 regra da Tradi\u00e7\u00e3o da Igreja, a \u00abluta comum\u00bb do jejum que extingue as paix\u00f5es, orando constantemente, ajudando aos que sofrem e aos necessitados, perdoando-nos mutuamente e \u00abdando gra\u00e7as por todas as coisas\u00bb (Ts 5,18), a fim de que possamos venerar com um cora\u00e7\u00e3o devoto a \u00abPaix\u00e3o Santa, Salvadora e impressionante\u00bb, assim como a Ressurrei\u00e7\u00e3o vivificante de Nosso Senhor, Deus e Salvador Jesus Cristo, a quem pertence a gl\u00f3ria, o poder e a a\u00e7\u00e3o de gra\u00e7as pelos os s\u00e9culos dos s\u00e9culos. Am\u00e9m.<\/p>\r\n\r\n\r\n\r\n<p class=\"has-text-align-left\" style=\"text-align: justify;\">Santa e Grande Quaresma 2019<br \/>\u2720 Bartolomeu de Constantinopla<br \/>Fervoroso intercessor diante de Deus por todos v\u00f3s<\/p>\r\n\r\n\r\n\r\n<p>&nbsp;<\/p>\r\n\r\n\r\n<hr \/>\r\n<p class=\"has-text-align-right has-small-font-size\" style=\"text-align: right;\"><span style=\"font-size: 12px;\">[Tradu\u00e7\u00e3o de Pe. Andr\u00e9 Sperandio<\/span><br \/><span style=\"font-size: 12px;\">da vers\u00e3o em espanhol publicada por<\/span><br \/><span style=\"font-size: 12px;\"><a href=\"http:\/\/sacrametropolisortodoxa.blogspot.com\/\" target=\"_blank\" rel=\"noreferrer noopener\" aria-label=\" (abre numa nova aba)\">Sacra Metr\u00f3pole de Espanha e Portugal<\/a><\/span><\/p>\r\n","protected":false},"excerpt":{"rendered":"<p>BARTOLOMEU,PELA MISERIC\u00d3RDIA DE DEUSARCEBISPO DE CONSTANTINOPLA-NOVA ROMAE PATRIARCA ECUM\u00caNICO A TODO O PLEROMA DA IGREJA: A GRA\u00c7A E A PAZ DE NOSSO SENHOR E SALVADOR JESUS CRISTOE, DE NOSSA PARTE, ORA\u00c7\u00c3O, B\u00caN\u00c7\u00c3O E PERD\u00c3O. Irm\u00e3os e Irm\u00e3s, filhos e filhas&#8230;<\/p>\n","protected":false},"author":1,"featured_media":25015,"comment_status":"open","ping_status":"open","sticky":false,"template":"","format":"standard","meta":{"_acf_changed":false,"footnotes":""},"categories":[40,72],"tags":[],"class_list":["post-26476","post","type-post","status-publish","format-standard","has-post-thumbnail","hentry","category-arquidiocese-de-buenos-aires-e-america-do-sul","category-patriarcado-ecumenico","entry","rows-excerpt"],"acf":[],"yoast_head":"<!-- This site is optimized with the Yoast SEO plugin v27.4 - https:\/\/yoast.com\/product\/yoast-seo-wordpress\/ -->\n<title>Homilia Catequ\u00e9tica na abertura da Santa e Grande Quaresma 2019 | ECCLESIA NEWS<\/title>\n<meta name=\"robots\" content=\"index, follow, max-snippet:-1, max-image-preview:large, max-video-preview:-1\" \/>\n<link rel=\"canonical\" href=\"https:\/\/news.ecclesia.org.br\/?p=26476\" \/>\n<meta property=\"og:locale\" content=\"pt_BR\" \/>\n<meta property=\"og:type\" content=\"article\" \/>\n<meta property=\"og:title\" content=\"Homilia Catequ\u00e9tica na abertura da Santa e Grande Quaresma 2019 | ECCLESIA NEWS\" \/>\n<meta property=\"og:description\" content=\"BARTOLOMEU,PELA MISERIC\u00d3RDIA DE DEUSARCEBISPO DE CONSTANTINOPLA-NOVA ROMAE PATRIARCA ECUM\u00caNICO A TODO O PLEROMA DA IGREJA: A GRA\u00c7A E A PAZ DE NOSSO SENHOR E SALVADOR JESUS CRISTOE, DE NOSSA PARTE, ORA\u00c7\u00c3O, B\u00caN\u00c7\u00c3O E PERD\u00c3O. Irm\u00e3os e Irm\u00e3s, filhos e filhas&#8230;\" \/>\n<meta property=\"og:url\" content=\"https:\/\/news.ecclesia.org.br\/?p=26476\" \/>\n<meta property=\"og:site_name\" content=\"ECCLESIA NEWS\" \/>\n<meta property=\"article:publisher\" content=\"https:\/\/www.facebook.com\/Ecclesia2025\" \/>\n<meta property=\"article:published_time\" content=\"2019-03-01T13:29:58+00:00\" \/>\n<meta property=\"article:modified_time\" content=\"2021-07-30T19:13:34+00:00\" \/>\n<meta property=\"og:image\" content=\"https:\/\/news.ecclesia.org.br\/wp-content\/uploads\/2018\/05\/bartolomeu.jpg\" \/>\n\t<meta property=\"og:image:width\" content=\"760\" \/>\n\t<meta property=\"og:image:height\" content=\"507\" \/>\n\t<meta property=\"og:image:type\" content=\"image\/jpeg\" \/>\n<meta name=\"author\" content=\"Pe. Andr\u00e9\" \/>\n<meta name=\"twitter:card\" content=\"summary_large_image\" \/>\n<meta name=\"twitter:creator\" content=\"@EcclesiaNews\" \/>\n<meta name=\"twitter:site\" content=\"@EcclesiaNews\" \/>\n<meta name=\"twitter:label1\" content=\"Escrito por\" \/>\n\t<meta name=\"twitter:data1\" content=\"Pe. Andr\u00e9\" \/>\n\t<meta name=\"twitter:label2\" content=\"Est. tempo de leitura\" \/>\n\t<meta name=\"twitter:data2\" content=\"5 minutos\" \/>\n<script type=\"application\/ld+json\" class=\"yoast-schema-graph\">{\"@context\":\"https:\\\/\\\/schema.org\",\"@graph\":[{\"@type\":\"Article\",\"@id\":\"https:\\\/\\\/news.ecclesia.org.br\\\/?p=26476#article\",\"isPartOf\":{\"@id\":\"https:\\\/\\\/news.ecclesia.org.br\\\/?p=26476\"},\"author\":{\"name\":\"Pe. Andr\u00e9\",\"@id\":\"https:\\\/\\\/news.ecclesia.org.br\\\/#\\\/schema\\\/person\\\/6f09597f025829745ba414a569f63758\"},\"headline\":\"Homilia Catequ\u00e9tica na abertura da Santa e Grande Quaresma 2019\",\"datePublished\":\"2019-03-01T13:29:58+00:00\",\"dateModified\":\"2021-07-30T19:13:34+00:00\",\"mainEntityOfPage\":{\"@id\":\"https:\\\/\\\/news.ecclesia.org.br\\\/?p=26476\"},\"wordCount\":916,\"commentCount\":0,\"publisher\":{\"@id\":\"https:\\\/\\\/news.ecclesia.org.br\\\/#organization\"},\"image\":{\"@id\":\"https:\\\/\\\/news.ecclesia.org.br\\\/?p=26476#primaryimage\"},\"thumbnailUrl\":\"https:\\\/\\\/news.ecclesia.org.br\\\/wp-content\\\/uploads\\\/2018\\\/05\\\/bartolomeu.jpg\",\"articleSection\":[\"Arquidiocese de Buenos Aires e Am\u00e9rica do Sul\",\"Patriarcado Ecum\u00eanico\"],\"inLanguage\":\"pt-BR\",\"potentialAction\":[{\"@type\":\"CommentAction\",\"name\":\"Comment\",\"target\":[\"https:\\\/\\\/news.ecclesia.org.br\\\/?p=26476#respond\"]}]},{\"@type\":\"WebPage\",\"@id\":\"https:\\\/\\\/news.ecclesia.org.br\\\/?p=26476\",\"url\":\"https:\\\/\\\/news.ecclesia.org.br\\\/?p=26476\",\"name\":\"Homilia Catequ\u00e9tica na abertura da Santa e Grande Quaresma 2019 | ECCLESIA NEWS\",\"isPartOf\":{\"@id\":\"https:\\\/\\\/news.ecclesia.org.br\\\/#website\"},\"primaryImageOfPage\":{\"@id\":\"https:\\\/\\\/news.ecclesia.org.br\\\/?p=26476#primaryimage\"},\"image\":{\"@id\":\"https:\\\/\\\/news.ecclesia.org.br\\\/?p=26476#primaryimage\"},\"thumbnailUrl\":\"https:\\\/\\\/news.ecclesia.org.br\\\/wp-content\\\/uploads\\\/2018\\\/05\\\/bartolomeu.jpg\",\"datePublished\":\"2019-03-01T13:29:58+00:00\",\"dateModified\":\"2021-07-30T19:13:34+00:00\",\"breadcrumb\":{\"@id\":\"https:\\\/\\\/news.ecclesia.org.br\\\/?p=26476#breadcrumb\"},\"inLanguage\":\"pt-BR\",\"potentialAction\":[{\"@type\":\"ReadAction\",\"target\":[\"https:\\\/\\\/news.ecclesia.org.br\\\/?p=26476\"]}]},{\"@type\":\"ImageObject\",\"inLanguage\":\"pt-BR\",\"@id\":\"https:\\\/\\\/news.ecclesia.org.br\\\/?p=26476#primaryimage\",\"url\":\"https:\\\/\\\/news.ecclesia.org.br\\\/wp-content\\\/uploads\\\/2018\\\/05\\\/bartolomeu.jpg\",\"contentUrl\":\"https:\\\/\\\/news.ecclesia.org.br\\\/wp-content\\\/uploads\\\/2018\\\/05\\\/bartolomeu.jpg\",\"width\":760,\"height\":507,\"caption\":\"Arquivo - Patriarca Ecum\u00eanico Bartolomeu, o l\u00edder espiritual dos crist\u00e3os ortodoxos do mundo. (AP Photo \\\/ Lefteris Pitarakis)\"},{\"@type\":\"BreadcrumbList\",\"@id\":\"https:\\\/\\\/news.ecclesia.org.br\\\/?p=26476#breadcrumb\",\"itemListElement\":[{\"@type\":\"ListItem\",\"position\":1,\"name\":\"In\u00edcio\",\"item\":\"https:\\\/\\\/news.ecclesia.org.br\\\/\"},{\"@type\":\"ListItem\",\"position\":2,\"name\":\"Homilia Catequ\u00e9tica na abertura da Santa e Grande Quaresma 2019\"}]},{\"@type\":\"WebSite\",\"@id\":\"https:\\\/\\\/news.ecclesia.org.br\\\/#website\",\"url\":\"https:\\\/\\\/news.ecclesia.org.br\\\/\",\"name\":\"Ecclesia Brasil\",\"description\":\"Desde 2003 onectando o Brasil ao mundo ortodoxo!\",\"publisher\":{\"@id\":\"https:\\\/\\\/news.ecclesia.org.br\\\/#organization\"},\"alternateName\":\"Ecclesia\",\"potentialAction\":[{\"@type\":\"SearchAction\",\"target\":{\"@type\":\"EntryPoint\",\"urlTemplate\":\"https:\\\/\\\/news.ecclesia.org.br\\\/?s={search_term_string}\"},\"query-input\":{\"@type\":\"PropertyValueSpecification\",\"valueRequired\":true,\"valueName\":\"search_term_string\"}}],\"inLanguage\":\"pt-BR\"},{\"@type\":\"Organization\",\"@id\":\"https:\\\/\\\/news.ecclesia.org.br\\\/#organization\",\"name\":\"Sacra Arquidiocese de Buenos Aires e Am\u00e9rica do Sul | Patriarcado Ecum\u00eanico\",\"alternateName\":\"News Ecclesia Brasil\",\"url\":\"https:\\\/\\\/news.ecclesia.org.br\\\/\",\"logo\":{\"@type\":\"ImageObject\",\"inLanguage\":\"pt-BR\",\"@id\":\"https:\\\/\\\/news.ecclesia.org.br\\\/#\\\/schema\\\/logo\\\/image\\\/\",\"url\":\"https:\\\/\\\/news.ecclesia.org.br\\\/wp-content\\\/uploads\\\/2025\\\/05\\\/ecclesia2.png\",\"contentUrl\":\"https:\\\/\\\/news.ecclesia.org.br\\\/wp-content\\\/uploads\\\/2025\\\/05\\\/ecclesia2.png\",\"width\":480,\"height\":120,\"caption\":\"Sacra Arquidiocese de Buenos Aires e Am\u00e9rica do Sul | Patriarcado Ecum\u00eanico\"},\"image\":{\"@id\":\"https:\\\/\\\/news.ecclesia.org.br\\\/#\\\/schema\\\/logo\\\/image\\\/\"},\"sameAs\":[\"https:\\\/\\\/www.facebook.com\\\/Ecclesia2025\",\"https:\\\/\\\/x.com\\\/EcclesiaNews\",\"https:\\\/\\\/br.pinterest.com\\\/ekklisia\\\/\",\"https:\\\/\\\/www.youtube.com\\\/@EcclesiaBrasil\"]},{\"@type\":\"Person\",\"@id\":\"https:\\\/\\\/news.ecclesia.org.br\\\/#\\\/schema\\\/person\\\/6f09597f025829745ba414a569f63758\",\"name\":\"Pe. Andr\u00e9\",\"image\":{\"@type\":\"ImageObject\",\"inLanguage\":\"pt-BR\",\"@id\":\"https:\\\/\\\/secure.gravatar.com\\\/avatar\\\/b4327cfa27e9799da239a26adcd534fc29cdc0c4a4a148eecbcfeb9b42c617ac?s=96&d=mm&r=g\",\"url\":\"https:\\\/\\\/secure.gravatar.com\\\/avatar\\\/b4327cfa27e9799da239a26adcd534fc29cdc0c4a4a148eecbcfeb9b42c617ac?s=96&d=mm&r=g\",\"contentUrl\":\"https:\\\/\\\/secure.gravatar.com\\\/avatar\\\/b4327cfa27e9799da239a26adcd534fc29cdc0c4a4a148eecbcfeb9b42c617ac?s=96&d=mm&r=g\",\"caption\":\"Pe. Andr\u00e9\"},\"sameAs\":[\"https:\\\/\\\/www.ecclesia.org.br\"]}]}<\/script>\n<!-- \/ Yoast SEO plugin. -->","yoast_head_json":{"title":"Homilia Catequ\u00e9tica na abertura da Santa e Grande Quaresma 2019 | ECCLESIA NEWS","robots":{"index":"index","follow":"follow","max-snippet":"max-snippet:-1","max-image-preview":"max-image-preview:large","max-video-preview":"max-video-preview:-1"},"canonical":"https:\/\/news.ecclesia.org.br\/?p=26476","og_locale":"pt_BR","og_type":"article","og_title":"Homilia Catequ\u00e9tica na abertura da Santa e Grande Quaresma 2019 | ECCLESIA NEWS","og_description":"BARTOLOMEU,PELA MISERIC\u00d3RDIA DE DEUSARCEBISPO DE CONSTANTINOPLA-NOVA ROMAE PATRIARCA ECUM\u00caNICO A TODO O PLEROMA DA IGREJA: A GRA\u00c7A E A PAZ DE NOSSO SENHOR E SALVADOR JESUS CRISTOE, DE NOSSA PARTE, ORA\u00c7\u00c3O, B\u00caN\u00c7\u00c3O E PERD\u00c3O. Irm\u00e3os e Irm\u00e3s, filhos e filhas&#8230;","og_url":"https:\/\/news.ecclesia.org.br\/?p=26476","og_site_name":"ECCLESIA NEWS","article_publisher":"https:\/\/www.facebook.com\/Ecclesia2025","article_published_time":"2019-03-01T13:29:58+00:00","article_modified_time":"2021-07-30T19:13:34+00:00","og_image":[{"width":760,"height":507,"url":"https:\/\/news.ecclesia.org.br\/wp-content\/uploads\/2018\/05\/bartolomeu.jpg","type":"image\/jpeg"}],"author":"Pe. Andr\u00e9","twitter_card":"summary_large_image","twitter_creator":"@EcclesiaNews","twitter_site":"@EcclesiaNews","twitter_misc":{"Escrito por":"Pe. Andr\u00e9","Est. tempo de leitura":"5 minutos"},"schema":{"@context":"https:\/\/schema.org","@graph":[{"@type":"Article","@id":"https:\/\/news.ecclesia.org.br\/?p=26476#article","isPartOf":{"@id":"https:\/\/news.ecclesia.org.br\/?p=26476"},"author":{"name":"Pe. Andr\u00e9","@id":"https:\/\/news.ecclesia.org.br\/#\/schema\/person\/6f09597f025829745ba414a569f63758"},"headline":"Homilia Catequ\u00e9tica na abertura da Santa e Grande Quaresma 2019","datePublished":"2019-03-01T13:29:58+00:00","dateModified":"2021-07-30T19:13:34+00:00","mainEntityOfPage":{"@id":"https:\/\/news.ecclesia.org.br\/?p=26476"},"wordCount":916,"commentCount":0,"publisher":{"@id":"https:\/\/news.ecclesia.org.br\/#organization"},"image":{"@id":"https:\/\/news.ecclesia.org.br\/?p=26476#primaryimage"},"thumbnailUrl":"https:\/\/news.ecclesia.org.br\/wp-content\/uploads\/2018\/05\/bartolomeu.jpg","articleSection":["Arquidiocese de Buenos Aires e Am\u00e9rica do Sul","Patriarcado Ecum\u00eanico"],"inLanguage":"pt-BR","potentialAction":[{"@type":"CommentAction","name":"Comment","target":["https:\/\/news.ecclesia.org.br\/?p=26476#respond"]}]},{"@type":"WebPage","@id":"https:\/\/news.ecclesia.org.br\/?p=26476","url":"https:\/\/news.ecclesia.org.br\/?p=26476","name":"Homilia Catequ\u00e9tica na abertura da Santa e Grande Quaresma 2019 | ECCLESIA NEWS","isPartOf":{"@id":"https:\/\/news.ecclesia.org.br\/#website"},"primaryImageOfPage":{"@id":"https:\/\/news.ecclesia.org.br\/?p=26476#primaryimage"},"image":{"@id":"https:\/\/news.ecclesia.org.br\/?p=26476#primaryimage"},"thumbnailUrl":"https:\/\/news.ecclesia.org.br\/wp-content\/uploads\/2018\/05\/bartolomeu.jpg","datePublished":"2019-03-01T13:29:58+00:00","dateModified":"2021-07-30T19:13:34+00:00","breadcrumb":{"@id":"https:\/\/news.ecclesia.org.br\/?p=26476#breadcrumb"},"inLanguage":"pt-BR","potentialAction":[{"@type":"ReadAction","target":["https:\/\/news.ecclesia.org.br\/?p=26476"]}]},{"@type":"ImageObject","inLanguage":"pt-BR","@id":"https:\/\/news.ecclesia.org.br\/?p=26476#primaryimage","url":"https:\/\/news.ecclesia.org.br\/wp-content\/uploads\/2018\/05\/bartolomeu.jpg","contentUrl":"https:\/\/news.ecclesia.org.br\/wp-content\/uploads\/2018\/05\/bartolomeu.jpg","width":760,"height":507,"caption":"Arquivo - Patriarca Ecum\u00eanico Bartolomeu, o l\u00edder espiritual dos crist\u00e3os ortodoxos do mundo. (AP Photo \/ Lefteris Pitarakis)"},{"@type":"BreadcrumbList","@id":"https:\/\/news.ecclesia.org.br\/?p=26476#breadcrumb","itemListElement":[{"@type":"ListItem","position":1,"name":"In\u00edcio","item":"https:\/\/news.ecclesia.org.br\/"},{"@type":"ListItem","position":2,"name":"Homilia Catequ\u00e9tica na abertura da Santa e Grande Quaresma 2019"}]},{"@type":"WebSite","@id":"https:\/\/news.ecclesia.org.br\/#website","url":"https:\/\/news.ecclesia.org.br\/","name":"Ecclesia Brasil","description":"Desde 2003 onectando o Brasil ao mundo ortodoxo!","publisher":{"@id":"https:\/\/news.ecclesia.org.br\/#organization"},"alternateName":"Ecclesia","potentialAction":[{"@type":"SearchAction","target":{"@type":"EntryPoint","urlTemplate":"https:\/\/news.ecclesia.org.br\/?s={search_term_string}"},"query-input":{"@type":"PropertyValueSpecification","valueRequired":true,"valueName":"search_term_string"}}],"inLanguage":"pt-BR"},{"@type":"Organization","@id":"https:\/\/news.ecclesia.org.br\/#organization","name":"Sacra Arquidiocese de Buenos Aires e Am\u00e9rica do Sul | Patriarcado Ecum\u00eanico","alternateName":"News Ecclesia Brasil","url":"https:\/\/news.ecclesia.org.br\/","logo":{"@type":"ImageObject","inLanguage":"pt-BR","@id":"https:\/\/news.ecclesia.org.br\/#\/schema\/logo\/image\/","url":"https:\/\/news.ecclesia.org.br\/wp-content\/uploads\/2025\/05\/ecclesia2.png","contentUrl":"https:\/\/news.ecclesia.org.br\/wp-content\/uploads\/2025\/05\/ecclesia2.png","width":480,"height":120,"caption":"Sacra Arquidiocese de Buenos Aires e Am\u00e9rica do Sul | Patriarcado Ecum\u00eanico"},"image":{"@id":"https:\/\/news.ecclesia.org.br\/#\/schema\/logo\/image\/"},"sameAs":["https:\/\/www.facebook.com\/Ecclesia2025","https:\/\/x.com\/EcclesiaNews","https:\/\/br.pinterest.com\/ekklisia\/","https:\/\/www.youtube.com\/@EcclesiaBrasil"]},{"@type":"Person","@id":"https:\/\/news.ecclesia.org.br\/#\/schema\/person\/6f09597f025829745ba414a569f63758","name":"Pe. Andr\u00e9","image":{"@type":"ImageObject","inLanguage":"pt-BR","@id":"https:\/\/secure.gravatar.com\/avatar\/b4327cfa27e9799da239a26adcd534fc29cdc0c4a4a148eecbcfeb9b42c617ac?s=96&d=mm&r=g","url":"https:\/\/secure.gravatar.com\/avatar\/b4327cfa27e9799da239a26adcd534fc29cdc0c4a4a148eecbcfeb9b42c617ac?s=96&d=mm&r=g","contentUrl":"https:\/\/secure.gravatar.com\/avatar\/b4327cfa27e9799da239a26adcd534fc29cdc0c4a4a148eecbcfeb9b42c617ac?s=96&d=mm&r=g","caption":"Pe. Andr\u00e9"},"sameAs":["https:\/\/www.ecclesia.org.br"]}]}},"_links":{"self":[{"href":"https:\/\/news.ecclesia.org.br\/index.php?rest_route=\/wp\/v2\/posts\/26476","targetHints":{"allow":["GET"]}}],"collection":[{"href":"https:\/\/news.ecclesia.org.br\/index.php?rest_route=\/wp\/v2\/posts"}],"about":[{"href":"https:\/\/news.ecclesia.org.br\/index.php?rest_route=\/wp\/v2\/types\/post"}],"author":[{"embeddable":true,"href":"https:\/\/news.ecclesia.org.br\/index.php?rest_route=\/wp\/v2\/users\/1"}],"replies":[{"embeddable":true,"href":"https:\/\/news.ecclesia.org.br\/index.php?rest_route=%2Fwp%2Fv2%2Fcomments&post=26476"}],"version-history":[{"count":2,"href":"https:\/\/news.ecclesia.org.br\/index.php?rest_route=\/wp\/v2\/posts\/26476\/revisions"}],"predecessor-version":[{"id":38613,"href":"https:\/\/news.ecclesia.org.br\/index.php?rest_route=\/wp\/v2\/posts\/26476\/revisions\/38613"}],"wp:featuredmedia":[{"embeddable":true,"href":"https:\/\/news.ecclesia.org.br\/index.php?rest_route=\/wp\/v2\/media\/25015"}],"wp:attachment":[{"href":"https:\/\/news.ecclesia.org.br\/index.php?rest_route=%2Fwp%2Fv2%2Fmedia&parent=26476"}],"wp:term":[{"taxonomy":"category","embeddable":true,"href":"https:\/\/news.ecclesia.org.br\/index.php?rest_route=%2Fwp%2Fv2%2Fcategories&post=26476"},{"taxonomy":"post_tag","embeddable":true,"href":"https:\/\/news.ecclesia.org.br\/index.php?rest_route=%2Fwp%2Fv2%2Ftags&post=26476"}],"curies":[{"name":"wp","href":"https:\/\/api.w.org\/{rel}","templated":true}]}}