{"id":26463,"date":"2019-02-26T18:24:26","date_gmt":"2019-02-26T18:24:26","guid":{"rendered":"https:\/\/news.ecclesia.org.br\/?p=26463"},"modified":"2021-07-30T16:15:12","modified_gmt":"2021-07-30T19:15:12","slug":"secretario-geral-do-cmi-visita-patriarca-de-moscou","status":"publish","type":"post","link":"https:\/\/news.ecclesia.org.br\/?p=26463","title":{"rendered":"Secret\u00e1rio Geral do CMI visita o Patriarca Cirilo de Moscou"},"content":{"rendered":"<p style=\"text-align: justify;\">25 de fevereiro de 2019 &#8212; <em>&#8220;O Conselho Mundial de Igrejas (CMI) segue com sua miss\u00e3o de ser uma plataforma para que as Igrejas se unam, se compreendam melhor e trabalhem juntas para o bem de suas sociedades&#8221;<\/em>, disse o Rev. Dr. Olav Fykse Tveit, secret\u00e1rio geral da Organiza\u00e7\u00e3o Mundial, durante uma reuni\u00e3o com S. S. o Patriarca Cirilo de Moscou, Primaz da Igreja Ortodoxa Russa no \u00faltimo dia 30 de janeiro de 2019. O encontro ocorreu por ocasi\u00e3o do convite ao secret\u00e1rio geral do CMI para participar do 10 \u00ba anivers\u00e1rio da entroniza\u00e7\u00e3o patriarcal, em Moscou. Tveit cumprimentou o Patriarca Cirilo e enfatizou a import\u00e2ncia do engajamento ecum\u00eanico da Igreja Ortodoxa Russa e a sua participa\u00e7\u00e3o nos trabalhos do CMI. O Patriarca, por sua vez, reafirmou o compromisso da Igreja Ortodoxa Russa com o CMI, refletindo tamb\u00e9m sobre o seu papel hist\u00f3rico \u00fanico durante os tempos da Guerra Fria. Expressou ainda suas profundas preocupa\u00e7\u00f5es sobre a situa\u00e7\u00e3o da liberdade religiosa na Ucr\u00e2nia e o envolvimento do Estado nos assuntos da igreja, bem como sua preocupa\u00e7\u00e3o com o aumento das tens\u00f5es na fam\u00edlia ortodoxa mundial depois que a rec\u00e9m-estabelecida Igreja Ortodoxa na Ucr\u00e2nia recebeu recentemente sua autocefalia do Patriarcado Ecum\u00eanico. <em>\u201cO CMI n\u00e3o interfere nos assuntos internos de uma igreja ou de uma fam\u00edlia de igreja, mas esperamos e oramos pela reconcilia\u00e7\u00e3o e a cura desta divis\u00e3o na fam\u00edlia ortodoxa\u201d,<\/em> disse o secret\u00e1rio geral do CMI. Tveit tamb\u00e9m se referiu ao tema da pr\u00f3xima Assembl\u00e9ia do CMI a ser realizada em 2021:<em> \u201cO amor de Cristo leva o mundo \u00e0 reconcilia\u00e7\u00e3o e \u00e0 unidade\u201d,<\/em> convidando a Igreja Ortodoxa Russa a contribuir para o tema principal da assembl\u00e9ia: o que significa reconcilia\u00e7\u00e3o e unidade para os crist\u00e3os. O estado atual do mundo, quando as divis\u00f5es e a polariza\u00e7\u00e3o aumentam ao nosso redor. \u201cAmar uns aos outros \u00e9 o caminho para a reconcilia\u00e7\u00e3o e a unidade no mundo hoje, para manter viva a perspectiva de paz\u201d, disse o secret\u00e1rio geral do CMI. O Conselho Local da Igreja Ortodoxa Russa elegeu o Metropolita Cirilo como Patriarca de Moscou e toda a R\u00fassia e Primaz da Igreja Ortodoxa Russa em 1\u00ba de fevereiro de 2009. De 1968 a 1998, ele esteve ativamente envolvido no trabalho do CMI em v\u00e1rias fun\u00e7\u00f5es, incluindo a de membro do Comit\u00ea Central do CMI e do Comit\u00ea Executivo, al\u00e9m de ser o representante do Patriarcado de Moscou no CMI, em Genebra, de 1971 a 1974.<\/p>\n<hr \/>\n<p style=\"text-align: right;\">Fonte: <a href=\"mailto:ecupatria@wcc-coe.org\" target=\"_blank\" rel=\"noopener noreferrer\">Newsletter da Delega\u00e7\u00e3o Permanente do Patriarcado Ecum\u00eanico para o CMI<\/a>,<br \/>\nfevereiro 2019)<\/p>\n","protected":false},"excerpt":{"rendered":"<p>25 de fevereiro de 2019 &#8212; &#8220;O Conselho Mundial de Igrejas (CMI) segue com sua miss\u00e3o de ser uma plataforma para que as Igrejas se unam, se compreendam melhor e trabalhem juntas para o bem de suas sociedades&#8221;, disse o&#8230;<\/p>\n","protected":false},"author":1,"featured_media":26464,"comment_status":"open","ping_status":"open","sticky":false,"template":"","format":"standard","meta":{"_acf_changed":false,"footnotes":""},"categories":[1],"tags":[],"class_list":["post-26463","post","type-post","status-publish","format-standard","has-post-thumbnail","hentry","category-news","entry","rows-excerpt"],"acf":[],"yoast_head":"<!-- This site is optimized with the Yoast SEO plugin v27.4 - https:\/\/yoast.com\/product\/yoast-seo-wordpress\/ -->\n<title>Secret\u00e1rio Geral do CMI visita o Patriarca Cirilo de Moscou | ECCLESIA NEWS<\/title>\n<meta name=\"robots\" content=\"index, follow, max-snippet:-1, max-image-preview:large, max-video-preview:-1\" \/>\n<link rel=\"canonical\" href=\"https:\/\/news.ecclesia.org.br\/?p=26463\" \/>\n<meta property=\"og:locale\" content=\"pt_BR\" \/>\n<meta property=\"og:type\" content=\"article\" \/>\n<meta property=\"og:title\" content=\"Secret\u00e1rio Geral do CMI visita o Patriarca Cirilo de Moscou | ECCLESIA NEWS\" \/>\n<meta property=\"og:description\" content=\"25 de fevereiro de 2019 &#8212; &#8220;O Conselho Mundial de Igrejas (CMI) segue com sua miss\u00e3o de ser uma plataforma para que as Igrejas se unam, se compreendam melhor e trabalhem juntas para o bem de suas sociedades&#8221;, disse o&#8230;\" \/>\n<meta property=\"og:url\" content=\"https:\/\/news.ecclesia.org.br\/?p=26463\" \/>\n<meta property=\"og:site_name\" content=\"ECCLESIA NEWS\" \/>\n<meta property=\"article:publisher\" content=\"https:\/\/www.facebook.com\/Ecclesia2025\" \/>\n<meta property=\"article:published_time\" content=\"2019-02-26T18:24:26+00:00\" \/>\n<meta property=\"article:modified_time\" content=\"2021-07-30T19:15:12+00:00\" \/>\n<meta property=\"og:image\" content=\"https:\/\/news.ecclesia.org.br\/wp-content\/uploads\/2019\/02\/25022019.jpg\" \/>\n\t<meta property=\"og:image:width\" content=\"768\" \/>\n\t<meta property=\"og:image:height\" content=\"512\" \/>\n\t<meta property=\"og:image:type\" content=\"image\/jpeg\" \/>\n<meta name=\"author\" content=\"Pe. Andr\u00e9\" \/>\n<meta name=\"twitter:card\" content=\"summary_large_image\" \/>\n<meta name=\"twitter:creator\" content=\"@EcclesiaNews\" \/>\n<meta name=\"twitter:site\" content=\"@EcclesiaNews\" \/>\n<meta name=\"twitter:label1\" content=\"Escrito por\" \/>\n\t<meta name=\"twitter:data1\" content=\"Pe. Andr\u00e9\" \/>\n\t<meta name=\"twitter:label2\" content=\"Est. tempo de leitura\" \/>\n\t<meta name=\"twitter:data2\" content=\"2 minutos\" \/>\n<script type=\"application\/ld+json\" class=\"yoast-schema-graph\">{\"@context\":\"https:\\\/\\\/schema.org\",\"@graph\":[{\"@type\":\"Article\",\"@id\":\"https:\\\/\\\/news.ecclesia.org.br\\\/?p=26463#article\",\"isPartOf\":{\"@id\":\"https:\\\/\\\/news.ecclesia.org.br\\\/?p=26463\"},\"author\":{\"name\":\"Pe. Andr\u00e9\",\"@id\":\"https:\\\/\\\/news.ecclesia.org.br\\\/#\\\/schema\\\/person\\\/6f09597f025829745ba414a569f63758\"},\"headline\":\"Secret\u00e1rio Geral do CMI visita o Patriarca Cirilo de Moscou\",\"datePublished\":\"2019-02-26T18:24:26+00:00\",\"dateModified\":\"2021-07-30T19:15:12+00:00\",\"mainEntityOfPage\":{\"@id\":\"https:\\\/\\\/news.ecclesia.org.br\\\/?p=26463\"},\"wordCount\":458,\"commentCount\":0,\"publisher\":{\"@id\":\"https:\\\/\\\/news.ecclesia.org.br\\\/#organization\"},\"image\":{\"@id\":\"https:\\\/\\\/news.ecclesia.org.br\\\/?p=26463#primaryimage\"},\"thumbnailUrl\":\"https:\\\/\\\/news.ecclesia.org.br\\\/wp-content\\\/uploads\\\/2019\\\/02\\\/25022019.jpg\",\"articleSection\":[\"NEWS\"],\"inLanguage\":\"pt-BR\",\"potentialAction\":[{\"@type\":\"CommentAction\",\"name\":\"Comment\",\"target\":[\"https:\\\/\\\/news.ecclesia.org.br\\\/?p=26463#respond\"]}]},{\"@type\":\"WebPage\",\"@id\":\"https:\\\/\\\/news.ecclesia.org.br\\\/?p=26463\",\"url\":\"https:\\\/\\\/news.ecclesia.org.br\\\/?p=26463\",\"name\":\"Secret\u00e1rio Geral do CMI visita o Patriarca Cirilo de Moscou | ECCLESIA NEWS\",\"isPartOf\":{\"@id\":\"https:\\\/\\\/news.ecclesia.org.br\\\/#website\"},\"primaryImageOfPage\":{\"@id\":\"https:\\\/\\\/news.ecclesia.org.br\\\/?p=26463#primaryimage\"},\"image\":{\"@id\":\"https:\\\/\\\/news.ecclesia.org.br\\\/?p=26463#primaryimage\"},\"thumbnailUrl\":\"https:\\\/\\\/news.ecclesia.org.br\\\/wp-content\\\/uploads\\\/2019\\\/02\\\/25022019.jpg\",\"datePublished\":\"2019-02-26T18:24:26+00:00\",\"dateModified\":\"2021-07-30T19:15:12+00:00\",\"breadcrumb\":{\"@id\":\"https:\\\/\\\/news.ecclesia.org.br\\\/?p=26463#breadcrumb\"},\"inLanguage\":\"pt-BR\",\"potentialAction\":[{\"@type\":\"ReadAction\",\"target\":[\"https:\\\/\\\/news.ecclesia.org.br\\\/?p=26463\"]}]},{\"@type\":\"ImageObject\",\"inLanguage\":\"pt-BR\",\"@id\":\"https:\\\/\\\/news.ecclesia.org.br\\\/?p=26463#primaryimage\",\"url\":\"https:\\\/\\\/news.ecclesia.org.br\\\/wp-content\\\/uploads\\\/2019\\\/02\\\/25022019.jpg\",\"contentUrl\":\"https:\\\/\\\/news.ecclesia.org.br\\\/wp-content\\\/uploads\\\/2019\\\/02\\\/25022019.jpg\",\"width\":768,\"height\":512},{\"@type\":\"BreadcrumbList\",\"@id\":\"https:\\\/\\\/news.ecclesia.org.br\\\/?p=26463#breadcrumb\",\"itemListElement\":[{\"@type\":\"ListItem\",\"position\":1,\"name\":\"In\u00edcio\",\"item\":\"https:\\\/\\\/news.ecclesia.org.br\\\/\"},{\"@type\":\"ListItem\",\"position\":2,\"name\":\"Secret\u00e1rio Geral do CMI visita o Patriarca Cirilo de Moscou\"}]},{\"@type\":\"WebSite\",\"@id\":\"https:\\\/\\\/news.ecclesia.org.br\\\/#website\",\"url\":\"https:\\\/\\\/news.ecclesia.org.br\\\/\",\"name\":\"Ecclesia Brasil\",\"description\":\"Desde 2003 onectando o Brasil ao mundo ortodoxo!\",\"publisher\":{\"@id\":\"https:\\\/\\\/news.ecclesia.org.br\\\/#organization\"},\"alternateName\":\"Ecclesia\",\"potentialAction\":[{\"@type\":\"SearchAction\",\"target\":{\"@type\":\"EntryPoint\",\"urlTemplate\":\"https:\\\/\\\/news.ecclesia.org.br\\\/?s={search_term_string}\"},\"query-input\":{\"@type\":\"PropertyValueSpecification\",\"valueRequired\":true,\"valueName\":\"search_term_string\"}}],\"inLanguage\":\"pt-BR\"},{\"@type\":\"Organization\",\"@id\":\"https:\\\/\\\/news.ecclesia.org.br\\\/#organization\",\"name\":\"Sacra Arquidiocese de Buenos Aires e Am\u00e9rica do Sul | Patriarcado Ecum\u00eanico\",\"alternateName\":\"News Ecclesia Brasil\",\"url\":\"https:\\\/\\\/news.ecclesia.org.br\\\/\",\"logo\":{\"@type\":\"ImageObject\",\"inLanguage\":\"pt-BR\",\"@id\":\"https:\\\/\\\/news.ecclesia.org.br\\\/#\\\/schema\\\/logo\\\/image\\\/\",\"url\":\"https:\\\/\\\/news.ecclesia.org.br\\\/wp-content\\\/uploads\\\/2025\\\/05\\\/ecclesia2.png\",\"contentUrl\":\"https:\\\/\\\/news.ecclesia.org.br\\\/wp-content\\\/uploads\\\/2025\\\/05\\\/ecclesia2.png\",\"width\":480,\"height\":120,\"caption\":\"Sacra Arquidiocese de Buenos Aires e Am\u00e9rica do Sul | Patriarcado Ecum\u00eanico\"},\"image\":{\"@id\":\"https:\\\/\\\/news.ecclesia.org.br\\\/#\\\/schema\\\/logo\\\/image\\\/\"},\"sameAs\":[\"https:\\\/\\\/www.facebook.com\\\/Ecclesia2025\",\"https:\\\/\\\/x.com\\\/EcclesiaNews\",\"https:\\\/\\\/br.pinterest.com\\\/ekklisia\\\/\",\"https:\\\/\\\/www.youtube.com\\\/@EcclesiaBrasil\"]},{\"@type\":\"Person\",\"@id\":\"https:\\\/\\\/news.ecclesia.org.br\\\/#\\\/schema\\\/person\\\/6f09597f025829745ba414a569f63758\",\"name\":\"Pe. Andr\u00e9\",\"image\":{\"@type\":\"ImageObject\",\"inLanguage\":\"pt-BR\",\"@id\":\"https:\\\/\\\/secure.gravatar.com\\\/avatar\\\/b4327cfa27e9799da239a26adcd534fc29cdc0c4a4a148eecbcfeb9b42c617ac?s=96&d=mm&r=g\",\"url\":\"https:\\\/\\\/secure.gravatar.com\\\/avatar\\\/b4327cfa27e9799da239a26adcd534fc29cdc0c4a4a148eecbcfeb9b42c617ac?s=96&d=mm&r=g\",\"contentUrl\":\"https:\\\/\\\/secure.gravatar.com\\\/avatar\\\/b4327cfa27e9799da239a26adcd534fc29cdc0c4a4a148eecbcfeb9b42c617ac?s=96&d=mm&r=g\",\"caption\":\"Pe. Andr\u00e9\"},\"sameAs\":[\"https:\\\/\\\/www.ecclesia.org.br\"]}]}<\/script>\n<!-- \/ Yoast SEO plugin. -->","yoast_head_json":{"title":"Secret\u00e1rio Geral do CMI visita o Patriarca Cirilo de Moscou | ECCLESIA NEWS","robots":{"index":"index","follow":"follow","max-snippet":"max-snippet:-1","max-image-preview":"max-image-preview:large","max-video-preview":"max-video-preview:-1"},"canonical":"https:\/\/news.ecclesia.org.br\/?p=26463","og_locale":"pt_BR","og_type":"article","og_title":"Secret\u00e1rio Geral do CMI visita o Patriarca Cirilo de Moscou | ECCLESIA NEWS","og_description":"25 de fevereiro de 2019 &#8212; &#8220;O Conselho Mundial de Igrejas (CMI) segue com sua miss\u00e3o de ser uma plataforma para que as Igrejas se unam, se compreendam melhor e trabalhem juntas para o bem de suas sociedades&#8221;, disse o&#8230;","og_url":"https:\/\/news.ecclesia.org.br\/?p=26463","og_site_name":"ECCLESIA NEWS","article_publisher":"https:\/\/www.facebook.com\/Ecclesia2025","article_published_time":"2019-02-26T18:24:26+00:00","article_modified_time":"2021-07-30T19:15:12+00:00","og_image":[{"width":768,"height":512,"url":"https:\/\/news.ecclesia.org.br\/wp-content\/uploads\/2019\/02\/25022019.jpg","type":"image\/jpeg"}],"author":"Pe. Andr\u00e9","twitter_card":"summary_large_image","twitter_creator":"@EcclesiaNews","twitter_site":"@EcclesiaNews","twitter_misc":{"Escrito por":"Pe. Andr\u00e9","Est. tempo de leitura":"2 minutos"},"schema":{"@context":"https:\/\/schema.org","@graph":[{"@type":"Article","@id":"https:\/\/news.ecclesia.org.br\/?p=26463#article","isPartOf":{"@id":"https:\/\/news.ecclesia.org.br\/?p=26463"},"author":{"name":"Pe. Andr\u00e9","@id":"https:\/\/news.ecclesia.org.br\/#\/schema\/person\/6f09597f025829745ba414a569f63758"},"headline":"Secret\u00e1rio Geral do CMI visita o Patriarca Cirilo de Moscou","datePublished":"2019-02-26T18:24:26+00:00","dateModified":"2021-07-30T19:15:12+00:00","mainEntityOfPage":{"@id":"https:\/\/news.ecclesia.org.br\/?p=26463"},"wordCount":458,"commentCount":0,"publisher":{"@id":"https:\/\/news.ecclesia.org.br\/#organization"},"image":{"@id":"https:\/\/news.ecclesia.org.br\/?p=26463#primaryimage"},"thumbnailUrl":"https:\/\/news.ecclesia.org.br\/wp-content\/uploads\/2019\/02\/25022019.jpg","articleSection":["NEWS"],"inLanguage":"pt-BR","potentialAction":[{"@type":"CommentAction","name":"Comment","target":["https:\/\/news.ecclesia.org.br\/?p=26463#respond"]}]},{"@type":"WebPage","@id":"https:\/\/news.ecclesia.org.br\/?p=26463","url":"https:\/\/news.ecclesia.org.br\/?p=26463","name":"Secret\u00e1rio Geral do CMI visita o Patriarca Cirilo de Moscou | ECCLESIA NEWS","isPartOf":{"@id":"https:\/\/news.ecclesia.org.br\/#website"},"primaryImageOfPage":{"@id":"https:\/\/news.ecclesia.org.br\/?p=26463#primaryimage"},"image":{"@id":"https:\/\/news.ecclesia.org.br\/?p=26463#primaryimage"},"thumbnailUrl":"https:\/\/news.ecclesia.org.br\/wp-content\/uploads\/2019\/02\/25022019.jpg","datePublished":"2019-02-26T18:24:26+00:00","dateModified":"2021-07-30T19:15:12+00:00","breadcrumb":{"@id":"https:\/\/news.ecclesia.org.br\/?p=26463#breadcrumb"},"inLanguage":"pt-BR","potentialAction":[{"@type":"ReadAction","target":["https:\/\/news.ecclesia.org.br\/?p=26463"]}]},{"@type":"ImageObject","inLanguage":"pt-BR","@id":"https:\/\/news.ecclesia.org.br\/?p=26463#primaryimage","url":"https:\/\/news.ecclesia.org.br\/wp-content\/uploads\/2019\/02\/25022019.jpg","contentUrl":"https:\/\/news.ecclesia.org.br\/wp-content\/uploads\/2019\/02\/25022019.jpg","width":768,"height":512},{"@type":"BreadcrumbList","@id":"https:\/\/news.ecclesia.org.br\/?p=26463#breadcrumb","itemListElement":[{"@type":"ListItem","position":1,"name":"In\u00edcio","item":"https:\/\/news.ecclesia.org.br\/"},{"@type":"ListItem","position":2,"name":"Secret\u00e1rio Geral do CMI visita o Patriarca Cirilo de Moscou"}]},{"@type":"WebSite","@id":"https:\/\/news.ecclesia.org.br\/#website","url":"https:\/\/news.ecclesia.org.br\/","name":"Ecclesia Brasil","description":"Desde 2003 onectando o Brasil ao mundo ortodoxo!","publisher":{"@id":"https:\/\/news.ecclesia.org.br\/#organization"},"alternateName":"Ecclesia","potentialAction":[{"@type":"SearchAction","target":{"@type":"EntryPoint","urlTemplate":"https:\/\/news.ecclesia.org.br\/?s={search_term_string}"},"query-input":{"@type":"PropertyValueSpecification","valueRequired":true,"valueName":"search_term_string"}}],"inLanguage":"pt-BR"},{"@type":"Organization","@id":"https:\/\/news.ecclesia.org.br\/#organization","name":"Sacra Arquidiocese de Buenos Aires e Am\u00e9rica do Sul | Patriarcado Ecum\u00eanico","alternateName":"News Ecclesia Brasil","url":"https:\/\/news.ecclesia.org.br\/","logo":{"@type":"ImageObject","inLanguage":"pt-BR","@id":"https:\/\/news.ecclesia.org.br\/#\/schema\/logo\/image\/","url":"https:\/\/news.ecclesia.org.br\/wp-content\/uploads\/2025\/05\/ecclesia2.png","contentUrl":"https:\/\/news.ecclesia.org.br\/wp-content\/uploads\/2025\/05\/ecclesia2.png","width":480,"height":120,"caption":"Sacra Arquidiocese de Buenos Aires e Am\u00e9rica do Sul | Patriarcado Ecum\u00eanico"},"image":{"@id":"https:\/\/news.ecclesia.org.br\/#\/schema\/logo\/image\/"},"sameAs":["https:\/\/www.facebook.com\/Ecclesia2025","https:\/\/x.com\/EcclesiaNews","https:\/\/br.pinterest.com\/ekklisia\/","https:\/\/www.youtube.com\/@EcclesiaBrasil"]},{"@type":"Person","@id":"https:\/\/news.ecclesia.org.br\/#\/schema\/person\/6f09597f025829745ba414a569f63758","name":"Pe. Andr\u00e9","image":{"@type":"ImageObject","inLanguage":"pt-BR","@id":"https:\/\/secure.gravatar.com\/avatar\/b4327cfa27e9799da239a26adcd534fc29cdc0c4a4a148eecbcfeb9b42c617ac?s=96&d=mm&r=g","url":"https:\/\/secure.gravatar.com\/avatar\/b4327cfa27e9799da239a26adcd534fc29cdc0c4a4a148eecbcfeb9b42c617ac?s=96&d=mm&r=g","contentUrl":"https:\/\/secure.gravatar.com\/avatar\/b4327cfa27e9799da239a26adcd534fc29cdc0c4a4a148eecbcfeb9b42c617ac?s=96&d=mm&r=g","caption":"Pe. Andr\u00e9"},"sameAs":["https:\/\/www.ecclesia.org.br"]}]}},"_links":{"self":[{"href":"https:\/\/news.ecclesia.org.br\/index.php?rest_route=\/wp\/v2\/posts\/26463","targetHints":{"allow":["GET"]}}],"collection":[{"href":"https:\/\/news.ecclesia.org.br\/index.php?rest_route=\/wp\/v2\/posts"}],"about":[{"href":"https:\/\/news.ecclesia.org.br\/index.php?rest_route=\/wp\/v2\/types\/post"}],"author":[{"embeddable":true,"href":"https:\/\/news.ecclesia.org.br\/index.php?rest_route=\/wp\/v2\/users\/1"}],"replies":[{"embeddable":true,"href":"https:\/\/news.ecclesia.org.br\/index.php?rest_route=%2Fwp%2Fv2%2Fcomments&post=26463"}],"version-history":[{"count":1,"href":"https:\/\/news.ecclesia.org.br\/index.php?rest_route=\/wp\/v2\/posts\/26463\/revisions"}],"predecessor-version":[{"id":38616,"href":"https:\/\/news.ecclesia.org.br\/index.php?rest_route=\/wp\/v2\/posts\/26463\/revisions\/38616"}],"wp:featuredmedia":[{"embeddable":true,"href":"https:\/\/news.ecclesia.org.br\/index.php?rest_route=\/wp\/v2\/media\/26464"}],"wp:attachment":[{"href":"https:\/\/news.ecclesia.org.br\/index.php?rest_route=%2Fwp%2Fv2%2Fmedia&parent=26463"}],"wp:term":[{"taxonomy":"category","embeddable":true,"href":"https:\/\/news.ecclesia.org.br\/index.php?rest_route=%2Fwp%2Fv2%2Fcategories&post=26463"},{"taxonomy":"post_tag","embeddable":true,"href":"https:\/\/news.ecclesia.org.br\/index.php?rest_route=%2Fwp%2Fv2%2Ftags&post=26463"}],"curies":[{"name":"wp","href":"https:\/\/api.w.org\/{rel}","templated":true}]}}