{"id":26444,"date":"2019-02-21T12:29:41","date_gmt":"2019-02-21T12:29:41","guid":{"rendered":"https:\/\/news.ecclesia.org.br\/?p=26444"},"modified":"2021-07-30T16:18:00","modified_gmt":"2021-07-30T19:18:00","slug":"o-patriarcado-nao-age-sob-pressao-politica","status":"publish","type":"post","link":"https:\/\/news.ecclesia.org.br\/?p=26444","title":{"rendered":"\u201cO Patriarcado n\u00e3o age sob press\u00e3o pol\u00edtica\u201d"},"content":{"rendered":"<p style=\"text-align: justify;\"><a href=\"https:\/\/news.ecclesia.org.br\/wp-content\/uploads\/2019\/02\/emmanuel-to-vima.jpg\"><img fetchpriority=\"high\" decoding=\"async\" class=\"alignleft size-medium wp-image-26446\" src=\"https:\/\/news.ecclesia.org.br\/wp-content\/uploads\/2019\/02\/emmanuel-to-vima-300x229.jpg\" alt=\"\" width=\"300\" height=\"229\" srcset=\"https:\/\/news.ecclesia.org.br\/wp-content\/uploads\/2019\/02\/emmanuel-to-vima-300x229.jpg 300w, https:\/\/news.ecclesia.org.br\/wp-content\/uploads\/2019\/02\/emmanuel-to-vima-768x586.jpg 768w, https:\/\/news.ecclesia.org.br\/wp-content\/uploads\/2019\/02\/emmanuel-to-vima-1024x781.jpg 1024w, https:\/\/news.ecclesia.org.br\/wp-content\/uploads\/2019\/02\/emmanuel-to-vima-600x458.jpg 600w, https:\/\/news.ecclesia.org.br\/wp-content\/uploads\/2019\/02\/emmanuel-to-vima-72x55.jpg 72w, https:\/\/news.ecclesia.org.br\/wp-content\/uploads\/2019\/02\/emmanuel-to-vima.jpg 1600w\" sizes=\"(max-width: 300px) 100vw, 300px\" \/><\/a>21 de fevereiro de 2019 &#8212; Em entrevista publicada na edi\u00e7\u00e3o do \u00faltimo, 17 de fevereiro, do di\u00e1rio grego <em>To Vima<\/em>, o Metropolita Emmanuel de Fran\u00e7a reagiu \u00e0s acusa\u00e7\u00f5es feitas pelo Patriarcado de Moscou contra o Patriarca Ecum\u00eanico Bartolomeu. S. Emin\u00eancia ressaltou que: \u201co Patriarcado Ecum\u00eanico agiu apenas com base nos interesses dos fi\u00e9is ortodoxos na Ucr\u00e2nia (\u2026). Ele n\u00e3o atuou por seus pr\u00f3prios interesses, muito menos sob press\u00e3o pol\u00edtica, e certamente n\u00e3o foi influenciado por antagonismos pol\u00edticos e interesses geopol\u00edticos\u201d. Sobre a dura postura adotada por Moscou contra o Phanar e as palavras duras dos l\u00edderes eclesi\u00e1sticos russos, o Metropolita Emmanuel enfatizou que \u201co Patriarcado Ecum\u00eanico, em seu constante respeito por todo ser humano, sabe apoiar e perdoar\u2026 Como \u201cIgreja Matriz, \u00e9 com afei\u00e7\u00e3o e amor altru\u00edsta que ele compreende suas rela\u00e7\u00f5es com todas as novas Igrejas autoc\u00e9falas geradas por ele e que lhe receberam autocefalia \u201d. \u00c9 neste esp\u00edrito de amor e paz para com todos que o Patriarca Ecum\u00eanico instou a Metropolita Epifanio de Kiev, Primaz da Igreja rec\u00e9m-criada, a agir \u201csem exce\u00e7\u00e3o nem discrimina\u00e7\u00e3o\u201d, disse o metropolita Emmanuel de Fran\u00e7a.<\/p>\n<p style=\"text-align: right;\">Fonte em grego:\u00a0<a href=\"http:\/\/fanarion.blogspot.com\/2019\/02\/blog-post_63.html\" target=\"_blank\" rel=\"noopener\">\u03a6\u03c9\u03c2 \u03a6\u03b1\u03bd\u03b1\u03c1\u03af\u03bf\u03c5<\/a><br \/>\nEm Franc\u00eas: <a href=\"https:\/\/orthodoxie.com\/\" target=\"_blank\" rel=\"noopener\">Orthodoxie.com<\/a><\/p>\n","protected":false},"excerpt":{"rendered":"<p>21 de fevereiro de 2019 &#8212; Em entrevista publicada na edi\u00e7\u00e3o do \u00faltimo, 17 de fevereiro, do di\u00e1rio grego To Vima, o Metropolita Emmanuel de Fran\u00e7a reagiu \u00e0s acusa\u00e7\u00f5es feitas pelo Patriarcado de Moscou contra o Patriarca Ecum\u00eanico Bartolomeu. S.&#8230;<\/p>\n","protected":false},"author":1,"featured_media":0,"comment_status":"open","ping_status":"open","sticky":false,"template":"","format":"standard","meta":{"_acf_changed":false,"footnotes":""},"categories":[1,72],"tags":[],"class_list":["post-26444","post","type-post","status-publish","format-standard","hentry","category-news","category-patriarcado-ecumenico","entry","rows-excerpt"],"acf":[],"yoast_head":"<!-- This site is optimized with the Yoast SEO plugin v27.4 - https:\/\/yoast.com\/product\/yoast-seo-wordpress\/ -->\n<title>\u201cO Patriarcado n\u00e3o age sob press\u00e3o pol\u00edtica\u201d | ECCLESIA NEWS<\/title>\n<meta name=\"robots\" content=\"index, follow, max-snippet:-1, max-image-preview:large, max-video-preview:-1\" \/>\n<link rel=\"canonical\" href=\"https:\/\/news.ecclesia.org.br\/?p=26444\" \/>\n<meta property=\"og:locale\" content=\"pt_BR\" \/>\n<meta property=\"og:type\" content=\"article\" \/>\n<meta property=\"og:title\" content=\"\u201cO Patriarcado n\u00e3o age sob press\u00e3o pol\u00edtica\u201d | ECCLESIA NEWS\" \/>\n<meta property=\"og:description\" content=\"21 de fevereiro de 2019 &#8212; Em entrevista publicada na edi\u00e7\u00e3o do \u00faltimo, 17 de fevereiro, do di\u00e1rio grego To Vima, o Metropolita Emmanuel de Fran\u00e7a reagiu \u00e0s acusa\u00e7\u00f5es feitas pelo Patriarcado de Moscou contra o Patriarca Ecum\u00eanico Bartolomeu. S.&#8230;\" \/>\n<meta property=\"og:url\" content=\"https:\/\/news.ecclesia.org.br\/?p=26444\" \/>\n<meta property=\"og:site_name\" content=\"ECCLESIA NEWS\" \/>\n<meta property=\"article:publisher\" content=\"https:\/\/www.facebook.com\/Ecclesia2025\" \/>\n<meta property=\"article:published_time\" content=\"2019-02-21T12:29:41+00:00\" \/>\n<meta property=\"article:modified_time\" content=\"2021-07-30T19:18:00+00:00\" \/>\n<meta property=\"og:image\" content=\"https:\/\/news.ecclesia.org.br\/wp-content\/uploads\/2019\/02\/emmanuel-to-vima-300x229.jpg\" \/>\n<meta name=\"author\" content=\"Pe. Andr\u00e9\" \/>\n<meta name=\"twitter:card\" content=\"summary_large_image\" \/>\n<meta name=\"twitter:creator\" content=\"@EcclesiaNews\" \/>\n<meta name=\"twitter:site\" content=\"@EcclesiaNews\" \/>\n<meta name=\"twitter:label1\" content=\"Escrito por\" \/>\n\t<meta name=\"twitter:data1\" content=\"Pe. Andr\u00e9\" \/>\n\t<meta name=\"twitter:label2\" content=\"Est. tempo de leitura\" \/>\n\t<meta name=\"twitter:data2\" content=\"1 minuto\" \/>\n<script type=\"application\/ld+json\" class=\"yoast-schema-graph\">{\"@context\":\"https:\\\/\\\/schema.org\",\"@graph\":[{\"@type\":\"Article\",\"@id\":\"https:\\\/\\\/news.ecclesia.org.br\\\/?p=26444#article\",\"isPartOf\":{\"@id\":\"https:\\\/\\\/news.ecclesia.org.br\\\/?p=26444\"},\"author\":{\"name\":\"Pe. Andr\u00e9\",\"@id\":\"https:\\\/\\\/news.ecclesia.org.br\\\/#\\\/schema\\\/person\\\/6f09597f025829745ba414a569f63758\"},\"headline\":\"\u201cO Patriarcado n\u00e3o age sob press\u00e3o pol\u00edtica\u201d\",\"datePublished\":\"2019-02-21T12:29:41+00:00\",\"dateModified\":\"2021-07-30T19:18:00+00:00\",\"mainEntityOfPage\":{\"@id\":\"https:\\\/\\\/news.ecclesia.org.br\\\/?p=26444\"},\"wordCount\":224,\"commentCount\":0,\"publisher\":{\"@id\":\"https:\\\/\\\/news.ecclesia.org.br\\\/#organization\"},\"image\":{\"@id\":\"https:\\\/\\\/news.ecclesia.org.br\\\/?p=26444#primaryimage\"},\"thumbnailUrl\":\"https:\\\/\\\/news.ecclesia.org.br\\\/wp-content\\\/uploads\\\/2019\\\/02\\\/emmanuel-to-vima-300x229.jpg\",\"articleSection\":[\"NEWS\",\"Patriarcado Ecum\u00eanico\"],\"inLanguage\":\"pt-BR\",\"potentialAction\":[{\"@type\":\"CommentAction\",\"name\":\"Comment\",\"target\":[\"https:\\\/\\\/news.ecclesia.org.br\\\/?p=26444#respond\"]}]},{\"@type\":\"WebPage\",\"@id\":\"https:\\\/\\\/news.ecclesia.org.br\\\/?p=26444\",\"url\":\"https:\\\/\\\/news.ecclesia.org.br\\\/?p=26444\",\"name\":\"\u201cO Patriarcado n\u00e3o age sob press\u00e3o pol\u00edtica\u201d | ECCLESIA NEWS\",\"isPartOf\":{\"@id\":\"https:\\\/\\\/news.ecclesia.org.br\\\/#website\"},\"primaryImageOfPage\":{\"@id\":\"https:\\\/\\\/news.ecclesia.org.br\\\/?p=26444#primaryimage\"},\"image\":{\"@id\":\"https:\\\/\\\/news.ecclesia.org.br\\\/?p=26444#primaryimage\"},\"thumbnailUrl\":\"https:\\\/\\\/news.ecclesia.org.br\\\/wp-content\\\/uploads\\\/2019\\\/02\\\/emmanuel-to-vima-300x229.jpg\",\"datePublished\":\"2019-02-21T12:29:41+00:00\",\"dateModified\":\"2021-07-30T19:18:00+00:00\",\"breadcrumb\":{\"@id\":\"https:\\\/\\\/news.ecclesia.org.br\\\/?p=26444#breadcrumb\"},\"inLanguage\":\"pt-BR\",\"potentialAction\":[{\"@type\":\"ReadAction\",\"target\":[\"https:\\\/\\\/news.ecclesia.org.br\\\/?p=26444\"]}]},{\"@type\":\"ImageObject\",\"inLanguage\":\"pt-BR\",\"@id\":\"https:\\\/\\\/news.ecclesia.org.br\\\/?p=26444#primaryimage\",\"url\":\"https:\\\/\\\/news.ecclesia.org.br\\\/wp-content\\\/uploads\\\/2019\\\/02\\\/emmanuel-to-vima.jpg\",\"contentUrl\":\"https:\\\/\\\/news.ecclesia.org.br\\\/wp-content\\\/uploads\\\/2019\\\/02\\\/emmanuel-to-vima.jpg\",\"width\":1600,\"height\":1220},{\"@type\":\"BreadcrumbList\",\"@id\":\"https:\\\/\\\/news.ecclesia.org.br\\\/?p=26444#breadcrumb\",\"itemListElement\":[{\"@type\":\"ListItem\",\"position\":1,\"name\":\"In\u00edcio\",\"item\":\"https:\\\/\\\/news.ecclesia.org.br\\\/\"},{\"@type\":\"ListItem\",\"position\":2,\"name\":\"\u201cO Patriarcado n\u00e3o age sob press\u00e3o pol\u00edtica\u201d\"}]},{\"@type\":\"WebSite\",\"@id\":\"https:\\\/\\\/news.ecclesia.org.br\\\/#website\",\"url\":\"https:\\\/\\\/news.ecclesia.org.br\\\/\",\"name\":\"Ecclesia Brasil\",\"description\":\"Desde 2003 onectando o Brasil ao mundo ortodoxo!\",\"publisher\":{\"@id\":\"https:\\\/\\\/news.ecclesia.org.br\\\/#organization\"},\"alternateName\":\"Ecclesia\",\"potentialAction\":[{\"@type\":\"SearchAction\",\"target\":{\"@type\":\"EntryPoint\",\"urlTemplate\":\"https:\\\/\\\/news.ecclesia.org.br\\\/?s={search_term_string}\"},\"query-input\":{\"@type\":\"PropertyValueSpecification\",\"valueRequired\":true,\"valueName\":\"search_term_string\"}}],\"inLanguage\":\"pt-BR\"},{\"@type\":\"Organization\",\"@id\":\"https:\\\/\\\/news.ecclesia.org.br\\\/#organization\",\"name\":\"Sacra Arquidiocese de Buenos Aires e Am\u00e9rica do Sul | Patriarcado Ecum\u00eanico\",\"alternateName\":\"News Ecclesia Brasil\",\"url\":\"https:\\\/\\\/news.ecclesia.org.br\\\/\",\"logo\":{\"@type\":\"ImageObject\",\"inLanguage\":\"pt-BR\",\"@id\":\"https:\\\/\\\/news.ecclesia.org.br\\\/#\\\/schema\\\/logo\\\/image\\\/\",\"url\":\"https:\\\/\\\/news.ecclesia.org.br\\\/wp-content\\\/uploads\\\/2025\\\/05\\\/ecclesia2.png\",\"contentUrl\":\"https:\\\/\\\/news.ecclesia.org.br\\\/wp-content\\\/uploads\\\/2025\\\/05\\\/ecclesia2.png\",\"width\":480,\"height\":120,\"caption\":\"Sacra Arquidiocese de Buenos Aires e Am\u00e9rica do Sul | Patriarcado Ecum\u00eanico\"},\"image\":{\"@id\":\"https:\\\/\\\/news.ecclesia.org.br\\\/#\\\/schema\\\/logo\\\/image\\\/\"},\"sameAs\":[\"https:\\\/\\\/www.facebook.com\\\/Ecclesia2025\",\"https:\\\/\\\/x.com\\\/EcclesiaNews\",\"https:\\\/\\\/br.pinterest.com\\\/ekklisia\\\/\",\"https:\\\/\\\/www.youtube.com\\\/@EcclesiaBrasil\"]},{\"@type\":\"Person\",\"@id\":\"https:\\\/\\\/news.ecclesia.org.br\\\/#\\\/schema\\\/person\\\/6f09597f025829745ba414a569f63758\",\"name\":\"Pe. Andr\u00e9\",\"image\":{\"@type\":\"ImageObject\",\"inLanguage\":\"pt-BR\",\"@id\":\"https:\\\/\\\/secure.gravatar.com\\\/avatar\\\/b4327cfa27e9799da239a26adcd534fc29cdc0c4a4a148eecbcfeb9b42c617ac?s=96&d=mm&r=g\",\"url\":\"https:\\\/\\\/secure.gravatar.com\\\/avatar\\\/b4327cfa27e9799da239a26adcd534fc29cdc0c4a4a148eecbcfeb9b42c617ac?s=96&d=mm&r=g\",\"contentUrl\":\"https:\\\/\\\/secure.gravatar.com\\\/avatar\\\/b4327cfa27e9799da239a26adcd534fc29cdc0c4a4a148eecbcfeb9b42c617ac?s=96&d=mm&r=g\",\"caption\":\"Pe. Andr\u00e9\"},\"sameAs\":[\"https:\\\/\\\/www.ecclesia.org.br\"]}]}<\/script>\n<!-- \/ Yoast SEO plugin. -->","yoast_head_json":{"title":"\u201cO Patriarcado n\u00e3o age sob press\u00e3o pol\u00edtica\u201d | ECCLESIA NEWS","robots":{"index":"index","follow":"follow","max-snippet":"max-snippet:-1","max-image-preview":"max-image-preview:large","max-video-preview":"max-video-preview:-1"},"canonical":"https:\/\/news.ecclesia.org.br\/?p=26444","og_locale":"pt_BR","og_type":"article","og_title":"\u201cO Patriarcado n\u00e3o age sob press\u00e3o pol\u00edtica\u201d | ECCLESIA NEWS","og_description":"21 de fevereiro de 2019 &#8212; Em entrevista publicada na edi\u00e7\u00e3o do \u00faltimo, 17 de fevereiro, do di\u00e1rio grego To Vima, o Metropolita Emmanuel de Fran\u00e7a reagiu \u00e0s acusa\u00e7\u00f5es feitas pelo Patriarcado de Moscou contra o Patriarca Ecum\u00eanico Bartolomeu. S.&#8230;","og_url":"https:\/\/news.ecclesia.org.br\/?p=26444","og_site_name":"ECCLESIA NEWS","article_publisher":"https:\/\/www.facebook.com\/Ecclesia2025","article_published_time":"2019-02-21T12:29:41+00:00","article_modified_time":"2021-07-30T19:18:00+00:00","og_image":[{"url":"https:\/\/news.ecclesia.org.br\/wp-content\/uploads\/2019\/02\/emmanuel-to-vima-300x229.jpg","type":"","width":"","height":""}],"author":"Pe. Andr\u00e9","twitter_card":"summary_large_image","twitter_creator":"@EcclesiaNews","twitter_site":"@EcclesiaNews","twitter_misc":{"Escrito por":"Pe. Andr\u00e9","Est. tempo de leitura":"1 minuto"},"schema":{"@context":"https:\/\/schema.org","@graph":[{"@type":"Article","@id":"https:\/\/news.ecclesia.org.br\/?p=26444#article","isPartOf":{"@id":"https:\/\/news.ecclesia.org.br\/?p=26444"},"author":{"name":"Pe. Andr\u00e9","@id":"https:\/\/news.ecclesia.org.br\/#\/schema\/person\/6f09597f025829745ba414a569f63758"},"headline":"\u201cO Patriarcado n\u00e3o age sob press\u00e3o pol\u00edtica\u201d","datePublished":"2019-02-21T12:29:41+00:00","dateModified":"2021-07-30T19:18:00+00:00","mainEntityOfPage":{"@id":"https:\/\/news.ecclesia.org.br\/?p=26444"},"wordCount":224,"commentCount":0,"publisher":{"@id":"https:\/\/news.ecclesia.org.br\/#organization"},"image":{"@id":"https:\/\/news.ecclesia.org.br\/?p=26444#primaryimage"},"thumbnailUrl":"https:\/\/news.ecclesia.org.br\/wp-content\/uploads\/2019\/02\/emmanuel-to-vima-300x229.jpg","articleSection":["NEWS","Patriarcado Ecum\u00eanico"],"inLanguage":"pt-BR","potentialAction":[{"@type":"CommentAction","name":"Comment","target":["https:\/\/news.ecclesia.org.br\/?p=26444#respond"]}]},{"@type":"WebPage","@id":"https:\/\/news.ecclesia.org.br\/?p=26444","url":"https:\/\/news.ecclesia.org.br\/?p=26444","name":"\u201cO Patriarcado n\u00e3o age sob press\u00e3o pol\u00edtica\u201d | ECCLESIA NEWS","isPartOf":{"@id":"https:\/\/news.ecclesia.org.br\/#website"},"primaryImageOfPage":{"@id":"https:\/\/news.ecclesia.org.br\/?p=26444#primaryimage"},"image":{"@id":"https:\/\/news.ecclesia.org.br\/?p=26444#primaryimage"},"thumbnailUrl":"https:\/\/news.ecclesia.org.br\/wp-content\/uploads\/2019\/02\/emmanuel-to-vima-300x229.jpg","datePublished":"2019-02-21T12:29:41+00:00","dateModified":"2021-07-30T19:18:00+00:00","breadcrumb":{"@id":"https:\/\/news.ecclesia.org.br\/?p=26444#breadcrumb"},"inLanguage":"pt-BR","potentialAction":[{"@type":"ReadAction","target":["https:\/\/news.ecclesia.org.br\/?p=26444"]}]},{"@type":"ImageObject","inLanguage":"pt-BR","@id":"https:\/\/news.ecclesia.org.br\/?p=26444#primaryimage","url":"https:\/\/news.ecclesia.org.br\/wp-content\/uploads\/2019\/02\/emmanuel-to-vima.jpg","contentUrl":"https:\/\/news.ecclesia.org.br\/wp-content\/uploads\/2019\/02\/emmanuel-to-vima.jpg","width":1600,"height":1220},{"@type":"BreadcrumbList","@id":"https:\/\/news.ecclesia.org.br\/?p=26444#breadcrumb","itemListElement":[{"@type":"ListItem","position":1,"name":"In\u00edcio","item":"https:\/\/news.ecclesia.org.br\/"},{"@type":"ListItem","position":2,"name":"\u201cO Patriarcado n\u00e3o age sob press\u00e3o pol\u00edtica\u201d"}]},{"@type":"WebSite","@id":"https:\/\/news.ecclesia.org.br\/#website","url":"https:\/\/news.ecclesia.org.br\/","name":"Ecclesia Brasil","description":"Desde 2003 onectando o Brasil ao mundo ortodoxo!","publisher":{"@id":"https:\/\/news.ecclesia.org.br\/#organization"},"alternateName":"Ecclesia","potentialAction":[{"@type":"SearchAction","target":{"@type":"EntryPoint","urlTemplate":"https:\/\/news.ecclesia.org.br\/?s={search_term_string}"},"query-input":{"@type":"PropertyValueSpecification","valueRequired":true,"valueName":"search_term_string"}}],"inLanguage":"pt-BR"},{"@type":"Organization","@id":"https:\/\/news.ecclesia.org.br\/#organization","name":"Sacra Arquidiocese de Buenos Aires e Am\u00e9rica do Sul | Patriarcado Ecum\u00eanico","alternateName":"News Ecclesia Brasil","url":"https:\/\/news.ecclesia.org.br\/","logo":{"@type":"ImageObject","inLanguage":"pt-BR","@id":"https:\/\/news.ecclesia.org.br\/#\/schema\/logo\/image\/","url":"https:\/\/news.ecclesia.org.br\/wp-content\/uploads\/2025\/05\/ecclesia2.png","contentUrl":"https:\/\/news.ecclesia.org.br\/wp-content\/uploads\/2025\/05\/ecclesia2.png","width":480,"height":120,"caption":"Sacra Arquidiocese de Buenos Aires e Am\u00e9rica do Sul | Patriarcado Ecum\u00eanico"},"image":{"@id":"https:\/\/news.ecclesia.org.br\/#\/schema\/logo\/image\/"},"sameAs":["https:\/\/www.facebook.com\/Ecclesia2025","https:\/\/x.com\/EcclesiaNews","https:\/\/br.pinterest.com\/ekklisia\/","https:\/\/www.youtube.com\/@EcclesiaBrasil"]},{"@type":"Person","@id":"https:\/\/news.ecclesia.org.br\/#\/schema\/person\/6f09597f025829745ba414a569f63758","name":"Pe. Andr\u00e9","image":{"@type":"ImageObject","inLanguage":"pt-BR","@id":"https:\/\/secure.gravatar.com\/avatar\/b4327cfa27e9799da239a26adcd534fc29cdc0c4a4a148eecbcfeb9b42c617ac?s=96&d=mm&r=g","url":"https:\/\/secure.gravatar.com\/avatar\/b4327cfa27e9799da239a26adcd534fc29cdc0c4a4a148eecbcfeb9b42c617ac?s=96&d=mm&r=g","contentUrl":"https:\/\/secure.gravatar.com\/avatar\/b4327cfa27e9799da239a26adcd534fc29cdc0c4a4a148eecbcfeb9b42c617ac?s=96&d=mm&r=g","caption":"Pe. Andr\u00e9"},"sameAs":["https:\/\/www.ecclesia.org.br"]}]}},"_links":{"self":[{"href":"https:\/\/news.ecclesia.org.br\/index.php?rest_route=\/wp\/v2\/posts\/26444","targetHints":{"allow":["GET"]}}],"collection":[{"href":"https:\/\/news.ecclesia.org.br\/index.php?rest_route=\/wp\/v2\/posts"}],"about":[{"href":"https:\/\/news.ecclesia.org.br\/index.php?rest_route=\/wp\/v2\/types\/post"}],"author":[{"embeddable":true,"href":"https:\/\/news.ecclesia.org.br\/index.php?rest_route=\/wp\/v2\/users\/1"}],"replies":[{"embeddable":true,"href":"https:\/\/news.ecclesia.org.br\/index.php?rest_route=%2Fwp%2Fv2%2Fcomments&post=26444"}],"version-history":[{"count":1,"href":"https:\/\/news.ecclesia.org.br\/index.php?rest_route=\/wp\/v2\/posts\/26444\/revisions"}],"predecessor-version":[{"id":38620,"href":"https:\/\/news.ecclesia.org.br\/index.php?rest_route=\/wp\/v2\/posts\/26444\/revisions\/38620"}],"wp:attachment":[{"href":"https:\/\/news.ecclesia.org.br\/index.php?rest_route=%2Fwp%2Fv2%2Fmedia&parent=26444"}],"wp:term":[{"taxonomy":"category","embeddable":true,"href":"https:\/\/news.ecclesia.org.br\/index.php?rest_route=%2Fwp%2Fv2%2Fcategories&post=26444"},{"taxonomy":"post_tag","embeddable":true,"href":"https:\/\/news.ecclesia.org.br\/index.php?rest_route=%2Fwp%2Fv2%2Ftags&post=26444"}],"curies":[{"name":"wp","href":"https:\/\/api.w.org\/{rel}","templated":true}]}}