{"id":26439,"date":"2019-02-12T23:56:12","date_gmt":"2019-02-12T23:56:12","guid":{"rendered":"https:\/\/news.ecclesia.org.br\/?p=26439"},"modified":"2021-07-30T16:18:30","modified_gmt":"2021-07-30T19:18:30","slug":"cela-de-cristo-no-santo-sepulcro-e-reaberto-em-jerusalem","status":"publish","type":"post","link":"https:\/\/news.ecclesia.org.br\/?p=26439","title":{"rendered":"\u2018Cela de Cristo\u2019 no Santo Sepulcro \u00e9 reaberta em Jerusal\u00e9m"},"content":{"rendered":"<figure id=\"attachment_26440\" aria-describedby=\"caption-attachment-26440\" style=\"width: 300px\" class=\"wp-caption alignleft\"><a href=\"https:\/\/news.ecclesia.org.br\/wp-content\/uploads\/2019\/02\/pascoa-2018-AFP.jpg\"><img fetchpriority=\"high\" decoding=\"async\" class=\"size-medium wp-image-26440\" src=\"https:\/\/news.ecclesia.org.br\/wp-content\/uploads\/2019\/02\/pascoa-2018-AFP-300x200.jpg\" alt=\"\" width=\"300\" height=\"200\" srcset=\"https:\/\/news.ecclesia.org.br\/wp-content\/uploads\/2019\/02\/pascoa-2018-AFP-300x200.jpg 300w, https:\/\/news.ecclesia.org.br\/wp-content\/uploads\/2019\/02\/pascoa-2018-AFP.jpg 768w, https:\/\/news.ecclesia.org.br\/wp-content\/uploads\/2019\/02\/pascoa-2018-AFP-600x400.jpg 600w, https:\/\/news.ecclesia.org.br\/wp-content\/uploads\/2019\/02\/pascoa-2018-AFP-83x55.jpg 83w, https:\/\/news.ecclesia.org.br\/wp-content\/uploads\/2019\/02\/pascoa-2018-AFP-60x40.jpg 60w, https:\/\/news.ecclesia.org.br\/wp-content\/uploads\/2019\/02\/pascoa-2018-AFP-120x80.jpg 120w\" sizes=\"(max-width: 300px) 100vw, 300px\" \/><\/a><figcaption id=\"caption-attachment-26440\" class=\"wp-caption-text\">Peregrinos participam da cerim\u00f4nia do &#8220;fogo sagrado&#8221; no Santo Sepulcro de Jerusal\u00e9m, por ocasi\u00e3o da ortodoxa, em 7 de abril de 2018 &#8211; AFP\/Arquivos<\/figcaption><\/figure>\n<p style=\"text-align: justify;\">A capela constru\u00edda sobre o local onde, segundo a tradi\u00e7\u00e3o, Jesus foi mantido preso por soldados romanos antes de ser crucificado, foi reaberta depois dos trabalhos de reforma no Santo Sepulcro, em Jerusal\u00e9m, constatou um fot\u00f3grafo da AFP nesta sexta-feira (8).<\/p>\n<p style=\"text-align: justify;\">\u201cNesta pris\u00e3o, Jesus foi detido ao fim da Via Dolorosa, \u00e0 espera da instala\u00e7\u00e3o da cruz em que seria crucificado\u201d, disse nesta sexta-feira \u00e0 AFP um encarregado da Igreja Ortodoxa Grega, sob a condi\u00e7\u00e3o de ter sua identidade preservada.<\/p>\n<p style=\"text-align: justify;\">O local passou por diversos reparos nos \u00faltimos anos, depois de um inc\u00eandio que provocou graves danos. \u201cDesde janeiro transformou-se em um local de ora\u00e7\u00e3o e recolhimento\u201d, disse a mesma fonte.<\/p>\n<p style=\"text-align: justify;\">Na capela v\u00ea-se os buracos cavados na rocha que, segundo a tradi\u00e7\u00e3o, serviram para acorrentar os p\u00e9s de Jesus. Os dois buracos est\u00e3o protegidos por uma vitrine e decorados com um \u00edcone que mostra Jesus com as m\u00e3os e os p\u00e9s amarrados.<\/p>\n<p style=\"text-align: justify;\">Esta se\u00e7\u00e3o se encontra na parte do Santo Sepulcro \u201csob soberania\u201d da Igreja Ortodoxa Grega.<\/p>\n<p style=\"text-align: justify;\">A capela tamb\u00e9m \u00e9 venerada pela Igreja Arm\u00eania, assim como pelos integrantes da ordem dos Franciscanos na Igreja Cat\u00f3lica.<\/p>\n<p style=\"text-align: justify;\">De acordo com a tradi\u00e7\u00e3o, o Santo Sepulcro \u00e9 o local onde ocorreu o sepultamento e a ressurrei\u00e7\u00e3o de Cristo. Fica no leste de Jerusal\u00e9m, na parte antiga da cidade, que foi ocupada e anexada por Israel.<\/p>\n<hr \/>\n<p style=\"text-align: right;\">Fonte: <a href=\"https:\/\/istoe.com.br\/cela-de-cristo-no-santo-sepulcro-e-reaberto-em-jerusalem\/\" target=\"_blank\" rel=\"noopener\">Revista Isto \u00c9<\/a><\/p>\n","protected":false},"excerpt":{"rendered":"<p>A capela constru\u00edda sobre o local onde, segundo a tradi\u00e7\u00e3o, Jesus foi mantido preso por soldados romanos antes de ser crucificado, foi reaberta depois dos trabalhos de reforma no Santo Sepulcro, em Jerusal\u00e9m, constatou um fot\u00f3grafo da AFP nesta sexta-feira&#8230;<\/p>\n","protected":false},"author":1,"featured_media":0,"comment_status":"open","ping_status":"open","sticky":false,"template":"","format":"standard","meta":{"_acf_changed":false,"footnotes":""},"categories":[1],"tags":[],"class_list":["post-26439","post","type-post","status-publish","format-standard","hentry","category-news","entry","rows-excerpt"],"acf":[],"yoast_head":"<!-- This site is optimized with the Yoast SEO plugin v27.4 - https:\/\/yoast.com\/product\/yoast-seo-wordpress\/ -->\n<title>\u2018Cela de Cristo\u2019 no Santo Sepulcro \u00e9 reaberta em Jerusal\u00e9m | ECCLESIA NEWS<\/title>\n<meta name=\"robots\" content=\"index, follow, max-snippet:-1, max-image-preview:large, max-video-preview:-1\" \/>\n<link rel=\"canonical\" href=\"https:\/\/news.ecclesia.org.br\/?p=26439\" \/>\n<meta property=\"og:locale\" content=\"pt_BR\" \/>\n<meta property=\"og:type\" content=\"article\" \/>\n<meta property=\"og:title\" content=\"\u2018Cela de Cristo\u2019 no Santo Sepulcro \u00e9 reaberta em Jerusal\u00e9m | ECCLESIA NEWS\" \/>\n<meta property=\"og:description\" content=\"A capela constru\u00edda sobre o local onde, segundo a tradi\u00e7\u00e3o, Jesus foi mantido preso por soldados romanos antes de ser crucificado, foi reaberta depois dos trabalhos de reforma no Santo Sepulcro, em Jerusal\u00e9m, constatou um fot\u00f3grafo da AFP nesta sexta-feira&#8230;\" \/>\n<meta property=\"og:url\" content=\"https:\/\/news.ecclesia.org.br\/?p=26439\" \/>\n<meta property=\"og:site_name\" content=\"ECCLESIA NEWS\" \/>\n<meta property=\"article:publisher\" content=\"https:\/\/www.facebook.com\/Ecclesia2025\" \/>\n<meta property=\"article:published_time\" content=\"2019-02-12T23:56:12+00:00\" \/>\n<meta property=\"article:modified_time\" content=\"2021-07-30T19:18:30+00:00\" \/>\n<meta property=\"og:image\" content=\"https:\/\/news.ecclesia.org.br\/wp-content\/uploads\/2019\/02\/pascoa-2018-AFP-300x200.jpg\" \/>\n<meta name=\"author\" content=\"Pe. Andr\u00e9\" \/>\n<meta name=\"twitter:card\" content=\"summary_large_image\" \/>\n<meta name=\"twitter:creator\" content=\"@EcclesiaNews\" \/>\n<meta name=\"twitter:site\" content=\"@EcclesiaNews\" \/>\n<meta name=\"twitter:label1\" content=\"Escrito por\" \/>\n\t<meta name=\"twitter:data1\" content=\"Pe. Andr\u00e9\" \/>\n\t<meta name=\"twitter:label2\" content=\"Est. tempo de leitura\" \/>\n\t<meta name=\"twitter:data2\" content=\"1 minuto\" \/>\n<script type=\"application\/ld+json\" class=\"yoast-schema-graph\">{\"@context\":\"https:\\\/\\\/schema.org\",\"@graph\":[{\"@type\":\"Article\",\"@id\":\"https:\\\/\\\/news.ecclesia.org.br\\\/?p=26439#article\",\"isPartOf\":{\"@id\":\"https:\\\/\\\/news.ecclesia.org.br\\\/?p=26439\"},\"author\":{\"name\":\"Pe. Andr\u00e9\",\"@id\":\"https:\\\/\\\/news.ecclesia.org.br\\\/#\\\/schema\\\/person\\\/6f09597f025829745ba414a569f63758\"},\"headline\":\"\u2018Cela de Cristo\u2019 no Santo Sepulcro \u00e9 reaberta em Jerusal\u00e9m\",\"datePublished\":\"2019-02-12T23:56:12+00:00\",\"dateModified\":\"2021-07-30T19:18:30+00:00\",\"mainEntityOfPage\":{\"@id\":\"https:\\\/\\\/news.ecclesia.org.br\\\/?p=26439\"},\"wordCount\":287,\"commentCount\":2,\"publisher\":{\"@id\":\"https:\\\/\\\/news.ecclesia.org.br\\\/#organization\"},\"image\":{\"@id\":\"https:\\\/\\\/news.ecclesia.org.br\\\/?p=26439#primaryimage\"},\"thumbnailUrl\":\"https:\\\/\\\/news.ecclesia.org.br\\\/wp-content\\\/uploads\\\/2019\\\/02\\\/pascoa-2018-AFP-300x200.jpg\",\"articleSection\":[\"NEWS\"],\"inLanguage\":\"pt-BR\",\"potentialAction\":[{\"@type\":\"CommentAction\",\"name\":\"Comment\",\"target\":[\"https:\\\/\\\/news.ecclesia.org.br\\\/?p=26439#respond\"]}]},{\"@type\":\"WebPage\",\"@id\":\"https:\\\/\\\/news.ecclesia.org.br\\\/?p=26439\",\"url\":\"https:\\\/\\\/news.ecclesia.org.br\\\/?p=26439\",\"name\":\"\u2018Cela de Cristo\u2019 no Santo Sepulcro \u00e9 reaberta em Jerusal\u00e9m | ECCLESIA NEWS\",\"isPartOf\":{\"@id\":\"https:\\\/\\\/news.ecclesia.org.br\\\/#website\"},\"primaryImageOfPage\":{\"@id\":\"https:\\\/\\\/news.ecclesia.org.br\\\/?p=26439#primaryimage\"},\"image\":{\"@id\":\"https:\\\/\\\/news.ecclesia.org.br\\\/?p=26439#primaryimage\"},\"thumbnailUrl\":\"https:\\\/\\\/news.ecclesia.org.br\\\/wp-content\\\/uploads\\\/2019\\\/02\\\/pascoa-2018-AFP-300x200.jpg\",\"datePublished\":\"2019-02-12T23:56:12+00:00\",\"dateModified\":\"2021-07-30T19:18:30+00:00\",\"breadcrumb\":{\"@id\":\"https:\\\/\\\/news.ecclesia.org.br\\\/?p=26439#breadcrumb\"},\"inLanguage\":\"pt-BR\",\"potentialAction\":[{\"@type\":\"ReadAction\",\"target\":[\"https:\\\/\\\/news.ecclesia.org.br\\\/?p=26439\"]}]},{\"@type\":\"ImageObject\",\"inLanguage\":\"pt-BR\",\"@id\":\"https:\\\/\\\/news.ecclesia.org.br\\\/?p=26439#primaryimage\",\"url\":\"https:\\\/\\\/news.ecclesia.org.br\\\/wp-content\\\/uploads\\\/2019\\\/02\\\/pascoa-2018-AFP.jpg\",\"contentUrl\":\"https:\\\/\\\/news.ecclesia.org.br\\\/wp-content\\\/uploads\\\/2019\\\/02\\\/pascoa-2018-AFP.jpg\",\"width\":768,\"height\":512,\"caption\":\"Peregrinos participam da cerim\u00f4nia do \\\"fogo sagrado\\\" no Santo Sepulcro de Jerusal\u00e9m, por ocasi\u00e3o da ortodoxa, em 7 de abril de 2018 - AFP\\\/Arquivos\"},{\"@type\":\"BreadcrumbList\",\"@id\":\"https:\\\/\\\/news.ecclesia.org.br\\\/?p=26439#breadcrumb\",\"itemListElement\":[{\"@type\":\"ListItem\",\"position\":1,\"name\":\"In\u00edcio\",\"item\":\"https:\\\/\\\/news.ecclesia.org.br\\\/\"},{\"@type\":\"ListItem\",\"position\":2,\"name\":\"\u2018Cela de Cristo\u2019 no Santo Sepulcro \u00e9 reaberta em Jerusal\u00e9m\"}]},{\"@type\":\"WebSite\",\"@id\":\"https:\\\/\\\/news.ecclesia.org.br\\\/#website\",\"url\":\"https:\\\/\\\/news.ecclesia.org.br\\\/\",\"name\":\"Ecclesia Brasil\",\"description\":\"Desde 2003 onectando o Brasil ao mundo ortodoxo!\",\"publisher\":{\"@id\":\"https:\\\/\\\/news.ecclesia.org.br\\\/#organization\"},\"alternateName\":\"Ecclesia\",\"potentialAction\":[{\"@type\":\"SearchAction\",\"target\":{\"@type\":\"EntryPoint\",\"urlTemplate\":\"https:\\\/\\\/news.ecclesia.org.br\\\/?s={search_term_string}\"},\"query-input\":{\"@type\":\"PropertyValueSpecification\",\"valueRequired\":true,\"valueName\":\"search_term_string\"}}],\"inLanguage\":\"pt-BR\"},{\"@type\":\"Organization\",\"@id\":\"https:\\\/\\\/news.ecclesia.org.br\\\/#organization\",\"name\":\"Sacra Arquidiocese de Buenos Aires e Am\u00e9rica do Sul | Patriarcado Ecum\u00eanico\",\"alternateName\":\"News Ecclesia Brasil\",\"url\":\"https:\\\/\\\/news.ecclesia.org.br\\\/\",\"logo\":{\"@type\":\"ImageObject\",\"inLanguage\":\"pt-BR\",\"@id\":\"https:\\\/\\\/news.ecclesia.org.br\\\/#\\\/schema\\\/logo\\\/image\\\/\",\"url\":\"https:\\\/\\\/news.ecclesia.org.br\\\/wp-content\\\/uploads\\\/2025\\\/05\\\/ecclesia2.png\",\"contentUrl\":\"https:\\\/\\\/news.ecclesia.org.br\\\/wp-content\\\/uploads\\\/2025\\\/05\\\/ecclesia2.png\",\"width\":480,\"height\":120,\"caption\":\"Sacra Arquidiocese de Buenos Aires e Am\u00e9rica do Sul | Patriarcado Ecum\u00eanico\"},\"image\":{\"@id\":\"https:\\\/\\\/news.ecclesia.org.br\\\/#\\\/schema\\\/logo\\\/image\\\/\"},\"sameAs\":[\"https:\\\/\\\/www.facebook.com\\\/Ecclesia2025\",\"https:\\\/\\\/x.com\\\/EcclesiaNews\",\"https:\\\/\\\/br.pinterest.com\\\/ekklisia\\\/\",\"https:\\\/\\\/www.youtube.com\\\/@EcclesiaBrasil\"]},{\"@type\":\"Person\",\"@id\":\"https:\\\/\\\/news.ecclesia.org.br\\\/#\\\/schema\\\/person\\\/6f09597f025829745ba414a569f63758\",\"name\":\"Pe. Andr\u00e9\",\"image\":{\"@type\":\"ImageObject\",\"inLanguage\":\"pt-BR\",\"@id\":\"https:\\\/\\\/secure.gravatar.com\\\/avatar\\\/b4327cfa27e9799da239a26adcd534fc29cdc0c4a4a148eecbcfeb9b42c617ac?s=96&d=mm&r=g\",\"url\":\"https:\\\/\\\/secure.gravatar.com\\\/avatar\\\/b4327cfa27e9799da239a26adcd534fc29cdc0c4a4a148eecbcfeb9b42c617ac?s=96&d=mm&r=g\",\"contentUrl\":\"https:\\\/\\\/secure.gravatar.com\\\/avatar\\\/b4327cfa27e9799da239a26adcd534fc29cdc0c4a4a148eecbcfeb9b42c617ac?s=96&d=mm&r=g\",\"caption\":\"Pe. Andr\u00e9\"},\"sameAs\":[\"https:\\\/\\\/www.ecclesia.org.br\"]}]}<\/script>\n<!-- \/ Yoast SEO plugin. -->","yoast_head_json":{"title":"\u2018Cela de Cristo\u2019 no Santo Sepulcro \u00e9 reaberta em Jerusal\u00e9m | ECCLESIA NEWS","robots":{"index":"index","follow":"follow","max-snippet":"max-snippet:-1","max-image-preview":"max-image-preview:large","max-video-preview":"max-video-preview:-1"},"canonical":"https:\/\/news.ecclesia.org.br\/?p=26439","og_locale":"pt_BR","og_type":"article","og_title":"\u2018Cela de Cristo\u2019 no Santo Sepulcro \u00e9 reaberta em Jerusal\u00e9m | ECCLESIA NEWS","og_description":"A capela constru\u00edda sobre o local onde, segundo a tradi\u00e7\u00e3o, Jesus foi mantido preso por soldados romanos antes de ser crucificado, foi reaberta depois dos trabalhos de reforma no Santo Sepulcro, em Jerusal\u00e9m, constatou um fot\u00f3grafo da AFP nesta sexta-feira&#8230;","og_url":"https:\/\/news.ecclesia.org.br\/?p=26439","og_site_name":"ECCLESIA NEWS","article_publisher":"https:\/\/www.facebook.com\/Ecclesia2025","article_published_time":"2019-02-12T23:56:12+00:00","article_modified_time":"2021-07-30T19:18:30+00:00","og_image":[{"url":"https:\/\/news.ecclesia.org.br\/wp-content\/uploads\/2019\/02\/pascoa-2018-AFP-300x200.jpg","type":"","width":"","height":""}],"author":"Pe. Andr\u00e9","twitter_card":"summary_large_image","twitter_creator":"@EcclesiaNews","twitter_site":"@EcclesiaNews","twitter_misc":{"Escrito por":"Pe. Andr\u00e9","Est. tempo de leitura":"1 minuto"},"schema":{"@context":"https:\/\/schema.org","@graph":[{"@type":"Article","@id":"https:\/\/news.ecclesia.org.br\/?p=26439#article","isPartOf":{"@id":"https:\/\/news.ecclesia.org.br\/?p=26439"},"author":{"name":"Pe. Andr\u00e9","@id":"https:\/\/news.ecclesia.org.br\/#\/schema\/person\/6f09597f025829745ba414a569f63758"},"headline":"\u2018Cela de Cristo\u2019 no Santo Sepulcro \u00e9 reaberta em Jerusal\u00e9m","datePublished":"2019-02-12T23:56:12+00:00","dateModified":"2021-07-30T19:18:30+00:00","mainEntityOfPage":{"@id":"https:\/\/news.ecclesia.org.br\/?p=26439"},"wordCount":287,"commentCount":2,"publisher":{"@id":"https:\/\/news.ecclesia.org.br\/#organization"},"image":{"@id":"https:\/\/news.ecclesia.org.br\/?p=26439#primaryimage"},"thumbnailUrl":"https:\/\/news.ecclesia.org.br\/wp-content\/uploads\/2019\/02\/pascoa-2018-AFP-300x200.jpg","articleSection":["NEWS"],"inLanguage":"pt-BR","potentialAction":[{"@type":"CommentAction","name":"Comment","target":["https:\/\/news.ecclesia.org.br\/?p=26439#respond"]}]},{"@type":"WebPage","@id":"https:\/\/news.ecclesia.org.br\/?p=26439","url":"https:\/\/news.ecclesia.org.br\/?p=26439","name":"\u2018Cela de Cristo\u2019 no Santo Sepulcro \u00e9 reaberta em Jerusal\u00e9m | ECCLESIA NEWS","isPartOf":{"@id":"https:\/\/news.ecclesia.org.br\/#website"},"primaryImageOfPage":{"@id":"https:\/\/news.ecclesia.org.br\/?p=26439#primaryimage"},"image":{"@id":"https:\/\/news.ecclesia.org.br\/?p=26439#primaryimage"},"thumbnailUrl":"https:\/\/news.ecclesia.org.br\/wp-content\/uploads\/2019\/02\/pascoa-2018-AFP-300x200.jpg","datePublished":"2019-02-12T23:56:12+00:00","dateModified":"2021-07-30T19:18:30+00:00","breadcrumb":{"@id":"https:\/\/news.ecclesia.org.br\/?p=26439#breadcrumb"},"inLanguage":"pt-BR","potentialAction":[{"@type":"ReadAction","target":["https:\/\/news.ecclesia.org.br\/?p=26439"]}]},{"@type":"ImageObject","inLanguage":"pt-BR","@id":"https:\/\/news.ecclesia.org.br\/?p=26439#primaryimage","url":"https:\/\/news.ecclesia.org.br\/wp-content\/uploads\/2019\/02\/pascoa-2018-AFP.jpg","contentUrl":"https:\/\/news.ecclesia.org.br\/wp-content\/uploads\/2019\/02\/pascoa-2018-AFP.jpg","width":768,"height":512,"caption":"Peregrinos participam da cerim\u00f4nia do \"fogo sagrado\" no Santo Sepulcro de Jerusal\u00e9m, por ocasi\u00e3o da ortodoxa, em 7 de abril de 2018 - AFP\/Arquivos"},{"@type":"BreadcrumbList","@id":"https:\/\/news.ecclesia.org.br\/?p=26439#breadcrumb","itemListElement":[{"@type":"ListItem","position":1,"name":"In\u00edcio","item":"https:\/\/news.ecclesia.org.br\/"},{"@type":"ListItem","position":2,"name":"\u2018Cela de Cristo\u2019 no Santo Sepulcro \u00e9 reaberta em Jerusal\u00e9m"}]},{"@type":"WebSite","@id":"https:\/\/news.ecclesia.org.br\/#website","url":"https:\/\/news.ecclesia.org.br\/","name":"Ecclesia Brasil","description":"Desde 2003 onectando o Brasil ao mundo ortodoxo!","publisher":{"@id":"https:\/\/news.ecclesia.org.br\/#organization"},"alternateName":"Ecclesia","potentialAction":[{"@type":"SearchAction","target":{"@type":"EntryPoint","urlTemplate":"https:\/\/news.ecclesia.org.br\/?s={search_term_string}"},"query-input":{"@type":"PropertyValueSpecification","valueRequired":true,"valueName":"search_term_string"}}],"inLanguage":"pt-BR"},{"@type":"Organization","@id":"https:\/\/news.ecclesia.org.br\/#organization","name":"Sacra Arquidiocese de Buenos Aires e Am\u00e9rica do Sul | Patriarcado Ecum\u00eanico","alternateName":"News Ecclesia Brasil","url":"https:\/\/news.ecclesia.org.br\/","logo":{"@type":"ImageObject","inLanguage":"pt-BR","@id":"https:\/\/news.ecclesia.org.br\/#\/schema\/logo\/image\/","url":"https:\/\/news.ecclesia.org.br\/wp-content\/uploads\/2025\/05\/ecclesia2.png","contentUrl":"https:\/\/news.ecclesia.org.br\/wp-content\/uploads\/2025\/05\/ecclesia2.png","width":480,"height":120,"caption":"Sacra Arquidiocese de Buenos Aires e Am\u00e9rica do Sul | Patriarcado Ecum\u00eanico"},"image":{"@id":"https:\/\/news.ecclesia.org.br\/#\/schema\/logo\/image\/"},"sameAs":["https:\/\/www.facebook.com\/Ecclesia2025","https:\/\/x.com\/EcclesiaNews","https:\/\/br.pinterest.com\/ekklisia\/","https:\/\/www.youtube.com\/@EcclesiaBrasil"]},{"@type":"Person","@id":"https:\/\/news.ecclesia.org.br\/#\/schema\/person\/6f09597f025829745ba414a569f63758","name":"Pe. Andr\u00e9","image":{"@type":"ImageObject","inLanguage":"pt-BR","@id":"https:\/\/secure.gravatar.com\/avatar\/b4327cfa27e9799da239a26adcd534fc29cdc0c4a4a148eecbcfeb9b42c617ac?s=96&d=mm&r=g","url":"https:\/\/secure.gravatar.com\/avatar\/b4327cfa27e9799da239a26adcd534fc29cdc0c4a4a148eecbcfeb9b42c617ac?s=96&d=mm&r=g","contentUrl":"https:\/\/secure.gravatar.com\/avatar\/b4327cfa27e9799da239a26adcd534fc29cdc0c4a4a148eecbcfeb9b42c617ac?s=96&d=mm&r=g","caption":"Pe. Andr\u00e9"},"sameAs":["https:\/\/www.ecclesia.org.br"]}]}},"_links":{"self":[{"href":"https:\/\/news.ecclesia.org.br\/index.php?rest_route=\/wp\/v2\/posts\/26439","targetHints":{"allow":["GET"]}}],"collection":[{"href":"https:\/\/news.ecclesia.org.br\/index.php?rest_route=\/wp\/v2\/posts"}],"about":[{"href":"https:\/\/news.ecclesia.org.br\/index.php?rest_route=\/wp\/v2\/types\/post"}],"author":[{"embeddable":true,"href":"https:\/\/news.ecclesia.org.br\/index.php?rest_route=\/wp\/v2\/users\/1"}],"replies":[{"embeddable":true,"href":"https:\/\/news.ecclesia.org.br\/index.php?rest_route=%2Fwp%2Fv2%2Fcomments&post=26439"}],"version-history":[{"count":1,"href":"https:\/\/news.ecclesia.org.br\/index.php?rest_route=\/wp\/v2\/posts\/26439\/revisions"}],"predecessor-version":[{"id":38621,"href":"https:\/\/news.ecclesia.org.br\/index.php?rest_route=\/wp\/v2\/posts\/26439\/revisions\/38621"}],"wp:attachment":[{"href":"https:\/\/news.ecclesia.org.br\/index.php?rest_route=%2Fwp%2Fv2%2Fmedia&parent=26439"}],"wp:term":[{"taxonomy":"category","embeddable":true,"href":"https:\/\/news.ecclesia.org.br\/index.php?rest_route=%2Fwp%2Fv2%2Fcategories&post=26439"},{"taxonomy":"post_tag","embeddable":true,"href":"https:\/\/news.ecclesia.org.br\/index.php?rest_route=%2Fwp%2Fv2%2Ftags&post=26439"}],"curies":[{"name":"wp","href":"https:\/\/api.w.org\/{rel}","templated":true}]}}