{"id":26431,"date":"2019-02-07T21:39:15","date_gmt":"2019-02-07T21:39:15","guid":{"rendered":"https:\/\/news.ecclesia.org.br\/?p=26431"},"modified":"2021-08-03T19:49:20","modified_gmt":"2021-08-03T22:49:20","slug":"tsipras-apela-a-reabertura-de-seminario-ortodoxo-de-istambul-encerrado-em-1971","status":"publish","type":"post","link":"https:\/\/news.ecclesia.org.br\/?p=26431","title":{"rendered":"Tsipras apela \u00e0 reabertura de semin\u00e1rio ortodoxo de Istambul encerrado em 1971"},"content":{"rendered":"<p><a href=\"https:\/\/news.ecclesia.org.br\/wp-content\/uploads\/2015\/11\/halkis-panoramica-1.jpg\"><img fetchpriority=\"high\" decoding=\"async\" class=\"alignleft size-medium wp-image-10092\" src=\"https:\/\/news.ecclesia.org.br\/wp-content\/uploads\/2015\/11\/halkis-panoramica-1-300x216.jpg\" alt=\"\" width=\"300\" height=\"216\" srcset=\"https:\/\/news.ecclesia.org.br\/wp-content\/uploads\/2015\/11\/halkis-panoramica-1-300x216.jpg 300w, https:\/\/news.ecclesia.org.br\/wp-content\/uploads\/2015\/11\/halkis-panoramica-1-768x552.jpg 768w, https:\/\/news.ecclesia.org.br\/wp-content\/uploads\/2015\/11\/halkis-panoramica-1-1024x737.jpg 1024w, https:\/\/news.ecclesia.org.br\/wp-content\/uploads\/2015\/11\/halkis-panoramica-1-76x55.jpg 76w, https:\/\/news.ecclesia.org.br\/wp-content\/uploads\/2015\/11\/halkis-panoramica-1.jpg 1600w\" sizes=\"(max-width: 300px) 100vw, 300px\" \/><\/a>O primeiro-ministro grego Al\u00e9xis Tsipras, em visita oficial \u00e0 Turquia, e o Patriarca Ecum\u00eanico de Constantinopla, Bartolomeu I, manifestaram hoje a esperan\u00e7a que as autoridades turcas autorizem a reabertura do &#8220;Semin\u00e1rio de Halki&#8221;.<\/p>\n<p>O monast\u00e9rio ortodoxo Hagia Triada, situado no alto de uma colina da ilha de Heybeliada, no mar de M\u00e1rmara, acolhia desde 1844, at\u00e9 ao seu encerramento em 1971, um dos mais importantes semin\u00e1rios teol\u00f3gicos do Mediterr\u00e2neo oriental.<\/p>\n<p>\u00abLamentavelmente est\u00e1 agora encerrado e celebramos o seu anivers\u00e1rio em 06 de fevereiro sem classes e sem professores\u00bb, disse no seu discurso Bartolomeu, que estudou nesta institui\u00e7\u00e3o.<\/p>\n<p>\u00abAs nossas esperan\u00e7as est\u00e3o depositadas na Turquia: julgamos que n\u00e3o est\u00e1 longe o dia em que volte a abrir\u00bb, acrescentou.<\/p>\n<p>O Patriarca sublinhou que a reabertura seria muito importante n\u00e3o apenas para a Igreja Ortodoxa e para a cristandade \u00abmas tamb\u00e9m para a heran\u00e7a cultural da nossa p\u00e1tria\u00bb.<\/p>\n<p>Tsipras, que se reuniu na ter\u00e7a-feira em Ancara com o Presidente da Turquia Recep Tayyip Erdogan, tamb\u00e9m se declarou \u00abemocionado e contente de estar na hist\u00f3rica ilha de Halki\u00bb e definiu a sua visita como \u00abportadora de esperan\u00e7a\u00bb.<\/p>\n<p>\u00abEspero que na minha pr\u00f3xima visita venha aqui para reabrir o semin\u00e1rio juntamente com Recep Tayyip Erdogan\u00bb, concluiu Tsipras.<\/p>\n<p>O primeiro-ministro grego chegou \u00e0 ilha acompanhado por sua mulher, Betty Batziana, ap\u00f3s uma vista \u00e0 antiga Igreja bizantina de Hagia Sofia em Istambul. Foi recebido pelo Patriarca Bartolomeu, e ap\u00f3s assistir a uma cerim\u00f4nia religiosa ambos sa\u00edram para o jardim do monast\u00e9rio para plantar uma \u00e1rvore, num ato em que tamb\u00e9m participou o porta-voz da presid\u00eancia turca, Ibrahim Kalin.<\/p>\n<p>Bartolomeu recordou que o semin\u00e1rio, que formou 12 patriarcas ecum\u00eanicos e v\u00e1rios dirigentes da Igreja Ortodoxa de Alexandria, Antioquia e Atenas \u00abfoi aberto durante a \u00e9poca otomana mas encerrado durante a Rep\u00fablica, algo inexplic\u00e1vel\u00bb.<\/p>\n<p>Na ter\u00e7a-feira Erdogan afirmou que n\u00e3o tem \u00abnenhum problema\u00bb em reabrir o Semin\u00e1rio de Halki, uma persistente reivindica\u00e7\u00e3o de Atenas, mas condicionou uma eventual decis\u00e3o \u00e0 sua exig\u00eancia sobre o processo de nomea\u00e7\u00e3o de &#8216;muftis&#8217; (jurista) destinados \u00e0 minoria mu\u00e7ulmana de l\u00edngua turca que habita na Tr\u00e1cia grega, nordeste do pa\u00eds.<\/p>\n<p>O acordo de Lausanne de 1923 prev\u00ea que esta minoria possa reger-se pela lei cor\u00e2nica em certos aspetos, mas Atenas insiste em designar por decreto os &#8216;muftis&#8217; que devem interpret\u00e1-la, enquanto Ancara pretende que sejam eleitos numa assembleia.<\/p>\n<p>\u00abDisse a Tsipras que se resolverem o problema dos &#8216;muftis&#8217; na Tr\u00e1cia, eu resolvo este\u00bb, disse Erdogan na ter\u00e7a-feira.<\/p>\n<p>Tsipras, por sua vez, rejeitou converter o semin\u00e1rio no \u00abtema de um acordo bilateral, negocia\u00e7\u00e3o ou interc\u00e2mbio\u00bb, e recordou que \u00abcada governo tem a obriga\u00e7\u00e3o de defender os interesses das minorias no seu pr\u00f3prio pa\u00eds, respeitando os princ\u00edpios da liberdade religiosa\u00bb.<\/p>\n<p style=\"text-align: right;\">Fonte: <a href=\"https:\/\/www.dn.pt\/lusa\/interior\/tsipras-apela-a-reabertura-de-seminario-ortodoxo-de-istambul-encerrado-em-1971-10543253.html\" target=\"_blank\" rel=\"noopener\">Di\u00e1rio de Not\u00edcias<\/a><\/p>\n<p>&nbsp;<\/p>\n","protected":false},"excerpt":{"rendered":"<p>O primeiro-ministro grego Al\u00e9xis Tsipras, em visita oficial \u00e0 Turquia, e o Patriarca Ecum\u00eanico de Constantinopla, Bartolomeu I, manifestaram hoje a esperan\u00e7a que as autoridades turcas autorizem a reabertura do &#8220;Semin\u00e1rio de Halki&#8221;. O monast\u00e9rio ortodoxo Hagia Triada, situado no&#8230;<\/p>\n","protected":false},"author":1,"featured_media":0,"comment_status":"open","ping_status":"open","sticky":false,"template":"","format":"standard","meta":{"_acf_changed":false,"footnotes":""},"categories":[3,72],"tags":[],"class_list":["post-26431","post","type-post","status-publish","format-standard","hentry","category-mundo","category-patriarcado-ecumenico","entry","rows-excerpt"],"acf":[],"yoast_head":"<!-- This site is optimized with the Yoast SEO plugin v27.4 - https:\/\/yoast.com\/product\/yoast-seo-wordpress\/ -->\n<title>Tsipras apela \u00e0 reabertura de semin\u00e1rio ortodoxo de Istambul encerrado em 1971 | ECCLESIA NEWS<\/title>\n<meta name=\"robots\" content=\"index, follow, max-snippet:-1, max-image-preview:large, max-video-preview:-1\" \/>\n<link rel=\"canonical\" href=\"https:\/\/news.ecclesia.org.br\/?p=26431\" \/>\n<meta property=\"og:locale\" content=\"pt_BR\" \/>\n<meta property=\"og:type\" content=\"article\" \/>\n<meta property=\"og:title\" content=\"Tsipras apela \u00e0 reabertura de semin\u00e1rio ortodoxo de Istambul encerrado em 1971 | ECCLESIA NEWS\" \/>\n<meta property=\"og:description\" content=\"O primeiro-ministro grego Al\u00e9xis Tsipras, em visita oficial \u00e0 Turquia, e o Patriarca Ecum\u00eanico de Constantinopla, Bartolomeu I, manifestaram hoje a esperan\u00e7a que as autoridades turcas autorizem a reabertura do &#8220;Semin\u00e1rio de Halki&#8221;. O monast\u00e9rio ortodoxo Hagia Triada, situado no&#8230;\" \/>\n<meta property=\"og:url\" content=\"https:\/\/news.ecclesia.org.br\/?p=26431\" \/>\n<meta property=\"og:site_name\" content=\"ECCLESIA NEWS\" \/>\n<meta property=\"article:publisher\" content=\"https:\/\/www.facebook.com\/Ecclesia2025\" \/>\n<meta property=\"article:published_time\" content=\"2019-02-07T21:39:15+00:00\" \/>\n<meta property=\"article:modified_time\" content=\"2021-08-03T22:49:20+00:00\" \/>\n<meta property=\"og:image\" content=\"https:\/\/news.ecclesia.org.br\/wp-content\/uploads\/2015\/11\/halkis-panoramica-1-300x216.jpg\" \/>\n<meta name=\"author\" content=\"Pe. Andr\u00e9\" \/>\n<meta name=\"twitter:card\" content=\"summary_large_image\" \/>\n<meta name=\"twitter:creator\" content=\"@EcclesiaNews\" \/>\n<meta name=\"twitter:site\" content=\"@EcclesiaNews\" \/>\n<meta name=\"twitter:label1\" content=\"Escrito por\" \/>\n\t<meta name=\"twitter:data1\" content=\"Pe. Andr\u00e9\" \/>\n\t<meta name=\"twitter:label2\" content=\"Est. tempo de leitura\" \/>\n\t<meta name=\"twitter:data2\" content=\"3 minutos\" \/>\n<script type=\"application\/ld+json\" class=\"yoast-schema-graph\">{\"@context\":\"https:\\\/\\\/schema.org\",\"@graph\":[{\"@type\":\"Article\",\"@id\":\"https:\\\/\\\/news.ecclesia.org.br\\\/?p=26431#article\",\"isPartOf\":{\"@id\":\"https:\\\/\\\/news.ecclesia.org.br\\\/?p=26431\"},\"author\":{\"name\":\"Pe. Andr\u00e9\",\"@id\":\"https:\\\/\\\/news.ecclesia.org.br\\\/#\\\/schema\\\/person\\\/6f09597f025829745ba414a569f63758\"},\"headline\":\"Tsipras apela \u00e0 reabertura de semin\u00e1rio ortodoxo de Istambul encerrado em 1971\",\"datePublished\":\"2019-02-07T21:39:15+00:00\",\"dateModified\":\"2021-08-03T22:49:20+00:00\",\"mainEntityOfPage\":{\"@id\":\"https:\\\/\\\/news.ecclesia.org.br\\\/?p=26431\"},\"wordCount\":511,\"commentCount\":0,\"publisher\":{\"@id\":\"https:\\\/\\\/news.ecclesia.org.br\\\/#organization\"},\"image\":{\"@id\":\"https:\\\/\\\/news.ecclesia.org.br\\\/?p=26431#primaryimage\"},\"thumbnailUrl\":\"https:\\\/\\\/news.ecclesia.org.br\\\/wp-content\\\/uploads\\\/2015\\\/11\\\/halkis-panoramica-1-300x216.jpg\",\"articleSection\":[\"Mundo Ortodoxo\",\"Patriarcado Ecum\u00eanico\"],\"inLanguage\":\"pt-BR\",\"potentialAction\":[{\"@type\":\"CommentAction\",\"name\":\"Comment\",\"target\":[\"https:\\\/\\\/news.ecclesia.org.br\\\/?p=26431#respond\"]}]},{\"@type\":\"WebPage\",\"@id\":\"https:\\\/\\\/news.ecclesia.org.br\\\/?p=26431\",\"url\":\"https:\\\/\\\/news.ecclesia.org.br\\\/?p=26431\",\"name\":\"Tsipras apela \u00e0 reabertura de semin\u00e1rio ortodoxo de Istambul encerrado em 1971 | ECCLESIA NEWS\",\"isPartOf\":{\"@id\":\"https:\\\/\\\/news.ecclesia.org.br\\\/#website\"},\"primaryImageOfPage\":{\"@id\":\"https:\\\/\\\/news.ecclesia.org.br\\\/?p=26431#primaryimage\"},\"image\":{\"@id\":\"https:\\\/\\\/news.ecclesia.org.br\\\/?p=26431#primaryimage\"},\"thumbnailUrl\":\"https:\\\/\\\/news.ecclesia.org.br\\\/wp-content\\\/uploads\\\/2015\\\/11\\\/halkis-panoramica-1-300x216.jpg\",\"datePublished\":\"2019-02-07T21:39:15+00:00\",\"dateModified\":\"2021-08-03T22:49:20+00:00\",\"breadcrumb\":{\"@id\":\"https:\\\/\\\/news.ecclesia.org.br\\\/?p=26431#breadcrumb\"},\"inLanguage\":\"pt-BR\",\"potentialAction\":[{\"@type\":\"ReadAction\",\"target\":[\"https:\\\/\\\/news.ecclesia.org.br\\\/?p=26431\"]}]},{\"@type\":\"ImageObject\",\"inLanguage\":\"pt-BR\",\"@id\":\"https:\\\/\\\/news.ecclesia.org.br\\\/?p=26431#primaryimage\",\"url\":\"https:\\\/\\\/news.ecclesia.org.br\\\/wp-content\\\/uploads\\\/2015\\\/11\\\/halkis-panoramica-1.jpg\",\"contentUrl\":\"https:\\\/\\\/news.ecclesia.org.br\\\/wp-content\\\/uploads\\\/2015\\\/11\\\/halkis-panoramica-1.jpg\",\"width\":1600,\"height\":1151},{\"@type\":\"BreadcrumbList\",\"@id\":\"https:\\\/\\\/news.ecclesia.org.br\\\/?p=26431#breadcrumb\",\"itemListElement\":[{\"@type\":\"ListItem\",\"position\":1,\"name\":\"In\u00edcio\",\"item\":\"https:\\\/\\\/news.ecclesia.org.br\\\/\"},{\"@type\":\"ListItem\",\"position\":2,\"name\":\"Tsipras apela \u00e0 reabertura de semin\u00e1rio ortodoxo de Istambul encerrado em 1971\"}]},{\"@type\":\"WebSite\",\"@id\":\"https:\\\/\\\/news.ecclesia.org.br\\\/#website\",\"url\":\"https:\\\/\\\/news.ecclesia.org.br\\\/\",\"name\":\"Ecclesia Brasil\",\"description\":\"Desde 2003 onectando o Brasil ao mundo ortodoxo!\",\"publisher\":{\"@id\":\"https:\\\/\\\/news.ecclesia.org.br\\\/#organization\"},\"alternateName\":\"Ecclesia\",\"potentialAction\":[{\"@type\":\"SearchAction\",\"target\":{\"@type\":\"EntryPoint\",\"urlTemplate\":\"https:\\\/\\\/news.ecclesia.org.br\\\/?s={search_term_string}\"},\"query-input\":{\"@type\":\"PropertyValueSpecification\",\"valueRequired\":true,\"valueName\":\"search_term_string\"}}],\"inLanguage\":\"pt-BR\"},{\"@type\":\"Organization\",\"@id\":\"https:\\\/\\\/news.ecclesia.org.br\\\/#organization\",\"name\":\"Sacra Arquidiocese de Buenos Aires e Am\u00e9rica do Sul | Patriarcado Ecum\u00eanico\",\"alternateName\":\"News Ecclesia Brasil\",\"url\":\"https:\\\/\\\/news.ecclesia.org.br\\\/\",\"logo\":{\"@type\":\"ImageObject\",\"inLanguage\":\"pt-BR\",\"@id\":\"https:\\\/\\\/news.ecclesia.org.br\\\/#\\\/schema\\\/logo\\\/image\\\/\",\"url\":\"https:\\\/\\\/news.ecclesia.org.br\\\/wp-content\\\/uploads\\\/2025\\\/05\\\/ecclesia2.png\",\"contentUrl\":\"https:\\\/\\\/news.ecclesia.org.br\\\/wp-content\\\/uploads\\\/2025\\\/05\\\/ecclesia2.png\",\"width\":480,\"height\":120,\"caption\":\"Sacra Arquidiocese de Buenos Aires e Am\u00e9rica do Sul | Patriarcado Ecum\u00eanico\"},\"image\":{\"@id\":\"https:\\\/\\\/news.ecclesia.org.br\\\/#\\\/schema\\\/logo\\\/image\\\/\"},\"sameAs\":[\"https:\\\/\\\/www.facebook.com\\\/Ecclesia2025\",\"https:\\\/\\\/x.com\\\/EcclesiaNews\",\"https:\\\/\\\/br.pinterest.com\\\/ekklisia\\\/\",\"https:\\\/\\\/www.youtube.com\\\/@EcclesiaBrasil\"]},{\"@type\":\"Person\",\"@id\":\"https:\\\/\\\/news.ecclesia.org.br\\\/#\\\/schema\\\/person\\\/6f09597f025829745ba414a569f63758\",\"name\":\"Pe. Andr\u00e9\",\"image\":{\"@type\":\"ImageObject\",\"inLanguage\":\"pt-BR\",\"@id\":\"https:\\\/\\\/secure.gravatar.com\\\/avatar\\\/b4327cfa27e9799da239a26adcd534fc29cdc0c4a4a148eecbcfeb9b42c617ac?s=96&d=mm&r=g\",\"url\":\"https:\\\/\\\/secure.gravatar.com\\\/avatar\\\/b4327cfa27e9799da239a26adcd534fc29cdc0c4a4a148eecbcfeb9b42c617ac?s=96&d=mm&r=g\",\"contentUrl\":\"https:\\\/\\\/secure.gravatar.com\\\/avatar\\\/b4327cfa27e9799da239a26adcd534fc29cdc0c4a4a148eecbcfeb9b42c617ac?s=96&d=mm&r=g\",\"caption\":\"Pe. Andr\u00e9\"},\"sameAs\":[\"https:\\\/\\\/www.ecclesia.org.br\"]}]}<\/script>\n<!-- \/ Yoast SEO plugin. -->","yoast_head_json":{"title":"Tsipras apela \u00e0 reabertura de semin\u00e1rio ortodoxo de Istambul encerrado em 1971 | ECCLESIA NEWS","robots":{"index":"index","follow":"follow","max-snippet":"max-snippet:-1","max-image-preview":"max-image-preview:large","max-video-preview":"max-video-preview:-1"},"canonical":"https:\/\/news.ecclesia.org.br\/?p=26431","og_locale":"pt_BR","og_type":"article","og_title":"Tsipras apela \u00e0 reabertura de semin\u00e1rio ortodoxo de Istambul encerrado em 1971 | ECCLESIA NEWS","og_description":"O primeiro-ministro grego Al\u00e9xis Tsipras, em visita oficial \u00e0 Turquia, e o Patriarca Ecum\u00eanico de Constantinopla, Bartolomeu I, manifestaram hoje a esperan\u00e7a que as autoridades turcas autorizem a reabertura do &#8220;Semin\u00e1rio de Halki&#8221;. O monast\u00e9rio ortodoxo Hagia Triada, situado no&#8230;","og_url":"https:\/\/news.ecclesia.org.br\/?p=26431","og_site_name":"ECCLESIA NEWS","article_publisher":"https:\/\/www.facebook.com\/Ecclesia2025","article_published_time":"2019-02-07T21:39:15+00:00","article_modified_time":"2021-08-03T22:49:20+00:00","og_image":[{"url":"https:\/\/news.ecclesia.org.br\/wp-content\/uploads\/2015\/11\/halkis-panoramica-1-300x216.jpg","type":"","width":"","height":""}],"author":"Pe. Andr\u00e9","twitter_card":"summary_large_image","twitter_creator":"@EcclesiaNews","twitter_site":"@EcclesiaNews","twitter_misc":{"Escrito por":"Pe. Andr\u00e9","Est. tempo de leitura":"3 minutos"},"schema":{"@context":"https:\/\/schema.org","@graph":[{"@type":"Article","@id":"https:\/\/news.ecclesia.org.br\/?p=26431#article","isPartOf":{"@id":"https:\/\/news.ecclesia.org.br\/?p=26431"},"author":{"name":"Pe. Andr\u00e9","@id":"https:\/\/news.ecclesia.org.br\/#\/schema\/person\/6f09597f025829745ba414a569f63758"},"headline":"Tsipras apela \u00e0 reabertura de semin\u00e1rio ortodoxo de Istambul encerrado em 1971","datePublished":"2019-02-07T21:39:15+00:00","dateModified":"2021-08-03T22:49:20+00:00","mainEntityOfPage":{"@id":"https:\/\/news.ecclesia.org.br\/?p=26431"},"wordCount":511,"commentCount":0,"publisher":{"@id":"https:\/\/news.ecclesia.org.br\/#organization"},"image":{"@id":"https:\/\/news.ecclesia.org.br\/?p=26431#primaryimage"},"thumbnailUrl":"https:\/\/news.ecclesia.org.br\/wp-content\/uploads\/2015\/11\/halkis-panoramica-1-300x216.jpg","articleSection":["Mundo Ortodoxo","Patriarcado Ecum\u00eanico"],"inLanguage":"pt-BR","potentialAction":[{"@type":"CommentAction","name":"Comment","target":["https:\/\/news.ecclesia.org.br\/?p=26431#respond"]}]},{"@type":"WebPage","@id":"https:\/\/news.ecclesia.org.br\/?p=26431","url":"https:\/\/news.ecclesia.org.br\/?p=26431","name":"Tsipras apela \u00e0 reabertura de semin\u00e1rio ortodoxo de Istambul encerrado em 1971 | ECCLESIA NEWS","isPartOf":{"@id":"https:\/\/news.ecclesia.org.br\/#website"},"primaryImageOfPage":{"@id":"https:\/\/news.ecclesia.org.br\/?p=26431#primaryimage"},"image":{"@id":"https:\/\/news.ecclesia.org.br\/?p=26431#primaryimage"},"thumbnailUrl":"https:\/\/news.ecclesia.org.br\/wp-content\/uploads\/2015\/11\/halkis-panoramica-1-300x216.jpg","datePublished":"2019-02-07T21:39:15+00:00","dateModified":"2021-08-03T22:49:20+00:00","breadcrumb":{"@id":"https:\/\/news.ecclesia.org.br\/?p=26431#breadcrumb"},"inLanguage":"pt-BR","potentialAction":[{"@type":"ReadAction","target":["https:\/\/news.ecclesia.org.br\/?p=26431"]}]},{"@type":"ImageObject","inLanguage":"pt-BR","@id":"https:\/\/news.ecclesia.org.br\/?p=26431#primaryimage","url":"https:\/\/news.ecclesia.org.br\/wp-content\/uploads\/2015\/11\/halkis-panoramica-1.jpg","contentUrl":"https:\/\/news.ecclesia.org.br\/wp-content\/uploads\/2015\/11\/halkis-panoramica-1.jpg","width":1600,"height":1151},{"@type":"BreadcrumbList","@id":"https:\/\/news.ecclesia.org.br\/?p=26431#breadcrumb","itemListElement":[{"@type":"ListItem","position":1,"name":"In\u00edcio","item":"https:\/\/news.ecclesia.org.br\/"},{"@type":"ListItem","position":2,"name":"Tsipras apela \u00e0 reabertura de semin\u00e1rio ortodoxo de Istambul encerrado em 1971"}]},{"@type":"WebSite","@id":"https:\/\/news.ecclesia.org.br\/#website","url":"https:\/\/news.ecclesia.org.br\/","name":"Ecclesia Brasil","description":"Desde 2003 onectando o Brasil ao mundo ortodoxo!","publisher":{"@id":"https:\/\/news.ecclesia.org.br\/#organization"},"alternateName":"Ecclesia","potentialAction":[{"@type":"SearchAction","target":{"@type":"EntryPoint","urlTemplate":"https:\/\/news.ecclesia.org.br\/?s={search_term_string}"},"query-input":{"@type":"PropertyValueSpecification","valueRequired":true,"valueName":"search_term_string"}}],"inLanguage":"pt-BR"},{"@type":"Organization","@id":"https:\/\/news.ecclesia.org.br\/#organization","name":"Sacra Arquidiocese de Buenos Aires e Am\u00e9rica do Sul | Patriarcado Ecum\u00eanico","alternateName":"News Ecclesia Brasil","url":"https:\/\/news.ecclesia.org.br\/","logo":{"@type":"ImageObject","inLanguage":"pt-BR","@id":"https:\/\/news.ecclesia.org.br\/#\/schema\/logo\/image\/","url":"https:\/\/news.ecclesia.org.br\/wp-content\/uploads\/2025\/05\/ecclesia2.png","contentUrl":"https:\/\/news.ecclesia.org.br\/wp-content\/uploads\/2025\/05\/ecclesia2.png","width":480,"height":120,"caption":"Sacra Arquidiocese de Buenos Aires e Am\u00e9rica do Sul | Patriarcado Ecum\u00eanico"},"image":{"@id":"https:\/\/news.ecclesia.org.br\/#\/schema\/logo\/image\/"},"sameAs":["https:\/\/www.facebook.com\/Ecclesia2025","https:\/\/x.com\/EcclesiaNews","https:\/\/br.pinterest.com\/ekklisia\/","https:\/\/www.youtube.com\/@EcclesiaBrasil"]},{"@type":"Person","@id":"https:\/\/news.ecclesia.org.br\/#\/schema\/person\/6f09597f025829745ba414a569f63758","name":"Pe. Andr\u00e9","image":{"@type":"ImageObject","inLanguage":"pt-BR","@id":"https:\/\/secure.gravatar.com\/avatar\/b4327cfa27e9799da239a26adcd534fc29cdc0c4a4a148eecbcfeb9b42c617ac?s=96&d=mm&r=g","url":"https:\/\/secure.gravatar.com\/avatar\/b4327cfa27e9799da239a26adcd534fc29cdc0c4a4a148eecbcfeb9b42c617ac?s=96&d=mm&r=g","contentUrl":"https:\/\/secure.gravatar.com\/avatar\/b4327cfa27e9799da239a26adcd534fc29cdc0c4a4a148eecbcfeb9b42c617ac?s=96&d=mm&r=g","caption":"Pe. Andr\u00e9"},"sameAs":["https:\/\/www.ecclesia.org.br"]}]}},"_links":{"self":[{"href":"https:\/\/news.ecclesia.org.br\/index.php?rest_route=\/wp\/v2\/posts\/26431","targetHints":{"allow":["GET"]}}],"collection":[{"href":"https:\/\/news.ecclesia.org.br\/index.php?rest_route=\/wp\/v2\/posts"}],"about":[{"href":"https:\/\/news.ecclesia.org.br\/index.php?rest_route=\/wp\/v2\/types\/post"}],"author":[{"embeddable":true,"href":"https:\/\/news.ecclesia.org.br\/index.php?rest_route=\/wp\/v2\/users\/1"}],"replies":[{"embeddable":true,"href":"https:\/\/news.ecclesia.org.br\/index.php?rest_route=%2Fwp%2Fv2%2Fcomments&post=26431"}],"version-history":[{"count":1,"href":"https:\/\/news.ecclesia.org.br\/index.php?rest_route=\/wp\/v2\/posts\/26431\/revisions"}],"predecessor-version":[{"id":38626,"href":"https:\/\/news.ecclesia.org.br\/index.php?rest_route=\/wp\/v2\/posts\/26431\/revisions\/38626"}],"wp:attachment":[{"href":"https:\/\/news.ecclesia.org.br\/index.php?rest_route=%2Fwp%2Fv2%2Fmedia&parent=26431"}],"wp:term":[{"taxonomy":"category","embeddable":true,"href":"https:\/\/news.ecclesia.org.br\/index.php?rest_route=%2Fwp%2Fv2%2Fcategories&post=26431"},{"taxonomy":"post_tag","embeddable":true,"href":"https:\/\/news.ecclesia.org.br\/index.php?rest_route=%2Fwp%2Fv2%2Ftags&post=26431"}],"curies":[{"name":"wp","href":"https:\/\/api.w.org\/{rel}","templated":true}]}}