{"id":26424,"date":"2019-01-07T18:26:55","date_gmt":"2019-01-07T18:26:55","guid":{"rendered":"https:\/\/news.ecclesia.org.br\/?p=26424"},"modified":"2019-01-07T18:29:45","modified_gmt":"2019-01-07T18:29:45","slug":"concluido-processo-de-criacao-da-igreja-ortodoxa-da-ucrania","status":"publish","type":"post","link":"https:\/\/news.ecclesia.org.br\/?p=26424","title":{"rendered":"Conclu\u00eddo processo de cria\u00e7\u00e3o da Igreja Ortodoxa da Ucr\u00e2nia"},"content":{"rendered":"<p style=\"text-align: justify;\"><a href=\"https:\/\/news.ecclesia.org.br\/wp-content\/uploads\/2019\/01\/040.jpg\"><img fetchpriority=\"high\" decoding=\"async\" class=\"alignleft wp-image-26425 size-medium\" src=\"https:\/\/news.ecclesia.org.br\/wp-content\/uploads\/2019\/01\/040-300x194.jpg\" alt=\"\" width=\"300\" height=\"194\" srcset=\"https:\/\/news.ecclesia.org.br\/wp-content\/uploads\/2019\/01\/040-300x194.jpg 300w, https:\/\/news.ecclesia.org.br\/wp-content\/uploads\/2019\/01\/040-85x55.jpg 85w, https:\/\/news.ecclesia.org.br\/wp-content\/uploads\/2019\/01\/040-60x40.jpg 60w, https:\/\/news.ecclesia.org.br\/wp-content\/uploads\/2019\/01\/040.jpg 500w\" sizes=\"(max-width: 300px) 100vw, 300px\" \/><\/a>S. Santidade Bartolomeu I, Patriarca Ecum\u00eanico de Constantinopla, fez ontem, domingo da Teofania em Istambul (antiga Constantinopla) ao Primaz da nova Igreja Ortodoxa da Ucr\u00e2nia o decreto (Tomos) que confirma a cria\u00e7\u00e3o de uma Igreja independente da R\u00fassia, segundo foi anunciado. A cerim\u00f4nia que conclui o processo de reconhecimento desta Igreja pelo Patriarca de Constantinopla teve lugar duran<span class=\"text_exposed_show\">te a Divina Liturgia da Teofania, celebrada na Catedral Patriarcal de S\u00e3o Jorge, no Fanar, em Istambul (Constantinopla), capital espiritual do cristianismo ortodoxo desde o Imp\u00e9rio Bizantino, na presen\u00e7a do Presidente ucraniano, Petro Porochenko. Este decreto, denominado &#8220;Tomos&#8221;, foi assinado no s\u00e1bado pelo Patriarca Bartolomeu e o Primaz Epif\u00e2nio, eleito em dezembro para dirigir a nova Igreja, e abre a via ao reconhecimento desta Igreja por outras confiss\u00f5es crist\u00e3s. Em outubro de 2018, o Patriarca Ecum\u00eanico tomou a decis\u00e3o hist\u00f3rica de reconhecer uma Igreja ortodoxa independente na Ucr\u00e2nia. A decis\u00e3o provocou rea\u00e7\u00f5es contr\u00e1rias da Igreja Russa.\u00a0O Patriarca de Constantinopla \u00e9 considerado o &#8220;primeiro entre iguais&#8221; e exerce uma primazia hist\u00f3rica e espiritual sobre os outros Patriarcas do mundo ortodoxo. Um conc\u00edlio reunido em Kiev acordou em dezembro de 2018 a cria\u00e7\u00e3o desta nova Igreja ortodoxa, pondo fim a 332 anos de tutela religiosa russa sobre a Ucr\u00e2nia, e elegeu como seu Primaz o Metropolita Arcebispo Epif\u00e2nio, de 39 anos.\u00a0 A Igreja Ortodoxa da Ucr\u00e2nia estava vinculada \u00e0 da R\u00fassia desde 1686 e a hierarquia ortodoxa de Moscou sempre se op\u00f4s ferreamente \u00e0s tentativas de separa\u00e7\u00e3o de Kiev. Epif\u00e2nio recusou as acusa\u00e7\u00f5es de que a concess\u00e3o de autonomia se deva a motivos pol\u00edticos e afirmou que a Ucr\u00e2nia &#8220;caminhava nesta dire\u00e7\u00e3o nos \u00faltimos 30 anos&#8221;. Contudo, a procura da independ\u00eancia intensificou-se depois da anexa\u00e7\u00e3o pela R\u00fassia da pen\u00ednsula ucraniana da Crimeia e do apoio de Moscou a mil\u00edcias separatistas no leste da Ucr\u00e2nia. O Presidente ucraniano tinha afirmado anteriormente que a &#8220;autonomia \u00e9 um acontecimento de uma import\u00e2ncia similar \u00e0 da aspira\u00e7\u00e3o de entrar na Uni\u00e3o Europeia e na Nato&#8221;, enquanto os cr\u00edticos o acusaram de fomentar o cisma com fins eleitorais devido a uma descida da popularidade e \u00e0 proximidade das elei\u00e7\u00f5es presidenciais.&#8221; (Fonte: MC | ZO Lusa &#8211; via Redes sociais)<\/span><\/p>\n","protected":false},"excerpt":{"rendered":"<p>S. Santidade Bartolomeu I, Patriarca Ecum\u00eanico de Constantinopla, fez ontem, domingo da Teofania em Istambul (antiga Constantinopla) ao Primaz da nova Igreja Ortodoxa da Ucr\u00e2nia o decreto (Tomos) que confirma a cria\u00e7\u00e3o de uma Igreja independente da R\u00fassia, segundo foi&#8230;<\/p>\n","protected":false},"author":1,"featured_media":0,"comment_status":"open","ping_status":"open","sticky":false,"template":"","format":"standard","meta":{"_acf_changed":false,"footnotes":""},"categories":[72],"tags":[],"class_list":["post-26424","post","type-post","status-publish","format-standard","hentry","category-patriarcado-ecumenico","entry","rows-excerpt"],"acf":[],"yoast_head":"<!-- This site is optimized with the Yoast SEO plugin v27.4 - https:\/\/yoast.com\/product\/yoast-seo-wordpress\/ -->\n<title>Conclu\u00eddo processo de cria\u00e7\u00e3o da Igreja Ortodoxa da Ucr\u00e2nia | ECCLESIA NEWS<\/title>\n<meta name=\"robots\" content=\"index, follow, max-snippet:-1, max-image-preview:large, max-video-preview:-1\" \/>\n<link rel=\"canonical\" href=\"https:\/\/news.ecclesia.org.br\/?p=26424\" \/>\n<meta property=\"og:locale\" content=\"pt_BR\" \/>\n<meta property=\"og:type\" content=\"article\" \/>\n<meta property=\"og:title\" content=\"Conclu\u00eddo processo de cria\u00e7\u00e3o da Igreja Ortodoxa da Ucr\u00e2nia | ECCLESIA NEWS\" \/>\n<meta property=\"og:description\" content=\"S. Santidade Bartolomeu I, Patriarca Ecum\u00eanico de Constantinopla, fez ontem, domingo da Teofania em Istambul (antiga Constantinopla) ao Primaz da nova Igreja Ortodoxa da Ucr\u00e2nia o decreto (Tomos) que confirma a cria\u00e7\u00e3o de uma Igreja independente da R\u00fassia, segundo foi&#8230;\" \/>\n<meta property=\"og:url\" content=\"https:\/\/news.ecclesia.org.br\/?p=26424\" \/>\n<meta property=\"og:site_name\" content=\"ECCLESIA NEWS\" \/>\n<meta property=\"article:publisher\" content=\"https:\/\/www.facebook.com\/Ecclesia2025\" \/>\n<meta property=\"article:published_time\" content=\"2019-01-07T18:26:55+00:00\" \/>\n<meta property=\"article:modified_time\" content=\"2019-01-07T18:29:45+00:00\" \/>\n<meta property=\"og:image\" content=\"https:\/\/news.ecclesia.org.br\/wp-content\/uploads\/2019\/01\/040-300x194.jpg\" \/>\n<meta name=\"author\" content=\"Pe. Andr\u00e9\" \/>\n<meta name=\"twitter:card\" content=\"summary_large_image\" \/>\n<meta name=\"twitter:creator\" content=\"@EcclesiaNews\" \/>\n<meta name=\"twitter:site\" content=\"@EcclesiaNews\" \/>\n<meta name=\"twitter:label1\" content=\"Escrito por\" \/>\n\t<meta name=\"twitter:data1\" content=\"Pe. Andr\u00e9\" \/>\n\t<meta name=\"twitter:label2\" content=\"Est. tempo de leitura\" \/>\n\t<meta name=\"twitter:data2\" content=\"2 minutos\" \/>\n<script type=\"application\/ld+json\" class=\"yoast-schema-graph\">{\"@context\":\"https:\\\/\\\/schema.org\",\"@graph\":[{\"@type\":\"Article\",\"@id\":\"https:\\\/\\\/news.ecclesia.org.br\\\/?p=26424#article\",\"isPartOf\":{\"@id\":\"https:\\\/\\\/news.ecclesia.org.br\\\/?p=26424\"},\"author\":{\"name\":\"Pe. Andr\u00e9\",\"@id\":\"https:\\\/\\\/news.ecclesia.org.br\\\/#\\\/schema\\\/person\\\/6f09597f025829745ba414a569f63758\"},\"headline\":\"Conclu\u00eddo processo de cria\u00e7\u00e3o da Igreja Ortodoxa da Ucr\u00e2nia\",\"datePublished\":\"2019-01-07T18:26:55+00:00\",\"dateModified\":\"2019-01-07T18:29:45+00:00\",\"mainEntityOfPage\":{\"@id\":\"https:\\\/\\\/news.ecclesia.org.br\\\/?p=26424\"},\"wordCount\":405,\"commentCount\":0,\"publisher\":{\"@id\":\"https:\\\/\\\/news.ecclesia.org.br\\\/#organization\"},\"image\":{\"@id\":\"https:\\\/\\\/news.ecclesia.org.br\\\/?p=26424#primaryimage\"},\"thumbnailUrl\":\"https:\\\/\\\/news.ecclesia.org.br\\\/wp-content\\\/uploads\\\/2019\\\/01\\\/040-300x194.jpg\",\"articleSection\":[\"Patriarcado Ecum\u00eanico\"],\"inLanguage\":\"pt-BR\",\"potentialAction\":[{\"@type\":\"CommentAction\",\"name\":\"Comment\",\"target\":[\"https:\\\/\\\/news.ecclesia.org.br\\\/?p=26424#respond\"]}]},{\"@type\":\"WebPage\",\"@id\":\"https:\\\/\\\/news.ecclesia.org.br\\\/?p=26424\",\"url\":\"https:\\\/\\\/news.ecclesia.org.br\\\/?p=26424\",\"name\":\"Conclu\u00eddo processo de cria\u00e7\u00e3o da Igreja Ortodoxa da Ucr\u00e2nia | ECCLESIA NEWS\",\"isPartOf\":{\"@id\":\"https:\\\/\\\/news.ecclesia.org.br\\\/#website\"},\"primaryImageOfPage\":{\"@id\":\"https:\\\/\\\/news.ecclesia.org.br\\\/?p=26424#primaryimage\"},\"image\":{\"@id\":\"https:\\\/\\\/news.ecclesia.org.br\\\/?p=26424#primaryimage\"},\"thumbnailUrl\":\"https:\\\/\\\/news.ecclesia.org.br\\\/wp-content\\\/uploads\\\/2019\\\/01\\\/040-300x194.jpg\",\"datePublished\":\"2019-01-07T18:26:55+00:00\",\"dateModified\":\"2019-01-07T18:29:45+00:00\",\"breadcrumb\":{\"@id\":\"https:\\\/\\\/news.ecclesia.org.br\\\/?p=26424#breadcrumb\"},\"inLanguage\":\"pt-BR\",\"potentialAction\":[{\"@type\":\"ReadAction\",\"target\":[\"https:\\\/\\\/news.ecclesia.org.br\\\/?p=26424\"]}]},{\"@type\":\"ImageObject\",\"inLanguage\":\"pt-BR\",\"@id\":\"https:\\\/\\\/news.ecclesia.org.br\\\/?p=26424#primaryimage\",\"url\":\"https:\\\/\\\/news.ecclesia.org.br\\\/wp-content\\\/uploads\\\/2019\\\/01\\\/040.jpg\",\"contentUrl\":\"https:\\\/\\\/news.ecclesia.org.br\\\/wp-content\\\/uploads\\\/2019\\\/01\\\/040.jpg\",\"width\":500,\"height\":323},{\"@type\":\"BreadcrumbList\",\"@id\":\"https:\\\/\\\/news.ecclesia.org.br\\\/?p=26424#breadcrumb\",\"itemListElement\":[{\"@type\":\"ListItem\",\"position\":1,\"name\":\"In\u00edcio\",\"item\":\"https:\\\/\\\/news.ecclesia.org.br\\\/\"},{\"@type\":\"ListItem\",\"position\":2,\"name\":\"Conclu\u00eddo processo de cria\u00e7\u00e3o da Igreja Ortodoxa da Ucr\u00e2nia\"}]},{\"@type\":\"WebSite\",\"@id\":\"https:\\\/\\\/news.ecclesia.org.br\\\/#website\",\"url\":\"https:\\\/\\\/news.ecclesia.org.br\\\/\",\"name\":\"Ecclesia Brasil\",\"description\":\"Desde 2003 onectando o Brasil ao mundo ortodoxo!\",\"publisher\":{\"@id\":\"https:\\\/\\\/news.ecclesia.org.br\\\/#organization\"},\"alternateName\":\"Ecclesia\",\"potentialAction\":[{\"@type\":\"SearchAction\",\"target\":{\"@type\":\"EntryPoint\",\"urlTemplate\":\"https:\\\/\\\/news.ecclesia.org.br\\\/?s={search_term_string}\"},\"query-input\":{\"@type\":\"PropertyValueSpecification\",\"valueRequired\":true,\"valueName\":\"search_term_string\"}}],\"inLanguage\":\"pt-BR\"},{\"@type\":\"Organization\",\"@id\":\"https:\\\/\\\/news.ecclesia.org.br\\\/#organization\",\"name\":\"Sacra Arquidiocese de Buenos Aires e Am\u00e9rica do Sul | Patriarcado Ecum\u00eanico\",\"alternateName\":\"News Ecclesia Brasil\",\"url\":\"https:\\\/\\\/news.ecclesia.org.br\\\/\",\"logo\":{\"@type\":\"ImageObject\",\"inLanguage\":\"pt-BR\",\"@id\":\"https:\\\/\\\/news.ecclesia.org.br\\\/#\\\/schema\\\/logo\\\/image\\\/\",\"url\":\"https:\\\/\\\/news.ecclesia.org.br\\\/wp-content\\\/uploads\\\/2025\\\/05\\\/ecclesia2.png\",\"contentUrl\":\"https:\\\/\\\/news.ecclesia.org.br\\\/wp-content\\\/uploads\\\/2025\\\/05\\\/ecclesia2.png\",\"width\":480,\"height\":120,\"caption\":\"Sacra Arquidiocese de Buenos Aires e Am\u00e9rica do Sul | Patriarcado Ecum\u00eanico\"},\"image\":{\"@id\":\"https:\\\/\\\/news.ecclesia.org.br\\\/#\\\/schema\\\/logo\\\/image\\\/\"},\"sameAs\":[\"https:\\\/\\\/www.facebook.com\\\/Ecclesia2025\",\"https:\\\/\\\/x.com\\\/EcclesiaNews\",\"https:\\\/\\\/br.pinterest.com\\\/ekklisia\\\/\",\"https:\\\/\\\/www.youtube.com\\\/@EcclesiaBrasil\"]},{\"@type\":\"Person\",\"@id\":\"https:\\\/\\\/news.ecclesia.org.br\\\/#\\\/schema\\\/person\\\/6f09597f025829745ba414a569f63758\",\"name\":\"Pe. Andr\u00e9\",\"image\":{\"@type\":\"ImageObject\",\"inLanguage\":\"pt-BR\",\"@id\":\"https:\\\/\\\/secure.gravatar.com\\\/avatar\\\/b4327cfa27e9799da239a26adcd534fc29cdc0c4a4a148eecbcfeb9b42c617ac?s=96&d=mm&r=g\",\"url\":\"https:\\\/\\\/secure.gravatar.com\\\/avatar\\\/b4327cfa27e9799da239a26adcd534fc29cdc0c4a4a148eecbcfeb9b42c617ac?s=96&d=mm&r=g\",\"contentUrl\":\"https:\\\/\\\/secure.gravatar.com\\\/avatar\\\/b4327cfa27e9799da239a26adcd534fc29cdc0c4a4a148eecbcfeb9b42c617ac?s=96&d=mm&r=g\",\"caption\":\"Pe. Andr\u00e9\"},\"sameAs\":[\"https:\\\/\\\/www.ecclesia.org.br\"]}]}<\/script>\n<!-- \/ Yoast SEO plugin. -->","yoast_head_json":{"title":"Conclu\u00eddo processo de cria\u00e7\u00e3o da Igreja Ortodoxa da Ucr\u00e2nia | ECCLESIA NEWS","robots":{"index":"index","follow":"follow","max-snippet":"max-snippet:-1","max-image-preview":"max-image-preview:large","max-video-preview":"max-video-preview:-1"},"canonical":"https:\/\/news.ecclesia.org.br\/?p=26424","og_locale":"pt_BR","og_type":"article","og_title":"Conclu\u00eddo processo de cria\u00e7\u00e3o da Igreja Ortodoxa da Ucr\u00e2nia | ECCLESIA NEWS","og_description":"S. Santidade Bartolomeu I, Patriarca Ecum\u00eanico de Constantinopla, fez ontem, domingo da Teofania em Istambul (antiga Constantinopla) ao Primaz da nova Igreja Ortodoxa da Ucr\u00e2nia o decreto (Tomos) que confirma a cria\u00e7\u00e3o de uma Igreja independente da R\u00fassia, segundo foi&#8230;","og_url":"https:\/\/news.ecclesia.org.br\/?p=26424","og_site_name":"ECCLESIA NEWS","article_publisher":"https:\/\/www.facebook.com\/Ecclesia2025","article_published_time":"2019-01-07T18:26:55+00:00","article_modified_time":"2019-01-07T18:29:45+00:00","og_image":[{"url":"https:\/\/news.ecclesia.org.br\/wp-content\/uploads\/2019\/01\/040-300x194.jpg","type":"","width":"","height":""}],"author":"Pe. Andr\u00e9","twitter_card":"summary_large_image","twitter_creator":"@EcclesiaNews","twitter_site":"@EcclesiaNews","twitter_misc":{"Escrito por":"Pe. Andr\u00e9","Est. tempo de leitura":"2 minutos"},"schema":{"@context":"https:\/\/schema.org","@graph":[{"@type":"Article","@id":"https:\/\/news.ecclesia.org.br\/?p=26424#article","isPartOf":{"@id":"https:\/\/news.ecclesia.org.br\/?p=26424"},"author":{"name":"Pe. Andr\u00e9","@id":"https:\/\/news.ecclesia.org.br\/#\/schema\/person\/6f09597f025829745ba414a569f63758"},"headline":"Conclu\u00eddo processo de cria\u00e7\u00e3o da Igreja Ortodoxa da Ucr\u00e2nia","datePublished":"2019-01-07T18:26:55+00:00","dateModified":"2019-01-07T18:29:45+00:00","mainEntityOfPage":{"@id":"https:\/\/news.ecclesia.org.br\/?p=26424"},"wordCount":405,"commentCount":0,"publisher":{"@id":"https:\/\/news.ecclesia.org.br\/#organization"},"image":{"@id":"https:\/\/news.ecclesia.org.br\/?p=26424#primaryimage"},"thumbnailUrl":"https:\/\/news.ecclesia.org.br\/wp-content\/uploads\/2019\/01\/040-300x194.jpg","articleSection":["Patriarcado Ecum\u00eanico"],"inLanguage":"pt-BR","potentialAction":[{"@type":"CommentAction","name":"Comment","target":["https:\/\/news.ecclesia.org.br\/?p=26424#respond"]}]},{"@type":"WebPage","@id":"https:\/\/news.ecclesia.org.br\/?p=26424","url":"https:\/\/news.ecclesia.org.br\/?p=26424","name":"Conclu\u00eddo processo de cria\u00e7\u00e3o da Igreja Ortodoxa da Ucr\u00e2nia | ECCLESIA NEWS","isPartOf":{"@id":"https:\/\/news.ecclesia.org.br\/#website"},"primaryImageOfPage":{"@id":"https:\/\/news.ecclesia.org.br\/?p=26424#primaryimage"},"image":{"@id":"https:\/\/news.ecclesia.org.br\/?p=26424#primaryimage"},"thumbnailUrl":"https:\/\/news.ecclesia.org.br\/wp-content\/uploads\/2019\/01\/040-300x194.jpg","datePublished":"2019-01-07T18:26:55+00:00","dateModified":"2019-01-07T18:29:45+00:00","breadcrumb":{"@id":"https:\/\/news.ecclesia.org.br\/?p=26424#breadcrumb"},"inLanguage":"pt-BR","potentialAction":[{"@type":"ReadAction","target":["https:\/\/news.ecclesia.org.br\/?p=26424"]}]},{"@type":"ImageObject","inLanguage":"pt-BR","@id":"https:\/\/news.ecclesia.org.br\/?p=26424#primaryimage","url":"https:\/\/news.ecclesia.org.br\/wp-content\/uploads\/2019\/01\/040.jpg","contentUrl":"https:\/\/news.ecclesia.org.br\/wp-content\/uploads\/2019\/01\/040.jpg","width":500,"height":323},{"@type":"BreadcrumbList","@id":"https:\/\/news.ecclesia.org.br\/?p=26424#breadcrumb","itemListElement":[{"@type":"ListItem","position":1,"name":"In\u00edcio","item":"https:\/\/news.ecclesia.org.br\/"},{"@type":"ListItem","position":2,"name":"Conclu\u00eddo processo de cria\u00e7\u00e3o da Igreja Ortodoxa da Ucr\u00e2nia"}]},{"@type":"WebSite","@id":"https:\/\/news.ecclesia.org.br\/#website","url":"https:\/\/news.ecclesia.org.br\/","name":"Ecclesia Brasil","description":"Desde 2003 onectando o Brasil ao mundo ortodoxo!","publisher":{"@id":"https:\/\/news.ecclesia.org.br\/#organization"},"alternateName":"Ecclesia","potentialAction":[{"@type":"SearchAction","target":{"@type":"EntryPoint","urlTemplate":"https:\/\/news.ecclesia.org.br\/?s={search_term_string}"},"query-input":{"@type":"PropertyValueSpecification","valueRequired":true,"valueName":"search_term_string"}}],"inLanguage":"pt-BR"},{"@type":"Organization","@id":"https:\/\/news.ecclesia.org.br\/#organization","name":"Sacra Arquidiocese de Buenos Aires e Am\u00e9rica do Sul | Patriarcado Ecum\u00eanico","alternateName":"News Ecclesia Brasil","url":"https:\/\/news.ecclesia.org.br\/","logo":{"@type":"ImageObject","inLanguage":"pt-BR","@id":"https:\/\/news.ecclesia.org.br\/#\/schema\/logo\/image\/","url":"https:\/\/news.ecclesia.org.br\/wp-content\/uploads\/2025\/05\/ecclesia2.png","contentUrl":"https:\/\/news.ecclesia.org.br\/wp-content\/uploads\/2025\/05\/ecclesia2.png","width":480,"height":120,"caption":"Sacra Arquidiocese de Buenos Aires e Am\u00e9rica do Sul | Patriarcado Ecum\u00eanico"},"image":{"@id":"https:\/\/news.ecclesia.org.br\/#\/schema\/logo\/image\/"},"sameAs":["https:\/\/www.facebook.com\/Ecclesia2025","https:\/\/x.com\/EcclesiaNews","https:\/\/br.pinterest.com\/ekklisia\/","https:\/\/www.youtube.com\/@EcclesiaBrasil"]},{"@type":"Person","@id":"https:\/\/news.ecclesia.org.br\/#\/schema\/person\/6f09597f025829745ba414a569f63758","name":"Pe. Andr\u00e9","image":{"@type":"ImageObject","inLanguage":"pt-BR","@id":"https:\/\/secure.gravatar.com\/avatar\/b4327cfa27e9799da239a26adcd534fc29cdc0c4a4a148eecbcfeb9b42c617ac?s=96&d=mm&r=g","url":"https:\/\/secure.gravatar.com\/avatar\/b4327cfa27e9799da239a26adcd534fc29cdc0c4a4a148eecbcfeb9b42c617ac?s=96&d=mm&r=g","contentUrl":"https:\/\/secure.gravatar.com\/avatar\/b4327cfa27e9799da239a26adcd534fc29cdc0c4a4a148eecbcfeb9b42c617ac?s=96&d=mm&r=g","caption":"Pe. Andr\u00e9"},"sameAs":["https:\/\/www.ecclesia.org.br"]}]}},"_links":{"self":[{"href":"https:\/\/news.ecclesia.org.br\/index.php?rest_route=\/wp\/v2\/posts\/26424","targetHints":{"allow":["GET"]}}],"collection":[{"href":"https:\/\/news.ecclesia.org.br\/index.php?rest_route=\/wp\/v2\/posts"}],"about":[{"href":"https:\/\/news.ecclesia.org.br\/index.php?rest_route=\/wp\/v2\/types\/post"}],"author":[{"embeddable":true,"href":"https:\/\/news.ecclesia.org.br\/index.php?rest_route=\/wp\/v2\/users\/1"}],"replies":[{"embeddable":true,"href":"https:\/\/news.ecclesia.org.br\/index.php?rest_route=%2Fwp%2Fv2%2Fcomments&post=26424"}],"version-history":[{"count":0,"href":"https:\/\/news.ecclesia.org.br\/index.php?rest_route=\/wp\/v2\/posts\/26424\/revisions"}],"wp:attachment":[{"href":"https:\/\/news.ecclesia.org.br\/index.php?rest_route=%2Fwp%2Fv2%2Fmedia&parent=26424"}],"wp:term":[{"taxonomy":"category","embeddable":true,"href":"https:\/\/news.ecclesia.org.br\/index.php?rest_route=%2Fwp%2Fv2%2Fcategories&post=26424"},{"taxonomy":"post_tag","embeddable":true,"href":"https:\/\/news.ecclesia.org.br\/index.php?rest_route=%2Fwp%2Fv2%2Ftags&post=26424"}],"curies":[{"name":"wp","href":"https:\/\/api.w.org\/{rel}","templated":true}]}}