{"id":26375,"date":"2018-12-24T17:47:45","date_gmt":"2018-12-24T17:47:45","guid":{"rendered":"https:\/\/news.ecclesia.org.br\/?p=26375"},"modified":"2021-07-20T11:07:03","modified_gmt":"2021-07-20T14:07:03","slug":"cristo-nasceu-glorificai-o","status":"publish","type":"post","link":"https:\/\/news.ecclesia.org.br\/?p=26375","title":{"rendered":"Cristo Nasceu! Glorifiquemo-Lo!"},"content":{"rendered":"\r\n<blockquote class=\"wp-block-quote is-layout-flow wp-block-quote-is-layout-flow\">\r\n<p><em><a href=\"https:\/\/news.ecclesia.org.br\/wp-content\/uploads\/2018\/12\/natal-2019.jpg\"><img fetchpriority=\"high\" decoding=\"async\" class=\"alignleft size-medium wp-image-26372\" src=\"https:\/\/news.ecclesia.org.br\/wp-content\/uploads\/2018\/12\/natal-2019-214x300.jpg\" alt=\"\" width=\"214\" height=\"300\" \/><\/a>Eu testemunhei um novo e maravilhoso mist\u00e9rio!<br \/>Meus ouvidos ressoam \u00e0 can\u00e7\u00e3o do pastor, sibilando n\u00e3o uma melodia suave, mas bradando bem alto um hino celestial!<\/em><\/p>\r\n<p><em>Os anjos cantam!<br \/>Os arcanjos misturam suas vozes em harmonia!<br \/>Os querubins ressoam o seu louvor e alegria!<br \/>Os Serafins exaltam a Sua gl\u00f3ria!<\/em><\/p>\r\n<p><em>Todos se unem para louvar esta festa sagrada, contemplando a divindade aqui, sobre a terra, e o homem no c\u00e9u. Aquele que est\u00e1 acima agora, para nossa salva\u00e7\u00e3o, mora aqui embaixo, e n\u00f3s, que \u00e9ramos humildes, somos exaltados pela miseric\u00f3rdia divina!<\/em><\/p>\r\n<p><em>Hoje Bel\u00e9m lembra o c\u00e9u, ouvindo das estrelas o canto das vozes angelicais e, no lugar do sol, assistindo o nascer do Sol da Justi\u00e7a!<br \/>N\u00e3o pergunte como isso \u00e9 feito, pois quando Deus quer, a ordem da natureza \u00e9 invertida.<\/em><\/p>\r\n<p><em>Porque Ele quis, Ele tinha os poderes que herdou. Ele salvou. Todas as coisas se movem em obedi\u00eancia a Deus.<\/em><\/p>\r\n<p><em>Hoje Ele que \u00c9, nasceu! E Ele que \u00c9 se tornou o que n\u00e3o \u00c9! <br \/>Pois quando Ele era Deus, Ele se fez homem, n\u00e3o abdicando da Divindade, que \u00e9 sua.<\/em><\/p>\r\n<p><em>E assim vieram os reis, e eles viram o Rei celestial que desceu sobre a terra, n\u00e3o trazendo com ele os Anjos, nem Arcanjos, nem Tronos, Domina\u00e7\u00f5es, nem as Potestades, nem os Principados, mas, trilhando um novo e solit\u00e1rio caminho, Ele veio de um ventre imaculado.<\/em><\/p>\r\n<p><em>No entanto, n\u00e3o abandonou os seus Anjos, nem os deixou privados de seus cuidados, nem por causa de Sua encarna\u00e7\u00e3o Ele deixou de ser Deus. E eis que os reis vieram, para que pudessem servir ao l\u00edder das hostes do c\u00e9u; as mulheres, para que pudessem adorar Aquele que nasceu de uma mulher, pois Ele p\u00f4de transformar as dores do parto em alegria; Virgens, para o Filho da Virgem.<\/em><\/p>\r\n<p><em>Crian\u00e7as, para que possam ador\u00e1-Lo, Ele que se tornou uma crian\u00e7a pequena, de modo que da boca das crian\u00e7as Ele faria um perfeito louvor. Crian\u00e7as, para a crian\u00e7a que ressuscitou os m\u00e1rtires atrav\u00e9s da f\u00faria de Herodes. Homens, \u00e0quele que se tornou o homem que pode curar as mis\u00e9rias de seus servos. Pastores, ao Bom Pastor que colocou a Sua vida por suas ovelhas. Sacerdotes, para Aquele que se tornou um Sumo Sacerdote segundo a ordem de Melquisedeque. Servos, a Ele que tomou sobre Si a forma de servo, para que Ele possa aben\u00e7oar o nosso servilismo com o galard\u00e3o da liberdade (Fp 2:7). Pescadores, ao Pescador da humanidade. Publicanos, \u00e0quele que dentre eles nomeou um evangelista escolhido. Mulheres pecadoras, a Ele que exp\u00f4s seus p\u00e9s com as l\u00e1grimas da mulher arrependida.<\/em><\/p>\r\n<p><em>E que eu possa abra\u00e7\u00e1-los todos juntos, todos os pecadores vieram, que possam olhar para o Cordeiro de Deus que tira os pecados do mundo! Desde ent\u00e3o todos se alegram, tamb\u00e9m eu desejo me alegrar!<\/em><\/p>\r\n<p><em>Eu tamb\u00e9m gostaria de participar da dan\u00e7a do coral, celebrar o festival! Mas eu assumo a minha parte, n\u00e3o tocando a harpa, nem com a m\u00fasica das flautas, nem segurando uma tocha, mas segurando nos bra\u00e7os o ber\u00e7o de Cristo!<\/em><\/p>\r\n<p><em>Porque esta \u00e9 toda a minha esperan\u00e7a!<\/em><\/p>\r\n<p><em>Esta \u00e9 a minha vida!<br \/>Esta \u00e9 a minha salva\u00e7\u00e3o!<br \/>Este \u00e9 a minha flauta, minha harpa!<\/em><\/p>\r\n<p><em>E carregando-o venho, e tendo de seu poder recebido o dom da fala, tamb\u00e9m eu, com os anjos e pastores, canto:<\/em><\/p>\r\n<p><em>Gl\u00f3ria a Deus nas alturas,<br \/>paz na terra,<br \/>benevol\u00eancia aos homens&#8221;<\/em><\/p>\r\n<\/blockquote>\r\n\r\n\r\n<hr class=\"wp-block-separator\" \/>\r\n\r\n\r\n<p class=\"has-text-align-right\">Homilia de S\u00e3o Jo\u00e3o Cris\u00f3stomo.<br \/>Fonte: Miss\u00e3o Ortodoxa Russa Prote\u00e7\u00e3o da M\u00e3e de Deus, RJ<\/p>\r\n","protected":false},"excerpt":{"rendered":"<p>Eu testemunhei um novo e maravilhoso mist\u00e9rio!Meus ouvidos ressoam \u00e0 can\u00e7\u00e3o do pastor, sibilando n\u00e3o uma melodia suave, mas bradando bem alto um hino celestial! Os anjos cantam!Os arcanjos misturam suas vozes em harmonia!Os querubins ressoam o seu louvor e&#8230;<\/p>\n","protected":false},"author":1,"featured_media":0,"comment_status":"open","ping_status":"open","sticky":false,"template":"","format":"standard","meta":{"_acf_changed":false,"footnotes":""},"categories":[1],"tags":[],"class_list":["post-26375","post","type-post","status-publish","format-standard","hentry","category-news","entry","rows-excerpt"],"acf":[],"yoast_head":"<!-- This site is optimized with the Yoast SEO plugin v27.4 - https:\/\/yoast.com\/product\/yoast-seo-wordpress\/ -->\n<title>Cristo Nasceu! Glorifiquemo-Lo! | ECCLESIA NEWS<\/title>\n<meta name=\"robots\" content=\"index, follow, max-snippet:-1, max-image-preview:large, max-video-preview:-1\" \/>\n<link rel=\"canonical\" href=\"https:\/\/news.ecclesia.org.br\/?p=26375\" \/>\n<meta property=\"og:locale\" content=\"pt_BR\" \/>\n<meta property=\"og:type\" content=\"article\" \/>\n<meta property=\"og:title\" content=\"Cristo Nasceu! Glorifiquemo-Lo! | ECCLESIA NEWS\" \/>\n<meta property=\"og:description\" content=\"Eu testemunhei um novo e maravilhoso mist\u00e9rio!Meus ouvidos ressoam \u00e0 can\u00e7\u00e3o do pastor, sibilando n\u00e3o uma melodia suave, mas bradando bem alto um hino celestial! Os anjos cantam!Os arcanjos misturam suas vozes em harmonia!Os querubins ressoam o seu louvor e&#8230;\" \/>\n<meta property=\"og:url\" content=\"https:\/\/news.ecclesia.org.br\/?p=26375\" \/>\n<meta property=\"og:site_name\" content=\"ECCLESIA NEWS\" \/>\n<meta property=\"article:publisher\" content=\"https:\/\/www.facebook.com\/Ecclesia2025\" \/>\n<meta property=\"article:published_time\" content=\"2018-12-24T17:47:45+00:00\" \/>\n<meta property=\"article:modified_time\" content=\"2021-07-20T14:07:03+00:00\" \/>\n<meta property=\"og:image\" content=\"https:\/\/news.ecclesia.org.br\/wp-content\/uploads\/2018\/12\/natal-2019-214x300.jpg\" \/>\n<meta name=\"author\" content=\"Pe. Andr\u00e9\" \/>\n<meta name=\"twitter:card\" content=\"summary_large_image\" \/>\n<meta name=\"twitter:creator\" content=\"@EcclesiaNews\" \/>\n<meta name=\"twitter:site\" content=\"@EcclesiaNews\" \/>\n<meta name=\"twitter:label1\" content=\"Escrito por\" \/>\n\t<meta name=\"twitter:data1\" content=\"Pe. Andr\u00e9\" \/>\n\t<meta name=\"twitter:label2\" content=\"Est. tempo de leitura\" \/>\n\t<meta name=\"twitter:data2\" content=\"3 minutos\" \/>\n<script type=\"application\/ld+json\" class=\"yoast-schema-graph\">{\"@context\":\"https:\\\/\\\/schema.org\",\"@graph\":[{\"@type\":\"Article\",\"@id\":\"https:\\\/\\\/news.ecclesia.org.br\\\/?p=26375#article\",\"isPartOf\":{\"@id\":\"https:\\\/\\\/news.ecclesia.org.br\\\/?p=26375\"},\"author\":{\"name\":\"Pe. Andr\u00e9\",\"@id\":\"https:\\\/\\\/news.ecclesia.org.br\\\/#\\\/schema\\\/person\\\/6f09597f025829745ba414a569f63758\"},\"headline\":\"Cristo Nasceu! Glorifiquemo-Lo!\",\"datePublished\":\"2018-12-24T17:47:45+00:00\",\"dateModified\":\"2021-07-20T14:07:03+00:00\",\"mainEntityOfPage\":{\"@id\":\"https:\\\/\\\/news.ecclesia.org.br\\\/?p=26375\"},\"wordCount\":625,\"commentCount\":0,\"publisher\":{\"@id\":\"https:\\\/\\\/news.ecclesia.org.br\\\/#organization\"},\"image\":{\"@id\":\"https:\\\/\\\/news.ecclesia.org.br\\\/?p=26375#primaryimage\"},\"thumbnailUrl\":\"https:\\\/\\\/news.ecclesia.org.br\\\/wp-content\\\/uploads\\\/2018\\\/12\\\/natal-2019-214x300.jpg\",\"articleSection\":[\"NEWS\"],\"inLanguage\":\"pt-BR\",\"potentialAction\":[{\"@type\":\"CommentAction\",\"name\":\"Comment\",\"target\":[\"https:\\\/\\\/news.ecclesia.org.br\\\/?p=26375#respond\"]}]},{\"@type\":\"WebPage\",\"@id\":\"https:\\\/\\\/news.ecclesia.org.br\\\/?p=26375\",\"url\":\"https:\\\/\\\/news.ecclesia.org.br\\\/?p=26375\",\"name\":\"Cristo Nasceu! Glorifiquemo-Lo! | ECCLESIA NEWS\",\"isPartOf\":{\"@id\":\"https:\\\/\\\/news.ecclesia.org.br\\\/#website\"},\"primaryImageOfPage\":{\"@id\":\"https:\\\/\\\/news.ecclesia.org.br\\\/?p=26375#primaryimage\"},\"image\":{\"@id\":\"https:\\\/\\\/news.ecclesia.org.br\\\/?p=26375#primaryimage\"},\"thumbnailUrl\":\"https:\\\/\\\/news.ecclesia.org.br\\\/wp-content\\\/uploads\\\/2018\\\/12\\\/natal-2019-214x300.jpg\",\"datePublished\":\"2018-12-24T17:47:45+00:00\",\"dateModified\":\"2021-07-20T14:07:03+00:00\",\"breadcrumb\":{\"@id\":\"https:\\\/\\\/news.ecclesia.org.br\\\/?p=26375#breadcrumb\"},\"inLanguage\":\"pt-BR\",\"potentialAction\":[{\"@type\":\"ReadAction\",\"target\":[\"https:\\\/\\\/news.ecclesia.org.br\\\/?p=26375\"]}]},{\"@type\":\"ImageObject\",\"inLanguage\":\"pt-BR\",\"@id\":\"https:\\\/\\\/news.ecclesia.org.br\\\/?p=26375#primaryimage\",\"url\":\"https:\\\/\\\/news.ecclesia.org.br\\\/wp-content\\\/uploads\\\/2018\\\/12\\\/natal-2019-214x300.jpg\",\"contentUrl\":\"https:\\\/\\\/news.ecclesia.org.br\\\/wp-content\\\/uploads\\\/2018\\\/12\\\/natal-2019-214x300.jpg\"},{\"@type\":\"BreadcrumbList\",\"@id\":\"https:\\\/\\\/news.ecclesia.org.br\\\/?p=26375#breadcrumb\",\"itemListElement\":[{\"@type\":\"ListItem\",\"position\":1,\"name\":\"In\u00edcio\",\"item\":\"https:\\\/\\\/news.ecclesia.org.br\\\/\"},{\"@type\":\"ListItem\",\"position\":2,\"name\":\"Cristo Nasceu! Glorifiquemo-Lo!\"}]},{\"@type\":\"WebSite\",\"@id\":\"https:\\\/\\\/news.ecclesia.org.br\\\/#website\",\"url\":\"https:\\\/\\\/news.ecclesia.org.br\\\/\",\"name\":\"Ecclesia Brasil\",\"description\":\"Desde 2003 onectando o Brasil ao mundo ortodoxo!\",\"publisher\":{\"@id\":\"https:\\\/\\\/news.ecclesia.org.br\\\/#organization\"},\"alternateName\":\"Ecclesia\",\"potentialAction\":[{\"@type\":\"SearchAction\",\"target\":{\"@type\":\"EntryPoint\",\"urlTemplate\":\"https:\\\/\\\/news.ecclesia.org.br\\\/?s={search_term_string}\"},\"query-input\":{\"@type\":\"PropertyValueSpecification\",\"valueRequired\":true,\"valueName\":\"search_term_string\"}}],\"inLanguage\":\"pt-BR\"},{\"@type\":\"Organization\",\"@id\":\"https:\\\/\\\/news.ecclesia.org.br\\\/#organization\",\"name\":\"Sacra Arquidiocese de Buenos Aires e Am\u00e9rica do Sul | Patriarcado Ecum\u00eanico\",\"alternateName\":\"News Ecclesia Brasil\",\"url\":\"https:\\\/\\\/news.ecclesia.org.br\\\/\",\"logo\":{\"@type\":\"ImageObject\",\"inLanguage\":\"pt-BR\",\"@id\":\"https:\\\/\\\/news.ecclesia.org.br\\\/#\\\/schema\\\/logo\\\/image\\\/\",\"url\":\"https:\\\/\\\/news.ecclesia.org.br\\\/wp-content\\\/uploads\\\/2025\\\/05\\\/ecclesia2.png\",\"contentUrl\":\"https:\\\/\\\/news.ecclesia.org.br\\\/wp-content\\\/uploads\\\/2025\\\/05\\\/ecclesia2.png\",\"width\":480,\"height\":120,\"caption\":\"Sacra Arquidiocese de Buenos Aires e Am\u00e9rica do Sul | Patriarcado Ecum\u00eanico\"},\"image\":{\"@id\":\"https:\\\/\\\/news.ecclesia.org.br\\\/#\\\/schema\\\/logo\\\/image\\\/\"},\"sameAs\":[\"https:\\\/\\\/www.facebook.com\\\/Ecclesia2025\",\"https:\\\/\\\/x.com\\\/EcclesiaNews\",\"https:\\\/\\\/br.pinterest.com\\\/ekklisia\\\/\",\"https:\\\/\\\/www.youtube.com\\\/@EcclesiaBrasil\"]},{\"@type\":\"Person\",\"@id\":\"https:\\\/\\\/news.ecclesia.org.br\\\/#\\\/schema\\\/person\\\/6f09597f025829745ba414a569f63758\",\"name\":\"Pe. Andr\u00e9\",\"image\":{\"@type\":\"ImageObject\",\"inLanguage\":\"pt-BR\",\"@id\":\"https:\\\/\\\/secure.gravatar.com\\\/avatar\\\/b4327cfa27e9799da239a26adcd534fc29cdc0c4a4a148eecbcfeb9b42c617ac?s=96&d=mm&r=g\",\"url\":\"https:\\\/\\\/secure.gravatar.com\\\/avatar\\\/b4327cfa27e9799da239a26adcd534fc29cdc0c4a4a148eecbcfeb9b42c617ac?s=96&d=mm&r=g\",\"contentUrl\":\"https:\\\/\\\/secure.gravatar.com\\\/avatar\\\/b4327cfa27e9799da239a26adcd534fc29cdc0c4a4a148eecbcfeb9b42c617ac?s=96&d=mm&r=g\",\"caption\":\"Pe. Andr\u00e9\"},\"sameAs\":[\"https:\\\/\\\/www.ecclesia.org.br\"]}]}<\/script>\n<!-- \/ Yoast SEO plugin. -->","yoast_head_json":{"title":"Cristo Nasceu! Glorifiquemo-Lo! | ECCLESIA NEWS","robots":{"index":"index","follow":"follow","max-snippet":"max-snippet:-1","max-image-preview":"max-image-preview:large","max-video-preview":"max-video-preview:-1"},"canonical":"https:\/\/news.ecclesia.org.br\/?p=26375","og_locale":"pt_BR","og_type":"article","og_title":"Cristo Nasceu! Glorifiquemo-Lo! | ECCLESIA NEWS","og_description":"Eu testemunhei um novo e maravilhoso mist\u00e9rio!Meus ouvidos ressoam \u00e0 can\u00e7\u00e3o do pastor, sibilando n\u00e3o uma melodia suave, mas bradando bem alto um hino celestial! Os anjos cantam!Os arcanjos misturam suas vozes em harmonia!Os querubins ressoam o seu louvor e&#8230;","og_url":"https:\/\/news.ecclesia.org.br\/?p=26375","og_site_name":"ECCLESIA NEWS","article_publisher":"https:\/\/www.facebook.com\/Ecclesia2025","article_published_time":"2018-12-24T17:47:45+00:00","article_modified_time":"2021-07-20T14:07:03+00:00","og_image":[{"url":"https:\/\/news.ecclesia.org.br\/wp-content\/uploads\/2018\/12\/natal-2019-214x300.jpg","type":"","width":"","height":""}],"author":"Pe. Andr\u00e9","twitter_card":"summary_large_image","twitter_creator":"@EcclesiaNews","twitter_site":"@EcclesiaNews","twitter_misc":{"Escrito por":"Pe. Andr\u00e9","Est. tempo de leitura":"3 minutos"},"schema":{"@context":"https:\/\/schema.org","@graph":[{"@type":"Article","@id":"https:\/\/news.ecclesia.org.br\/?p=26375#article","isPartOf":{"@id":"https:\/\/news.ecclesia.org.br\/?p=26375"},"author":{"name":"Pe. Andr\u00e9","@id":"https:\/\/news.ecclesia.org.br\/#\/schema\/person\/6f09597f025829745ba414a569f63758"},"headline":"Cristo Nasceu! Glorifiquemo-Lo!","datePublished":"2018-12-24T17:47:45+00:00","dateModified":"2021-07-20T14:07:03+00:00","mainEntityOfPage":{"@id":"https:\/\/news.ecclesia.org.br\/?p=26375"},"wordCount":625,"commentCount":0,"publisher":{"@id":"https:\/\/news.ecclesia.org.br\/#organization"},"image":{"@id":"https:\/\/news.ecclesia.org.br\/?p=26375#primaryimage"},"thumbnailUrl":"https:\/\/news.ecclesia.org.br\/wp-content\/uploads\/2018\/12\/natal-2019-214x300.jpg","articleSection":["NEWS"],"inLanguage":"pt-BR","potentialAction":[{"@type":"CommentAction","name":"Comment","target":["https:\/\/news.ecclesia.org.br\/?p=26375#respond"]}]},{"@type":"WebPage","@id":"https:\/\/news.ecclesia.org.br\/?p=26375","url":"https:\/\/news.ecclesia.org.br\/?p=26375","name":"Cristo Nasceu! Glorifiquemo-Lo! | ECCLESIA NEWS","isPartOf":{"@id":"https:\/\/news.ecclesia.org.br\/#website"},"primaryImageOfPage":{"@id":"https:\/\/news.ecclesia.org.br\/?p=26375#primaryimage"},"image":{"@id":"https:\/\/news.ecclesia.org.br\/?p=26375#primaryimage"},"thumbnailUrl":"https:\/\/news.ecclesia.org.br\/wp-content\/uploads\/2018\/12\/natal-2019-214x300.jpg","datePublished":"2018-12-24T17:47:45+00:00","dateModified":"2021-07-20T14:07:03+00:00","breadcrumb":{"@id":"https:\/\/news.ecclesia.org.br\/?p=26375#breadcrumb"},"inLanguage":"pt-BR","potentialAction":[{"@type":"ReadAction","target":["https:\/\/news.ecclesia.org.br\/?p=26375"]}]},{"@type":"ImageObject","inLanguage":"pt-BR","@id":"https:\/\/news.ecclesia.org.br\/?p=26375#primaryimage","url":"https:\/\/news.ecclesia.org.br\/wp-content\/uploads\/2018\/12\/natal-2019-214x300.jpg","contentUrl":"https:\/\/news.ecclesia.org.br\/wp-content\/uploads\/2018\/12\/natal-2019-214x300.jpg"},{"@type":"BreadcrumbList","@id":"https:\/\/news.ecclesia.org.br\/?p=26375#breadcrumb","itemListElement":[{"@type":"ListItem","position":1,"name":"In\u00edcio","item":"https:\/\/news.ecclesia.org.br\/"},{"@type":"ListItem","position":2,"name":"Cristo Nasceu! Glorifiquemo-Lo!"}]},{"@type":"WebSite","@id":"https:\/\/news.ecclesia.org.br\/#website","url":"https:\/\/news.ecclesia.org.br\/","name":"Ecclesia Brasil","description":"Desde 2003 onectando o Brasil ao mundo ortodoxo!","publisher":{"@id":"https:\/\/news.ecclesia.org.br\/#organization"},"alternateName":"Ecclesia","potentialAction":[{"@type":"SearchAction","target":{"@type":"EntryPoint","urlTemplate":"https:\/\/news.ecclesia.org.br\/?s={search_term_string}"},"query-input":{"@type":"PropertyValueSpecification","valueRequired":true,"valueName":"search_term_string"}}],"inLanguage":"pt-BR"},{"@type":"Organization","@id":"https:\/\/news.ecclesia.org.br\/#organization","name":"Sacra Arquidiocese de Buenos Aires e Am\u00e9rica do Sul | Patriarcado Ecum\u00eanico","alternateName":"News Ecclesia Brasil","url":"https:\/\/news.ecclesia.org.br\/","logo":{"@type":"ImageObject","inLanguage":"pt-BR","@id":"https:\/\/news.ecclesia.org.br\/#\/schema\/logo\/image\/","url":"https:\/\/news.ecclesia.org.br\/wp-content\/uploads\/2025\/05\/ecclesia2.png","contentUrl":"https:\/\/news.ecclesia.org.br\/wp-content\/uploads\/2025\/05\/ecclesia2.png","width":480,"height":120,"caption":"Sacra Arquidiocese de Buenos Aires e Am\u00e9rica do Sul | Patriarcado Ecum\u00eanico"},"image":{"@id":"https:\/\/news.ecclesia.org.br\/#\/schema\/logo\/image\/"},"sameAs":["https:\/\/www.facebook.com\/Ecclesia2025","https:\/\/x.com\/EcclesiaNews","https:\/\/br.pinterest.com\/ekklisia\/","https:\/\/www.youtube.com\/@EcclesiaBrasil"]},{"@type":"Person","@id":"https:\/\/news.ecclesia.org.br\/#\/schema\/person\/6f09597f025829745ba414a569f63758","name":"Pe. Andr\u00e9","image":{"@type":"ImageObject","inLanguage":"pt-BR","@id":"https:\/\/secure.gravatar.com\/avatar\/b4327cfa27e9799da239a26adcd534fc29cdc0c4a4a148eecbcfeb9b42c617ac?s=96&d=mm&r=g","url":"https:\/\/secure.gravatar.com\/avatar\/b4327cfa27e9799da239a26adcd534fc29cdc0c4a4a148eecbcfeb9b42c617ac?s=96&d=mm&r=g","contentUrl":"https:\/\/secure.gravatar.com\/avatar\/b4327cfa27e9799da239a26adcd534fc29cdc0c4a4a148eecbcfeb9b42c617ac?s=96&d=mm&r=g","caption":"Pe. Andr\u00e9"},"sameAs":["https:\/\/www.ecclesia.org.br"]}]}},"_links":{"self":[{"href":"https:\/\/news.ecclesia.org.br\/index.php?rest_route=\/wp\/v2\/posts\/26375","targetHints":{"allow":["GET"]}}],"collection":[{"href":"https:\/\/news.ecclesia.org.br\/index.php?rest_route=\/wp\/v2\/posts"}],"about":[{"href":"https:\/\/news.ecclesia.org.br\/index.php?rest_route=\/wp\/v2\/types\/post"}],"author":[{"embeddable":true,"href":"https:\/\/news.ecclesia.org.br\/index.php?rest_route=\/wp\/v2\/users\/1"}],"replies":[{"embeddable":true,"href":"https:\/\/news.ecclesia.org.br\/index.php?rest_route=%2Fwp%2Fv2%2Fcomments&post=26375"}],"version-history":[{"count":4,"href":"https:\/\/news.ecclesia.org.br\/index.php?rest_route=\/wp\/v2\/posts\/26375\/revisions"}],"predecessor-version":[{"id":37724,"href":"https:\/\/news.ecclesia.org.br\/index.php?rest_route=\/wp\/v2\/posts\/26375\/revisions\/37724"}],"wp:attachment":[{"href":"https:\/\/news.ecclesia.org.br\/index.php?rest_route=%2Fwp%2Fv2%2Fmedia&parent=26375"}],"wp:term":[{"taxonomy":"category","embeddable":true,"href":"https:\/\/news.ecclesia.org.br\/index.php?rest_route=%2Fwp%2Fv2%2Fcategories&post=26375"},{"taxonomy":"post_tag","embeddable":true,"href":"https:\/\/news.ecclesia.org.br\/index.php?rest_route=%2Fwp%2Fv2%2Ftags&post=26375"}],"curies":[{"name":"wp","href":"https:\/\/api.w.org\/{rel}","templated":true}]}}