{"id":26354,"date":"2018-12-15T22:48:45","date_gmt":"2018-12-15T22:48:45","guid":{"rendered":"https:\/\/news.ecclesia.org.br\/?p=26354"},"modified":"2021-07-20T11:07:41","modified_gmt":"2021-07-20T14:07:41","slug":"eleito-o-primaz-da-igreja-ortodoxa-na-ucrania","status":"publish","type":"post","link":"https:\/\/news.ecclesia.org.br\/?p=26354","title":{"rendered":"Eleito o Primaz da Igreja Ortodoxa na Ucr\u00e2nia"},"content":{"rendered":"<div class=\"td-post-sharing-top\">\n<div id=\"td_social_sharing_article_top\" class=\"td-post-sharing td-ps-border td-ps-border-grey td-ps-rounded td-ps-padding td-ps-icon-color td-post-sharing-style18 \">\n<div class=\"td-post-sharing-visible\">\n<div class=\"td-social-but-text\" style=\"text-align: justify;\"><a href=\"https:\/\/news.ecclesia.org.br\/wp-content\/uploads\/2018\/12\/epifanio-kiev.jpg\"><img fetchpriority=\"high\" decoding=\"async\" class=\"alignleft size-medium wp-image-26355\" src=\"https:\/\/news.ecclesia.org.br\/wp-content\/uploads\/2018\/12\/epifanio-kiev-238x300.jpg\" alt=\"\" width=\"238\" height=\"300\" srcset=\"https:\/\/news.ecclesia.org.br\/wp-content\/uploads\/2018\/12\/epifanio-kiev-238x300.jpg 238w, https:\/\/news.ecclesia.org.br\/wp-content\/uploads\/2018\/12\/epifanio-kiev-44x55.jpg 44w, https:\/\/news.ecclesia.org.br\/wp-content\/uploads\/2018\/12\/epifanio-kiev.jpg 386w\" sizes=\"(max-width: 238px) 100vw, 238px\" \/><\/a>Hoje, o Metropolita Epif\u00e2nio (Dumenko) de Pereyaslav-Khmelnytsky (Patriarcado de Kiev) foi eleito primaz da nova \u201cIgreja Ortodoxa na Ucr\u00e2nia\u201d, pelos participantes do Conselho de Unifica\u00e7\u00e3o realizado em Kiev. Ap\u00f3s a elei\u00e7\u00e3o, o Bispo Epif\u00e2nio dirigiu-se aos fi\u00e9is reunidos em frente \u00e0 Catedral de Santa Sofia, agradecendo ao Presidente Poroshenko pelos esfor\u00e7os que contribu\u00edram para a cria\u00e7\u00e3o da Igreja Ortodoxa Unida na Ucr\u00e2nia, mas tamb\u00e9m a Filaret, \u201co pai espiritual de todos os ucranianos\u201d, bem como todos os membros do Conselho de Unifica\u00e7\u00e3o. O an\u00fancio foi feito pelo ministro ucraniano da Cultura, enquanto soavam os sinos de Santa Sophia e o presidente ucraniano Petro Poroshenko, Andriy Parubiy, o presidente do Parlamento, e o Metropolita Emmanuel da Fran\u00e7a, representante do Patriarcado Ecum\u00eanico, saiam da catedral de Kiev. O presidente Poroshenko anunciou a cria\u00e7\u00e3o da Igreja Ortodoxa Autoc\u00e9fala Ucraniana Local para as pessoas reunidas em frente \u00e0 catedral.\u00a0Em seu discurso, ele declarou que a nova Igreja ser\u00e1 \u201csem Putin, sem Kirill\u201d, mas \u201ccom Deus e com a Ucr\u00e2nia\u201d. Metropolita Epif\u00e2nio, 39 anos, l\u00edder desta nova igreja, estudou na Academia Eclesi\u00e1stica de Kyiv e na Faculdade de Filosofia de Atenas.\u00a0Foi ordenado di\u00e1cono e sacerdote em 2008 pelo \u201cPatriarca Filaret Denissenko de Kiev\u201d.\u00a0Ele foi nomeado bispo em 2009 pela mesma hierarquia e elevado \u00e0 categoria metropolita em 2013.\u00a0 Era considerado o bra\u00e7o direito de Filaret.<\/div>\n<div class=\"td-social-but-text\" style=\"text-align: right;\">\n<hr \/>\n<p>Com informa\u00e7\u00f5es e foto de <a href=\"https:\/\/orthodoxie.com\/en\/bishop-epiphaniy-dumenko-elected-primate-of-the-orthodox-church-in-ukraine\/?goal=0_9357f9bbb5-efe12a6661-64820487&amp;mc_cid=efe12a6661&amp;mc_eid=337873e3c4\" target=\"_blank\" rel=\"noopener\">Orthodoxie.com<\/a><\/p>\n<\/div>\n<\/div>\n<\/div>\n<\/div>\n","protected":false},"excerpt":{"rendered":"<p>Hoje, o Metropolita Epif\u00e2nio (Dumenko) de Pereyaslav-Khmelnytsky (Patriarcado de Kiev) foi eleito primaz da nova \u201cIgreja Ortodoxa na Ucr\u00e2nia\u201d, pelos participantes do Conselho de Unifica\u00e7\u00e3o realizado em Kiev. Ap\u00f3s a elei\u00e7\u00e3o, o Bispo Epif\u00e2nio dirigiu-se aos fi\u00e9is reunidos em frente&#8230;<\/p>\n","protected":false},"author":1,"featured_media":0,"comment_status":"open","ping_status":"open","sticky":false,"template":"","format":"standard","meta":{"_acf_changed":false,"footnotes":""},"categories":[3],"tags":[],"class_list":["post-26354","post","type-post","status-publish","format-standard","hentry","category-mundo","entry","rows-excerpt"],"acf":[],"yoast_head":"<!-- This site is optimized with the Yoast SEO plugin v27.4 - https:\/\/yoast.com\/product\/yoast-seo-wordpress\/ -->\n<title>Eleito o Primaz da Igreja Ortodoxa na Ucr\u00e2nia | ECCLESIA NEWS<\/title>\n<meta name=\"robots\" content=\"index, follow, max-snippet:-1, max-image-preview:large, max-video-preview:-1\" \/>\n<link rel=\"canonical\" href=\"https:\/\/news.ecclesia.org.br\/?p=26354\" \/>\n<meta property=\"og:locale\" content=\"pt_BR\" \/>\n<meta property=\"og:type\" content=\"article\" \/>\n<meta property=\"og:title\" content=\"Eleito o Primaz da Igreja Ortodoxa na Ucr\u00e2nia | ECCLESIA NEWS\" \/>\n<meta property=\"og:description\" content=\"Hoje, o Metropolita Epif\u00e2nio (Dumenko) de Pereyaslav-Khmelnytsky (Patriarcado de Kiev) foi eleito primaz da nova \u201cIgreja Ortodoxa na Ucr\u00e2nia\u201d, pelos participantes do Conselho de Unifica\u00e7\u00e3o realizado em Kiev. Ap\u00f3s a elei\u00e7\u00e3o, o Bispo Epif\u00e2nio dirigiu-se aos fi\u00e9is reunidos em frente&#8230;\" \/>\n<meta property=\"og:url\" content=\"https:\/\/news.ecclesia.org.br\/?p=26354\" \/>\n<meta property=\"og:site_name\" content=\"ECCLESIA NEWS\" \/>\n<meta property=\"article:publisher\" content=\"https:\/\/www.facebook.com\/Ecclesia2025\" \/>\n<meta property=\"article:published_time\" content=\"2018-12-15T22:48:45+00:00\" \/>\n<meta property=\"article:modified_time\" content=\"2021-07-20T14:07:41+00:00\" \/>\n<meta property=\"og:image\" content=\"https:\/\/news.ecclesia.org.br\/wp-content\/uploads\/2018\/12\/epifanio-kiev-238x300.jpg\" \/>\n<meta name=\"author\" content=\"Pe. Andr\u00e9\" \/>\n<meta name=\"twitter:card\" content=\"summary_large_image\" \/>\n<meta name=\"twitter:creator\" content=\"@EcclesiaNews\" \/>\n<meta name=\"twitter:site\" content=\"@EcclesiaNews\" \/>\n<meta name=\"twitter:label1\" content=\"Escrito por\" \/>\n\t<meta name=\"twitter:data1\" content=\"Pe. Andr\u00e9\" \/>\n\t<meta name=\"twitter:label2\" content=\"Est. tempo de leitura\" \/>\n\t<meta name=\"twitter:data2\" content=\"1 minuto\" \/>\n<script type=\"application\/ld+json\" class=\"yoast-schema-graph\">{\"@context\":\"https:\\\/\\\/schema.org\",\"@graph\":[{\"@type\":\"Article\",\"@id\":\"https:\\\/\\\/news.ecclesia.org.br\\\/?p=26354#article\",\"isPartOf\":{\"@id\":\"https:\\\/\\\/news.ecclesia.org.br\\\/?p=26354\"},\"author\":{\"name\":\"Pe. Andr\u00e9\",\"@id\":\"https:\\\/\\\/news.ecclesia.org.br\\\/#\\\/schema\\\/person\\\/6f09597f025829745ba414a569f63758\"},\"headline\":\"Eleito o Primaz da Igreja Ortodoxa na Ucr\u00e2nia\",\"datePublished\":\"2018-12-15T22:48:45+00:00\",\"dateModified\":\"2021-07-20T14:07:41+00:00\",\"mainEntityOfPage\":{\"@id\":\"https:\\\/\\\/news.ecclesia.org.br\\\/?p=26354\"},\"wordCount\":257,\"commentCount\":0,\"publisher\":{\"@id\":\"https:\\\/\\\/news.ecclesia.org.br\\\/#organization\"},\"image\":{\"@id\":\"https:\\\/\\\/news.ecclesia.org.br\\\/?p=26354#primaryimage\"},\"thumbnailUrl\":\"https:\\\/\\\/news.ecclesia.org.br\\\/wp-content\\\/uploads\\\/2018\\\/12\\\/epifanio-kiev-238x300.jpg\",\"articleSection\":[\"Mundo Ortodoxo\"],\"inLanguage\":\"pt-BR\",\"potentialAction\":[{\"@type\":\"CommentAction\",\"name\":\"Comment\",\"target\":[\"https:\\\/\\\/news.ecclesia.org.br\\\/?p=26354#respond\"]}]},{\"@type\":\"WebPage\",\"@id\":\"https:\\\/\\\/news.ecclesia.org.br\\\/?p=26354\",\"url\":\"https:\\\/\\\/news.ecclesia.org.br\\\/?p=26354\",\"name\":\"Eleito o Primaz da Igreja Ortodoxa na Ucr\u00e2nia | ECCLESIA NEWS\",\"isPartOf\":{\"@id\":\"https:\\\/\\\/news.ecclesia.org.br\\\/#website\"},\"primaryImageOfPage\":{\"@id\":\"https:\\\/\\\/news.ecclesia.org.br\\\/?p=26354#primaryimage\"},\"image\":{\"@id\":\"https:\\\/\\\/news.ecclesia.org.br\\\/?p=26354#primaryimage\"},\"thumbnailUrl\":\"https:\\\/\\\/news.ecclesia.org.br\\\/wp-content\\\/uploads\\\/2018\\\/12\\\/epifanio-kiev-238x300.jpg\",\"datePublished\":\"2018-12-15T22:48:45+00:00\",\"dateModified\":\"2021-07-20T14:07:41+00:00\",\"breadcrumb\":{\"@id\":\"https:\\\/\\\/news.ecclesia.org.br\\\/?p=26354#breadcrumb\"},\"inLanguage\":\"pt-BR\",\"potentialAction\":[{\"@type\":\"ReadAction\",\"target\":[\"https:\\\/\\\/news.ecclesia.org.br\\\/?p=26354\"]}]},{\"@type\":\"ImageObject\",\"inLanguage\":\"pt-BR\",\"@id\":\"https:\\\/\\\/news.ecclesia.org.br\\\/?p=26354#primaryimage\",\"url\":\"https:\\\/\\\/news.ecclesia.org.br\\\/wp-content\\\/uploads\\\/2018\\\/12\\\/epifanio-kiev.jpg\",\"contentUrl\":\"https:\\\/\\\/news.ecclesia.org.br\\\/wp-content\\\/uploads\\\/2018\\\/12\\\/epifanio-kiev.jpg\",\"width\":386,\"height\":486},{\"@type\":\"BreadcrumbList\",\"@id\":\"https:\\\/\\\/news.ecclesia.org.br\\\/?p=26354#breadcrumb\",\"itemListElement\":[{\"@type\":\"ListItem\",\"position\":1,\"name\":\"In\u00edcio\",\"item\":\"https:\\\/\\\/news.ecclesia.org.br\\\/\"},{\"@type\":\"ListItem\",\"position\":2,\"name\":\"Eleito o Primaz da Igreja Ortodoxa na Ucr\u00e2nia\"}]},{\"@type\":\"WebSite\",\"@id\":\"https:\\\/\\\/news.ecclesia.org.br\\\/#website\",\"url\":\"https:\\\/\\\/news.ecclesia.org.br\\\/\",\"name\":\"Ecclesia Brasil\",\"description\":\"Desde 2003 onectando o Brasil ao mundo ortodoxo!\",\"publisher\":{\"@id\":\"https:\\\/\\\/news.ecclesia.org.br\\\/#organization\"},\"alternateName\":\"Ecclesia\",\"potentialAction\":[{\"@type\":\"SearchAction\",\"target\":{\"@type\":\"EntryPoint\",\"urlTemplate\":\"https:\\\/\\\/news.ecclesia.org.br\\\/?s={search_term_string}\"},\"query-input\":{\"@type\":\"PropertyValueSpecification\",\"valueRequired\":true,\"valueName\":\"search_term_string\"}}],\"inLanguage\":\"pt-BR\"},{\"@type\":\"Organization\",\"@id\":\"https:\\\/\\\/news.ecclesia.org.br\\\/#organization\",\"name\":\"Sacra Arquidiocese de Buenos Aires e Am\u00e9rica do Sul | Patriarcado Ecum\u00eanico\",\"alternateName\":\"News Ecclesia Brasil\",\"url\":\"https:\\\/\\\/news.ecclesia.org.br\\\/\",\"logo\":{\"@type\":\"ImageObject\",\"inLanguage\":\"pt-BR\",\"@id\":\"https:\\\/\\\/news.ecclesia.org.br\\\/#\\\/schema\\\/logo\\\/image\\\/\",\"url\":\"https:\\\/\\\/news.ecclesia.org.br\\\/wp-content\\\/uploads\\\/2025\\\/05\\\/ecclesia2.png\",\"contentUrl\":\"https:\\\/\\\/news.ecclesia.org.br\\\/wp-content\\\/uploads\\\/2025\\\/05\\\/ecclesia2.png\",\"width\":480,\"height\":120,\"caption\":\"Sacra Arquidiocese de Buenos Aires e Am\u00e9rica do Sul | Patriarcado Ecum\u00eanico\"},\"image\":{\"@id\":\"https:\\\/\\\/news.ecclesia.org.br\\\/#\\\/schema\\\/logo\\\/image\\\/\"},\"sameAs\":[\"https:\\\/\\\/www.facebook.com\\\/Ecclesia2025\",\"https:\\\/\\\/x.com\\\/EcclesiaNews\",\"https:\\\/\\\/br.pinterest.com\\\/ekklisia\\\/\",\"https:\\\/\\\/www.youtube.com\\\/@EcclesiaBrasil\"]},{\"@type\":\"Person\",\"@id\":\"https:\\\/\\\/news.ecclesia.org.br\\\/#\\\/schema\\\/person\\\/6f09597f025829745ba414a569f63758\",\"name\":\"Pe. Andr\u00e9\",\"image\":{\"@type\":\"ImageObject\",\"inLanguage\":\"pt-BR\",\"@id\":\"https:\\\/\\\/secure.gravatar.com\\\/avatar\\\/b4327cfa27e9799da239a26adcd534fc29cdc0c4a4a148eecbcfeb9b42c617ac?s=96&d=mm&r=g\",\"url\":\"https:\\\/\\\/secure.gravatar.com\\\/avatar\\\/b4327cfa27e9799da239a26adcd534fc29cdc0c4a4a148eecbcfeb9b42c617ac?s=96&d=mm&r=g\",\"contentUrl\":\"https:\\\/\\\/secure.gravatar.com\\\/avatar\\\/b4327cfa27e9799da239a26adcd534fc29cdc0c4a4a148eecbcfeb9b42c617ac?s=96&d=mm&r=g\",\"caption\":\"Pe. Andr\u00e9\"},\"sameAs\":[\"https:\\\/\\\/www.ecclesia.org.br\"]}]}<\/script>\n<!-- \/ Yoast SEO plugin. -->","yoast_head_json":{"title":"Eleito o Primaz da Igreja Ortodoxa na Ucr\u00e2nia | ECCLESIA NEWS","robots":{"index":"index","follow":"follow","max-snippet":"max-snippet:-1","max-image-preview":"max-image-preview:large","max-video-preview":"max-video-preview:-1"},"canonical":"https:\/\/news.ecclesia.org.br\/?p=26354","og_locale":"pt_BR","og_type":"article","og_title":"Eleito o Primaz da Igreja Ortodoxa na Ucr\u00e2nia | ECCLESIA NEWS","og_description":"Hoje, o Metropolita Epif\u00e2nio (Dumenko) de Pereyaslav-Khmelnytsky (Patriarcado de Kiev) foi eleito primaz da nova \u201cIgreja Ortodoxa na Ucr\u00e2nia\u201d, pelos participantes do Conselho de Unifica\u00e7\u00e3o realizado em Kiev. Ap\u00f3s a elei\u00e7\u00e3o, o Bispo Epif\u00e2nio dirigiu-se aos fi\u00e9is reunidos em frente&#8230;","og_url":"https:\/\/news.ecclesia.org.br\/?p=26354","og_site_name":"ECCLESIA NEWS","article_publisher":"https:\/\/www.facebook.com\/Ecclesia2025","article_published_time":"2018-12-15T22:48:45+00:00","article_modified_time":"2021-07-20T14:07:41+00:00","og_image":[{"url":"https:\/\/news.ecclesia.org.br\/wp-content\/uploads\/2018\/12\/epifanio-kiev-238x300.jpg","type":"","width":"","height":""}],"author":"Pe. Andr\u00e9","twitter_card":"summary_large_image","twitter_creator":"@EcclesiaNews","twitter_site":"@EcclesiaNews","twitter_misc":{"Escrito por":"Pe. Andr\u00e9","Est. tempo de leitura":"1 minuto"},"schema":{"@context":"https:\/\/schema.org","@graph":[{"@type":"Article","@id":"https:\/\/news.ecclesia.org.br\/?p=26354#article","isPartOf":{"@id":"https:\/\/news.ecclesia.org.br\/?p=26354"},"author":{"name":"Pe. Andr\u00e9","@id":"https:\/\/news.ecclesia.org.br\/#\/schema\/person\/6f09597f025829745ba414a569f63758"},"headline":"Eleito o Primaz da Igreja Ortodoxa na Ucr\u00e2nia","datePublished":"2018-12-15T22:48:45+00:00","dateModified":"2021-07-20T14:07:41+00:00","mainEntityOfPage":{"@id":"https:\/\/news.ecclesia.org.br\/?p=26354"},"wordCount":257,"commentCount":0,"publisher":{"@id":"https:\/\/news.ecclesia.org.br\/#organization"},"image":{"@id":"https:\/\/news.ecclesia.org.br\/?p=26354#primaryimage"},"thumbnailUrl":"https:\/\/news.ecclesia.org.br\/wp-content\/uploads\/2018\/12\/epifanio-kiev-238x300.jpg","articleSection":["Mundo Ortodoxo"],"inLanguage":"pt-BR","potentialAction":[{"@type":"CommentAction","name":"Comment","target":["https:\/\/news.ecclesia.org.br\/?p=26354#respond"]}]},{"@type":"WebPage","@id":"https:\/\/news.ecclesia.org.br\/?p=26354","url":"https:\/\/news.ecclesia.org.br\/?p=26354","name":"Eleito o Primaz da Igreja Ortodoxa na Ucr\u00e2nia | ECCLESIA NEWS","isPartOf":{"@id":"https:\/\/news.ecclesia.org.br\/#website"},"primaryImageOfPage":{"@id":"https:\/\/news.ecclesia.org.br\/?p=26354#primaryimage"},"image":{"@id":"https:\/\/news.ecclesia.org.br\/?p=26354#primaryimage"},"thumbnailUrl":"https:\/\/news.ecclesia.org.br\/wp-content\/uploads\/2018\/12\/epifanio-kiev-238x300.jpg","datePublished":"2018-12-15T22:48:45+00:00","dateModified":"2021-07-20T14:07:41+00:00","breadcrumb":{"@id":"https:\/\/news.ecclesia.org.br\/?p=26354#breadcrumb"},"inLanguage":"pt-BR","potentialAction":[{"@type":"ReadAction","target":["https:\/\/news.ecclesia.org.br\/?p=26354"]}]},{"@type":"ImageObject","inLanguage":"pt-BR","@id":"https:\/\/news.ecclesia.org.br\/?p=26354#primaryimage","url":"https:\/\/news.ecclesia.org.br\/wp-content\/uploads\/2018\/12\/epifanio-kiev.jpg","contentUrl":"https:\/\/news.ecclesia.org.br\/wp-content\/uploads\/2018\/12\/epifanio-kiev.jpg","width":386,"height":486},{"@type":"BreadcrumbList","@id":"https:\/\/news.ecclesia.org.br\/?p=26354#breadcrumb","itemListElement":[{"@type":"ListItem","position":1,"name":"In\u00edcio","item":"https:\/\/news.ecclesia.org.br\/"},{"@type":"ListItem","position":2,"name":"Eleito o Primaz da Igreja Ortodoxa na Ucr\u00e2nia"}]},{"@type":"WebSite","@id":"https:\/\/news.ecclesia.org.br\/#website","url":"https:\/\/news.ecclesia.org.br\/","name":"Ecclesia Brasil","description":"Desde 2003 onectando o Brasil ao mundo ortodoxo!","publisher":{"@id":"https:\/\/news.ecclesia.org.br\/#organization"},"alternateName":"Ecclesia","potentialAction":[{"@type":"SearchAction","target":{"@type":"EntryPoint","urlTemplate":"https:\/\/news.ecclesia.org.br\/?s={search_term_string}"},"query-input":{"@type":"PropertyValueSpecification","valueRequired":true,"valueName":"search_term_string"}}],"inLanguage":"pt-BR"},{"@type":"Organization","@id":"https:\/\/news.ecclesia.org.br\/#organization","name":"Sacra Arquidiocese de Buenos Aires e Am\u00e9rica do Sul | Patriarcado Ecum\u00eanico","alternateName":"News Ecclesia Brasil","url":"https:\/\/news.ecclesia.org.br\/","logo":{"@type":"ImageObject","inLanguage":"pt-BR","@id":"https:\/\/news.ecclesia.org.br\/#\/schema\/logo\/image\/","url":"https:\/\/news.ecclesia.org.br\/wp-content\/uploads\/2025\/05\/ecclesia2.png","contentUrl":"https:\/\/news.ecclesia.org.br\/wp-content\/uploads\/2025\/05\/ecclesia2.png","width":480,"height":120,"caption":"Sacra Arquidiocese de Buenos Aires e Am\u00e9rica do Sul | Patriarcado Ecum\u00eanico"},"image":{"@id":"https:\/\/news.ecclesia.org.br\/#\/schema\/logo\/image\/"},"sameAs":["https:\/\/www.facebook.com\/Ecclesia2025","https:\/\/x.com\/EcclesiaNews","https:\/\/br.pinterest.com\/ekklisia\/","https:\/\/www.youtube.com\/@EcclesiaBrasil"]},{"@type":"Person","@id":"https:\/\/news.ecclesia.org.br\/#\/schema\/person\/6f09597f025829745ba414a569f63758","name":"Pe. Andr\u00e9","image":{"@type":"ImageObject","inLanguage":"pt-BR","@id":"https:\/\/secure.gravatar.com\/avatar\/b4327cfa27e9799da239a26adcd534fc29cdc0c4a4a148eecbcfeb9b42c617ac?s=96&d=mm&r=g","url":"https:\/\/secure.gravatar.com\/avatar\/b4327cfa27e9799da239a26adcd534fc29cdc0c4a4a148eecbcfeb9b42c617ac?s=96&d=mm&r=g","contentUrl":"https:\/\/secure.gravatar.com\/avatar\/b4327cfa27e9799da239a26adcd534fc29cdc0c4a4a148eecbcfeb9b42c617ac?s=96&d=mm&r=g","caption":"Pe. Andr\u00e9"},"sameAs":["https:\/\/www.ecclesia.org.br"]}]}},"_links":{"self":[{"href":"https:\/\/news.ecclesia.org.br\/index.php?rest_route=\/wp\/v2\/posts\/26354","targetHints":{"allow":["GET"]}}],"collection":[{"href":"https:\/\/news.ecclesia.org.br\/index.php?rest_route=\/wp\/v2\/posts"}],"about":[{"href":"https:\/\/news.ecclesia.org.br\/index.php?rest_route=\/wp\/v2\/types\/post"}],"author":[{"embeddable":true,"href":"https:\/\/news.ecclesia.org.br\/index.php?rest_route=\/wp\/v2\/users\/1"}],"replies":[{"embeddable":true,"href":"https:\/\/news.ecclesia.org.br\/index.php?rest_route=%2Fwp%2Fv2%2Fcomments&post=26354"}],"version-history":[{"count":1,"href":"https:\/\/news.ecclesia.org.br\/index.php?rest_route=\/wp\/v2\/posts\/26354\/revisions"}],"predecessor-version":[{"id":37725,"href":"https:\/\/news.ecclesia.org.br\/index.php?rest_route=\/wp\/v2\/posts\/26354\/revisions\/37725"}],"wp:attachment":[{"href":"https:\/\/news.ecclesia.org.br\/index.php?rest_route=%2Fwp%2Fv2%2Fmedia&parent=26354"}],"wp:term":[{"taxonomy":"category","embeddable":true,"href":"https:\/\/news.ecclesia.org.br\/index.php?rest_route=%2Fwp%2Fv2%2Fcategories&post=26354"},{"taxonomy":"post_tag","embeddable":true,"href":"https:\/\/news.ecclesia.org.br\/index.php?rest_route=%2Fwp%2Fv2%2Ftags&post=26354"}],"curies":[{"name":"wp","href":"https:\/\/api.w.org\/{rel}","templated":true}]}}