{"id":26320,"date":"2018-11-30T16:48:45","date_gmt":"2018-11-30T16:48:45","guid":{"rendered":"https:\/\/news.ecclesia.org.br\/?p=26320"},"modified":"2018-12-01T13:40:14","modified_gmt":"2018-12-01T13:40:14","slug":"papa-francisco-ao-patriarca-bartolomeu-trabalho-conjunto-permite-pressentir-a-comunhao","status":"publish","type":"post","link":"https:\/\/news.ecclesia.org.br\/?p=26320","title":{"rendered":"Papa Francisco ao Patriarca Bartolomeu: Trabalho conjunto permite pressentir a comunh\u00e3o"},"content":{"rendered":"<p style=\"text-align: justify;\"><a href=\"https:\/\/news.ecclesia.org.br\/wp-content\/uploads\/2015\/12\/bartolomeu-francisco-1.jpg\"><img fetchpriority=\"high\" decoding=\"async\" class=\"alignleft size-medium wp-image-10342\" src=\"https:\/\/news.ecclesia.org.br\/wp-content\/uploads\/2015\/12\/bartolomeu-francisco-1-300x225.jpg\" alt=\"\" width=\"300\" height=\"225\" srcset=\"https:\/\/news.ecclesia.org.br\/wp-content\/uploads\/2015\/12\/bartolomeu-francisco-1-300x225.jpg 300w, https:\/\/news.ecclesia.org.br\/wp-content\/uploads\/2015\/12\/bartolomeu-francisco-1-768x576.jpg 768w, https:\/\/news.ecclesia.org.br\/wp-content\/uploads\/2015\/12\/bartolomeu-francisco-1-73x55.jpg 73w, https:\/\/news.ecclesia.org.br\/wp-content\/uploads\/2015\/12\/bartolomeu-francisco-1.jpg 800w\" sizes=\"(max-width: 300px) 100vw, 300px\" \/><\/a>30 nov, 2018 &#8211; 12:59 &#8212;\u00a0O Papa Francisco enviou esta sexta-feira uma sauda\u00e7\u00e3o ao Patriarca Ecum\u00eanico Bartolomeu, de Constantinopla, por ocasi\u00e3o do dia de Santo Andr\u00e9, padroeiro daquela Igreja. Francisco sublinha o fato de as rela\u00e7\u00f5es entre cat\u00f3licos e ortodoxos ter melhorado tanto ao longo das \u00faltimas d\u00e9cadas, e diz que o trabalho levado a cabo em conjunto, por miss\u00f5es comuns, permite pressentir a comunh\u00e3o plena. \u201cApesar de s\u00e9culos de incompreens\u00e3o m\u00fatua, diferen\u00e7as e sil\u00eancio tenham posto em causa esta rela\u00e7\u00e3o, o Esp\u00edrito Santo, Esp\u00edrito de unidade, permitiu-nos recome\u00e7ar um di\u00e1logo fraterno\u201d, diz Francisco. \u201cAmbas as Igrejas, com um sentido de responsabilidade para com o mundo, sentiram aquele apelo urgente que envolve cada um de n\u00f3s que foi batizado a proclamar o Evangelho a todos os homens e mulheres. Por esta raz\u00e3o podemos trabalhar hoje em busca da paz entre os povos, pela aboli\u00e7\u00e3o de todas as formas de escravatura, pelo respeito e dignidade de cada ser humano e pelo cuidado com a cria\u00e7\u00e3o\u201d, afirma o Papa. \u201cCom a ajuda de Deus, atrav\u00e9s do encontro e do di\u00e1logo na nossa caminhada conjunta dos \u00faltimos cinquenta anos, podemos j\u00e1 experimentar estar em comunh\u00e3o, embora esta ainda n\u00e3o seja plena e completa\u201d. O trabalho rumo \u00e0 comunh\u00e3o plena deve continuar, diz o Papa, para que os crist\u00e3os possam dar melhor resposta \u00e0s necessidades de \u201ctantos homens e mulheres do nosso tempo, sobretudo os que sofrem de pobreza, fome, doen\u00e7a e guerra\u201d.<\/p>\n<h3>Desuni\u00e3o interna<\/h3>\n<p style=\"text-align: justify;\">A mensagem do Papa Francisco \u00e9 dirigida ao Patriarca de Constantinopla, que reside em Istambul e \u00e9 considerado o primeiro entre iguais dos l\u00edderes ortodoxos. O Patriarca goza de excelentes rela\u00e7\u00f5es com Roma, j\u00e1 desde o pontificado de Jo\u00e3o Paulo II e esteve presente na inaugura\u00e7\u00e3o do pontificado de Francisco. Os dois j\u00e1 se encontraram mais do que uma vez desde essa altura. Mas a situa\u00e7\u00e3o interna da Igreja Ortodoxa est\u00e1 a passar por momentos de grande tens\u00e3o e divis\u00e3o. Em causa est\u00e1 o reconhecimento da autonomia, ou autocefalia, da Igreja Ortodoxa da Ucr\u00e2nia, que at\u00e9 agora tem estado sob o dom\u00ednio da Igreja Ortodoxa de Moscou. Depois de anos de conflito diplom\u00e1tico, Bartolomeu decidiu atribuir autocefalia, mas Moscou n\u00e3o gostou e j\u00e1 cortou rela\u00e7\u00f5es com o Patriarcado de Constantinopla. A situa\u00e7\u00e3o est\u00e1 a agravar o clima de tens\u00e3o j\u00e1 existente entre Kiev e Moscou, que est\u00e3o em guerra no Leste da Ucr\u00e2nia.<\/p>\n<hr \/>\n<p style=\"text-align: right;\">Fonte: <a href=\"https:\/\/rr.sapo.pt\/noticia\/132558\/trabalho-conjunto-permite-pressentir-a-comunhao-diz-papa-a-lider-ortodoxo\" target=\"_blank\" rel=\"noopener\">Renascen\u00e7a\u00a0<\/a><\/p>\n<p style=\"text-align: justify;\">Abaixo, alguns registros fotogr\u00e1ficos da celebra\u00e7\u00e3o do Santo Ap\u00f3stolo Andr\u00e9 na Igreja Patriarcal de S\u00e3o Jorge, no Fanar Centro da Ortodoxia, na manh\u00e3 desta sexta-feira, 30 de novembro de 2018. Presente, uma delega\u00e7\u00e3o vaticana guiada pelo presidente do Pontif\u00edcio Conselho para a Promo\u00e7\u00e3o da Unidade dos Crist\u00e3os, cardeal Kurt Koch, acompanhado pelo secret\u00e1rio do dicast\u00e9rio, dom Brian Farrel, e pelo subsecret\u00e1rio, mons. Andrea Palmieri e do N\u00fancio Apost\u00f3lico na Turquia, dom Paul F. Russel. A delega\u00e7\u00e3o da Santa S\u00e9 participou da Solene Divina Liturgia presidida pelo Patriarca Ecum\u00eanico de Constantinopla, Bartolomeu I, na Igreja patriarcal de S\u00e3o Jorge no Fanar, encontrou-se com o patriarca e conversou com a Comiss\u00e3o sinodal, encarregada das rela\u00e7\u00f5es com a Igreja cat\u00f3lica. (Fotos: Nikos Manginas \/ Patriarcado Ecum\u00eanico)<\/p>\n<p style=\"text-align: justify;\"><div id=\"galleria-26320\"><a href=\"https:\/\/news.ecclesia.org.br\/wp-content\/uploads\/2018\/11\/2018-11-30-001.jpg\"><img decoding=\"async\" title=\"2018-11-30-001\" alt=\"\" src=\"https:\/\/news.ecclesia.org.br\/wp-content\/uploads\/2018\/11\/2018-11-30-001-83x55.jpg\" data-big=\"https:\/\/news.ecclesia.org.br\/wp-content\/uploads\/2018\/11\/2018-11-30-001.jpg\"><\/a><a href=\"https:\/\/news.ecclesia.org.br\/wp-content\/uploads\/2018\/11\/2018-11-30-002.jpg\"><img decoding=\"async\" title=\"2018-11-30-002\" alt=\"\" src=\"https:\/\/news.ecclesia.org.br\/wp-content\/uploads\/2018\/11\/2018-11-30-002-83x55.jpg\" data-big=\"https:\/\/news.ecclesia.org.br\/wp-content\/uploads\/2018\/11\/2018-11-30-002.jpg\"><\/a><a href=\"https:\/\/news.ecclesia.org.br\/wp-content\/uploads\/2018\/11\/2018-11-30-003.jpg\"><img decoding=\"async\" title=\"2018-11-30-003\" alt=\"\" src=\"https:\/\/news.ecclesia.org.br\/wp-content\/uploads\/2018\/11\/2018-11-30-003-83x55.jpg\" data-big=\"https:\/\/news.ecclesia.org.br\/wp-content\/uploads\/2018\/11\/2018-11-30-003.jpg\"><\/a><a href=\"https:\/\/news.ecclesia.org.br\/wp-content\/uploads\/2018\/11\/2018-11-30-004.jpg\"><img decoding=\"async\" title=\"2018-11-30-004\" alt=\"\" src=\"https:\/\/news.ecclesia.org.br\/wp-content\/uploads\/2018\/11\/2018-11-30-004-83x55.jpg\" data-big=\"https:\/\/news.ecclesia.org.br\/wp-content\/uploads\/2018\/11\/2018-11-30-004.jpg\"><\/a><a href=\"https:\/\/news.ecclesia.org.br\/wp-content\/uploads\/2018\/11\/2018-11-30-005.jpg\"><img decoding=\"async\" title=\"2018-11-30-005\" alt=\"\" src=\"https:\/\/news.ecclesia.org.br\/wp-content\/uploads\/2018\/11\/2018-11-30-005-83x55.jpg\" data-big=\"https:\/\/news.ecclesia.org.br\/wp-content\/uploads\/2018\/11\/2018-11-30-005.jpg\"><\/a><a href=\"https:\/\/news.ecclesia.org.br\/wp-content\/uploads\/2018\/11\/2018-11-30-006.jpg\"><img decoding=\"async\" title=\"2018-11-30-006\" alt=\"\" src=\"https:\/\/news.ecclesia.org.br\/wp-content\/uploads\/2018\/11\/2018-11-30-006-83x55.jpg\" data-big=\"https:\/\/news.ecclesia.org.br\/wp-content\/uploads\/2018\/11\/2018-11-30-006.jpg\"><\/a><a href=\"https:\/\/news.ecclesia.org.br\/wp-content\/uploads\/2018\/11\/2018-11-30-007.jpg\"><img decoding=\"async\" title=\"2018-11-30-007\" alt=\"\" src=\"https:\/\/news.ecclesia.org.br\/wp-content\/uploads\/2018\/11\/2018-11-30-007-83x55.jpg\" data-big=\"https:\/\/news.ecclesia.org.br\/wp-content\/uploads\/2018\/11\/2018-11-30-007.jpg\"><\/a><a href=\"https:\/\/news.ecclesia.org.br\/wp-content\/uploads\/2018\/11\/2018-11-30-008.jpg\"><img decoding=\"async\" title=\"2018-11-30-008\" alt=\"\" src=\"https:\/\/news.ecclesia.org.br\/wp-content\/uploads\/2018\/11\/2018-11-30-008-83x55.jpg\" data-big=\"https:\/\/news.ecclesia.org.br\/wp-content\/uploads\/2018\/11\/2018-11-30-008.jpg\"><\/a><a href=\"https:\/\/news.ecclesia.org.br\/wp-content\/uploads\/2018\/11\/2018-11-30-009.jpg\"><img decoding=\"async\" title=\"2018-11-30-009\" alt=\"\" src=\"https:\/\/news.ecclesia.org.br\/wp-content\/uploads\/2018\/11\/2018-11-30-009-83x55.jpg\" data-big=\"https:\/\/news.ecclesia.org.br\/wp-content\/uploads\/2018\/11\/2018-11-30-009.jpg\"><\/a><a href=\"https:\/\/news.ecclesia.org.br\/wp-content\/uploads\/2018\/11\/2018-11-30-010.jpg\"><img decoding=\"async\" title=\"2018-11-30-010\" alt=\"\" src=\"https:\/\/news.ecclesia.org.br\/wp-content\/uploads\/2018\/11\/2018-11-30-010-83x55.jpg\" data-big=\"https:\/\/news.ecclesia.org.br\/wp-content\/uploads\/2018\/11\/2018-11-30-010.jpg\"><\/a><\/div><\/p>\n<p>&nbsp;<\/p>\n","protected":false},"excerpt":{"rendered":"<p>30 nov, 2018 &#8211; 12:59 &#8212;\u00a0O Papa Francisco enviou esta sexta-feira uma sauda\u00e7\u00e3o ao Patriarca Ecum\u00eanico Bartolomeu, de Constantinopla, por ocasi\u00e3o do dia de Santo Andr\u00e9, padroeiro daquela Igreja. Francisco sublinha o fato de as rela\u00e7\u00f5es entre cat\u00f3licos e ortodoxos&#8230;<\/p>\n","protected":false},"author":1,"featured_media":10342,"comment_status":"open","ping_status":"open","sticky":false,"template":"","format":"standard","meta":{"_acf_changed":false,"footnotes":""},"categories":[1,72],"tags":[],"class_list":["post-26320","post","type-post","status-publish","format-standard","has-post-thumbnail","hentry","category-news","category-patriarcado-ecumenico","entry","rows-excerpt"],"acf":[],"yoast_head":"<!-- This site is optimized with the Yoast SEO plugin v27.4 - https:\/\/yoast.com\/product\/yoast-seo-wordpress\/ -->\n<title>Papa Francisco ao Patriarca Bartolomeu: Trabalho conjunto permite pressentir a comunh\u00e3o | ECCLESIA NEWS<\/title>\n<meta name=\"robots\" content=\"index, follow, max-snippet:-1, max-image-preview:large, max-video-preview:-1\" \/>\n<link rel=\"canonical\" href=\"https:\/\/news.ecclesia.org.br\/?p=26320\" \/>\n<meta property=\"og:locale\" content=\"pt_BR\" \/>\n<meta property=\"og:type\" content=\"article\" \/>\n<meta property=\"og:title\" content=\"Papa Francisco ao Patriarca Bartolomeu: Trabalho conjunto permite pressentir a comunh\u00e3o | ECCLESIA NEWS\" \/>\n<meta property=\"og:description\" content=\"30 nov, 2018 &#8211; 12:59 &#8212;\u00a0O Papa Francisco enviou esta sexta-feira uma sauda\u00e7\u00e3o ao Patriarca Ecum\u00eanico Bartolomeu, de Constantinopla, por ocasi\u00e3o do dia de Santo Andr\u00e9, padroeiro daquela Igreja. Francisco sublinha o fato de as rela\u00e7\u00f5es entre cat\u00f3licos e ortodoxos&#8230;\" \/>\n<meta property=\"og:url\" content=\"https:\/\/news.ecclesia.org.br\/?p=26320\" \/>\n<meta property=\"og:site_name\" content=\"ECCLESIA NEWS\" \/>\n<meta property=\"article:publisher\" content=\"https:\/\/www.facebook.com\/Ecclesia2025\" \/>\n<meta property=\"article:published_time\" content=\"2018-11-30T16:48:45+00:00\" \/>\n<meta property=\"article:modified_time\" content=\"2018-12-01T13:40:14+00:00\" \/>\n<meta property=\"og:image\" content=\"https:\/\/news.ecclesia.org.br\/wp-content\/uploads\/2015\/12\/bartolomeu-francisco-1.jpg\" \/>\n\t<meta property=\"og:image:width\" content=\"800\" \/>\n\t<meta property=\"og:image:height\" content=\"600\" \/>\n\t<meta property=\"og:image:type\" content=\"image\/jpeg\" \/>\n<meta name=\"author\" content=\"Pe. Andr\u00e9\" \/>\n<meta name=\"twitter:card\" content=\"summary_large_image\" \/>\n<meta name=\"twitter:creator\" content=\"@EcclesiaNews\" \/>\n<meta name=\"twitter:site\" content=\"@EcclesiaNews\" \/>\n<meta name=\"twitter:label1\" content=\"Escrito por\" \/>\n\t<meta name=\"twitter:data1\" content=\"Pe. Andr\u00e9\" \/>\n\t<meta name=\"twitter:label2\" content=\"Est. tempo de leitura\" \/>\n\t<meta name=\"twitter:data2\" content=\"3 minutos\" \/>\n<script type=\"application\/ld+json\" class=\"yoast-schema-graph\">{\"@context\":\"https:\\\/\\\/schema.org\",\"@graph\":[{\"@type\":\"Article\",\"@id\":\"https:\\\/\\\/news.ecclesia.org.br\\\/?p=26320#article\",\"isPartOf\":{\"@id\":\"https:\\\/\\\/news.ecclesia.org.br\\\/?p=26320\"},\"author\":{\"name\":\"Pe. Andr\u00e9\",\"@id\":\"https:\\\/\\\/news.ecclesia.org.br\\\/#\\\/schema\\\/person\\\/6f09597f025829745ba414a569f63758\"},\"headline\":\"Papa Francisco ao Patriarca Bartolomeu: Trabalho conjunto permite pressentir a comunh\u00e3o\",\"datePublished\":\"2018-11-30T16:48:45+00:00\",\"dateModified\":\"2018-12-01T13:40:14+00:00\",\"mainEntityOfPage\":{\"@id\":\"https:\\\/\\\/news.ecclesia.org.br\\\/?p=26320\"},\"wordCount\":594,\"commentCount\":1,\"publisher\":{\"@id\":\"https:\\\/\\\/news.ecclesia.org.br\\\/#organization\"},\"image\":{\"@id\":\"https:\\\/\\\/news.ecclesia.org.br\\\/?p=26320#primaryimage\"},\"thumbnailUrl\":\"https:\\\/\\\/news.ecclesia.org.br\\\/wp-content\\\/uploads\\\/2015\\\/12\\\/bartolomeu-francisco-1.jpg\",\"articleSection\":[\"NEWS\",\"Patriarcado Ecum\u00eanico\"],\"inLanguage\":\"pt-BR\",\"potentialAction\":[{\"@type\":\"CommentAction\",\"name\":\"Comment\",\"target\":[\"https:\\\/\\\/news.ecclesia.org.br\\\/?p=26320#respond\"]}]},{\"@type\":\"WebPage\",\"@id\":\"https:\\\/\\\/news.ecclesia.org.br\\\/?p=26320\",\"url\":\"https:\\\/\\\/news.ecclesia.org.br\\\/?p=26320\",\"name\":\"Papa Francisco ao Patriarca Bartolomeu: Trabalho conjunto permite pressentir a comunh\u00e3o | ECCLESIA NEWS\",\"isPartOf\":{\"@id\":\"https:\\\/\\\/news.ecclesia.org.br\\\/#website\"},\"primaryImageOfPage\":{\"@id\":\"https:\\\/\\\/news.ecclesia.org.br\\\/?p=26320#primaryimage\"},\"image\":{\"@id\":\"https:\\\/\\\/news.ecclesia.org.br\\\/?p=26320#primaryimage\"},\"thumbnailUrl\":\"https:\\\/\\\/news.ecclesia.org.br\\\/wp-content\\\/uploads\\\/2015\\\/12\\\/bartolomeu-francisco-1.jpg\",\"datePublished\":\"2018-11-30T16:48:45+00:00\",\"dateModified\":\"2018-12-01T13:40:14+00:00\",\"breadcrumb\":{\"@id\":\"https:\\\/\\\/news.ecclesia.org.br\\\/?p=26320#breadcrumb\"},\"inLanguage\":\"pt-BR\",\"potentialAction\":[{\"@type\":\"ReadAction\",\"target\":[\"https:\\\/\\\/news.ecclesia.org.br\\\/?p=26320\"]}]},{\"@type\":\"ImageObject\",\"inLanguage\":\"pt-BR\",\"@id\":\"https:\\\/\\\/news.ecclesia.org.br\\\/?p=26320#primaryimage\",\"url\":\"https:\\\/\\\/news.ecclesia.org.br\\\/wp-content\\\/uploads\\\/2015\\\/12\\\/bartolomeu-francisco-1.jpg\",\"contentUrl\":\"https:\\\/\\\/news.ecclesia.org.br\\\/wp-content\\\/uploads\\\/2015\\\/12\\\/bartolomeu-francisco-1.jpg\",\"width\":800,\"height\":600},{\"@type\":\"BreadcrumbList\",\"@id\":\"https:\\\/\\\/news.ecclesia.org.br\\\/?p=26320#breadcrumb\",\"itemListElement\":[{\"@type\":\"ListItem\",\"position\":1,\"name\":\"In\u00edcio\",\"item\":\"https:\\\/\\\/news.ecclesia.org.br\\\/\"},{\"@type\":\"ListItem\",\"position\":2,\"name\":\"Papa Francisco ao Patriarca Bartolomeu: Trabalho conjunto permite pressentir a comunh\u00e3o\"}]},{\"@type\":\"WebSite\",\"@id\":\"https:\\\/\\\/news.ecclesia.org.br\\\/#website\",\"url\":\"https:\\\/\\\/news.ecclesia.org.br\\\/\",\"name\":\"Ecclesia Brasil\",\"description\":\"Desde 2003 onectando o Brasil ao mundo ortodoxo!\",\"publisher\":{\"@id\":\"https:\\\/\\\/news.ecclesia.org.br\\\/#organization\"},\"alternateName\":\"Ecclesia\",\"potentialAction\":[{\"@type\":\"SearchAction\",\"target\":{\"@type\":\"EntryPoint\",\"urlTemplate\":\"https:\\\/\\\/news.ecclesia.org.br\\\/?s={search_term_string}\"},\"query-input\":{\"@type\":\"PropertyValueSpecification\",\"valueRequired\":true,\"valueName\":\"search_term_string\"}}],\"inLanguage\":\"pt-BR\"},{\"@type\":\"Organization\",\"@id\":\"https:\\\/\\\/news.ecclesia.org.br\\\/#organization\",\"name\":\"Sacra Arquidiocese de Buenos Aires e Am\u00e9rica do Sul | Patriarcado Ecum\u00eanico\",\"alternateName\":\"News Ecclesia Brasil\",\"url\":\"https:\\\/\\\/news.ecclesia.org.br\\\/\",\"logo\":{\"@type\":\"ImageObject\",\"inLanguage\":\"pt-BR\",\"@id\":\"https:\\\/\\\/news.ecclesia.org.br\\\/#\\\/schema\\\/logo\\\/image\\\/\",\"url\":\"https:\\\/\\\/news.ecclesia.org.br\\\/wp-content\\\/uploads\\\/2025\\\/05\\\/ecclesia2.png\",\"contentUrl\":\"https:\\\/\\\/news.ecclesia.org.br\\\/wp-content\\\/uploads\\\/2025\\\/05\\\/ecclesia2.png\",\"width\":480,\"height\":120,\"caption\":\"Sacra Arquidiocese de Buenos Aires e Am\u00e9rica do Sul | Patriarcado Ecum\u00eanico\"},\"image\":{\"@id\":\"https:\\\/\\\/news.ecclesia.org.br\\\/#\\\/schema\\\/logo\\\/image\\\/\"},\"sameAs\":[\"https:\\\/\\\/www.facebook.com\\\/Ecclesia2025\",\"https:\\\/\\\/x.com\\\/EcclesiaNews\",\"https:\\\/\\\/br.pinterest.com\\\/ekklisia\\\/\",\"https:\\\/\\\/www.youtube.com\\\/@EcclesiaBrasil\"]},{\"@type\":\"Person\",\"@id\":\"https:\\\/\\\/news.ecclesia.org.br\\\/#\\\/schema\\\/person\\\/6f09597f025829745ba414a569f63758\",\"name\":\"Pe. Andr\u00e9\",\"image\":{\"@type\":\"ImageObject\",\"inLanguage\":\"pt-BR\",\"@id\":\"https:\\\/\\\/secure.gravatar.com\\\/avatar\\\/b4327cfa27e9799da239a26adcd534fc29cdc0c4a4a148eecbcfeb9b42c617ac?s=96&d=mm&r=g\",\"url\":\"https:\\\/\\\/secure.gravatar.com\\\/avatar\\\/b4327cfa27e9799da239a26adcd534fc29cdc0c4a4a148eecbcfeb9b42c617ac?s=96&d=mm&r=g\",\"contentUrl\":\"https:\\\/\\\/secure.gravatar.com\\\/avatar\\\/b4327cfa27e9799da239a26adcd534fc29cdc0c4a4a148eecbcfeb9b42c617ac?s=96&d=mm&r=g\",\"caption\":\"Pe. Andr\u00e9\"},\"sameAs\":[\"https:\\\/\\\/www.ecclesia.org.br\"]}]}<\/script>\n<!-- \/ Yoast SEO plugin. -->","yoast_head_json":{"title":"Papa Francisco ao Patriarca Bartolomeu: Trabalho conjunto permite pressentir a comunh\u00e3o | ECCLESIA NEWS","robots":{"index":"index","follow":"follow","max-snippet":"max-snippet:-1","max-image-preview":"max-image-preview:large","max-video-preview":"max-video-preview:-1"},"canonical":"https:\/\/news.ecclesia.org.br\/?p=26320","og_locale":"pt_BR","og_type":"article","og_title":"Papa Francisco ao Patriarca Bartolomeu: Trabalho conjunto permite pressentir a comunh\u00e3o | ECCLESIA NEWS","og_description":"30 nov, 2018 &#8211; 12:59 &#8212;\u00a0O Papa Francisco enviou esta sexta-feira uma sauda\u00e7\u00e3o ao Patriarca Ecum\u00eanico Bartolomeu, de Constantinopla, por ocasi\u00e3o do dia de Santo Andr\u00e9, padroeiro daquela Igreja. Francisco sublinha o fato de as rela\u00e7\u00f5es entre cat\u00f3licos e ortodoxos&#8230;","og_url":"https:\/\/news.ecclesia.org.br\/?p=26320","og_site_name":"ECCLESIA NEWS","article_publisher":"https:\/\/www.facebook.com\/Ecclesia2025","article_published_time":"2018-11-30T16:48:45+00:00","article_modified_time":"2018-12-01T13:40:14+00:00","og_image":[{"width":800,"height":600,"url":"https:\/\/news.ecclesia.org.br\/wp-content\/uploads\/2015\/12\/bartolomeu-francisco-1.jpg","type":"image\/jpeg"}],"author":"Pe. Andr\u00e9","twitter_card":"summary_large_image","twitter_creator":"@EcclesiaNews","twitter_site":"@EcclesiaNews","twitter_misc":{"Escrito por":"Pe. Andr\u00e9","Est. tempo de leitura":"3 minutos"},"schema":{"@context":"https:\/\/schema.org","@graph":[{"@type":"Article","@id":"https:\/\/news.ecclesia.org.br\/?p=26320#article","isPartOf":{"@id":"https:\/\/news.ecclesia.org.br\/?p=26320"},"author":{"name":"Pe. Andr\u00e9","@id":"https:\/\/news.ecclesia.org.br\/#\/schema\/person\/6f09597f025829745ba414a569f63758"},"headline":"Papa Francisco ao Patriarca Bartolomeu: Trabalho conjunto permite pressentir a comunh\u00e3o","datePublished":"2018-11-30T16:48:45+00:00","dateModified":"2018-12-01T13:40:14+00:00","mainEntityOfPage":{"@id":"https:\/\/news.ecclesia.org.br\/?p=26320"},"wordCount":594,"commentCount":1,"publisher":{"@id":"https:\/\/news.ecclesia.org.br\/#organization"},"image":{"@id":"https:\/\/news.ecclesia.org.br\/?p=26320#primaryimage"},"thumbnailUrl":"https:\/\/news.ecclesia.org.br\/wp-content\/uploads\/2015\/12\/bartolomeu-francisco-1.jpg","articleSection":["NEWS","Patriarcado Ecum\u00eanico"],"inLanguage":"pt-BR","potentialAction":[{"@type":"CommentAction","name":"Comment","target":["https:\/\/news.ecclesia.org.br\/?p=26320#respond"]}]},{"@type":"WebPage","@id":"https:\/\/news.ecclesia.org.br\/?p=26320","url":"https:\/\/news.ecclesia.org.br\/?p=26320","name":"Papa Francisco ao Patriarca Bartolomeu: Trabalho conjunto permite pressentir a comunh\u00e3o | ECCLESIA NEWS","isPartOf":{"@id":"https:\/\/news.ecclesia.org.br\/#website"},"primaryImageOfPage":{"@id":"https:\/\/news.ecclesia.org.br\/?p=26320#primaryimage"},"image":{"@id":"https:\/\/news.ecclesia.org.br\/?p=26320#primaryimage"},"thumbnailUrl":"https:\/\/news.ecclesia.org.br\/wp-content\/uploads\/2015\/12\/bartolomeu-francisco-1.jpg","datePublished":"2018-11-30T16:48:45+00:00","dateModified":"2018-12-01T13:40:14+00:00","breadcrumb":{"@id":"https:\/\/news.ecclesia.org.br\/?p=26320#breadcrumb"},"inLanguage":"pt-BR","potentialAction":[{"@type":"ReadAction","target":["https:\/\/news.ecclesia.org.br\/?p=26320"]}]},{"@type":"ImageObject","inLanguage":"pt-BR","@id":"https:\/\/news.ecclesia.org.br\/?p=26320#primaryimage","url":"https:\/\/news.ecclesia.org.br\/wp-content\/uploads\/2015\/12\/bartolomeu-francisco-1.jpg","contentUrl":"https:\/\/news.ecclesia.org.br\/wp-content\/uploads\/2015\/12\/bartolomeu-francisco-1.jpg","width":800,"height":600},{"@type":"BreadcrumbList","@id":"https:\/\/news.ecclesia.org.br\/?p=26320#breadcrumb","itemListElement":[{"@type":"ListItem","position":1,"name":"In\u00edcio","item":"https:\/\/news.ecclesia.org.br\/"},{"@type":"ListItem","position":2,"name":"Papa Francisco ao Patriarca Bartolomeu: Trabalho conjunto permite pressentir a comunh\u00e3o"}]},{"@type":"WebSite","@id":"https:\/\/news.ecclesia.org.br\/#website","url":"https:\/\/news.ecclesia.org.br\/","name":"Ecclesia Brasil","description":"Desde 2003 onectando o Brasil ao mundo ortodoxo!","publisher":{"@id":"https:\/\/news.ecclesia.org.br\/#organization"},"alternateName":"Ecclesia","potentialAction":[{"@type":"SearchAction","target":{"@type":"EntryPoint","urlTemplate":"https:\/\/news.ecclesia.org.br\/?s={search_term_string}"},"query-input":{"@type":"PropertyValueSpecification","valueRequired":true,"valueName":"search_term_string"}}],"inLanguage":"pt-BR"},{"@type":"Organization","@id":"https:\/\/news.ecclesia.org.br\/#organization","name":"Sacra Arquidiocese de Buenos Aires e Am\u00e9rica do Sul | Patriarcado Ecum\u00eanico","alternateName":"News Ecclesia Brasil","url":"https:\/\/news.ecclesia.org.br\/","logo":{"@type":"ImageObject","inLanguage":"pt-BR","@id":"https:\/\/news.ecclesia.org.br\/#\/schema\/logo\/image\/","url":"https:\/\/news.ecclesia.org.br\/wp-content\/uploads\/2025\/05\/ecclesia2.png","contentUrl":"https:\/\/news.ecclesia.org.br\/wp-content\/uploads\/2025\/05\/ecclesia2.png","width":480,"height":120,"caption":"Sacra Arquidiocese de Buenos Aires e Am\u00e9rica do Sul | Patriarcado Ecum\u00eanico"},"image":{"@id":"https:\/\/news.ecclesia.org.br\/#\/schema\/logo\/image\/"},"sameAs":["https:\/\/www.facebook.com\/Ecclesia2025","https:\/\/x.com\/EcclesiaNews","https:\/\/br.pinterest.com\/ekklisia\/","https:\/\/www.youtube.com\/@EcclesiaBrasil"]},{"@type":"Person","@id":"https:\/\/news.ecclesia.org.br\/#\/schema\/person\/6f09597f025829745ba414a569f63758","name":"Pe. Andr\u00e9","image":{"@type":"ImageObject","inLanguage":"pt-BR","@id":"https:\/\/secure.gravatar.com\/avatar\/b4327cfa27e9799da239a26adcd534fc29cdc0c4a4a148eecbcfeb9b42c617ac?s=96&d=mm&r=g","url":"https:\/\/secure.gravatar.com\/avatar\/b4327cfa27e9799da239a26adcd534fc29cdc0c4a4a148eecbcfeb9b42c617ac?s=96&d=mm&r=g","contentUrl":"https:\/\/secure.gravatar.com\/avatar\/b4327cfa27e9799da239a26adcd534fc29cdc0c4a4a148eecbcfeb9b42c617ac?s=96&d=mm&r=g","caption":"Pe. Andr\u00e9"},"sameAs":["https:\/\/www.ecclesia.org.br"]}]}},"_links":{"self":[{"href":"https:\/\/news.ecclesia.org.br\/index.php?rest_route=\/wp\/v2\/posts\/26320","targetHints":{"allow":["GET"]}}],"collection":[{"href":"https:\/\/news.ecclesia.org.br\/index.php?rest_route=\/wp\/v2\/posts"}],"about":[{"href":"https:\/\/news.ecclesia.org.br\/index.php?rest_route=\/wp\/v2\/types\/post"}],"author":[{"embeddable":true,"href":"https:\/\/news.ecclesia.org.br\/index.php?rest_route=\/wp\/v2\/users\/1"}],"replies":[{"embeddable":true,"href":"https:\/\/news.ecclesia.org.br\/index.php?rest_route=%2Fwp%2Fv2%2Fcomments&post=26320"}],"version-history":[{"count":0,"href":"https:\/\/news.ecclesia.org.br\/index.php?rest_route=\/wp\/v2\/posts\/26320\/revisions"}],"wp:featuredmedia":[{"embeddable":true,"href":"https:\/\/news.ecclesia.org.br\/index.php?rest_route=\/wp\/v2\/media\/10342"}],"wp:attachment":[{"href":"https:\/\/news.ecclesia.org.br\/index.php?rest_route=%2Fwp%2Fv2%2Fmedia&parent=26320"}],"wp:term":[{"taxonomy":"category","embeddable":true,"href":"https:\/\/news.ecclesia.org.br\/index.php?rest_route=%2Fwp%2Fv2%2Fcategories&post=26320"},{"taxonomy":"post_tag","embeddable":true,"href":"https:\/\/news.ecclesia.org.br\/index.php?rest_route=%2Fwp%2Fv2%2Ftags&post=26320"}],"curies":[{"name":"wp","href":"https:\/\/api.w.org\/{rel}","templated":true}]}}