{"id":26314,"date":"2018-11-29T13:27:54","date_gmt":"2018-11-29T13:27:54","guid":{"rendered":"https:\/\/news.ecclesia.org.br\/?p=26314"},"modified":"2021-08-03T19:52:46","modified_gmt":"2021-08-03T22:52:46","slug":"a-igreja-da-russia-lembra-as-paroquias-russas-da-europa-ocidental-que-podem-se-unir-ao-patriarcado-de-moscou","status":"publish","type":"post","link":"https:\/\/news.ecclesia.org.br\/?p=26314","title":{"rendered":"A Igreja da R\u00fassia lembra \u00e0s par\u00f3quias russas da Europa Ocidental que podem se unir ao Patriarcado de Moscou"},"content":{"rendered":"<p style=\"text-align: justify;\">Ap\u00f3s o Patriarcado de Constantinopla decidir dissolver seu Exarcado de par\u00f3quias russas na Europa Ocidental, o Patriarcado de Moscou lembrou a essas par\u00f3quias que elas poderiam mudar para sua jurisdi\u00e7\u00e3o. \u201cQuinze anos atr\u00e1s, na primavera de 2003, o falecido Patriarca Alexis II prop\u00f4s a todos os bispos e par\u00f3quias ortodoxas da tradi\u00e7\u00e3o russa na Europa Ocidental que se unissem como parte do distrito metropolitano aut\u00f4nomo da Igreja Russa. &#8220;\u00c9 poss\u00edvel que o tempo tenha chegado novamente para que esta chamada seja reconsiderada, j\u00e1 que n\u00e3o havia sido atendida por todos \u00e0 \u00e9poca&#8221;, disse nesta quarta-feira o Arcipreste Nikolay Balashov, vice-chefe do Departamento de Rela\u00e7\u00f5es Eclesi\u00e1sticas Externas do Patriarcado de Moscou, \u00e0 Interfax. &#8220;A\u00a0julgar pela recente decis\u00e3o da par\u00f3quia russa em Floren\u00e7a, as condi\u00e7\u00f5es para isso est\u00e3o amadurecendo&#8221;, disse ele, referindo-se \u00e0 recente mudan\u00e7a da par\u00f3quia da Igreja da Natividade de Cristo e S\u00e3o Nicolau, o Taumaturgo, para a jurisdi\u00e7\u00e3o da Igreja Russa no exterior. [&#8230;]<\/p>\n<p style=\"text-align: justify;\">O exarcado russo data de 1921, quando o Patriarca Tikhon de Moscou e toda a R\u00fassia nomeou o Metropolita Evlogy, com sede em Paris, como o representante oficial da Igreja Russa na Europa Ocidental. Em 1927, o S\u00ednodo de Karlovici da Igreja Ortodoxa Russa fora da R\u00fassia proibiu Evlogy de cumprir seus deveres e rompeu a comunh\u00e3o lit\u00fargica com ele, o que levou os emigrantes russos a se dividirem entre os leais ao S\u00ednodo e os leais ao Patriarcado de Moscou. Em 1931, o Metropolita Evlogy, desejando evitar a press\u00e3o das autoridades sovi\u00e9ticas para assinar \u201cum penhor de lealdade\u201d, mudou temporariamente para a jurisdi\u00e7\u00e3o do Patriarcado de Constantinopla, mas, menos de um ano antes de sua morte, foi novamente aceito na jurisdi\u00e7\u00e3o de a Igreja Ortodoxa Russa pelo Patriarca Alexis II de Moscou e Toda a R\u00fassia. No entanto, a maioria do clero e leigos, liderados pelo novo metropolita, decidiu permanecer sob a jurisdi\u00e7\u00e3o de Constantinopla. Atualmente, o exarcado consiste de 65 par\u00f3quias, 11 igrejas em atividade, dois mosteiros e sete sketes na B\u00e9lgica, Dinamarca, Alemanha, Fran\u00e7a, It\u00e1lia, Holanda, Noruega, Espanha, Su\u00e9cia e Reino Unido. Tem mais de 100 sacerdotes e 30 di\u00e1conos.<\/p>\n<hr \/>\n<p style=\"text-align: right;\">Com Informa\u00e7\u00f5es de <a href=\"http:\/\/www.interfax-religion.com\/?act=news&amp;div=14715\" target=\"_blank\" rel=\"noopener\">Interfax Religion<\/a><br \/>\nFoto: <a href=\"https:\/\/orthodoxie.com\/en\/the-church-of-russia-reminds-the-russian-parishes-of-western-europe-they-can-join-the-moscow-patriarchate\/?goal=0_9357f9bbb5-b396af77e9-64820487&amp;mc_cid=b396af77e9&amp;mc_eid=337873e3c4\" target=\"_blank\" rel=\"noopener\">Orthodoxie.com<\/a><\/p>\n","protected":false},"excerpt":{"rendered":"<p>Ap\u00f3s o Patriarcado de Constantinopla decidir dissolver seu Exarcado de par\u00f3quias russas na Europa Ocidental, o Patriarcado de Moscou lembrou a essas par\u00f3quias que elas poderiam mudar para sua jurisdi\u00e7\u00e3o. \u201cQuinze anos atr\u00e1s, na primavera de 2003, o falecido Patriarca&#8230;<\/p>\n","protected":false},"author":1,"featured_media":26315,"comment_status":"open","ping_status":"open","sticky":false,"template":"","format":"standard","meta":{"_acf_changed":false,"footnotes":""},"categories":[3,1,72],"tags":[],"class_list":["post-26314","post","type-post","status-publish","format-standard","has-post-thumbnail","hentry","category-mundo","category-news","category-patriarcado-ecumenico","entry","rows-excerpt"],"acf":[],"yoast_head":"<!-- This site is optimized with the Yoast SEO plugin v27.4 - https:\/\/yoast.com\/product\/yoast-seo-wordpress\/ -->\n<title>A Igreja da R\u00fassia lembra \u00e0s par\u00f3quias russas da Europa Ocidental que podem se unir ao Patriarcado de Moscou | ECCLESIA NEWS<\/title>\n<meta name=\"robots\" content=\"index, follow, max-snippet:-1, max-image-preview:large, max-video-preview:-1\" \/>\n<link rel=\"canonical\" href=\"https:\/\/news.ecclesia.org.br\/?p=26314\" \/>\n<meta property=\"og:locale\" content=\"pt_BR\" \/>\n<meta property=\"og:type\" content=\"article\" \/>\n<meta property=\"og:title\" content=\"A Igreja da R\u00fassia lembra \u00e0s par\u00f3quias russas da Europa Ocidental que podem se unir ao Patriarcado de Moscou | ECCLESIA NEWS\" \/>\n<meta property=\"og:description\" content=\"Ap\u00f3s o Patriarcado de Constantinopla decidir dissolver seu Exarcado de par\u00f3quias russas na Europa Ocidental, o Patriarcado de Moscou lembrou a essas par\u00f3quias que elas poderiam mudar para sua jurisdi\u00e7\u00e3o. \u201cQuinze anos atr\u00e1s, na primavera de 2003, o falecido Patriarca&#8230;\" \/>\n<meta property=\"og:url\" content=\"https:\/\/news.ecclesia.org.br\/?p=26314\" \/>\n<meta property=\"og:site_name\" content=\"ECCLESIA NEWS\" \/>\n<meta property=\"article:publisher\" content=\"https:\/\/www.facebook.com\/Ecclesia2025\" \/>\n<meta property=\"article:published_time\" content=\"2018-11-29T13:27:54+00:00\" \/>\n<meta property=\"article:modified_time\" content=\"2021-08-03T22:52:46+00:00\" \/>\n<meta property=\"og:image\" content=\"https:\/\/news.ecclesia.org.br\/wp-content\/uploads\/2018\/11\/assembl\u00e9e-dioc\u00e9saine-1930.jpg\" \/>\n\t<meta property=\"og:image:width\" content=\"888\" \/>\n\t<meta property=\"og:image:height\" content=\"624\" \/>\n\t<meta property=\"og:image:type\" content=\"image\/jpeg\" \/>\n<meta name=\"author\" content=\"Pe. Andr\u00e9\" \/>\n<meta name=\"twitter:card\" content=\"summary_large_image\" \/>\n<meta name=\"twitter:creator\" content=\"@EcclesiaNews\" \/>\n<meta name=\"twitter:site\" content=\"@EcclesiaNews\" \/>\n<meta name=\"twitter:label1\" content=\"Escrito por\" \/>\n\t<meta name=\"twitter:data1\" content=\"Pe. Andr\u00e9\" \/>\n\t<meta name=\"twitter:label2\" content=\"Est. tempo de leitura\" \/>\n\t<meta name=\"twitter:data2\" content=\"2 minutos\" \/>\n<script type=\"application\/ld+json\" class=\"yoast-schema-graph\">{\"@context\":\"https:\\\/\\\/schema.org\",\"@graph\":[{\"@type\":\"Article\",\"@id\":\"https:\\\/\\\/news.ecclesia.org.br\\\/?p=26314#article\",\"isPartOf\":{\"@id\":\"https:\\\/\\\/news.ecclesia.org.br\\\/?p=26314\"},\"author\":{\"name\":\"Pe. Andr\u00e9\",\"@id\":\"https:\\\/\\\/news.ecclesia.org.br\\\/#\\\/schema\\\/person\\\/6f09597f025829745ba414a569f63758\"},\"headline\":\"A Igreja da R\u00fassia lembra \u00e0s par\u00f3quias russas da Europa Ocidental que podem se unir ao Patriarcado de Moscou\",\"datePublished\":\"2018-11-29T13:27:54+00:00\",\"dateModified\":\"2021-08-03T22:52:46+00:00\",\"mainEntityOfPage\":{\"@id\":\"https:\\\/\\\/news.ecclesia.org.br\\\/?p=26314\"},\"wordCount\":406,\"commentCount\":0,\"publisher\":{\"@id\":\"https:\\\/\\\/news.ecclesia.org.br\\\/#organization\"},\"image\":{\"@id\":\"https:\\\/\\\/news.ecclesia.org.br\\\/?p=26314#primaryimage\"},\"thumbnailUrl\":\"https:\\\/\\\/news.ecclesia.org.br\\\/wp-content\\\/uploads\\\/2018\\\/11\\\/assembl\u00e9e-dioc\u00e9saine-1930.jpg\",\"articleSection\":[\"Mundo Ortodoxo\",\"NEWS\",\"Patriarcado Ecum\u00eanico\"],\"inLanguage\":\"pt-BR\",\"potentialAction\":[{\"@type\":\"CommentAction\",\"name\":\"Comment\",\"target\":[\"https:\\\/\\\/news.ecclesia.org.br\\\/?p=26314#respond\"]}]},{\"@type\":\"WebPage\",\"@id\":\"https:\\\/\\\/news.ecclesia.org.br\\\/?p=26314\",\"url\":\"https:\\\/\\\/news.ecclesia.org.br\\\/?p=26314\",\"name\":\"A Igreja da R\u00fassia lembra \u00e0s par\u00f3quias russas da Europa Ocidental que podem se unir ao Patriarcado de Moscou | ECCLESIA NEWS\",\"isPartOf\":{\"@id\":\"https:\\\/\\\/news.ecclesia.org.br\\\/#website\"},\"primaryImageOfPage\":{\"@id\":\"https:\\\/\\\/news.ecclesia.org.br\\\/?p=26314#primaryimage\"},\"image\":{\"@id\":\"https:\\\/\\\/news.ecclesia.org.br\\\/?p=26314#primaryimage\"},\"thumbnailUrl\":\"https:\\\/\\\/news.ecclesia.org.br\\\/wp-content\\\/uploads\\\/2018\\\/11\\\/assembl\u00e9e-dioc\u00e9saine-1930.jpg\",\"datePublished\":\"2018-11-29T13:27:54+00:00\",\"dateModified\":\"2021-08-03T22:52:46+00:00\",\"breadcrumb\":{\"@id\":\"https:\\\/\\\/news.ecclesia.org.br\\\/?p=26314#breadcrumb\"},\"inLanguage\":\"pt-BR\",\"potentialAction\":[{\"@type\":\"ReadAction\",\"target\":[\"https:\\\/\\\/news.ecclesia.org.br\\\/?p=26314\"]}]},{\"@type\":\"ImageObject\",\"inLanguage\":\"pt-BR\",\"@id\":\"https:\\\/\\\/news.ecclesia.org.br\\\/?p=26314#primaryimage\",\"url\":\"https:\\\/\\\/news.ecclesia.org.br\\\/wp-content\\\/uploads\\\/2018\\\/11\\\/assembl\u00e9e-dioc\u00e9saine-1930.jpg\",\"contentUrl\":\"https:\\\/\\\/news.ecclesia.org.br\\\/wp-content\\\/uploads\\\/2018\\\/11\\\/assembl\u00e9e-dioc\u00e9saine-1930.jpg\",\"width\":888,\"height\":624},{\"@type\":\"BreadcrumbList\",\"@id\":\"https:\\\/\\\/news.ecclesia.org.br\\\/?p=26314#breadcrumb\",\"itemListElement\":[{\"@type\":\"ListItem\",\"position\":1,\"name\":\"In\u00edcio\",\"item\":\"https:\\\/\\\/news.ecclesia.org.br\\\/\"},{\"@type\":\"ListItem\",\"position\":2,\"name\":\"A Igreja da R\u00fassia lembra \u00e0s par\u00f3quias russas da Europa Ocidental que podem se unir ao Patriarcado de Moscou\"}]},{\"@type\":\"WebSite\",\"@id\":\"https:\\\/\\\/news.ecclesia.org.br\\\/#website\",\"url\":\"https:\\\/\\\/news.ecclesia.org.br\\\/\",\"name\":\"Ecclesia Brasil\",\"description\":\"Desde 2003 onectando o Brasil ao mundo ortodoxo!\",\"publisher\":{\"@id\":\"https:\\\/\\\/news.ecclesia.org.br\\\/#organization\"},\"alternateName\":\"Ecclesia\",\"potentialAction\":[{\"@type\":\"SearchAction\",\"target\":{\"@type\":\"EntryPoint\",\"urlTemplate\":\"https:\\\/\\\/news.ecclesia.org.br\\\/?s={search_term_string}\"},\"query-input\":{\"@type\":\"PropertyValueSpecification\",\"valueRequired\":true,\"valueName\":\"search_term_string\"}}],\"inLanguage\":\"pt-BR\"},{\"@type\":\"Organization\",\"@id\":\"https:\\\/\\\/news.ecclesia.org.br\\\/#organization\",\"name\":\"Sacra Arquidiocese de Buenos Aires e Am\u00e9rica do Sul | Patriarcado Ecum\u00eanico\",\"alternateName\":\"News Ecclesia Brasil\",\"url\":\"https:\\\/\\\/news.ecclesia.org.br\\\/\",\"logo\":{\"@type\":\"ImageObject\",\"inLanguage\":\"pt-BR\",\"@id\":\"https:\\\/\\\/news.ecclesia.org.br\\\/#\\\/schema\\\/logo\\\/image\\\/\",\"url\":\"https:\\\/\\\/news.ecclesia.org.br\\\/wp-content\\\/uploads\\\/2025\\\/05\\\/ecclesia2.png\",\"contentUrl\":\"https:\\\/\\\/news.ecclesia.org.br\\\/wp-content\\\/uploads\\\/2025\\\/05\\\/ecclesia2.png\",\"width\":480,\"height\":120,\"caption\":\"Sacra Arquidiocese de Buenos Aires e Am\u00e9rica do Sul | Patriarcado Ecum\u00eanico\"},\"image\":{\"@id\":\"https:\\\/\\\/news.ecclesia.org.br\\\/#\\\/schema\\\/logo\\\/image\\\/\"},\"sameAs\":[\"https:\\\/\\\/www.facebook.com\\\/Ecclesia2025\",\"https:\\\/\\\/x.com\\\/EcclesiaNews\",\"https:\\\/\\\/br.pinterest.com\\\/ekklisia\\\/\",\"https:\\\/\\\/www.youtube.com\\\/@EcclesiaBrasil\"]},{\"@type\":\"Person\",\"@id\":\"https:\\\/\\\/news.ecclesia.org.br\\\/#\\\/schema\\\/person\\\/6f09597f025829745ba414a569f63758\",\"name\":\"Pe. Andr\u00e9\",\"image\":{\"@type\":\"ImageObject\",\"inLanguage\":\"pt-BR\",\"@id\":\"https:\\\/\\\/secure.gravatar.com\\\/avatar\\\/b4327cfa27e9799da239a26adcd534fc29cdc0c4a4a148eecbcfeb9b42c617ac?s=96&d=mm&r=g\",\"url\":\"https:\\\/\\\/secure.gravatar.com\\\/avatar\\\/b4327cfa27e9799da239a26adcd534fc29cdc0c4a4a148eecbcfeb9b42c617ac?s=96&d=mm&r=g\",\"contentUrl\":\"https:\\\/\\\/secure.gravatar.com\\\/avatar\\\/b4327cfa27e9799da239a26adcd534fc29cdc0c4a4a148eecbcfeb9b42c617ac?s=96&d=mm&r=g\",\"caption\":\"Pe. Andr\u00e9\"},\"sameAs\":[\"https:\\\/\\\/www.ecclesia.org.br\"]}]}<\/script>\n<!-- \/ Yoast SEO plugin. -->","yoast_head_json":{"title":"A Igreja da R\u00fassia lembra \u00e0s par\u00f3quias russas da Europa Ocidental que podem se unir ao Patriarcado de Moscou | ECCLESIA NEWS","robots":{"index":"index","follow":"follow","max-snippet":"max-snippet:-1","max-image-preview":"max-image-preview:large","max-video-preview":"max-video-preview:-1"},"canonical":"https:\/\/news.ecclesia.org.br\/?p=26314","og_locale":"pt_BR","og_type":"article","og_title":"A Igreja da R\u00fassia lembra \u00e0s par\u00f3quias russas da Europa Ocidental que podem se unir ao Patriarcado de Moscou | ECCLESIA NEWS","og_description":"Ap\u00f3s o Patriarcado de Constantinopla decidir dissolver seu Exarcado de par\u00f3quias russas na Europa Ocidental, o Patriarcado de Moscou lembrou a essas par\u00f3quias que elas poderiam mudar para sua jurisdi\u00e7\u00e3o. \u201cQuinze anos atr\u00e1s, na primavera de 2003, o falecido Patriarca&#8230;","og_url":"https:\/\/news.ecclesia.org.br\/?p=26314","og_site_name":"ECCLESIA NEWS","article_publisher":"https:\/\/www.facebook.com\/Ecclesia2025","article_published_time":"2018-11-29T13:27:54+00:00","article_modified_time":"2021-08-03T22:52:46+00:00","og_image":[{"width":888,"height":624,"url":"https:\/\/news.ecclesia.org.br\/wp-content\/uploads\/2018\/11\/assembl\u00e9e-dioc\u00e9saine-1930.jpg","type":"image\/jpeg"}],"author":"Pe. Andr\u00e9","twitter_card":"summary_large_image","twitter_creator":"@EcclesiaNews","twitter_site":"@EcclesiaNews","twitter_misc":{"Escrito por":"Pe. Andr\u00e9","Est. tempo de leitura":"2 minutos"},"schema":{"@context":"https:\/\/schema.org","@graph":[{"@type":"Article","@id":"https:\/\/news.ecclesia.org.br\/?p=26314#article","isPartOf":{"@id":"https:\/\/news.ecclesia.org.br\/?p=26314"},"author":{"name":"Pe. Andr\u00e9","@id":"https:\/\/news.ecclesia.org.br\/#\/schema\/person\/6f09597f025829745ba414a569f63758"},"headline":"A Igreja da R\u00fassia lembra \u00e0s par\u00f3quias russas da Europa Ocidental que podem se unir ao Patriarcado de Moscou","datePublished":"2018-11-29T13:27:54+00:00","dateModified":"2021-08-03T22:52:46+00:00","mainEntityOfPage":{"@id":"https:\/\/news.ecclesia.org.br\/?p=26314"},"wordCount":406,"commentCount":0,"publisher":{"@id":"https:\/\/news.ecclesia.org.br\/#organization"},"image":{"@id":"https:\/\/news.ecclesia.org.br\/?p=26314#primaryimage"},"thumbnailUrl":"https:\/\/news.ecclesia.org.br\/wp-content\/uploads\/2018\/11\/assembl\u00e9e-dioc\u00e9saine-1930.jpg","articleSection":["Mundo Ortodoxo","NEWS","Patriarcado Ecum\u00eanico"],"inLanguage":"pt-BR","potentialAction":[{"@type":"CommentAction","name":"Comment","target":["https:\/\/news.ecclesia.org.br\/?p=26314#respond"]}]},{"@type":"WebPage","@id":"https:\/\/news.ecclesia.org.br\/?p=26314","url":"https:\/\/news.ecclesia.org.br\/?p=26314","name":"A Igreja da R\u00fassia lembra \u00e0s par\u00f3quias russas da Europa Ocidental que podem se unir ao Patriarcado de Moscou | ECCLESIA NEWS","isPartOf":{"@id":"https:\/\/news.ecclesia.org.br\/#website"},"primaryImageOfPage":{"@id":"https:\/\/news.ecclesia.org.br\/?p=26314#primaryimage"},"image":{"@id":"https:\/\/news.ecclesia.org.br\/?p=26314#primaryimage"},"thumbnailUrl":"https:\/\/news.ecclesia.org.br\/wp-content\/uploads\/2018\/11\/assembl\u00e9e-dioc\u00e9saine-1930.jpg","datePublished":"2018-11-29T13:27:54+00:00","dateModified":"2021-08-03T22:52:46+00:00","breadcrumb":{"@id":"https:\/\/news.ecclesia.org.br\/?p=26314#breadcrumb"},"inLanguage":"pt-BR","potentialAction":[{"@type":"ReadAction","target":["https:\/\/news.ecclesia.org.br\/?p=26314"]}]},{"@type":"ImageObject","inLanguage":"pt-BR","@id":"https:\/\/news.ecclesia.org.br\/?p=26314#primaryimage","url":"https:\/\/news.ecclesia.org.br\/wp-content\/uploads\/2018\/11\/assembl\u00e9e-dioc\u00e9saine-1930.jpg","contentUrl":"https:\/\/news.ecclesia.org.br\/wp-content\/uploads\/2018\/11\/assembl\u00e9e-dioc\u00e9saine-1930.jpg","width":888,"height":624},{"@type":"BreadcrumbList","@id":"https:\/\/news.ecclesia.org.br\/?p=26314#breadcrumb","itemListElement":[{"@type":"ListItem","position":1,"name":"In\u00edcio","item":"https:\/\/news.ecclesia.org.br\/"},{"@type":"ListItem","position":2,"name":"A Igreja da R\u00fassia lembra \u00e0s par\u00f3quias russas da Europa Ocidental que podem se unir ao Patriarcado de Moscou"}]},{"@type":"WebSite","@id":"https:\/\/news.ecclesia.org.br\/#website","url":"https:\/\/news.ecclesia.org.br\/","name":"Ecclesia Brasil","description":"Desde 2003 onectando o Brasil ao mundo ortodoxo!","publisher":{"@id":"https:\/\/news.ecclesia.org.br\/#organization"},"alternateName":"Ecclesia","potentialAction":[{"@type":"SearchAction","target":{"@type":"EntryPoint","urlTemplate":"https:\/\/news.ecclesia.org.br\/?s={search_term_string}"},"query-input":{"@type":"PropertyValueSpecification","valueRequired":true,"valueName":"search_term_string"}}],"inLanguage":"pt-BR"},{"@type":"Organization","@id":"https:\/\/news.ecclesia.org.br\/#organization","name":"Sacra Arquidiocese de Buenos Aires e Am\u00e9rica do Sul | Patriarcado Ecum\u00eanico","alternateName":"News Ecclesia Brasil","url":"https:\/\/news.ecclesia.org.br\/","logo":{"@type":"ImageObject","inLanguage":"pt-BR","@id":"https:\/\/news.ecclesia.org.br\/#\/schema\/logo\/image\/","url":"https:\/\/news.ecclesia.org.br\/wp-content\/uploads\/2025\/05\/ecclesia2.png","contentUrl":"https:\/\/news.ecclesia.org.br\/wp-content\/uploads\/2025\/05\/ecclesia2.png","width":480,"height":120,"caption":"Sacra Arquidiocese de Buenos Aires e Am\u00e9rica do Sul | Patriarcado Ecum\u00eanico"},"image":{"@id":"https:\/\/news.ecclesia.org.br\/#\/schema\/logo\/image\/"},"sameAs":["https:\/\/www.facebook.com\/Ecclesia2025","https:\/\/x.com\/EcclesiaNews","https:\/\/br.pinterest.com\/ekklisia\/","https:\/\/www.youtube.com\/@EcclesiaBrasil"]},{"@type":"Person","@id":"https:\/\/news.ecclesia.org.br\/#\/schema\/person\/6f09597f025829745ba414a569f63758","name":"Pe. Andr\u00e9","image":{"@type":"ImageObject","inLanguage":"pt-BR","@id":"https:\/\/secure.gravatar.com\/avatar\/b4327cfa27e9799da239a26adcd534fc29cdc0c4a4a148eecbcfeb9b42c617ac?s=96&d=mm&r=g","url":"https:\/\/secure.gravatar.com\/avatar\/b4327cfa27e9799da239a26adcd534fc29cdc0c4a4a148eecbcfeb9b42c617ac?s=96&d=mm&r=g","contentUrl":"https:\/\/secure.gravatar.com\/avatar\/b4327cfa27e9799da239a26adcd534fc29cdc0c4a4a148eecbcfeb9b42c617ac?s=96&d=mm&r=g","caption":"Pe. Andr\u00e9"},"sameAs":["https:\/\/www.ecclesia.org.br"]}]}},"_links":{"self":[{"href":"https:\/\/news.ecclesia.org.br\/index.php?rest_route=\/wp\/v2\/posts\/26314","targetHints":{"allow":["GET"]}}],"collection":[{"href":"https:\/\/news.ecclesia.org.br\/index.php?rest_route=\/wp\/v2\/posts"}],"about":[{"href":"https:\/\/news.ecclesia.org.br\/index.php?rest_route=\/wp\/v2\/types\/post"}],"author":[{"embeddable":true,"href":"https:\/\/news.ecclesia.org.br\/index.php?rest_route=\/wp\/v2\/users\/1"}],"replies":[{"embeddable":true,"href":"https:\/\/news.ecclesia.org.br\/index.php?rest_route=%2Fwp%2Fv2%2Fcomments&post=26314"}],"version-history":[{"count":1,"href":"https:\/\/news.ecclesia.org.br\/index.php?rest_route=\/wp\/v2\/posts\/26314\/revisions"}],"predecessor-version":[{"id":38630,"href":"https:\/\/news.ecclesia.org.br\/index.php?rest_route=\/wp\/v2\/posts\/26314\/revisions\/38630"}],"wp:featuredmedia":[{"embeddable":true,"href":"https:\/\/news.ecclesia.org.br\/index.php?rest_route=\/wp\/v2\/media\/26315"}],"wp:attachment":[{"href":"https:\/\/news.ecclesia.org.br\/index.php?rest_route=%2Fwp%2Fv2%2Fmedia&parent=26314"}],"wp:term":[{"taxonomy":"category","embeddable":true,"href":"https:\/\/news.ecclesia.org.br\/index.php?rest_route=%2Fwp%2Fv2%2Fcategories&post=26314"},{"taxonomy":"post_tag","embeddable":true,"href":"https:\/\/news.ecclesia.org.br\/index.php?rest_route=%2Fwp%2Fv2%2Ftags&post=26314"}],"curies":[{"name":"wp","href":"https:\/\/api.w.org\/{rel}","templated":true}]}}