{"id":26296,"date":"2018-11-27T20:04:47","date_gmt":"2018-11-27T20:04:47","guid":{"rendered":"https:\/\/news.ecclesia.org.br\/?p=26296"},"modified":"2021-08-03T19:53:43","modified_gmt":"2021-08-03T22:53:43","slug":"patriarca-ecumenico-bartolomeu-principal-orador-no-evento-do-dia-mundial-da-crianca","status":"publish","type":"post","link":"https:\/\/news.ecclesia.org.br\/?p=26296","title":{"rendered":"Patriarca Ecum\u00eanico Bartolomeu: principal orador no evento do Dia Mundial da Crian\u00e7a"},"content":{"rendered":"<p style=\"text-align: justify;\"><a href=\"https:\/\/news.ecclesia.org.br\/wp-content\/uploads\/2018\/11\/patriarca-das-criancas.jpg\"><img fetchpriority=\"high\" decoding=\"async\" class=\"alignleft size-medium wp-image-26301\" src=\"https:\/\/news.ecclesia.org.br\/wp-content\/uploads\/2018\/11\/patriarca-das-criancas-300x167.jpg\" alt=\"\" width=\"300\" height=\"167\" srcset=\"https:\/\/news.ecclesia.org.br\/wp-content\/uploads\/2018\/11\/patriarca-das-criancas-300x167.jpg 300w, https:\/\/news.ecclesia.org.br\/wp-content\/uploads\/2018\/11\/patriarca-das-criancas-600x334.jpg 600w, https:\/\/news.ecclesia.org.br\/wp-content\/uploads\/2018\/11\/patriarca-das-criancas-99x55.jpg 99w, https:\/\/news.ecclesia.org.br\/wp-content\/uploads\/2018\/11\/patriarca-das-criancas.jpg 640w\" sizes=\"(max-width: 300px) 100vw, 300px\" \/><\/a>Uma importante mensagem sobre a necessidade de proteger as crian\u00e7as e preservar a inf\u00e2ncia foi enviada pelo Patriarca Ecum\u00eanico Bartolomeu I durante seu pronunciamento\u00a0por ocasi\u00e3o da comemora\u00e7\u00e3o do Dia Mundial da Crian\u00e7a, nesta quarta-feira, 21 novembro de 2018, uma iniciativa do Conselho Mundial de Igrejas, em sua Sede de Genebra, e em coopera\u00e7\u00e3o com o UNICEF.\u00a0O Patriarca foi o principal orador do evento, assistido por celebridades de todo o mundo e realizado como parte dos 70 anos do estabelecimento do CMI, para o qual o Patriarcado Ecum\u00eanico deu uma contribui\u00e7\u00e3o decisiva.<\/p>\n<p style=\"text-align: justify;\">\u201c<em>Neste momento, nossos olhos est\u00e3o voltados n\u00e3o s\u00f3 para o nosso passado comum, mas tamb\u00e9m para o nosso futuro comum: os nossos filhos.\u00a0\u00c9 importante ter em mente que as crian\u00e7as n\u00e3o representam apenas o nosso futuro, mas que elas s\u00e3o de fato o presente sobre o qual o futuro est\u00e1 sendo constru\u00eddo<\/em>\u201d, observou o Patriarca Ecum\u00eanico; e em outro momento de seu discurso, sublinhou: \u201c<em>Proteger as crian\u00e7as de qualquer tipo de viol\u00eancia sempre foi e deve permanecer sendo uma mensagem essencial do cristianismo.\u00a0Portanto, os crist\u00e3os s\u00e3o chamados a proteger as crian\u00e7as tanto na sociedade quanto no \u00e2mbito interno de suas pr\u00f3prias comunidades<\/em>.\u00a0Bartolomeu I expressou a satisfa\u00e7\u00e3o do Patriarcado Ecum\u00eanico pela coopera\u00e7\u00e3o entre a UNICEF e o Conselho Mundial de Igrejas nessa dire\u00e7\u00e3o.<\/p>\n<p style=\"text-align: justify;\">\u201c<em>Encorajamos as Igrejas a protegerem as crian\u00e7as da praga da mortalidade, da fome e do trabalho for\u00e7ado;\u00a0do abuso e da viol\u00eancia psicol\u00f3gica;\u00a0bem como dos perigos da exposi\u00e7\u00e3o sem controle aos meios eletr\u00f4nicos contempor\u00e2neos de comunica\u00e7\u00e3o, que podem afetar negativamente a alma e o comportamento<\/em>\u00a0de nossas crian\u00e7as\u201d, disse Sua Santidade, recordando o apelo que fez em sua Mensagem de Natal no ano de 2016 a todos os fi\u00e9is e todas as pessoas de boa vontade, para respeitar a pureza e a santidade da inf\u00e2ncia.\u00a0Nesse contexto, continuou, o Patriarcado Ecum\u00eanico dedicou o ano de 2017 \u00e0 \u201cProte\u00e7\u00e3o da Sacralidade da Inf\u00e2ncia\u201d.<\/p>\n<p style=\"text-align: justify;\">\u201c<em>Hoje, enfrentamos tamb\u00e9m muitos outros desafios que afetam as crian\u00e7as.\u00a0Os impressionantes desenvolvimentos que foram alcan\u00e7ados nos setores de tecnologia e comunica\u00e7\u00e3o constituem uma s\u00e9ria amea\u00e7a \u00e0 dignidade da inf\u00e2ncia, com o computador e a Internet dominando todos os aspectos da vida individual e social.\u00a0Algumas das consequ\u00eancias dessa mudan\u00e7a incluem o chamado &#8220;desaparecimento da inf\u00e2ncia&#8221;, a perda da inoc\u00eancia das crian\u00e7as e\u00a0<span style=\"font-weight: inherit; font-style: inherit;\">uma indu\u00e7\u00e3o precoce da idade adulta.\u00a0As crian\u00e7as est\u00e3o, de fato, crescendo muito rapidamente, e o impacto que os pais e a fam\u00edlia t\u00eam sobre a sua forma\u00e7\u00e3o \u00e9 enfraquecido quando a Internet funciona como uma fonte prim\u00e1ria de valores em escala global<\/span><\/em>\u201d, disse Sua Santidade, salientando que um dispositivo eletr\u00f4nico n\u00e3o pode ser um substituto para a rela\u00e7\u00e3o que a crian\u00e7a desenvolve com seus pais, professores ou qualquer pessoa que que se ocupe com o seu cuidado cotidiano, nem pode satisfazer suas necessidades vitais para atividade f\u00edsica e comunica\u00e7\u00e3o pessoal.<\/p>\n<p style=\"text-align: justify;\">\u201c<em>Enquanto a humanidade tem trabalhado para a prote\u00e7\u00e3o e a preserva\u00e7\u00e3o da inf\u00e2ncia, &#8211; no s\u00e9culo passado, o \u201cs\u00e9culo da crian\u00e7a\u201d e o \u201cs\u00e9culo da educa\u00e7\u00e3o\u201d, &#8211; estamos encurtando o per\u00edodo da inf\u00e2ncia atrav\u00e9s da revolu\u00e7\u00e3o \u201c\u00f3ptica\u201d e \u201cdigital\u201d da Internet, televis\u00e3o, smartphones e tablets.\u00a0Isso significa que o poder de forma\u00e7\u00e3o e o espa\u00e7o onde podemos educar as crian\u00e7as est\u00e3o diminuindo<\/em>\u201d, disse ele, referindo-se em particular ao dom\u00ednio da economia e da cultura do consumismo.\u00a0Como resultado, o Patriarca observou que hoje as crian\u00e7as s\u00e3o tratadas como \u201cunidades consumidoras\u201d e como \u201csegmentos importantes de mercado\u201d e a inf\u00e2ncia \u00e9 transformada em uma \u201cclasse financeira\u201d.<\/p>\n<p style=\"text-align: justify;\">O Patriarca Ecum\u00eanico deu \u00eanfase especial aos efeitos da globaliza\u00e7\u00e3o nas mudan\u00e7as clim\u00e1ticas e nos fluxos migrat\u00f3rios modernos, que afetam significativamente as crian\u00e7as, que s\u00e3o a parte mais vulner\u00e1vel de qualquer sociedade.\u00a0Uma refer\u00eancia particular foi feita \u00e0quelas crian\u00e7as que vivem em situa\u00e7\u00f5es de guerra e conflito, experimentando a condi\u00e7\u00e3o de refugiados e da imigra\u00e7\u00e3o, bem como as consequ\u00eancias do desastre ecol\u00f3gico geral.\u00a0\u201c<em>Em 2015 e 2016, trezentas mil crian\u00e7as em todo o mundo estavam em situa\u00e7\u00e3o de migrat\u00f3ria, sem adultos para acompanh\u00e1-los.\u00a0Isso \u00e9 cinco vezes maior do que a mesma estat\u00edstica em 2010 e 2011. Essas crian\u00e7as e jovens percorrem caminhos perigosos para chegar ao seu destino, como rotas pelo mar Egeu e centro do Mediterr\u00e2neo, e muitas vezes s\u00e3o separadas de suas fam\u00edlias, fugindo da viol\u00eancia, mis\u00e9ria, pobreza ou cat\u00e1strofes relacionadas a desastres ecol\u00f3gicos<\/em>\u00a0\u201d.<\/p>\n<p style=\"text-align: justify;\">Sua Santidade recordou a visita que fez ao Papa Francisco de Roma e ao Arcebispo Ieronymos de Atenas ao campo de refugiados de Mori\u00e1 e referiu-se ao apelo conjunto de que \u201c<em>o Mar Mediterr\u00e2neo n\u00e3o deveria ser um t\u00famulo, mas um lugar de vida, uma encruzilhada de culturas e civiliza\u00e7\u00f5es, um lugar de troca e di\u00e1logo<\/em>\u201d. Observou que a imigra\u00e7\u00e3o, os refugiados e mudan\u00e7a clim\u00e1tica s\u00e3o fen\u00f4menos intimamente ligados e continuar\u00e3o sendo os maiores desafios que a humanidade precisar\u00e1 enfrentar nos anos vindouros.\u00a0\u201c<em>\u00c9 por isso que\u00a0<span style=\"font-weight: inherit; font-style: inherit;\">nossas Igrejas devem empreender iniciativas que promovam a prote\u00e7\u00e3o do meio ambiente e, posteriormente, de nossos filhos<\/span><\/em>\u201d.<\/p>\n<p style=\"text-align: justify;\">Concluindo seu discurso, o Patriarca Bartolomeu expressou caloroso apoio do Patriarcado Ecum\u00eanico \u00e0s iniciativas relevantes do CMI, incluindo a recentemente adotada \u201cPol\u00edtica de Salvaguarda da Crian\u00e7a\u201d, bem como as a\u00e7\u00f5es da UNICEF.\u00a0\u201c<em>As crian\u00e7as migrantes s\u00e3o muitas vezes as primeiras a serem afetadas pela guerra, conflitos, mudan\u00e7as clim\u00e1ticas e pobreza.\u00a0Sua prote\u00e7\u00e3o \u00e9 responsabilidade compartilhada de nossas Igrejas<\/em>, disse, e destacou que a Igreja Ortodoxa defende os direitos das crian\u00e7as e trabalha para promover a prote\u00e7\u00e3o de sua pessoa e dignidade.<\/p>\n<p style=\"text-align: justify;\">O Secret\u00e1rio Geral do CMI, Rev. Dr. Olav Fykse Tveit,\u00a0deu\u00a0\u00a0as\u00a0boas-vindas\u00a0ao Patriarca Bartolomeu, referindo-se \u00e0s iniciativas do Patriarcado Ecum\u00eanico para proteger os direitos das crian\u00e7as e fortalecer a conscientiza\u00e7\u00e3o sobre a opini\u00e3o p\u00fablica global.\u00a0O Secret\u00e1rio Geral do CMI disse que o Patriarca Ecum\u00eanico, conhecido como o \u201cPatriarca Verde\u201d, pode tamb\u00e9m ser chamado de o \u201cPatriarca das Crian\u00e7as\u201d.<\/p>\n<p style=\"text-align: justify;\">Ap\u00f3s o discurso de abertura, o Patriarca foi saudado pelo Sr. Philip Cori, representante da UNICEF.<\/p>\n<p style=\"text-align: justify;\">O Patriarca Ecum\u00eanico reuniu-se depois com as cerca de 80 crian\u00e7as que frequentavam a Escola Prim\u00e1ria Hel\u00eanica de Genebra-Lausanne, onde falou de maneira paternal, aben\u00e7oando-as, bem como aos seus pais, distribuindo-lhes chocolates e posando para fotos comemorativas. Em seguida, juntamente com as crian\u00e7as e os delegados, participou de um show de marionetes sobre o significado da colabora\u00e7\u00e3o dos crist\u00e3os no \u00e2mbito do CMI, em benef\u00edcio das crian\u00e7as e do mundo inteiro.<\/p>\n<hr \/>\n<p style=\"text-align: right;\">Fonte: <a href=\"https:\/\/www.ecupatria.org\/\">Newsletter of Ecumenical Patriarchate Permanent Delegation the Word Council of Churces<\/a><\/p>\n","protected":false},"excerpt":{"rendered":"<p>Uma importante mensagem sobre a necessidade de proteger as crian\u00e7as e preservar a inf\u00e2ncia foi enviada pelo Patriarca Ecum\u00eanico Bartolomeu I durante seu pronunciamento\u00a0por ocasi\u00e3o da comemora\u00e7\u00e3o do Dia Mundial da Crian\u00e7a, nesta quarta-feira, 21 novembro de 2018, uma iniciativa&#8230;<\/p>\n","protected":false},"author":1,"featured_media":0,"comment_status":"open","ping_status":"open","sticky":false,"template":"","format":"standard","meta":{"_acf_changed":false,"footnotes":""},"categories":[1,72],"tags":[],"class_list":["post-26296","post","type-post","status-publish","format-standard","hentry","category-news","category-patriarcado-ecumenico","entry","rows-excerpt"],"acf":[],"yoast_head":"<!-- This site is optimized with the Yoast SEO plugin v27.4 - https:\/\/yoast.com\/product\/yoast-seo-wordpress\/ -->\n<title>Patriarca Ecum\u00eanico Bartolomeu: principal orador no evento do Dia Mundial da Crian\u00e7a | ECCLESIA NEWS<\/title>\n<meta name=\"robots\" content=\"index, follow, max-snippet:-1, max-image-preview:large, max-video-preview:-1\" \/>\n<link rel=\"canonical\" href=\"https:\/\/news.ecclesia.org.br\/?p=26296\" \/>\n<meta property=\"og:locale\" content=\"pt_BR\" \/>\n<meta property=\"og:type\" content=\"article\" \/>\n<meta property=\"og:title\" content=\"Patriarca Ecum\u00eanico Bartolomeu: principal orador no evento do Dia Mundial da Crian\u00e7a | ECCLESIA NEWS\" \/>\n<meta property=\"og:description\" content=\"Uma importante mensagem sobre a necessidade de proteger as crian\u00e7as e preservar a inf\u00e2ncia foi enviada pelo Patriarca Ecum\u00eanico Bartolomeu I durante seu pronunciamento\u00a0por ocasi\u00e3o da comemora\u00e7\u00e3o do Dia Mundial da Crian\u00e7a, nesta quarta-feira, 21 novembro de 2018, uma iniciativa&#8230;\" \/>\n<meta property=\"og:url\" content=\"https:\/\/news.ecclesia.org.br\/?p=26296\" \/>\n<meta property=\"og:site_name\" content=\"ECCLESIA NEWS\" \/>\n<meta property=\"article:publisher\" content=\"https:\/\/www.facebook.com\/Ecclesia2025\" \/>\n<meta property=\"article:published_time\" content=\"2018-11-27T20:04:47+00:00\" \/>\n<meta property=\"article:modified_time\" content=\"2021-08-03T22:53:43+00:00\" \/>\n<meta property=\"og:image\" content=\"https:\/\/news.ecclesia.org.br\/wp-content\/uploads\/2018\/11\/patriarca-das-criancas-300x167.jpg\" \/>\n<meta name=\"author\" content=\"Pe. Andr\u00e9\" \/>\n<meta name=\"twitter:card\" content=\"summary_large_image\" \/>\n<meta name=\"twitter:creator\" content=\"@EcclesiaNews\" \/>\n<meta name=\"twitter:site\" content=\"@EcclesiaNews\" \/>\n<meta name=\"twitter:label1\" content=\"Escrito por\" \/>\n\t<meta name=\"twitter:data1\" content=\"Pe. Andr\u00e9\" \/>\n\t<meta name=\"twitter:label2\" content=\"Est. tempo de leitura\" \/>\n\t<meta name=\"twitter:data2\" content=\"6 minutos\" \/>\n<script type=\"application\/ld+json\" class=\"yoast-schema-graph\">{\"@context\":\"https:\\\/\\\/schema.org\",\"@graph\":[{\"@type\":\"Article\",\"@id\":\"https:\\\/\\\/news.ecclesia.org.br\\\/?p=26296#article\",\"isPartOf\":{\"@id\":\"https:\\\/\\\/news.ecclesia.org.br\\\/?p=26296\"},\"author\":{\"name\":\"Pe. Andr\u00e9\",\"@id\":\"https:\\\/\\\/news.ecclesia.org.br\\\/#\\\/schema\\\/person\\\/6f09597f025829745ba414a569f63758\"},\"headline\":\"Patriarca Ecum\u00eanico Bartolomeu: principal orador no evento do Dia Mundial da Crian\u00e7a\",\"datePublished\":\"2018-11-27T20:04:47+00:00\",\"dateModified\":\"2021-08-03T22:53:43+00:00\",\"mainEntityOfPage\":{\"@id\":\"https:\\\/\\\/news.ecclesia.org.br\\\/?p=26296\"},\"wordCount\":1217,\"commentCount\":0,\"publisher\":{\"@id\":\"https:\\\/\\\/news.ecclesia.org.br\\\/#organization\"},\"image\":{\"@id\":\"https:\\\/\\\/news.ecclesia.org.br\\\/?p=26296#primaryimage\"},\"thumbnailUrl\":\"https:\\\/\\\/news.ecclesia.org.br\\\/wp-content\\\/uploads\\\/2018\\\/11\\\/patriarca-das-criancas-300x167.jpg\",\"articleSection\":[\"NEWS\",\"Patriarcado Ecum\u00eanico\"],\"inLanguage\":\"pt-BR\",\"potentialAction\":[{\"@type\":\"CommentAction\",\"name\":\"Comment\",\"target\":[\"https:\\\/\\\/news.ecclesia.org.br\\\/?p=26296#respond\"]}]},{\"@type\":\"WebPage\",\"@id\":\"https:\\\/\\\/news.ecclesia.org.br\\\/?p=26296\",\"url\":\"https:\\\/\\\/news.ecclesia.org.br\\\/?p=26296\",\"name\":\"Patriarca Ecum\u00eanico Bartolomeu: principal orador no evento do Dia Mundial da Crian\u00e7a | ECCLESIA NEWS\",\"isPartOf\":{\"@id\":\"https:\\\/\\\/news.ecclesia.org.br\\\/#website\"},\"primaryImageOfPage\":{\"@id\":\"https:\\\/\\\/news.ecclesia.org.br\\\/?p=26296#primaryimage\"},\"image\":{\"@id\":\"https:\\\/\\\/news.ecclesia.org.br\\\/?p=26296#primaryimage\"},\"thumbnailUrl\":\"https:\\\/\\\/news.ecclesia.org.br\\\/wp-content\\\/uploads\\\/2018\\\/11\\\/patriarca-das-criancas-300x167.jpg\",\"datePublished\":\"2018-11-27T20:04:47+00:00\",\"dateModified\":\"2021-08-03T22:53:43+00:00\",\"breadcrumb\":{\"@id\":\"https:\\\/\\\/news.ecclesia.org.br\\\/?p=26296#breadcrumb\"},\"inLanguage\":\"pt-BR\",\"potentialAction\":[{\"@type\":\"ReadAction\",\"target\":[\"https:\\\/\\\/news.ecclesia.org.br\\\/?p=26296\"]}]},{\"@type\":\"ImageObject\",\"inLanguage\":\"pt-BR\",\"@id\":\"https:\\\/\\\/news.ecclesia.org.br\\\/?p=26296#primaryimage\",\"url\":\"https:\\\/\\\/news.ecclesia.org.br\\\/wp-content\\\/uploads\\\/2018\\\/11\\\/patriarca-das-criancas.jpg\",\"contentUrl\":\"https:\\\/\\\/news.ecclesia.org.br\\\/wp-content\\\/uploads\\\/2018\\\/11\\\/patriarca-das-criancas.jpg\",\"width\":640,\"height\":356},{\"@type\":\"BreadcrumbList\",\"@id\":\"https:\\\/\\\/news.ecclesia.org.br\\\/?p=26296#breadcrumb\",\"itemListElement\":[{\"@type\":\"ListItem\",\"position\":1,\"name\":\"In\u00edcio\",\"item\":\"https:\\\/\\\/news.ecclesia.org.br\\\/\"},{\"@type\":\"ListItem\",\"position\":2,\"name\":\"Patriarca Ecum\u00eanico Bartolomeu: principal orador no evento do Dia Mundial da Crian\u00e7a\"}]},{\"@type\":\"WebSite\",\"@id\":\"https:\\\/\\\/news.ecclesia.org.br\\\/#website\",\"url\":\"https:\\\/\\\/news.ecclesia.org.br\\\/\",\"name\":\"Ecclesia Brasil\",\"description\":\"Desde 2003 onectando o Brasil ao mundo ortodoxo!\",\"publisher\":{\"@id\":\"https:\\\/\\\/news.ecclesia.org.br\\\/#organization\"},\"alternateName\":\"Ecclesia\",\"potentialAction\":[{\"@type\":\"SearchAction\",\"target\":{\"@type\":\"EntryPoint\",\"urlTemplate\":\"https:\\\/\\\/news.ecclesia.org.br\\\/?s={search_term_string}\"},\"query-input\":{\"@type\":\"PropertyValueSpecification\",\"valueRequired\":true,\"valueName\":\"search_term_string\"}}],\"inLanguage\":\"pt-BR\"},{\"@type\":\"Organization\",\"@id\":\"https:\\\/\\\/news.ecclesia.org.br\\\/#organization\",\"name\":\"Sacra Arquidiocese de Buenos Aires e Am\u00e9rica do Sul | Patriarcado Ecum\u00eanico\",\"alternateName\":\"News Ecclesia Brasil\",\"url\":\"https:\\\/\\\/news.ecclesia.org.br\\\/\",\"logo\":{\"@type\":\"ImageObject\",\"inLanguage\":\"pt-BR\",\"@id\":\"https:\\\/\\\/news.ecclesia.org.br\\\/#\\\/schema\\\/logo\\\/image\\\/\",\"url\":\"https:\\\/\\\/news.ecclesia.org.br\\\/wp-content\\\/uploads\\\/2025\\\/05\\\/ecclesia2.png\",\"contentUrl\":\"https:\\\/\\\/news.ecclesia.org.br\\\/wp-content\\\/uploads\\\/2025\\\/05\\\/ecclesia2.png\",\"width\":480,\"height\":120,\"caption\":\"Sacra Arquidiocese de Buenos Aires e Am\u00e9rica do Sul | Patriarcado Ecum\u00eanico\"},\"image\":{\"@id\":\"https:\\\/\\\/news.ecclesia.org.br\\\/#\\\/schema\\\/logo\\\/image\\\/\"},\"sameAs\":[\"https:\\\/\\\/www.facebook.com\\\/Ecclesia2025\",\"https:\\\/\\\/x.com\\\/EcclesiaNews\",\"https:\\\/\\\/br.pinterest.com\\\/ekklisia\\\/\",\"https:\\\/\\\/www.youtube.com\\\/@EcclesiaBrasil\"]},{\"@type\":\"Person\",\"@id\":\"https:\\\/\\\/news.ecclesia.org.br\\\/#\\\/schema\\\/person\\\/6f09597f025829745ba414a569f63758\",\"name\":\"Pe. Andr\u00e9\",\"image\":{\"@type\":\"ImageObject\",\"inLanguage\":\"pt-BR\",\"@id\":\"https:\\\/\\\/secure.gravatar.com\\\/avatar\\\/b4327cfa27e9799da239a26adcd534fc29cdc0c4a4a148eecbcfeb9b42c617ac?s=96&d=mm&r=g\",\"url\":\"https:\\\/\\\/secure.gravatar.com\\\/avatar\\\/b4327cfa27e9799da239a26adcd534fc29cdc0c4a4a148eecbcfeb9b42c617ac?s=96&d=mm&r=g\",\"contentUrl\":\"https:\\\/\\\/secure.gravatar.com\\\/avatar\\\/b4327cfa27e9799da239a26adcd534fc29cdc0c4a4a148eecbcfeb9b42c617ac?s=96&d=mm&r=g\",\"caption\":\"Pe. Andr\u00e9\"},\"sameAs\":[\"https:\\\/\\\/www.ecclesia.org.br\"]}]}<\/script>\n<!-- \/ Yoast SEO plugin. -->","yoast_head_json":{"title":"Patriarca Ecum\u00eanico Bartolomeu: principal orador no evento do Dia Mundial da Crian\u00e7a | ECCLESIA NEWS","robots":{"index":"index","follow":"follow","max-snippet":"max-snippet:-1","max-image-preview":"max-image-preview:large","max-video-preview":"max-video-preview:-1"},"canonical":"https:\/\/news.ecclesia.org.br\/?p=26296","og_locale":"pt_BR","og_type":"article","og_title":"Patriarca Ecum\u00eanico Bartolomeu: principal orador no evento do Dia Mundial da Crian\u00e7a | ECCLESIA NEWS","og_description":"Uma importante mensagem sobre a necessidade de proteger as crian\u00e7as e preservar a inf\u00e2ncia foi enviada pelo Patriarca Ecum\u00eanico Bartolomeu I durante seu pronunciamento\u00a0por ocasi\u00e3o da comemora\u00e7\u00e3o do Dia Mundial da Crian\u00e7a, nesta quarta-feira, 21 novembro de 2018, uma iniciativa&#8230;","og_url":"https:\/\/news.ecclesia.org.br\/?p=26296","og_site_name":"ECCLESIA NEWS","article_publisher":"https:\/\/www.facebook.com\/Ecclesia2025","article_published_time":"2018-11-27T20:04:47+00:00","article_modified_time":"2021-08-03T22:53:43+00:00","og_image":[{"url":"https:\/\/news.ecclesia.org.br\/wp-content\/uploads\/2018\/11\/patriarca-das-criancas-300x167.jpg","type":"","width":"","height":""}],"author":"Pe. Andr\u00e9","twitter_card":"summary_large_image","twitter_creator":"@EcclesiaNews","twitter_site":"@EcclesiaNews","twitter_misc":{"Escrito por":"Pe. Andr\u00e9","Est. tempo de leitura":"6 minutos"},"schema":{"@context":"https:\/\/schema.org","@graph":[{"@type":"Article","@id":"https:\/\/news.ecclesia.org.br\/?p=26296#article","isPartOf":{"@id":"https:\/\/news.ecclesia.org.br\/?p=26296"},"author":{"name":"Pe. Andr\u00e9","@id":"https:\/\/news.ecclesia.org.br\/#\/schema\/person\/6f09597f025829745ba414a569f63758"},"headline":"Patriarca Ecum\u00eanico Bartolomeu: principal orador no evento do Dia Mundial da Crian\u00e7a","datePublished":"2018-11-27T20:04:47+00:00","dateModified":"2021-08-03T22:53:43+00:00","mainEntityOfPage":{"@id":"https:\/\/news.ecclesia.org.br\/?p=26296"},"wordCount":1217,"commentCount":0,"publisher":{"@id":"https:\/\/news.ecclesia.org.br\/#organization"},"image":{"@id":"https:\/\/news.ecclesia.org.br\/?p=26296#primaryimage"},"thumbnailUrl":"https:\/\/news.ecclesia.org.br\/wp-content\/uploads\/2018\/11\/patriarca-das-criancas-300x167.jpg","articleSection":["NEWS","Patriarcado Ecum\u00eanico"],"inLanguage":"pt-BR","potentialAction":[{"@type":"CommentAction","name":"Comment","target":["https:\/\/news.ecclesia.org.br\/?p=26296#respond"]}]},{"@type":"WebPage","@id":"https:\/\/news.ecclesia.org.br\/?p=26296","url":"https:\/\/news.ecclesia.org.br\/?p=26296","name":"Patriarca Ecum\u00eanico Bartolomeu: principal orador no evento do Dia Mundial da Crian\u00e7a | ECCLESIA NEWS","isPartOf":{"@id":"https:\/\/news.ecclesia.org.br\/#website"},"primaryImageOfPage":{"@id":"https:\/\/news.ecclesia.org.br\/?p=26296#primaryimage"},"image":{"@id":"https:\/\/news.ecclesia.org.br\/?p=26296#primaryimage"},"thumbnailUrl":"https:\/\/news.ecclesia.org.br\/wp-content\/uploads\/2018\/11\/patriarca-das-criancas-300x167.jpg","datePublished":"2018-11-27T20:04:47+00:00","dateModified":"2021-08-03T22:53:43+00:00","breadcrumb":{"@id":"https:\/\/news.ecclesia.org.br\/?p=26296#breadcrumb"},"inLanguage":"pt-BR","potentialAction":[{"@type":"ReadAction","target":["https:\/\/news.ecclesia.org.br\/?p=26296"]}]},{"@type":"ImageObject","inLanguage":"pt-BR","@id":"https:\/\/news.ecclesia.org.br\/?p=26296#primaryimage","url":"https:\/\/news.ecclesia.org.br\/wp-content\/uploads\/2018\/11\/patriarca-das-criancas.jpg","contentUrl":"https:\/\/news.ecclesia.org.br\/wp-content\/uploads\/2018\/11\/patriarca-das-criancas.jpg","width":640,"height":356},{"@type":"BreadcrumbList","@id":"https:\/\/news.ecclesia.org.br\/?p=26296#breadcrumb","itemListElement":[{"@type":"ListItem","position":1,"name":"In\u00edcio","item":"https:\/\/news.ecclesia.org.br\/"},{"@type":"ListItem","position":2,"name":"Patriarca Ecum\u00eanico Bartolomeu: principal orador no evento do Dia Mundial da Crian\u00e7a"}]},{"@type":"WebSite","@id":"https:\/\/news.ecclesia.org.br\/#website","url":"https:\/\/news.ecclesia.org.br\/","name":"Ecclesia Brasil","description":"Desde 2003 onectando o Brasil ao mundo ortodoxo!","publisher":{"@id":"https:\/\/news.ecclesia.org.br\/#organization"},"alternateName":"Ecclesia","potentialAction":[{"@type":"SearchAction","target":{"@type":"EntryPoint","urlTemplate":"https:\/\/news.ecclesia.org.br\/?s={search_term_string}"},"query-input":{"@type":"PropertyValueSpecification","valueRequired":true,"valueName":"search_term_string"}}],"inLanguage":"pt-BR"},{"@type":"Organization","@id":"https:\/\/news.ecclesia.org.br\/#organization","name":"Sacra Arquidiocese de Buenos Aires e Am\u00e9rica do Sul | Patriarcado Ecum\u00eanico","alternateName":"News Ecclesia Brasil","url":"https:\/\/news.ecclesia.org.br\/","logo":{"@type":"ImageObject","inLanguage":"pt-BR","@id":"https:\/\/news.ecclesia.org.br\/#\/schema\/logo\/image\/","url":"https:\/\/news.ecclesia.org.br\/wp-content\/uploads\/2025\/05\/ecclesia2.png","contentUrl":"https:\/\/news.ecclesia.org.br\/wp-content\/uploads\/2025\/05\/ecclesia2.png","width":480,"height":120,"caption":"Sacra Arquidiocese de Buenos Aires e Am\u00e9rica do Sul | Patriarcado Ecum\u00eanico"},"image":{"@id":"https:\/\/news.ecclesia.org.br\/#\/schema\/logo\/image\/"},"sameAs":["https:\/\/www.facebook.com\/Ecclesia2025","https:\/\/x.com\/EcclesiaNews","https:\/\/br.pinterest.com\/ekklisia\/","https:\/\/www.youtube.com\/@EcclesiaBrasil"]},{"@type":"Person","@id":"https:\/\/news.ecclesia.org.br\/#\/schema\/person\/6f09597f025829745ba414a569f63758","name":"Pe. Andr\u00e9","image":{"@type":"ImageObject","inLanguage":"pt-BR","@id":"https:\/\/secure.gravatar.com\/avatar\/b4327cfa27e9799da239a26adcd534fc29cdc0c4a4a148eecbcfeb9b42c617ac?s=96&d=mm&r=g","url":"https:\/\/secure.gravatar.com\/avatar\/b4327cfa27e9799da239a26adcd534fc29cdc0c4a4a148eecbcfeb9b42c617ac?s=96&d=mm&r=g","contentUrl":"https:\/\/secure.gravatar.com\/avatar\/b4327cfa27e9799da239a26adcd534fc29cdc0c4a4a148eecbcfeb9b42c617ac?s=96&d=mm&r=g","caption":"Pe. Andr\u00e9"},"sameAs":["https:\/\/www.ecclesia.org.br"]}]}},"_links":{"self":[{"href":"https:\/\/news.ecclesia.org.br\/index.php?rest_route=\/wp\/v2\/posts\/26296","targetHints":{"allow":["GET"]}}],"collection":[{"href":"https:\/\/news.ecclesia.org.br\/index.php?rest_route=\/wp\/v2\/posts"}],"about":[{"href":"https:\/\/news.ecclesia.org.br\/index.php?rest_route=\/wp\/v2\/types\/post"}],"author":[{"embeddable":true,"href":"https:\/\/news.ecclesia.org.br\/index.php?rest_route=\/wp\/v2\/users\/1"}],"replies":[{"embeddable":true,"href":"https:\/\/news.ecclesia.org.br\/index.php?rest_route=%2Fwp%2Fv2%2Fcomments&post=26296"}],"version-history":[{"count":1,"href":"https:\/\/news.ecclesia.org.br\/index.php?rest_route=\/wp\/v2\/posts\/26296\/revisions"}],"predecessor-version":[{"id":38632,"href":"https:\/\/news.ecclesia.org.br\/index.php?rest_route=\/wp\/v2\/posts\/26296\/revisions\/38632"}],"wp:attachment":[{"href":"https:\/\/news.ecclesia.org.br\/index.php?rest_route=%2Fwp%2Fv2%2Fmedia&parent=26296"}],"wp:term":[{"taxonomy":"category","embeddable":true,"href":"https:\/\/news.ecclesia.org.br\/index.php?rest_route=%2Fwp%2Fv2%2Fcategories&post=26296"},{"taxonomy":"post_tag","embeddable":true,"href":"https:\/\/news.ecclesia.org.br\/index.php?rest_route=%2Fwp%2Fv2%2Ftags&post=26296"}],"curies":[{"name":"wp","href":"https:\/\/api.w.org\/{rel}","templated":true}]}}