{"id":26268,"date":"2018-11-26T16:51:47","date_gmt":"2018-11-26T16:51:47","guid":{"rendered":"https:\/\/news.ecclesia.org.br\/?p=26268"},"modified":"2021-08-03T19:56:27","modified_gmt":"2021-08-03T22:56:27","slug":"patriarca-ecumenico-bartolomeu-i-preside-consagracao-da-nova-catedral-ortodoxa-em-bucareste","status":"publish","type":"post","link":"https:\/\/news.ecclesia.org.br\/?p=26268","title":{"rendered":"Patriarca Ecum\u00eanico Bartolomeu I preside consagra\u00e7\u00e3o da nova Catedral Ortodoxa em Bucareste"},"content":{"rendered":"<p style=\"text-align: justify;\"><div id=\"galleria-26268\"><a href=\"https:\/\/news.ecclesia.org.br\/wp-content\/uploads\/2018\/11\/romenia001-1024x682.jpg\"><img decoding=\"async\" title=\"romenia001\" alt=\"\" src=\"https:\/\/news.ecclesia.org.br\/wp-content\/uploads\/2018\/11\/romenia001-83x55.jpg\" data-big=\"https:\/\/news.ecclesia.org.br\/wp-content\/uploads\/2018\/11\/romenia001-1024x682.jpg\"><\/a><a href=\"https:\/\/news.ecclesia.org.br\/wp-content\/uploads\/2018\/11\/romenia002-1024x683.jpg\"><img decoding=\"async\" title=\"romenia002\" alt=\"\" src=\"https:\/\/news.ecclesia.org.br\/wp-content\/uploads\/2018\/11\/romenia002-83x55.jpg\" data-big=\"https:\/\/news.ecclesia.org.br\/wp-content\/uploads\/2018\/11\/romenia002-1024x683.jpg\"><\/a><a href=\"https:\/\/news.ecclesia.org.br\/wp-content\/uploads\/2018\/11\/romenia003-1024x683.jpg\"><img decoding=\"async\" title=\"romenia003\" alt=\"\" src=\"https:\/\/news.ecclesia.org.br\/wp-content\/uploads\/2018\/11\/romenia003-82x55.jpg\" data-big=\"https:\/\/news.ecclesia.org.br\/wp-content\/uploads\/2018\/11\/romenia003-1024x683.jpg\"><\/a><a href=\"https:\/\/news.ecclesia.org.br\/wp-content\/uploads\/2018\/11\/romenia004-1024x683.jpg\"><img decoding=\"async\" title=\"romenia004\" alt=\"\" src=\"https:\/\/news.ecclesia.org.br\/wp-content\/uploads\/2018\/11\/romenia004-82x55.jpg\" data-big=\"https:\/\/news.ecclesia.org.br\/wp-content\/uploads\/2018\/11\/romenia004-1024x683.jpg\"><\/a><a href=\"https:\/\/news.ecclesia.org.br\/wp-content\/uploads\/2018\/11\/romenia005-1024x683.jpg\"><img decoding=\"async\" title=\"romenia005\" alt=\"\" src=\"https:\/\/news.ecclesia.org.br\/wp-content\/uploads\/2018\/11\/romenia005-82x55.jpg\" data-big=\"https:\/\/news.ecclesia.org.br\/wp-content\/uploads\/2018\/11\/romenia005-1024x683.jpg\"><\/a><a href=\"https:\/\/news.ecclesia.org.br\/wp-content\/uploads\/2018\/11\/romenia006-1024x683.jpg\"><img decoding=\"async\" title=\"romenia006\" alt=\"\" src=\"https:\/\/news.ecclesia.org.br\/wp-content\/uploads\/2018\/11\/romenia006-82x55.jpg\" data-big=\"https:\/\/news.ecclesia.org.br\/wp-content\/uploads\/2018\/11\/romenia006-1024x683.jpg\"><\/a><a href=\"https:\/\/news.ecclesia.org.br\/wp-content\/uploads\/2018\/11\/romenia007-1024x682.jpg\"><img decoding=\"async\" title=\"romenia007\" alt=\"\" src=\"https:\/\/news.ecclesia.org.br\/wp-content\/uploads\/2018\/11\/romenia007-83x55.jpg\" data-big=\"https:\/\/news.ecclesia.org.br\/wp-content\/uploads\/2018\/11\/romenia007-1024x682.jpg\"><\/a><\/div> <strong>A constru\u00e7\u00e3o em estilo neo bizantino com seus 120 metros de altura, localiza-se no centro da capital romena e pode acolher cinco mil fi\u00e9is.<\/strong><\/p>\n<p style=\"text-align: justify;\">No ano do centen\u00e1rio da unifica\u00e7\u00e3o da Rom\u00eania foi consagrada em Bucareste na manh\u00e3 deste domingo, 25, a nova Catedral nacional chamada \u201cSalva\u00e7\u00e3o do Povo\u201d ou tamb\u00e9m \u201cCatedral da Reden\u00e7\u00e3o Nacional\u201d. A cerim\u00f4nia foi presidida por Sua Santidade o Patriarca Ecum\u00eanico de Constantinopla, Bartolomeu I e pelo Patriarca Daniel, Primaz da Igreja Ortodoxa Romena, e concelebrada por mais de 100 sacerdotes. Mais de 30 mil fi\u00e9is acompanharam a cerim\u00f4nia fora do pr\u00e9dio, apesar do nevoeiro, atrav\u00e9s das grandes tel\u00f5es. A celebra\u00e7\u00e3o foi transmitida pela televis\u00e3o local.<\/p>\n<h3 style=\"text-align: left;\">Projetada em 1884, \u00e9 a segunda constru\u00e7\u00e3o mais alta da capital<\/h3>\n<p style=\"text-align: justify;\">A constru\u00e7\u00e3o em estilo neo bizantino com seus 120 metros de altura, localiza-se no centro da capital romena e pode acolher cinco mil fi\u00e9is sentados. Idealizada nos tempos do Rei Carlos I, em 1884, teve sua constru\u00e7\u00e3o conclu\u00edda somente agora, visto as barreiras encontradas inicialmente com as duas guerras mundial e depois com o comunismo. Era grande a emo\u00e7\u00e3o entre os fi\u00e9is. Para festejar o evento, muitos cidad\u00e3os romenos vestiram-se com roupas tradicionais, com cores vivas. &#8220;A Catedral \u2013 l\u00ea-se no site do Patriarcado Ortodoxo Romeno &#8211; \u00e9 um memorial para homenagear aqueles que sacrificaram suas vidas pela liberdade, a unidade e a dignidade do povo romeno.&#8221;<\/p>\n<p style=\"text-align: justify;\">No s\u00e1bado, 24, uma celebra\u00e7\u00e3o presidida pelo Patriarca Daniel na Catedral, recordou os her\u00f3is nacionais tombados em batalhas e durante as persegui\u00e7\u00f5es.<\/p>\n<p style=\"text-align: justify;\">Maiores informa\u00e7\u00f5es podem ser encontradas neste\u00a0. E, para mais fotos, confira galeria de fotos de <a href=\"http:\/\/basilica.ro\/en\/photo-gallery-inauguration-of-national-cathedral-on-1918-great-union-centennial\/\" target=\"_blank\" rel=\"noopener\">Basilica.ro<\/a><\/p>\n<p style=\"text-align: justify;\"><iframe src=\"https:\/\/www.youtube.com\/embed\/nhjMk7n4DwM\" width=\"560\" height=\"315\" frameborder=\"0\" allowfullscreen=\"allowfullscreen\"><\/iframe><\/p>\n<hr \/>\n<p style=\"text-align: right;\">Fonte: <a href=\"https:\/\/www.vaticannews.va\/pt\/igreja\/news\/2018-11\/bartolomeu-i-consagracao-catedral-ortodoxa-bucarest.html\" target=\"_blank\" rel=\"noopener\">Vatican News\u00a0<\/a><\/p>\n","protected":false},"excerpt":{"rendered":"<p>A constru\u00e7\u00e3o em estilo neo bizantino com seus 120 metros de altura, localiza-se no centro da capital romena e pode acolher cinco mil fi\u00e9is. No ano do centen\u00e1rio da unifica\u00e7\u00e3o da Rom\u00eania foi consagrada em Bucareste na manh\u00e3 deste domingo,&#8230;<\/p>\n","protected":false},"author":1,"featured_media":0,"comment_status":"open","ping_status":"open","sticky":false,"template":"","format":"standard","meta":{"_acf_changed":false,"footnotes":""},"categories":[3,72],"tags":[],"class_list":["post-26268","post","type-post","status-publish","format-standard","hentry","category-mundo","category-patriarcado-ecumenico","entry","rows-excerpt"],"acf":[],"yoast_head":"<!-- This site is optimized with the Yoast SEO plugin v27.4 - https:\/\/yoast.com\/product\/yoast-seo-wordpress\/ -->\n<title>Patriarca Ecum\u00eanico Bartolomeu I preside consagra\u00e7\u00e3o da nova Catedral Ortodoxa em Bucareste | ECCLESIA NEWS<\/title>\n<meta name=\"robots\" content=\"index, follow, max-snippet:-1, max-image-preview:large, max-video-preview:-1\" \/>\n<link rel=\"canonical\" href=\"https:\/\/news.ecclesia.org.br\/?p=26268\" \/>\n<meta property=\"og:locale\" content=\"pt_BR\" \/>\n<meta property=\"og:type\" content=\"article\" \/>\n<meta property=\"og:title\" content=\"Patriarca Ecum\u00eanico Bartolomeu I preside consagra\u00e7\u00e3o da nova Catedral Ortodoxa em Bucareste | ECCLESIA NEWS\" \/>\n<meta property=\"og:description\" content=\"A constru\u00e7\u00e3o em estilo neo bizantino com seus 120 metros de altura, localiza-se no centro da capital romena e pode acolher cinco mil fi\u00e9is. No ano do centen\u00e1rio da unifica\u00e7\u00e3o da Rom\u00eania foi consagrada em Bucareste na manh\u00e3 deste domingo,&#8230;\" \/>\n<meta property=\"og:url\" content=\"https:\/\/news.ecclesia.org.br\/?p=26268\" \/>\n<meta property=\"og:site_name\" content=\"ECCLESIA NEWS\" \/>\n<meta property=\"article:publisher\" content=\"https:\/\/www.facebook.com\/Ecclesia2025\" \/>\n<meta property=\"article:published_time\" content=\"2018-11-26T16:51:47+00:00\" \/>\n<meta property=\"article:modified_time\" content=\"2021-08-03T22:56:27+00:00\" \/>\n<meta property=\"og:image\" content=\"https:\/\/news.ecclesia.org.br\/wp-content\/uploads\/2025\/05\/ecclesia2.png\" \/>\n\t<meta property=\"og:image:width\" content=\"480\" \/>\n\t<meta property=\"og:image:height\" content=\"120\" \/>\n\t<meta property=\"og:image:type\" content=\"image\/png\" \/>\n<meta name=\"author\" content=\"Pe. Andr\u00e9\" \/>\n<meta name=\"twitter:card\" content=\"summary_large_image\" \/>\n<meta name=\"twitter:creator\" content=\"@EcclesiaNews\" \/>\n<meta name=\"twitter:site\" content=\"@EcclesiaNews\" \/>\n<meta name=\"twitter:label1\" content=\"Escrito por\" \/>\n\t<meta name=\"twitter:data1\" content=\"Pe. Andr\u00e9\" \/>\n\t<meta name=\"twitter:label2\" content=\"Est. tempo de leitura\" \/>\n\t<meta name=\"twitter:data2\" content=\"1 minuto\" \/>\n<script type=\"application\/ld+json\" class=\"yoast-schema-graph\">{\"@context\":\"https:\\\/\\\/schema.org\",\"@graph\":[{\"@type\":\"Article\",\"@id\":\"https:\\\/\\\/news.ecclesia.org.br\\\/?p=26268#article\",\"isPartOf\":{\"@id\":\"https:\\\/\\\/news.ecclesia.org.br\\\/?p=26268\"},\"author\":{\"name\":\"Pe. Andr\u00e9\",\"@id\":\"https:\\\/\\\/news.ecclesia.org.br\\\/#\\\/schema\\\/person\\\/6f09597f025829745ba414a569f63758\"},\"headline\":\"Patriarca Ecum\u00eanico Bartolomeu I preside consagra\u00e7\u00e3o da nova Catedral Ortodoxa em Bucareste\",\"datePublished\":\"2018-11-26T16:51:47+00:00\",\"dateModified\":\"2021-08-03T22:56:27+00:00\",\"mainEntityOfPage\":{\"@id\":\"https:\\\/\\\/news.ecclesia.org.br\\\/?p=26268\"},\"wordCount\":307,\"commentCount\":0,\"publisher\":{\"@id\":\"https:\\\/\\\/news.ecclesia.org.br\\\/#organization\"},\"articleSection\":[\"Mundo Ortodoxo\",\"Patriarcado Ecum\u00eanico\"],\"inLanguage\":\"pt-BR\",\"potentialAction\":[{\"@type\":\"CommentAction\",\"name\":\"Comment\",\"target\":[\"https:\\\/\\\/news.ecclesia.org.br\\\/?p=26268#respond\"]}]},{\"@type\":\"WebPage\",\"@id\":\"https:\\\/\\\/news.ecclesia.org.br\\\/?p=26268\",\"url\":\"https:\\\/\\\/news.ecclesia.org.br\\\/?p=26268\",\"name\":\"Patriarca Ecum\u00eanico Bartolomeu I preside consagra\u00e7\u00e3o da nova Catedral Ortodoxa em Bucareste | ECCLESIA NEWS\",\"isPartOf\":{\"@id\":\"https:\\\/\\\/news.ecclesia.org.br\\\/#website\"},\"datePublished\":\"2018-11-26T16:51:47+00:00\",\"dateModified\":\"2021-08-03T22:56:27+00:00\",\"breadcrumb\":{\"@id\":\"https:\\\/\\\/news.ecclesia.org.br\\\/?p=26268#breadcrumb\"},\"inLanguage\":\"pt-BR\",\"potentialAction\":[{\"@type\":\"ReadAction\",\"target\":[\"https:\\\/\\\/news.ecclesia.org.br\\\/?p=26268\"]}]},{\"@type\":\"BreadcrumbList\",\"@id\":\"https:\\\/\\\/news.ecclesia.org.br\\\/?p=26268#breadcrumb\",\"itemListElement\":[{\"@type\":\"ListItem\",\"position\":1,\"name\":\"In\u00edcio\",\"item\":\"https:\\\/\\\/news.ecclesia.org.br\\\/\"},{\"@type\":\"ListItem\",\"position\":2,\"name\":\"Patriarca Ecum\u00eanico Bartolomeu I preside consagra\u00e7\u00e3o da nova Catedral Ortodoxa em Bucareste\"}]},{\"@type\":\"WebSite\",\"@id\":\"https:\\\/\\\/news.ecclesia.org.br\\\/#website\",\"url\":\"https:\\\/\\\/news.ecclesia.org.br\\\/\",\"name\":\"Ecclesia Brasil\",\"description\":\"Desde 2003 onectando o Brasil ao mundo ortodoxo!\",\"publisher\":{\"@id\":\"https:\\\/\\\/news.ecclesia.org.br\\\/#organization\"},\"alternateName\":\"Ecclesia\",\"potentialAction\":[{\"@type\":\"SearchAction\",\"target\":{\"@type\":\"EntryPoint\",\"urlTemplate\":\"https:\\\/\\\/news.ecclesia.org.br\\\/?s={search_term_string}\"},\"query-input\":{\"@type\":\"PropertyValueSpecification\",\"valueRequired\":true,\"valueName\":\"search_term_string\"}}],\"inLanguage\":\"pt-BR\"},{\"@type\":\"Organization\",\"@id\":\"https:\\\/\\\/news.ecclesia.org.br\\\/#organization\",\"name\":\"Sacra Arquidiocese de Buenos Aires e Am\u00e9rica do Sul | Patriarcado Ecum\u00eanico\",\"alternateName\":\"News Ecclesia Brasil\",\"url\":\"https:\\\/\\\/news.ecclesia.org.br\\\/\",\"logo\":{\"@type\":\"ImageObject\",\"inLanguage\":\"pt-BR\",\"@id\":\"https:\\\/\\\/news.ecclesia.org.br\\\/#\\\/schema\\\/logo\\\/image\\\/\",\"url\":\"https:\\\/\\\/news.ecclesia.org.br\\\/wp-content\\\/uploads\\\/2025\\\/05\\\/ecclesia2.png\",\"contentUrl\":\"https:\\\/\\\/news.ecclesia.org.br\\\/wp-content\\\/uploads\\\/2025\\\/05\\\/ecclesia2.png\",\"width\":480,\"height\":120,\"caption\":\"Sacra Arquidiocese de Buenos Aires e Am\u00e9rica do Sul | Patriarcado Ecum\u00eanico\"},\"image\":{\"@id\":\"https:\\\/\\\/news.ecclesia.org.br\\\/#\\\/schema\\\/logo\\\/image\\\/\"},\"sameAs\":[\"https:\\\/\\\/www.facebook.com\\\/Ecclesia2025\",\"https:\\\/\\\/x.com\\\/EcclesiaNews\",\"https:\\\/\\\/br.pinterest.com\\\/ekklisia\\\/\",\"https:\\\/\\\/www.youtube.com\\\/@EcclesiaBrasil\"]},{\"@type\":\"Person\",\"@id\":\"https:\\\/\\\/news.ecclesia.org.br\\\/#\\\/schema\\\/person\\\/6f09597f025829745ba414a569f63758\",\"name\":\"Pe. Andr\u00e9\",\"image\":{\"@type\":\"ImageObject\",\"inLanguage\":\"pt-BR\",\"@id\":\"https:\\\/\\\/secure.gravatar.com\\\/avatar\\\/b4327cfa27e9799da239a26adcd534fc29cdc0c4a4a148eecbcfeb9b42c617ac?s=96&d=mm&r=g\",\"url\":\"https:\\\/\\\/secure.gravatar.com\\\/avatar\\\/b4327cfa27e9799da239a26adcd534fc29cdc0c4a4a148eecbcfeb9b42c617ac?s=96&d=mm&r=g\",\"contentUrl\":\"https:\\\/\\\/secure.gravatar.com\\\/avatar\\\/b4327cfa27e9799da239a26adcd534fc29cdc0c4a4a148eecbcfeb9b42c617ac?s=96&d=mm&r=g\",\"caption\":\"Pe. Andr\u00e9\"},\"sameAs\":[\"https:\\\/\\\/www.ecclesia.org.br\"]}]}<\/script>\n<!-- \/ Yoast SEO plugin. -->","yoast_head_json":{"title":"Patriarca Ecum\u00eanico Bartolomeu I preside consagra\u00e7\u00e3o da nova Catedral Ortodoxa em Bucareste | ECCLESIA NEWS","robots":{"index":"index","follow":"follow","max-snippet":"max-snippet:-1","max-image-preview":"max-image-preview:large","max-video-preview":"max-video-preview:-1"},"canonical":"https:\/\/news.ecclesia.org.br\/?p=26268","og_locale":"pt_BR","og_type":"article","og_title":"Patriarca Ecum\u00eanico Bartolomeu I preside consagra\u00e7\u00e3o da nova Catedral Ortodoxa em Bucareste | ECCLESIA NEWS","og_description":"A constru\u00e7\u00e3o em estilo neo bizantino com seus 120 metros de altura, localiza-se no centro da capital romena e pode acolher cinco mil fi\u00e9is. No ano do centen\u00e1rio da unifica\u00e7\u00e3o da Rom\u00eania foi consagrada em Bucareste na manh\u00e3 deste domingo,&#8230;","og_url":"https:\/\/news.ecclesia.org.br\/?p=26268","og_site_name":"ECCLESIA NEWS","article_publisher":"https:\/\/www.facebook.com\/Ecclesia2025","article_published_time":"2018-11-26T16:51:47+00:00","article_modified_time":"2021-08-03T22:56:27+00:00","og_image":[{"width":480,"height":120,"url":"https:\/\/news.ecclesia.org.br\/wp-content\/uploads\/2025\/05\/ecclesia2.png","type":"image\/png"}],"author":"Pe. Andr\u00e9","twitter_card":"summary_large_image","twitter_creator":"@EcclesiaNews","twitter_site":"@EcclesiaNews","twitter_misc":{"Escrito por":"Pe. Andr\u00e9","Est. tempo de leitura":"1 minuto"},"schema":{"@context":"https:\/\/schema.org","@graph":[{"@type":"Article","@id":"https:\/\/news.ecclesia.org.br\/?p=26268#article","isPartOf":{"@id":"https:\/\/news.ecclesia.org.br\/?p=26268"},"author":{"name":"Pe. Andr\u00e9","@id":"https:\/\/news.ecclesia.org.br\/#\/schema\/person\/6f09597f025829745ba414a569f63758"},"headline":"Patriarca Ecum\u00eanico Bartolomeu I preside consagra\u00e7\u00e3o da nova Catedral Ortodoxa em Bucareste","datePublished":"2018-11-26T16:51:47+00:00","dateModified":"2021-08-03T22:56:27+00:00","mainEntityOfPage":{"@id":"https:\/\/news.ecclesia.org.br\/?p=26268"},"wordCount":307,"commentCount":0,"publisher":{"@id":"https:\/\/news.ecclesia.org.br\/#organization"},"articleSection":["Mundo Ortodoxo","Patriarcado Ecum\u00eanico"],"inLanguage":"pt-BR","potentialAction":[{"@type":"CommentAction","name":"Comment","target":["https:\/\/news.ecclesia.org.br\/?p=26268#respond"]}]},{"@type":"WebPage","@id":"https:\/\/news.ecclesia.org.br\/?p=26268","url":"https:\/\/news.ecclesia.org.br\/?p=26268","name":"Patriarca Ecum\u00eanico Bartolomeu I preside consagra\u00e7\u00e3o da nova Catedral Ortodoxa em Bucareste | ECCLESIA NEWS","isPartOf":{"@id":"https:\/\/news.ecclesia.org.br\/#website"},"datePublished":"2018-11-26T16:51:47+00:00","dateModified":"2021-08-03T22:56:27+00:00","breadcrumb":{"@id":"https:\/\/news.ecclesia.org.br\/?p=26268#breadcrumb"},"inLanguage":"pt-BR","potentialAction":[{"@type":"ReadAction","target":["https:\/\/news.ecclesia.org.br\/?p=26268"]}]},{"@type":"BreadcrumbList","@id":"https:\/\/news.ecclesia.org.br\/?p=26268#breadcrumb","itemListElement":[{"@type":"ListItem","position":1,"name":"In\u00edcio","item":"https:\/\/news.ecclesia.org.br\/"},{"@type":"ListItem","position":2,"name":"Patriarca Ecum\u00eanico Bartolomeu I preside consagra\u00e7\u00e3o da nova Catedral Ortodoxa em Bucareste"}]},{"@type":"WebSite","@id":"https:\/\/news.ecclesia.org.br\/#website","url":"https:\/\/news.ecclesia.org.br\/","name":"Ecclesia Brasil","description":"Desde 2003 onectando o Brasil ao mundo ortodoxo!","publisher":{"@id":"https:\/\/news.ecclesia.org.br\/#organization"},"alternateName":"Ecclesia","potentialAction":[{"@type":"SearchAction","target":{"@type":"EntryPoint","urlTemplate":"https:\/\/news.ecclesia.org.br\/?s={search_term_string}"},"query-input":{"@type":"PropertyValueSpecification","valueRequired":true,"valueName":"search_term_string"}}],"inLanguage":"pt-BR"},{"@type":"Organization","@id":"https:\/\/news.ecclesia.org.br\/#organization","name":"Sacra Arquidiocese de Buenos Aires e Am\u00e9rica do Sul | Patriarcado Ecum\u00eanico","alternateName":"News Ecclesia Brasil","url":"https:\/\/news.ecclesia.org.br\/","logo":{"@type":"ImageObject","inLanguage":"pt-BR","@id":"https:\/\/news.ecclesia.org.br\/#\/schema\/logo\/image\/","url":"https:\/\/news.ecclesia.org.br\/wp-content\/uploads\/2025\/05\/ecclesia2.png","contentUrl":"https:\/\/news.ecclesia.org.br\/wp-content\/uploads\/2025\/05\/ecclesia2.png","width":480,"height":120,"caption":"Sacra Arquidiocese de Buenos Aires e Am\u00e9rica do Sul | Patriarcado Ecum\u00eanico"},"image":{"@id":"https:\/\/news.ecclesia.org.br\/#\/schema\/logo\/image\/"},"sameAs":["https:\/\/www.facebook.com\/Ecclesia2025","https:\/\/x.com\/EcclesiaNews","https:\/\/br.pinterest.com\/ekklisia\/","https:\/\/www.youtube.com\/@EcclesiaBrasil"]},{"@type":"Person","@id":"https:\/\/news.ecclesia.org.br\/#\/schema\/person\/6f09597f025829745ba414a569f63758","name":"Pe. Andr\u00e9","image":{"@type":"ImageObject","inLanguage":"pt-BR","@id":"https:\/\/secure.gravatar.com\/avatar\/b4327cfa27e9799da239a26adcd534fc29cdc0c4a4a148eecbcfeb9b42c617ac?s=96&d=mm&r=g","url":"https:\/\/secure.gravatar.com\/avatar\/b4327cfa27e9799da239a26adcd534fc29cdc0c4a4a148eecbcfeb9b42c617ac?s=96&d=mm&r=g","contentUrl":"https:\/\/secure.gravatar.com\/avatar\/b4327cfa27e9799da239a26adcd534fc29cdc0c4a4a148eecbcfeb9b42c617ac?s=96&d=mm&r=g","caption":"Pe. Andr\u00e9"},"sameAs":["https:\/\/www.ecclesia.org.br"]}]}},"_links":{"self":[{"href":"https:\/\/news.ecclesia.org.br\/index.php?rest_route=\/wp\/v2\/posts\/26268","targetHints":{"allow":["GET"]}}],"collection":[{"href":"https:\/\/news.ecclesia.org.br\/index.php?rest_route=\/wp\/v2\/posts"}],"about":[{"href":"https:\/\/news.ecclesia.org.br\/index.php?rest_route=\/wp\/v2\/types\/post"}],"author":[{"embeddable":true,"href":"https:\/\/news.ecclesia.org.br\/index.php?rest_route=\/wp\/v2\/users\/1"}],"replies":[{"embeddable":true,"href":"https:\/\/news.ecclesia.org.br\/index.php?rest_route=%2Fwp%2Fv2%2Fcomments&post=26268"}],"version-history":[{"count":1,"href":"https:\/\/news.ecclesia.org.br\/index.php?rest_route=\/wp\/v2\/posts\/26268\/revisions"}],"predecessor-version":[{"id":38636,"href":"https:\/\/news.ecclesia.org.br\/index.php?rest_route=\/wp\/v2\/posts\/26268\/revisions\/38636"}],"wp:attachment":[{"href":"https:\/\/news.ecclesia.org.br\/index.php?rest_route=%2Fwp%2Fv2%2Fmedia&parent=26268"}],"wp:term":[{"taxonomy":"category","embeddable":true,"href":"https:\/\/news.ecclesia.org.br\/index.php?rest_route=%2Fwp%2Fv2%2Fcategories&post=26268"},{"taxonomy":"post_tag","embeddable":true,"href":"https:\/\/news.ecclesia.org.br\/index.php?rest_route=%2Fwp%2Fv2%2Ftags&post=26268"}],"curies":[{"name":"wp","href":"https:\/\/api.w.org\/{rel}","templated":true}]}}