{"id":26242,"date":"2018-11-25T18:38:15","date_gmt":"2018-11-25T18:38:15","guid":{"rendered":"https:\/\/news.ecclesia.org.br\/?p=26242"},"modified":"2018-11-25T18:38:15","modified_gmt":"2018-11-25T18:38:15","slug":"por-tras-da-crise-ambiental-ha-uma-crise-espiritual-afirma-patriarca-bartolomeu","status":"publish","type":"post","link":"https:\/\/news.ecclesia.org.br\/?p=26242","title":{"rendered":"Por tr\u00e1s da crise ambiental h\u00e1 uma crise espiritual, afirma Patriarca Bartolomeu"},"content":{"rendered":"<p style=\"text-align: justify;\"><strong>&#8220;A crise ecol\u00f3gica n\u00e3o \u00e9 apenas um fato econ\u00f4mico, pol\u00edtico e nem mesmo tecnol\u00f3gico, mas revela principalmente uma crise teol\u00f3gica e espiritual&#8221;. \u00c9 isso que o Patriarca Bartolomeu ressalta em uma mensagem de v\u00eddeo aos participantes da confer\u00eancia ecum\u00eanica sobre a cust\u00f3dia da cria\u00e7\u00e3o que foi realizada em Mil\u00e3o.<\/strong><\/p>\n<p style=\"text-align: justify;\">A informa\u00e7\u00e3o foi publicada por L&#8217;Osservatore Romano, 22\/23-11-2018. A tradu\u00e7\u00e3o \u00e9 de Luisa Rabolini.<\/p>\n<p style=\"text-align: justify;\">O encontro, que durou tr\u00eas dias, terminou com uma ora\u00e7\u00e3o ecum\u00eanica na Bas\u00edlica de Santo Ambr\u00f3sio, durante o qual representantes de diferentes confiss\u00f5es renovaram o pedido de perd\u00e3o &#8220;pelo modo como abusamos da terra, desperdi\u00e7ando os seus recursos, reduzindo amplas \u00e1reas a aterro e deserto&#8221;.<\/p>\n<p style=\"text-align: justify;\"><strong>Intitulado &#8220;Teu cora\u00e7\u00e3o guardar\u00e1 meus mandamentos. <\/strong><\/p>\n<p style=\"text-align: justify;\">Uma cria\u00e7\u00e3o para proteger, por crentes respons\u00e1veis em resposta \u00e0 Palavra de Deus&#8221;, o encontro foi promovido pelo departamento para o ecumenismo do episcopado italiano em colabora\u00e7\u00e3o com a Federa\u00e7\u00e3o das Igrejas Evang\u00e9licas na It\u00e1lia, a Arquidiocese Ortodoxa da It\u00e1lia do Patriarcado Ecum\u00eanico, a Diocese copta-ortodoxa de S\u00e3o Jorge, a Igreja da Inglaterra e a Diocese ortodoxa romena. &#8220;N\u00f3s ignoramos a cria\u00e7\u00e3o &#8211; afirma em sua mensagem o Patriarca de Constantinopla &#8211; como um dom sagrado que nos foi dado por Deus do qual temos abusado, tratando a cria\u00e7\u00e3o como nossa propriedade, de acordo com os nossos desejos e n\u00e3o os de Deus, \u00e0s vezes n\u00e3o compartilhando com os outros, especialmente com os pobres&#8221;. E esse \u00e9 o motivo, foi ressaltado, que levou o Papa Francisco e o Patriarca Bartolomeu, desde sempre na vanguarda da defesa da cria\u00e7\u00e3o, a trabalhar juntos, a fim de &#8220;levar ao conhecimento o impacto das implica\u00e7\u00f5es da mudan\u00e7a clim\u00e1tica\u201d. De fato, &#8220;manipular e controlar os recursos limitados do planeta e nossa gan\u00e2ncia pelo lucro do mercado &#8211; defende o guia espiritual ortodoxo &#8211; nos alienaram do prop\u00f3sito inicial da cria\u00e7\u00e3o. N\u00e3o mais respeitamos a natureza como um dom a ser compartilhado, mas a consideramos uma posse particular&#8221;.<\/p>\n<p style=\"text-align: justify;\">Nessa perspectiva, o patriarca ecum\u00eanico convida os participantes do encontro e representantes das Igrejas crist\u00e3s na It\u00e1lia para enfrentar e resolver a crise ecol\u00f3gica juntos: &#8220;N\u00f3s devemos isso a Deus, \u00e0 nossa f\u00e9 e \u00e0 Igreja, mas tamb\u00e9m devemos isso aos nossos filhos, porque somos obrigados a lembrar que n\u00e3o s\u00f3 a presente, mas tamb\u00e9m as futuras gera\u00e7\u00f5es t\u00eam o direito de desfrutar da natureza das florestas que nos foram dadas pelo Criador\u201d.<\/p>\n<p style=\"text-align: justify;\">Sobre a necessidade de um compromisso comum tamb\u00e9m se manifestou o Bispo Presidente da Comiss\u00e3o para o ecumenismo e o di\u00e1logo, Ambrogio Spreafico, que destacou que &#8220;agora estamos ficando cada vez mais conscientes de que a justi\u00e7a social est\u00e1 intimamente ligada \u00e0 justi\u00e7a na cria\u00e7\u00e3o\u201d. De fato, acrescentou, &#8220;os 230 milh\u00f5es de migrantes clim\u00e1ticos previstos at\u00e9 2050 s\u00e3o o fruto do que n\u00f3s fizemos nas \u00faltimas d\u00e9cadas, uma insensata destrui\u00e7\u00e3o dos delicados equil\u00edbrios do clima e dos ecossistemas que j\u00e1 est\u00e1 nos afetando.&#8221; Para o arcebispo de Mil\u00e3o, Mario Delpini, as Igrejas pedem para n\u00e3o permanecermos &#8220;mais impass\u00edveis diante da crise ecol\u00f3gica&#8221;. Como crist\u00e3os, acrescentou, queremos praticar nossa responsabilidade e, portanto, responder ao Senhor e cumprir a miss\u00e3o de construir um novo mundo&#8221;.<\/p>\n<hr \/>\n<p style=\"text-align: right;\">Fonte: <a href=\"http:\/\/www.ihu.unisinos.br\/78-noticias\/584888-por-tras-da-crise-ambiental-ha-uma-crise-espiritual-afirma-patriarca-bartolomeu\" target=\"_blank\" rel=\"noopener\">IHU<\/a><\/p>\n","protected":false},"excerpt":{"rendered":"<p>&#8220;A crise ecol\u00f3gica n\u00e3o \u00e9 apenas um fato econ\u00f4mico, pol\u00edtico e nem mesmo tecnol\u00f3gico, mas revela principalmente uma crise teol\u00f3gica e espiritual&#8221;. \u00c9 isso que o Patriarca Bartolomeu ressalta em uma mensagem de v\u00eddeo aos participantes da confer\u00eancia ecum\u00eanica sobre&#8230;<\/p>\n","protected":false},"author":1,"featured_media":26243,"comment_status":"open","ping_status":"open","sticky":false,"template":"","format":"standard","meta":{"_acf_changed":false,"footnotes":""},"categories":[72],"tags":[],"class_list":["post-26242","post","type-post","status-publish","format-standard","has-post-thumbnail","hentry","category-patriarcado-ecumenico","entry","rows-excerpt"],"acf":[],"yoast_head":"<!-- This site is optimized with the Yoast SEO plugin v27.4 - https:\/\/yoast.com\/product\/yoast-seo-wordpress\/ -->\n<title>Por tr\u00e1s da crise ambiental h\u00e1 uma crise espiritual, afirma Patriarca Bartolomeu | ECCLESIA NEWS<\/title>\n<meta name=\"robots\" content=\"index, follow, max-snippet:-1, max-image-preview:large, max-video-preview:-1\" \/>\n<link rel=\"canonical\" href=\"https:\/\/news.ecclesia.org.br\/?p=26242\" \/>\n<meta property=\"og:locale\" content=\"pt_BR\" \/>\n<meta property=\"og:type\" content=\"article\" \/>\n<meta property=\"og:title\" content=\"Por tr\u00e1s da crise ambiental h\u00e1 uma crise espiritual, afirma Patriarca Bartolomeu | ECCLESIA NEWS\" \/>\n<meta property=\"og:description\" content=\"&#8220;A crise ecol\u00f3gica n\u00e3o \u00e9 apenas um fato econ\u00f4mico, pol\u00edtico e nem mesmo tecnol\u00f3gico, mas revela principalmente uma crise teol\u00f3gica e espiritual&#8221;. \u00c9 isso que o Patriarca Bartolomeu ressalta em uma mensagem de v\u00eddeo aos participantes da confer\u00eancia ecum\u00eanica sobre&#8230;\" \/>\n<meta property=\"og:url\" content=\"https:\/\/news.ecclesia.org.br\/?p=26242\" \/>\n<meta property=\"og:site_name\" content=\"ECCLESIA NEWS\" \/>\n<meta property=\"article:publisher\" content=\"https:\/\/www.facebook.com\/Ecclesia2025\" \/>\n<meta property=\"article:published_time\" content=\"2018-11-25T18:38:15+00:00\" \/>\n<meta property=\"og:image\" content=\"https:\/\/news.ecclesia.org.br\/wp-content\/uploads\/2018\/11\/19-04-2018-patriarca-bartolomeu-constantinopla.jpg\" \/>\n\t<meta property=\"og:image:width\" content=\"1200\" \/>\n\t<meta property=\"og:image:height\" content=\"400\" \/>\n\t<meta property=\"og:image:type\" content=\"image\/jpeg\" \/>\n<meta name=\"author\" content=\"Pe. Andr\u00e9\" \/>\n<meta name=\"twitter:card\" content=\"summary_large_image\" \/>\n<meta name=\"twitter:creator\" content=\"@EcclesiaNews\" \/>\n<meta name=\"twitter:site\" content=\"@EcclesiaNews\" \/>\n<meta name=\"twitter:label1\" content=\"Escrito por\" \/>\n\t<meta name=\"twitter:data1\" content=\"Pe. Andr\u00e9\" \/>\n\t<meta name=\"twitter:label2\" content=\"Est. tempo de leitura\" \/>\n\t<meta name=\"twitter:data2\" content=\"3 minutos\" \/>\n<script type=\"application\/ld+json\" class=\"yoast-schema-graph\">{\"@context\":\"https:\\\/\\\/schema.org\",\"@graph\":[{\"@type\":\"Article\",\"@id\":\"https:\\\/\\\/news.ecclesia.org.br\\\/?p=26242#article\",\"isPartOf\":{\"@id\":\"https:\\\/\\\/news.ecclesia.org.br\\\/?p=26242\"},\"author\":{\"name\":\"Pe. Andr\u00e9\",\"@id\":\"https:\\\/\\\/news.ecclesia.org.br\\\/#\\\/schema\\\/person\\\/6f09597f025829745ba414a569f63758\"},\"headline\":\"Por tr\u00e1s da crise ambiental h\u00e1 uma crise espiritual, afirma Patriarca Bartolomeu\",\"datePublished\":\"2018-11-25T18:38:15+00:00\",\"mainEntityOfPage\":{\"@id\":\"https:\\\/\\\/news.ecclesia.org.br\\\/?p=26242\"},\"wordCount\":593,\"commentCount\":0,\"publisher\":{\"@id\":\"https:\\\/\\\/news.ecclesia.org.br\\\/#organization\"},\"image\":{\"@id\":\"https:\\\/\\\/news.ecclesia.org.br\\\/?p=26242#primaryimage\"},\"thumbnailUrl\":\"https:\\\/\\\/news.ecclesia.org.br\\\/wp-content\\\/uploads\\\/2018\\\/11\\\/19-04-2018-patriarca-bartolomeu-constantinopla.jpg\",\"articleSection\":[\"Patriarcado Ecum\u00eanico\"],\"inLanguage\":\"pt-BR\",\"potentialAction\":[{\"@type\":\"CommentAction\",\"name\":\"Comment\",\"target\":[\"https:\\\/\\\/news.ecclesia.org.br\\\/?p=26242#respond\"]}]},{\"@type\":\"WebPage\",\"@id\":\"https:\\\/\\\/news.ecclesia.org.br\\\/?p=26242\",\"url\":\"https:\\\/\\\/news.ecclesia.org.br\\\/?p=26242\",\"name\":\"Por tr\u00e1s da crise ambiental h\u00e1 uma crise espiritual, afirma Patriarca Bartolomeu | ECCLESIA NEWS\",\"isPartOf\":{\"@id\":\"https:\\\/\\\/news.ecclesia.org.br\\\/#website\"},\"primaryImageOfPage\":{\"@id\":\"https:\\\/\\\/news.ecclesia.org.br\\\/?p=26242#primaryimage\"},\"image\":{\"@id\":\"https:\\\/\\\/news.ecclesia.org.br\\\/?p=26242#primaryimage\"},\"thumbnailUrl\":\"https:\\\/\\\/news.ecclesia.org.br\\\/wp-content\\\/uploads\\\/2018\\\/11\\\/19-04-2018-patriarca-bartolomeu-constantinopla.jpg\",\"datePublished\":\"2018-11-25T18:38:15+00:00\",\"breadcrumb\":{\"@id\":\"https:\\\/\\\/news.ecclesia.org.br\\\/?p=26242#breadcrumb\"},\"inLanguage\":\"pt-BR\",\"potentialAction\":[{\"@type\":\"ReadAction\",\"target\":[\"https:\\\/\\\/news.ecclesia.org.br\\\/?p=26242\"]}]},{\"@type\":\"ImageObject\",\"inLanguage\":\"pt-BR\",\"@id\":\"https:\\\/\\\/news.ecclesia.org.br\\\/?p=26242#primaryimage\",\"url\":\"https:\\\/\\\/news.ecclesia.org.br\\\/wp-content\\\/uploads\\\/2018\\\/11\\\/19-04-2018-patriarca-bartolomeu-constantinopla.jpg\",\"contentUrl\":\"https:\\\/\\\/news.ecclesia.org.br\\\/wp-content\\\/uploads\\\/2018\\\/11\\\/19-04-2018-patriarca-bartolomeu-constantinopla.jpg\",\"width\":1200,\"height\":400},{\"@type\":\"BreadcrumbList\",\"@id\":\"https:\\\/\\\/news.ecclesia.org.br\\\/?p=26242#breadcrumb\",\"itemListElement\":[{\"@type\":\"ListItem\",\"position\":1,\"name\":\"In\u00edcio\",\"item\":\"https:\\\/\\\/news.ecclesia.org.br\\\/\"},{\"@type\":\"ListItem\",\"position\":2,\"name\":\"Por tr\u00e1s da crise ambiental h\u00e1 uma crise espiritual, afirma Patriarca Bartolomeu\"}]},{\"@type\":\"WebSite\",\"@id\":\"https:\\\/\\\/news.ecclesia.org.br\\\/#website\",\"url\":\"https:\\\/\\\/news.ecclesia.org.br\\\/\",\"name\":\"Ecclesia Brasil\",\"description\":\"Desde 2003 onectando o Brasil ao mundo ortodoxo!\",\"publisher\":{\"@id\":\"https:\\\/\\\/news.ecclesia.org.br\\\/#organization\"},\"alternateName\":\"Ecclesia\",\"potentialAction\":[{\"@type\":\"SearchAction\",\"target\":{\"@type\":\"EntryPoint\",\"urlTemplate\":\"https:\\\/\\\/news.ecclesia.org.br\\\/?s={search_term_string}\"},\"query-input\":{\"@type\":\"PropertyValueSpecification\",\"valueRequired\":true,\"valueName\":\"search_term_string\"}}],\"inLanguage\":\"pt-BR\"},{\"@type\":\"Organization\",\"@id\":\"https:\\\/\\\/news.ecclesia.org.br\\\/#organization\",\"name\":\"Sacra Arquidiocese de Buenos Aires e Am\u00e9rica do Sul | Patriarcado Ecum\u00eanico\",\"alternateName\":\"News Ecclesia Brasil\",\"url\":\"https:\\\/\\\/news.ecclesia.org.br\\\/\",\"logo\":{\"@type\":\"ImageObject\",\"inLanguage\":\"pt-BR\",\"@id\":\"https:\\\/\\\/news.ecclesia.org.br\\\/#\\\/schema\\\/logo\\\/image\\\/\",\"url\":\"https:\\\/\\\/news.ecclesia.org.br\\\/wp-content\\\/uploads\\\/2025\\\/05\\\/ecclesia2.png\",\"contentUrl\":\"https:\\\/\\\/news.ecclesia.org.br\\\/wp-content\\\/uploads\\\/2025\\\/05\\\/ecclesia2.png\",\"width\":480,\"height\":120,\"caption\":\"Sacra Arquidiocese de Buenos Aires e Am\u00e9rica do Sul | Patriarcado Ecum\u00eanico\"},\"image\":{\"@id\":\"https:\\\/\\\/news.ecclesia.org.br\\\/#\\\/schema\\\/logo\\\/image\\\/\"},\"sameAs\":[\"https:\\\/\\\/www.facebook.com\\\/Ecclesia2025\",\"https:\\\/\\\/x.com\\\/EcclesiaNews\",\"https:\\\/\\\/br.pinterest.com\\\/ekklisia\\\/\",\"https:\\\/\\\/www.youtube.com\\\/@EcclesiaBrasil\"]},{\"@type\":\"Person\",\"@id\":\"https:\\\/\\\/news.ecclesia.org.br\\\/#\\\/schema\\\/person\\\/6f09597f025829745ba414a569f63758\",\"name\":\"Pe. Andr\u00e9\",\"image\":{\"@type\":\"ImageObject\",\"inLanguage\":\"pt-BR\",\"@id\":\"https:\\\/\\\/secure.gravatar.com\\\/avatar\\\/b4327cfa27e9799da239a26adcd534fc29cdc0c4a4a148eecbcfeb9b42c617ac?s=96&d=mm&r=g\",\"url\":\"https:\\\/\\\/secure.gravatar.com\\\/avatar\\\/b4327cfa27e9799da239a26adcd534fc29cdc0c4a4a148eecbcfeb9b42c617ac?s=96&d=mm&r=g\",\"contentUrl\":\"https:\\\/\\\/secure.gravatar.com\\\/avatar\\\/b4327cfa27e9799da239a26adcd534fc29cdc0c4a4a148eecbcfeb9b42c617ac?s=96&d=mm&r=g\",\"caption\":\"Pe. Andr\u00e9\"},\"sameAs\":[\"https:\\\/\\\/www.ecclesia.org.br\"]}]}<\/script>\n<!-- \/ Yoast SEO plugin. -->","yoast_head_json":{"title":"Por tr\u00e1s da crise ambiental h\u00e1 uma crise espiritual, afirma Patriarca Bartolomeu | ECCLESIA NEWS","robots":{"index":"index","follow":"follow","max-snippet":"max-snippet:-1","max-image-preview":"max-image-preview:large","max-video-preview":"max-video-preview:-1"},"canonical":"https:\/\/news.ecclesia.org.br\/?p=26242","og_locale":"pt_BR","og_type":"article","og_title":"Por tr\u00e1s da crise ambiental h\u00e1 uma crise espiritual, afirma Patriarca Bartolomeu | ECCLESIA NEWS","og_description":"&#8220;A crise ecol\u00f3gica n\u00e3o \u00e9 apenas um fato econ\u00f4mico, pol\u00edtico e nem mesmo tecnol\u00f3gico, mas revela principalmente uma crise teol\u00f3gica e espiritual&#8221;. \u00c9 isso que o Patriarca Bartolomeu ressalta em uma mensagem de v\u00eddeo aos participantes da confer\u00eancia ecum\u00eanica sobre&#8230;","og_url":"https:\/\/news.ecclesia.org.br\/?p=26242","og_site_name":"ECCLESIA NEWS","article_publisher":"https:\/\/www.facebook.com\/Ecclesia2025","article_published_time":"2018-11-25T18:38:15+00:00","og_image":[{"width":1200,"height":400,"url":"https:\/\/news.ecclesia.org.br\/wp-content\/uploads\/2018\/11\/19-04-2018-patriarca-bartolomeu-constantinopla.jpg","type":"image\/jpeg"}],"author":"Pe. Andr\u00e9","twitter_card":"summary_large_image","twitter_creator":"@EcclesiaNews","twitter_site":"@EcclesiaNews","twitter_misc":{"Escrito por":"Pe. Andr\u00e9","Est. tempo de leitura":"3 minutos"},"schema":{"@context":"https:\/\/schema.org","@graph":[{"@type":"Article","@id":"https:\/\/news.ecclesia.org.br\/?p=26242#article","isPartOf":{"@id":"https:\/\/news.ecclesia.org.br\/?p=26242"},"author":{"name":"Pe. Andr\u00e9","@id":"https:\/\/news.ecclesia.org.br\/#\/schema\/person\/6f09597f025829745ba414a569f63758"},"headline":"Por tr\u00e1s da crise ambiental h\u00e1 uma crise espiritual, afirma Patriarca Bartolomeu","datePublished":"2018-11-25T18:38:15+00:00","mainEntityOfPage":{"@id":"https:\/\/news.ecclesia.org.br\/?p=26242"},"wordCount":593,"commentCount":0,"publisher":{"@id":"https:\/\/news.ecclesia.org.br\/#organization"},"image":{"@id":"https:\/\/news.ecclesia.org.br\/?p=26242#primaryimage"},"thumbnailUrl":"https:\/\/news.ecclesia.org.br\/wp-content\/uploads\/2018\/11\/19-04-2018-patriarca-bartolomeu-constantinopla.jpg","articleSection":["Patriarcado Ecum\u00eanico"],"inLanguage":"pt-BR","potentialAction":[{"@type":"CommentAction","name":"Comment","target":["https:\/\/news.ecclesia.org.br\/?p=26242#respond"]}]},{"@type":"WebPage","@id":"https:\/\/news.ecclesia.org.br\/?p=26242","url":"https:\/\/news.ecclesia.org.br\/?p=26242","name":"Por tr\u00e1s da crise ambiental h\u00e1 uma crise espiritual, afirma Patriarca Bartolomeu | ECCLESIA NEWS","isPartOf":{"@id":"https:\/\/news.ecclesia.org.br\/#website"},"primaryImageOfPage":{"@id":"https:\/\/news.ecclesia.org.br\/?p=26242#primaryimage"},"image":{"@id":"https:\/\/news.ecclesia.org.br\/?p=26242#primaryimage"},"thumbnailUrl":"https:\/\/news.ecclesia.org.br\/wp-content\/uploads\/2018\/11\/19-04-2018-patriarca-bartolomeu-constantinopla.jpg","datePublished":"2018-11-25T18:38:15+00:00","breadcrumb":{"@id":"https:\/\/news.ecclesia.org.br\/?p=26242#breadcrumb"},"inLanguage":"pt-BR","potentialAction":[{"@type":"ReadAction","target":["https:\/\/news.ecclesia.org.br\/?p=26242"]}]},{"@type":"ImageObject","inLanguage":"pt-BR","@id":"https:\/\/news.ecclesia.org.br\/?p=26242#primaryimage","url":"https:\/\/news.ecclesia.org.br\/wp-content\/uploads\/2018\/11\/19-04-2018-patriarca-bartolomeu-constantinopla.jpg","contentUrl":"https:\/\/news.ecclesia.org.br\/wp-content\/uploads\/2018\/11\/19-04-2018-patriarca-bartolomeu-constantinopla.jpg","width":1200,"height":400},{"@type":"BreadcrumbList","@id":"https:\/\/news.ecclesia.org.br\/?p=26242#breadcrumb","itemListElement":[{"@type":"ListItem","position":1,"name":"In\u00edcio","item":"https:\/\/news.ecclesia.org.br\/"},{"@type":"ListItem","position":2,"name":"Por tr\u00e1s da crise ambiental h\u00e1 uma crise espiritual, afirma Patriarca Bartolomeu"}]},{"@type":"WebSite","@id":"https:\/\/news.ecclesia.org.br\/#website","url":"https:\/\/news.ecclesia.org.br\/","name":"Ecclesia Brasil","description":"Desde 2003 onectando o Brasil ao mundo ortodoxo!","publisher":{"@id":"https:\/\/news.ecclesia.org.br\/#organization"},"alternateName":"Ecclesia","potentialAction":[{"@type":"SearchAction","target":{"@type":"EntryPoint","urlTemplate":"https:\/\/news.ecclesia.org.br\/?s={search_term_string}"},"query-input":{"@type":"PropertyValueSpecification","valueRequired":true,"valueName":"search_term_string"}}],"inLanguage":"pt-BR"},{"@type":"Organization","@id":"https:\/\/news.ecclesia.org.br\/#organization","name":"Sacra Arquidiocese de Buenos Aires e Am\u00e9rica do Sul | Patriarcado Ecum\u00eanico","alternateName":"News Ecclesia Brasil","url":"https:\/\/news.ecclesia.org.br\/","logo":{"@type":"ImageObject","inLanguage":"pt-BR","@id":"https:\/\/news.ecclesia.org.br\/#\/schema\/logo\/image\/","url":"https:\/\/news.ecclesia.org.br\/wp-content\/uploads\/2025\/05\/ecclesia2.png","contentUrl":"https:\/\/news.ecclesia.org.br\/wp-content\/uploads\/2025\/05\/ecclesia2.png","width":480,"height":120,"caption":"Sacra Arquidiocese de Buenos Aires e Am\u00e9rica do Sul | Patriarcado Ecum\u00eanico"},"image":{"@id":"https:\/\/news.ecclesia.org.br\/#\/schema\/logo\/image\/"},"sameAs":["https:\/\/www.facebook.com\/Ecclesia2025","https:\/\/x.com\/EcclesiaNews","https:\/\/br.pinterest.com\/ekklisia\/","https:\/\/www.youtube.com\/@EcclesiaBrasil"]},{"@type":"Person","@id":"https:\/\/news.ecclesia.org.br\/#\/schema\/person\/6f09597f025829745ba414a569f63758","name":"Pe. Andr\u00e9","image":{"@type":"ImageObject","inLanguage":"pt-BR","@id":"https:\/\/secure.gravatar.com\/avatar\/b4327cfa27e9799da239a26adcd534fc29cdc0c4a4a148eecbcfeb9b42c617ac?s=96&d=mm&r=g","url":"https:\/\/secure.gravatar.com\/avatar\/b4327cfa27e9799da239a26adcd534fc29cdc0c4a4a148eecbcfeb9b42c617ac?s=96&d=mm&r=g","contentUrl":"https:\/\/secure.gravatar.com\/avatar\/b4327cfa27e9799da239a26adcd534fc29cdc0c4a4a148eecbcfeb9b42c617ac?s=96&d=mm&r=g","caption":"Pe. Andr\u00e9"},"sameAs":["https:\/\/www.ecclesia.org.br"]}]}},"_links":{"self":[{"href":"https:\/\/news.ecclesia.org.br\/index.php?rest_route=\/wp\/v2\/posts\/26242","targetHints":{"allow":["GET"]}}],"collection":[{"href":"https:\/\/news.ecclesia.org.br\/index.php?rest_route=\/wp\/v2\/posts"}],"about":[{"href":"https:\/\/news.ecclesia.org.br\/index.php?rest_route=\/wp\/v2\/types\/post"}],"author":[{"embeddable":true,"href":"https:\/\/news.ecclesia.org.br\/index.php?rest_route=\/wp\/v2\/users\/1"}],"replies":[{"embeddable":true,"href":"https:\/\/news.ecclesia.org.br\/index.php?rest_route=%2Fwp%2Fv2%2Fcomments&post=26242"}],"version-history":[{"count":0,"href":"https:\/\/news.ecclesia.org.br\/index.php?rest_route=\/wp\/v2\/posts\/26242\/revisions"}],"wp:featuredmedia":[{"embeddable":true,"href":"https:\/\/news.ecclesia.org.br\/index.php?rest_route=\/wp\/v2\/media\/26243"}],"wp:attachment":[{"href":"https:\/\/news.ecclesia.org.br\/index.php?rest_route=%2Fwp%2Fv2%2Fmedia&parent=26242"}],"wp:term":[{"taxonomy":"category","embeddable":true,"href":"https:\/\/news.ecclesia.org.br\/index.php?rest_route=%2Fwp%2Fv2%2Fcategories&post=26242"},{"taxonomy":"post_tag","embeddable":true,"href":"https:\/\/news.ecclesia.org.br\/index.php?rest_route=%2Fwp%2Fv2%2Ftags&post=26242"}],"curies":[{"name":"wp","href":"https:\/\/api.w.org\/{rel}","templated":true}]}}