{"id":26214,"date":"2018-11-01T21:31:54","date_gmt":"2018-11-01T21:31:54","guid":{"rendered":"https:\/\/news.ecclesia.org.br\/?p=26214"},"modified":"2021-08-03T20:01:50","modified_gmt":"2021-08-03T23:01:50","slug":"plenaria-anual-da-comissao-internacional-para-o-dialogo-teologico-anglicano-ortodoxo","status":"publish","type":"post","link":"https:\/\/news.ecclesia.org.br\/?p=26214","title":{"rendered":"Plen\u00e1ria Anual da Comiss\u00e3o Internacional para o Di\u00e1logo Teol\u00f3gico Anglicano-Ortodoxo"},"content":{"rendered":"<p style=\"text-align: justify;\"><a href=\"https:\/\/news.ecclesia.org.br\/wp-content\/uploads\/2018\/11\/Anglican-Orthodox.jpg\"><img fetchpriority=\"high\" decoding=\"async\" class=\"alignleft size-medium wp-image-26215\" src=\"https:\/\/news.ecclesia.org.br\/wp-content\/uploads\/2018\/11\/Anglican-Orthodox-300x174.jpg\" alt=\"\" width=\"300\" height=\"174\" srcset=\"https:\/\/news.ecclesia.org.br\/wp-content\/uploads\/2018\/11\/Anglican-Orthodox-300x174.jpg 300w, https:\/\/news.ecclesia.org.br\/wp-content\/uploads\/2018\/11\/Anglican-Orthodox-600x348.jpg 600w, https:\/\/news.ecclesia.org.br\/wp-content\/uploads\/2018\/11\/Anglican-Orthodox-95x55.jpg 95w, https:\/\/news.ecclesia.org.br\/wp-content\/uploads\/2018\/11\/Anglican-Orthodox.jpg 655w\" sizes=\"(max-width: 300px) 100vw, 300px\" \/><\/a>Realizou-se em Chipre, de 13 e 20 de outubro de 2018, a Plen\u00e1ria Anual da Comiss\u00e3o Internacional para o Di\u00e1logo Teol\u00f3gico Anglicano-Ortodoxo. Por esta ocasi\u00e3o, publicou-se o seguinte Comunicado oficial:<\/p>\n<blockquote>\n<p style=\"text-align: justify;\">Em nome do Deus Tri\u00fano, e com a b\u00ean\u00e7\u00e3o e orienta\u00e7\u00e3o de nossas Igrejas, a Comiss\u00e3o Internacional para o Di\u00e1logo Teol\u00f3gico Anglicano-Ortodoxo se reuniu em Larnaca, Chipre, de 13 a 20 de outubro de 2018 para prosseguir na considera\u00e7\u00e3o das quest\u00f5es ecol\u00f3gicas e acerca do fim da vida. A reuni\u00e3o foi organizada por Sua Emin\u00eancia Metropolita Chrysostomos de Kition em nome da Igreja de Chipre. A Comiss\u00e3o est\u00e1 profundamente grata pela generosa e calorosa hospitalidade de Sua Emin\u00eancia.<\/p>\n<p style=\"text-align: justify;\">Como sempre, o trabalho da Comiss\u00e3o foi fortalecido pela ora\u00e7\u00e3o di\u00e1ria e adora\u00e7\u00e3o. A Comiss\u00e3o participou da Eucaristia Dominical na Catedral Anglicana de S\u00e3o Paulo, Nic\u00f3sia, uma celebra\u00e7\u00e3o da Divina Liturgia na Catedral da Igreja de S\u00e3o L\u00e1zaro, Larnaca e das Grandes V\u00e9speras da Festa de S\u00e3o Lucas, na Igreja de S\u00e3o Lucas, padroeiro de Aradippou.<\/p>\n<p style=\"text-align: justify;\">A Comiss\u00e3o foi aben\u00e7oada por visitas a locais sagrados e rel\u00edquias, incluindo a Igreja de Angeloktisti, Kiti, Larnaca e o Museu Bizantino, Arcebispo Makarios III, Nicosia, e a Igreja da Santa Cruz em Pano Lefkara.<\/p>\n<p style=\"text-align: justify;\">A Comiss\u00e3o continuou a desenvolver seu trabalho sobre a compreens\u00e3o teol\u00f3gica da pessoa humana, de acordo com os princ\u00edpios em sua declara\u00e7\u00e3o concordada na imagem e semelhan\u00e7a de Deus: uma antropologia cheia de esperan\u00e7a (Buffalo 2015). O foco deste ano foi aprofundar seu trabalho sobre as implica\u00e7\u00f5es pr\u00e1ticas da <em>Declara\u00e7\u00e3o de Buffalo<\/em>, para as quest\u00f5es complexas e prementes que envolvem o meio ambiente e a ecologia, bem como o fim da vida humana.<\/p>\n<p style=\"text-align: justify;\">Conforme acordado em Malta em 2017, os primeiros rascunhos de duas declara\u00e7\u00f5es acordadas que abordaram essas quest\u00f5es foram preparados por dois membros e revisados \u200b\u200bpor um pequeno grupo de redatores que se reuniu na escola teol\u00f3gica na ilha sagrada de Halki, Turquia, em junho de 2018. Um esbo\u00e7o sobre o meio ambiente, Cuidadores da Cria\u00e7\u00e3o: Uma Ecologia cheia de esperan\u00e7a, foi discutido em sess\u00f5es plen\u00e1rias onde outras reflex\u00f5es cr\u00edticas se seguiram de maneira construtiva. A Comiss\u00e3o ficou satisfeita por encontrar uma converg\u00eancia substancial em nossos pontos de vista sobre o cuidado com a cria\u00e7\u00e3o, bem como as oportunidades de a\u00e7\u00e3o conjunta. Considera\u00e7\u00e3o preliminar foi dada ao projeto de declara\u00e7\u00e3o sobre o fim da vida humana, a eutan\u00e1sia: a abordagem crist\u00e3 da vida e da morte.<\/p>\n<p style=\"text-align: justify;\">A Comiss\u00e3o entristeceu-se ao ouvir falar da dor e do sofrimento causados \u200b\u200bpela ocupa\u00e7\u00e3o do norte de Chipre e rezou por uma resolu\u00e7\u00e3o r\u00e1pida, justa e pac\u00edfica para esta situa\u00e7\u00e3o. Os membros da comiss\u00e3o tamb\u00e9m oraram pela sa\u00fade de Sua Beatitude, Arcebispo Chrysostomos, do Chipre, que foi hospitalizado para tratamento m\u00e9dico durante a semana da reuni\u00e3o.<\/p>\n<p style=\"text-align: justify;\">Os membros da Comiss\u00e3o foram recebidos com gentileza pelos crist\u00e3os locais, de acordo com a hospitalidade tradicional. Os membros visitaram a Prefeitura de Aradippou e o Museu Folcl\u00f3rico, seguidos de um jantar oferecido pelo prefeito. A Comiss\u00e3o participou de um festival cultural em Aradippou ap\u00f3s as Grandes V\u00e9speras de S\u00e3o Lucas e visitou a aldeia de Pano Lefkara. Sua Emin\u00eancia Metropolita Chrysostomos de Kition, organizou um jantar no Centro Cultural de S\u00e3o Jorge.<\/p>\n<p style=\"text-align: justify;\">O trabalho da Comiss\u00e3o continuar\u00e1 em sua pr\u00f3xima reuni\u00e3o em outubro de 2019, organizada pela Comunh\u00e3o Anglicana em Canterbury.<\/p>\n<\/blockquote>\n<p style=\"text-align: center;\">Rev.mo Dr. Richard Clarke, Armagh<br \/>\nCo-Chairman Anglicano<\/p>\n<p style=\"text-align: center;\">S. E. Aten\u00e1goras (Patriarcado Ecum\u00eanico)<br \/>\nMetropolita da B\u00e9lgica<br \/>\nCo-Presidente Ortodoxo<\/p>\n<h3 style=\"text-align: center;\">Representantes da Igreja Ortodoxa:<\/h3>\n<p style=\"text-align: center;\">S. E. Serafim (Patriarcado de Alexandria)<br \/>\nMetropolita do Zimb\u00e1bue<\/p>\n<p style=\"text-align: center;\">Rev.mo Pe. Jonathan A. Hemmings (Patriarcado de Antioquia)<\/p>\n<p style=\"text-align: center;\">Rev.mo Professor Dr. Protopresb\u00edtero George Dion Dragas (Patriarcado de Jerusal\u00e9m)<\/p>\n<p style=\"text-align: center;\">Professor Dr. Bogdan Lubardic (Patriarcado da S\u00e9rvia)<\/p>\n<p style=\"text-align: center;\">S.E. Nifon (Patriarcado da Rom\u00eania)<br \/>\nMetropolita de T\u00e2rgovi\u015fte<\/p>\n<p style=\"text-align: center;\">Rev.mo Professor Dr. Protopresb\u00edtero Giorgi Zviadadze (Patriarcado da Ge\u00f3rgia)<\/p>\n<p style=\"text-align: center;\">S. E. Chrysostomos (Igreja de Chipre)<br \/>\nMetropolita de Kition<\/p>\n<p style=\"text-align: center;\">Professor Dr. Miltiadis Konstantinou (Igreja da Gr\u00e9cia)<\/p>\n<p style=\"text-align: center;\">Professor Nathan Hoppe (Igreja da Alb\u00e2nia)<\/p>\n<p style=\"text-align: center;\">Rev.do Dr. Christos B, Christakis (Patriarcado Ecum\u00eanico)<br \/>\nCo-Secret\u00e1rio<\/p>\n<h3 style=\"text-align: center;\">Membros impossibilitados de participar:<\/h3>\n<p style=\"text-align: center;\">O Rev. Dr. Valentin Vassechko (Patriarcado de Moscou)<\/p>\n<p style=\"text-align: center;\">S. E. Ilia (Igreja da Alb\u00e2nia)<br \/>\nBispo de Filom\u00e9lica<\/p>\n<h3 style=\"text-align: center;\">Representantes da Comunh\u00e3o Anglicana:<\/h3>\n<p style=\"text-align: center;\">Rev.mo Dr. Phillip Aspinall (Igreja Anglicana da Austr\u00e1lia)<\/p>\n<p style=\"text-align: center;\">Rev.do Dr. Humberto Maiztegui Gon\u00e7alves (Igreja Episcopal Anglicana do Brasil)<\/p>\n<p style=\"text-align: center;\">Rev.do Graham Usher (Igreja da Inglaterra)<\/p>\n<p style=\"text-align: center;\">Rev.do C\u00e2none Dr. Alison Joyce (Igreja da Inglaterra)<\/p>\n<p style=\"text-align: center;\">Rev.do Dr. Sarah Rowland Jones (Igreja no Pa\u00eds de Gales)<\/p>\n<p style=\"text-align: center;\">Rev.do C\u00e2none Philip Hobson OGS (Igreja Anglicana no Canad\u00e1)<\/p>\n<p style=\"text-align: center;\">Rev.do Michael Lewis (Igreja Episcopal em Jerusal\u00e9m e no Oriente M\u00e9dio)<\/p>\n<p style=\"text-align: center;\">Rev.do C\u00e2none Hosam Naoum (Igreja Episcopal em Jerusal\u00e9m e no Oriente M\u00e9dio)<\/p>\n<p style=\"text-align: center;\">O Rev.do C\u00e2none Dr. John Gibaut, Co-Secret\u00e1rio<\/p>\n<p style=\"text-align: center;\">Rev.do Neil Vigers, (Comunh\u00e3o Anglicana)<\/p>\n<h3 style=\"text-align: center;\">Membros impossibilitados de comparecer:<\/h3>\n<p style=\"text-align: center;\">Rev.do Rowan Williams<br \/>\nRepresentante do Arcebispo de Canterbury<\/p>\n<p style=\"text-align: center;\">Rev.do Marc Billimoria (Igreja do Ceil\u00e3o)<\/p>\n<p style=\"text-align: center;\">O Revd Gcebile Phumzile Gina (Igreja Anglicana da \u00c1frica Austral)<\/p>\n<hr \/>\n<p style=\"text-align: right;\">Fonte: <a href=\"https:\/\/www.ecupatria.org\/2018\/10\/25\/annual-plenary-of-the-international-commission-for-anglican-orthodox-theological-dialogue\/#more-998\" target=\"_blank\" rel=\"noopener\">Patriarcado Ecum\u00eanico<\/a><\/p>\n","protected":false},"excerpt":{"rendered":"<p>Realizou-se em Chipre, de 13 e 20 de outubro de 2018, a Plen\u00e1ria Anual da Comiss\u00e3o Internacional para o Di\u00e1logo Teol\u00f3gico Anglicano-Ortodoxo. Por esta ocasi\u00e3o, publicou-se o seguinte Comunicado oficial: Em nome do Deus Tri\u00fano, e com a b\u00ean\u00e7\u00e3o e&#8230;<\/p>\n","protected":false},"author":1,"featured_media":0,"comment_status":"open","ping_status":"open","sticky":false,"template":"","format":"standard","meta":{"_acf_changed":false,"footnotes":""},"categories":[1],"tags":[],"class_list":["post-26214","post","type-post","status-publish","format-standard","hentry","category-news","entry","rows-excerpt"],"acf":[],"yoast_head":"<!-- This site is optimized with the Yoast SEO plugin v27.4 - https:\/\/yoast.com\/product\/yoast-seo-wordpress\/ -->\n<title>Plen\u00e1ria Anual da Comiss\u00e3o Internacional para o Di\u00e1logo Teol\u00f3gico Anglicano-Ortodoxo | ECCLESIA NEWS<\/title>\n<meta name=\"robots\" content=\"index, follow, max-snippet:-1, max-image-preview:large, max-video-preview:-1\" \/>\n<link rel=\"canonical\" href=\"https:\/\/news.ecclesia.org.br\/?p=26214\" \/>\n<meta property=\"og:locale\" content=\"pt_BR\" \/>\n<meta property=\"og:type\" content=\"article\" \/>\n<meta property=\"og:title\" content=\"Plen\u00e1ria Anual da Comiss\u00e3o Internacional para o Di\u00e1logo Teol\u00f3gico Anglicano-Ortodoxo | ECCLESIA NEWS\" \/>\n<meta property=\"og:description\" content=\"Realizou-se em Chipre, de 13 e 20 de outubro de 2018, a Plen\u00e1ria Anual da Comiss\u00e3o Internacional para o Di\u00e1logo Teol\u00f3gico Anglicano-Ortodoxo. Por esta ocasi\u00e3o, publicou-se o seguinte Comunicado oficial: Em nome do Deus Tri\u00fano, e com a b\u00ean\u00e7\u00e3o e&#8230;\" \/>\n<meta property=\"og:url\" content=\"https:\/\/news.ecclesia.org.br\/?p=26214\" \/>\n<meta property=\"og:site_name\" content=\"ECCLESIA NEWS\" \/>\n<meta property=\"article:publisher\" content=\"https:\/\/www.facebook.com\/Ecclesia2025\" \/>\n<meta property=\"article:published_time\" content=\"2018-11-01T21:31:54+00:00\" \/>\n<meta property=\"article:modified_time\" content=\"2021-08-03T23:01:50+00:00\" \/>\n<meta property=\"og:image\" content=\"https:\/\/news.ecclesia.org.br\/wp-content\/uploads\/2018\/11\/Anglican-Orthodox-300x174.jpg\" \/>\n<meta name=\"author\" content=\"Pe. Andr\u00e9\" \/>\n<meta name=\"twitter:card\" content=\"summary_large_image\" \/>\n<meta name=\"twitter:creator\" content=\"@EcclesiaNews\" \/>\n<meta name=\"twitter:site\" content=\"@EcclesiaNews\" \/>\n<meta name=\"twitter:label1\" content=\"Escrito por\" \/>\n\t<meta name=\"twitter:data1\" content=\"Pe. Andr\u00e9\" \/>\n\t<meta name=\"twitter:label2\" content=\"Est. tempo de leitura\" \/>\n\t<meta name=\"twitter:data2\" content=\"5 minutos\" \/>\n<script type=\"application\/ld+json\" class=\"yoast-schema-graph\">{\"@context\":\"https:\\\/\\\/schema.org\",\"@graph\":[{\"@type\":\"Article\",\"@id\":\"https:\\\/\\\/news.ecclesia.org.br\\\/?p=26214#article\",\"isPartOf\":{\"@id\":\"https:\\\/\\\/news.ecclesia.org.br\\\/?p=26214\"},\"author\":{\"name\":\"Pe. Andr\u00e9\",\"@id\":\"https:\\\/\\\/news.ecclesia.org.br\\\/#\\\/schema\\\/person\\\/6f09597f025829745ba414a569f63758\"},\"headline\":\"Plen\u00e1ria Anual da Comiss\u00e3o Internacional para o Di\u00e1logo Teol\u00f3gico Anglicano-Ortodoxo\",\"datePublished\":\"2018-11-01T21:31:54+00:00\",\"dateModified\":\"2021-08-03T23:01:50+00:00\",\"mainEntityOfPage\":{\"@id\":\"https:\\\/\\\/news.ecclesia.org.br\\\/?p=26214\"},\"wordCount\":932,\"commentCount\":0,\"publisher\":{\"@id\":\"https:\\\/\\\/news.ecclesia.org.br\\\/#organization\"},\"image\":{\"@id\":\"https:\\\/\\\/news.ecclesia.org.br\\\/?p=26214#primaryimage\"},\"thumbnailUrl\":\"https:\\\/\\\/news.ecclesia.org.br\\\/wp-content\\\/uploads\\\/2018\\\/11\\\/Anglican-Orthodox-300x174.jpg\",\"articleSection\":[\"NEWS\"],\"inLanguage\":\"pt-BR\",\"potentialAction\":[{\"@type\":\"CommentAction\",\"name\":\"Comment\",\"target\":[\"https:\\\/\\\/news.ecclesia.org.br\\\/?p=26214#respond\"]}]},{\"@type\":\"WebPage\",\"@id\":\"https:\\\/\\\/news.ecclesia.org.br\\\/?p=26214\",\"url\":\"https:\\\/\\\/news.ecclesia.org.br\\\/?p=26214\",\"name\":\"Plen\u00e1ria Anual da Comiss\u00e3o Internacional para o Di\u00e1logo Teol\u00f3gico Anglicano-Ortodoxo | ECCLESIA NEWS\",\"isPartOf\":{\"@id\":\"https:\\\/\\\/news.ecclesia.org.br\\\/#website\"},\"primaryImageOfPage\":{\"@id\":\"https:\\\/\\\/news.ecclesia.org.br\\\/?p=26214#primaryimage\"},\"image\":{\"@id\":\"https:\\\/\\\/news.ecclesia.org.br\\\/?p=26214#primaryimage\"},\"thumbnailUrl\":\"https:\\\/\\\/news.ecclesia.org.br\\\/wp-content\\\/uploads\\\/2018\\\/11\\\/Anglican-Orthodox-300x174.jpg\",\"datePublished\":\"2018-11-01T21:31:54+00:00\",\"dateModified\":\"2021-08-03T23:01:50+00:00\",\"breadcrumb\":{\"@id\":\"https:\\\/\\\/news.ecclesia.org.br\\\/?p=26214#breadcrumb\"},\"inLanguage\":\"pt-BR\",\"potentialAction\":[{\"@type\":\"ReadAction\",\"target\":[\"https:\\\/\\\/news.ecclesia.org.br\\\/?p=26214\"]}]},{\"@type\":\"ImageObject\",\"inLanguage\":\"pt-BR\",\"@id\":\"https:\\\/\\\/news.ecclesia.org.br\\\/?p=26214#primaryimage\",\"url\":\"https:\\\/\\\/news.ecclesia.org.br\\\/wp-content\\\/uploads\\\/2018\\\/11\\\/Anglican-Orthodox.jpg\",\"contentUrl\":\"https:\\\/\\\/news.ecclesia.org.br\\\/wp-content\\\/uploads\\\/2018\\\/11\\\/Anglican-Orthodox.jpg\",\"width\":655,\"height\":380},{\"@type\":\"BreadcrumbList\",\"@id\":\"https:\\\/\\\/news.ecclesia.org.br\\\/?p=26214#breadcrumb\",\"itemListElement\":[{\"@type\":\"ListItem\",\"position\":1,\"name\":\"In\u00edcio\",\"item\":\"https:\\\/\\\/news.ecclesia.org.br\\\/\"},{\"@type\":\"ListItem\",\"position\":2,\"name\":\"Plen\u00e1ria Anual da Comiss\u00e3o Internacional para o Di\u00e1logo Teol\u00f3gico Anglicano-Ortodoxo\"}]},{\"@type\":\"WebSite\",\"@id\":\"https:\\\/\\\/news.ecclesia.org.br\\\/#website\",\"url\":\"https:\\\/\\\/news.ecclesia.org.br\\\/\",\"name\":\"Ecclesia Brasil\",\"description\":\"Desde 2003 onectando o Brasil ao mundo ortodoxo!\",\"publisher\":{\"@id\":\"https:\\\/\\\/news.ecclesia.org.br\\\/#organization\"},\"alternateName\":\"Ecclesia\",\"potentialAction\":[{\"@type\":\"SearchAction\",\"target\":{\"@type\":\"EntryPoint\",\"urlTemplate\":\"https:\\\/\\\/news.ecclesia.org.br\\\/?s={search_term_string}\"},\"query-input\":{\"@type\":\"PropertyValueSpecification\",\"valueRequired\":true,\"valueName\":\"search_term_string\"}}],\"inLanguage\":\"pt-BR\"},{\"@type\":\"Organization\",\"@id\":\"https:\\\/\\\/news.ecclesia.org.br\\\/#organization\",\"name\":\"Sacra Arquidiocese de Buenos Aires e Am\u00e9rica do Sul | Patriarcado Ecum\u00eanico\",\"alternateName\":\"News Ecclesia Brasil\",\"url\":\"https:\\\/\\\/news.ecclesia.org.br\\\/\",\"logo\":{\"@type\":\"ImageObject\",\"inLanguage\":\"pt-BR\",\"@id\":\"https:\\\/\\\/news.ecclesia.org.br\\\/#\\\/schema\\\/logo\\\/image\\\/\",\"url\":\"https:\\\/\\\/news.ecclesia.org.br\\\/wp-content\\\/uploads\\\/2025\\\/05\\\/ecclesia2.png\",\"contentUrl\":\"https:\\\/\\\/news.ecclesia.org.br\\\/wp-content\\\/uploads\\\/2025\\\/05\\\/ecclesia2.png\",\"width\":480,\"height\":120,\"caption\":\"Sacra Arquidiocese de Buenos Aires e Am\u00e9rica do Sul | Patriarcado Ecum\u00eanico\"},\"image\":{\"@id\":\"https:\\\/\\\/news.ecclesia.org.br\\\/#\\\/schema\\\/logo\\\/image\\\/\"},\"sameAs\":[\"https:\\\/\\\/www.facebook.com\\\/Ecclesia2025\",\"https:\\\/\\\/x.com\\\/EcclesiaNews\",\"https:\\\/\\\/br.pinterest.com\\\/ekklisia\\\/\",\"https:\\\/\\\/www.youtube.com\\\/@EcclesiaBrasil\"]},{\"@type\":\"Person\",\"@id\":\"https:\\\/\\\/news.ecclesia.org.br\\\/#\\\/schema\\\/person\\\/6f09597f025829745ba414a569f63758\",\"name\":\"Pe. Andr\u00e9\",\"image\":{\"@type\":\"ImageObject\",\"inLanguage\":\"pt-BR\",\"@id\":\"https:\\\/\\\/secure.gravatar.com\\\/avatar\\\/b4327cfa27e9799da239a26adcd534fc29cdc0c4a4a148eecbcfeb9b42c617ac?s=96&d=mm&r=g\",\"url\":\"https:\\\/\\\/secure.gravatar.com\\\/avatar\\\/b4327cfa27e9799da239a26adcd534fc29cdc0c4a4a148eecbcfeb9b42c617ac?s=96&d=mm&r=g\",\"contentUrl\":\"https:\\\/\\\/secure.gravatar.com\\\/avatar\\\/b4327cfa27e9799da239a26adcd534fc29cdc0c4a4a148eecbcfeb9b42c617ac?s=96&d=mm&r=g\",\"caption\":\"Pe. Andr\u00e9\"},\"sameAs\":[\"https:\\\/\\\/www.ecclesia.org.br\"]}]}<\/script>\n<!-- \/ Yoast SEO plugin. -->","yoast_head_json":{"title":"Plen\u00e1ria Anual da Comiss\u00e3o Internacional para o Di\u00e1logo Teol\u00f3gico Anglicano-Ortodoxo | ECCLESIA NEWS","robots":{"index":"index","follow":"follow","max-snippet":"max-snippet:-1","max-image-preview":"max-image-preview:large","max-video-preview":"max-video-preview:-1"},"canonical":"https:\/\/news.ecclesia.org.br\/?p=26214","og_locale":"pt_BR","og_type":"article","og_title":"Plen\u00e1ria Anual da Comiss\u00e3o Internacional para o Di\u00e1logo Teol\u00f3gico Anglicano-Ortodoxo | ECCLESIA NEWS","og_description":"Realizou-se em Chipre, de 13 e 20 de outubro de 2018, a Plen\u00e1ria Anual da Comiss\u00e3o Internacional para o Di\u00e1logo Teol\u00f3gico Anglicano-Ortodoxo. Por esta ocasi\u00e3o, publicou-se o seguinte Comunicado oficial: Em nome do Deus Tri\u00fano, e com a b\u00ean\u00e7\u00e3o e&#8230;","og_url":"https:\/\/news.ecclesia.org.br\/?p=26214","og_site_name":"ECCLESIA NEWS","article_publisher":"https:\/\/www.facebook.com\/Ecclesia2025","article_published_time":"2018-11-01T21:31:54+00:00","article_modified_time":"2021-08-03T23:01:50+00:00","og_image":[{"url":"https:\/\/news.ecclesia.org.br\/wp-content\/uploads\/2018\/11\/Anglican-Orthodox-300x174.jpg","type":"","width":"","height":""}],"author":"Pe. Andr\u00e9","twitter_card":"summary_large_image","twitter_creator":"@EcclesiaNews","twitter_site":"@EcclesiaNews","twitter_misc":{"Escrito por":"Pe. Andr\u00e9","Est. tempo de leitura":"5 minutos"},"schema":{"@context":"https:\/\/schema.org","@graph":[{"@type":"Article","@id":"https:\/\/news.ecclesia.org.br\/?p=26214#article","isPartOf":{"@id":"https:\/\/news.ecclesia.org.br\/?p=26214"},"author":{"name":"Pe. Andr\u00e9","@id":"https:\/\/news.ecclesia.org.br\/#\/schema\/person\/6f09597f025829745ba414a569f63758"},"headline":"Plen\u00e1ria Anual da Comiss\u00e3o Internacional para o Di\u00e1logo Teol\u00f3gico Anglicano-Ortodoxo","datePublished":"2018-11-01T21:31:54+00:00","dateModified":"2021-08-03T23:01:50+00:00","mainEntityOfPage":{"@id":"https:\/\/news.ecclesia.org.br\/?p=26214"},"wordCount":932,"commentCount":0,"publisher":{"@id":"https:\/\/news.ecclesia.org.br\/#organization"},"image":{"@id":"https:\/\/news.ecclesia.org.br\/?p=26214#primaryimage"},"thumbnailUrl":"https:\/\/news.ecclesia.org.br\/wp-content\/uploads\/2018\/11\/Anglican-Orthodox-300x174.jpg","articleSection":["NEWS"],"inLanguage":"pt-BR","potentialAction":[{"@type":"CommentAction","name":"Comment","target":["https:\/\/news.ecclesia.org.br\/?p=26214#respond"]}]},{"@type":"WebPage","@id":"https:\/\/news.ecclesia.org.br\/?p=26214","url":"https:\/\/news.ecclesia.org.br\/?p=26214","name":"Plen\u00e1ria Anual da Comiss\u00e3o Internacional para o Di\u00e1logo Teol\u00f3gico Anglicano-Ortodoxo | ECCLESIA NEWS","isPartOf":{"@id":"https:\/\/news.ecclesia.org.br\/#website"},"primaryImageOfPage":{"@id":"https:\/\/news.ecclesia.org.br\/?p=26214#primaryimage"},"image":{"@id":"https:\/\/news.ecclesia.org.br\/?p=26214#primaryimage"},"thumbnailUrl":"https:\/\/news.ecclesia.org.br\/wp-content\/uploads\/2018\/11\/Anglican-Orthodox-300x174.jpg","datePublished":"2018-11-01T21:31:54+00:00","dateModified":"2021-08-03T23:01:50+00:00","breadcrumb":{"@id":"https:\/\/news.ecclesia.org.br\/?p=26214#breadcrumb"},"inLanguage":"pt-BR","potentialAction":[{"@type":"ReadAction","target":["https:\/\/news.ecclesia.org.br\/?p=26214"]}]},{"@type":"ImageObject","inLanguage":"pt-BR","@id":"https:\/\/news.ecclesia.org.br\/?p=26214#primaryimage","url":"https:\/\/news.ecclesia.org.br\/wp-content\/uploads\/2018\/11\/Anglican-Orthodox.jpg","contentUrl":"https:\/\/news.ecclesia.org.br\/wp-content\/uploads\/2018\/11\/Anglican-Orthodox.jpg","width":655,"height":380},{"@type":"BreadcrumbList","@id":"https:\/\/news.ecclesia.org.br\/?p=26214#breadcrumb","itemListElement":[{"@type":"ListItem","position":1,"name":"In\u00edcio","item":"https:\/\/news.ecclesia.org.br\/"},{"@type":"ListItem","position":2,"name":"Plen\u00e1ria Anual da Comiss\u00e3o Internacional para o Di\u00e1logo Teol\u00f3gico Anglicano-Ortodoxo"}]},{"@type":"WebSite","@id":"https:\/\/news.ecclesia.org.br\/#website","url":"https:\/\/news.ecclesia.org.br\/","name":"Ecclesia Brasil","description":"Desde 2003 onectando o Brasil ao mundo ortodoxo!","publisher":{"@id":"https:\/\/news.ecclesia.org.br\/#organization"},"alternateName":"Ecclesia","potentialAction":[{"@type":"SearchAction","target":{"@type":"EntryPoint","urlTemplate":"https:\/\/news.ecclesia.org.br\/?s={search_term_string}"},"query-input":{"@type":"PropertyValueSpecification","valueRequired":true,"valueName":"search_term_string"}}],"inLanguage":"pt-BR"},{"@type":"Organization","@id":"https:\/\/news.ecclesia.org.br\/#organization","name":"Sacra Arquidiocese de Buenos Aires e Am\u00e9rica do Sul | Patriarcado Ecum\u00eanico","alternateName":"News Ecclesia Brasil","url":"https:\/\/news.ecclesia.org.br\/","logo":{"@type":"ImageObject","inLanguage":"pt-BR","@id":"https:\/\/news.ecclesia.org.br\/#\/schema\/logo\/image\/","url":"https:\/\/news.ecclesia.org.br\/wp-content\/uploads\/2025\/05\/ecclesia2.png","contentUrl":"https:\/\/news.ecclesia.org.br\/wp-content\/uploads\/2025\/05\/ecclesia2.png","width":480,"height":120,"caption":"Sacra Arquidiocese de Buenos Aires e Am\u00e9rica do Sul | Patriarcado Ecum\u00eanico"},"image":{"@id":"https:\/\/news.ecclesia.org.br\/#\/schema\/logo\/image\/"},"sameAs":["https:\/\/www.facebook.com\/Ecclesia2025","https:\/\/x.com\/EcclesiaNews","https:\/\/br.pinterest.com\/ekklisia\/","https:\/\/www.youtube.com\/@EcclesiaBrasil"]},{"@type":"Person","@id":"https:\/\/news.ecclesia.org.br\/#\/schema\/person\/6f09597f025829745ba414a569f63758","name":"Pe. Andr\u00e9","image":{"@type":"ImageObject","inLanguage":"pt-BR","@id":"https:\/\/secure.gravatar.com\/avatar\/b4327cfa27e9799da239a26adcd534fc29cdc0c4a4a148eecbcfeb9b42c617ac?s=96&d=mm&r=g","url":"https:\/\/secure.gravatar.com\/avatar\/b4327cfa27e9799da239a26adcd534fc29cdc0c4a4a148eecbcfeb9b42c617ac?s=96&d=mm&r=g","contentUrl":"https:\/\/secure.gravatar.com\/avatar\/b4327cfa27e9799da239a26adcd534fc29cdc0c4a4a148eecbcfeb9b42c617ac?s=96&d=mm&r=g","caption":"Pe. Andr\u00e9"},"sameAs":["https:\/\/www.ecclesia.org.br"]}]}},"_links":{"self":[{"href":"https:\/\/news.ecclesia.org.br\/index.php?rest_route=\/wp\/v2\/posts\/26214","targetHints":{"allow":["GET"]}}],"collection":[{"href":"https:\/\/news.ecclesia.org.br\/index.php?rest_route=\/wp\/v2\/posts"}],"about":[{"href":"https:\/\/news.ecclesia.org.br\/index.php?rest_route=\/wp\/v2\/types\/post"}],"author":[{"embeddable":true,"href":"https:\/\/news.ecclesia.org.br\/index.php?rest_route=\/wp\/v2\/users\/1"}],"replies":[{"embeddable":true,"href":"https:\/\/news.ecclesia.org.br\/index.php?rest_route=%2Fwp%2Fv2%2Fcomments&post=26214"}],"version-history":[{"count":1,"href":"https:\/\/news.ecclesia.org.br\/index.php?rest_route=\/wp\/v2\/posts\/26214\/revisions"}],"predecessor-version":[{"id":38643,"href":"https:\/\/news.ecclesia.org.br\/index.php?rest_route=\/wp\/v2\/posts\/26214\/revisions\/38643"}],"wp:attachment":[{"href":"https:\/\/news.ecclesia.org.br\/index.php?rest_route=%2Fwp%2Fv2%2Fmedia&parent=26214"}],"wp:term":[{"taxonomy":"category","embeddable":true,"href":"https:\/\/news.ecclesia.org.br\/index.php?rest_route=%2Fwp%2Fv2%2Fcategories&post=26214"},{"taxonomy":"post_tag","embeddable":true,"href":"https:\/\/news.ecclesia.org.br\/index.php?rest_route=%2Fwp%2Fv2%2Ftags&post=26214"}],"curies":[{"name":"wp","href":"https:\/\/api.w.org\/{rel}","templated":true}]}}