{"id":26192,"date":"2018-10-08T14:02:32","date_gmt":"2018-10-08T14:02:32","guid":{"rendered":"https:\/\/news.ecclesia.org.br\/?p=26192"},"modified":"2021-08-03T20:03:49","modified_gmt":"2021-08-03T23:03:49","slug":"patriarca-ecumenico-cisma-uma-solucao-facil-para-aqueles-sem-argumentos-validos","status":"publish","type":"post","link":"https:\/\/news.ecclesia.org.br\/?p=26192","title":{"rendered":"Patriarca ecum\u00eanico: &#8220;cisma uma solu\u00e7\u00e3o f\u00e1cil para aqueles sem argumentos v\u00e1lidos&#8221;"},"content":{"rendered":"<p><strong>O Patriarca Bartolomeu,\u00a0durante uma visita \u00e0 ilha de Creta, defendeu o papel de coordena\u00e7\u00e3o atribu\u00eddo ao Patriarcado Ecum\u00eanico,\u00a0 a Igreja- Matriz&#8221; e \u201cM\u00e3e amorosa&#8221;, dentro da fam\u00edlia ortodoxa.<\/strong><\/p>\n<figure id=\"attachment_26195\" aria-describedby=\"caption-attachment-26195\" style=\"width: 300px\" class=\"wp-caption alignleft\"><a href=\"https:\/\/news.ecclesia.org.br\/wp-content\/uploads\/2018\/10\/patriarca-bartolomeu.jpg\"><img fetchpriority=\"high\" decoding=\"async\" class=\"size-medium wp-image-26195\" src=\"https:\/\/news.ecclesia.org.br\/wp-content\/uploads\/2018\/10\/patriarca-bartolomeu-300x186.jpg\" alt=\"\" width=\"300\" height=\"186\" srcset=\"https:\/\/news.ecclesia.org.br\/wp-content\/uploads\/2018\/10\/patriarca-bartolomeu-300x186.jpg 300w, https:\/\/news.ecclesia.org.br\/wp-content\/uploads\/2018\/10\/patriarca-bartolomeu-89x55.jpg 89w, https:\/\/news.ecclesia.org.br\/wp-content\/uploads\/2018\/10\/patriarca-bartolomeu-210x130.jpg 210w, https:\/\/news.ecclesia.org.br\/wp-content\/uploads\/2018\/10\/patriarca-bartolomeu.jpg 480w\" sizes=\"(max-width: 300px) 100vw, 300px\" \/><\/a><figcaption id=\"caption-attachment-26195\" class=\"wp-caption-text\">S. S. Bartolomeu I, Patriarca Ecum\u00eanico<\/figcaption><\/figure>\n<p style=\"text-align: justify;\">Na tarde de 3 de outubro, durante uma cerim\u00f4nia de comemora\u00e7\u00e3o do 50\u00aa anivers\u00e1rio de cria\u00e7\u00e3o da Academia Ortodoxa de Creta, evento que tamb\u00e9m contou com a presen\u00e7a do Presidente da Gr\u00e9cia, do Patriarca Ortodoxo Grego de Jerusal\u00e9m, dos Arcebispos de Chipre e da Alb\u00e2nia, bem como como representantes das Igrejas Ortodoxas da Rom\u00eania e da Pol\u00f4nia, o Patriarca Ecum\u00eanico, dirigindo-se aos participantes, declarou que a Ortodoxia n\u00e3o deve se transformar em um grupo frouxo de Igrejas irremediavelmente dispersas em diferentes lugares.<\/p>\n<p style=\"text-align: justify;\">Aqui est\u00e3o alguns trechos de seu pronunciamento:<\/p>\n<blockquote>\n<p style=\"text-align: justify;\">\u201cSe o Patriarcado Ecum\u00eanico abandona suas responsabilidades e se retira da cena inter ortodoxa, as outras Igrejas locais ser\u00e3o como ovelhas sem pastor, engajadas em iniciativas eclesi\u00e1sticas que mesclam a humildade derivada da f\u00e9 com a arrog\u00e2ncia derivada do poder\u201d. \u201cAssim, o papel de coordena\u00e7\u00e3o no interior da fam\u00edlia pan-ortodoxa \u00e9 atribu\u00eddo ao Patriarcado Ecum\u00eanico. A Ortodoxia precisa do Patriarcado Ecum\u00eanico para que n\u00e3o se torne um agrupamento frouxo de Igrejas irremediavelmente dispersas em diferentes lugares\u201d.<\/p>\n<p style=\"text-align: justify;\">\u201cA responsabilidade do Patriarcado Ecum\u00eanico \u00e9 colocar as coisas em ordem eclesi\u00e1stica e can\u00f4nica, pois somente ele tem a prerrogativa e as b\u00ean\u00e7\u00e3os da Igreja como um todo atrav\u00e9s dos Conc\u00edlios Ecum\u00eanicos para cumprir esta grande obriga\u00e7\u00e3o. como a Igreja M\u00e3e-amorosa e a Igreja-matriz dentro da Ortodoxia \u201d.<\/p>\n<p style=\"text-align: justify;\">\u201cA responsabilidade do Patriarcado Ecum\u00eanico \u00e9 colocar as coisas em ordem eclesi\u00e1stica e can\u00f4nica, pois somente ela tem a prerrogativa e as b\u00ean\u00e7\u00e3os da Igreja como um todo atrav\u00e9s dos Conc\u00edlios Ecum\u00eanicos para cumprir essa grande obriga\u00e7\u00e3o como a Igreja M\u00e3e-amorosa e Igreja-matriz da Ortodoxia.&#8221;<\/p>\n<\/blockquote>\n<h3>De heresia a quest\u00f5es jurisdicionais<\/h3>\n<p style=\"text-align: justify;\">O Patriarca Ecum\u00eanico ressaltou ainda que os desafios enfrentados pela comunidade crist\u00e3 no primeiro mil\u00eanio estavam relacionados \u00e0s heresias, as do segundo mil\u00eanio \u00e0 jurisdi\u00e7\u00e3o. J\u00e1 as que o terceiro mil\u00eanio herdou dizem respeito \u00e0 quest\u00e3o da jurisdi\u00e7\u00e3o, cuja origem \u00e9 o &#8220;etnofiletismo, ambi\u00e7\u00f5es expansionistas e a tend\u00eancia a ignorar as fronteiras de uma jurisdi\u00e7\u00e3o definida por decretos patriarcais e sinodais&#8221;.<\/p>\n<blockquote>\n<p style=\"text-align: justify;\">\u201cVivemos em uma \u00e9poca em que todos os aspectos da vida podem ser alterados dramaticamente. \u00c9 por isso que somos chamados a enfrentar esses novos desafios \u201d.<\/p>\n<p style=\"text-align: justify;\">\u201cSe n\u00e3o mantivermos nossa unidade, acabaremos totalmente respons\u00e1veis \u200b\u200bpor ter transformado a Igreja em uma organiza\u00e7\u00e3o privada\u201d.<\/p>\n<\/blockquote>\n<h3>Aqueles sem argumentos v\u00e1lidos recorrem \u00e0 cria\u00e7\u00e3o de cismas<\/h3>\n<blockquote>\n<p style=\"text-align: justify;\"><span style=\"text-align: justify;\">Resultando de atos humanos, \u201co cisma \u00e9 uma solu\u00e7\u00e3o f\u00e1cil, que geralmente aqueles sem argumentos v\u00e1lidos eclesi\u00e1stica\u00a0e canonicamente recorrem para reivindicar seus direitos e apoiar seus pontos de vista, que muitas vezes n\u00e3o est\u00e3o embasados nos c\u00e2nones da Igreja e divergem de seu ethos servindo a outras agendas.\u201d<\/span><\/p>\n<\/blockquote>\n<p style=\"text-align: justify;\">Segundo o Patriarca, essas pessoas \u201cse separam do corpo da Igreja Ortodoxa quando expressam suas obje\u00e7\u00f5es e discord\u00e2ncias de maneira n\u00e3o eclesi\u00e1stica\u201d.<\/p>\n<blockquote>\n<p style=\"text-align: justify;\">Os cismas, as buscas ligadas a interesses individuais, as manobras publicit\u00e1rias e as tentativas v\u00e3s de determinar o que deve ser not\u00edcia, n\u00e3o t\u00eam lugar na Igreja.&#8221;<\/p>\n<\/blockquote>\n<p style=\"text-align: justify;\">Finalmente, o Patriarca Bartolomeu visita hoje Atenas, onde ser\u00e1 oficialmente reconhecido no Parlamento hel\u00eanico por seus esfor\u00e7os em rela\u00e7\u00e3o \u00e0 prote\u00e7\u00e3o ambiental.<\/p>\n<hr \/>\n<p style=\"text-align: right;\">Fonte: <a href=\"https:\/\/orthodoxia.info\/news\/ecumenical-patriarch-schism-an-easy-solution-for-those-without-valid-arguments\/\" target=\"_blank\" rel=\"noopener\">OrthodoxiaInfo<\/a><\/p>\n","protected":false},"excerpt":{"rendered":"<p>O Patriarca Bartolomeu,\u00a0durante uma visita \u00e0 ilha de Creta, defendeu o papel de coordena\u00e7\u00e3o atribu\u00eddo ao Patriarcado Ecum\u00eanico,\u00a0 a Igreja- Matriz&#8221; e \u201cM\u00e3e amorosa&#8221;, dentro da fam\u00edlia ortodoxa. Na tarde de 3 de outubro, durante uma cerim\u00f4nia de comemora\u00e7\u00e3o do&#8230;<\/p>\n","protected":false},"author":1,"featured_media":0,"comment_status":"open","ping_status":"open","sticky":false,"template":"","format":"standard","meta":{"_acf_changed":false,"footnotes":""},"categories":[72],"tags":[],"class_list":["post-26192","post","type-post","status-publish","format-standard","hentry","category-patriarcado-ecumenico","entry","rows-excerpt"],"acf":[],"yoast_head":"<!-- This site is optimized with the Yoast SEO plugin v27.4 - https:\/\/yoast.com\/product\/yoast-seo-wordpress\/ -->\n<title>Patriarca ecum\u00eanico: &quot;cisma uma solu\u00e7\u00e3o f\u00e1cil para aqueles sem argumentos v\u00e1lidos&quot; | ECCLESIA NEWS<\/title>\n<meta name=\"robots\" content=\"index, follow, max-snippet:-1, max-image-preview:large, max-video-preview:-1\" \/>\n<link rel=\"canonical\" href=\"https:\/\/news.ecclesia.org.br\/?p=26192\" \/>\n<meta property=\"og:locale\" content=\"pt_BR\" \/>\n<meta property=\"og:type\" content=\"article\" \/>\n<meta property=\"og:title\" content=\"Patriarca ecum\u00eanico: &quot;cisma uma solu\u00e7\u00e3o f\u00e1cil para aqueles sem argumentos v\u00e1lidos&quot; | ECCLESIA NEWS\" \/>\n<meta property=\"og:description\" content=\"O Patriarca Bartolomeu,\u00a0durante uma visita \u00e0 ilha de Creta, defendeu o papel de coordena\u00e7\u00e3o atribu\u00eddo ao Patriarcado Ecum\u00eanico,\u00a0 a Igreja- Matriz&#8221; e \u201cM\u00e3e amorosa&#8221;, dentro da fam\u00edlia ortodoxa. Na tarde de 3 de outubro, durante uma cerim\u00f4nia de comemora\u00e7\u00e3o do&#8230;\" \/>\n<meta property=\"og:url\" content=\"https:\/\/news.ecclesia.org.br\/?p=26192\" \/>\n<meta property=\"og:site_name\" content=\"ECCLESIA NEWS\" \/>\n<meta property=\"article:publisher\" content=\"https:\/\/www.facebook.com\/Ecclesia2025\" \/>\n<meta property=\"article:published_time\" content=\"2018-10-08T14:02:32+00:00\" \/>\n<meta property=\"article:modified_time\" content=\"2021-08-03T23:03:49+00:00\" \/>\n<meta property=\"og:image\" content=\"https:\/\/news.ecclesia.org.br\/wp-content\/uploads\/2018\/10\/patriarca-bartolomeu-300x186.jpg\" \/>\n<meta name=\"author\" content=\"Pe. Andr\u00e9\" \/>\n<meta name=\"twitter:card\" content=\"summary_large_image\" \/>\n<meta name=\"twitter:creator\" content=\"@EcclesiaNews\" \/>\n<meta name=\"twitter:site\" content=\"@EcclesiaNews\" \/>\n<meta name=\"twitter:label1\" content=\"Escrito por\" \/>\n\t<meta name=\"twitter:data1\" content=\"Pe. Andr\u00e9\" \/>\n\t<meta name=\"twitter:label2\" content=\"Est. tempo de leitura\" \/>\n\t<meta name=\"twitter:data2\" content=\"3 minutos\" \/>\n<script type=\"application\/ld+json\" class=\"yoast-schema-graph\">{\"@context\":\"https:\\\/\\\/schema.org\",\"@graph\":[{\"@type\":\"Article\",\"@id\":\"https:\\\/\\\/news.ecclesia.org.br\\\/?p=26192#article\",\"isPartOf\":{\"@id\":\"https:\\\/\\\/news.ecclesia.org.br\\\/?p=26192\"},\"author\":{\"name\":\"Pe. Andr\u00e9\",\"@id\":\"https:\\\/\\\/news.ecclesia.org.br\\\/#\\\/schema\\\/person\\\/6f09597f025829745ba414a569f63758\"},\"headline\":\"Patriarca ecum\u00eanico: &#8220;cisma uma solu\u00e7\u00e3o f\u00e1cil para aqueles sem argumentos v\u00e1lidos&#8221;\",\"datePublished\":\"2018-10-08T14:02:32+00:00\",\"dateModified\":\"2021-08-03T23:03:49+00:00\",\"mainEntityOfPage\":{\"@id\":\"https:\\\/\\\/news.ecclesia.org.br\\\/?p=26192\"},\"wordCount\":627,\"commentCount\":1,\"publisher\":{\"@id\":\"https:\\\/\\\/news.ecclesia.org.br\\\/#organization\"},\"image\":{\"@id\":\"https:\\\/\\\/news.ecclesia.org.br\\\/?p=26192#primaryimage\"},\"thumbnailUrl\":\"https:\\\/\\\/news.ecclesia.org.br\\\/wp-content\\\/uploads\\\/2018\\\/10\\\/patriarca-bartolomeu-300x186.jpg\",\"articleSection\":[\"Patriarcado Ecum\u00eanico\"],\"inLanguage\":\"pt-BR\",\"potentialAction\":[{\"@type\":\"CommentAction\",\"name\":\"Comment\",\"target\":[\"https:\\\/\\\/news.ecclesia.org.br\\\/?p=26192#respond\"]}]},{\"@type\":\"WebPage\",\"@id\":\"https:\\\/\\\/news.ecclesia.org.br\\\/?p=26192\",\"url\":\"https:\\\/\\\/news.ecclesia.org.br\\\/?p=26192\",\"name\":\"Patriarca ecum\u00eanico: \\\"cisma uma solu\u00e7\u00e3o f\u00e1cil para aqueles sem argumentos v\u00e1lidos\\\" | ECCLESIA NEWS\",\"isPartOf\":{\"@id\":\"https:\\\/\\\/news.ecclesia.org.br\\\/#website\"},\"primaryImageOfPage\":{\"@id\":\"https:\\\/\\\/news.ecclesia.org.br\\\/?p=26192#primaryimage\"},\"image\":{\"@id\":\"https:\\\/\\\/news.ecclesia.org.br\\\/?p=26192#primaryimage\"},\"thumbnailUrl\":\"https:\\\/\\\/news.ecclesia.org.br\\\/wp-content\\\/uploads\\\/2018\\\/10\\\/patriarca-bartolomeu-300x186.jpg\",\"datePublished\":\"2018-10-08T14:02:32+00:00\",\"dateModified\":\"2021-08-03T23:03:49+00:00\",\"breadcrumb\":{\"@id\":\"https:\\\/\\\/news.ecclesia.org.br\\\/?p=26192#breadcrumb\"},\"inLanguage\":\"pt-BR\",\"potentialAction\":[{\"@type\":\"ReadAction\",\"target\":[\"https:\\\/\\\/news.ecclesia.org.br\\\/?p=26192\"]}]},{\"@type\":\"ImageObject\",\"inLanguage\":\"pt-BR\",\"@id\":\"https:\\\/\\\/news.ecclesia.org.br\\\/?p=26192#primaryimage\",\"url\":\"https:\\\/\\\/news.ecclesia.org.br\\\/wp-content\\\/uploads\\\/2018\\\/10\\\/patriarca-bartolomeu.jpg\",\"contentUrl\":\"https:\\\/\\\/news.ecclesia.org.br\\\/wp-content\\\/uploads\\\/2018\\\/10\\\/patriarca-bartolomeu.jpg\",\"width\":480,\"height\":298,\"caption\":\"S. S. Bartolomeu I, Patriarca Ecum\u00eanico\"},{\"@type\":\"BreadcrumbList\",\"@id\":\"https:\\\/\\\/news.ecclesia.org.br\\\/?p=26192#breadcrumb\",\"itemListElement\":[{\"@type\":\"ListItem\",\"position\":1,\"name\":\"In\u00edcio\",\"item\":\"https:\\\/\\\/news.ecclesia.org.br\\\/\"},{\"@type\":\"ListItem\",\"position\":2,\"name\":\"Patriarca ecum\u00eanico: &#8220;cisma uma solu\u00e7\u00e3o f\u00e1cil para aqueles sem argumentos v\u00e1lidos&#8221;\"}]},{\"@type\":\"WebSite\",\"@id\":\"https:\\\/\\\/news.ecclesia.org.br\\\/#website\",\"url\":\"https:\\\/\\\/news.ecclesia.org.br\\\/\",\"name\":\"Ecclesia Brasil\",\"description\":\"Desde 2003 onectando o Brasil ao mundo ortodoxo!\",\"publisher\":{\"@id\":\"https:\\\/\\\/news.ecclesia.org.br\\\/#organization\"},\"alternateName\":\"Ecclesia\",\"potentialAction\":[{\"@type\":\"SearchAction\",\"target\":{\"@type\":\"EntryPoint\",\"urlTemplate\":\"https:\\\/\\\/news.ecclesia.org.br\\\/?s={search_term_string}\"},\"query-input\":{\"@type\":\"PropertyValueSpecification\",\"valueRequired\":true,\"valueName\":\"search_term_string\"}}],\"inLanguage\":\"pt-BR\"},{\"@type\":\"Organization\",\"@id\":\"https:\\\/\\\/news.ecclesia.org.br\\\/#organization\",\"name\":\"Sacra Arquidiocese de Buenos Aires e Am\u00e9rica do Sul | Patriarcado Ecum\u00eanico\",\"alternateName\":\"News Ecclesia Brasil\",\"url\":\"https:\\\/\\\/news.ecclesia.org.br\\\/\",\"logo\":{\"@type\":\"ImageObject\",\"inLanguage\":\"pt-BR\",\"@id\":\"https:\\\/\\\/news.ecclesia.org.br\\\/#\\\/schema\\\/logo\\\/image\\\/\",\"url\":\"https:\\\/\\\/news.ecclesia.org.br\\\/wp-content\\\/uploads\\\/2025\\\/05\\\/ecclesia2.png\",\"contentUrl\":\"https:\\\/\\\/news.ecclesia.org.br\\\/wp-content\\\/uploads\\\/2025\\\/05\\\/ecclesia2.png\",\"width\":480,\"height\":120,\"caption\":\"Sacra Arquidiocese de Buenos Aires e Am\u00e9rica do Sul | Patriarcado Ecum\u00eanico\"},\"image\":{\"@id\":\"https:\\\/\\\/news.ecclesia.org.br\\\/#\\\/schema\\\/logo\\\/image\\\/\"},\"sameAs\":[\"https:\\\/\\\/www.facebook.com\\\/Ecclesia2025\",\"https:\\\/\\\/x.com\\\/EcclesiaNews\",\"https:\\\/\\\/br.pinterest.com\\\/ekklisia\\\/\",\"https:\\\/\\\/www.youtube.com\\\/@EcclesiaBrasil\"]},{\"@type\":\"Person\",\"@id\":\"https:\\\/\\\/news.ecclesia.org.br\\\/#\\\/schema\\\/person\\\/6f09597f025829745ba414a569f63758\",\"name\":\"Pe. Andr\u00e9\",\"image\":{\"@type\":\"ImageObject\",\"inLanguage\":\"pt-BR\",\"@id\":\"https:\\\/\\\/secure.gravatar.com\\\/avatar\\\/b4327cfa27e9799da239a26adcd534fc29cdc0c4a4a148eecbcfeb9b42c617ac?s=96&d=mm&r=g\",\"url\":\"https:\\\/\\\/secure.gravatar.com\\\/avatar\\\/b4327cfa27e9799da239a26adcd534fc29cdc0c4a4a148eecbcfeb9b42c617ac?s=96&d=mm&r=g\",\"contentUrl\":\"https:\\\/\\\/secure.gravatar.com\\\/avatar\\\/b4327cfa27e9799da239a26adcd534fc29cdc0c4a4a148eecbcfeb9b42c617ac?s=96&d=mm&r=g\",\"caption\":\"Pe. Andr\u00e9\"},\"sameAs\":[\"https:\\\/\\\/www.ecclesia.org.br\"]}]}<\/script>\n<!-- \/ Yoast SEO plugin. -->","yoast_head_json":{"title":"Patriarca ecum\u00eanico: \"cisma uma solu\u00e7\u00e3o f\u00e1cil para aqueles sem argumentos v\u00e1lidos\" | ECCLESIA NEWS","robots":{"index":"index","follow":"follow","max-snippet":"max-snippet:-1","max-image-preview":"max-image-preview:large","max-video-preview":"max-video-preview:-1"},"canonical":"https:\/\/news.ecclesia.org.br\/?p=26192","og_locale":"pt_BR","og_type":"article","og_title":"Patriarca ecum\u00eanico: \"cisma uma solu\u00e7\u00e3o f\u00e1cil para aqueles sem argumentos v\u00e1lidos\" | ECCLESIA NEWS","og_description":"O Patriarca Bartolomeu,\u00a0durante uma visita \u00e0 ilha de Creta, defendeu o papel de coordena\u00e7\u00e3o atribu\u00eddo ao Patriarcado Ecum\u00eanico,\u00a0 a Igreja- Matriz&#8221; e \u201cM\u00e3e amorosa&#8221;, dentro da fam\u00edlia ortodoxa. Na tarde de 3 de outubro, durante uma cerim\u00f4nia de comemora\u00e7\u00e3o do&#8230;","og_url":"https:\/\/news.ecclesia.org.br\/?p=26192","og_site_name":"ECCLESIA NEWS","article_publisher":"https:\/\/www.facebook.com\/Ecclesia2025","article_published_time":"2018-10-08T14:02:32+00:00","article_modified_time":"2021-08-03T23:03:49+00:00","og_image":[{"url":"https:\/\/news.ecclesia.org.br\/wp-content\/uploads\/2018\/10\/patriarca-bartolomeu-300x186.jpg","type":"","width":"","height":""}],"author":"Pe. Andr\u00e9","twitter_card":"summary_large_image","twitter_creator":"@EcclesiaNews","twitter_site":"@EcclesiaNews","twitter_misc":{"Escrito por":"Pe. Andr\u00e9","Est. tempo de leitura":"3 minutos"},"schema":{"@context":"https:\/\/schema.org","@graph":[{"@type":"Article","@id":"https:\/\/news.ecclesia.org.br\/?p=26192#article","isPartOf":{"@id":"https:\/\/news.ecclesia.org.br\/?p=26192"},"author":{"name":"Pe. Andr\u00e9","@id":"https:\/\/news.ecclesia.org.br\/#\/schema\/person\/6f09597f025829745ba414a569f63758"},"headline":"Patriarca ecum\u00eanico: &#8220;cisma uma solu\u00e7\u00e3o f\u00e1cil para aqueles sem argumentos v\u00e1lidos&#8221;","datePublished":"2018-10-08T14:02:32+00:00","dateModified":"2021-08-03T23:03:49+00:00","mainEntityOfPage":{"@id":"https:\/\/news.ecclesia.org.br\/?p=26192"},"wordCount":627,"commentCount":1,"publisher":{"@id":"https:\/\/news.ecclesia.org.br\/#organization"},"image":{"@id":"https:\/\/news.ecclesia.org.br\/?p=26192#primaryimage"},"thumbnailUrl":"https:\/\/news.ecclesia.org.br\/wp-content\/uploads\/2018\/10\/patriarca-bartolomeu-300x186.jpg","articleSection":["Patriarcado Ecum\u00eanico"],"inLanguage":"pt-BR","potentialAction":[{"@type":"CommentAction","name":"Comment","target":["https:\/\/news.ecclesia.org.br\/?p=26192#respond"]}]},{"@type":"WebPage","@id":"https:\/\/news.ecclesia.org.br\/?p=26192","url":"https:\/\/news.ecclesia.org.br\/?p=26192","name":"Patriarca ecum\u00eanico: \"cisma uma solu\u00e7\u00e3o f\u00e1cil para aqueles sem argumentos v\u00e1lidos\" | ECCLESIA NEWS","isPartOf":{"@id":"https:\/\/news.ecclesia.org.br\/#website"},"primaryImageOfPage":{"@id":"https:\/\/news.ecclesia.org.br\/?p=26192#primaryimage"},"image":{"@id":"https:\/\/news.ecclesia.org.br\/?p=26192#primaryimage"},"thumbnailUrl":"https:\/\/news.ecclesia.org.br\/wp-content\/uploads\/2018\/10\/patriarca-bartolomeu-300x186.jpg","datePublished":"2018-10-08T14:02:32+00:00","dateModified":"2021-08-03T23:03:49+00:00","breadcrumb":{"@id":"https:\/\/news.ecclesia.org.br\/?p=26192#breadcrumb"},"inLanguage":"pt-BR","potentialAction":[{"@type":"ReadAction","target":["https:\/\/news.ecclesia.org.br\/?p=26192"]}]},{"@type":"ImageObject","inLanguage":"pt-BR","@id":"https:\/\/news.ecclesia.org.br\/?p=26192#primaryimage","url":"https:\/\/news.ecclesia.org.br\/wp-content\/uploads\/2018\/10\/patriarca-bartolomeu.jpg","contentUrl":"https:\/\/news.ecclesia.org.br\/wp-content\/uploads\/2018\/10\/patriarca-bartolomeu.jpg","width":480,"height":298,"caption":"S. S. Bartolomeu I, Patriarca Ecum\u00eanico"},{"@type":"BreadcrumbList","@id":"https:\/\/news.ecclesia.org.br\/?p=26192#breadcrumb","itemListElement":[{"@type":"ListItem","position":1,"name":"In\u00edcio","item":"https:\/\/news.ecclesia.org.br\/"},{"@type":"ListItem","position":2,"name":"Patriarca ecum\u00eanico: &#8220;cisma uma solu\u00e7\u00e3o f\u00e1cil para aqueles sem argumentos v\u00e1lidos&#8221;"}]},{"@type":"WebSite","@id":"https:\/\/news.ecclesia.org.br\/#website","url":"https:\/\/news.ecclesia.org.br\/","name":"Ecclesia Brasil","description":"Desde 2003 onectando o Brasil ao mundo ortodoxo!","publisher":{"@id":"https:\/\/news.ecclesia.org.br\/#organization"},"alternateName":"Ecclesia","potentialAction":[{"@type":"SearchAction","target":{"@type":"EntryPoint","urlTemplate":"https:\/\/news.ecclesia.org.br\/?s={search_term_string}"},"query-input":{"@type":"PropertyValueSpecification","valueRequired":true,"valueName":"search_term_string"}}],"inLanguage":"pt-BR"},{"@type":"Organization","@id":"https:\/\/news.ecclesia.org.br\/#organization","name":"Sacra Arquidiocese de Buenos Aires e Am\u00e9rica do Sul | Patriarcado Ecum\u00eanico","alternateName":"News Ecclesia Brasil","url":"https:\/\/news.ecclesia.org.br\/","logo":{"@type":"ImageObject","inLanguage":"pt-BR","@id":"https:\/\/news.ecclesia.org.br\/#\/schema\/logo\/image\/","url":"https:\/\/news.ecclesia.org.br\/wp-content\/uploads\/2025\/05\/ecclesia2.png","contentUrl":"https:\/\/news.ecclesia.org.br\/wp-content\/uploads\/2025\/05\/ecclesia2.png","width":480,"height":120,"caption":"Sacra Arquidiocese de Buenos Aires e Am\u00e9rica do Sul | Patriarcado Ecum\u00eanico"},"image":{"@id":"https:\/\/news.ecclesia.org.br\/#\/schema\/logo\/image\/"},"sameAs":["https:\/\/www.facebook.com\/Ecclesia2025","https:\/\/x.com\/EcclesiaNews","https:\/\/br.pinterest.com\/ekklisia\/","https:\/\/www.youtube.com\/@EcclesiaBrasil"]},{"@type":"Person","@id":"https:\/\/news.ecclesia.org.br\/#\/schema\/person\/6f09597f025829745ba414a569f63758","name":"Pe. Andr\u00e9","image":{"@type":"ImageObject","inLanguage":"pt-BR","@id":"https:\/\/secure.gravatar.com\/avatar\/b4327cfa27e9799da239a26adcd534fc29cdc0c4a4a148eecbcfeb9b42c617ac?s=96&d=mm&r=g","url":"https:\/\/secure.gravatar.com\/avatar\/b4327cfa27e9799da239a26adcd534fc29cdc0c4a4a148eecbcfeb9b42c617ac?s=96&d=mm&r=g","contentUrl":"https:\/\/secure.gravatar.com\/avatar\/b4327cfa27e9799da239a26adcd534fc29cdc0c4a4a148eecbcfeb9b42c617ac?s=96&d=mm&r=g","caption":"Pe. Andr\u00e9"},"sameAs":["https:\/\/www.ecclesia.org.br"]}]}},"_links":{"self":[{"href":"https:\/\/news.ecclesia.org.br\/index.php?rest_route=\/wp\/v2\/posts\/26192","targetHints":{"allow":["GET"]}}],"collection":[{"href":"https:\/\/news.ecclesia.org.br\/index.php?rest_route=\/wp\/v2\/posts"}],"about":[{"href":"https:\/\/news.ecclesia.org.br\/index.php?rest_route=\/wp\/v2\/types\/post"}],"author":[{"embeddable":true,"href":"https:\/\/news.ecclesia.org.br\/index.php?rest_route=\/wp\/v2\/users\/1"}],"replies":[{"embeddable":true,"href":"https:\/\/news.ecclesia.org.br\/index.php?rest_route=%2Fwp%2Fv2%2Fcomments&post=26192"}],"version-history":[{"count":1,"href":"https:\/\/news.ecclesia.org.br\/index.php?rest_route=\/wp\/v2\/posts\/26192\/revisions"}],"predecessor-version":[{"id":38646,"href":"https:\/\/news.ecclesia.org.br\/index.php?rest_route=\/wp\/v2\/posts\/26192\/revisions\/38646"}],"wp:attachment":[{"href":"https:\/\/news.ecclesia.org.br\/index.php?rest_route=%2Fwp%2Fv2%2Fmedia&parent=26192"}],"wp:term":[{"taxonomy":"category","embeddable":true,"href":"https:\/\/news.ecclesia.org.br\/index.php?rest_route=%2Fwp%2Fv2%2Fcategories&post=26192"},{"taxonomy":"post_tag","embeddable":true,"href":"https:\/\/news.ecclesia.org.br\/index.php?rest_route=%2Fwp%2Fv2%2Ftags&post=26192"}],"curies":[{"name":"wp","href":"https:\/\/api.w.org\/{rel}","templated":true}]}}