{"id":26188,"date":"2018-10-03T18:12:25","date_gmt":"2018-10-03T18:12:25","guid":{"rendered":"https:\/\/news.ecclesia.org.br\/?p=26188"},"modified":"2021-08-03T20:04:15","modified_gmt":"2021-08-03T23:04:15","slug":"vaticano-denuncia-a-expansao-na-onu-de-uma-ideologia-contraria-a-vida","status":"publish","type":"post","link":"https:\/\/news.ecclesia.org.br\/?p=26188","title":{"rendered":"Vaticano denuncia a expans\u00e3o na ONU de uma ideologia contr\u00e1ria \u00e0 vida"},"content":{"rendered":"<figure id=\"attachment_26189\" aria-describedby=\"caption-attachment-26189\" style=\"width: 300px\" class=\"wp-caption alignleft\"><a href=\"https:\/\/news.ecclesia.org.br\/wp-content\/uploads\/2018\/10\/MonsGallagherONU_HolySeeUN.jpg\"><img fetchpriority=\"high\" decoding=\"async\" class=\"size-medium wp-image-26189\" src=\"https:\/\/news.ecclesia.org.br\/wp-content\/uploads\/2018\/10\/MonsGallagherONU_HolySeeUN-300x167.jpg\" alt=\"\" width=\"300\" height=\"167\" srcset=\"https:\/\/news.ecclesia.org.br\/wp-content\/uploads\/2018\/10\/MonsGallagherONU_HolySeeUN-300x167.jpg 300w, https:\/\/news.ecclesia.org.br\/wp-content\/uploads\/2018\/10\/MonsGallagherONU_HolySeeUN-600x334.jpg 600w, https:\/\/news.ecclesia.org.br\/wp-content\/uploads\/2018\/10\/MonsGallagherONU_HolySeeUN-99x55.jpg 99w, https:\/\/news.ecclesia.org.br\/wp-content\/uploads\/2018\/10\/MonsGallagherONU_HolySeeUN.jpg 680w\" sizes=\"(max-width: 300px) 100vw, 300px\" \/><\/a><figcaption id=\"caption-attachment-26189\" class=\"wp-caption-text\">Dom Paul Richard Gallagher durante sua interven\u00e7\u00e3o na ONU. Foto: HolySeeUN<\/figcaption><\/figure>\n<p style=\"text-align: justify;\">NOVA IORQUE, 03 Out. 18 \/ 09:30 am (ACI).- O Chefe da Delega\u00e7\u00e3o da Santa S\u00e9 ante a ONU, Dom Paul Gallagher, denunciou na Assembleia Geral das Na\u00e7\u00f5es Unidas a presen\u00e7a em v\u00e1rios organismos da ONU da ideologia que ignora os nascituros, os doentes e os deficientes por consider\u00e1-los \u201cprescind\u00edveis\u201d.<\/p>\n<p style=\"text-align: justify;\">Em um discurso sobre como tornar as Na\u00e7\u00f5es Unidas relevante para as pessoas, Dom Gallagher assegurou que \u201ca Santa S\u00e9 est\u00e1 especialmente preocupada pela interpreta\u00e7\u00e3o cada vez mais limitada do direto \u00e0 vida, tanto em n\u00edvel nacional como nos tratados e mecanismos em defesa dos direitos humanos\u201d.<\/p>\n<p style=\"text-align: justify;\">\u201cEsta tend\u00eancia se evidencia de forma particular na corrente do discurso de direitos humanos que se nega a reconhecer o valor inerente e a dignidade da vida humana em todas as etapas, em seu in\u00edcio, desenvolvimento e fim\u201d, explicou.<\/p>\n<p style=\"text-align: justify;\">Nesse sentido, lamentou que \u201cesse enfoque busca uma hierarquia de direitos humanos, relativizando a dignidade humana, atribuindo um valor maior e at\u00e9 mesmo mais direitos aos fortes e saud\u00e1veis, enquanto se descarta os fr\u00e1geis\u201d.<\/p>\n<p style=\"text-align: justify;\">Assim, denunciou que \u201cessa ideologia presente, infelizmente, em v\u00e1rios dos organismos do quadro de direitos humanos da ONU, conduz a graves desigualdades e injusti\u00e7as, muitas vezes ignorando as crian\u00e7as que est\u00e3o no \u00fatero e tratando a vida das pessoas idosas e com defici\u00eancia como se fossem prescind\u00edveis, ou como um peso para a sociedade\u201d.<\/p>\n<p style=\"text-align: justify;\">Em seu discurso, o Chefe da Delega\u00e7\u00e3o da Santa S\u00e9 ante a ONU sublinhou que \u201co reconhecimento da dignidade inerente a todos os seres humanos \u00e9 a pedra angular dos pilares sobre os quais a ONU foi cimentada\u201d.<\/p>\n<p style=\"text-align: justify;\">\u201cFalar da dignidade humana setenta anos depois da ado\u00e7\u00e3o da Declara\u00e7\u00e3o Universal dos Direitos Humanos significa, sobretudo, reafirmar a centralidade e o valor intr\u00ednseco da pessoa humana e reafirmar os direitos inerentes compartilhados por todos os homens e mulheres\u201d.<\/p>\n<p style=\"text-align: justify;\">Al\u00e9m disso, destacou que \u201co mundo precisa recuperar uma vis\u00e3o global da pessoa humana, da dignidade humana e dos direitos humanos, pois qualquer vis\u00e3o reducionista da pessoa humana inevitavelmente desumaniza e exclui de forma efetiva determinadas pessoas de sua perman\u00eancia na ra\u00e7a humana, abrindo assim caminhos \u00e0 desigualdade, \u00e0 injusti\u00e7a e ao dano\u201d.<\/p>\n<p style=\"text-align: justify;\">Por isso, advertiu que \u201c\u00e9 escandaloso comprovar que os direitos humanos continuam sendo violados hoje, sete d\u00e9cadas depois da ado\u00e7\u00e3o da Declara\u00e7\u00e3o Universal dos Direitos Humanos\u201d.<\/p>\n<p style=\"text-align: justify;\">Em seu discurso, Dom Gallagher tamb\u00e9m falou da necessidade de um pacto global sobre refugiados e migra\u00e7\u00f5es; falou sobre os conflitos atuais e o terrorismo que amea\u00e7a a paz no mundo; analisou a situa\u00e7\u00e3o das fam\u00edlias, das mulheres e das crian\u00e7as; defendeu o compromisso com o desenvolvimento integral da pessoa; e refletiu sobre os desafios ambientais que o planeta enfrenta.<\/p>\n<p style=\"text-align: right;\">Fonte: <a href=\"https:\/\/www.acidigital.com\/noticias\/vaticano-denuncia-a-expansao-na-onu-de-uma-ideologia-contraria-a-vida-67462\" target=\"_blank\" rel=\"noopener\">ACI Digital<\/a><\/p>\n","protected":false},"excerpt":{"rendered":"<p>NOVA IORQUE, 03 Out. 18 \/ 09:30 am (ACI).- O Chefe da Delega\u00e7\u00e3o da Santa S\u00e9 ante a ONU, Dom Paul Gallagher, denunciou na Assembleia Geral das Na\u00e7\u00f5es Unidas a presen\u00e7a em v\u00e1rios organismos da ONU da ideologia que ignora&#8230;<\/p>\n","protected":false},"author":1,"featured_media":0,"comment_status":"open","ping_status":"open","sticky":false,"template":"","format":"standard","meta":{"_acf_changed":false,"footnotes":""},"categories":[1],"tags":[],"class_list":["post-26188","post","type-post","status-publish","format-standard","hentry","category-news","entry","rows-excerpt"],"acf":[],"yoast_head":"<!-- This site is optimized with the Yoast SEO plugin v27.4 - https:\/\/yoast.com\/product\/yoast-seo-wordpress\/ -->\n<title>Vaticano denuncia a expans\u00e3o na ONU de uma ideologia contr\u00e1ria \u00e0 vida | ECCLESIA NEWS<\/title>\n<meta name=\"robots\" content=\"index, follow, max-snippet:-1, max-image-preview:large, max-video-preview:-1\" \/>\n<link rel=\"canonical\" href=\"https:\/\/news.ecclesia.org.br\/?p=26188\" \/>\n<meta property=\"og:locale\" content=\"pt_BR\" \/>\n<meta property=\"og:type\" content=\"article\" \/>\n<meta property=\"og:title\" content=\"Vaticano denuncia a expans\u00e3o na ONU de uma ideologia contr\u00e1ria \u00e0 vida | ECCLESIA NEWS\" \/>\n<meta property=\"og:description\" content=\"NOVA IORQUE, 03 Out. 18 \/ 09:30 am (ACI).- O Chefe da Delega\u00e7\u00e3o da Santa S\u00e9 ante a ONU, Dom Paul Gallagher, denunciou na Assembleia Geral das Na\u00e7\u00f5es Unidas a presen\u00e7a em v\u00e1rios organismos da ONU da ideologia que ignora&#8230;\" \/>\n<meta property=\"og:url\" content=\"https:\/\/news.ecclesia.org.br\/?p=26188\" \/>\n<meta property=\"og:site_name\" content=\"ECCLESIA NEWS\" \/>\n<meta property=\"article:publisher\" content=\"https:\/\/www.facebook.com\/Ecclesia2025\" \/>\n<meta property=\"article:published_time\" content=\"2018-10-03T18:12:25+00:00\" \/>\n<meta property=\"article:modified_time\" content=\"2021-08-03T23:04:15+00:00\" \/>\n<meta property=\"og:image\" content=\"https:\/\/news.ecclesia.org.br\/wp-content\/uploads\/2018\/10\/MonsGallagherONU_HolySeeUN-300x167.jpg\" \/>\n<meta name=\"author\" content=\"Pe. Andr\u00e9\" \/>\n<meta name=\"twitter:card\" content=\"summary_large_image\" \/>\n<meta name=\"twitter:creator\" content=\"@EcclesiaNews\" \/>\n<meta name=\"twitter:site\" content=\"@EcclesiaNews\" \/>\n<meta name=\"twitter:label1\" content=\"Escrito por\" \/>\n\t<meta name=\"twitter:data1\" content=\"Pe. Andr\u00e9\" \/>\n\t<meta name=\"twitter:label2\" content=\"Est. tempo de leitura\" \/>\n\t<meta name=\"twitter:data2\" content=\"2 minutos\" \/>\n<script type=\"application\/ld+json\" class=\"yoast-schema-graph\">{\"@context\":\"https:\\\/\\\/schema.org\",\"@graph\":[{\"@type\":\"Article\",\"@id\":\"https:\\\/\\\/news.ecclesia.org.br\\\/?p=26188#article\",\"isPartOf\":{\"@id\":\"https:\\\/\\\/news.ecclesia.org.br\\\/?p=26188\"},\"author\":{\"name\":\"Pe. Andr\u00e9\",\"@id\":\"https:\\\/\\\/news.ecclesia.org.br\\\/#\\\/schema\\\/person\\\/6f09597f025829745ba414a569f63758\"},\"headline\":\"Vaticano denuncia a expans\u00e3o na ONU de uma ideologia contr\u00e1ria \u00e0 vida\",\"datePublished\":\"2018-10-03T18:12:25+00:00\",\"dateModified\":\"2021-08-03T23:04:15+00:00\",\"mainEntityOfPage\":{\"@id\":\"https:\\\/\\\/news.ecclesia.org.br\\\/?p=26188\"},\"wordCount\":505,\"commentCount\":0,\"publisher\":{\"@id\":\"https:\\\/\\\/news.ecclesia.org.br\\\/#organization\"},\"image\":{\"@id\":\"https:\\\/\\\/news.ecclesia.org.br\\\/?p=26188#primaryimage\"},\"thumbnailUrl\":\"https:\\\/\\\/news.ecclesia.org.br\\\/wp-content\\\/uploads\\\/2018\\\/10\\\/MonsGallagherONU_HolySeeUN-300x167.jpg\",\"articleSection\":[\"NEWS\"],\"inLanguage\":\"pt-BR\",\"potentialAction\":[{\"@type\":\"CommentAction\",\"name\":\"Comment\",\"target\":[\"https:\\\/\\\/news.ecclesia.org.br\\\/?p=26188#respond\"]}]},{\"@type\":\"WebPage\",\"@id\":\"https:\\\/\\\/news.ecclesia.org.br\\\/?p=26188\",\"url\":\"https:\\\/\\\/news.ecclesia.org.br\\\/?p=26188\",\"name\":\"Vaticano denuncia a expans\u00e3o na ONU de uma ideologia contr\u00e1ria \u00e0 vida | ECCLESIA NEWS\",\"isPartOf\":{\"@id\":\"https:\\\/\\\/news.ecclesia.org.br\\\/#website\"},\"primaryImageOfPage\":{\"@id\":\"https:\\\/\\\/news.ecclesia.org.br\\\/?p=26188#primaryimage\"},\"image\":{\"@id\":\"https:\\\/\\\/news.ecclesia.org.br\\\/?p=26188#primaryimage\"},\"thumbnailUrl\":\"https:\\\/\\\/news.ecclesia.org.br\\\/wp-content\\\/uploads\\\/2018\\\/10\\\/MonsGallagherONU_HolySeeUN-300x167.jpg\",\"datePublished\":\"2018-10-03T18:12:25+00:00\",\"dateModified\":\"2021-08-03T23:04:15+00:00\",\"breadcrumb\":{\"@id\":\"https:\\\/\\\/news.ecclesia.org.br\\\/?p=26188#breadcrumb\"},\"inLanguage\":\"pt-BR\",\"potentialAction\":[{\"@type\":\"ReadAction\",\"target\":[\"https:\\\/\\\/news.ecclesia.org.br\\\/?p=26188\"]}]},{\"@type\":\"ImageObject\",\"inLanguage\":\"pt-BR\",\"@id\":\"https:\\\/\\\/news.ecclesia.org.br\\\/?p=26188#primaryimage\",\"url\":\"https:\\\/\\\/news.ecclesia.org.br\\\/wp-content\\\/uploads\\\/2018\\\/10\\\/MonsGallagherONU_HolySeeUN.jpg\",\"contentUrl\":\"https:\\\/\\\/news.ecclesia.org.br\\\/wp-content\\\/uploads\\\/2018\\\/10\\\/MonsGallagherONU_HolySeeUN.jpg\",\"width\":680,\"height\":378,\"caption\":\"Dom Paul Richard Gallagher durante sua interven\u00e7\u00e3o na ONU. Foto: HolySeeUN\"},{\"@type\":\"BreadcrumbList\",\"@id\":\"https:\\\/\\\/news.ecclesia.org.br\\\/?p=26188#breadcrumb\",\"itemListElement\":[{\"@type\":\"ListItem\",\"position\":1,\"name\":\"In\u00edcio\",\"item\":\"https:\\\/\\\/news.ecclesia.org.br\\\/\"},{\"@type\":\"ListItem\",\"position\":2,\"name\":\"Vaticano denuncia a expans\u00e3o na ONU de uma ideologia contr\u00e1ria \u00e0 vida\"}]},{\"@type\":\"WebSite\",\"@id\":\"https:\\\/\\\/news.ecclesia.org.br\\\/#website\",\"url\":\"https:\\\/\\\/news.ecclesia.org.br\\\/\",\"name\":\"Ecclesia Brasil\",\"description\":\"Desde 2003 onectando o Brasil ao mundo ortodoxo!\",\"publisher\":{\"@id\":\"https:\\\/\\\/news.ecclesia.org.br\\\/#organization\"},\"alternateName\":\"Ecclesia\",\"potentialAction\":[{\"@type\":\"SearchAction\",\"target\":{\"@type\":\"EntryPoint\",\"urlTemplate\":\"https:\\\/\\\/news.ecclesia.org.br\\\/?s={search_term_string}\"},\"query-input\":{\"@type\":\"PropertyValueSpecification\",\"valueRequired\":true,\"valueName\":\"search_term_string\"}}],\"inLanguage\":\"pt-BR\"},{\"@type\":\"Organization\",\"@id\":\"https:\\\/\\\/news.ecclesia.org.br\\\/#organization\",\"name\":\"Sacra Arquidiocese de Buenos Aires e Am\u00e9rica do Sul | Patriarcado Ecum\u00eanico\",\"alternateName\":\"News Ecclesia Brasil\",\"url\":\"https:\\\/\\\/news.ecclesia.org.br\\\/\",\"logo\":{\"@type\":\"ImageObject\",\"inLanguage\":\"pt-BR\",\"@id\":\"https:\\\/\\\/news.ecclesia.org.br\\\/#\\\/schema\\\/logo\\\/image\\\/\",\"url\":\"https:\\\/\\\/news.ecclesia.org.br\\\/wp-content\\\/uploads\\\/2025\\\/05\\\/ecclesia2.png\",\"contentUrl\":\"https:\\\/\\\/news.ecclesia.org.br\\\/wp-content\\\/uploads\\\/2025\\\/05\\\/ecclesia2.png\",\"width\":480,\"height\":120,\"caption\":\"Sacra Arquidiocese de Buenos Aires e Am\u00e9rica do Sul | Patriarcado Ecum\u00eanico\"},\"image\":{\"@id\":\"https:\\\/\\\/news.ecclesia.org.br\\\/#\\\/schema\\\/logo\\\/image\\\/\"},\"sameAs\":[\"https:\\\/\\\/www.facebook.com\\\/Ecclesia2025\",\"https:\\\/\\\/x.com\\\/EcclesiaNews\",\"https:\\\/\\\/br.pinterest.com\\\/ekklisia\\\/\",\"https:\\\/\\\/www.youtube.com\\\/@EcclesiaBrasil\"]},{\"@type\":\"Person\",\"@id\":\"https:\\\/\\\/news.ecclesia.org.br\\\/#\\\/schema\\\/person\\\/6f09597f025829745ba414a569f63758\",\"name\":\"Pe. Andr\u00e9\",\"image\":{\"@type\":\"ImageObject\",\"inLanguage\":\"pt-BR\",\"@id\":\"https:\\\/\\\/secure.gravatar.com\\\/avatar\\\/b4327cfa27e9799da239a26adcd534fc29cdc0c4a4a148eecbcfeb9b42c617ac?s=96&d=mm&r=g\",\"url\":\"https:\\\/\\\/secure.gravatar.com\\\/avatar\\\/b4327cfa27e9799da239a26adcd534fc29cdc0c4a4a148eecbcfeb9b42c617ac?s=96&d=mm&r=g\",\"contentUrl\":\"https:\\\/\\\/secure.gravatar.com\\\/avatar\\\/b4327cfa27e9799da239a26adcd534fc29cdc0c4a4a148eecbcfeb9b42c617ac?s=96&d=mm&r=g\",\"caption\":\"Pe. Andr\u00e9\"},\"sameAs\":[\"https:\\\/\\\/www.ecclesia.org.br\"]}]}<\/script>\n<!-- \/ Yoast SEO plugin. -->","yoast_head_json":{"title":"Vaticano denuncia a expans\u00e3o na ONU de uma ideologia contr\u00e1ria \u00e0 vida | ECCLESIA NEWS","robots":{"index":"index","follow":"follow","max-snippet":"max-snippet:-1","max-image-preview":"max-image-preview:large","max-video-preview":"max-video-preview:-1"},"canonical":"https:\/\/news.ecclesia.org.br\/?p=26188","og_locale":"pt_BR","og_type":"article","og_title":"Vaticano denuncia a expans\u00e3o na ONU de uma ideologia contr\u00e1ria \u00e0 vida | ECCLESIA NEWS","og_description":"NOVA IORQUE, 03 Out. 18 \/ 09:30 am (ACI).- O Chefe da Delega\u00e7\u00e3o da Santa S\u00e9 ante a ONU, Dom Paul Gallagher, denunciou na Assembleia Geral das Na\u00e7\u00f5es Unidas a presen\u00e7a em v\u00e1rios organismos da ONU da ideologia que ignora&#8230;","og_url":"https:\/\/news.ecclesia.org.br\/?p=26188","og_site_name":"ECCLESIA NEWS","article_publisher":"https:\/\/www.facebook.com\/Ecclesia2025","article_published_time":"2018-10-03T18:12:25+00:00","article_modified_time":"2021-08-03T23:04:15+00:00","og_image":[{"url":"https:\/\/news.ecclesia.org.br\/wp-content\/uploads\/2018\/10\/MonsGallagherONU_HolySeeUN-300x167.jpg","type":"","width":"","height":""}],"author":"Pe. Andr\u00e9","twitter_card":"summary_large_image","twitter_creator":"@EcclesiaNews","twitter_site":"@EcclesiaNews","twitter_misc":{"Escrito por":"Pe. Andr\u00e9","Est. tempo de leitura":"2 minutos"},"schema":{"@context":"https:\/\/schema.org","@graph":[{"@type":"Article","@id":"https:\/\/news.ecclesia.org.br\/?p=26188#article","isPartOf":{"@id":"https:\/\/news.ecclesia.org.br\/?p=26188"},"author":{"name":"Pe. Andr\u00e9","@id":"https:\/\/news.ecclesia.org.br\/#\/schema\/person\/6f09597f025829745ba414a569f63758"},"headline":"Vaticano denuncia a expans\u00e3o na ONU de uma ideologia contr\u00e1ria \u00e0 vida","datePublished":"2018-10-03T18:12:25+00:00","dateModified":"2021-08-03T23:04:15+00:00","mainEntityOfPage":{"@id":"https:\/\/news.ecclesia.org.br\/?p=26188"},"wordCount":505,"commentCount":0,"publisher":{"@id":"https:\/\/news.ecclesia.org.br\/#organization"},"image":{"@id":"https:\/\/news.ecclesia.org.br\/?p=26188#primaryimage"},"thumbnailUrl":"https:\/\/news.ecclesia.org.br\/wp-content\/uploads\/2018\/10\/MonsGallagherONU_HolySeeUN-300x167.jpg","articleSection":["NEWS"],"inLanguage":"pt-BR","potentialAction":[{"@type":"CommentAction","name":"Comment","target":["https:\/\/news.ecclesia.org.br\/?p=26188#respond"]}]},{"@type":"WebPage","@id":"https:\/\/news.ecclesia.org.br\/?p=26188","url":"https:\/\/news.ecclesia.org.br\/?p=26188","name":"Vaticano denuncia a expans\u00e3o na ONU de uma ideologia contr\u00e1ria \u00e0 vida | ECCLESIA NEWS","isPartOf":{"@id":"https:\/\/news.ecclesia.org.br\/#website"},"primaryImageOfPage":{"@id":"https:\/\/news.ecclesia.org.br\/?p=26188#primaryimage"},"image":{"@id":"https:\/\/news.ecclesia.org.br\/?p=26188#primaryimage"},"thumbnailUrl":"https:\/\/news.ecclesia.org.br\/wp-content\/uploads\/2018\/10\/MonsGallagherONU_HolySeeUN-300x167.jpg","datePublished":"2018-10-03T18:12:25+00:00","dateModified":"2021-08-03T23:04:15+00:00","breadcrumb":{"@id":"https:\/\/news.ecclesia.org.br\/?p=26188#breadcrumb"},"inLanguage":"pt-BR","potentialAction":[{"@type":"ReadAction","target":["https:\/\/news.ecclesia.org.br\/?p=26188"]}]},{"@type":"ImageObject","inLanguage":"pt-BR","@id":"https:\/\/news.ecclesia.org.br\/?p=26188#primaryimage","url":"https:\/\/news.ecclesia.org.br\/wp-content\/uploads\/2018\/10\/MonsGallagherONU_HolySeeUN.jpg","contentUrl":"https:\/\/news.ecclesia.org.br\/wp-content\/uploads\/2018\/10\/MonsGallagherONU_HolySeeUN.jpg","width":680,"height":378,"caption":"Dom Paul Richard Gallagher durante sua interven\u00e7\u00e3o na ONU. Foto: HolySeeUN"},{"@type":"BreadcrumbList","@id":"https:\/\/news.ecclesia.org.br\/?p=26188#breadcrumb","itemListElement":[{"@type":"ListItem","position":1,"name":"In\u00edcio","item":"https:\/\/news.ecclesia.org.br\/"},{"@type":"ListItem","position":2,"name":"Vaticano denuncia a expans\u00e3o na ONU de uma ideologia contr\u00e1ria \u00e0 vida"}]},{"@type":"WebSite","@id":"https:\/\/news.ecclesia.org.br\/#website","url":"https:\/\/news.ecclesia.org.br\/","name":"Ecclesia Brasil","description":"Desde 2003 onectando o Brasil ao mundo ortodoxo!","publisher":{"@id":"https:\/\/news.ecclesia.org.br\/#organization"},"alternateName":"Ecclesia","potentialAction":[{"@type":"SearchAction","target":{"@type":"EntryPoint","urlTemplate":"https:\/\/news.ecclesia.org.br\/?s={search_term_string}"},"query-input":{"@type":"PropertyValueSpecification","valueRequired":true,"valueName":"search_term_string"}}],"inLanguage":"pt-BR"},{"@type":"Organization","@id":"https:\/\/news.ecclesia.org.br\/#organization","name":"Sacra Arquidiocese de Buenos Aires e Am\u00e9rica do Sul | Patriarcado Ecum\u00eanico","alternateName":"News Ecclesia Brasil","url":"https:\/\/news.ecclesia.org.br\/","logo":{"@type":"ImageObject","inLanguage":"pt-BR","@id":"https:\/\/news.ecclesia.org.br\/#\/schema\/logo\/image\/","url":"https:\/\/news.ecclesia.org.br\/wp-content\/uploads\/2025\/05\/ecclesia2.png","contentUrl":"https:\/\/news.ecclesia.org.br\/wp-content\/uploads\/2025\/05\/ecclesia2.png","width":480,"height":120,"caption":"Sacra Arquidiocese de Buenos Aires e Am\u00e9rica do Sul | Patriarcado Ecum\u00eanico"},"image":{"@id":"https:\/\/news.ecclesia.org.br\/#\/schema\/logo\/image\/"},"sameAs":["https:\/\/www.facebook.com\/Ecclesia2025","https:\/\/x.com\/EcclesiaNews","https:\/\/br.pinterest.com\/ekklisia\/","https:\/\/www.youtube.com\/@EcclesiaBrasil"]},{"@type":"Person","@id":"https:\/\/news.ecclesia.org.br\/#\/schema\/person\/6f09597f025829745ba414a569f63758","name":"Pe. Andr\u00e9","image":{"@type":"ImageObject","inLanguage":"pt-BR","@id":"https:\/\/secure.gravatar.com\/avatar\/b4327cfa27e9799da239a26adcd534fc29cdc0c4a4a148eecbcfeb9b42c617ac?s=96&d=mm&r=g","url":"https:\/\/secure.gravatar.com\/avatar\/b4327cfa27e9799da239a26adcd534fc29cdc0c4a4a148eecbcfeb9b42c617ac?s=96&d=mm&r=g","contentUrl":"https:\/\/secure.gravatar.com\/avatar\/b4327cfa27e9799da239a26adcd534fc29cdc0c4a4a148eecbcfeb9b42c617ac?s=96&d=mm&r=g","caption":"Pe. Andr\u00e9"},"sameAs":["https:\/\/www.ecclesia.org.br"]}]}},"_links":{"self":[{"href":"https:\/\/news.ecclesia.org.br\/index.php?rest_route=\/wp\/v2\/posts\/26188","targetHints":{"allow":["GET"]}}],"collection":[{"href":"https:\/\/news.ecclesia.org.br\/index.php?rest_route=\/wp\/v2\/posts"}],"about":[{"href":"https:\/\/news.ecclesia.org.br\/index.php?rest_route=\/wp\/v2\/types\/post"}],"author":[{"embeddable":true,"href":"https:\/\/news.ecclesia.org.br\/index.php?rest_route=\/wp\/v2\/users\/1"}],"replies":[{"embeddable":true,"href":"https:\/\/news.ecclesia.org.br\/index.php?rest_route=%2Fwp%2Fv2%2Fcomments&post=26188"}],"version-history":[{"count":1,"href":"https:\/\/news.ecclesia.org.br\/index.php?rest_route=\/wp\/v2\/posts\/26188\/revisions"}],"predecessor-version":[{"id":38647,"href":"https:\/\/news.ecclesia.org.br\/index.php?rest_route=\/wp\/v2\/posts\/26188\/revisions\/38647"}],"wp:attachment":[{"href":"https:\/\/news.ecclesia.org.br\/index.php?rest_route=%2Fwp%2Fv2%2Fmedia&parent=26188"}],"wp:term":[{"taxonomy":"category","embeddable":true,"href":"https:\/\/news.ecclesia.org.br\/index.php?rest_route=%2Fwp%2Fv2%2Fcategories&post=26188"},{"taxonomy":"post_tag","embeddable":true,"href":"https:\/\/news.ecclesia.org.br\/index.php?rest_route=%2Fwp%2Fv2%2Ftags&post=26188"}],"curies":[{"name":"wp","href":"https:\/\/api.w.org\/{rel}","templated":true}]}}