{"id":26152,"date":"2018-09-13T19:04:47","date_gmt":"2018-09-13T19:04:47","guid":{"rendered":"https:\/\/news.ecclesia.org.br\/?p=26152"},"modified":"2021-08-03T20:05:01","modified_gmt":"2021-08-03T23:05:01","slug":"metropolitano-emmanuel-da-franca-sobre-a-questao-ucraniana","status":"publish","type":"post","link":"https:\/\/news.ecclesia.org.br\/?p=26152","title":{"rendered":"Metropolita Emmanuel da Fran\u00e7a: Igreja Ortodoxa e a quest\u00e3o ucraniana"},"content":{"rendered":"<p style=\"text-align: justify;\"><strong>Metropolita Emmanuel (Patriarcado Ecum\u00eanico), \u00abatrav\u00e9s do di\u00e1logo, a f\u00e9 se torna um agente da paz\u00bb<\/strong><\/p>\n<p style=\"text-align: justify;\">10 de setembro de 2018 [M. Chiara BiagioniM. Chiara Biagioni] &#8212; Em entrevista ao SIR o Metropolita Emmanuel de Fran\u00e7a falou sobre o encontro entre o Patriarca Bartolomeu de Constantinopla e o Patriarca Cirilo de Moscou, no Phanar.<\/p>\n<blockquote>\n<p style=\"text-align: justify;\">Posso confirmar que o Patriarcado ecum\u00eanico &#8211; consciente de sua responsabilidade como Igreja Matriz e em resposta aos pedidos do povo ucraniano &#8211; ap\u00f3s uma an\u00e1lise profunda desta quest\u00e3o, decidiu conceder autocefalia \u00e0 Igreja Ortodoxa Ucraniana para consertar a divis\u00e3o entre fi\u00e9is ortodoxos no pa\u00eds.<\/p>\n<\/blockquote>\n<p style=\"text-align: justify;\">O processo de autocefalia da Igreja Ortodoxa Ucraniana \u00e9 uma quest\u00e3o delicada em muitos aspectos. Estima-se que com esta concess\u00e3o quase 30 milh\u00f5es de pessoas &#8211; o n\u00famero total de fi\u00e9is ortodoxos ucranianos &#8211; e os que vivem na di\u00e1spora j\u00e1 n\u00e3o depender\u00e3o do Patriarcado de Moscou, mas do de Kiev. Um s\u00edmbolo do in\u00edcio e da natureza irrevog\u00e1vel do processo \u00e9 a recente nomea\u00e7\u00e3o de dois exarcas na Ucr\u00e2nia: o Arcebispo Daniel de Pamphilon (Estados Unidos) e o Bispo Ilarion de Edmonton, do Canad\u00e1.<\/p>\n<p style=\"text-align: justify;\"><strong>Emin\u00eancia, poderia nos explicar melhor essa nomea\u00e7\u00e3o e, especialmente, o papel que os dois exarcas ter\u00e3o na Ucr\u00e2nia?<\/strong><\/p>\n<blockquote>\n<p style=\"text-align: justify;\">A recente nomea\u00e7\u00e3o de dois exarcas na Ucr\u00e2nia por parte do Patriarcado Ecum\u00eanico enfatiza a determina\u00e7\u00e3o do Patriarca Ecum\u00eanico Bartolomeu de resolver com sucesso as divis\u00f5es entre os ortodoxos ucranianos, ao mesmo tempo em que destaca um progresso hist\u00f3rico. Buscar o dentido da hist\u00f3ria \u00e9 uma responsabilidade incessante, pois \u00e9 responsabilidade da salvaguarda constante da unidade do corpo eclesial. Os dois exarcas s\u00e3o assim chamados a preparar o caminho para a autocefalia. Deve-se salientar que, neste caso, o processo \u00e9 t\u00e3o importante quanto o objetivo. De fato, atrav\u00e9s deste processo, os v\u00e1rios ramos da Igreja Ortodoxa Ucraniana podem ser aproximados.<\/p>\n<\/blockquote>\n<p style=\"text-align: justify;\">Sua principal miss\u00e3o \u00e9 facilitar os contatos, construir pontes, promover o di\u00e1logo e, finalmente, contribuir para a constru\u00e7\u00e3o de uma Igreja independente local.<\/p>\n<p><strong> Ele foi a \u00fanica pessoa &#8211; junto com o Metropolita Hilarion &#8211; a participar do encontro a portas fechadas entre o Patriarca Bartolomeu e o Patriarca Cirilo. Poderia nos contar mais sobre a reuni\u00e3o?<\/strong><\/p>\n<blockquote>\n<p style=\"text-align: justify;\">Em primeiro lugar, deve-se dizer que o encontro entre o Patriarca Ecum\u00eanico Bartolomeu e o Patriarca Cirilo de Moscou, ocorreu em um clima caloroso e fraterno. O Patriarca Cirilo expressou seu especial agradecimento ao Patriarca Bartolomeu pelo ambiente amig\u00e1vel que caracterizou o encontro. A esse respeito, quero acrescentar que n\u00e3o se tratava apenas de pretender causar publicamente boa impress\u00e3o. Esse clima caloroso permaneceu o mesmo durante toda a dura\u00e7\u00e3o da reuni\u00e3o privada entre os dois l\u00edderes (mais de duas horas). Deve-se dizer que eles n\u00e3o se encontravam desde 2016, desde o Santo e Grande Conc\u00edlio de junho de 2016, que a Igreja Russa, com outras tr\u00eas Igrejas, infelizmente n\u00e3o compareceu.<\/p>\n<p style=\"text-align: justify;\">A reuni\u00e3o foi assim necess\u00e1ria, independentemente da quest\u00e3o ucraniana.<\/p>\n<\/blockquote>\n<hr \/>\n<p style=\"text-align: right;\">Fonte: <a href=\"https:\/\/agensir.it\/chiesa\/2018\/09\/10\/metropolitan-emmanuel-ecumenical-patriarchate-through-dialogue-faith-becomes-an-agent-of-peace\/\" target=\"_blank\" rel=\"noopener\">AGENSIR<\/a><\/p>\n","protected":false},"excerpt":{"rendered":"<p>Metropolita Emmanuel (Patriarcado Ecum\u00eanico), \u00abatrav\u00e9s do di\u00e1logo, a f\u00e9 se torna um agente da paz\u00bb 10 de setembro de 2018 [M. Chiara BiagioniM. Chiara Biagioni] &#8212; Em entrevista ao SIR o Metropolita Emmanuel de Fran\u00e7a falou sobre o encontro entre&#8230;<\/p>\n","protected":false},"author":1,"featured_media":26153,"comment_status":"open","ping_status":"open","sticky":false,"template":"","format":"standard","meta":{"_acf_changed":false,"footnotes":""},"categories":[72],"tags":[],"class_list":["post-26152","post","type-post","status-publish","format-standard","has-post-thumbnail","hentry","category-patriarcado-ecumenico","entry","rows-excerpt"],"acf":[],"yoast_head":"<!-- This site is optimized with the Yoast SEO plugin v27.4 - https:\/\/yoast.com\/product\/yoast-seo-wordpress\/ -->\n<title>Metropolita Emmanuel da Fran\u00e7a: Igreja Ortodoxa e a quest\u00e3o ucraniana | ECCLESIA NEWS<\/title>\n<meta name=\"robots\" content=\"index, follow, max-snippet:-1, max-image-preview:large, max-video-preview:-1\" \/>\n<link rel=\"canonical\" href=\"https:\/\/news.ecclesia.org.br\/?p=26152\" \/>\n<meta property=\"og:locale\" content=\"pt_BR\" \/>\n<meta property=\"og:type\" content=\"article\" \/>\n<meta property=\"og:title\" content=\"Metropolita Emmanuel da Fran\u00e7a: Igreja Ortodoxa e a quest\u00e3o ucraniana | ECCLESIA NEWS\" \/>\n<meta property=\"og:description\" content=\"Metropolita Emmanuel (Patriarcado Ecum\u00eanico), \u00abatrav\u00e9s do di\u00e1logo, a f\u00e9 se torna um agente da paz\u00bb 10 de setembro de 2018 [M. Chiara BiagioniM. Chiara Biagioni] &#8212; Em entrevista ao SIR o Metropolita Emmanuel de Fran\u00e7a falou sobre o encontro entre&#8230;\" \/>\n<meta property=\"og:url\" content=\"https:\/\/news.ecclesia.org.br\/?p=26152\" \/>\n<meta property=\"og:site_name\" content=\"ECCLESIA NEWS\" \/>\n<meta property=\"article:publisher\" content=\"https:\/\/www.facebook.com\/Ecclesia2025\" \/>\n<meta property=\"article:published_time\" content=\"2018-09-13T19:04:47+00:00\" \/>\n<meta property=\"article:modified_time\" content=\"2021-08-03T23:05:01+00:00\" \/>\n<meta property=\"og:image\" content=\"https:\/\/news.ecclesia.org.br\/wp-content\/uploads\/2018\/09\/emmanuel-1-755x491.jpeg.pagespeed.ce_.JqAgkNJyvJ.jpeg\" \/>\n\t<meta property=\"og:image:width\" content=\"755\" \/>\n\t<meta property=\"og:image:height\" content=\"491\" \/>\n\t<meta property=\"og:image:type\" content=\"image\/jpeg\" \/>\n<meta name=\"author\" content=\"Pe. Andr\u00e9\" \/>\n<meta name=\"twitter:card\" content=\"summary_large_image\" \/>\n<meta name=\"twitter:creator\" content=\"@EcclesiaNews\" \/>\n<meta name=\"twitter:site\" content=\"@EcclesiaNews\" \/>\n<meta name=\"twitter:label1\" content=\"Escrito por\" \/>\n\t<meta name=\"twitter:data1\" content=\"Pe. Andr\u00e9\" \/>\n\t<meta name=\"twitter:label2\" content=\"Est. tempo de leitura\" \/>\n\t<meta name=\"twitter:data2\" content=\"3 minutos\" \/>\n<script type=\"application\/ld+json\" class=\"yoast-schema-graph\">{\"@context\":\"https:\\\/\\\/schema.org\",\"@graph\":[{\"@type\":\"Article\",\"@id\":\"https:\\\/\\\/news.ecclesia.org.br\\\/?p=26152#article\",\"isPartOf\":{\"@id\":\"https:\\\/\\\/news.ecclesia.org.br\\\/?p=26152\"},\"author\":{\"name\":\"Pe. Andr\u00e9\",\"@id\":\"https:\\\/\\\/news.ecclesia.org.br\\\/#\\\/schema\\\/person\\\/6f09597f025829745ba414a569f63758\"},\"headline\":\"Metropolita Emmanuel da Fran\u00e7a: Igreja Ortodoxa e a quest\u00e3o ucraniana\",\"datePublished\":\"2018-09-13T19:04:47+00:00\",\"dateModified\":\"2021-08-03T23:05:01+00:00\",\"mainEntityOfPage\":{\"@id\":\"https:\\\/\\\/news.ecclesia.org.br\\\/?p=26152\"},\"wordCount\":537,\"commentCount\":0,\"publisher\":{\"@id\":\"https:\\\/\\\/news.ecclesia.org.br\\\/#organization\"},\"image\":{\"@id\":\"https:\\\/\\\/news.ecclesia.org.br\\\/?p=26152#primaryimage\"},\"thumbnailUrl\":\"https:\\\/\\\/news.ecclesia.org.br\\\/wp-content\\\/uploads\\\/2018\\\/09\\\/emmanuel-1-755x491.jpeg.pagespeed.ce_.JqAgkNJyvJ.jpeg\",\"articleSection\":[\"Patriarcado Ecum\u00eanico\"],\"inLanguage\":\"pt-BR\",\"potentialAction\":[{\"@type\":\"CommentAction\",\"name\":\"Comment\",\"target\":[\"https:\\\/\\\/news.ecclesia.org.br\\\/?p=26152#respond\"]}]},{\"@type\":\"WebPage\",\"@id\":\"https:\\\/\\\/news.ecclesia.org.br\\\/?p=26152\",\"url\":\"https:\\\/\\\/news.ecclesia.org.br\\\/?p=26152\",\"name\":\"Metropolita Emmanuel da Fran\u00e7a: Igreja Ortodoxa e a quest\u00e3o ucraniana | ECCLESIA NEWS\",\"isPartOf\":{\"@id\":\"https:\\\/\\\/news.ecclesia.org.br\\\/#website\"},\"primaryImageOfPage\":{\"@id\":\"https:\\\/\\\/news.ecclesia.org.br\\\/?p=26152#primaryimage\"},\"image\":{\"@id\":\"https:\\\/\\\/news.ecclesia.org.br\\\/?p=26152#primaryimage\"},\"thumbnailUrl\":\"https:\\\/\\\/news.ecclesia.org.br\\\/wp-content\\\/uploads\\\/2018\\\/09\\\/emmanuel-1-755x491.jpeg.pagespeed.ce_.JqAgkNJyvJ.jpeg\",\"datePublished\":\"2018-09-13T19:04:47+00:00\",\"dateModified\":\"2021-08-03T23:05:01+00:00\",\"breadcrumb\":{\"@id\":\"https:\\\/\\\/news.ecclesia.org.br\\\/?p=26152#breadcrumb\"},\"inLanguage\":\"pt-BR\",\"potentialAction\":[{\"@type\":\"ReadAction\",\"target\":[\"https:\\\/\\\/news.ecclesia.org.br\\\/?p=26152\"]}]},{\"@type\":\"ImageObject\",\"inLanguage\":\"pt-BR\",\"@id\":\"https:\\\/\\\/news.ecclesia.org.br\\\/?p=26152#primaryimage\",\"url\":\"https:\\\/\\\/news.ecclesia.org.br\\\/wp-content\\\/uploads\\\/2018\\\/09\\\/emmanuel-1-755x491.jpeg.pagespeed.ce_.JqAgkNJyvJ.jpeg\",\"contentUrl\":\"https:\\\/\\\/news.ecclesia.org.br\\\/wp-content\\\/uploads\\\/2018\\\/09\\\/emmanuel-1-755x491.jpeg.pagespeed.ce_.JqAgkNJyvJ.jpeg\",\"width\":755,\"height\":491,\"caption\":\"Metropolita Emmanuel de Fran\u00e7a\"},{\"@type\":\"BreadcrumbList\",\"@id\":\"https:\\\/\\\/news.ecclesia.org.br\\\/?p=26152#breadcrumb\",\"itemListElement\":[{\"@type\":\"ListItem\",\"position\":1,\"name\":\"In\u00edcio\",\"item\":\"https:\\\/\\\/news.ecclesia.org.br\\\/\"},{\"@type\":\"ListItem\",\"position\":2,\"name\":\"Metropolita Emmanuel da Fran\u00e7a: Igreja Ortodoxa e a quest\u00e3o ucraniana\"}]},{\"@type\":\"WebSite\",\"@id\":\"https:\\\/\\\/news.ecclesia.org.br\\\/#website\",\"url\":\"https:\\\/\\\/news.ecclesia.org.br\\\/\",\"name\":\"Ecclesia Brasil\",\"description\":\"Desde 2003 onectando o Brasil ao mundo ortodoxo!\",\"publisher\":{\"@id\":\"https:\\\/\\\/news.ecclesia.org.br\\\/#organization\"},\"alternateName\":\"Ecclesia\",\"potentialAction\":[{\"@type\":\"SearchAction\",\"target\":{\"@type\":\"EntryPoint\",\"urlTemplate\":\"https:\\\/\\\/news.ecclesia.org.br\\\/?s={search_term_string}\"},\"query-input\":{\"@type\":\"PropertyValueSpecification\",\"valueRequired\":true,\"valueName\":\"search_term_string\"}}],\"inLanguage\":\"pt-BR\"},{\"@type\":\"Organization\",\"@id\":\"https:\\\/\\\/news.ecclesia.org.br\\\/#organization\",\"name\":\"Sacra Arquidiocese de Buenos Aires e Am\u00e9rica do Sul | Patriarcado Ecum\u00eanico\",\"alternateName\":\"News Ecclesia Brasil\",\"url\":\"https:\\\/\\\/news.ecclesia.org.br\\\/\",\"logo\":{\"@type\":\"ImageObject\",\"inLanguage\":\"pt-BR\",\"@id\":\"https:\\\/\\\/news.ecclesia.org.br\\\/#\\\/schema\\\/logo\\\/image\\\/\",\"url\":\"https:\\\/\\\/news.ecclesia.org.br\\\/wp-content\\\/uploads\\\/2025\\\/05\\\/ecclesia2.png\",\"contentUrl\":\"https:\\\/\\\/news.ecclesia.org.br\\\/wp-content\\\/uploads\\\/2025\\\/05\\\/ecclesia2.png\",\"width\":480,\"height\":120,\"caption\":\"Sacra Arquidiocese de Buenos Aires e Am\u00e9rica do Sul | Patriarcado Ecum\u00eanico\"},\"image\":{\"@id\":\"https:\\\/\\\/news.ecclesia.org.br\\\/#\\\/schema\\\/logo\\\/image\\\/\"},\"sameAs\":[\"https:\\\/\\\/www.facebook.com\\\/Ecclesia2025\",\"https:\\\/\\\/x.com\\\/EcclesiaNews\",\"https:\\\/\\\/br.pinterest.com\\\/ekklisia\\\/\",\"https:\\\/\\\/www.youtube.com\\\/@EcclesiaBrasil\"]},{\"@type\":\"Person\",\"@id\":\"https:\\\/\\\/news.ecclesia.org.br\\\/#\\\/schema\\\/person\\\/6f09597f025829745ba414a569f63758\",\"name\":\"Pe. Andr\u00e9\",\"image\":{\"@type\":\"ImageObject\",\"inLanguage\":\"pt-BR\",\"@id\":\"https:\\\/\\\/secure.gravatar.com\\\/avatar\\\/b4327cfa27e9799da239a26adcd534fc29cdc0c4a4a148eecbcfeb9b42c617ac?s=96&d=mm&r=g\",\"url\":\"https:\\\/\\\/secure.gravatar.com\\\/avatar\\\/b4327cfa27e9799da239a26adcd534fc29cdc0c4a4a148eecbcfeb9b42c617ac?s=96&d=mm&r=g\",\"contentUrl\":\"https:\\\/\\\/secure.gravatar.com\\\/avatar\\\/b4327cfa27e9799da239a26adcd534fc29cdc0c4a4a148eecbcfeb9b42c617ac?s=96&d=mm&r=g\",\"caption\":\"Pe. Andr\u00e9\"},\"sameAs\":[\"https:\\\/\\\/www.ecclesia.org.br\"]}]}<\/script>\n<!-- \/ Yoast SEO plugin. -->","yoast_head_json":{"title":"Metropolita Emmanuel da Fran\u00e7a: Igreja Ortodoxa e a quest\u00e3o ucraniana | ECCLESIA NEWS","robots":{"index":"index","follow":"follow","max-snippet":"max-snippet:-1","max-image-preview":"max-image-preview:large","max-video-preview":"max-video-preview:-1"},"canonical":"https:\/\/news.ecclesia.org.br\/?p=26152","og_locale":"pt_BR","og_type":"article","og_title":"Metropolita Emmanuel da Fran\u00e7a: Igreja Ortodoxa e a quest\u00e3o ucraniana | ECCLESIA NEWS","og_description":"Metropolita Emmanuel (Patriarcado Ecum\u00eanico), \u00abatrav\u00e9s do di\u00e1logo, a f\u00e9 se torna um agente da paz\u00bb 10 de setembro de 2018 [M. Chiara BiagioniM. Chiara Biagioni] &#8212; Em entrevista ao SIR o Metropolita Emmanuel de Fran\u00e7a falou sobre o encontro entre&#8230;","og_url":"https:\/\/news.ecclesia.org.br\/?p=26152","og_site_name":"ECCLESIA NEWS","article_publisher":"https:\/\/www.facebook.com\/Ecclesia2025","article_published_time":"2018-09-13T19:04:47+00:00","article_modified_time":"2021-08-03T23:05:01+00:00","og_image":[{"width":755,"height":491,"url":"https:\/\/news.ecclesia.org.br\/wp-content\/uploads\/2018\/09\/emmanuel-1-755x491.jpeg.pagespeed.ce_.JqAgkNJyvJ.jpeg","type":"image\/jpeg"}],"author":"Pe. Andr\u00e9","twitter_card":"summary_large_image","twitter_creator":"@EcclesiaNews","twitter_site":"@EcclesiaNews","twitter_misc":{"Escrito por":"Pe. Andr\u00e9","Est. tempo de leitura":"3 minutos"},"schema":{"@context":"https:\/\/schema.org","@graph":[{"@type":"Article","@id":"https:\/\/news.ecclesia.org.br\/?p=26152#article","isPartOf":{"@id":"https:\/\/news.ecclesia.org.br\/?p=26152"},"author":{"name":"Pe. Andr\u00e9","@id":"https:\/\/news.ecclesia.org.br\/#\/schema\/person\/6f09597f025829745ba414a569f63758"},"headline":"Metropolita Emmanuel da Fran\u00e7a: Igreja Ortodoxa e a quest\u00e3o ucraniana","datePublished":"2018-09-13T19:04:47+00:00","dateModified":"2021-08-03T23:05:01+00:00","mainEntityOfPage":{"@id":"https:\/\/news.ecclesia.org.br\/?p=26152"},"wordCount":537,"commentCount":0,"publisher":{"@id":"https:\/\/news.ecclesia.org.br\/#organization"},"image":{"@id":"https:\/\/news.ecclesia.org.br\/?p=26152#primaryimage"},"thumbnailUrl":"https:\/\/news.ecclesia.org.br\/wp-content\/uploads\/2018\/09\/emmanuel-1-755x491.jpeg.pagespeed.ce_.JqAgkNJyvJ.jpeg","articleSection":["Patriarcado Ecum\u00eanico"],"inLanguage":"pt-BR","potentialAction":[{"@type":"CommentAction","name":"Comment","target":["https:\/\/news.ecclesia.org.br\/?p=26152#respond"]}]},{"@type":"WebPage","@id":"https:\/\/news.ecclesia.org.br\/?p=26152","url":"https:\/\/news.ecclesia.org.br\/?p=26152","name":"Metropolita Emmanuel da Fran\u00e7a: Igreja Ortodoxa e a quest\u00e3o ucraniana | ECCLESIA NEWS","isPartOf":{"@id":"https:\/\/news.ecclesia.org.br\/#website"},"primaryImageOfPage":{"@id":"https:\/\/news.ecclesia.org.br\/?p=26152#primaryimage"},"image":{"@id":"https:\/\/news.ecclesia.org.br\/?p=26152#primaryimage"},"thumbnailUrl":"https:\/\/news.ecclesia.org.br\/wp-content\/uploads\/2018\/09\/emmanuel-1-755x491.jpeg.pagespeed.ce_.JqAgkNJyvJ.jpeg","datePublished":"2018-09-13T19:04:47+00:00","dateModified":"2021-08-03T23:05:01+00:00","breadcrumb":{"@id":"https:\/\/news.ecclesia.org.br\/?p=26152#breadcrumb"},"inLanguage":"pt-BR","potentialAction":[{"@type":"ReadAction","target":["https:\/\/news.ecclesia.org.br\/?p=26152"]}]},{"@type":"ImageObject","inLanguage":"pt-BR","@id":"https:\/\/news.ecclesia.org.br\/?p=26152#primaryimage","url":"https:\/\/news.ecclesia.org.br\/wp-content\/uploads\/2018\/09\/emmanuel-1-755x491.jpeg.pagespeed.ce_.JqAgkNJyvJ.jpeg","contentUrl":"https:\/\/news.ecclesia.org.br\/wp-content\/uploads\/2018\/09\/emmanuel-1-755x491.jpeg.pagespeed.ce_.JqAgkNJyvJ.jpeg","width":755,"height":491,"caption":"Metropolita Emmanuel de Fran\u00e7a"},{"@type":"BreadcrumbList","@id":"https:\/\/news.ecclesia.org.br\/?p=26152#breadcrumb","itemListElement":[{"@type":"ListItem","position":1,"name":"In\u00edcio","item":"https:\/\/news.ecclesia.org.br\/"},{"@type":"ListItem","position":2,"name":"Metropolita Emmanuel da Fran\u00e7a: Igreja Ortodoxa e a quest\u00e3o ucraniana"}]},{"@type":"WebSite","@id":"https:\/\/news.ecclesia.org.br\/#website","url":"https:\/\/news.ecclesia.org.br\/","name":"Ecclesia Brasil","description":"Desde 2003 onectando o Brasil ao mundo ortodoxo!","publisher":{"@id":"https:\/\/news.ecclesia.org.br\/#organization"},"alternateName":"Ecclesia","potentialAction":[{"@type":"SearchAction","target":{"@type":"EntryPoint","urlTemplate":"https:\/\/news.ecclesia.org.br\/?s={search_term_string}"},"query-input":{"@type":"PropertyValueSpecification","valueRequired":true,"valueName":"search_term_string"}}],"inLanguage":"pt-BR"},{"@type":"Organization","@id":"https:\/\/news.ecclesia.org.br\/#organization","name":"Sacra Arquidiocese de Buenos Aires e Am\u00e9rica do Sul | Patriarcado Ecum\u00eanico","alternateName":"News Ecclesia Brasil","url":"https:\/\/news.ecclesia.org.br\/","logo":{"@type":"ImageObject","inLanguage":"pt-BR","@id":"https:\/\/news.ecclesia.org.br\/#\/schema\/logo\/image\/","url":"https:\/\/news.ecclesia.org.br\/wp-content\/uploads\/2025\/05\/ecclesia2.png","contentUrl":"https:\/\/news.ecclesia.org.br\/wp-content\/uploads\/2025\/05\/ecclesia2.png","width":480,"height":120,"caption":"Sacra Arquidiocese de Buenos Aires e Am\u00e9rica do Sul | Patriarcado Ecum\u00eanico"},"image":{"@id":"https:\/\/news.ecclesia.org.br\/#\/schema\/logo\/image\/"},"sameAs":["https:\/\/www.facebook.com\/Ecclesia2025","https:\/\/x.com\/EcclesiaNews","https:\/\/br.pinterest.com\/ekklisia\/","https:\/\/www.youtube.com\/@EcclesiaBrasil"]},{"@type":"Person","@id":"https:\/\/news.ecclesia.org.br\/#\/schema\/person\/6f09597f025829745ba414a569f63758","name":"Pe. Andr\u00e9","image":{"@type":"ImageObject","inLanguage":"pt-BR","@id":"https:\/\/secure.gravatar.com\/avatar\/b4327cfa27e9799da239a26adcd534fc29cdc0c4a4a148eecbcfeb9b42c617ac?s=96&d=mm&r=g","url":"https:\/\/secure.gravatar.com\/avatar\/b4327cfa27e9799da239a26adcd534fc29cdc0c4a4a148eecbcfeb9b42c617ac?s=96&d=mm&r=g","contentUrl":"https:\/\/secure.gravatar.com\/avatar\/b4327cfa27e9799da239a26adcd534fc29cdc0c4a4a148eecbcfeb9b42c617ac?s=96&d=mm&r=g","caption":"Pe. Andr\u00e9"},"sameAs":["https:\/\/www.ecclesia.org.br"]}]}},"_links":{"self":[{"href":"https:\/\/news.ecclesia.org.br\/index.php?rest_route=\/wp\/v2\/posts\/26152","targetHints":{"allow":["GET"]}}],"collection":[{"href":"https:\/\/news.ecclesia.org.br\/index.php?rest_route=\/wp\/v2\/posts"}],"about":[{"href":"https:\/\/news.ecclesia.org.br\/index.php?rest_route=\/wp\/v2\/types\/post"}],"author":[{"embeddable":true,"href":"https:\/\/news.ecclesia.org.br\/index.php?rest_route=\/wp\/v2\/users\/1"}],"replies":[{"embeddable":true,"href":"https:\/\/news.ecclesia.org.br\/index.php?rest_route=%2Fwp%2Fv2%2Fcomments&post=26152"}],"version-history":[{"count":1,"href":"https:\/\/news.ecclesia.org.br\/index.php?rest_route=\/wp\/v2\/posts\/26152\/revisions"}],"predecessor-version":[{"id":38649,"href":"https:\/\/news.ecclesia.org.br\/index.php?rest_route=\/wp\/v2\/posts\/26152\/revisions\/38649"}],"wp:featuredmedia":[{"embeddable":true,"href":"https:\/\/news.ecclesia.org.br\/index.php?rest_route=\/wp\/v2\/media\/26153"}],"wp:attachment":[{"href":"https:\/\/news.ecclesia.org.br\/index.php?rest_route=%2Fwp%2Fv2%2Fmedia&parent=26152"}],"wp:term":[{"taxonomy":"category","embeddable":true,"href":"https:\/\/news.ecclesia.org.br\/index.php?rest_route=%2Fwp%2Fv2%2Fcategories&post=26152"},{"taxonomy":"post_tag","embeddable":true,"href":"https:\/\/news.ecclesia.org.br\/index.php?rest_route=%2Fwp%2Fv2%2Ftags&post=26152"}],"curies":[{"name":"wp","href":"https:\/\/api.w.org\/{rel}","templated":true}]}}