{"id":2607,"date":"2009-10-03T10:39:43","date_gmt":"2009-10-03T13:39:43","guid":{"rendered":"http:\/\/www.ecclesia.com.br\/news\/?p=2607"},"modified":"2021-07-22T17:48:20","modified_gmt":"2021-07-22T20:48:20","slug":"papa-bento-xvi-visitara-o-chipre-em-junho-de-2010","status":"publish","type":"post","link":"https:\/\/news.ecclesia.org.br\/?p=2607","title":{"rendered":"Papa Bento XVI visitar\u00e1 o Chipre em Junho de 2010"},"content":{"rendered":"<p style=\"text-align: justify;\"><img fetchpriority=\"high\" decoding=\"async\" class=\"alignleft wp-image-14740 size-full\" src=\"https:\/\/news.ecclesia.org.br\/wp-content\/uploads\/2009\/10\/001.jpg\" alt=\"001\" width=\"240\" height=\"211\" srcset=\"https:\/\/news.ecclesia.org.br\/wp-content\/uploads\/2009\/10\/001.jpg 240w, https:\/\/news.ecclesia.org.br\/wp-content\/uploads\/2009\/10\/001-63x55.jpg 63w\" sizes=\"(max-width: 240px) 100vw, 240px\" \/>NICOSIA, sexta-feira, 2 de outubro de 2009 (<a href=\"http:\/\/www.zetit.org\/\" target=\"_blank\" rel=\"noopener\">ZENIT.org<\/a>).- Bento XVI visitar\u00e1 o Chipre no in\u00edcio de junho do ano 2010, anunciou nesta quinta-feira o governo do Chipre mediante um comunicado. O Papa aceitou assim o convite que o presidente da Rep\u00fablica do Chipre, Demitris Christofias, fez-lhe no dia 27 de mar\u00e7o passado, ao ser recebido no Vaticano. Um dos principais temas tratados naquele encontro foi o do di\u00e1logo ecum\u00eanico e inter-religioso. O presidente tamb\u00e9m informou ent\u00e3o ao Papa sobre as condi\u00e7\u00f5es de numerosas igrejas e edif\u00edcios crist\u00e3os do norte da ilha, na \u00e1rea de dom\u00ednio turco, que foram destro\u00e7adas. [&#8230;] O Chipre tem atualmente um papel destacado no di\u00e1logo teol\u00f3gico entre cat\u00f3licos e ortodoxos. Precisamente, a Comiss\u00e3o mista internacional para o di\u00e1logo teol\u00f3gico entre a Igreja Cat\u00f3lica e a Igreja Ortodoxa em seu conjunto se reunir\u00e1 para sua XI sess\u00e3o plen\u00e1ria no Chipre, de 16 a 23 deste m\u00eas de outubro. A Comiss\u00e3o est\u00e1 refletindo atualmente sobre o papel do Bispo de Roma na comunh\u00e3o da Igreja no primeiro mil\u00eanio &#8211; quando ainda n\u00e3o se havia produzido o Grande Cisma de 1054. O Chipre, col\u00f4nia brit\u00e2nica at\u00e9 1960, dividiu-se ap\u00f3s a independ\u00eancia entre a popula\u00e7\u00e3o de origem grega e a de origem turca. Ap\u00f3s uma s\u00e9rie de conflitos entre ambas comunidades, em 1974 a Turquia invadiu o norte do pa\u00eds, constituindo a Rep\u00fablica Turca do Norte do Chipre, n\u00e3o reconhecida pela comunidade internacional. Tem uma popula\u00e7\u00e3o de quase 800 mil habitantes, dos quais 78% s\u00e3o greco-ortodoxos e 18% mu\u00e7ulmanos. O pa\u00eds entrou na Uni\u00e3o Europ\u00e9ia em 2004. [Foto: <a href=\"http:\/\/www.romfea.gr\/\" target=\"_blank\" rel=\"noopener\">Romfea.gr<\/a>]<\/p>\n","protected":false},"excerpt":{"rendered":"<p>NICOSIA, sexta-feira, 2 de outubro de 2009 (ZENIT.org).- Bento XVI visitar\u00e1 o Chipre no in\u00edcio de junho do ano 2010, anunciou nesta quinta-feira o governo do Chipre mediante um comunicado. O Papa aceitou assim o convite que o presidente da&#8230;<\/p>\n","protected":false},"author":1,"featured_media":0,"comment_status":"open","ping_status":"open","sticky":false,"template":"","format":"standard","meta":{"_acf_changed":false,"footnotes":""},"categories":[1],"tags":[],"class_list":["post-2607","post","type-post","status-publish","format-standard","hentry","category-news","entry","rows-excerpt"],"acf":[],"yoast_head":"<!-- This site is optimized with the Yoast SEO plugin v27.4 - https:\/\/yoast.com\/product\/yoast-seo-wordpress\/ -->\n<title>Papa Bento XVI visitar\u00e1 o Chipre em Junho de 2010 | ECCLESIA NEWS<\/title>\n<meta name=\"robots\" content=\"index, follow, max-snippet:-1, max-image-preview:large, max-video-preview:-1\" \/>\n<link rel=\"canonical\" href=\"https:\/\/news.ecclesia.org.br\/?p=2607\" \/>\n<meta property=\"og:locale\" content=\"pt_BR\" \/>\n<meta property=\"og:type\" content=\"article\" \/>\n<meta property=\"og:title\" content=\"Papa Bento XVI visitar\u00e1 o Chipre em Junho de 2010 | ECCLESIA NEWS\" \/>\n<meta property=\"og:description\" content=\"NICOSIA, sexta-feira, 2 de outubro de 2009 (ZENIT.org).- Bento XVI visitar\u00e1 o Chipre no in\u00edcio de junho do ano 2010, anunciou nesta quinta-feira o governo do Chipre mediante um comunicado. O Papa aceitou assim o convite que o presidente da&#8230;\" \/>\n<meta property=\"og:url\" content=\"https:\/\/news.ecclesia.org.br\/?p=2607\" \/>\n<meta property=\"og:site_name\" content=\"ECCLESIA NEWS\" \/>\n<meta property=\"article:publisher\" content=\"https:\/\/www.facebook.com\/Ecclesia2025\" \/>\n<meta property=\"article:published_time\" content=\"2009-10-03T13:39:43+00:00\" \/>\n<meta property=\"article:modified_time\" content=\"2021-07-22T20:48:20+00:00\" \/>\n<meta property=\"og:image\" content=\"https:\/\/news.ecclesia.org.br\/wp-content\/uploads\/2009\/10\/001.jpg\" \/>\n<meta name=\"author\" content=\"Pe. Andr\u00e9\" \/>\n<meta name=\"twitter:card\" content=\"summary_large_image\" \/>\n<meta name=\"twitter:creator\" content=\"@EcclesiaNews\" \/>\n<meta name=\"twitter:site\" content=\"@EcclesiaNews\" \/>\n<meta name=\"twitter:label1\" content=\"Escrito por\" \/>\n\t<meta name=\"twitter:data1\" content=\"Pe. Andr\u00e9\" \/>\n\t<meta name=\"twitter:label2\" content=\"Est. tempo de leitura\" \/>\n\t<meta name=\"twitter:data2\" content=\"1 minuto\" \/>\n<script type=\"application\/ld+json\" class=\"yoast-schema-graph\">{\"@context\":\"https:\\\/\\\/schema.org\",\"@graph\":[{\"@type\":\"Article\",\"@id\":\"https:\\\/\\\/news.ecclesia.org.br\\\/?p=2607#article\",\"isPartOf\":{\"@id\":\"https:\\\/\\\/news.ecclesia.org.br\\\/?p=2607\"},\"author\":{\"name\":\"Pe. Andr\u00e9\",\"@id\":\"https:\\\/\\\/news.ecclesia.org.br\\\/#\\\/schema\\\/person\\\/6f09597f025829745ba414a569f63758\"},\"headline\":\"Papa Bento XVI visitar\u00e1 o Chipre em Junho de 2010\",\"datePublished\":\"2009-10-03T13:39:43+00:00\",\"dateModified\":\"2021-07-22T20:48:20+00:00\",\"mainEntityOfPage\":{\"@id\":\"https:\\\/\\\/news.ecclesia.org.br\\\/?p=2607\"},\"wordCount\":299,\"commentCount\":0,\"publisher\":{\"@id\":\"https:\\\/\\\/news.ecclesia.org.br\\\/#organization\"},\"image\":{\"@id\":\"https:\\\/\\\/news.ecclesia.org.br\\\/?p=2607#primaryimage\"},\"thumbnailUrl\":\"https:\\\/\\\/news.ecclesia.org.br\\\/wp-content\\\/uploads\\\/2009\\\/10\\\/001.jpg\",\"articleSection\":[\"NEWS\"],\"inLanguage\":\"pt-BR\",\"potentialAction\":[{\"@type\":\"CommentAction\",\"name\":\"Comment\",\"target\":[\"https:\\\/\\\/news.ecclesia.org.br\\\/?p=2607#respond\"]}]},{\"@type\":\"WebPage\",\"@id\":\"https:\\\/\\\/news.ecclesia.org.br\\\/?p=2607\",\"url\":\"https:\\\/\\\/news.ecclesia.org.br\\\/?p=2607\",\"name\":\"Papa Bento XVI visitar\u00e1 o Chipre em Junho de 2010 | ECCLESIA NEWS\",\"isPartOf\":{\"@id\":\"https:\\\/\\\/news.ecclesia.org.br\\\/#website\"},\"primaryImageOfPage\":{\"@id\":\"https:\\\/\\\/news.ecclesia.org.br\\\/?p=2607#primaryimage\"},\"image\":{\"@id\":\"https:\\\/\\\/news.ecclesia.org.br\\\/?p=2607#primaryimage\"},\"thumbnailUrl\":\"https:\\\/\\\/news.ecclesia.org.br\\\/wp-content\\\/uploads\\\/2009\\\/10\\\/001.jpg\",\"datePublished\":\"2009-10-03T13:39:43+00:00\",\"dateModified\":\"2021-07-22T20:48:20+00:00\",\"breadcrumb\":{\"@id\":\"https:\\\/\\\/news.ecclesia.org.br\\\/?p=2607#breadcrumb\"},\"inLanguage\":\"pt-BR\",\"potentialAction\":[{\"@type\":\"ReadAction\",\"target\":[\"https:\\\/\\\/news.ecclesia.org.br\\\/?p=2607\"]}]},{\"@type\":\"ImageObject\",\"inLanguage\":\"pt-BR\",\"@id\":\"https:\\\/\\\/news.ecclesia.org.br\\\/?p=2607#primaryimage\",\"url\":\"https:\\\/\\\/news.ecclesia.org.br\\\/wp-content\\\/uploads\\\/2009\\\/10\\\/001.jpg\",\"contentUrl\":\"https:\\\/\\\/news.ecclesia.org.br\\\/wp-content\\\/uploads\\\/2009\\\/10\\\/001.jpg\",\"width\":240,\"height\":211},{\"@type\":\"BreadcrumbList\",\"@id\":\"https:\\\/\\\/news.ecclesia.org.br\\\/?p=2607#breadcrumb\",\"itemListElement\":[{\"@type\":\"ListItem\",\"position\":1,\"name\":\"In\u00edcio\",\"item\":\"https:\\\/\\\/news.ecclesia.org.br\\\/\"},{\"@type\":\"ListItem\",\"position\":2,\"name\":\"Papa Bento XVI visitar\u00e1 o Chipre em Junho de 2010\"}]},{\"@type\":\"WebSite\",\"@id\":\"https:\\\/\\\/news.ecclesia.org.br\\\/#website\",\"url\":\"https:\\\/\\\/news.ecclesia.org.br\\\/\",\"name\":\"Ecclesia Brasil\",\"description\":\"Desde 2003 onectando o Brasil ao mundo ortodoxo!\",\"publisher\":{\"@id\":\"https:\\\/\\\/news.ecclesia.org.br\\\/#organization\"},\"alternateName\":\"Ecclesia\",\"potentialAction\":[{\"@type\":\"SearchAction\",\"target\":{\"@type\":\"EntryPoint\",\"urlTemplate\":\"https:\\\/\\\/news.ecclesia.org.br\\\/?s={search_term_string}\"},\"query-input\":{\"@type\":\"PropertyValueSpecification\",\"valueRequired\":true,\"valueName\":\"search_term_string\"}}],\"inLanguage\":\"pt-BR\"},{\"@type\":\"Organization\",\"@id\":\"https:\\\/\\\/news.ecclesia.org.br\\\/#organization\",\"name\":\"Sacra Arquidiocese de Buenos Aires e Am\u00e9rica do Sul | Patriarcado Ecum\u00eanico\",\"alternateName\":\"News Ecclesia Brasil\",\"url\":\"https:\\\/\\\/news.ecclesia.org.br\\\/\",\"logo\":{\"@type\":\"ImageObject\",\"inLanguage\":\"pt-BR\",\"@id\":\"https:\\\/\\\/news.ecclesia.org.br\\\/#\\\/schema\\\/logo\\\/image\\\/\",\"url\":\"https:\\\/\\\/news.ecclesia.org.br\\\/wp-content\\\/uploads\\\/2025\\\/05\\\/ecclesia2.png\",\"contentUrl\":\"https:\\\/\\\/news.ecclesia.org.br\\\/wp-content\\\/uploads\\\/2025\\\/05\\\/ecclesia2.png\",\"width\":480,\"height\":120,\"caption\":\"Sacra Arquidiocese de Buenos Aires e Am\u00e9rica do Sul | Patriarcado Ecum\u00eanico\"},\"image\":{\"@id\":\"https:\\\/\\\/news.ecclesia.org.br\\\/#\\\/schema\\\/logo\\\/image\\\/\"},\"sameAs\":[\"https:\\\/\\\/www.facebook.com\\\/Ecclesia2025\",\"https:\\\/\\\/x.com\\\/EcclesiaNews\",\"https:\\\/\\\/br.pinterest.com\\\/ekklisia\\\/\",\"https:\\\/\\\/www.youtube.com\\\/@EcclesiaBrasil\"]},{\"@type\":\"Person\",\"@id\":\"https:\\\/\\\/news.ecclesia.org.br\\\/#\\\/schema\\\/person\\\/6f09597f025829745ba414a569f63758\",\"name\":\"Pe. Andr\u00e9\",\"image\":{\"@type\":\"ImageObject\",\"inLanguage\":\"pt-BR\",\"@id\":\"https:\\\/\\\/secure.gravatar.com\\\/avatar\\\/b4327cfa27e9799da239a26adcd534fc29cdc0c4a4a148eecbcfeb9b42c617ac?s=96&d=mm&r=g\",\"url\":\"https:\\\/\\\/secure.gravatar.com\\\/avatar\\\/b4327cfa27e9799da239a26adcd534fc29cdc0c4a4a148eecbcfeb9b42c617ac?s=96&d=mm&r=g\",\"contentUrl\":\"https:\\\/\\\/secure.gravatar.com\\\/avatar\\\/b4327cfa27e9799da239a26adcd534fc29cdc0c4a4a148eecbcfeb9b42c617ac?s=96&d=mm&r=g\",\"caption\":\"Pe. Andr\u00e9\"},\"sameAs\":[\"https:\\\/\\\/www.ecclesia.org.br\"]}]}<\/script>\n<!-- \/ Yoast SEO plugin. -->","yoast_head_json":{"title":"Papa Bento XVI visitar\u00e1 o Chipre em Junho de 2010 | ECCLESIA NEWS","robots":{"index":"index","follow":"follow","max-snippet":"max-snippet:-1","max-image-preview":"max-image-preview:large","max-video-preview":"max-video-preview:-1"},"canonical":"https:\/\/news.ecclesia.org.br\/?p=2607","og_locale":"pt_BR","og_type":"article","og_title":"Papa Bento XVI visitar\u00e1 o Chipre em Junho de 2010 | ECCLESIA NEWS","og_description":"NICOSIA, sexta-feira, 2 de outubro de 2009 (ZENIT.org).- Bento XVI visitar\u00e1 o Chipre no in\u00edcio de junho do ano 2010, anunciou nesta quinta-feira o governo do Chipre mediante um comunicado. O Papa aceitou assim o convite que o presidente da&#8230;","og_url":"https:\/\/news.ecclesia.org.br\/?p=2607","og_site_name":"ECCLESIA NEWS","article_publisher":"https:\/\/www.facebook.com\/Ecclesia2025","article_published_time":"2009-10-03T13:39:43+00:00","article_modified_time":"2021-07-22T20:48:20+00:00","og_image":[{"url":"https:\/\/news.ecclesia.org.br\/wp-content\/uploads\/2009\/10\/001.jpg","type":"","width":"","height":""}],"author":"Pe. Andr\u00e9","twitter_card":"summary_large_image","twitter_creator":"@EcclesiaNews","twitter_site":"@EcclesiaNews","twitter_misc":{"Escrito por":"Pe. Andr\u00e9","Est. tempo de leitura":"1 minuto"},"schema":{"@context":"https:\/\/schema.org","@graph":[{"@type":"Article","@id":"https:\/\/news.ecclesia.org.br\/?p=2607#article","isPartOf":{"@id":"https:\/\/news.ecclesia.org.br\/?p=2607"},"author":{"name":"Pe. Andr\u00e9","@id":"https:\/\/news.ecclesia.org.br\/#\/schema\/person\/6f09597f025829745ba414a569f63758"},"headline":"Papa Bento XVI visitar\u00e1 o Chipre em Junho de 2010","datePublished":"2009-10-03T13:39:43+00:00","dateModified":"2021-07-22T20:48:20+00:00","mainEntityOfPage":{"@id":"https:\/\/news.ecclesia.org.br\/?p=2607"},"wordCount":299,"commentCount":0,"publisher":{"@id":"https:\/\/news.ecclesia.org.br\/#organization"},"image":{"@id":"https:\/\/news.ecclesia.org.br\/?p=2607#primaryimage"},"thumbnailUrl":"https:\/\/news.ecclesia.org.br\/wp-content\/uploads\/2009\/10\/001.jpg","articleSection":["NEWS"],"inLanguage":"pt-BR","potentialAction":[{"@type":"CommentAction","name":"Comment","target":["https:\/\/news.ecclesia.org.br\/?p=2607#respond"]}]},{"@type":"WebPage","@id":"https:\/\/news.ecclesia.org.br\/?p=2607","url":"https:\/\/news.ecclesia.org.br\/?p=2607","name":"Papa Bento XVI visitar\u00e1 o Chipre em Junho de 2010 | ECCLESIA NEWS","isPartOf":{"@id":"https:\/\/news.ecclesia.org.br\/#website"},"primaryImageOfPage":{"@id":"https:\/\/news.ecclesia.org.br\/?p=2607#primaryimage"},"image":{"@id":"https:\/\/news.ecclesia.org.br\/?p=2607#primaryimage"},"thumbnailUrl":"https:\/\/news.ecclesia.org.br\/wp-content\/uploads\/2009\/10\/001.jpg","datePublished":"2009-10-03T13:39:43+00:00","dateModified":"2021-07-22T20:48:20+00:00","breadcrumb":{"@id":"https:\/\/news.ecclesia.org.br\/?p=2607#breadcrumb"},"inLanguage":"pt-BR","potentialAction":[{"@type":"ReadAction","target":["https:\/\/news.ecclesia.org.br\/?p=2607"]}]},{"@type":"ImageObject","inLanguage":"pt-BR","@id":"https:\/\/news.ecclesia.org.br\/?p=2607#primaryimage","url":"https:\/\/news.ecclesia.org.br\/wp-content\/uploads\/2009\/10\/001.jpg","contentUrl":"https:\/\/news.ecclesia.org.br\/wp-content\/uploads\/2009\/10\/001.jpg","width":240,"height":211},{"@type":"BreadcrumbList","@id":"https:\/\/news.ecclesia.org.br\/?p=2607#breadcrumb","itemListElement":[{"@type":"ListItem","position":1,"name":"In\u00edcio","item":"https:\/\/news.ecclesia.org.br\/"},{"@type":"ListItem","position":2,"name":"Papa Bento XVI visitar\u00e1 o Chipre em Junho de 2010"}]},{"@type":"WebSite","@id":"https:\/\/news.ecclesia.org.br\/#website","url":"https:\/\/news.ecclesia.org.br\/","name":"Ecclesia Brasil","description":"Desde 2003 onectando o Brasil ao mundo ortodoxo!","publisher":{"@id":"https:\/\/news.ecclesia.org.br\/#organization"},"alternateName":"Ecclesia","potentialAction":[{"@type":"SearchAction","target":{"@type":"EntryPoint","urlTemplate":"https:\/\/news.ecclesia.org.br\/?s={search_term_string}"},"query-input":{"@type":"PropertyValueSpecification","valueRequired":true,"valueName":"search_term_string"}}],"inLanguage":"pt-BR"},{"@type":"Organization","@id":"https:\/\/news.ecclesia.org.br\/#organization","name":"Sacra Arquidiocese de Buenos Aires e Am\u00e9rica do Sul | Patriarcado Ecum\u00eanico","alternateName":"News Ecclesia Brasil","url":"https:\/\/news.ecclesia.org.br\/","logo":{"@type":"ImageObject","inLanguage":"pt-BR","@id":"https:\/\/news.ecclesia.org.br\/#\/schema\/logo\/image\/","url":"https:\/\/news.ecclesia.org.br\/wp-content\/uploads\/2025\/05\/ecclesia2.png","contentUrl":"https:\/\/news.ecclesia.org.br\/wp-content\/uploads\/2025\/05\/ecclesia2.png","width":480,"height":120,"caption":"Sacra Arquidiocese de Buenos Aires e Am\u00e9rica do Sul | Patriarcado Ecum\u00eanico"},"image":{"@id":"https:\/\/news.ecclesia.org.br\/#\/schema\/logo\/image\/"},"sameAs":["https:\/\/www.facebook.com\/Ecclesia2025","https:\/\/x.com\/EcclesiaNews","https:\/\/br.pinterest.com\/ekklisia\/","https:\/\/www.youtube.com\/@EcclesiaBrasil"]},{"@type":"Person","@id":"https:\/\/news.ecclesia.org.br\/#\/schema\/person\/6f09597f025829745ba414a569f63758","name":"Pe. Andr\u00e9","image":{"@type":"ImageObject","inLanguage":"pt-BR","@id":"https:\/\/secure.gravatar.com\/avatar\/b4327cfa27e9799da239a26adcd534fc29cdc0c4a4a148eecbcfeb9b42c617ac?s=96&d=mm&r=g","url":"https:\/\/secure.gravatar.com\/avatar\/b4327cfa27e9799da239a26adcd534fc29cdc0c4a4a148eecbcfeb9b42c617ac?s=96&d=mm&r=g","contentUrl":"https:\/\/secure.gravatar.com\/avatar\/b4327cfa27e9799da239a26adcd534fc29cdc0c4a4a148eecbcfeb9b42c617ac?s=96&d=mm&r=g","caption":"Pe. Andr\u00e9"},"sameAs":["https:\/\/www.ecclesia.org.br"]}]}},"_links":{"self":[{"href":"https:\/\/news.ecclesia.org.br\/index.php?rest_route=\/wp\/v2\/posts\/2607","targetHints":{"allow":["GET"]}}],"collection":[{"href":"https:\/\/news.ecclesia.org.br\/index.php?rest_route=\/wp\/v2\/posts"}],"about":[{"href":"https:\/\/news.ecclesia.org.br\/index.php?rest_route=\/wp\/v2\/types\/post"}],"author":[{"embeddable":true,"href":"https:\/\/news.ecclesia.org.br\/index.php?rest_route=\/wp\/v2\/users\/1"}],"replies":[{"embeddable":true,"href":"https:\/\/news.ecclesia.org.br\/index.php?rest_route=%2Fwp%2Fv2%2Fcomments&post=2607"}],"version-history":[{"count":1,"href":"https:\/\/news.ecclesia.org.br\/index.php?rest_route=\/wp\/v2\/posts\/2607\/revisions"}],"predecessor-version":[{"id":38356,"href":"https:\/\/news.ecclesia.org.br\/index.php?rest_route=\/wp\/v2\/posts\/2607\/revisions\/38356"}],"wp:attachment":[{"href":"https:\/\/news.ecclesia.org.br\/index.php?rest_route=%2Fwp%2Fv2%2Fmedia&parent=2607"}],"wp:term":[{"taxonomy":"category","embeddable":true,"href":"https:\/\/news.ecclesia.org.br\/index.php?rest_route=%2Fwp%2Fv2%2Fcategories&post=2607"},{"taxonomy":"post_tag","embeddable":true,"href":"https:\/\/news.ecclesia.org.br\/index.php?rest_route=%2Fwp%2Fv2%2Ftags&post=2607"}],"curies":[{"name":"wp","href":"https:\/\/api.w.org\/{rel}","templated":true}]}}