{"id":26042,"date":"2018-09-06T17:13:50","date_gmt":"2018-09-06T17:13:50","guid":{"rendered":"https:\/\/news.ecclesia.org.br\/?p=26042"},"modified":"2021-08-03T20:06:56","modified_gmt":"2021-08-03T23:06:56","slug":"desafios-atuais-exigem-respostas-e-testemunho-comum-diz-patriarca-bartolomeu-i","status":"publish","type":"post","link":"https:\/\/news.ecclesia.org.br\/?p=26042","title":{"rendered":"Desafios atuais exigem respostas e testemunho comum, diz Patriarca Bartolomeu"},"content":{"rendered":"<p style=\"text-align: justify;\">Na conclus\u00e3o da ora\u00e7\u00e3o comum dos metropolitas e arcebispos do patriarcado, na Igreja da Sant\u00edssima Trindade de Stavrodromi, em Istambul, o Patriarca ecum\u00eanico Bartolomeu I defendeu que os desafios atuais exigem respostas comuns, um testemunho comum e um avan\u00e7ar comum.<\/p>\n<blockquote>\n<p style=\"text-align: justify;\">Estamos trabalhando pela unidade e estabilidade da ortodoxia e pelo testemunho eclesi\u00e1stico comum&#8221;. O Patriarcado Ecum\u00eanico, enquanto respons\u00e1vel em preservar a unidade, coordenar as rela\u00e7\u00f5es interortodoxas e as iniciativas pan-ortodoxas, \u201cexerce seu minist\u00e9rio na Ekumen ortodoxa, fiel aos princ\u00edpios eclesiol\u00f3gicos e can\u00f4nicos da ininterrupta da tradi\u00e7\u00e3o dos padres.<\/p>\n<\/blockquote>\n<p style=\"text-align: justify;\">Esta \u00e9 uma das passagens mais significativas da homilia proferida na \u00faltima segunda-feira pelo patriarca Ecum\u00eanico Bartolomeu I, Arcebispo de Constantinopla, na conclus\u00e3o da ora\u00e7\u00e3o comum dos metropolitas e arcebispos do Patriarcado, realizada na Igreja da Sant\u00edssima Trindade de Stavrodromi, em Istambul. Entre os participantes, os metropolitas de P\u00e9rgamo, Ioannes, da Ilha dos Pr\u00edncipes, Dem\u00e9trio, e da Fran\u00e7a, Emanuel.<\/p>\n<blockquote>\n<p style=\"text-align: justify;\">A identidade de servi\u00e7o e escatologia da Igreja &#8211; disse Bartolomeu &#8211; n\u00e3o \u00e9 amea\u00e7ada somente pela seculariza\u00e7\u00e3o, mas tamb\u00e9m pelo fechamento e introvers\u00e3o de uma espiritualidade que entrou abundantemente na Igreja. Somos guardi\u00f5es da sagrada heran\u00e7a dos padres, da f\u00e9 reta, da adora\u00e7\u00e3o e glorifica\u00e7\u00e3o e da ortopraxis em Cristo e segundo Cristo, da verdade que torna livres, da filocalia e da filantropia, do esp\u00edrito de comunidade e da cultura de solidariedade, conscientes de uma continuidade hist\u00f3rica ininterrupta de uma tradi\u00e7\u00e3o testemunhada por meio da confiss\u00e3o e do sacrif\u00edcio dos santos, por meio da fidelidade ortodoxa e a espiritualidade, por meio do milagre da teologia dos padres, por meio do ethos da cruz e da ressurrei\u00e7\u00e3o da ascese, pela forma eucar\u00edstica da viv\u00eancia, pela esperan\u00e7a da eternidade.<\/p>\n<\/blockquote>\n<p style=\"text-align: justify;\">Um dever enfatizado tamb\u00e9m pelo metropolita de P\u00e9rgamo: &#8220;No mundo que vir\u00e1, a ortodoxia n\u00e3o pode dar o pr\u00f3prio testemunho todo fragmentado, mas com uma s\u00f3 voz e um cora\u00e7\u00e3o&#8221;.<\/p>\n<p style=\"text-align: justify;\">O patriarcado ecum\u00eanico tem o dever de recordar a todos a catolicidade e a universalidade da Igreja, destacando &#8220;o esp\u00edrito de reconcilia\u00e7\u00e3o e supera\u00e7\u00e3o das diferen\u00e7as, a servi\u00e7o da unidade\u201d.<\/p>\n<p style=\"text-align: justify;\">Mas o presente \u00e9 tamb\u00e9m representado pelo encontro com o mundo atual no qual a Igreja vive e d\u00e1 seu testemunho:<\/p>\n<blockquote>\n<p style=\"text-align: justify;\">Os grandes desafios dos tempos atuais, o predom\u00ednio da tecnologia e de seus resultados, a seculariza\u00e7\u00e3o e a globaliza\u00e7\u00e3o, o avan\u00e7o da redu\u00e7\u00e3o e esquecimento da dimens\u00e3o social e comunit\u00e1ria da liberdade, a injusti\u00e7a social, o hedonismo, a destrui\u00e7\u00e3o ambiental, mas tamb\u00e9m o filetismo \u00e9tnico, o fundamentalismo religioso, o conflito das culturas e outras amea\u00e7as \u00e0 sacralidade da pessoa humana, exigem respostas comuns, um testemunho comum e um comum avan\u00e7ar em dire\u00e7\u00e3o ao futuro<\/p>\n<\/blockquote>\n<p style=\"text-align: justify;\">Concluiu Bartolomeu.<\/p>\n<p style=\"text-align: right;\">(L\u2019Osservatore Romano | <a href=\"https:\/\/www.vaticannews.va\/pt\/igreja\/news\/2018-09\/bartolomeu-i-synaxis-metropolitas-arcebispos-patriarcado.html\" target=\"_blank\" rel=\"noopener\">Vatican News<\/a>)<\/p>\n","protected":false},"excerpt":{"rendered":"<p>Na conclus\u00e3o da ora\u00e7\u00e3o comum dos metropolitas e arcebispos do patriarcado, na Igreja da Sant\u00edssima Trindade de Stavrodromi, em Istambul, o Patriarca ecum\u00eanico Bartolomeu I defendeu que os desafios atuais exigem respostas comuns, um testemunho comum e um avan\u00e7ar comum.&#8230;<\/p>\n","protected":false},"author":1,"featured_media":26043,"comment_status":"open","ping_status":"open","sticky":false,"template":"","format":"standard","meta":{"_acf_changed":false,"footnotes":""},"categories":[72],"tags":[],"class_list":["post-26042","post","type-post","status-publish","format-standard","has-post-thumbnail","hentry","category-patriarcado-ecumenico","entry","rows-excerpt"],"acf":[],"yoast_head":"<!-- This site is optimized with the Yoast SEO plugin v27.4 - https:\/\/yoast.com\/product\/yoast-seo-wordpress\/ -->\n<title>Desafios atuais exigem respostas e testemunho comum, diz Patriarca Bartolomeu | ECCLESIA NEWS<\/title>\n<meta name=\"robots\" content=\"index, follow, max-snippet:-1, max-image-preview:large, max-video-preview:-1\" \/>\n<link rel=\"canonical\" href=\"https:\/\/news.ecclesia.org.br\/?p=26042\" \/>\n<meta property=\"og:locale\" content=\"pt_BR\" \/>\n<meta property=\"og:type\" content=\"article\" \/>\n<meta property=\"og:title\" content=\"Desafios atuais exigem respostas e testemunho comum, diz Patriarca Bartolomeu | ECCLESIA NEWS\" \/>\n<meta property=\"og:description\" content=\"Na conclus\u00e3o da ora\u00e7\u00e3o comum dos metropolitas e arcebispos do patriarcado, na Igreja da Sant\u00edssima Trindade de Stavrodromi, em Istambul, o Patriarca ecum\u00eanico Bartolomeu I defendeu que os desafios atuais exigem respostas comuns, um testemunho comum e um avan\u00e7ar comum.&#8230;\" \/>\n<meta property=\"og:url\" content=\"https:\/\/news.ecclesia.org.br\/?p=26042\" \/>\n<meta property=\"og:site_name\" content=\"ECCLESIA NEWS\" \/>\n<meta property=\"article:publisher\" content=\"https:\/\/www.facebook.com\/Ecclesia2025\" \/>\n<meta property=\"article:published_time\" content=\"2018-09-06T17:13:50+00:00\" \/>\n<meta property=\"article:modified_time\" content=\"2021-08-03T23:06:56+00:00\" \/>\n<meta property=\"og:image\" content=\"https:\/\/news.ecclesia.org.br\/wp-content\/uploads\/2018\/09\/sinaxe-hierarcas.jpg\" \/>\n\t<meta property=\"og:image:width\" content=\"750\" \/>\n\t<meta property=\"og:image:height\" content=\"422\" \/>\n\t<meta property=\"og:image:type\" content=\"image\/jpeg\" \/>\n<meta name=\"author\" content=\"Pe. Andr\u00e9\" \/>\n<meta name=\"twitter:card\" content=\"summary_large_image\" \/>\n<meta name=\"twitter:creator\" content=\"@EcclesiaNews\" \/>\n<meta name=\"twitter:site\" content=\"@EcclesiaNews\" \/>\n<meta name=\"twitter:label1\" content=\"Escrito por\" \/>\n\t<meta name=\"twitter:data1\" content=\"Pe. Andr\u00e9\" \/>\n\t<meta name=\"twitter:label2\" content=\"Est. tempo de leitura\" \/>\n\t<meta name=\"twitter:data2\" content=\"2 minutos\" \/>\n<script type=\"application\/ld+json\" class=\"yoast-schema-graph\">{\"@context\":\"https:\\\/\\\/schema.org\",\"@graph\":[{\"@type\":\"Article\",\"@id\":\"https:\\\/\\\/news.ecclesia.org.br\\\/?p=26042#article\",\"isPartOf\":{\"@id\":\"https:\\\/\\\/news.ecclesia.org.br\\\/?p=26042\"},\"author\":{\"name\":\"Pe. Andr\u00e9\",\"@id\":\"https:\\\/\\\/news.ecclesia.org.br\\\/#\\\/schema\\\/person\\\/6f09597f025829745ba414a569f63758\"},\"headline\":\"Desafios atuais exigem respostas e testemunho comum, diz Patriarca Bartolomeu\",\"datePublished\":\"2018-09-06T17:13:50+00:00\",\"dateModified\":\"2021-08-03T23:06:56+00:00\",\"mainEntityOfPage\":{\"@id\":\"https:\\\/\\\/news.ecclesia.org.br\\\/?p=26042\"},\"wordCount\":509,\"commentCount\":0,\"publisher\":{\"@id\":\"https:\\\/\\\/news.ecclesia.org.br\\\/#organization\"},\"image\":{\"@id\":\"https:\\\/\\\/news.ecclesia.org.br\\\/?p=26042#primaryimage\"},\"thumbnailUrl\":\"https:\\\/\\\/news.ecclesia.org.br\\\/wp-content\\\/uploads\\\/2018\\\/09\\\/sinaxe-hierarcas.jpg\",\"articleSection\":[\"Patriarcado Ecum\u00eanico\"],\"inLanguage\":\"pt-BR\",\"potentialAction\":[{\"@type\":\"CommentAction\",\"name\":\"Comment\",\"target\":[\"https:\\\/\\\/news.ecclesia.org.br\\\/?p=26042#respond\"]}]},{\"@type\":\"WebPage\",\"@id\":\"https:\\\/\\\/news.ecclesia.org.br\\\/?p=26042\",\"url\":\"https:\\\/\\\/news.ecclesia.org.br\\\/?p=26042\",\"name\":\"Desafios atuais exigem respostas e testemunho comum, diz Patriarca Bartolomeu | ECCLESIA NEWS\",\"isPartOf\":{\"@id\":\"https:\\\/\\\/news.ecclesia.org.br\\\/#website\"},\"primaryImageOfPage\":{\"@id\":\"https:\\\/\\\/news.ecclesia.org.br\\\/?p=26042#primaryimage\"},\"image\":{\"@id\":\"https:\\\/\\\/news.ecclesia.org.br\\\/?p=26042#primaryimage\"},\"thumbnailUrl\":\"https:\\\/\\\/news.ecclesia.org.br\\\/wp-content\\\/uploads\\\/2018\\\/09\\\/sinaxe-hierarcas.jpg\",\"datePublished\":\"2018-09-06T17:13:50+00:00\",\"dateModified\":\"2021-08-03T23:06:56+00:00\",\"breadcrumb\":{\"@id\":\"https:\\\/\\\/news.ecclesia.org.br\\\/?p=26042#breadcrumb\"},\"inLanguage\":\"pt-BR\",\"potentialAction\":[{\"@type\":\"ReadAction\",\"target\":[\"https:\\\/\\\/news.ecclesia.org.br\\\/?p=26042\"]}]},{\"@type\":\"ImageObject\",\"inLanguage\":\"pt-BR\",\"@id\":\"https:\\\/\\\/news.ecclesia.org.br\\\/?p=26042#primaryimage\",\"url\":\"https:\\\/\\\/news.ecclesia.org.br\\\/wp-content\\\/uploads\\\/2018\\\/09\\\/sinaxe-hierarcas.jpg\",\"contentUrl\":\"https:\\\/\\\/news.ecclesia.org.br\\\/wp-content\\\/uploads\\\/2018\\\/09\\\/sinaxe-hierarcas.jpg\",\"width\":750,\"height\":422,\"caption\":\"Hierarcas greco-ortodoxos na Igreja 'The Hagia Triada\\\", em Istambul\"},{\"@type\":\"BreadcrumbList\",\"@id\":\"https:\\\/\\\/news.ecclesia.org.br\\\/?p=26042#breadcrumb\",\"itemListElement\":[{\"@type\":\"ListItem\",\"position\":1,\"name\":\"In\u00edcio\",\"item\":\"https:\\\/\\\/news.ecclesia.org.br\\\/\"},{\"@type\":\"ListItem\",\"position\":2,\"name\":\"Desafios atuais exigem respostas e testemunho comum, diz Patriarca Bartolomeu\"}]},{\"@type\":\"WebSite\",\"@id\":\"https:\\\/\\\/news.ecclesia.org.br\\\/#website\",\"url\":\"https:\\\/\\\/news.ecclesia.org.br\\\/\",\"name\":\"Ecclesia Brasil\",\"description\":\"Desde 2003 onectando o Brasil ao mundo ortodoxo!\",\"publisher\":{\"@id\":\"https:\\\/\\\/news.ecclesia.org.br\\\/#organization\"},\"alternateName\":\"Ecclesia\",\"potentialAction\":[{\"@type\":\"SearchAction\",\"target\":{\"@type\":\"EntryPoint\",\"urlTemplate\":\"https:\\\/\\\/news.ecclesia.org.br\\\/?s={search_term_string}\"},\"query-input\":{\"@type\":\"PropertyValueSpecification\",\"valueRequired\":true,\"valueName\":\"search_term_string\"}}],\"inLanguage\":\"pt-BR\"},{\"@type\":\"Organization\",\"@id\":\"https:\\\/\\\/news.ecclesia.org.br\\\/#organization\",\"name\":\"Sacra Arquidiocese de Buenos Aires e Am\u00e9rica do Sul | Patriarcado Ecum\u00eanico\",\"alternateName\":\"News Ecclesia Brasil\",\"url\":\"https:\\\/\\\/news.ecclesia.org.br\\\/\",\"logo\":{\"@type\":\"ImageObject\",\"inLanguage\":\"pt-BR\",\"@id\":\"https:\\\/\\\/news.ecclesia.org.br\\\/#\\\/schema\\\/logo\\\/image\\\/\",\"url\":\"https:\\\/\\\/news.ecclesia.org.br\\\/wp-content\\\/uploads\\\/2025\\\/05\\\/ecclesia2.png\",\"contentUrl\":\"https:\\\/\\\/news.ecclesia.org.br\\\/wp-content\\\/uploads\\\/2025\\\/05\\\/ecclesia2.png\",\"width\":480,\"height\":120,\"caption\":\"Sacra Arquidiocese de Buenos Aires e Am\u00e9rica do Sul | Patriarcado Ecum\u00eanico\"},\"image\":{\"@id\":\"https:\\\/\\\/news.ecclesia.org.br\\\/#\\\/schema\\\/logo\\\/image\\\/\"},\"sameAs\":[\"https:\\\/\\\/www.facebook.com\\\/Ecclesia2025\",\"https:\\\/\\\/x.com\\\/EcclesiaNews\",\"https:\\\/\\\/br.pinterest.com\\\/ekklisia\\\/\",\"https:\\\/\\\/www.youtube.com\\\/@EcclesiaBrasil\"]},{\"@type\":\"Person\",\"@id\":\"https:\\\/\\\/news.ecclesia.org.br\\\/#\\\/schema\\\/person\\\/6f09597f025829745ba414a569f63758\",\"name\":\"Pe. Andr\u00e9\",\"image\":{\"@type\":\"ImageObject\",\"inLanguage\":\"pt-BR\",\"@id\":\"https:\\\/\\\/secure.gravatar.com\\\/avatar\\\/b4327cfa27e9799da239a26adcd534fc29cdc0c4a4a148eecbcfeb9b42c617ac?s=96&d=mm&r=g\",\"url\":\"https:\\\/\\\/secure.gravatar.com\\\/avatar\\\/b4327cfa27e9799da239a26adcd534fc29cdc0c4a4a148eecbcfeb9b42c617ac?s=96&d=mm&r=g\",\"contentUrl\":\"https:\\\/\\\/secure.gravatar.com\\\/avatar\\\/b4327cfa27e9799da239a26adcd534fc29cdc0c4a4a148eecbcfeb9b42c617ac?s=96&d=mm&r=g\",\"caption\":\"Pe. Andr\u00e9\"},\"sameAs\":[\"https:\\\/\\\/www.ecclesia.org.br\"]}]}<\/script>\n<!-- \/ Yoast SEO plugin. -->","yoast_head_json":{"title":"Desafios atuais exigem respostas e testemunho comum, diz Patriarca Bartolomeu | ECCLESIA NEWS","robots":{"index":"index","follow":"follow","max-snippet":"max-snippet:-1","max-image-preview":"max-image-preview:large","max-video-preview":"max-video-preview:-1"},"canonical":"https:\/\/news.ecclesia.org.br\/?p=26042","og_locale":"pt_BR","og_type":"article","og_title":"Desafios atuais exigem respostas e testemunho comum, diz Patriarca Bartolomeu | ECCLESIA NEWS","og_description":"Na conclus\u00e3o da ora\u00e7\u00e3o comum dos metropolitas e arcebispos do patriarcado, na Igreja da Sant\u00edssima Trindade de Stavrodromi, em Istambul, o Patriarca ecum\u00eanico Bartolomeu I defendeu que os desafios atuais exigem respostas comuns, um testemunho comum e um avan\u00e7ar comum.&#8230;","og_url":"https:\/\/news.ecclesia.org.br\/?p=26042","og_site_name":"ECCLESIA NEWS","article_publisher":"https:\/\/www.facebook.com\/Ecclesia2025","article_published_time":"2018-09-06T17:13:50+00:00","article_modified_time":"2021-08-03T23:06:56+00:00","og_image":[{"width":750,"height":422,"url":"https:\/\/news.ecclesia.org.br\/wp-content\/uploads\/2018\/09\/sinaxe-hierarcas.jpg","type":"image\/jpeg"}],"author":"Pe. Andr\u00e9","twitter_card":"summary_large_image","twitter_creator":"@EcclesiaNews","twitter_site":"@EcclesiaNews","twitter_misc":{"Escrito por":"Pe. Andr\u00e9","Est. tempo de leitura":"2 minutos"},"schema":{"@context":"https:\/\/schema.org","@graph":[{"@type":"Article","@id":"https:\/\/news.ecclesia.org.br\/?p=26042#article","isPartOf":{"@id":"https:\/\/news.ecclesia.org.br\/?p=26042"},"author":{"name":"Pe. Andr\u00e9","@id":"https:\/\/news.ecclesia.org.br\/#\/schema\/person\/6f09597f025829745ba414a569f63758"},"headline":"Desafios atuais exigem respostas e testemunho comum, diz Patriarca Bartolomeu","datePublished":"2018-09-06T17:13:50+00:00","dateModified":"2021-08-03T23:06:56+00:00","mainEntityOfPage":{"@id":"https:\/\/news.ecclesia.org.br\/?p=26042"},"wordCount":509,"commentCount":0,"publisher":{"@id":"https:\/\/news.ecclesia.org.br\/#organization"},"image":{"@id":"https:\/\/news.ecclesia.org.br\/?p=26042#primaryimage"},"thumbnailUrl":"https:\/\/news.ecclesia.org.br\/wp-content\/uploads\/2018\/09\/sinaxe-hierarcas.jpg","articleSection":["Patriarcado Ecum\u00eanico"],"inLanguage":"pt-BR","potentialAction":[{"@type":"CommentAction","name":"Comment","target":["https:\/\/news.ecclesia.org.br\/?p=26042#respond"]}]},{"@type":"WebPage","@id":"https:\/\/news.ecclesia.org.br\/?p=26042","url":"https:\/\/news.ecclesia.org.br\/?p=26042","name":"Desafios atuais exigem respostas e testemunho comum, diz Patriarca Bartolomeu | ECCLESIA NEWS","isPartOf":{"@id":"https:\/\/news.ecclesia.org.br\/#website"},"primaryImageOfPage":{"@id":"https:\/\/news.ecclesia.org.br\/?p=26042#primaryimage"},"image":{"@id":"https:\/\/news.ecclesia.org.br\/?p=26042#primaryimage"},"thumbnailUrl":"https:\/\/news.ecclesia.org.br\/wp-content\/uploads\/2018\/09\/sinaxe-hierarcas.jpg","datePublished":"2018-09-06T17:13:50+00:00","dateModified":"2021-08-03T23:06:56+00:00","breadcrumb":{"@id":"https:\/\/news.ecclesia.org.br\/?p=26042#breadcrumb"},"inLanguage":"pt-BR","potentialAction":[{"@type":"ReadAction","target":["https:\/\/news.ecclesia.org.br\/?p=26042"]}]},{"@type":"ImageObject","inLanguage":"pt-BR","@id":"https:\/\/news.ecclesia.org.br\/?p=26042#primaryimage","url":"https:\/\/news.ecclesia.org.br\/wp-content\/uploads\/2018\/09\/sinaxe-hierarcas.jpg","contentUrl":"https:\/\/news.ecclesia.org.br\/wp-content\/uploads\/2018\/09\/sinaxe-hierarcas.jpg","width":750,"height":422,"caption":"Hierarcas greco-ortodoxos na Igreja 'The Hagia Triada\", em Istambul"},{"@type":"BreadcrumbList","@id":"https:\/\/news.ecclesia.org.br\/?p=26042#breadcrumb","itemListElement":[{"@type":"ListItem","position":1,"name":"In\u00edcio","item":"https:\/\/news.ecclesia.org.br\/"},{"@type":"ListItem","position":2,"name":"Desafios atuais exigem respostas e testemunho comum, diz Patriarca Bartolomeu"}]},{"@type":"WebSite","@id":"https:\/\/news.ecclesia.org.br\/#website","url":"https:\/\/news.ecclesia.org.br\/","name":"Ecclesia Brasil","description":"Desde 2003 onectando o Brasil ao mundo ortodoxo!","publisher":{"@id":"https:\/\/news.ecclesia.org.br\/#organization"},"alternateName":"Ecclesia","potentialAction":[{"@type":"SearchAction","target":{"@type":"EntryPoint","urlTemplate":"https:\/\/news.ecclesia.org.br\/?s={search_term_string}"},"query-input":{"@type":"PropertyValueSpecification","valueRequired":true,"valueName":"search_term_string"}}],"inLanguage":"pt-BR"},{"@type":"Organization","@id":"https:\/\/news.ecclesia.org.br\/#organization","name":"Sacra Arquidiocese de Buenos Aires e Am\u00e9rica do Sul | Patriarcado Ecum\u00eanico","alternateName":"News Ecclesia Brasil","url":"https:\/\/news.ecclesia.org.br\/","logo":{"@type":"ImageObject","inLanguage":"pt-BR","@id":"https:\/\/news.ecclesia.org.br\/#\/schema\/logo\/image\/","url":"https:\/\/news.ecclesia.org.br\/wp-content\/uploads\/2025\/05\/ecclesia2.png","contentUrl":"https:\/\/news.ecclesia.org.br\/wp-content\/uploads\/2025\/05\/ecclesia2.png","width":480,"height":120,"caption":"Sacra Arquidiocese de Buenos Aires e Am\u00e9rica do Sul | Patriarcado Ecum\u00eanico"},"image":{"@id":"https:\/\/news.ecclesia.org.br\/#\/schema\/logo\/image\/"},"sameAs":["https:\/\/www.facebook.com\/Ecclesia2025","https:\/\/x.com\/EcclesiaNews","https:\/\/br.pinterest.com\/ekklisia\/","https:\/\/www.youtube.com\/@EcclesiaBrasil"]},{"@type":"Person","@id":"https:\/\/news.ecclesia.org.br\/#\/schema\/person\/6f09597f025829745ba414a569f63758","name":"Pe. Andr\u00e9","image":{"@type":"ImageObject","inLanguage":"pt-BR","@id":"https:\/\/secure.gravatar.com\/avatar\/b4327cfa27e9799da239a26adcd534fc29cdc0c4a4a148eecbcfeb9b42c617ac?s=96&d=mm&r=g","url":"https:\/\/secure.gravatar.com\/avatar\/b4327cfa27e9799da239a26adcd534fc29cdc0c4a4a148eecbcfeb9b42c617ac?s=96&d=mm&r=g","contentUrl":"https:\/\/secure.gravatar.com\/avatar\/b4327cfa27e9799da239a26adcd534fc29cdc0c4a4a148eecbcfeb9b42c617ac?s=96&d=mm&r=g","caption":"Pe. Andr\u00e9"},"sameAs":["https:\/\/www.ecclesia.org.br"]}]}},"_links":{"self":[{"href":"https:\/\/news.ecclesia.org.br\/index.php?rest_route=\/wp\/v2\/posts\/26042","targetHints":{"allow":["GET"]}}],"collection":[{"href":"https:\/\/news.ecclesia.org.br\/index.php?rest_route=\/wp\/v2\/posts"}],"about":[{"href":"https:\/\/news.ecclesia.org.br\/index.php?rest_route=\/wp\/v2\/types\/post"}],"author":[{"embeddable":true,"href":"https:\/\/news.ecclesia.org.br\/index.php?rest_route=\/wp\/v2\/users\/1"}],"replies":[{"embeddable":true,"href":"https:\/\/news.ecclesia.org.br\/index.php?rest_route=%2Fwp%2Fv2%2Fcomments&post=26042"}],"version-history":[{"count":1,"href":"https:\/\/news.ecclesia.org.br\/index.php?rest_route=\/wp\/v2\/posts\/26042\/revisions"}],"predecessor-version":[{"id":38652,"href":"https:\/\/news.ecclesia.org.br\/index.php?rest_route=\/wp\/v2\/posts\/26042\/revisions\/38652"}],"wp:featuredmedia":[{"embeddable":true,"href":"https:\/\/news.ecclesia.org.br\/index.php?rest_route=\/wp\/v2\/media\/26043"}],"wp:attachment":[{"href":"https:\/\/news.ecclesia.org.br\/index.php?rest_route=%2Fwp%2Fv2%2Fmedia&parent=26042"}],"wp:term":[{"taxonomy":"category","embeddable":true,"href":"https:\/\/news.ecclesia.org.br\/index.php?rest_route=%2Fwp%2Fv2%2Fcategories&post=26042"},{"taxonomy":"post_tag","embeddable":true,"href":"https:\/\/news.ecclesia.org.br\/index.php?rest_route=%2Fwp%2Fv2%2Ftags&post=26042"}],"curies":[{"name":"wp","href":"https:\/\/api.w.org\/{rel}","templated":true}]}}