{"id":26034,"date":"2018-09-06T12:32:54","date_gmt":"2018-09-06T12:32:54","guid":{"rendered":"https:\/\/news.ecclesia.org.br\/?p=26034"},"modified":"2021-08-03T20:07:21","modified_gmt":"2021-08-03T23:07:21","slug":"sinaxe-dos-hierarcas-do-trono-ecumenico-chega-ao-fim","status":"publish","type":"post","link":"https:\/\/news.ecclesia.org.br\/?p=26034","title":{"rendered":"Sinaxe dos Hierarcas do Trono Ecum\u00eanico chega ao fim"},"content":{"rendered":"<p style=\"text-align: justify;\">Na noite da \u00faltima segunda-feira, 3 de setembro de 2018, chegaram ao fim as sess\u00f5es da Sinaxe dos metropolitas ativos e arcebispos do Trono Ecum\u00eanico. A Sinaxe, inaugurada em 1\u00ba de setembro, foi presidido por Sua Santidade o Patriarca Ecum\u00eanico Bartolomeu I,\u00a0 e teve lugar na Igreja da Sant\u00edssima Trindade de Stavrodromion, Istambul.<\/p>\n<p style=\"text-align: justify;\">Depois do pronunciamento de abertura, por Sua Santidade Bartolomeu I, a Sinaxe passou a tratar de uma agenda de temas concernentes ao Patriarcado Ecum\u00eanico e de interesse inter-ortodoxo. As apresenta\u00e7\u00f5es foram feitas pelos \u00c9lderes\u00a0Metropolitas Jo\u00e3o de Pergamo (Zizioulas) e Demetrio, das Ilhas dos Pr\u00edncipes, assim como os Metropolitas Emmanuel da Fran\u00e7a, Andreas de Arkalocorion, Elpidophoros de Bursa, Amphilochios de Adrian\u00f3polis, Bartolomeu de Esmirna e os Bispos Kyrillos de Abidos e Makarios de Christopolis. Seguiu-se extensa discuss\u00e3o com perguntas e propostas sobre os t\u00f3picos apresentados pelos hierarcas participantes.<\/p>\n<p>Em seu discurso de encerramento, Sua Santidade enfatizou:<\/p>\n<blockquote>\n<p style=\"text-align: justify;\"><strong>A identidade da Igreja, marcada pelo servi\u00e7o e pela escatologia, est\u00e1 amea\u00e7ada hoje, n\u00e3o apenas pelo secularismo, mas tamb\u00e9m por uma espiritualidade de isolacionismo e introvers\u00e3o que est\u00e1 se infiltrando na Igreja. Somos benefici\u00e1rios e guardi\u00f5es de um dep\u00f3sito sagrado legado pelos santos Padres: a verdadeira f\u00e9, culto e doxologia, um modo de vida genu\u00edno <em>em e<\/em> segundo Cristo, uma verdade que liberta, um amor \u00e0 cria\u00e7\u00e3o e \u00e0 humanidade, uma cultura de solidariedade, tudo dentro de uma tradi\u00e7\u00e3o hist\u00f3rica ininterrupta testemunhada na confiss\u00e3o e sacrif\u00edcio dos santos, na piedade e espiritualidade ortodoxas, no milagre da teologia patr\u00edstica, no ethos asc\u00e9tico da cruz e da ressurrei\u00e7\u00e3o, no estilo de vida eucar\u00edstico e na esperan\u00e7a para a eternidade. Cada um de n\u00f3s, os mais vener\u00e1veis irm\u00e3os, juntamente com todo o clero e leigos.<\/strong><\/p>\n<\/blockquote>\n<p>E, em outro lugar, ele observou:<\/p>\n<blockquote>\n<p style=\"text-align: justify;\"><strong>Estamos nos esfor\u00e7ando para a unidade e estabilidade da Ortodoxia, bem como para um testemunho eclesial comum. Durante esta Sinaxe, tratamos extensivamente de temas inter-ortodoxos. O Patriarcado Ecum\u00eanico &#8211; sendo respons\u00e1vel pela salvaguarda da unidade, mas tamb\u00e9m pela coordena\u00e7\u00e3o das rela\u00e7\u00f5es inter-ortodoxas e das iniciativas pan-ortodoxas &#8211; realiza este minist\u00e9rio sagrado no mundo ortodoxo, aderindo fielmente aos inabal\u00e1veis \u200b\u200bprinc\u00edpios eclesiol\u00f3gicos e can\u00f4nicos da Tradi\u00e7\u00e3o de nossos pais.<\/strong><\/p>\n<\/blockquote>\n<p>Finalmente, Sua Santidade acrescentou:<\/p>\n<blockquote>\n<p style=\"text-align: justify;\"><strong>Estamos tamb\u00e9m a cultivar corajosamente um encontro com o nosso mundo contempor\u00e2neo, dentro do qual a Igreja vive e oferece o seu testemunho. Os grandes desafios do nosso tempo, incluindo a domina\u00e7\u00e3o do progresso tecnol\u00f3gico, seculariza\u00e7\u00e3o, globaliza\u00e7\u00e3o, decl\u00ednio cont\u00ednuo e neglig\u00eancia da dimens\u00e3o social e social da liberdade, injusti\u00e7a social, gratifica\u00e7\u00e3o e gan\u00e2ncia, destrui\u00e7\u00e3o do ambiente natural, mas tamb\u00e9m etnofiletismo, fundamentalismo religioso , o choque de culturas e outras amea\u00e7as \u00e0 santidade da pessoa humana, exigem respostas comuns, testemunho conjunto e um caminho colaborativo para o futuro. O Metropolita Jo\u00e3o de P\u00e9rgamo sabiamente nos lembra deste mandato para a Ortodoxia: \u201cNo mundo que enfrentamos, a Ortodoxia n\u00e3o pode fornecer uma testemunha dividida em muitas partes, mas sim um testemunho &#8216;a uma s\u00f3 uma voz e um s\u00f3 cora\u00e7\u00e3o&#8217;.<\/strong><\/p>\n<\/blockquote>\n<hr \/>\n<p style=\"text-align: right;\">Fonte: <a href=\"https:\/\/www.patriarchate.org\/-\/oloklerothekan-oi-ergasies-tes-synaxes-tes-ierarchias-tou-oikoumenikou-thronou?_101_INSTANCE_N2gTPQxXwPlE_languageId=en_US\" target=\"_blank\" rel=\"noopener\">Site do Patriarcado Ecum\u00eanico<\/a><\/p>\n","protected":false},"excerpt":{"rendered":"<p>Na noite da \u00faltima segunda-feira, 3 de setembro de 2018, chegaram ao fim as sess\u00f5es da Sinaxe dos metropolitas ativos e arcebispos do Trono Ecum\u00eanico. A Sinaxe, inaugurada em 1\u00ba de setembro, foi presidido por Sua Santidade o Patriarca Ecum\u00eanico&#8230;<\/p>\n","protected":false},"author":1,"featured_media":26036,"comment_status":"open","ping_status":"open","sticky":false,"template":"","format":"standard","meta":{"_acf_changed":false,"footnotes":""},"categories":[1],"tags":[],"class_list":["post-26034","post","type-post","status-publish","format-standard","has-post-thumbnail","hentry","category-news","entry","rows-excerpt"],"acf":[],"yoast_head":"<!-- This site is optimized with the Yoast SEO plugin v27.4 - https:\/\/yoast.com\/product\/yoast-seo-wordpress\/ -->\n<title>Sinaxe dos Hierarcas do Trono Ecum\u00eanico chega ao fim | ECCLESIA NEWS<\/title>\n<meta name=\"robots\" content=\"index, follow, max-snippet:-1, max-image-preview:large, max-video-preview:-1\" \/>\n<link rel=\"canonical\" href=\"https:\/\/news.ecclesia.org.br\/?p=26034\" \/>\n<meta property=\"og:locale\" content=\"pt_BR\" \/>\n<meta property=\"og:type\" content=\"article\" \/>\n<meta property=\"og:title\" content=\"Sinaxe dos Hierarcas do Trono Ecum\u00eanico chega ao fim | ECCLESIA NEWS\" \/>\n<meta property=\"og:description\" content=\"Na noite da \u00faltima segunda-feira, 3 de setembro de 2018, chegaram ao fim as sess\u00f5es da Sinaxe dos metropolitas ativos e arcebispos do Trono Ecum\u00eanico. A Sinaxe, inaugurada em 1\u00ba de setembro, foi presidido por Sua Santidade o Patriarca Ecum\u00eanico&#8230;\" \/>\n<meta property=\"og:url\" content=\"https:\/\/news.ecclesia.org.br\/?p=26034\" \/>\n<meta property=\"og:site_name\" content=\"ECCLESIA NEWS\" \/>\n<meta property=\"article:publisher\" content=\"https:\/\/www.facebook.com\/Ecclesia2025\" \/>\n<meta property=\"article:published_time\" content=\"2018-09-06T12:32:54+00:00\" \/>\n<meta property=\"article:modified_time\" content=\"2021-08-03T23:07:21+00:00\" \/>\n<meta property=\"og:image\" content=\"https:\/\/news.ecclesia.org.br\/wp-content\/uploads\/2018\/09\/constantinople-1068x801.jpg\" \/>\n\t<meta property=\"og:image:width\" content=\"1068\" \/>\n\t<meta property=\"og:image:height\" content=\"801\" \/>\n\t<meta property=\"og:image:type\" content=\"image\/jpeg\" \/>\n<meta name=\"author\" content=\"Pe. Andr\u00e9\" \/>\n<meta name=\"twitter:card\" content=\"summary_large_image\" \/>\n<meta name=\"twitter:creator\" content=\"@EcclesiaNews\" \/>\n<meta name=\"twitter:site\" content=\"@EcclesiaNews\" \/>\n<meta name=\"twitter:label1\" content=\"Escrito por\" \/>\n\t<meta name=\"twitter:data1\" content=\"Pe. Andr\u00e9\" \/>\n\t<meta name=\"twitter:label2\" content=\"Est. tempo de leitura\" \/>\n\t<meta name=\"twitter:data2\" content=\"3 minutos\" \/>\n<script type=\"application\/ld+json\" class=\"yoast-schema-graph\">{\"@context\":\"https:\\\/\\\/schema.org\",\"@graph\":[{\"@type\":\"Article\",\"@id\":\"https:\\\/\\\/news.ecclesia.org.br\\\/?p=26034#article\",\"isPartOf\":{\"@id\":\"https:\\\/\\\/news.ecclesia.org.br\\\/?p=26034\"},\"author\":{\"name\":\"Pe. Andr\u00e9\",\"@id\":\"https:\\\/\\\/news.ecclesia.org.br\\\/#\\\/schema\\\/person\\\/6f09597f025829745ba414a569f63758\"},\"headline\":\"Sinaxe dos Hierarcas do Trono Ecum\u00eanico chega ao fim\",\"datePublished\":\"2018-09-06T12:32:54+00:00\",\"dateModified\":\"2021-08-03T23:07:21+00:00\",\"mainEntityOfPage\":{\"@id\":\"https:\\\/\\\/news.ecclesia.org.br\\\/?p=26034\"},\"wordCount\":561,\"commentCount\":0,\"publisher\":{\"@id\":\"https:\\\/\\\/news.ecclesia.org.br\\\/#organization\"},\"image\":{\"@id\":\"https:\\\/\\\/news.ecclesia.org.br\\\/?p=26034#primaryimage\"},\"thumbnailUrl\":\"https:\\\/\\\/news.ecclesia.org.br\\\/wp-content\\\/uploads\\\/2018\\\/09\\\/constantinople-1068x801.jpg\",\"articleSection\":[\"NEWS\"],\"inLanguage\":\"pt-BR\",\"potentialAction\":[{\"@type\":\"CommentAction\",\"name\":\"Comment\",\"target\":[\"https:\\\/\\\/news.ecclesia.org.br\\\/?p=26034#respond\"]}]},{\"@type\":\"WebPage\",\"@id\":\"https:\\\/\\\/news.ecclesia.org.br\\\/?p=26034\",\"url\":\"https:\\\/\\\/news.ecclesia.org.br\\\/?p=26034\",\"name\":\"Sinaxe dos Hierarcas do Trono Ecum\u00eanico chega ao fim | ECCLESIA NEWS\",\"isPartOf\":{\"@id\":\"https:\\\/\\\/news.ecclesia.org.br\\\/#website\"},\"primaryImageOfPage\":{\"@id\":\"https:\\\/\\\/news.ecclesia.org.br\\\/?p=26034#primaryimage\"},\"image\":{\"@id\":\"https:\\\/\\\/news.ecclesia.org.br\\\/?p=26034#primaryimage\"},\"thumbnailUrl\":\"https:\\\/\\\/news.ecclesia.org.br\\\/wp-content\\\/uploads\\\/2018\\\/09\\\/constantinople-1068x801.jpg\",\"datePublished\":\"2018-09-06T12:32:54+00:00\",\"dateModified\":\"2021-08-03T23:07:21+00:00\",\"breadcrumb\":{\"@id\":\"https:\\\/\\\/news.ecclesia.org.br\\\/?p=26034#breadcrumb\"},\"inLanguage\":\"pt-BR\",\"potentialAction\":[{\"@type\":\"ReadAction\",\"target\":[\"https:\\\/\\\/news.ecclesia.org.br\\\/?p=26034\"]}]},{\"@type\":\"ImageObject\",\"inLanguage\":\"pt-BR\",\"@id\":\"https:\\\/\\\/news.ecclesia.org.br\\\/?p=26034#primaryimage\",\"url\":\"https:\\\/\\\/news.ecclesia.org.br\\\/wp-content\\\/uploads\\\/2018\\\/09\\\/constantinople-1068x801.jpg\",\"contentUrl\":\"https:\\\/\\\/news.ecclesia.org.br\\\/wp-content\\\/uploads\\\/2018\\\/09\\\/constantinople-1068x801.jpg\",\"width\":1068,\"height\":801},{\"@type\":\"BreadcrumbList\",\"@id\":\"https:\\\/\\\/news.ecclesia.org.br\\\/?p=26034#breadcrumb\",\"itemListElement\":[{\"@type\":\"ListItem\",\"position\":1,\"name\":\"In\u00edcio\",\"item\":\"https:\\\/\\\/news.ecclesia.org.br\\\/\"},{\"@type\":\"ListItem\",\"position\":2,\"name\":\"Sinaxe dos Hierarcas do Trono Ecum\u00eanico chega ao fim\"}]},{\"@type\":\"WebSite\",\"@id\":\"https:\\\/\\\/news.ecclesia.org.br\\\/#website\",\"url\":\"https:\\\/\\\/news.ecclesia.org.br\\\/\",\"name\":\"Ecclesia Brasil\",\"description\":\"Desde 2003 onectando o Brasil ao mundo ortodoxo!\",\"publisher\":{\"@id\":\"https:\\\/\\\/news.ecclesia.org.br\\\/#organization\"},\"alternateName\":\"Ecclesia\",\"potentialAction\":[{\"@type\":\"SearchAction\",\"target\":{\"@type\":\"EntryPoint\",\"urlTemplate\":\"https:\\\/\\\/news.ecclesia.org.br\\\/?s={search_term_string}\"},\"query-input\":{\"@type\":\"PropertyValueSpecification\",\"valueRequired\":true,\"valueName\":\"search_term_string\"}}],\"inLanguage\":\"pt-BR\"},{\"@type\":\"Organization\",\"@id\":\"https:\\\/\\\/news.ecclesia.org.br\\\/#organization\",\"name\":\"Sacra Arquidiocese de Buenos Aires e Am\u00e9rica do Sul | Patriarcado Ecum\u00eanico\",\"alternateName\":\"News Ecclesia Brasil\",\"url\":\"https:\\\/\\\/news.ecclesia.org.br\\\/\",\"logo\":{\"@type\":\"ImageObject\",\"inLanguage\":\"pt-BR\",\"@id\":\"https:\\\/\\\/news.ecclesia.org.br\\\/#\\\/schema\\\/logo\\\/image\\\/\",\"url\":\"https:\\\/\\\/news.ecclesia.org.br\\\/wp-content\\\/uploads\\\/2025\\\/05\\\/ecclesia2.png\",\"contentUrl\":\"https:\\\/\\\/news.ecclesia.org.br\\\/wp-content\\\/uploads\\\/2025\\\/05\\\/ecclesia2.png\",\"width\":480,\"height\":120,\"caption\":\"Sacra Arquidiocese de Buenos Aires e Am\u00e9rica do Sul | Patriarcado Ecum\u00eanico\"},\"image\":{\"@id\":\"https:\\\/\\\/news.ecclesia.org.br\\\/#\\\/schema\\\/logo\\\/image\\\/\"},\"sameAs\":[\"https:\\\/\\\/www.facebook.com\\\/Ecclesia2025\",\"https:\\\/\\\/x.com\\\/EcclesiaNews\",\"https:\\\/\\\/br.pinterest.com\\\/ekklisia\\\/\",\"https:\\\/\\\/www.youtube.com\\\/@EcclesiaBrasil\"]},{\"@type\":\"Person\",\"@id\":\"https:\\\/\\\/news.ecclesia.org.br\\\/#\\\/schema\\\/person\\\/6f09597f025829745ba414a569f63758\",\"name\":\"Pe. Andr\u00e9\",\"image\":{\"@type\":\"ImageObject\",\"inLanguage\":\"pt-BR\",\"@id\":\"https:\\\/\\\/secure.gravatar.com\\\/avatar\\\/b4327cfa27e9799da239a26adcd534fc29cdc0c4a4a148eecbcfeb9b42c617ac?s=96&d=mm&r=g\",\"url\":\"https:\\\/\\\/secure.gravatar.com\\\/avatar\\\/b4327cfa27e9799da239a26adcd534fc29cdc0c4a4a148eecbcfeb9b42c617ac?s=96&d=mm&r=g\",\"contentUrl\":\"https:\\\/\\\/secure.gravatar.com\\\/avatar\\\/b4327cfa27e9799da239a26adcd534fc29cdc0c4a4a148eecbcfeb9b42c617ac?s=96&d=mm&r=g\",\"caption\":\"Pe. Andr\u00e9\"},\"sameAs\":[\"https:\\\/\\\/www.ecclesia.org.br\"]}]}<\/script>\n<!-- \/ Yoast SEO plugin. -->","yoast_head_json":{"title":"Sinaxe dos Hierarcas do Trono Ecum\u00eanico chega ao fim | ECCLESIA NEWS","robots":{"index":"index","follow":"follow","max-snippet":"max-snippet:-1","max-image-preview":"max-image-preview:large","max-video-preview":"max-video-preview:-1"},"canonical":"https:\/\/news.ecclesia.org.br\/?p=26034","og_locale":"pt_BR","og_type":"article","og_title":"Sinaxe dos Hierarcas do Trono Ecum\u00eanico chega ao fim | ECCLESIA NEWS","og_description":"Na noite da \u00faltima segunda-feira, 3 de setembro de 2018, chegaram ao fim as sess\u00f5es da Sinaxe dos metropolitas ativos e arcebispos do Trono Ecum\u00eanico. A Sinaxe, inaugurada em 1\u00ba de setembro, foi presidido por Sua Santidade o Patriarca Ecum\u00eanico&#8230;","og_url":"https:\/\/news.ecclesia.org.br\/?p=26034","og_site_name":"ECCLESIA NEWS","article_publisher":"https:\/\/www.facebook.com\/Ecclesia2025","article_published_time":"2018-09-06T12:32:54+00:00","article_modified_time":"2021-08-03T23:07:21+00:00","og_image":[{"width":1068,"height":801,"url":"https:\/\/news.ecclesia.org.br\/wp-content\/uploads\/2018\/09\/constantinople-1068x801.jpg","type":"image\/jpeg"}],"author":"Pe. Andr\u00e9","twitter_card":"summary_large_image","twitter_creator":"@EcclesiaNews","twitter_site":"@EcclesiaNews","twitter_misc":{"Escrito por":"Pe. Andr\u00e9","Est. tempo de leitura":"3 minutos"},"schema":{"@context":"https:\/\/schema.org","@graph":[{"@type":"Article","@id":"https:\/\/news.ecclesia.org.br\/?p=26034#article","isPartOf":{"@id":"https:\/\/news.ecclesia.org.br\/?p=26034"},"author":{"name":"Pe. Andr\u00e9","@id":"https:\/\/news.ecclesia.org.br\/#\/schema\/person\/6f09597f025829745ba414a569f63758"},"headline":"Sinaxe dos Hierarcas do Trono Ecum\u00eanico chega ao fim","datePublished":"2018-09-06T12:32:54+00:00","dateModified":"2021-08-03T23:07:21+00:00","mainEntityOfPage":{"@id":"https:\/\/news.ecclesia.org.br\/?p=26034"},"wordCount":561,"commentCount":0,"publisher":{"@id":"https:\/\/news.ecclesia.org.br\/#organization"},"image":{"@id":"https:\/\/news.ecclesia.org.br\/?p=26034#primaryimage"},"thumbnailUrl":"https:\/\/news.ecclesia.org.br\/wp-content\/uploads\/2018\/09\/constantinople-1068x801.jpg","articleSection":["NEWS"],"inLanguage":"pt-BR","potentialAction":[{"@type":"CommentAction","name":"Comment","target":["https:\/\/news.ecclesia.org.br\/?p=26034#respond"]}]},{"@type":"WebPage","@id":"https:\/\/news.ecclesia.org.br\/?p=26034","url":"https:\/\/news.ecclesia.org.br\/?p=26034","name":"Sinaxe dos Hierarcas do Trono Ecum\u00eanico chega ao fim | ECCLESIA NEWS","isPartOf":{"@id":"https:\/\/news.ecclesia.org.br\/#website"},"primaryImageOfPage":{"@id":"https:\/\/news.ecclesia.org.br\/?p=26034#primaryimage"},"image":{"@id":"https:\/\/news.ecclesia.org.br\/?p=26034#primaryimage"},"thumbnailUrl":"https:\/\/news.ecclesia.org.br\/wp-content\/uploads\/2018\/09\/constantinople-1068x801.jpg","datePublished":"2018-09-06T12:32:54+00:00","dateModified":"2021-08-03T23:07:21+00:00","breadcrumb":{"@id":"https:\/\/news.ecclesia.org.br\/?p=26034#breadcrumb"},"inLanguage":"pt-BR","potentialAction":[{"@type":"ReadAction","target":["https:\/\/news.ecclesia.org.br\/?p=26034"]}]},{"@type":"ImageObject","inLanguage":"pt-BR","@id":"https:\/\/news.ecclesia.org.br\/?p=26034#primaryimage","url":"https:\/\/news.ecclesia.org.br\/wp-content\/uploads\/2018\/09\/constantinople-1068x801.jpg","contentUrl":"https:\/\/news.ecclesia.org.br\/wp-content\/uploads\/2018\/09\/constantinople-1068x801.jpg","width":1068,"height":801},{"@type":"BreadcrumbList","@id":"https:\/\/news.ecclesia.org.br\/?p=26034#breadcrumb","itemListElement":[{"@type":"ListItem","position":1,"name":"In\u00edcio","item":"https:\/\/news.ecclesia.org.br\/"},{"@type":"ListItem","position":2,"name":"Sinaxe dos Hierarcas do Trono Ecum\u00eanico chega ao fim"}]},{"@type":"WebSite","@id":"https:\/\/news.ecclesia.org.br\/#website","url":"https:\/\/news.ecclesia.org.br\/","name":"Ecclesia Brasil","description":"Desde 2003 onectando o Brasil ao mundo ortodoxo!","publisher":{"@id":"https:\/\/news.ecclesia.org.br\/#organization"},"alternateName":"Ecclesia","potentialAction":[{"@type":"SearchAction","target":{"@type":"EntryPoint","urlTemplate":"https:\/\/news.ecclesia.org.br\/?s={search_term_string}"},"query-input":{"@type":"PropertyValueSpecification","valueRequired":true,"valueName":"search_term_string"}}],"inLanguage":"pt-BR"},{"@type":"Organization","@id":"https:\/\/news.ecclesia.org.br\/#organization","name":"Sacra Arquidiocese de Buenos Aires e Am\u00e9rica do Sul | Patriarcado Ecum\u00eanico","alternateName":"News Ecclesia Brasil","url":"https:\/\/news.ecclesia.org.br\/","logo":{"@type":"ImageObject","inLanguage":"pt-BR","@id":"https:\/\/news.ecclesia.org.br\/#\/schema\/logo\/image\/","url":"https:\/\/news.ecclesia.org.br\/wp-content\/uploads\/2025\/05\/ecclesia2.png","contentUrl":"https:\/\/news.ecclesia.org.br\/wp-content\/uploads\/2025\/05\/ecclesia2.png","width":480,"height":120,"caption":"Sacra Arquidiocese de Buenos Aires e Am\u00e9rica do Sul | Patriarcado Ecum\u00eanico"},"image":{"@id":"https:\/\/news.ecclesia.org.br\/#\/schema\/logo\/image\/"},"sameAs":["https:\/\/www.facebook.com\/Ecclesia2025","https:\/\/x.com\/EcclesiaNews","https:\/\/br.pinterest.com\/ekklisia\/","https:\/\/www.youtube.com\/@EcclesiaBrasil"]},{"@type":"Person","@id":"https:\/\/news.ecclesia.org.br\/#\/schema\/person\/6f09597f025829745ba414a569f63758","name":"Pe. Andr\u00e9","image":{"@type":"ImageObject","inLanguage":"pt-BR","@id":"https:\/\/secure.gravatar.com\/avatar\/b4327cfa27e9799da239a26adcd534fc29cdc0c4a4a148eecbcfeb9b42c617ac?s=96&d=mm&r=g","url":"https:\/\/secure.gravatar.com\/avatar\/b4327cfa27e9799da239a26adcd534fc29cdc0c4a4a148eecbcfeb9b42c617ac?s=96&d=mm&r=g","contentUrl":"https:\/\/secure.gravatar.com\/avatar\/b4327cfa27e9799da239a26adcd534fc29cdc0c4a4a148eecbcfeb9b42c617ac?s=96&d=mm&r=g","caption":"Pe. Andr\u00e9"},"sameAs":["https:\/\/www.ecclesia.org.br"]}]}},"_links":{"self":[{"href":"https:\/\/news.ecclesia.org.br\/index.php?rest_route=\/wp\/v2\/posts\/26034","targetHints":{"allow":["GET"]}}],"collection":[{"href":"https:\/\/news.ecclesia.org.br\/index.php?rest_route=\/wp\/v2\/posts"}],"about":[{"href":"https:\/\/news.ecclesia.org.br\/index.php?rest_route=\/wp\/v2\/types\/post"}],"author":[{"embeddable":true,"href":"https:\/\/news.ecclesia.org.br\/index.php?rest_route=\/wp\/v2\/users\/1"}],"replies":[{"embeddable":true,"href":"https:\/\/news.ecclesia.org.br\/index.php?rest_route=%2Fwp%2Fv2%2Fcomments&post=26034"}],"version-history":[{"count":1,"href":"https:\/\/news.ecclesia.org.br\/index.php?rest_route=\/wp\/v2\/posts\/26034\/revisions"}],"predecessor-version":[{"id":38653,"href":"https:\/\/news.ecclesia.org.br\/index.php?rest_route=\/wp\/v2\/posts\/26034\/revisions\/38653"}],"wp:featuredmedia":[{"embeddable":true,"href":"https:\/\/news.ecclesia.org.br\/index.php?rest_route=\/wp\/v2\/media\/26036"}],"wp:attachment":[{"href":"https:\/\/news.ecclesia.org.br\/index.php?rest_route=%2Fwp%2Fv2%2Fmedia&parent=26034"}],"wp:term":[{"taxonomy":"category","embeddable":true,"href":"https:\/\/news.ecclesia.org.br\/index.php?rest_route=%2Fwp%2Fv2%2Fcategories&post=26034"},{"taxonomy":"post_tag","embeddable":true,"href":"https:\/\/news.ecclesia.org.br\/index.php?rest_route=%2Fwp%2Fv2%2Ftags&post=26034"}],"curies":[{"name":"wp","href":"https:\/\/api.w.org\/{rel}","templated":true}]}}