{"id":26026,"date":"2018-09-04T17:23:00","date_gmt":"2018-09-04T17:23:00","guid":{"rendered":"https:\/\/news.ecclesia.org.br\/?p=26026"},"modified":"2021-08-03T20:07:43","modified_gmt":"2021-08-03T23:07:43","slug":"enzo-bianchi-encontro-entre-bartolomeu-e-cirilo-passo-importante-para-pacificar-a-ortodoxia","status":"publish","type":"post","link":"https:\/\/news.ecclesia.org.br\/?p=26026","title":{"rendered":"Enzo Bianchi: encontro entre Bartolomeu e Cirilo, passo  importante para pacificar a ortodoxia"},"content":{"rendered":"\r\n<p style=\"text-align: justify;\">Para Enzo Bianchi, fundador da Comunidade de Bose, o encontro no Fanar, em Istambul, teve um car\u00e1ter in\u00e9dito e encorajador para o di\u00e1logo no mundo ortodoxo.<\/p>\r\n<p style=\"text-align: justify;\">Fabio Colagrande &#8211; Cidade do Vaticano &#8212; \u201cUma retomada do di\u00e1logo, mas com um salto em frente rumo \u00e0 pacifica\u00e7\u00e3o da ortodoxia\u201d. Assim Enzo Bianchi, fundador da Comunidade ecum\u00eanica de Bose define o encontro na \u00faltima sexta-feira no Fanar, em Istambul, entre o Patriarca Ecum\u00eanico de Constantinopla, Bartolomeu I, e Cirilo, Patriarca de Moscou e de toda a R\u00fassia.<\/p>\r\n<h3 style=\"text-align: left;\">Gesto fraterno<\/h3>\r\n<p style=\"text-align: justify;\">\u201c\u00c9 muito importante \u2013 explica Bianchi \u2013 que tenha sido o pr\u00f3prio Cirilo a desejar ir a Istambul. A iniciativa que partiu de Moscou mostra por um lado a preocupa\u00e7\u00e3o com as rela\u00e7\u00f5es entre as Igrejas, que \u00e0s vezes ficam dif\u00edceis. Mas, ao mesmo tempo, \u00e9 o reconhecimento de que em Constantinopla existe uma autoridade de Primado dentro das Igrejas Ortodoxas, \u00e0 qual Cirilo pediu para ser ouvido\u201d.<\/p>\r\n<h3 style=\"text-align: justify;\">Cirilo\u00a0 encontra Bartolomeu I em Istambul<\/h3>\r\n<blockquote>\r\n<p style=\"text-align: justify;\">\u201cTrata-se, por isto, de um gesto muito importante \u2013 prossegue o fundador de Bose \u2013 porque n\u00e3o \u00e9 somente de di\u00e1logo, de debate &#8211; pelas dificuldades que existem na ortodoxia em n\u00edvel de jurisdi\u00e7\u00e3o &#8211; mas sobretudo um gesto fraterno que nunca havia ocorrido at\u00e9 agora\u201d.<\/p>\r\n<p style=\"text-align: justify;\">\u201cA Igreja de Moscou \u00e9 a maior Igreja Ortodoxa, s\u00e3o cerca de 200 milh\u00f5es de crist\u00e3os ortodoxos, e portanto a mais ampla presen\u00e7a no mundo. Portanto, o gesto de Cirilo de pedir audi\u00eancia a Bartolomeu, para examinarem juntos os problemas nas jurisdi\u00e7\u00f5es ortodoxas, \u00e9 um fato importante.\u201d<\/p>\r\n<\/blockquote>\r\n<h3 style=\"text-align: justify;\">Somente no di\u00e1logo<\/h3>\r\n\r\n\r\n\r\n<blockquote>\r\n<p style=\"text-align: justify;\">\u201cN\u00e3o devemos nunca esquecer \u2013 explica Bianchi \u2013 que os \u00faltimos anos foram caracterizados por atritos, por algumas incompreens\u00f5es entre os dois Patriarcados, especialmente ap\u00f3s a escolha da Igreja Ortodoxa Russa de n\u00e3o participar do Conc\u00edlio Pan-ortodoxo de Creta. Assim, o encontro de 31 de agosto n\u00e3o significa somente uma retomada de di\u00e1logo. \u00c9 na realidade um salto em frente, em que se reconhece que somente dialogando, no reconhecimento rec\u00edproco das respectivas autoridades eclesiais, \u00e9 poss\u00edvel pacificar a ortodoxia onde existem tens\u00f5es, como ocorre atualmente na Ucr\u00e2nia\u201d.<\/p>\r\n<\/blockquote>\r\n\r\n\r\n\r\n<h3>Harmonia eclesial<\/h3>\r\n\r\n\r\n\r\n<p style=\"text-align: justify;\">\u201cCertamente \u2013 conclui Enzo Bianchi &#8211; que Bartolomeu e Cirilo conversaram sobre a eventual decis\u00e3o de conceder a autocefalia \u00e0 Igreja Ortodoxa local (ndr \u2013 em rela\u00e7\u00e3o \u00e0 Igreja Ortodoxa na Ucr\u00e2nia), mas n\u00e3o sabemos o que disseram. Mas dos comunicados oficiais, podemos afirmar que tudo ocorreu em um clima fraterno e de escuta rec\u00edproca e que, qualquer que seja a decis\u00e3o, ser\u00e1 uma decis\u00e3o harm\u00f4nica tomada pelas duas Igrejas, em que nunca apare\u00e7a que uma \u00e9 contra a outra\u201d.<\/p>\r\n<hr \/>\r\n<p style=\"text-align: right;\">Fonte: <a href=\"https:\/\/www.vaticannews.va\/pt\/igreja\/news\/2018-09\/bartolomeu-i-kirill-istambul-dialogo-enzo-bianchi-bose.html\" target=\"_blank\" rel=\"noopener\">Vatican NEWS <\/a><\/p>\r\n\r\n\r\n\r\n<p>&nbsp;<\/p>\r\n","protected":false},"excerpt":{"rendered":"<p>Para Enzo Bianchi, fundador da Comunidade de Bose, o encontro no Fanar, em Istambul, teve um car\u00e1ter in\u00e9dito e encorajador para o di\u00e1logo no mundo ortodoxo. Fabio Colagrande &#8211; Cidade do Vaticano &#8212; \u201cUma retomada do di\u00e1logo, mas com um&#8230;<\/p>\n","protected":false},"author":1,"featured_media":26027,"comment_status":"open","ping_status":"open","sticky":false,"template":"","format":"standard","meta":{"_acf_changed":false,"footnotes":""},"categories":[1,72],"tags":[],"class_list":["post-26026","post","type-post","status-publish","format-standard","has-post-thumbnail","hentry","category-news","category-patriarcado-ecumenico","entry","rows-excerpt"],"acf":[],"yoast_head":"<!-- This site is optimized with the Yoast SEO plugin v27.4 - https:\/\/yoast.com\/product\/yoast-seo-wordpress\/ -->\n<title>Enzo Bianchi: encontro entre Bartolomeu e Cirilo, passo importante para pacificar a ortodoxia | ECCLESIA NEWS<\/title>\n<meta name=\"robots\" content=\"index, follow, max-snippet:-1, max-image-preview:large, max-video-preview:-1\" \/>\n<link rel=\"canonical\" href=\"https:\/\/news.ecclesia.org.br\/?p=26026\" \/>\n<meta property=\"og:locale\" content=\"pt_BR\" \/>\n<meta property=\"og:type\" content=\"article\" \/>\n<meta property=\"og:title\" content=\"Enzo Bianchi: encontro entre Bartolomeu e Cirilo, passo importante para pacificar a ortodoxia | ECCLESIA NEWS\" \/>\n<meta property=\"og:description\" content=\"Para Enzo Bianchi, fundador da Comunidade de Bose, o encontro no Fanar, em Istambul, teve um car\u00e1ter in\u00e9dito e encorajador para o di\u00e1logo no mundo ortodoxo. Fabio Colagrande &#8211; Cidade do Vaticano &#8212; \u201cUma retomada do di\u00e1logo, mas com um&#8230;\" \/>\n<meta property=\"og:url\" content=\"https:\/\/news.ecclesia.org.br\/?p=26026\" \/>\n<meta property=\"og:site_name\" content=\"ECCLESIA NEWS\" \/>\n<meta property=\"article:publisher\" content=\"https:\/\/www.facebook.com\/Ecclesia2025\" \/>\n<meta property=\"article:published_time\" content=\"2018-09-04T17:23:00+00:00\" \/>\n<meta property=\"article:modified_time\" content=\"2021-08-03T23:07:43+00:00\" \/>\n<meta property=\"og:image\" content=\"https:\/\/news.ecclesia.org.br\/wp-content\/uploads\/2018\/09\/Kirill.jpg\" \/>\n\t<meta property=\"og:image:width\" content=\"720\" \/>\n\t<meta property=\"og:image:height\" content=\"480\" \/>\n\t<meta property=\"og:image:type\" content=\"image\/jpeg\" \/>\n<meta name=\"author\" content=\"Pe. Andr\u00e9\" \/>\n<meta name=\"twitter:card\" content=\"summary_large_image\" \/>\n<meta name=\"twitter:creator\" content=\"@EcclesiaNews\" \/>\n<meta name=\"twitter:site\" content=\"@EcclesiaNews\" \/>\n<meta name=\"twitter:label1\" content=\"Escrito por\" \/>\n\t<meta name=\"twitter:data1\" content=\"Pe. Andr\u00e9\" \/>\n\t<meta name=\"twitter:label2\" content=\"Est. tempo de leitura\" \/>\n\t<meta name=\"twitter:data2\" content=\"2 minutos\" \/>\n<script type=\"application\/ld+json\" class=\"yoast-schema-graph\">{\"@context\":\"https:\\\/\\\/schema.org\",\"@graph\":[{\"@type\":\"Article\",\"@id\":\"https:\\\/\\\/news.ecclesia.org.br\\\/?p=26026#article\",\"isPartOf\":{\"@id\":\"https:\\\/\\\/news.ecclesia.org.br\\\/?p=26026\"},\"author\":{\"name\":\"Pe. Andr\u00e9\",\"@id\":\"https:\\\/\\\/news.ecclesia.org.br\\\/#\\\/schema\\\/person\\\/6f09597f025829745ba414a569f63758\"},\"headline\":\"Enzo Bianchi: encontro entre Bartolomeu e Cirilo, passo importante para pacificar a ortodoxia\",\"datePublished\":\"2018-09-04T17:23:00+00:00\",\"dateModified\":\"2021-08-03T23:07:43+00:00\",\"mainEntityOfPage\":{\"@id\":\"https:\\\/\\\/news.ecclesia.org.br\\\/?p=26026\"},\"wordCount\":464,\"commentCount\":0,\"publisher\":{\"@id\":\"https:\\\/\\\/news.ecclesia.org.br\\\/#organization\"},\"image\":{\"@id\":\"https:\\\/\\\/news.ecclesia.org.br\\\/?p=26026#primaryimage\"},\"thumbnailUrl\":\"https:\\\/\\\/news.ecclesia.org.br\\\/wp-content\\\/uploads\\\/2018\\\/09\\\/Kirill.jpg\",\"articleSection\":[\"NEWS\",\"Patriarcado Ecum\u00eanico\"],\"inLanguage\":\"pt-BR\",\"potentialAction\":[{\"@type\":\"CommentAction\",\"name\":\"Comment\",\"target\":[\"https:\\\/\\\/news.ecclesia.org.br\\\/?p=26026#respond\"]}]},{\"@type\":\"WebPage\",\"@id\":\"https:\\\/\\\/news.ecclesia.org.br\\\/?p=26026\",\"url\":\"https:\\\/\\\/news.ecclesia.org.br\\\/?p=26026\",\"name\":\"Enzo Bianchi: encontro entre Bartolomeu e Cirilo, passo importante para pacificar a ortodoxia | ECCLESIA NEWS\",\"isPartOf\":{\"@id\":\"https:\\\/\\\/news.ecclesia.org.br\\\/#website\"},\"primaryImageOfPage\":{\"@id\":\"https:\\\/\\\/news.ecclesia.org.br\\\/?p=26026#primaryimage\"},\"image\":{\"@id\":\"https:\\\/\\\/news.ecclesia.org.br\\\/?p=26026#primaryimage\"},\"thumbnailUrl\":\"https:\\\/\\\/news.ecclesia.org.br\\\/wp-content\\\/uploads\\\/2018\\\/09\\\/Kirill.jpg\",\"datePublished\":\"2018-09-04T17:23:00+00:00\",\"dateModified\":\"2021-08-03T23:07:43+00:00\",\"breadcrumb\":{\"@id\":\"https:\\\/\\\/news.ecclesia.org.br\\\/?p=26026#breadcrumb\"},\"inLanguage\":\"pt-BR\",\"potentialAction\":[{\"@type\":\"ReadAction\",\"target\":[\"https:\\\/\\\/news.ecclesia.org.br\\\/?p=26026\"]}]},{\"@type\":\"ImageObject\",\"inLanguage\":\"pt-BR\",\"@id\":\"https:\\\/\\\/news.ecclesia.org.br\\\/?p=26026#primaryimage\",\"url\":\"https:\\\/\\\/news.ecclesia.org.br\\\/wp-content\\\/uploads\\\/2018\\\/09\\\/Kirill.jpg\",\"contentUrl\":\"https:\\\/\\\/news.ecclesia.org.br\\\/wp-content\\\/uploads\\\/2018\\\/09\\\/Kirill.jpg\",\"width\":720,\"height\":480},{\"@type\":\"BreadcrumbList\",\"@id\":\"https:\\\/\\\/news.ecclesia.org.br\\\/?p=26026#breadcrumb\",\"itemListElement\":[{\"@type\":\"ListItem\",\"position\":1,\"name\":\"In\u00edcio\",\"item\":\"https:\\\/\\\/news.ecclesia.org.br\\\/\"},{\"@type\":\"ListItem\",\"position\":2,\"name\":\"Enzo Bianchi: encontro entre Bartolomeu e Cirilo, passo importante para pacificar a ortodoxia\"}]},{\"@type\":\"WebSite\",\"@id\":\"https:\\\/\\\/news.ecclesia.org.br\\\/#website\",\"url\":\"https:\\\/\\\/news.ecclesia.org.br\\\/\",\"name\":\"Ecclesia Brasil\",\"description\":\"Desde 2003 onectando o Brasil ao mundo ortodoxo!\",\"publisher\":{\"@id\":\"https:\\\/\\\/news.ecclesia.org.br\\\/#organization\"},\"alternateName\":\"Ecclesia\",\"potentialAction\":[{\"@type\":\"SearchAction\",\"target\":{\"@type\":\"EntryPoint\",\"urlTemplate\":\"https:\\\/\\\/news.ecclesia.org.br\\\/?s={search_term_string}\"},\"query-input\":{\"@type\":\"PropertyValueSpecification\",\"valueRequired\":true,\"valueName\":\"search_term_string\"}}],\"inLanguage\":\"pt-BR\"},{\"@type\":\"Organization\",\"@id\":\"https:\\\/\\\/news.ecclesia.org.br\\\/#organization\",\"name\":\"Sacra Arquidiocese de Buenos Aires e Am\u00e9rica do Sul | Patriarcado Ecum\u00eanico\",\"alternateName\":\"News Ecclesia Brasil\",\"url\":\"https:\\\/\\\/news.ecclesia.org.br\\\/\",\"logo\":{\"@type\":\"ImageObject\",\"inLanguage\":\"pt-BR\",\"@id\":\"https:\\\/\\\/news.ecclesia.org.br\\\/#\\\/schema\\\/logo\\\/image\\\/\",\"url\":\"https:\\\/\\\/news.ecclesia.org.br\\\/wp-content\\\/uploads\\\/2025\\\/05\\\/ecclesia2.png\",\"contentUrl\":\"https:\\\/\\\/news.ecclesia.org.br\\\/wp-content\\\/uploads\\\/2025\\\/05\\\/ecclesia2.png\",\"width\":480,\"height\":120,\"caption\":\"Sacra Arquidiocese de Buenos Aires e Am\u00e9rica do Sul | Patriarcado Ecum\u00eanico\"},\"image\":{\"@id\":\"https:\\\/\\\/news.ecclesia.org.br\\\/#\\\/schema\\\/logo\\\/image\\\/\"},\"sameAs\":[\"https:\\\/\\\/www.facebook.com\\\/Ecclesia2025\",\"https:\\\/\\\/x.com\\\/EcclesiaNews\",\"https:\\\/\\\/br.pinterest.com\\\/ekklisia\\\/\",\"https:\\\/\\\/www.youtube.com\\\/@EcclesiaBrasil\"]},{\"@type\":\"Person\",\"@id\":\"https:\\\/\\\/news.ecclesia.org.br\\\/#\\\/schema\\\/person\\\/6f09597f025829745ba414a569f63758\",\"name\":\"Pe. Andr\u00e9\",\"image\":{\"@type\":\"ImageObject\",\"inLanguage\":\"pt-BR\",\"@id\":\"https:\\\/\\\/secure.gravatar.com\\\/avatar\\\/b4327cfa27e9799da239a26adcd534fc29cdc0c4a4a148eecbcfeb9b42c617ac?s=96&d=mm&r=g\",\"url\":\"https:\\\/\\\/secure.gravatar.com\\\/avatar\\\/b4327cfa27e9799da239a26adcd534fc29cdc0c4a4a148eecbcfeb9b42c617ac?s=96&d=mm&r=g\",\"contentUrl\":\"https:\\\/\\\/secure.gravatar.com\\\/avatar\\\/b4327cfa27e9799da239a26adcd534fc29cdc0c4a4a148eecbcfeb9b42c617ac?s=96&d=mm&r=g\",\"caption\":\"Pe. Andr\u00e9\"},\"sameAs\":[\"https:\\\/\\\/www.ecclesia.org.br\"]}]}<\/script>\n<!-- \/ Yoast SEO plugin. -->","yoast_head_json":{"title":"Enzo Bianchi: encontro entre Bartolomeu e Cirilo, passo importante para pacificar a ortodoxia | ECCLESIA NEWS","robots":{"index":"index","follow":"follow","max-snippet":"max-snippet:-1","max-image-preview":"max-image-preview:large","max-video-preview":"max-video-preview:-1"},"canonical":"https:\/\/news.ecclesia.org.br\/?p=26026","og_locale":"pt_BR","og_type":"article","og_title":"Enzo Bianchi: encontro entre Bartolomeu e Cirilo, passo importante para pacificar a ortodoxia | ECCLESIA NEWS","og_description":"Para Enzo Bianchi, fundador da Comunidade de Bose, o encontro no Fanar, em Istambul, teve um car\u00e1ter in\u00e9dito e encorajador para o di\u00e1logo no mundo ortodoxo. Fabio Colagrande &#8211; Cidade do Vaticano &#8212; \u201cUma retomada do di\u00e1logo, mas com um&#8230;","og_url":"https:\/\/news.ecclesia.org.br\/?p=26026","og_site_name":"ECCLESIA NEWS","article_publisher":"https:\/\/www.facebook.com\/Ecclesia2025","article_published_time":"2018-09-04T17:23:00+00:00","article_modified_time":"2021-08-03T23:07:43+00:00","og_image":[{"width":720,"height":480,"url":"https:\/\/news.ecclesia.org.br\/wp-content\/uploads\/2018\/09\/Kirill.jpg","type":"image\/jpeg"}],"author":"Pe. Andr\u00e9","twitter_card":"summary_large_image","twitter_creator":"@EcclesiaNews","twitter_site":"@EcclesiaNews","twitter_misc":{"Escrito por":"Pe. Andr\u00e9","Est. tempo de leitura":"2 minutos"},"schema":{"@context":"https:\/\/schema.org","@graph":[{"@type":"Article","@id":"https:\/\/news.ecclesia.org.br\/?p=26026#article","isPartOf":{"@id":"https:\/\/news.ecclesia.org.br\/?p=26026"},"author":{"name":"Pe. Andr\u00e9","@id":"https:\/\/news.ecclesia.org.br\/#\/schema\/person\/6f09597f025829745ba414a569f63758"},"headline":"Enzo Bianchi: encontro entre Bartolomeu e Cirilo, passo importante para pacificar a ortodoxia","datePublished":"2018-09-04T17:23:00+00:00","dateModified":"2021-08-03T23:07:43+00:00","mainEntityOfPage":{"@id":"https:\/\/news.ecclesia.org.br\/?p=26026"},"wordCount":464,"commentCount":0,"publisher":{"@id":"https:\/\/news.ecclesia.org.br\/#organization"},"image":{"@id":"https:\/\/news.ecclesia.org.br\/?p=26026#primaryimage"},"thumbnailUrl":"https:\/\/news.ecclesia.org.br\/wp-content\/uploads\/2018\/09\/Kirill.jpg","articleSection":["NEWS","Patriarcado Ecum\u00eanico"],"inLanguage":"pt-BR","potentialAction":[{"@type":"CommentAction","name":"Comment","target":["https:\/\/news.ecclesia.org.br\/?p=26026#respond"]}]},{"@type":"WebPage","@id":"https:\/\/news.ecclesia.org.br\/?p=26026","url":"https:\/\/news.ecclesia.org.br\/?p=26026","name":"Enzo Bianchi: encontro entre Bartolomeu e Cirilo, passo importante para pacificar a ortodoxia | ECCLESIA NEWS","isPartOf":{"@id":"https:\/\/news.ecclesia.org.br\/#website"},"primaryImageOfPage":{"@id":"https:\/\/news.ecclesia.org.br\/?p=26026#primaryimage"},"image":{"@id":"https:\/\/news.ecclesia.org.br\/?p=26026#primaryimage"},"thumbnailUrl":"https:\/\/news.ecclesia.org.br\/wp-content\/uploads\/2018\/09\/Kirill.jpg","datePublished":"2018-09-04T17:23:00+00:00","dateModified":"2021-08-03T23:07:43+00:00","breadcrumb":{"@id":"https:\/\/news.ecclesia.org.br\/?p=26026#breadcrumb"},"inLanguage":"pt-BR","potentialAction":[{"@type":"ReadAction","target":["https:\/\/news.ecclesia.org.br\/?p=26026"]}]},{"@type":"ImageObject","inLanguage":"pt-BR","@id":"https:\/\/news.ecclesia.org.br\/?p=26026#primaryimage","url":"https:\/\/news.ecclesia.org.br\/wp-content\/uploads\/2018\/09\/Kirill.jpg","contentUrl":"https:\/\/news.ecclesia.org.br\/wp-content\/uploads\/2018\/09\/Kirill.jpg","width":720,"height":480},{"@type":"BreadcrumbList","@id":"https:\/\/news.ecclesia.org.br\/?p=26026#breadcrumb","itemListElement":[{"@type":"ListItem","position":1,"name":"In\u00edcio","item":"https:\/\/news.ecclesia.org.br\/"},{"@type":"ListItem","position":2,"name":"Enzo Bianchi: encontro entre Bartolomeu e Cirilo, passo importante para pacificar a ortodoxia"}]},{"@type":"WebSite","@id":"https:\/\/news.ecclesia.org.br\/#website","url":"https:\/\/news.ecclesia.org.br\/","name":"Ecclesia Brasil","description":"Desde 2003 onectando o Brasil ao mundo ortodoxo!","publisher":{"@id":"https:\/\/news.ecclesia.org.br\/#organization"},"alternateName":"Ecclesia","potentialAction":[{"@type":"SearchAction","target":{"@type":"EntryPoint","urlTemplate":"https:\/\/news.ecclesia.org.br\/?s={search_term_string}"},"query-input":{"@type":"PropertyValueSpecification","valueRequired":true,"valueName":"search_term_string"}}],"inLanguage":"pt-BR"},{"@type":"Organization","@id":"https:\/\/news.ecclesia.org.br\/#organization","name":"Sacra Arquidiocese de Buenos Aires e Am\u00e9rica do Sul | Patriarcado Ecum\u00eanico","alternateName":"News Ecclesia Brasil","url":"https:\/\/news.ecclesia.org.br\/","logo":{"@type":"ImageObject","inLanguage":"pt-BR","@id":"https:\/\/news.ecclesia.org.br\/#\/schema\/logo\/image\/","url":"https:\/\/news.ecclesia.org.br\/wp-content\/uploads\/2025\/05\/ecclesia2.png","contentUrl":"https:\/\/news.ecclesia.org.br\/wp-content\/uploads\/2025\/05\/ecclesia2.png","width":480,"height":120,"caption":"Sacra Arquidiocese de Buenos Aires e Am\u00e9rica do Sul | Patriarcado Ecum\u00eanico"},"image":{"@id":"https:\/\/news.ecclesia.org.br\/#\/schema\/logo\/image\/"},"sameAs":["https:\/\/www.facebook.com\/Ecclesia2025","https:\/\/x.com\/EcclesiaNews","https:\/\/br.pinterest.com\/ekklisia\/","https:\/\/www.youtube.com\/@EcclesiaBrasil"]},{"@type":"Person","@id":"https:\/\/news.ecclesia.org.br\/#\/schema\/person\/6f09597f025829745ba414a569f63758","name":"Pe. Andr\u00e9","image":{"@type":"ImageObject","inLanguage":"pt-BR","@id":"https:\/\/secure.gravatar.com\/avatar\/b4327cfa27e9799da239a26adcd534fc29cdc0c4a4a148eecbcfeb9b42c617ac?s=96&d=mm&r=g","url":"https:\/\/secure.gravatar.com\/avatar\/b4327cfa27e9799da239a26adcd534fc29cdc0c4a4a148eecbcfeb9b42c617ac?s=96&d=mm&r=g","contentUrl":"https:\/\/secure.gravatar.com\/avatar\/b4327cfa27e9799da239a26adcd534fc29cdc0c4a4a148eecbcfeb9b42c617ac?s=96&d=mm&r=g","caption":"Pe. Andr\u00e9"},"sameAs":["https:\/\/www.ecclesia.org.br"]}]}},"_links":{"self":[{"href":"https:\/\/news.ecclesia.org.br\/index.php?rest_route=\/wp\/v2\/posts\/26026","targetHints":{"allow":["GET"]}}],"collection":[{"href":"https:\/\/news.ecclesia.org.br\/index.php?rest_route=\/wp\/v2\/posts"}],"about":[{"href":"https:\/\/news.ecclesia.org.br\/index.php?rest_route=\/wp\/v2\/types\/post"}],"author":[{"embeddable":true,"href":"https:\/\/news.ecclesia.org.br\/index.php?rest_route=\/wp\/v2\/users\/1"}],"replies":[{"embeddable":true,"href":"https:\/\/news.ecclesia.org.br\/index.php?rest_route=%2Fwp%2Fv2%2Fcomments&post=26026"}],"version-history":[{"count":1,"href":"https:\/\/news.ecclesia.org.br\/index.php?rest_route=\/wp\/v2\/posts\/26026\/revisions"}],"predecessor-version":[{"id":38654,"href":"https:\/\/news.ecclesia.org.br\/index.php?rest_route=\/wp\/v2\/posts\/26026\/revisions\/38654"}],"wp:featuredmedia":[{"embeddable":true,"href":"https:\/\/news.ecclesia.org.br\/index.php?rest_route=\/wp\/v2\/media\/26027"}],"wp:attachment":[{"href":"https:\/\/news.ecclesia.org.br\/index.php?rest_route=%2Fwp%2Fv2%2Fmedia&parent=26026"}],"wp:term":[{"taxonomy":"category","embeddable":true,"href":"https:\/\/news.ecclesia.org.br\/index.php?rest_route=%2Fwp%2Fv2%2Fcategories&post=26026"},{"taxonomy":"post_tag","embeddable":true,"href":"https:\/\/news.ecclesia.org.br\/index.php?rest_route=%2Fwp%2Fv2%2Ftags&post=26026"}],"curies":[{"name":"wp","href":"https:\/\/api.w.org\/{rel}","templated":true}]}}