{"id":25985,"date":"2018-08-31T22:53:52","date_gmt":"2018-08-31T22:53:52","guid":{"rendered":"https:\/\/news.ecclesia.org.br\/?p=25985"},"modified":"2021-08-03T20:10:36","modified_gmt":"2021-08-03T23:10:36","slug":"igreja-na-ucrania-pautou-encontro-entre-cirilo-e-bartolomeu-i","status":"publish","type":"post","link":"https:\/\/news.ecclesia.org.br\/?p=25985","title":{"rendered":"Igreja na Ucr\u00e2nia pautou encontro entre Cirilo e Bartolomeu I"},"content":{"rendered":"<p><span style=\"text-align: justify;\"><div id=\"galleria-25985\"><a href=\"https:\/\/news.ecclesia.org.br\/wp-content\/uploads\/2018\/08\/001.jpeg\"><img decoding=\"async\" title=\"001\" alt=\"\" src=\"https:\/\/news.ecclesia.org.br\/wp-content\/uploads\/2018\/08\/001-98x55.jpeg\" data-big=\"https:\/\/news.ecclesia.org.br\/wp-content\/uploads\/2018\/08\/001.jpeg\"><\/a><a href=\"https:\/\/news.ecclesia.org.br\/wp-content\/uploads\/2018\/08\/002-1.jpg\"><img decoding=\"async\" title=\"002\" alt=\"\" src=\"https:\/\/news.ecclesia.org.br\/wp-content\/uploads\/2018\/08\/002-1-77x55.jpg\" data-big=\"https:\/\/news.ecclesia.org.br\/wp-content\/uploads\/2018\/08\/002-1.jpg\"><\/a><a href=\"https:\/\/news.ecclesia.org.br\/wp-content\/uploads\/2018\/08\/003-1.jpg\"><img decoding=\"async\" title=\"003\" alt=\"\" src=\"https:\/\/news.ecclesia.org.br\/wp-content\/uploads\/2018\/08\/003-1-82x55.jpg\" data-big=\"https:\/\/news.ecclesia.org.br\/wp-content\/uploads\/2018\/08\/003-1.jpg\"><\/a><a href=\"https:\/\/news.ecclesia.org.br\/wp-content\/uploads\/2018\/08\/004-1.jpg\"><img decoding=\"async\" title=\"004\" alt=\"\" src=\"https:\/\/news.ecclesia.org.br\/wp-content\/uploads\/2018\/08\/004-1-82x55.jpg\" data-big=\"https:\/\/news.ecclesia.org.br\/wp-content\/uploads\/2018\/08\/004-1.jpg\"><\/a><a href=\"https:\/\/news.ecclesia.org.br\/wp-content\/uploads\/2018\/08\/005.jpg\"><img decoding=\"async\" title=\"005\" alt=\"\" src=\"https:\/\/news.ecclesia.org.br\/wp-content\/uploads\/2018\/08\/005-73x55.jpg\" data-big=\"https:\/\/news.ecclesia.org.br\/wp-content\/uploads\/2018\/08\/005.jpg\"><\/a><a href=\"https:\/\/news.ecclesia.org.br\/wp-content\/uploads\/2018\/08\/006.jpg\"><img decoding=\"async\" title=\"006\" alt=\"\" src=\"https:\/\/news.ecclesia.org.br\/wp-content\/uploads\/2018\/08\/006-79x55.jpg\" data-big=\"https:\/\/news.ecclesia.org.br\/wp-content\/uploads\/2018\/08\/006.jpg\"><\/a><a href=\"https:\/\/news.ecclesia.org.br\/wp-content\/uploads\/2018\/08\/007-1.jpg\"><img decoding=\"async\" title=\"007\" alt=\"\" src=\"https:\/\/news.ecclesia.org.br\/wp-content\/uploads\/2018\/08\/007-1-82x55.jpg\" data-big=\"https:\/\/news.ecclesia.org.br\/wp-content\/uploads\/2018\/08\/007-1.jpg\"><\/a><a href=\"https:\/\/news.ecclesia.org.br\/wp-content\/uploads\/2018\/08\/008-1.jpg\"><img decoding=\"async\" title=\"008\" alt=\"\" src=\"https:\/\/news.ecclesia.org.br\/wp-content\/uploads\/2018\/08\/008-1-79x55.jpg\" data-big=\"https:\/\/news.ecclesia.org.br\/wp-content\/uploads\/2018\/08\/008-1.jpg\"><\/a><a href=\"https:\/\/news.ecclesia.org.br\/wp-content\/uploads\/2018\/08\/009-1.jpg\"><img decoding=\"async\" title=\"009\" alt=\"\" src=\"https:\/\/news.ecclesia.org.br\/wp-content\/uploads\/2018\/08\/009-1-72x55.jpg\" data-big=\"https:\/\/news.ecclesia.org.br\/wp-content\/uploads\/2018\/08\/009-1.jpg\"><\/a><a href=\"https:\/\/news.ecclesia.org.br\/wp-content\/uploads\/2018\/08\/010.jpg\"><img decoding=\"async\" title=\"010\" alt=\"\" src=\"https:\/\/news.ecclesia.org.br\/wp-content\/uploads\/2018\/08\/010-82x55.jpg\" data-big=\"https:\/\/news.ecclesia.org.br\/wp-content\/uploads\/2018\/08\/010.jpg\"><\/a><a href=\"https:\/\/news.ecclesia.org.br\/wp-content\/uploads\/2018\/08\/011-1.jpg\"><img decoding=\"async\" title=\"011\" alt=\"\" src=\"https:\/\/news.ecclesia.org.br\/wp-content\/uploads\/2018\/08\/011-1-82x55.jpg\" data-big=\"https:\/\/news.ecclesia.org.br\/wp-content\/uploads\/2018\/08\/011-1.jpg\"><\/a><a href=\"https:\/\/news.ecclesia.org.br\/wp-content\/uploads\/2018\/08\/012-1.jpg\"><img decoding=\"async\" title=\"012\" alt=\"\" src=\"https:\/\/news.ecclesia.org.br\/wp-content\/uploads\/2018\/08\/012-1-82x55.jpg\" data-big=\"https:\/\/news.ecclesia.org.br\/wp-content\/uploads\/2018\/08\/012-1.jpg\"><\/a><a href=\"https:\/\/news.ecclesia.org.br\/wp-content\/uploads\/2018\/08\/013-1.jpg\"><img decoding=\"async\" title=\"013\" alt=\"\" src=\"https:\/\/news.ecclesia.org.br\/wp-content\/uploads\/2018\/08\/013-1-80x55.jpg\" data-big=\"https:\/\/news.ecclesia.org.br\/wp-content\/uploads\/2018\/08\/013-1.jpg\"><\/a><a href=\"https:\/\/news.ecclesia.org.br\/wp-content\/uploads\/2018\/08\/014.jpg\"><img decoding=\"async\" title=\"014\" alt=\"\" src=\"https:\/\/news.ecclesia.org.br\/wp-content\/uploads\/2018\/08\/014-80x55.jpg\" data-big=\"https:\/\/news.ecclesia.org.br\/wp-content\/uploads\/2018\/08\/014.jpg\"><\/a><a href=\"https:\/\/news.ecclesia.org.br\/wp-content\/uploads\/2018\/08\/015-1.jpg\"><img decoding=\"async\" title=\"015\" alt=\"\" src=\"https:\/\/news.ecclesia.org.br\/wp-content\/uploads\/2018\/08\/015-1-80x55.jpg\" data-big=\"https:\/\/news.ecclesia.org.br\/wp-content\/uploads\/2018\/08\/015-1.jpg\"><\/a><a href=\"https:\/\/news.ecclesia.org.br\/wp-content\/uploads\/2018\/08\/016-1.jpg\"><img decoding=\"async\" title=\"016\" alt=\"\" src=\"https:\/\/news.ecclesia.org.br\/wp-content\/uploads\/2018\/08\/016-1-80x55.jpg\" data-big=\"https:\/\/news.ecclesia.org.br\/wp-content\/uploads\/2018\/08\/016-1.jpg\"><\/a><a href=\"https:\/\/news.ecclesia.org.br\/wp-content\/uploads\/2018\/08\/017.jpg\"><img decoding=\"async\" title=\"017\" alt=\"\" src=\"https:\/\/news.ecclesia.org.br\/wp-content\/uploads\/2018\/08\/017-81x55.jpg\" data-big=\"https:\/\/news.ecclesia.org.br\/wp-content\/uploads\/2018\/08\/017.jpg\"><\/a><a href=\"https:\/\/news.ecclesia.org.br\/wp-content\/uploads\/2018\/08\/017-1.jpg\"><img decoding=\"async\" title=\"017\" alt=\"\" src=\"https:\/\/news.ecclesia.org.br\/wp-content\/uploads\/2018\/08\/017-1-80x55.jpg\" data-big=\"https:\/\/news.ecclesia.org.br\/wp-content\/uploads\/2018\/08\/017-1.jpg\"><\/a><a href=\"https:\/\/news.ecclesia.org.br\/wp-content\/uploads\/2018\/08\/bartolomeu-e-cirilo-2.jpeg\"><img decoding=\"async\" title=\"bartolomeu-e-cirilo (2)\" alt=\"\" src=\"https:\/\/news.ecclesia.org.br\/wp-content\/uploads\/2018\/08\/bartolomeu-e-cirilo-2-98x55.jpeg\" data-big=\"https:\/\/news.ecclesia.org.br\/wp-content\/uploads\/2018\/08\/bartolomeu-e-cirilo-2.jpeg\"><\/a><a href=\"https:\/\/news.ecclesia.org.br\/wp-content\/uploads\/2018\/08\/bartolomeu-e-cirilo.jpeg\"><img decoding=\"async\" title=\"bartolomeu-e-cirilo\" alt=\"\" src=\"https:\/\/news.ecclesia.org.br\/wp-content\/uploads\/2018\/08\/bartolomeu-e-cirilo-98x55.jpeg\" data-big=\"https:\/\/news.ecclesia.org.br\/wp-content\/uploads\/2018\/08\/bartolomeu-e-cirilo.jpeg\"><\/a><\/div><\/span><strong>O objetivo do encontro realizado neste 31 de agosto foi fortalecer os la\u00e7os inter-ortodoxos e as rela\u00e7\u00f5es entre os dois Patriarcados.<\/strong><\/p>\r\n<p style=\"text-align: justify;\">Jackson Erpen &#8211; Cidade do Vaticano &#8212; O Patriarca Ecum\u00eanico de Constantinopla, Bartolomeu I, recebeu na manh\u00e3 desta sexta-feira em sua resid\u00eancia, e ap\u00f3s na Igreja de S\u00e3o Jorge, o Patriarca de Moscou e toda a R\u00fassia, Cirilo.<\/p>\r\n<p style=\"text-align: justify;\">Segundo a m\u00eddia russa, as conversa\u00e7\u00f5es centraram-se na quest\u00e3o envolvendo uma poss\u00edvel separa\u00e7\u00e3o entre a Igreja da Ucr\u00e2nia e a Igreja Russa. Ambos os Patriarcas enfatizaram no in\u00edcio do encontro a import\u00e2ncia da unidade na Igreja Ortodoxa. &#8220;Acreditamos no poder do di\u00e1logo&#8221;, disse Cirilo, segundo a Ag\u00eancia de not\u00edcias russa Interfax.<\/p>\r\n<p style=\"text-align: justify;\">Entre Bartolomeu I e Cirilo, houve no passado momentos de tens\u00e3o. Em novembro de 2016, por exemplo, a Igreja Ortodoxa Russa &#8211; de longe a maior igreja nacional ortodoxa &#8211; decidiu na \u00faltima hora n\u00e3o participar do Santo e Grande Conc\u00edlio Pan-ortodoxo na Ilha de Creta, numa tentativa de evitar uma divis\u00e3o, declarou na \u00e9poca Cirilo.<\/p>\r\n<p>Patriarca Kirill com Bartolomeu I no Fanar em 31 de agosto<\/p>\r\n<p style=\"text-align: justify;\">O encontro anterior entre o patriarca Kirill e o patriarca Bartolomeu realizou-se na celebra\u00e7\u00e3o dos Primazes das Igrejas Autoc\u00e9falos em janeiro de 2016 em Chambesy. Antes disto, os dois patriarcas haviam se encontrado em mar\u00e7o de 2014 na concelebra\u00e7\u00e3o dos Primazes de Igrejas autoc\u00e9falos em Istambul; em outubro de 2013 em Podgorica (Montenegro); durante a visita do patriarca Bartolomeu \u00e0 R\u00fassia em maio 2010, e durante a visita oficial do patriarca Kirill \u00e0 Igreja Ortodoxa de Constantinopla em julho de 2009.<\/p>\r\n<h2>A quest\u00e3o ucraniana<\/h2>\r\n<p style=\"text-align: justify;\">Em abril deste ano, o presidente ucraniano Petro Poroshenko e o Parlamento em Kiev apelaram ao Patriarca Ecum\u00eanico de Constantinopla para que declarasse a Igreja Ortodoxa do pa\u00eds como autoc\u00e9fala. Enquanto Bartolomeu mostrou-se aberto, Cirilo rejeitava peremptoriamente a independ\u00eancia da Igreja ucraniana. Os l\u00edderes de v\u00e1rias Igrejas regionais ortodoxas uniram-se \u00e0 posi\u00e7\u00e3o de Moscou.<\/p>\r\n<p style=\"text-align: justify;\">Durante a Declara\u00e7\u00e3o de Independ\u00eancia da Ucr\u00e2nia em 1991, houve uma divis\u00e3o na Igreja Ortodoxa. Desde ent\u00e3o, a Igreja Ortodoxa Ucraniana &#8211; sob o Patriarcado de Moscou &#8211; e o Patriarcado de Kiev, fundado em 1992, disputam a hegemonia na Ucr\u00e2nia.<\/p>\r\n<p style=\"text-align: justify;\">Cerca de 70% dos ucranianos professam o cristianismo ortodoxo. At\u00e9 agora, o Patriarcado Ecum\u00eanico e mais de uma d\u00fazia de Igrejas nacionais ortodoxas reconhecem oficialmente apenas a Igreja Ortodoxa Russa, que tem a maioria das par\u00f3quias na Ucr\u00e2nia.<\/p>\r\n<h2 style=\"text-align: justify;\">A Igreja Ortodoxa<\/h2>\r\n<p style=\"text-align: justify;\">A Igreja Ortodoxa \u00e9 formada pela comunh\u00e3o plena de catorze jurisdi\u00e7\u00f5es eclesi\u00e1sticas autoc\u00e9falas (mais a Igreja Ortodoxa na Am\u00e9rica, apenas parcialmente reconhecida) que professam a mesma f\u00e9 e, com algumas variantes culturais, praticam basicamente os mesmos ritos. O chefe espiritual das Igrejas Ortodoxas \u00e9 o Patriarca de Constantinopla, embora este seja um t\u00edtulo mais honor\u00edfico, uma vez que os patriarcas de cada uma dessas igrejas s\u00e3o independentes. Desta forma, diz-se que o Patriarca de Constantinopla \u00e9 o <em>primus inter pares<\/em>. A maior parte das igrejas ortodoxas usa o rito bizantino.<\/p>\r\n<p style=\"text-align: justify;\">Para os ortodoxos, o chefe \u00fanico e l\u00edder da Igreja, e sem intermedi\u00e1rios, representantes ou legat\u00e1rios, \u00e9 o pr\u00f3prio Jesus. A autoridade suprema na Igreja Ortodoxa \u00e9 o Santo S\u00ednodo, que se comp\u00f5e de todos os patriarcas chefes das igrejas autoc\u00e9falas e dos arcebispos primazes das igrejas aut\u00f4nomas, que se re\u00fanem por chamada do Patriarca Ecum\u00eanico de Constantinopla.<\/p>\r\n<p style=\"text-align: justify;\">A autoridade suprema regional em todos os patriarcados autoc\u00e9falos e igrejas ortodoxas aut\u00f4nomas \u00e9 da compet\u00eancia do Santo S\u00ednodo local. Uma igreja autoc\u00e9fala possui o direito a resolver todos os seus problemas internos com base na sua pr\u00f3pria autoridade, tendo tamb\u00e9m o direito de remover qualquer dos seus bispos, incluindo o pr\u00f3prio patriarca, arcebispo ou metropolita que presida esta Igreja.<\/p>\r\n<hr \/>\r\n<p style=\"text-align: right;\">Fonte: <a href=\"https:\/\/www.vaticannews.va\/pt\/papa\/news\/2018-08\/patriarcas-kirill-bartolomeu-encontro-turquia-agosto-2018.html\" target=\"_blank\" rel=\"noopener\">Vatican NEWS<\/a> Fotos: <a href=\"https:\/\/mospat.ru\/en\/2018\/08\/31\/news163239\/\" target=\"_blank\" rel=\"noopener\">DREE\u00a0<\/a><\/p>\r\n<p>&nbsp;<\/p>\r\n<!-- \/wp:post-content -->\r\n\r\n<!-- wp:paragraph \/-->\r\n\r\n<!-- wp:paragraph \/-->\r\n\r\n<!-- wp:paragraph \/-->","protected":false},"excerpt":{"rendered":"<p>O objetivo do encontro realizado neste 31 de agosto foi fortalecer os la\u00e7os inter-ortodoxos e as rela\u00e7\u00f5es entre os dois Patriarcados. Jackson Erpen &#8211; Cidade do Vaticano &#8212; O Patriarca Ecum\u00eanico de Constantinopla, Bartolomeu I, recebeu na manh\u00e3 desta sexta-feira&#8230;<\/p>\n","protected":false},"author":1,"featured_media":0,"comment_status":"open","ping_status":"open","sticky":false,"template":"","format":"standard","meta":{"_acf_changed":false,"footnotes":""},"categories":[1,72],"tags":[],"class_list":["post-25985","post","type-post","status-publish","format-standard","hentry","category-news","category-patriarcado-ecumenico","entry","rows-excerpt"],"acf":[],"yoast_head":"<!-- This site is optimized with the Yoast SEO plugin v27.4 - https:\/\/yoast.com\/product\/yoast-seo-wordpress\/ -->\n<title>Igreja na Ucr\u00e2nia pautou encontro entre Cirilo e Bartolomeu I | ECCLESIA NEWS<\/title>\n<meta name=\"robots\" content=\"index, follow, max-snippet:-1, max-image-preview:large, max-video-preview:-1\" \/>\n<link rel=\"canonical\" href=\"https:\/\/news.ecclesia.org.br\/?p=25985\" \/>\n<meta property=\"og:locale\" content=\"pt_BR\" \/>\n<meta property=\"og:type\" content=\"article\" \/>\n<meta property=\"og:title\" content=\"Igreja na Ucr\u00e2nia pautou encontro entre Cirilo e Bartolomeu I | ECCLESIA NEWS\" \/>\n<meta property=\"og:description\" content=\"O objetivo do encontro realizado neste 31 de agosto foi fortalecer os la\u00e7os inter-ortodoxos e as rela\u00e7\u00f5es entre os dois Patriarcados. Jackson Erpen &#8211; Cidade do Vaticano &#8212; O Patriarca Ecum\u00eanico de Constantinopla, Bartolomeu I, recebeu na manh\u00e3 desta sexta-feira&#8230;\" \/>\n<meta property=\"og:url\" content=\"https:\/\/news.ecclesia.org.br\/?p=25985\" \/>\n<meta property=\"og:site_name\" content=\"ECCLESIA NEWS\" \/>\n<meta property=\"article:publisher\" content=\"https:\/\/www.facebook.com\/Ecclesia2025\" \/>\n<meta property=\"article:published_time\" content=\"2018-08-31T22:53:52+00:00\" \/>\n<meta property=\"article:modified_time\" content=\"2021-08-03T23:10:36+00:00\" \/>\n<meta property=\"og:image\" content=\"https:\/\/news.ecclesia.org.br\/wp-content\/uploads\/2025\/05\/ecclesia2.png\" \/>\n\t<meta property=\"og:image:width\" content=\"480\" \/>\n\t<meta property=\"og:image:height\" content=\"120\" \/>\n\t<meta property=\"og:image:type\" content=\"image\/png\" \/>\n<meta name=\"author\" content=\"Pe. Andr\u00e9\" \/>\n<meta name=\"twitter:card\" content=\"summary_large_image\" \/>\n<meta name=\"twitter:creator\" content=\"@EcclesiaNews\" \/>\n<meta name=\"twitter:site\" content=\"@EcclesiaNews\" \/>\n<meta name=\"twitter:label1\" content=\"Escrito por\" \/>\n\t<meta name=\"twitter:data1\" content=\"Pe. Andr\u00e9\" \/>\n\t<meta name=\"twitter:label2\" content=\"Est. tempo de leitura\" \/>\n\t<meta name=\"twitter:data2\" content=\"3 minutos\" \/>\n<script type=\"application\/ld+json\" class=\"yoast-schema-graph\">{\"@context\":\"https:\\\/\\\/schema.org\",\"@graph\":[{\"@type\":\"Article\",\"@id\":\"https:\\\/\\\/news.ecclesia.org.br\\\/?p=25985#article\",\"isPartOf\":{\"@id\":\"https:\\\/\\\/news.ecclesia.org.br\\\/?p=25985\"},\"author\":{\"name\":\"Pe. Andr\u00e9\",\"@id\":\"https:\\\/\\\/news.ecclesia.org.br\\\/#\\\/schema\\\/person\\\/6f09597f025829745ba414a569f63758\"},\"headline\":\"Igreja na Ucr\u00e2nia pautou encontro entre Cirilo e Bartolomeu I\",\"datePublished\":\"2018-08-31T22:53:52+00:00\",\"dateModified\":\"2021-08-03T23:10:36+00:00\",\"mainEntityOfPage\":{\"@id\":\"https:\\\/\\\/news.ecclesia.org.br\\\/?p=25985\"},\"wordCount\":677,\"commentCount\":0,\"publisher\":{\"@id\":\"https:\\\/\\\/news.ecclesia.org.br\\\/#organization\"},\"articleSection\":[\"NEWS\",\"Patriarcado Ecum\u00eanico\"],\"inLanguage\":\"pt-BR\",\"potentialAction\":[{\"@type\":\"CommentAction\",\"name\":\"Comment\",\"target\":[\"https:\\\/\\\/news.ecclesia.org.br\\\/?p=25985#respond\"]}]},{\"@type\":\"WebPage\",\"@id\":\"https:\\\/\\\/news.ecclesia.org.br\\\/?p=25985\",\"url\":\"https:\\\/\\\/news.ecclesia.org.br\\\/?p=25985\",\"name\":\"Igreja na Ucr\u00e2nia pautou encontro entre Cirilo e Bartolomeu I | ECCLESIA NEWS\",\"isPartOf\":{\"@id\":\"https:\\\/\\\/news.ecclesia.org.br\\\/#website\"},\"datePublished\":\"2018-08-31T22:53:52+00:00\",\"dateModified\":\"2021-08-03T23:10:36+00:00\",\"breadcrumb\":{\"@id\":\"https:\\\/\\\/news.ecclesia.org.br\\\/?p=25985#breadcrumb\"},\"inLanguage\":\"pt-BR\",\"potentialAction\":[{\"@type\":\"ReadAction\",\"target\":[\"https:\\\/\\\/news.ecclesia.org.br\\\/?p=25985\"]}]},{\"@type\":\"BreadcrumbList\",\"@id\":\"https:\\\/\\\/news.ecclesia.org.br\\\/?p=25985#breadcrumb\",\"itemListElement\":[{\"@type\":\"ListItem\",\"position\":1,\"name\":\"In\u00edcio\",\"item\":\"https:\\\/\\\/news.ecclesia.org.br\\\/\"},{\"@type\":\"ListItem\",\"position\":2,\"name\":\"Igreja na Ucr\u00e2nia pautou encontro entre Cirilo e Bartolomeu I\"}]},{\"@type\":\"WebSite\",\"@id\":\"https:\\\/\\\/news.ecclesia.org.br\\\/#website\",\"url\":\"https:\\\/\\\/news.ecclesia.org.br\\\/\",\"name\":\"Ecclesia Brasil\",\"description\":\"Desde 2003 onectando o Brasil ao mundo ortodoxo!\",\"publisher\":{\"@id\":\"https:\\\/\\\/news.ecclesia.org.br\\\/#organization\"},\"alternateName\":\"Ecclesia\",\"potentialAction\":[{\"@type\":\"SearchAction\",\"target\":{\"@type\":\"EntryPoint\",\"urlTemplate\":\"https:\\\/\\\/news.ecclesia.org.br\\\/?s={search_term_string}\"},\"query-input\":{\"@type\":\"PropertyValueSpecification\",\"valueRequired\":true,\"valueName\":\"search_term_string\"}}],\"inLanguage\":\"pt-BR\"},{\"@type\":\"Organization\",\"@id\":\"https:\\\/\\\/news.ecclesia.org.br\\\/#organization\",\"name\":\"Sacra Arquidiocese de Buenos Aires e Am\u00e9rica do Sul | Patriarcado Ecum\u00eanico\",\"alternateName\":\"News Ecclesia Brasil\",\"url\":\"https:\\\/\\\/news.ecclesia.org.br\\\/\",\"logo\":{\"@type\":\"ImageObject\",\"inLanguage\":\"pt-BR\",\"@id\":\"https:\\\/\\\/news.ecclesia.org.br\\\/#\\\/schema\\\/logo\\\/image\\\/\",\"url\":\"https:\\\/\\\/news.ecclesia.org.br\\\/wp-content\\\/uploads\\\/2025\\\/05\\\/ecclesia2.png\",\"contentUrl\":\"https:\\\/\\\/news.ecclesia.org.br\\\/wp-content\\\/uploads\\\/2025\\\/05\\\/ecclesia2.png\",\"width\":480,\"height\":120,\"caption\":\"Sacra Arquidiocese de Buenos Aires e Am\u00e9rica do Sul | Patriarcado Ecum\u00eanico\"},\"image\":{\"@id\":\"https:\\\/\\\/news.ecclesia.org.br\\\/#\\\/schema\\\/logo\\\/image\\\/\"},\"sameAs\":[\"https:\\\/\\\/www.facebook.com\\\/Ecclesia2025\",\"https:\\\/\\\/x.com\\\/EcclesiaNews\",\"https:\\\/\\\/br.pinterest.com\\\/ekklisia\\\/\",\"https:\\\/\\\/www.youtube.com\\\/@EcclesiaBrasil\"]},{\"@type\":\"Person\",\"@id\":\"https:\\\/\\\/news.ecclesia.org.br\\\/#\\\/schema\\\/person\\\/6f09597f025829745ba414a569f63758\",\"name\":\"Pe. Andr\u00e9\",\"image\":{\"@type\":\"ImageObject\",\"inLanguage\":\"pt-BR\",\"@id\":\"https:\\\/\\\/secure.gravatar.com\\\/avatar\\\/b4327cfa27e9799da239a26adcd534fc29cdc0c4a4a148eecbcfeb9b42c617ac?s=96&d=mm&r=g\",\"url\":\"https:\\\/\\\/secure.gravatar.com\\\/avatar\\\/b4327cfa27e9799da239a26adcd534fc29cdc0c4a4a148eecbcfeb9b42c617ac?s=96&d=mm&r=g\",\"contentUrl\":\"https:\\\/\\\/secure.gravatar.com\\\/avatar\\\/b4327cfa27e9799da239a26adcd534fc29cdc0c4a4a148eecbcfeb9b42c617ac?s=96&d=mm&r=g\",\"caption\":\"Pe. Andr\u00e9\"},\"sameAs\":[\"https:\\\/\\\/www.ecclesia.org.br\"]}]}<\/script>\n<!-- \/ Yoast SEO plugin. -->","yoast_head_json":{"title":"Igreja na Ucr\u00e2nia pautou encontro entre Cirilo e Bartolomeu I | ECCLESIA NEWS","robots":{"index":"index","follow":"follow","max-snippet":"max-snippet:-1","max-image-preview":"max-image-preview:large","max-video-preview":"max-video-preview:-1"},"canonical":"https:\/\/news.ecclesia.org.br\/?p=25985","og_locale":"pt_BR","og_type":"article","og_title":"Igreja na Ucr\u00e2nia pautou encontro entre Cirilo e Bartolomeu I | ECCLESIA NEWS","og_description":"O objetivo do encontro realizado neste 31 de agosto foi fortalecer os la\u00e7os inter-ortodoxos e as rela\u00e7\u00f5es entre os dois Patriarcados. Jackson Erpen &#8211; Cidade do Vaticano &#8212; O Patriarca Ecum\u00eanico de Constantinopla, Bartolomeu I, recebeu na manh\u00e3 desta sexta-feira&#8230;","og_url":"https:\/\/news.ecclesia.org.br\/?p=25985","og_site_name":"ECCLESIA NEWS","article_publisher":"https:\/\/www.facebook.com\/Ecclesia2025","article_published_time":"2018-08-31T22:53:52+00:00","article_modified_time":"2021-08-03T23:10:36+00:00","og_image":[{"width":480,"height":120,"url":"https:\/\/news.ecclesia.org.br\/wp-content\/uploads\/2025\/05\/ecclesia2.png","type":"image\/png"}],"author":"Pe. Andr\u00e9","twitter_card":"summary_large_image","twitter_creator":"@EcclesiaNews","twitter_site":"@EcclesiaNews","twitter_misc":{"Escrito por":"Pe. Andr\u00e9","Est. tempo de leitura":"3 minutos"},"schema":{"@context":"https:\/\/schema.org","@graph":[{"@type":"Article","@id":"https:\/\/news.ecclesia.org.br\/?p=25985#article","isPartOf":{"@id":"https:\/\/news.ecclesia.org.br\/?p=25985"},"author":{"name":"Pe. Andr\u00e9","@id":"https:\/\/news.ecclesia.org.br\/#\/schema\/person\/6f09597f025829745ba414a569f63758"},"headline":"Igreja na Ucr\u00e2nia pautou encontro entre Cirilo e Bartolomeu I","datePublished":"2018-08-31T22:53:52+00:00","dateModified":"2021-08-03T23:10:36+00:00","mainEntityOfPage":{"@id":"https:\/\/news.ecclesia.org.br\/?p=25985"},"wordCount":677,"commentCount":0,"publisher":{"@id":"https:\/\/news.ecclesia.org.br\/#organization"},"articleSection":["NEWS","Patriarcado Ecum\u00eanico"],"inLanguage":"pt-BR","potentialAction":[{"@type":"CommentAction","name":"Comment","target":["https:\/\/news.ecclesia.org.br\/?p=25985#respond"]}]},{"@type":"WebPage","@id":"https:\/\/news.ecclesia.org.br\/?p=25985","url":"https:\/\/news.ecclesia.org.br\/?p=25985","name":"Igreja na Ucr\u00e2nia pautou encontro entre Cirilo e Bartolomeu I | ECCLESIA NEWS","isPartOf":{"@id":"https:\/\/news.ecclesia.org.br\/#website"},"datePublished":"2018-08-31T22:53:52+00:00","dateModified":"2021-08-03T23:10:36+00:00","breadcrumb":{"@id":"https:\/\/news.ecclesia.org.br\/?p=25985#breadcrumb"},"inLanguage":"pt-BR","potentialAction":[{"@type":"ReadAction","target":["https:\/\/news.ecclesia.org.br\/?p=25985"]}]},{"@type":"BreadcrumbList","@id":"https:\/\/news.ecclesia.org.br\/?p=25985#breadcrumb","itemListElement":[{"@type":"ListItem","position":1,"name":"In\u00edcio","item":"https:\/\/news.ecclesia.org.br\/"},{"@type":"ListItem","position":2,"name":"Igreja na Ucr\u00e2nia pautou encontro entre Cirilo e Bartolomeu I"}]},{"@type":"WebSite","@id":"https:\/\/news.ecclesia.org.br\/#website","url":"https:\/\/news.ecclesia.org.br\/","name":"Ecclesia Brasil","description":"Desde 2003 onectando o Brasil ao mundo ortodoxo!","publisher":{"@id":"https:\/\/news.ecclesia.org.br\/#organization"},"alternateName":"Ecclesia","potentialAction":[{"@type":"SearchAction","target":{"@type":"EntryPoint","urlTemplate":"https:\/\/news.ecclesia.org.br\/?s={search_term_string}"},"query-input":{"@type":"PropertyValueSpecification","valueRequired":true,"valueName":"search_term_string"}}],"inLanguage":"pt-BR"},{"@type":"Organization","@id":"https:\/\/news.ecclesia.org.br\/#organization","name":"Sacra Arquidiocese de Buenos Aires e Am\u00e9rica do Sul | Patriarcado Ecum\u00eanico","alternateName":"News Ecclesia Brasil","url":"https:\/\/news.ecclesia.org.br\/","logo":{"@type":"ImageObject","inLanguage":"pt-BR","@id":"https:\/\/news.ecclesia.org.br\/#\/schema\/logo\/image\/","url":"https:\/\/news.ecclesia.org.br\/wp-content\/uploads\/2025\/05\/ecclesia2.png","contentUrl":"https:\/\/news.ecclesia.org.br\/wp-content\/uploads\/2025\/05\/ecclesia2.png","width":480,"height":120,"caption":"Sacra Arquidiocese de Buenos Aires e Am\u00e9rica do Sul | Patriarcado Ecum\u00eanico"},"image":{"@id":"https:\/\/news.ecclesia.org.br\/#\/schema\/logo\/image\/"},"sameAs":["https:\/\/www.facebook.com\/Ecclesia2025","https:\/\/x.com\/EcclesiaNews","https:\/\/br.pinterest.com\/ekklisia\/","https:\/\/www.youtube.com\/@EcclesiaBrasil"]},{"@type":"Person","@id":"https:\/\/news.ecclesia.org.br\/#\/schema\/person\/6f09597f025829745ba414a569f63758","name":"Pe. Andr\u00e9","image":{"@type":"ImageObject","inLanguage":"pt-BR","@id":"https:\/\/secure.gravatar.com\/avatar\/b4327cfa27e9799da239a26adcd534fc29cdc0c4a4a148eecbcfeb9b42c617ac?s=96&d=mm&r=g","url":"https:\/\/secure.gravatar.com\/avatar\/b4327cfa27e9799da239a26adcd534fc29cdc0c4a4a148eecbcfeb9b42c617ac?s=96&d=mm&r=g","contentUrl":"https:\/\/secure.gravatar.com\/avatar\/b4327cfa27e9799da239a26adcd534fc29cdc0c4a4a148eecbcfeb9b42c617ac?s=96&d=mm&r=g","caption":"Pe. Andr\u00e9"},"sameAs":["https:\/\/www.ecclesia.org.br"]}]}},"_links":{"self":[{"href":"https:\/\/news.ecclesia.org.br\/index.php?rest_route=\/wp\/v2\/posts\/25985","targetHints":{"allow":["GET"]}}],"collection":[{"href":"https:\/\/news.ecclesia.org.br\/index.php?rest_route=\/wp\/v2\/posts"}],"about":[{"href":"https:\/\/news.ecclesia.org.br\/index.php?rest_route=\/wp\/v2\/types\/post"}],"author":[{"embeddable":true,"href":"https:\/\/news.ecclesia.org.br\/index.php?rest_route=\/wp\/v2\/users\/1"}],"replies":[{"embeddable":true,"href":"https:\/\/news.ecclesia.org.br\/index.php?rest_route=%2Fwp%2Fv2%2Fcomments&post=25985"}],"version-history":[{"count":1,"href":"https:\/\/news.ecclesia.org.br\/index.php?rest_route=\/wp\/v2\/posts\/25985\/revisions"}],"predecessor-version":[{"id":38658,"href":"https:\/\/news.ecclesia.org.br\/index.php?rest_route=\/wp\/v2\/posts\/25985\/revisions\/38658"}],"wp:attachment":[{"href":"https:\/\/news.ecclesia.org.br\/index.php?rest_route=%2Fwp%2Fv2%2Fmedia&parent=25985"}],"wp:term":[{"taxonomy":"category","embeddable":true,"href":"https:\/\/news.ecclesia.org.br\/index.php?rest_route=%2Fwp%2Fv2%2Fcategories&post=25985"},{"taxonomy":"post_tag","embeddable":true,"href":"https:\/\/news.ecclesia.org.br\/index.php?rest_route=%2Fwp%2Fv2%2Ftags&post=25985"}],"curies":[{"name":"wp","href":"https:\/\/api.w.org\/{rel}","templated":true}]}}