{"id":25910,"date":"2018-08-23T01:18:32","date_gmt":"2018-08-23T01:18:32","guid":{"rendered":"https:\/\/news.ecclesia.org.br\/?p=25910"},"modified":"2021-08-03T20:12:29","modified_gmt":"2021-08-03T23:12:29","slug":"convite-aos-lideres-religiosos-para-se-juntar-ao-estacao-da-criacao","status":"publish","type":"post","link":"https:\/\/news.ecclesia.org.br\/?p=25910","title":{"rendered":"CONVITE AOS L\u00cdDERES RELIGIOSOS PARA SE JUNTAR AO \u00abTEMPO DA CRIA\u00c7\u00c3O\u00bb"},"content":{"rendered":"<blockquote><p>Queridos irm\u00e3os e irm\u00e3s em Cristo,<\/p>\n<p><em>\u00abPergunta, pois, aos animais e eles te ensinar\u00e3o;<br \/>\n\u00e0s aves do c\u00e9u e elas te instruir\u00e3o.<br \/>\nFala {aos r\u00e9pteis} da terra, e eles te responder\u00e3o,<br \/>\ne aos peixes do mar, e eles te dar\u00e3o li\u00e7\u00f5es.<br \/>\nEntre todos esses seres<br \/>\nquem n\u00e3o sabe que a m\u00e3o de Deus fez tudo isso\u00bb<\/em>.<\/p>\n<p style=\"text-align: right;\">(J\u00f3 12:7-9)<\/p>\n<\/blockquote>\n<p style=\"text-align: justify;\">Uma vez por ano, de 1\u00ba de setembro a 4 de outubro, como membros da fam\u00edlia crist\u00e3, reservamos um tempo para aprofundar a nossa rela\u00e7\u00e3o com o Criador, uns com os outros e com toda a Cria\u00e7\u00e3o. Trata-se do \u00abTempo da Cria\u00e7\u00e3o\u00bb, que teve in\u00edcio em 1989 com o a institui\u00e7\u00e3o do \u00abDia de Ora\u00e7\u00e3o pela Prote\u00e7\u00e3o da Cria\u00e7\u00e3o\u00bb pelo Patriarcado Ecum\u00eanico da Igreja Ortodoxa, e que agora \u00e9 abra\u00e7ado pela fam\u00edlia ecum\u00eanica mais ampla.<\/p>\n<p style=\"text-align: justify;\">Durante este per\u00edodo, juntamo-nos para festejar a cria\u00e7\u00e3o e refletir sobre o quanto nos importamos com ela. Este tempo oferece uma oportunidade preciosa para uma pausa no meio de nossa agitada vida cotidiana, para que\u00a0 contemplemos a vida sendo tecida.<\/p>\n<p style=\"text-align: justify;\">\u00c0 medida que a crise ambiental se aprofunda, n\u00f3s, crist\u00e3os, somos chamados com urg\u00eancia a testemunhar a nossa f\u00e9 assumindo atitudes ousadas para preservar o dom que compartilhamos. Como canta o salmista:<\/p>\n<blockquote>\n<p style=\"text-align: justify;\"><em>\u00abDo Senhor \u00e9 a terra e a sua plenitude; <\/em><br \/>\n<em>o mundo e aqueles que nele habitam. <\/em><br \/>\n<em>Porque ele a fundou sobre os mares, <\/em><br \/>\n<em>e a firmou sobre os rios\u00bb. <\/em><\/p>\n<\/blockquote>\n<p style=\"text-align: right;\">(Sl 24: 1-2).<\/p>\n<p style=\"text-align: justify;\">Durante o \u00abTempo da Cria\u00e7\u00e3o\u00bb, n\u00f3s nos questionamos: Ser\u00e1 que as nossas a\u00e7\u00f5es honram o Senhor como Criador? Existem formas de aprofundar a nossa f\u00e9, protegendo \u201co menor destes\u201d, que s\u00e3o os mais vulner\u00e1veis \u00e0s consequ\u00eancias da degrada\u00e7\u00e3o ambiental?<\/p>\n<p style=\"text-align: justify;\">Convidamos voc\u00ea a se juntar a n\u00f3s em uma viagem de f\u00e9 que nos desafia e nos recompensa com uma nova perspectiva e v\u00ednculos mais profundos de amor. Unidos em nosso sincero desejo de proteger a Cria\u00e7\u00e3o e a todos aqueles que o compartilham, demo-nos as m\u00e3os como irm\u00e3os e irm\u00e3s em Cristo, independente de denomina\u00e7\u00f5es. Durante esta temporada, caminhemos juntos pelo cuidado e prote\u00e7\u00e3o do nosso lugar na cria\u00e7\u00e3o.<\/p>\n<blockquote>\n<p style=\"text-align: justify;\"><em>\u00abSenhor, Deus meu, tu \u00e9s magnificent\u00edssimo! <\/em><br \/>\n<em>Est\u00e1s vestido de honra e de majestade, <\/em><br \/>\n<em>tu que te cobres de luz como de um manto, <\/em><br \/>\n<em>que estendes os c\u00e9us como uma cortina\u00bb.<\/em><\/p>\n<p style=\"text-align: right;\">(Sl 104: 1-2).<\/p>\n<\/blockquote>\n<p>Na gra\u00e7a de Deus,<\/p>\n<p><strong>Arcebispo Job de Telmessos,<br \/>\n<\/strong>Representante Permanente do Patriarcado Ecum\u00eanico de Constantinopla junto ao CMI, em nome de Sua Santidade o Patriarca Ecum\u00eanico Bartolomeu<\/p>\n<p><strong>Dom &amp; Rt. Hon Justin Welby<\/strong>,<br \/>\nArcebispo de Canterbury<\/p>\n<p><strong>Cardeal Peter KA Turkson<\/strong>,<br \/>\nVaticano &#8211; Prefeito Dicast\u00e9rio para a Promo\u00e7\u00e3o do Desenvolvimento Humano Integral<\/p>\n<p><strong>Rev. Dr. Olav Fykse Tveit<\/strong>,<br \/>\nSecret\u00e1rio Geral, Conselho Mundial de Igrejas<\/p>\n<p><strong>Rev. Dr. Chris Ferguson<\/strong>,<br \/>\nSecret\u00e1rio Geral, Comunh\u00e3o Mundial das Igrejas Reformadas<\/p>\n<p><strong>Bispo Efraim Tendero<\/strong>,<br \/>\nSecret\u00e1rio-Geral, Alian\u00e7a Evang\u00e9lica Mundial<\/p>\n<p><strong>Rev. Dr. Martin Junge<\/strong>,<br \/>\nSecret\u00e1rio Geral, Federa\u00e7\u00e3o Luterana Mundial<\/p>\n<p><strong>Rudelmar Bueno de Faria<\/strong>,<br \/>\nSecret\u00e1rio Geral, ACT Alliance<\/p>\n<p><strong>Fr. Heikki Huttunen<\/strong>,<br \/>\nSecret\u00e1rio Geral, Confer\u00eancia das Igrejas Europeias<\/p>\n<hr \/>\n<p>Fonte:\u00a0<a href=\"https:\/\/www.ecupatria.org\/\" target=\"_blank\" rel=\"noopener\">Ecumenical Patriarchate<\/a><\/p>\n","protected":false},"excerpt":{"rendered":"<p>Queridos irm\u00e3os e irm\u00e3s em Cristo, \u00abPergunta, pois, aos animais e eles te ensinar\u00e3o; \u00e0s aves do c\u00e9u e elas te instruir\u00e3o. Fala {aos r\u00e9pteis} da terra, e eles te responder\u00e3o, e aos peixes do mar, e eles te dar\u00e3o&#8230;<\/p>\n","protected":false},"author":1,"featured_media":25911,"comment_status":"open","ping_status":"open","sticky":false,"template":"","format":"standard","meta":{"_acf_changed":false,"footnotes":""},"categories":[1,72],"tags":[],"class_list":["post-25910","post","type-post","status-publish","format-standard","has-post-thumbnail","hentry","category-news","category-patriarcado-ecumenico","entry","rows-excerpt"],"acf":[],"yoast_head":"<!-- This site is optimized with the Yoast SEO plugin v27.4 - https:\/\/yoast.com\/product\/yoast-seo-wordpress\/ -->\n<title>CONVITE AOS L\u00cdDERES RELIGIOSOS PARA SE JUNTAR AO \u00abTEMPO DA CRIA\u00c7\u00c3O\u00bb | ECCLESIA NEWS<\/title>\n<meta name=\"robots\" content=\"index, follow, max-snippet:-1, max-image-preview:large, max-video-preview:-1\" \/>\n<link rel=\"canonical\" href=\"https:\/\/news.ecclesia.org.br\/?p=25910\" \/>\n<meta property=\"og:locale\" content=\"pt_BR\" \/>\n<meta property=\"og:type\" content=\"article\" \/>\n<meta property=\"og:title\" content=\"CONVITE AOS L\u00cdDERES RELIGIOSOS PARA SE JUNTAR AO \u00abTEMPO DA CRIA\u00c7\u00c3O\u00bb | ECCLESIA NEWS\" \/>\n<meta property=\"og:description\" content=\"Queridos irm\u00e3os e irm\u00e3s em Cristo, \u00abPergunta, pois, aos animais e eles te ensinar\u00e3o; \u00e0s aves do c\u00e9u e elas te instruir\u00e3o. Fala {aos r\u00e9pteis} da terra, e eles te responder\u00e3o, e aos peixes do mar, e eles te dar\u00e3o&#8230;\" \/>\n<meta property=\"og:url\" content=\"https:\/\/news.ecclesia.org.br\/?p=25910\" \/>\n<meta property=\"og:site_name\" content=\"ECCLESIA NEWS\" \/>\n<meta property=\"article:publisher\" content=\"https:\/\/www.facebook.com\/Ecclesia2025\" \/>\n<meta property=\"article:published_time\" content=\"2018-08-23T01:18:32+00:00\" \/>\n<meta property=\"article:modified_time\" content=\"2021-08-03T23:12:29+00:00\" \/>\n<meta property=\"og:image\" content=\"https:\/\/news.ecclesia.org.br\/wp-content\/uploads\/2018\/08\/season-of-criation.png\" \/>\n\t<meta property=\"og:image:width\" content=\"1200\" \/>\n\t<meta property=\"og:image:height\" content=\"630\" \/>\n\t<meta property=\"og:image:type\" content=\"image\/png\" \/>\n<meta name=\"author\" content=\"Pe. Andr\u00e9\" \/>\n<meta name=\"twitter:card\" content=\"summary_large_image\" \/>\n<meta name=\"twitter:creator\" content=\"@EcclesiaNews\" \/>\n<meta name=\"twitter:site\" content=\"@EcclesiaNews\" \/>\n<meta name=\"twitter:label1\" content=\"Escrito por\" \/>\n\t<meta name=\"twitter:data1\" content=\"Pe. Andr\u00e9\" \/>\n\t<meta name=\"twitter:label2\" content=\"Est. tempo de leitura\" \/>\n\t<meta name=\"twitter:data2\" content=\"3 minutos\" \/>\n<script type=\"application\/ld+json\" class=\"yoast-schema-graph\">{\"@context\":\"https:\\\/\\\/schema.org\",\"@graph\":[{\"@type\":\"Article\",\"@id\":\"https:\\\/\\\/news.ecclesia.org.br\\\/?p=25910#article\",\"isPartOf\":{\"@id\":\"https:\\\/\\\/news.ecclesia.org.br\\\/?p=25910\"},\"author\":{\"name\":\"Pe. Andr\u00e9\",\"@id\":\"https:\\\/\\\/news.ecclesia.org.br\\\/#\\\/schema\\\/person\\\/6f09597f025829745ba414a569f63758\"},\"headline\":\"CONVITE AOS L\u00cdDERES RELIGIOSOS PARA SE JUNTAR AO \u00abTEMPO DA CRIA\u00c7\u00c3O\u00bb\",\"datePublished\":\"2018-08-23T01:18:32+00:00\",\"dateModified\":\"2021-08-03T23:12:29+00:00\",\"mainEntityOfPage\":{\"@id\":\"https:\\\/\\\/news.ecclesia.org.br\\\/?p=25910\"},\"wordCount\":557,\"commentCount\":0,\"publisher\":{\"@id\":\"https:\\\/\\\/news.ecclesia.org.br\\\/#organization\"},\"image\":{\"@id\":\"https:\\\/\\\/news.ecclesia.org.br\\\/?p=25910#primaryimage\"},\"thumbnailUrl\":\"https:\\\/\\\/news.ecclesia.org.br\\\/wp-content\\\/uploads\\\/2018\\\/08\\\/season-of-criation.png\",\"articleSection\":[\"NEWS\",\"Patriarcado Ecum\u00eanico\"],\"inLanguage\":\"pt-BR\",\"potentialAction\":[{\"@type\":\"CommentAction\",\"name\":\"Comment\",\"target\":[\"https:\\\/\\\/news.ecclesia.org.br\\\/?p=25910#respond\"]}]},{\"@type\":\"WebPage\",\"@id\":\"https:\\\/\\\/news.ecclesia.org.br\\\/?p=25910\",\"url\":\"https:\\\/\\\/news.ecclesia.org.br\\\/?p=25910\",\"name\":\"CONVITE AOS L\u00cdDERES RELIGIOSOS PARA SE JUNTAR AO \u00abTEMPO DA CRIA\u00c7\u00c3O\u00bb | ECCLESIA NEWS\",\"isPartOf\":{\"@id\":\"https:\\\/\\\/news.ecclesia.org.br\\\/#website\"},\"primaryImageOfPage\":{\"@id\":\"https:\\\/\\\/news.ecclesia.org.br\\\/?p=25910#primaryimage\"},\"image\":{\"@id\":\"https:\\\/\\\/news.ecclesia.org.br\\\/?p=25910#primaryimage\"},\"thumbnailUrl\":\"https:\\\/\\\/news.ecclesia.org.br\\\/wp-content\\\/uploads\\\/2018\\\/08\\\/season-of-criation.png\",\"datePublished\":\"2018-08-23T01:18:32+00:00\",\"dateModified\":\"2021-08-03T23:12:29+00:00\",\"breadcrumb\":{\"@id\":\"https:\\\/\\\/news.ecclesia.org.br\\\/?p=25910#breadcrumb\"},\"inLanguage\":\"pt-BR\",\"potentialAction\":[{\"@type\":\"ReadAction\",\"target\":[\"https:\\\/\\\/news.ecclesia.org.br\\\/?p=25910\"]}]},{\"@type\":\"ImageObject\",\"inLanguage\":\"pt-BR\",\"@id\":\"https:\\\/\\\/news.ecclesia.org.br\\\/?p=25910#primaryimage\",\"url\":\"https:\\\/\\\/news.ecclesia.org.br\\\/wp-content\\\/uploads\\\/2018\\\/08\\\/season-of-criation.png\",\"contentUrl\":\"https:\\\/\\\/news.ecclesia.org.br\\\/wp-content\\\/uploads\\\/2018\\\/08\\\/season-of-criation.png\",\"width\":1200,\"height\":630},{\"@type\":\"BreadcrumbList\",\"@id\":\"https:\\\/\\\/news.ecclesia.org.br\\\/?p=25910#breadcrumb\",\"itemListElement\":[{\"@type\":\"ListItem\",\"position\":1,\"name\":\"In\u00edcio\",\"item\":\"https:\\\/\\\/news.ecclesia.org.br\\\/\"},{\"@type\":\"ListItem\",\"position\":2,\"name\":\"CONVITE AOS L\u00cdDERES RELIGIOSOS PARA SE JUNTAR AO \u00abTEMPO DA CRIA\u00c7\u00c3O\u00bb\"}]},{\"@type\":\"WebSite\",\"@id\":\"https:\\\/\\\/news.ecclesia.org.br\\\/#website\",\"url\":\"https:\\\/\\\/news.ecclesia.org.br\\\/\",\"name\":\"Ecclesia Brasil\",\"description\":\"Desde 2003 onectando o Brasil ao mundo ortodoxo!\",\"publisher\":{\"@id\":\"https:\\\/\\\/news.ecclesia.org.br\\\/#organization\"},\"alternateName\":\"Ecclesia\",\"potentialAction\":[{\"@type\":\"SearchAction\",\"target\":{\"@type\":\"EntryPoint\",\"urlTemplate\":\"https:\\\/\\\/news.ecclesia.org.br\\\/?s={search_term_string}\"},\"query-input\":{\"@type\":\"PropertyValueSpecification\",\"valueRequired\":true,\"valueName\":\"search_term_string\"}}],\"inLanguage\":\"pt-BR\"},{\"@type\":\"Organization\",\"@id\":\"https:\\\/\\\/news.ecclesia.org.br\\\/#organization\",\"name\":\"Sacra Arquidiocese de Buenos Aires e Am\u00e9rica do Sul | Patriarcado Ecum\u00eanico\",\"alternateName\":\"News Ecclesia Brasil\",\"url\":\"https:\\\/\\\/news.ecclesia.org.br\\\/\",\"logo\":{\"@type\":\"ImageObject\",\"inLanguage\":\"pt-BR\",\"@id\":\"https:\\\/\\\/news.ecclesia.org.br\\\/#\\\/schema\\\/logo\\\/image\\\/\",\"url\":\"https:\\\/\\\/news.ecclesia.org.br\\\/wp-content\\\/uploads\\\/2025\\\/05\\\/ecclesia2.png\",\"contentUrl\":\"https:\\\/\\\/news.ecclesia.org.br\\\/wp-content\\\/uploads\\\/2025\\\/05\\\/ecclesia2.png\",\"width\":480,\"height\":120,\"caption\":\"Sacra Arquidiocese de Buenos Aires e Am\u00e9rica do Sul | Patriarcado Ecum\u00eanico\"},\"image\":{\"@id\":\"https:\\\/\\\/news.ecclesia.org.br\\\/#\\\/schema\\\/logo\\\/image\\\/\"},\"sameAs\":[\"https:\\\/\\\/www.facebook.com\\\/Ecclesia2025\",\"https:\\\/\\\/x.com\\\/EcclesiaNews\",\"https:\\\/\\\/br.pinterest.com\\\/ekklisia\\\/\",\"https:\\\/\\\/www.youtube.com\\\/@EcclesiaBrasil\"]},{\"@type\":\"Person\",\"@id\":\"https:\\\/\\\/news.ecclesia.org.br\\\/#\\\/schema\\\/person\\\/6f09597f025829745ba414a569f63758\",\"name\":\"Pe. Andr\u00e9\",\"image\":{\"@type\":\"ImageObject\",\"inLanguage\":\"pt-BR\",\"@id\":\"https:\\\/\\\/secure.gravatar.com\\\/avatar\\\/b4327cfa27e9799da239a26adcd534fc29cdc0c4a4a148eecbcfeb9b42c617ac?s=96&d=mm&r=g\",\"url\":\"https:\\\/\\\/secure.gravatar.com\\\/avatar\\\/b4327cfa27e9799da239a26adcd534fc29cdc0c4a4a148eecbcfeb9b42c617ac?s=96&d=mm&r=g\",\"contentUrl\":\"https:\\\/\\\/secure.gravatar.com\\\/avatar\\\/b4327cfa27e9799da239a26adcd534fc29cdc0c4a4a148eecbcfeb9b42c617ac?s=96&d=mm&r=g\",\"caption\":\"Pe. Andr\u00e9\"},\"sameAs\":[\"https:\\\/\\\/www.ecclesia.org.br\"]}]}<\/script>\n<!-- \/ Yoast SEO plugin. -->","yoast_head_json":{"title":"CONVITE AOS L\u00cdDERES RELIGIOSOS PARA SE JUNTAR AO \u00abTEMPO DA CRIA\u00c7\u00c3O\u00bb | ECCLESIA NEWS","robots":{"index":"index","follow":"follow","max-snippet":"max-snippet:-1","max-image-preview":"max-image-preview:large","max-video-preview":"max-video-preview:-1"},"canonical":"https:\/\/news.ecclesia.org.br\/?p=25910","og_locale":"pt_BR","og_type":"article","og_title":"CONVITE AOS L\u00cdDERES RELIGIOSOS PARA SE JUNTAR AO \u00abTEMPO DA CRIA\u00c7\u00c3O\u00bb | ECCLESIA NEWS","og_description":"Queridos irm\u00e3os e irm\u00e3s em Cristo, \u00abPergunta, pois, aos animais e eles te ensinar\u00e3o; \u00e0s aves do c\u00e9u e elas te instruir\u00e3o. Fala {aos r\u00e9pteis} da terra, e eles te responder\u00e3o, e aos peixes do mar, e eles te dar\u00e3o&#8230;","og_url":"https:\/\/news.ecclesia.org.br\/?p=25910","og_site_name":"ECCLESIA NEWS","article_publisher":"https:\/\/www.facebook.com\/Ecclesia2025","article_published_time":"2018-08-23T01:18:32+00:00","article_modified_time":"2021-08-03T23:12:29+00:00","og_image":[{"width":1200,"height":630,"url":"https:\/\/news.ecclesia.org.br\/wp-content\/uploads\/2018\/08\/season-of-criation.png","type":"image\/png"}],"author":"Pe. Andr\u00e9","twitter_card":"summary_large_image","twitter_creator":"@EcclesiaNews","twitter_site":"@EcclesiaNews","twitter_misc":{"Escrito por":"Pe. Andr\u00e9","Est. tempo de leitura":"3 minutos"},"schema":{"@context":"https:\/\/schema.org","@graph":[{"@type":"Article","@id":"https:\/\/news.ecclesia.org.br\/?p=25910#article","isPartOf":{"@id":"https:\/\/news.ecclesia.org.br\/?p=25910"},"author":{"name":"Pe. Andr\u00e9","@id":"https:\/\/news.ecclesia.org.br\/#\/schema\/person\/6f09597f025829745ba414a569f63758"},"headline":"CONVITE AOS L\u00cdDERES RELIGIOSOS PARA SE JUNTAR AO \u00abTEMPO DA CRIA\u00c7\u00c3O\u00bb","datePublished":"2018-08-23T01:18:32+00:00","dateModified":"2021-08-03T23:12:29+00:00","mainEntityOfPage":{"@id":"https:\/\/news.ecclesia.org.br\/?p=25910"},"wordCount":557,"commentCount":0,"publisher":{"@id":"https:\/\/news.ecclesia.org.br\/#organization"},"image":{"@id":"https:\/\/news.ecclesia.org.br\/?p=25910#primaryimage"},"thumbnailUrl":"https:\/\/news.ecclesia.org.br\/wp-content\/uploads\/2018\/08\/season-of-criation.png","articleSection":["NEWS","Patriarcado Ecum\u00eanico"],"inLanguage":"pt-BR","potentialAction":[{"@type":"CommentAction","name":"Comment","target":["https:\/\/news.ecclesia.org.br\/?p=25910#respond"]}]},{"@type":"WebPage","@id":"https:\/\/news.ecclesia.org.br\/?p=25910","url":"https:\/\/news.ecclesia.org.br\/?p=25910","name":"CONVITE AOS L\u00cdDERES RELIGIOSOS PARA SE JUNTAR AO \u00abTEMPO DA CRIA\u00c7\u00c3O\u00bb | ECCLESIA NEWS","isPartOf":{"@id":"https:\/\/news.ecclesia.org.br\/#website"},"primaryImageOfPage":{"@id":"https:\/\/news.ecclesia.org.br\/?p=25910#primaryimage"},"image":{"@id":"https:\/\/news.ecclesia.org.br\/?p=25910#primaryimage"},"thumbnailUrl":"https:\/\/news.ecclesia.org.br\/wp-content\/uploads\/2018\/08\/season-of-criation.png","datePublished":"2018-08-23T01:18:32+00:00","dateModified":"2021-08-03T23:12:29+00:00","breadcrumb":{"@id":"https:\/\/news.ecclesia.org.br\/?p=25910#breadcrumb"},"inLanguage":"pt-BR","potentialAction":[{"@type":"ReadAction","target":["https:\/\/news.ecclesia.org.br\/?p=25910"]}]},{"@type":"ImageObject","inLanguage":"pt-BR","@id":"https:\/\/news.ecclesia.org.br\/?p=25910#primaryimage","url":"https:\/\/news.ecclesia.org.br\/wp-content\/uploads\/2018\/08\/season-of-criation.png","contentUrl":"https:\/\/news.ecclesia.org.br\/wp-content\/uploads\/2018\/08\/season-of-criation.png","width":1200,"height":630},{"@type":"BreadcrumbList","@id":"https:\/\/news.ecclesia.org.br\/?p=25910#breadcrumb","itemListElement":[{"@type":"ListItem","position":1,"name":"In\u00edcio","item":"https:\/\/news.ecclesia.org.br\/"},{"@type":"ListItem","position":2,"name":"CONVITE AOS L\u00cdDERES RELIGIOSOS PARA SE JUNTAR AO \u00abTEMPO DA CRIA\u00c7\u00c3O\u00bb"}]},{"@type":"WebSite","@id":"https:\/\/news.ecclesia.org.br\/#website","url":"https:\/\/news.ecclesia.org.br\/","name":"Ecclesia Brasil","description":"Desde 2003 onectando o Brasil ao mundo ortodoxo!","publisher":{"@id":"https:\/\/news.ecclesia.org.br\/#organization"},"alternateName":"Ecclesia","potentialAction":[{"@type":"SearchAction","target":{"@type":"EntryPoint","urlTemplate":"https:\/\/news.ecclesia.org.br\/?s={search_term_string}"},"query-input":{"@type":"PropertyValueSpecification","valueRequired":true,"valueName":"search_term_string"}}],"inLanguage":"pt-BR"},{"@type":"Organization","@id":"https:\/\/news.ecclesia.org.br\/#organization","name":"Sacra Arquidiocese de Buenos Aires e Am\u00e9rica do Sul | Patriarcado Ecum\u00eanico","alternateName":"News Ecclesia Brasil","url":"https:\/\/news.ecclesia.org.br\/","logo":{"@type":"ImageObject","inLanguage":"pt-BR","@id":"https:\/\/news.ecclesia.org.br\/#\/schema\/logo\/image\/","url":"https:\/\/news.ecclesia.org.br\/wp-content\/uploads\/2025\/05\/ecclesia2.png","contentUrl":"https:\/\/news.ecclesia.org.br\/wp-content\/uploads\/2025\/05\/ecclesia2.png","width":480,"height":120,"caption":"Sacra Arquidiocese de Buenos Aires e Am\u00e9rica do Sul | Patriarcado Ecum\u00eanico"},"image":{"@id":"https:\/\/news.ecclesia.org.br\/#\/schema\/logo\/image\/"},"sameAs":["https:\/\/www.facebook.com\/Ecclesia2025","https:\/\/x.com\/EcclesiaNews","https:\/\/br.pinterest.com\/ekklisia\/","https:\/\/www.youtube.com\/@EcclesiaBrasil"]},{"@type":"Person","@id":"https:\/\/news.ecclesia.org.br\/#\/schema\/person\/6f09597f025829745ba414a569f63758","name":"Pe. Andr\u00e9","image":{"@type":"ImageObject","inLanguage":"pt-BR","@id":"https:\/\/secure.gravatar.com\/avatar\/b4327cfa27e9799da239a26adcd534fc29cdc0c4a4a148eecbcfeb9b42c617ac?s=96&d=mm&r=g","url":"https:\/\/secure.gravatar.com\/avatar\/b4327cfa27e9799da239a26adcd534fc29cdc0c4a4a148eecbcfeb9b42c617ac?s=96&d=mm&r=g","contentUrl":"https:\/\/secure.gravatar.com\/avatar\/b4327cfa27e9799da239a26adcd534fc29cdc0c4a4a148eecbcfeb9b42c617ac?s=96&d=mm&r=g","caption":"Pe. Andr\u00e9"},"sameAs":["https:\/\/www.ecclesia.org.br"]}]}},"_links":{"self":[{"href":"https:\/\/news.ecclesia.org.br\/index.php?rest_route=\/wp\/v2\/posts\/25910","targetHints":{"allow":["GET"]}}],"collection":[{"href":"https:\/\/news.ecclesia.org.br\/index.php?rest_route=\/wp\/v2\/posts"}],"about":[{"href":"https:\/\/news.ecclesia.org.br\/index.php?rest_route=\/wp\/v2\/types\/post"}],"author":[{"embeddable":true,"href":"https:\/\/news.ecclesia.org.br\/index.php?rest_route=\/wp\/v2\/users\/1"}],"replies":[{"embeddable":true,"href":"https:\/\/news.ecclesia.org.br\/index.php?rest_route=%2Fwp%2Fv2%2Fcomments&post=25910"}],"version-history":[{"count":1,"href":"https:\/\/news.ecclesia.org.br\/index.php?rest_route=\/wp\/v2\/posts\/25910\/revisions"}],"predecessor-version":[{"id":38662,"href":"https:\/\/news.ecclesia.org.br\/index.php?rest_route=\/wp\/v2\/posts\/25910\/revisions\/38662"}],"wp:featuredmedia":[{"embeddable":true,"href":"https:\/\/news.ecclesia.org.br\/index.php?rest_route=\/wp\/v2\/media\/25911"}],"wp:attachment":[{"href":"https:\/\/news.ecclesia.org.br\/index.php?rest_route=%2Fwp%2Fv2%2Fmedia&parent=25910"}],"wp:term":[{"taxonomy":"category","embeddable":true,"href":"https:\/\/news.ecclesia.org.br\/index.php?rest_route=%2Fwp%2Fv2%2Fcategories&post=25910"},{"taxonomy":"post_tag","embeddable":true,"href":"https:\/\/news.ecclesia.org.br\/index.php?rest_route=%2Fwp%2Fv2%2Ftags&post=25910"}],"curies":[{"name":"wp","href":"https:\/\/api.w.org\/{rel}","templated":true}]}}