{"id":25847,"date":"2018-08-09T21:17:35","date_gmt":"2018-08-09T21:17:35","guid":{"rendered":"https:\/\/news.ecclesia.org.br\/?p=25847"},"modified":"2021-08-03T20:15:35","modified_gmt":"2021-08-03T23:15:35","slug":"monasterio-ortodoxo-sirio-de-santa-tecla-reabre-suas-portas","status":"publish","type":"post","link":"https:\/\/news.ecclesia.org.br\/?p=25847","title":{"rendered":"Monast\u00e9rio Ortodoxo S\u00edrio de Santa Tecla reabre suas portas"},"content":{"rendered":"<p style=\"text-align: justify;\">Maaloula, S\u00edria, 6 de agosto de 2018 &#8212; O monast\u00e9rio ortodoxo de Santa Tecla, em Maaloula, na S\u00edria, reabriu suas portas ap\u00f3s a liberta\u00e7\u00e3o da cidade na prov\u00edncia de Damasco, relata a religi\u00e3o Interfax. As monjas, que haviam sido for\u00e7adas a deixar o monast\u00e9rio devido \u00e0 guerra, puderam retornar. \u201cTodos estavam muito preocupados com as religiosas, que s\u00e3o amadas em todo mundo. Os paroquianos s\u00e3o acolhidos e se sentem confortados por seu calor espiritual. Voltei aqui, de Damasco, assim que soube que a \u00e1rea estava livre de terroristas \u201d, diz o capel\u00e3o do monast\u00e9rio, Ilias Ades. Segundo ele, o trabalho de reconstru\u00e7\u00e3o do monast\u00e9rio est\u00e1 em fase de conclus\u00e3o.<\/p>\n<p style=\"text-align: justify;\">\u201cMaaloula reviveu; a igreja reviveu &#8211; veja quantos turistas temos! 90% da reconstru\u00e7\u00e3o j\u00e1 est\u00e1 conclu\u00edda. A S\u00edria est\u00e1 gradualmente se tornando um pa\u00eds pac\u00edfico. Como n\u00e3o se pode alegrar! exclama Ilias. Pe. Ilias diz que os reparos ser\u00e3o conclu\u00eddos dentro de duas semanas. \u201cResta ainda no segundo e quarto andares e a instala\u00e7\u00e3o de eletricidade para que os turistas e peregrinos possam voltar a ficar aqui. Tudo terminar\u00e1 em duas semanas \u201d, observou ele.<\/p>\n<p style=\"text-align: justify;\">Maaloula foi libertada dos militantes em 2014,\u00a0 e logo depois iniciou-se os trabalhos de restaura\u00e7\u00e3o da cidade e do monast\u00e9rio.<\/p>\n<p style=\"text-align: justify;\">O Monast\u00e9rio de Santa Tecla \u00e9 Patrim\u00f4nio Mundial da UNESCO. ISIS invadiu a pequena cidade de Maaloula em 5 de setembro de 2013,\u00a0 iniciando uma grande persegui\u00e7\u00e3o aos crist\u00e3os, destruindo edif\u00edcios e todos os locais sagrados da cidade. Cerca de 3 mil crist\u00e3os fugiram da cidade, ficando apenas mu\u00e7ulmanos e as quarenta monjas do monast\u00e9rio, doze delas sequestrados pelo ISIS no in\u00edcio de dezembro do mesmo ano e s\u00f3 libertadas em mar\u00e7o de 2014.<\/p>\n<hr \/>\n<p style=\"text-align: right;\">Fonte: <a href=\"http:\/\/Fonte: http:\/\/orthochristian.com\/114918.html\" target=\"_blank\" rel=\"noopener\">Orthochristian.com<\/a><\/p>\n","protected":false},"excerpt":{"rendered":"<p>Maaloula, S\u00edria, 6 de agosto de 2018 &#8212; O monast\u00e9rio ortodoxo de Santa Tecla, em Maaloula, na S\u00edria, reabriu suas portas ap\u00f3s a liberta\u00e7\u00e3o da cidade na prov\u00edncia de Damasco, relata a religi\u00e3o Interfax. As monjas, que haviam sido for\u00e7adas&#8230;<\/p>\n","protected":false},"author":1,"featured_media":25848,"comment_status":"open","ping_status":"open","sticky":false,"template":"","format":"standard","meta":{"_acf_changed":false,"footnotes":""},"categories":[1],"tags":[],"class_list":["post-25847","post","type-post","status-publish","format-standard","has-post-thumbnail","hentry","category-news","entry","rows-excerpt"],"acf":[],"yoast_head":"<!-- This site is optimized with the Yoast SEO plugin v27.4 - https:\/\/yoast.com\/product\/yoast-seo-wordpress\/ -->\n<title>Monast\u00e9rio Ortodoxo S\u00edrio de Santa Tecla reabre suas portas | ECCLESIA NEWS<\/title>\n<meta name=\"robots\" content=\"index, follow, max-snippet:-1, max-image-preview:large, max-video-preview:-1\" \/>\n<link rel=\"canonical\" href=\"https:\/\/news.ecclesia.org.br\/?p=25847\" \/>\n<meta property=\"og:locale\" content=\"pt_BR\" \/>\n<meta property=\"og:type\" content=\"article\" \/>\n<meta property=\"og:title\" content=\"Monast\u00e9rio Ortodoxo S\u00edrio de Santa Tecla reabre suas portas | ECCLESIA NEWS\" \/>\n<meta property=\"og:description\" content=\"Maaloula, S\u00edria, 6 de agosto de 2018 &#8212; O monast\u00e9rio ortodoxo de Santa Tecla, em Maaloula, na S\u00edria, reabriu suas portas ap\u00f3s a liberta\u00e7\u00e3o da cidade na prov\u00edncia de Damasco, relata a religi\u00e3o Interfax. As monjas, que haviam sido for\u00e7adas&#8230;\" \/>\n<meta property=\"og:url\" content=\"https:\/\/news.ecclesia.org.br\/?p=25847\" \/>\n<meta property=\"og:site_name\" content=\"ECCLESIA NEWS\" \/>\n<meta property=\"article:publisher\" content=\"https:\/\/www.facebook.com\/Ecclesia2025\" \/>\n<meta property=\"article:published_time\" content=\"2018-08-09T21:17:35+00:00\" \/>\n<meta property=\"article:modified_time\" content=\"2021-08-03T23:15:35+00:00\" \/>\n<meta property=\"og:image\" content=\"https:\/\/news.ecclesia.org.br\/wp-content\/uploads\/2018\/08\/298095.b.jpg\" \/>\n\t<meta property=\"og:image:width\" content=\"750\" \/>\n\t<meta property=\"og:image:height\" content=\"428\" \/>\n\t<meta property=\"og:image:type\" content=\"image\/jpeg\" \/>\n<meta name=\"author\" content=\"Pe. Andr\u00e9\" \/>\n<meta name=\"twitter:card\" content=\"summary_large_image\" \/>\n<meta name=\"twitter:creator\" content=\"@EcclesiaNews\" \/>\n<meta name=\"twitter:site\" content=\"@EcclesiaNews\" \/>\n<meta name=\"twitter:label1\" content=\"Escrito por\" \/>\n\t<meta name=\"twitter:data1\" content=\"Pe. Andr\u00e9\" \/>\n\t<meta name=\"twitter:label2\" content=\"Est. tempo de leitura\" \/>\n\t<meta name=\"twitter:data2\" content=\"2 minutos\" \/>\n<script type=\"application\/ld+json\" class=\"yoast-schema-graph\">{\"@context\":\"https:\\\/\\\/schema.org\",\"@graph\":[{\"@type\":\"Article\",\"@id\":\"https:\\\/\\\/news.ecclesia.org.br\\\/?p=25847#article\",\"isPartOf\":{\"@id\":\"https:\\\/\\\/news.ecclesia.org.br\\\/?p=25847\"},\"author\":{\"name\":\"Pe. Andr\u00e9\",\"@id\":\"https:\\\/\\\/news.ecclesia.org.br\\\/#\\\/schema\\\/person\\\/6f09597f025829745ba414a569f63758\"},\"headline\":\"Monast\u00e9rio Ortodoxo S\u00edrio de Santa Tecla reabre suas portas\",\"datePublished\":\"2018-08-09T21:17:35+00:00\",\"dateModified\":\"2021-08-03T23:15:35+00:00\",\"mainEntityOfPage\":{\"@id\":\"https:\\\/\\\/news.ecclesia.org.br\\\/?p=25847\"},\"wordCount\":317,\"commentCount\":0,\"publisher\":{\"@id\":\"https:\\\/\\\/news.ecclesia.org.br\\\/#organization\"},\"image\":{\"@id\":\"https:\\\/\\\/news.ecclesia.org.br\\\/?p=25847#primaryimage\"},\"thumbnailUrl\":\"https:\\\/\\\/news.ecclesia.org.br\\\/wp-content\\\/uploads\\\/2018\\\/08\\\/298095.b.jpg\",\"articleSection\":[\"NEWS\"],\"inLanguage\":\"pt-BR\",\"potentialAction\":[{\"@type\":\"CommentAction\",\"name\":\"Comment\",\"target\":[\"https:\\\/\\\/news.ecclesia.org.br\\\/?p=25847#respond\"]}]},{\"@type\":\"WebPage\",\"@id\":\"https:\\\/\\\/news.ecclesia.org.br\\\/?p=25847\",\"url\":\"https:\\\/\\\/news.ecclesia.org.br\\\/?p=25847\",\"name\":\"Monast\u00e9rio Ortodoxo S\u00edrio de Santa Tecla reabre suas portas | ECCLESIA NEWS\",\"isPartOf\":{\"@id\":\"https:\\\/\\\/news.ecclesia.org.br\\\/#website\"},\"primaryImageOfPage\":{\"@id\":\"https:\\\/\\\/news.ecclesia.org.br\\\/?p=25847#primaryimage\"},\"image\":{\"@id\":\"https:\\\/\\\/news.ecclesia.org.br\\\/?p=25847#primaryimage\"},\"thumbnailUrl\":\"https:\\\/\\\/news.ecclesia.org.br\\\/wp-content\\\/uploads\\\/2018\\\/08\\\/298095.b.jpg\",\"datePublished\":\"2018-08-09T21:17:35+00:00\",\"dateModified\":\"2021-08-03T23:15:35+00:00\",\"breadcrumb\":{\"@id\":\"https:\\\/\\\/news.ecclesia.org.br\\\/?p=25847#breadcrumb\"},\"inLanguage\":\"pt-BR\",\"potentialAction\":[{\"@type\":\"ReadAction\",\"target\":[\"https:\\\/\\\/news.ecclesia.org.br\\\/?p=25847\"]}]},{\"@type\":\"ImageObject\",\"inLanguage\":\"pt-BR\",\"@id\":\"https:\\\/\\\/news.ecclesia.org.br\\\/?p=25847#primaryimage\",\"url\":\"https:\\\/\\\/news.ecclesia.org.br\\\/wp-content\\\/uploads\\\/2018\\\/08\\\/298095.b.jpg\",\"contentUrl\":\"https:\\\/\\\/news.ecclesia.org.br\\\/wp-content\\\/uploads\\\/2018\\\/08\\\/298095.b.jpg\",\"width\":750,\"height\":428,\"caption\":\"Monast\u00e9rio ortodoxo de S. Tecla, em Maaloula, na S\u00edria (Foto: spzh.news)\"},{\"@type\":\"BreadcrumbList\",\"@id\":\"https:\\\/\\\/news.ecclesia.org.br\\\/?p=25847#breadcrumb\",\"itemListElement\":[{\"@type\":\"ListItem\",\"position\":1,\"name\":\"In\u00edcio\",\"item\":\"https:\\\/\\\/news.ecclesia.org.br\\\/\"},{\"@type\":\"ListItem\",\"position\":2,\"name\":\"Monast\u00e9rio Ortodoxo S\u00edrio de Santa Tecla reabre suas portas\"}]},{\"@type\":\"WebSite\",\"@id\":\"https:\\\/\\\/news.ecclesia.org.br\\\/#website\",\"url\":\"https:\\\/\\\/news.ecclesia.org.br\\\/\",\"name\":\"Ecclesia Brasil\",\"description\":\"Desde 2003 onectando o Brasil ao mundo ortodoxo!\",\"publisher\":{\"@id\":\"https:\\\/\\\/news.ecclesia.org.br\\\/#organization\"},\"alternateName\":\"Ecclesia\",\"potentialAction\":[{\"@type\":\"SearchAction\",\"target\":{\"@type\":\"EntryPoint\",\"urlTemplate\":\"https:\\\/\\\/news.ecclesia.org.br\\\/?s={search_term_string}\"},\"query-input\":{\"@type\":\"PropertyValueSpecification\",\"valueRequired\":true,\"valueName\":\"search_term_string\"}}],\"inLanguage\":\"pt-BR\"},{\"@type\":\"Organization\",\"@id\":\"https:\\\/\\\/news.ecclesia.org.br\\\/#organization\",\"name\":\"Sacra Arquidiocese de Buenos Aires e Am\u00e9rica do Sul | Patriarcado Ecum\u00eanico\",\"alternateName\":\"News Ecclesia Brasil\",\"url\":\"https:\\\/\\\/news.ecclesia.org.br\\\/\",\"logo\":{\"@type\":\"ImageObject\",\"inLanguage\":\"pt-BR\",\"@id\":\"https:\\\/\\\/news.ecclesia.org.br\\\/#\\\/schema\\\/logo\\\/image\\\/\",\"url\":\"https:\\\/\\\/news.ecclesia.org.br\\\/wp-content\\\/uploads\\\/2025\\\/05\\\/ecclesia2.png\",\"contentUrl\":\"https:\\\/\\\/news.ecclesia.org.br\\\/wp-content\\\/uploads\\\/2025\\\/05\\\/ecclesia2.png\",\"width\":480,\"height\":120,\"caption\":\"Sacra Arquidiocese de Buenos Aires e Am\u00e9rica do Sul | Patriarcado Ecum\u00eanico\"},\"image\":{\"@id\":\"https:\\\/\\\/news.ecclesia.org.br\\\/#\\\/schema\\\/logo\\\/image\\\/\"},\"sameAs\":[\"https:\\\/\\\/www.facebook.com\\\/Ecclesia2025\",\"https:\\\/\\\/x.com\\\/EcclesiaNews\",\"https:\\\/\\\/br.pinterest.com\\\/ekklisia\\\/\",\"https:\\\/\\\/www.youtube.com\\\/@EcclesiaBrasil\"]},{\"@type\":\"Person\",\"@id\":\"https:\\\/\\\/news.ecclesia.org.br\\\/#\\\/schema\\\/person\\\/6f09597f025829745ba414a569f63758\",\"name\":\"Pe. Andr\u00e9\",\"image\":{\"@type\":\"ImageObject\",\"inLanguage\":\"pt-BR\",\"@id\":\"https:\\\/\\\/secure.gravatar.com\\\/avatar\\\/b4327cfa27e9799da239a26adcd534fc29cdc0c4a4a148eecbcfeb9b42c617ac?s=96&d=mm&r=g\",\"url\":\"https:\\\/\\\/secure.gravatar.com\\\/avatar\\\/b4327cfa27e9799da239a26adcd534fc29cdc0c4a4a148eecbcfeb9b42c617ac?s=96&d=mm&r=g\",\"contentUrl\":\"https:\\\/\\\/secure.gravatar.com\\\/avatar\\\/b4327cfa27e9799da239a26adcd534fc29cdc0c4a4a148eecbcfeb9b42c617ac?s=96&d=mm&r=g\",\"caption\":\"Pe. Andr\u00e9\"},\"sameAs\":[\"https:\\\/\\\/www.ecclesia.org.br\"]}]}<\/script>\n<!-- \/ Yoast SEO plugin. -->","yoast_head_json":{"title":"Monast\u00e9rio Ortodoxo S\u00edrio de Santa Tecla reabre suas portas | ECCLESIA NEWS","robots":{"index":"index","follow":"follow","max-snippet":"max-snippet:-1","max-image-preview":"max-image-preview:large","max-video-preview":"max-video-preview:-1"},"canonical":"https:\/\/news.ecclesia.org.br\/?p=25847","og_locale":"pt_BR","og_type":"article","og_title":"Monast\u00e9rio Ortodoxo S\u00edrio de Santa Tecla reabre suas portas | ECCLESIA NEWS","og_description":"Maaloula, S\u00edria, 6 de agosto de 2018 &#8212; O monast\u00e9rio ortodoxo de Santa Tecla, em Maaloula, na S\u00edria, reabriu suas portas ap\u00f3s a liberta\u00e7\u00e3o da cidade na prov\u00edncia de Damasco, relata a religi\u00e3o Interfax. As monjas, que haviam sido for\u00e7adas&#8230;","og_url":"https:\/\/news.ecclesia.org.br\/?p=25847","og_site_name":"ECCLESIA NEWS","article_publisher":"https:\/\/www.facebook.com\/Ecclesia2025","article_published_time":"2018-08-09T21:17:35+00:00","article_modified_time":"2021-08-03T23:15:35+00:00","og_image":[{"width":750,"height":428,"url":"https:\/\/news.ecclesia.org.br\/wp-content\/uploads\/2018\/08\/298095.b.jpg","type":"image\/jpeg"}],"author":"Pe. Andr\u00e9","twitter_card":"summary_large_image","twitter_creator":"@EcclesiaNews","twitter_site":"@EcclesiaNews","twitter_misc":{"Escrito por":"Pe. Andr\u00e9","Est. tempo de leitura":"2 minutos"},"schema":{"@context":"https:\/\/schema.org","@graph":[{"@type":"Article","@id":"https:\/\/news.ecclesia.org.br\/?p=25847#article","isPartOf":{"@id":"https:\/\/news.ecclesia.org.br\/?p=25847"},"author":{"name":"Pe. Andr\u00e9","@id":"https:\/\/news.ecclesia.org.br\/#\/schema\/person\/6f09597f025829745ba414a569f63758"},"headline":"Monast\u00e9rio Ortodoxo S\u00edrio de Santa Tecla reabre suas portas","datePublished":"2018-08-09T21:17:35+00:00","dateModified":"2021-08-03T23:15:35+00:00","mainEntityOfPage":{"@id":"https:\/\/news.ecclesia.org.br\/?p=25847"},"wordCount":317,"commentCount":0,"publisher":{"@id":"https:\/\/news.ecclesia.org.br\/#organization"},"image":{"@id":"https:\/\/news.ecclesia.org.br\/?p=25847#primaryimage"},"thumbnailUrl":"https:\/\/news.ecclesia.org.br\/wp-content\/uploads\/2018\/08\/298095.b.jpg","articleSection":["NEWS"],"inLanguage":"pt-BR","potentialAction":[{"@type":"CommentAction","name":"Comment","target":["https:\/\/news.ecclesia.org.br\/?p=25847#respond"]}]},{"@type":"WebPage","@id":"https:\/\/news.ecclesia.org.br\/?p=25847","url":"https:\/\/news.ecclesia.org.br\/?p=25847","name":"Monast\u00e9rio Ortodoxo S\u00edrio de Santa Tecla reabre suas portas | ECCLESIA NEWS","isPartOf":{"@id":"https:\/\/news.ecclesia.org.br\/#website"},"primaryImageOfPage":{"@id":"https:\/\/news.ecclesia.org.br\/?p=25847#primaryimage"},"image":{"@id":"https:\/\/news.ecclesia.org.br\/?p=25847#primaryimage"},"thumbnailUrl":"https:\/\/news.ecclesia.org.br\/wp-content\/uploads\/2018\/08\/298095.b.jpg","datePublished":"2018-08-09T21:17:35+00:00","dateModified":"2021-08-03T23:15:35+00:00","breadcrumb":{"@id":"https:\/\/news.ecclesia.org.br\/?p=25847#breadcrumb"},"inLanguage":"pt-BR","potentialAction":[{"@type":"ReadAction","target":["https:\/\/news.ecclesia.org.br\/?p=25847"]}]},{"@type":"ImageObject","inLanguage":"pt-BR","@id":"https:\/\/news.ecclesia.org.br\/?p=25847#primaryimage","url":"https:\/\/news.ecclesia.org.br\/wp-content\/uploads\/2018\/08\/298095.b.jpg","contentUrl":"https:\/\/news.ecclesia.org.br\/wp-content\/uploads\/2018\/08\/298095.b.jpg","width":750,"height":428,"caption":"Monast\u00e9rio ortodoxo de S. Tecla, em Maaloula, na S\u00edria (Foto: spzh.news)"},{"@type":"BreadcrumbList","@id":"https:\/\/news.ecclesia.org.br\/?p=25847#breadcrumb","itemListElement":[{"@type":"ListItem","position":1,"name":"In\u00edcio","item":"https:\/\/news.ecclesia.org.br\/"},{"@type":"ListItem","position":2,"name":"Monast\u00e9rio Ortodoxo S\u00edrio de Santa Tecla reabre suas portas"}]},{"@type":"WebSite","@id":"https:\/\/news.ecclesia.org.br\/#website","url":"https:\/\/news.ecclesia.org.br\/","name":"Ecclesia Brasil","description":"Desde 2003 onectando o Brasil ao mundo ortodoxo!","publisher":{"@id":"https:\/\/news.ecclesia.org.br\/#organization"},"alternateName":"Ecclesia","potentialAction":[{"@type":"SearchAction","target":{"@type":"EntryPoint","urlTemplate":"https:\/\/news.ecclesia.org.br\/?s={search_term_string}"},"query-input":{"@type":"PropertyValueSpecification","valueRequired":true,"valueName":"search_term_string"}}],"inLanguage":"pt-BR"},{"@type":"Organization","@id":"https:\/\/news.ecclesia.org.br\/#organization","name":"Sacra Arquidiocese de Buenos Aires e Am\u00e9rica do Sul | Patriarcado Ecum\u00eanico","alternateName":"News Ecclesia Brasil","url":"https:\/\/news.ecclesia.org.br\/","logo":{"@type":"ImageObject","inLanguage":"pt-BR","@id":"https:\/\/news.ecclesia.org.br\/#\/schema\/logo\/image\/","url":"https:\/\/news.ecclesia.org.br\/wp-content\/uploads\/2025\/05\/ecclesia2.png","contentUrl":"https:\/\/news.ecclesia.org.br\/wp-content\/uploads\/2025\/05\/ecclesia2.png","width":480,"height":120,"caption":"Sacra Arquidiocese de Buenos Aires e Am\u00e9rica do Sul | Patriarcado Ecum\u00eanico"},"image":{"@id":"https:\/\/news.ecclesia.org.br\/#\/schema\/logo\/image\/"},"sameAs":["https:\/\/www.facebook.com\/Ecclesia2025","https:\/\/x.com\/EcclesiaNews","https:\/\/br.pinterest.com\/ekklisia\/","https:\/\/www.youtube.com\/@EcclesiaBrasil"]},{"@type":"Person","@id":"https:\/\/news.ecclesia.org.br\/#\/schema\/person\/6f09597f025829745ba414a569f63758","name":"Pe. Andr\u00e9","image":{"@type":"ImageObject","inLanguage":"pt-BR","@id":"https:\/\/secure.gravatar.com\/avatar\/b4327cfa27e9799da239a26adcd534fc29cdc0c4a4a148eecbcfeb9b42c617ac?s=96&d=mm&r=g","url":"https:\/\/secure.gravatar.com\/avatar\/b4327cfa27e9799da239a26adcd534fc29cdc0c4a4a148eecbcfeb9b42c617ac?s=96&d=mm&r=g","contentUrl":"https:\/\/secure.gravatar.com\/avatar\/b4327cfa27e9799da239a26adcd534fc29cdc0c4a4a148eecbcfeb9b42c617ac?s=96&d=mm&r=g","caption":"Pe. Andr\u00e9"},"sameAs":["https:\/\/www.ecclesia.org.br"]}]}},"_links":{"self":[{"href":"https:\/\/news.ecclesia.org.br\/index.php?rest_route=\/wp\/v2\/posts\/25847","targetHints":{"allow":["GET"]}}],"collection":[{"href":"https:\/\/news.ecclesia.org.br\/index.php?rest_route=\/wp\/v2\/posts"}],"about":[{"href":"https:\/\/news.ecclesia.org.br\/index.php?rest_route=\/wp\/v2\/types\/post"}],"author":[{"embeddable":true,"href":"https:\/\/news.ecclesia.org.br\/index.php?rest_route=\/wp\/v2\/users\/1"}],"replies":[{"embeddable":true,"href":"https:\/\/news.ecclesia.org.br\/index.php?rest_route=%2Fwp%2Fv2%2Fcomments&post=25847"}],"version-history":[{"count":1,"href":"https:\/\/news.ecclesia.org.br\/index.php?rest_route=\/wp\/v2\/posts\/25847\/revisions"}],"predecessor-version":[{"id":38668,"href":"https:\/\/news.ecclesia.org.br\/index.php?rest_route=\/wp\/v2\/posts\/25847\/revisions\/38668"}],"wp:featuredmedia":[{"embeddable":true,"href":"https:\/\/news.ecclesia.org.br\/index.php?rest_route=\/wp\/v2\/media\/25848"}],"wp:attachment":[{"href":"https:\/\/news.ecclesia.org.br\/index.php?rest_route=%2Fwp%2Fv2%2Fmedia&parent=25847"}],"wp:term":[{"taxonomy":"category","embeddable":true,"href":"https:\/\/news.ecclesia.org.br\/index.php?rest_route=%2Fwp%2Fv2%2Fcategories&post=25847"},{"taxonomy":"post_tag","embeddable":true,"href":"https:\/\/news.ecclesia.org.br\/index.php?rest_route=%2Fwp%2Fv2%2Ftags&post=25847"}],"curies":[{"name":"wp","href":"https:\/\/api.w.org\/{rel}","templated":true}]}}