{"id":25840,"date":"2018-08-08T16:29:31","date_gmt":"2018-08-08T16:29:31","guid":{"rendered":"https:\/\/news.ecclesia.org.br\/?p=25840"},"modified":"2021-08-03T20:16:46","modified_gmt":"2021-08-03T23:16:46","slug":"patriarca-cirilo-ira-se-encontrar-com-s-s-bartolomeu-i-no-fanar-em-31-de-agosto-corrente","status":"publish","type":"post","link":"https:\/\/news.ecclesia.org.br\/?p=25840","title":{"rendered":"Patriarca Cirilo ir\u00e1 se encontrar com S. S. Bartolomeu I no pr\u00f3ximo dia 31 de agosto, no Fanar"},"content":{"rendered":"<p style=\"text-align: justify;\"><strong>O encontro no dia 31 de agosto, que ir\u00e1 tratar de \u00abquest\u00f5es de m\u00fatuo interesse\u00bb, ir\u00e1 fortalecer os la\u00e7os inter-ortodoxos e as rela\u00e7\u00f5es entre os dois Patriarcados.<\/strong><\/p>\n<p style=\"text-align: justify;\">Na sexta-feira, 31 de agosto, o Patriarca de Cirilo de Moscou ir\u00e1 a Istambul para encontrar, no Fanar, [bairro hist\u00f3rico de Istambul, Turquia, onde est\u00e1 localizado o Patriarcado Ecum\u00eanico de Constantinopla, . Assim, \u00e9 comum usar &#8220;fanar&#8221; para designar a sede do Patriarcado Ecum\u00eanico] o Patriarca Ecum\u00eanico Bartolomeu I, Arcebispo de Constantinopla, para falar de \u00abquest\u00f5es de m\u00fatuo interesse.\u00bb A confirma\u00e7\u00e3o do encontro foi dada na ter\u00e7a-feira, 7, pelos dois Patriarcados.<\/p>\n<p style=\"text-align: justify;\">\u00abH\u00e1 condi\u00e7\u00f5es de se esperar de que este encontro ser\u00e1 um evento muito positivo, contribuindo para a melhoria das rela\u00e7\u00f5es entre Constantinopla e o Patriarcado de Moscou e o fortalecimento dos la\u00e7os inter-ortodoxos de forma geral\u00bb, disse o arcipreste Nikolay Danilevich, vice-presidente do Departamento para as Rela\u00e7\u00f5es Eclesi\u00e1sticas Externas do Patriarcado de Moscou. Enquanto o outro vice-presidente, o arcipreste Nikolay Balashov, limitou-se a dizer que a agenda do encontro ainda foi discutida.<\/p>\n<p style=\"text-align: justify;\">Em julho, uma delega\u00e7\u00e3o de Constantinopla foi recebida por Cirilo, em Moscou, preparando assim este encontro em Istambul.<\/p>\n<p style=\"text-align: justify;\">O encontro anterior entre Bartolomeu e Cirilo realizou-se em janeiro de 2016, durante a <em>Synaxis dos Primazes das Igrejas Ortodoxas Locais Autoc\u00e9falas,<\/em> realizada em Chamb\u00e9sy, na Su\u00ed\u00e7a.<\/p>\n<p style=\"text-align: justify;\">Os dois patriarcas encontraram-se em pelo menos outras quatro ocasi\u00f5es: mar\u00e7o de 2014 em Istambul, outubro de 2013 em Podgorica, maio de 2010 em Moscou, e julho de 2009 no Fanar.<\/p>\n<h3 style=\"text-align: justify;\">As Igrejas Ortodoxas<\/h3>\n<p style=\"text-align: justify;\">A Igreja Ortodoxa \u00e9 formada pela comunh\u00e3o plena de catorze jurisdi\u00e7\u00f5es eclesi\u00e1sticas autoc\u00e9falas (mais a Igreja Ortodoxa na Am\u00e9rica &#8211; OCA, apenas parcialmente reconhecida) que professam a mesma f\u00e9 e, com algumas variantes culturais, praticam basicamente os mesmos ritos. O chefe espiritual das Igrejas Ortodoxas \u00e9 o Patriarca de Constantinopla, embora este seja um t\u00edtulo mais honor\u00edfico, uma vez que os patriarcas de cada uma dessas igrejas s\u00e3o independentes. Desta forma, diz-se que o Patriarca de Constantinopla \u00e9<em> Primus inter pares<\/em> (o primeiro entre iguais). A maior parte das Igrejas Ortodoxas usa o Rito Bizantino.<\/p>\n<p style=\"text-align: justify;\">Para os ortodoxos, o Chefe \u00fanico e L\u00edder da Igreja, e sem intermedi\u00e1rios, representantes ou legat\u00e1rios, \u00e9 o pr\u00f3prio Jesus. A autoridade suprema na Igreja Ortodoxa \u00e9 o Santo S\u00ednodo, que se comp\u00f5e de todos os Patriarcas chefes das Igrejas Autoc\u00e9falas e dos Arcebispos Primazes das Igrejas Aut\u00f4nomas, que se re\u00fanem por chamada do Patriarca Ecum\u00eanico de Constantinopla.<\/p>\n<p style=\"text-align: justify;\">A autoridade suprema regional em todos os Patriarcados Autoc\u00e9falos e Igrejas Ortodoxas Aut\u00f4nomas \u00e9 da compet\u00eancia do Santo S\u00ednodo local. Uma Igreja Autoc\u00e9fala possui o direito a resolver todos os seus problemas internos com base na sua pr\u00f3pria autoridade, tendo tamb\u00e9m o direito de remover qualquer dos seus bispos, incluindo o pr\u00f3prio Patriarca, Arcebispo ou Metropolita que presida esta Igreja.<\/p>\n<p style=\"text-align: right;\">Fonte: <a href=\"https:\/\/www.vaticannews.va\/pt\/igreja\/news\/2018-08\/patriarca-kirill-encontro-bartolomeu-i-fanar-istambul.html\" target=\"_blank\" rel=\"noopener\">Vatican NEWS<\/a><\/p>\n","protected":false},"excerpt":{"rendered":"<p>O encontro no dia 31 de agosto, que ir\u00e1 tratar de \u00abquest\u00f5es de m\u00fatuo interesse\u00bb, ir\u00e1 fortalecer os la\u00e7os inter-ortodoxos e as rela\u00e7\u00f5es entre os dois Patriarcados. Na sexta-feira, 31 de agosto, o Patriarca de Cirilo de Moscou ir\u00e1 a&#8230;<\/p>\n","protected":false},"author":1,"featured_media":25841,"comment_status":"open","ping_status":"open","sticky":false,"template":"","format":"standard","meta":{"_acf_changed":false,"footnotes":""},"categories":[1,72],"tags":[],"class_list":["post-25840","post","type-post","status-publish","format-standard","has-post-thumbnail","hentry","category-news","category-patriarcado-ecumenico","entry","rows-excerpt"],"acf":[],"yoast_head":"<!-- This site is optimized with the Yoast SEO plugin v27.4 - https:\/\/yoast.com\/product\/yoast-seo-wordpress\/ -->\n<title>Patriarca Cirilo ir\u00e1 se encontrar com S. S. Bartolomeu I no pr\u00f3ximo dia 31 de agosto, no Fanar | ECCLESIA NEWS<\/title>\n<meta name=\"robots\" content=\"index, follow, max-snippet:-1, max-image-preview:large, max-video-preview:-1\" \/>\n<link rel=\"canonical\" href=\"https:\/\/news.ecclesia.org.br\/?p=25840\" \/>\n<meta property=\"og:locale\" content=\"pt_BR\" \/>\n<meta property=\"og:type\" content=\"article\" \/>\n<meta property=\"og:title\" content=\"Patriarca Cirilo ir\u00e1 se encontrar com S. S. Bartolomeu I no pr\u00f3ximo dia 31 de agosto, no Fanar | ECCLESIA NEWS\" \/>\n<meta property=\"og:description\" content=\"O encontro no dia 31 de agosto, que ir\u00e1 tratar de \u00abquest\u00f5es de m\u00fatuo interesse\u00bb, ir\u00e1 fortalecer os la\u00e7os inter-ortodoxos e as rela\u00e7\u00f5es entre os dois Patriarcados. Na sexta-feira, 31 de agosto, o Patriarca de Cirilo de Moscou ir\u00e1 a&#8230;\" \/>\n<meta property=\"og:url\" content=\"https:\/\/news.ecclesia.org.br\/?p=25840\" \/>\n<meta property=\"og:site_name\" content=\"ECCLESIA NEWS\" \/>\n<meta property=\"article:publisher\" content=\"https:\/\/www.facebook.com\/Ecclesia2025\" \/>\n<meta property=\"article:published_time\" content=\"2018-08-08T16:29:31+00:00\" \/>\n<meta property=\"article:modified_time\" content=\"2021-08-03T23:16:46+00:00\" \/>\n<meta property=\"og:image\" content=\"https:\/\/news.ecclesia.org.br\/wp-content\/uploads\/2018\/08\/cirilo-fanar.jpeg\" \/>\n\t<meta property=\"og:image:width\" content=\"750\" \/>\n\t<meta property=\"og:image:height\" content=\"422\" \/>\n\t<meta property=\"og:image:type\" content=\"image\/jpeg\" \/>\n<meta name=\"author\" content=\"Pe. Andr\u00e9\" \/>\n<meta name=\"twitter:card\" content=\"summary_large_image\" \/>\n<meta name=\"twitter:creator\" content=\"@EcclesiaNews\" \/>\n<meta name=\"twitter:site\" content=\"@EcclesiaNews\" \/>\n<meta name=\"twitter:label1\" content=\"Escrito por\" \/>\n\t<meta name=\"twitter:data1\" content=\"Pe. Andr\u00e9\" \/>\n\t<meta name=\"twitter:label2\" content=\"Est. tempo de leitura\" \/>\n\t<meta name=\"twitter:data2\" content=\"2 minutos\" \/>\n<script type=\"application\/ld+json\" class=\"yoast-schema-graph\">{\"@context\":\"https:\\\/\\\/schema.org\",\"@graph\":[{\"@type\":\"Article\",\"@id\":\"https:\\\/\\\/news.ecclesia.org.br\\\/?p=25840#article\",\"isPartOf\":{\"@id\":\"https:\\\/\\\/news.ecclesia.org.br\\\/?p=25840\"},\"author\":{\"name\":\"Pe. Andr\u00e9\",\"@id\":\"https:\\\/\\\/news.ecclesia.org.br\\\/#\\\/schema\\\/person\\\/6f09597f025829745ba414a569f63758\"},\"headline\":\"Patriarca Cirilo ir\u00e1 se encontrar com S. S. Bartolomeu I no pr\u00f3ximo dia 31 de agosto, no Fanar\",\"datePublished\":\"2018-08-08T16:29:31+00:00\",\"dateModified\":\"2021-08-03T23:16:46+00:00\",\"mainEntityOfPage\":{\"@id\":\"https:\\\/\\\/news.ecclesia.org.br\\\/?p=25840\"},\"wordCount\":516,\"commentCount\":0,\"publisher\":{\"@id\":\"https:\\\/\\\/news.ecclesia.org.br\\\/#organization\"},\"image\":{\"@id\":\"https:\\\/\\\/news.ecclesia.org.br\\\/?p=25840#primaryimage\"},\"thumbnailUrl\":\"https:\\\/\\\/news.ecclesia.org.br\\\/wp-content\\\/uploads\\\/2018\\\/08\\\/cirilo-fanar.jpeg\",\"articleSection\":[\"NEWS\",\"Patriarcado Ecum\u00eanico\"],\"inLanguage\":\"pt-BR\",\"potentialAction\":[{\"@type\":\"CommentAction\",\"name\":\"Comment\",\"target\":[\"https:\\\/\\\/news.ecclesia.org.br\\\/?p=25840#respond\"]}]},{\"@type\":\"WebPage\",\"@id\":\"https:\\\/\\\/news.ecclesia.org.br\\\/?p=25840\",\"url\":\"https:\\\/\\\/news.ecclesia.org.br\\\/?p=25840\",\"name\":\"Patriarca Cirilo ir\u00e1 se encontrar com S. S. Bartolomeu I no pr\u00f3ximo dia 31 de agosto, no Fanar | ECCLESIA NEWS\",\"isPartOf\":{\"@id\":\"https:\\\/\\\/news.ecclesia.org.br\\\/#website\"},\"primaryImageOfPage\":{\"@id\":\"https:\\\/\\\/news.ecclesia.org.br\\\/?p=25840#primaryimage\"},\"image\":{\"@id\":\"https:\\\/\\\/news.ecclesia.org.br\\\/?p=25840#primaryimage\"},\"thumbnailUrl\":\"https:\\\/\\\/news.ecclesia.org.br\\\/wp-content\\\/uploads\\\/2018\\\/08\\\/cirilo-fanar.jpeg\",\"datePublished\":\"2018-08-08T16:29:31+00:00\",\"dateModified\":\"2021-08-03T23:16:46+00:00\",\"breadcrumb\":{\"@id\":\"https:\\\/\\\/news.ecclesia.org.br\\\/?p=25840#breadcrumb\"},\"inLanguage\":\"pt-BR\",\"potentialAction\":[{\"@type\":\"ReadAction\",\"target\":[\"https:\\\/\\\/news.ecclesia.org.br\\\/?p=25840\"]}]},{\"@type\":\"ImageObject\",\"inLanguage\":\"pt-BR\",\"@id\":\"https:\\\/\\\/news.ecclesia.org.br\\\/?p=25840#primaryimage\",\"url\":\"https:\\\/\\\/news.ecclesia.org.br\\\/wp-content\\\/uploads\\\/2018\\\/08\\\/cirilo-fanar.jpeg\",\"contentUrl\":\"https:\\\/\\\/news.ecclesia.org.br\\\/wp-content\\\/uploads\\\/2018\\\/08\\\/cirilo-fanar.jpeg\",\"width\":750,\"height\":422,\"caption\":\"Patriarca Cirilo no Fanar em 2014 (Photo by the Patriarchal Press Service)\"},{\"@type\":\"BreadcrumbList\",\"@id\":\"https:\\\/\\\/news.ecclesia.org.br\\\/?p=25840#breadcrumb\",\"itemListElement\":[{\"@type\":\"ListItem\",\"position\":1,\"name\":\"In\u00edcio\",\"item\":\"https:\\\/\\\/news.ecclesia.org.br\\\/\"},{\"@type\":\"ListItem\",\"position\":2,\"name\":\"Patriarca Cirilo ir\u00e1 se encontrar com S. S. Bartolomeu I no pr\u00f3ximo dia 31 de agosto, no Fanar\"}]},{\"@type\":\"WebSite\",\"@id\":\"https:\\\/\\\/news.ecclesia.org.br\\\/#website\",\"url\":\"https:\\\/\\\/news.ecclesia.org.br\\\/\",\"name\":\"Ecclesia Brasil\",\"description\":\"Desde 2003 onectando o Brasil ao mundo ortodoxo!\",\"publisher\":{\"@id\":\"https:\\\/\\\/news.ecclesia.org.br\\\/#organization\"},\"alternateName\":\"Ecclesia\",\"potentialAction\":[{\"@type\":\"SearchAction\",\"target\":{\"@type\":\"EntryPoint\",\"urlTemplate\":\"https:\\\/\\\/news.ecclesia.org.br\\\/?s={search_term_string}\"},\"query-input\":{\"@type\":\"PropertyValueSpecification\",\"valueRequired\":true,\"valueName\":\"search_term_string\"}}],\"inLanguage\":\"pt-BR\"},{\"@type\":\"Organization\",\"@id\":\"https:\\\/\\\/news.ecclesia.org.br\\\/#organization\",\"name\":\"Sacra Arquidiocese de Buenos Aires e Am\u00e9rica do Sul | Patriarcado Ecum\u00eanico\",\"alternateName\":\"News Ecclesia Brasil\",\"url\":\"https:\\\/\\\/news.ecclesia.org.br\\\/\",\"logo\":{\"@type\":\"ImageObject\",\"inLanguage\":\"pt-BR\",\"@id\":\"https:\\\/\\\/news.ecclesia.org.br\\\/#\\\/schema\\\/logo\\\/image\\\/\",\"url\":\"https:\\\/\\\/news.ecclesia.org.br\\\/wp-content\\\/uploads\\\/2025\\\/05\\\/ecclesia2.png\",\"contentUrl\":\"https:\\\/\\\/news.ecclesia.org.br\\\/wp-content\\\/uploads\\\/2025\\\/05\\\/ecclesia2.png\",\"width\":480,\"height\":120,\"caption\":\"Sacra Arquidiocese de Buenos Aires e Am\u00e9rica do Sul | Patriarcado Ecum\u00eanico\"},\"image\":{\"@id\":\"https:\\\/\\\/news.ecclesia.org.br\\\/#\\\/schema\\\/logo\\\/image\\\/\"},\"sameAs\":[\"https:\\\/\\\/www.facebook.com\\\/Ecclesia2025\",\"https:\\\/\\\/x.com\\\/EcclesiaNews\",\"https:\\\/\\\/br.pinterest.com\\\/ekklisia\\\/\",\"https:\\\/\\\/www.youtube.com\\\/@EcclesiaBrasil\"]},{\"@type\":\"Person\",\"@id\":\"https:\\\/\\\/news.ecclesia.org.br\\\/#\\\/schema\\\/person\\\/6f09597f025829745ba414a569f63758\",\"name\":\"Pe. Andr\u00e9\",\"image\":{\"@type\":\"ImageObject\",\"inLanguage\":\"pt-BR\",\"@id\":\"https:\\\/\\\/secure.gravatar.com\\\/avatar\\\/b4327cfa27e9799da239a26adcd534fc29cdc0c4a4a148eecbcfeb9b42c617ac?s=96&d=mm&r=g\",\"url\":\"https:\\\/\\\/secure.gravatar.com\\\/avatar\\\/b4327cfa27e9799da239a26adcd534fc29cdc0c4a4a148eecbcfeb9b42c617ac?s=96&d=mm&r=g\",\"contentUrl\":\"https:\\\/\\\/secure.gravatar.com\\\/avatar\\\/b4327cfa27e9799da239a26adcd534fc29cdc0c4a4a148eecbcfeb9b42c617ac?s=96&d=mm&r=g\",\"caption\":\"Pe. Andr\u00e9\"},\"sameAs\":[\"https:\\\/\\\/www.ecclesia.org.br\"]}]}<\/script>\n<!-- \/ Yoast SEO plugin. -->","yoast_head_json":{"title":"Patriarca Cirilo ir\u00e1 se encontrar com S. S. Bartolomeu I no pr\u00f3ximo dia 31 de agosto, no Fanar | ECCLESIA NEWS","robots":{"index":"index","follow":"follow","max-snippet":"max-snippet:-1","max-image-preview":"max-image-preview:large","max-video-preview":"max-video-preview:-1"},"canonical":"https:\/\/news.ecclesia.org.br\/?p=25840","og_locale":"pt_BR","og_type":"article","og_title":"Patriarca Cirilo ir\u00e1 se encontrar com S. S. Bartolomeu I no pr\u00f3ximo dia 31 de agosto, no Fanar | ECCLESIA NEWS","og_description":"O encontro no dia 31 de agosto, que ir\u00e1 tratar de \u00abquest\u00f5es de m\u00fatuo interesse\u00bb, ir\u00e1 fortalecer os la\u00e7os inter-ortodoxos e as rela\u00e7\u00f5es entre os dois Patriarcados. Na sexta-feira, 31 de agosto, o Patriarca de Cirilo de Moscou ir\u00e1 a&#8230;","og_url":"https:\/\/news.ecclesia.org.br\/?p=25840","og_site_name":"ECCLESIA NEWS","article_publisher":"https:\/\/www.facebook.com\/Ecclesia2025","article_published_time":"2018-08-08T16:29:31+00:00","article_modified_time":"2021-08-03T23:16:46+00:00","og_image":[{"width":750,"height":422,"url":"https:\/\/news.ecclesia.org.br\/wp-content\/uploads\/2018\/08\/cirilo-fanar.jpeg","type":"image\/jpeg"}],"author":"Pe. Andr\u00e9","twitter_card":"summary_large_image","twitter_creator":"@EcclesiaNews","twitter_site":"@EcclesiaNews","twitter_misc":{"Escrito por":"Pe. Andr\u00e9","Est. tempo de leitura":"2 minutos"},"schema":{"@context":"https:\/\/schema.org","@graph":[{"@type":"Article","@id":"https:\/\/news.ecclesia.org.br\/?p=25840#article","isPartOf":{"@id":"https:\/\/news.ecclesia.org.br\/?p=25840"},"author":{"name":"Pe. Andr\u00e9","@id":"https:\/\/news.ecclesia.org.br\/#\/schema\/person\/6f09597f025829745ba414a569f63758"},"headline":"Patriarca Cirilo ir\u00e1 se encontrar com S. S. Bartolomeu I no pr\u00f3ximo dia 31 de agosto, no Fanar","datePublished":"2018-08-08T16:29:31+00:00","dateModified":"2021-08-03T23:16:46+00:00","mainEntityOfPage":{"@id":"https:\/\/news.ecclesia.org.br\/?p=25840"},"wordCount":516,"commentCount":0,"publisher":{"@id":"https:\/\/news.ecclesia.org.br\/#organization"},"image":{"@id":"https:\/\/news.ecclesia.org.br\/?p=25840#primaryimage"},"thumbnailUrl":"https:\/\/news.ecclesia.org.br\/wp-content\/uploads\/2018\/08\/cirilo-fanar.jpeg","articleSection":["NEWS","Patriarcado Ecum\u00eanico"],"inLanguage":"pt-BR","potentialAction":[{"@type":"CommentAction","name":"Comment","target":["https:\/\/news.ecclesia.org.br\/?p=25840#respond"]}]},{"@type":"WebPage","@id":"https:\/\/news.ecclesia.org.br\/?p=25840","url":"https:\/\/news.ecclesia.org.br\/?p=25840","name":"Patriarca Cirilo ir\u00e1 se encontrar com S. S. Bartolomeu I no pr\u00f3ximo dia 31 de agosto, no Fanar | ECCLESIA NEWS","isPartOf":{"@id":"https:\/\/news.ecclesia.org.br\/#website"},"primaryImageOfPage":{"@id":"https:\/\/news.ecclesia.org.br\/?p=25840#primaryimage"},"image":{"@id":"https:\/\/news.ecclesia.org.br\/?p=25840#primaryimage"},"thumbnailUrl":"https:\/\/news.ecclesia.org.br\/wp-content\/uploads\/2018\/08\/cirilo-fanar.jpeg","datePublished":"2018-08-08T16:29:31+00:00","dateModified":"2021-08-03T23:16:46+00:00","breadcrumb":{"@id":"https:\/\/news.ecclesia.org.br\/?p=25840#breadcrumb"},"inLanguage":"pt-BR","potentialAction":[{"@type":"ReadAction","target":["https:\/\/news.ecclesia.org.br\/?p=25840"]}]},{"@type":"ImageObject","inLanguage":"pt-BR","@id":"https:\/\/news.ecclesia.org.br\/?p=25840#primaryimage","url":"https:\/\/news.ecclesia.org.br\/wp-content\/uploads\/2018\/08\/cirilo-fanar.jpeg","contentUrl":"https:\/\/news.ecclesia.org.br\/wp-content\/uploads\/2018\/08\/cirilo-fanar.jpeg","width":750,"height":422,"caption":"Patriarca Cirilo no Fanar em 2014 (Photo by the Patriarchal Press Service)"},{"@type":"BreadcrumbList","@id":"https:\/\/news.ecclesia.org.br\/?p=25840#breadcrumb","itemListElement":[{"@type":"ListItem","position":1,"name":"In\u00edcio","item":"https:\/\/news.ecclesia.org.br\/"},{"@type":"ListItem","position":2,"name":"Patriarca Cirilo ir\u00e1 se encontrar com S. S. Bartolomeu I no pr\u00f3ximo dia 31 de agosto, no Fanar"}]},{"@type":"WebSite","@id":"https:\/\/news.ecclesia.org.br\/#website","url":"https:\/\/news.ecclesia.org.br\/","name":"Ecclesia Brasil","description":"Desde 2003 onectando o Brasil ao mundo ortodoxo!","publisher":{"@id":"https:\/\/news.ecclesia.org.br\/#organization"},"alternateName":"Ecclesia","potentialAction":[{"@type":"SearchAction","target":{"@type":"EntryPoint","urlTemplate":"https:\/\/news.ecclesia.org.br\/?s={search_term_string}"},"query-input":{"@type":"PropertyValueSpecification","valueRequired":true,"valueName":"search_term_string"}}],"inLanguage":"pt-BR"},{"@type":"Organization","@id":"https:\/\/news.ecclesia.org.br\/#organization","name":"Sacra Arquidiocese de Buenos Aires e Am\u00e9rica do Sul | Patriarcado Ecum\u00eanico","alternateName":"News Ecclesia Brasil","url":"https:\/\/news.ecclesia.org.br\/","logo":{"@type":"ImageObject","inLanguage":"pt-BR","@id":"https:\/\/news.ecclesia.org.br\/#\/schema\/logo\/image\/","url":"https:\/\/news.ecclesia.org.br\/wp-content\/uploads\/2025\/05\/ecclesia2.png","contentUrl":"https:\/\/news.ecclesia.org.br\/wp-content\/uploads\/2025\/05\/ecclesia2.png","width":480,"height":120,"caption":"Sacra Arquidiocese de Buenos Aires e Am\u00e9rica do Sul | Patriarcado Ecum\u00eanico"},"image":{"@id":"https:\/\/news.ecclesia.org.br\/#\/schema\/logo\/image\/"},"sameAs":["https:\/\/www.facebook.com\/Ecclesia2025","https:\/\/x.com\/EcclesiaNews","https:\/\/br.pinterest.com\/ekklisia\/","https:\/\/www.youtube.com\/@EcclesiaBrasil"]},{"@type":"Person","@id":"https:\/\/news.ecclesia.org.br\/#\/schema\/person\/6f09597f025829745ba414a569f63758","name":"Pe. Andr\u00e9","image":{"@type":"ImageObject","inLanguage":"pt-BR","@id":"https:\/\/secure.gravatar.com\/avatar\/b4327cfa27e9799da239a26adcd534fc29cdc0c4a4a148eecbcfeb9b42c617ac?s=96&d=mm&r=g","url":"https:\/\/secure.gravatar.com\/avatar\/b4327cfa27e9799da239a26adcd534fc29cdc0c4a4a148eecbcfeb9b42c617ac?s=96&d=mm&r=g","contentUrl":"https:\/\/secure.gravatar.com\/avatar\/b4327cfa27e9799da239a26adcd534fc29cdc0c4a4a148eecbcfeb9b42c617ac?s=96&d=mm&r=g","caption":"Pe. Andr\u00e9"},"sameAs":["https:\/\/www.ecclesia.org.br"]}]}},"_links":{"self":[{"href":"https:\/\/news.ecclesia.org.br\/index.php?rest_route=\/wp\/v2\/posts\/25840","targetHints":{"allow":["GET"]}}],"collection":[{"href":"https:\/\/news.ecclesia.org.br\/index.php?rest_route=\/wp\/v2\/posts"}],"about":[{"href":"https:\/\/news.ecclesia.org.br\/index.php?rest_route=\/wp\/v2\/types\/post"}],"author":[{"embeddable":true,"href":"https:\/\/news.ecclesia.org.br\/index.php?rest_route=\/wp\/v2\/users\/1"}],"replies":[{"embeddable":true,"href":"https:\/\/news.ecclesia.org.br\/index.php?rest_route=%2Fwp%2Fv2%2Fcomments&post=25840"}],"version-history":[{"count":1,"href":"https:\/\/news.ecclesia.org.br\/index.php?rest_route=\/wp\/v2\/posts\/25840\/revisions"}],"predecessor-version":[{"id":38670,"href":"https:\/\/news.ecclesia.org.br\/index.php?rest_route=\/wp\/v2\/posts\/25840\/revisions\/38670"}],"wp:featuredmedia":[{"embeddable":true,"href":"https:\/\/news.ecclesia.org.br\/index.php?rest_route=\/wp\/v2\/media\/25841"}],"wp:attachment":[{"href":"https:\/\/news.ecclesia.org.br\/index.php?rest_route=%2Fwp%2Fv2%2Fmedia&parent=25840"}],"wp:term":[{"taxonomy":"category","embeddable":true,"href":"https:\/\/news.ecclesia.org.br\/index.php?rest_route=%2Fwp%2Fv2%2Fcategories&post=25840"},{"taxonomy":"post_tag","embeddable":true,"href":"https:\/\/news.ecclesia.org.br\/index.php?rest_route=%2Fwp%2Fv2%2Ftags&post=25840"}],"curies":[{"name":"wp","href":"https:\/\/api.w.org\/{rel}","templated":true}]}}