{"id":25831,"date":"2018-08-02T19:52:57","date_gmt":"2018-08-02T19:52:57","guid":{"rendered":"https:\/\/news.ecclesia.org.br\/?p=25831"},"modified":"2018-08-14T23:47:05","modified_gmt":"2018-08-14T23:47:05","slug":"bulgaria-hungria-e-polonia-unidos-contra-a-ideologia-de-genero","status":"publish","type":"post","link":"https:\/\/news.ecclesia.org.br\/?p=25831","title":{"rendered":"Bulg\u00e1ria, Hungria e Pol\u00f4nia unidas contra a ideologia de g\u00eanero"},"content":{"rendered":"<figure id=\"attachment_25834\" aria-describedby=\"caption-attachment-25834\" style=\"width: 300px\" class=\"wp-caption alignleft\"><a href=\"https:\/\/news.ecclesia.org.br\/wp-content\/uploads\/2018\/08\/bulgaria.jpg\"><img decoding=\"async\" class=\"size-medium wp-image-25834\" src=\"https:\/\/news.ecclesia.org.br\/wp-content\/uploads\/2018\/08\/bulgaria-300x116.jpg\" alt=\"\" width=\"300\" height=\"116\" srcset=\"https:\/\/news.ecclesia.org.br\/wp-content\/uploads\/2018\/08\/bulgaria-300x116.jpg 300w, https:\/\/news.ecclesia.org.br\/wp-content\/uploads\/2018\/08\/bulgaria-768x296.jpg 768w, https:\/\/news.ecclesia.org.br\/wp-content\/uploads\/2018\/08\/bulgaria-600x231.jpg 600w, https:\/\/news.ecclesia.org.br\/wp-content\/uploads\/2018\/08\/bulgaria-143x55.jpg 143w, https:\/\/news.ecclesia.org.br\/wp-content\/uploads\/2018\/08\/bulgaria.jpg 1000w\" sizes=\"(max-width: 300px) 100vw, 300px\" \/><\/a><figcaption id=\"caption-attachment-25834\" class=\"wp-caption-text\">Ju\u00edzes integrantes do Tribunal Constitucional da Bulg\u00e1ria<\/figcaption><\/figure>\n<p style=\"text-align: justify;\">Principal tribunal da Bulg\u00e1ria decidiu que um documento da Uni\u00e3o Europeia assinado pelo pa\u00eds em 2011 \u00e9 inconstitucional por considerar \u201cg\u00eanero\u201d uma constru\u00e7\u00e3o social.<\/p>\n<p style=\"text-align: justify;\">O Leste Europeu est\u00e1 definitivamente chutando a ideologia de g\u00eanero para fora da regi\u00e3o. Depois de Pol\u00f4nia e Hungria, \u00e9 a vez da Bulg\u00e1ria dizer n\u00e3o \u00e0s press\u00f5es da Uni\u00e3o Europeia (UE) pela aceita\u00e7\u00e3o do conceito de \u201cg\u00eanero\u201d como uma constru\u00e7\u00e3o social. O Tribunal Constitucional do pa\u00eds \u2013 equivalente ao nosso Supremo \u2013 decidiu por oito votos a quatro que a ades\u00e3o da Bulg\u00e1ria a um documento da UE relacionado ao combate \u00e0 viol\u00eancia contra a mulher, assinado em 2011, \u00e9 inconstitucional. O recha\u00e7o n\u00e3o tem nada a ver com um suposto machismo, mas sim com a defini\u00e7\u00e3o de \u201cg\u00eanero\u201d que consta no texto. Ali\u00e1s, todas as quatro mulheres do tribunal se posicionaram contra o documento da UE.<\/p>\n<p style=\"text-align: justify;\">Os ju\u00edzes b\u00falgaros declararam em decis\u00e3o: A defini\u00e7\u00e3o de g\u00eanero como conceito social questiona os limites entre os dois sexos biologicamente determinados, o homem e a mulher.<\/p>\n<p style=\"text-align: justify;\">O tribunal foi acionado por uma alian\u00e7a entre um grupo de mu\u00e7ulmanos, a Igreja Ortodoxa e parlamentares apoiadores do atual presidente, o conservador Boyko Borisov. Outro trecho que merece destaque no texto dos ju\u00edzes \u2013 e denuncia o qu\u00e3o prejudicial \u00e9 a ideologia de g\u00eanero para as mulheres \u2013 diz que \u201cse a sociedade j\u00e1 n\u00e3o diferencia o homem da mulher, a luta contra a viol\u00eancia \u00e0s mulheres se torna imposs\u00edvel\u201d.<\/p>\n<hr \/>\n<p style=\"text-align: right;\">Fonte: <a href=\"https:\/\/renovamidia.com.br\/bulgaria-hungria-e-polonia-unidos-contra-a-ideologia-de-genero\/\" target=\"_blank\" rel=\"noopener\">Renova M\u00eddia<\/a><\/p>\n","protected":false},"excerpt":{"rendered":"<p>Principal tribunal da Bulg\u00e1ria decidiu que um documento da Uni\u00e3o Europeia assinado pelo pa\u00eds em 2011 \u00e9 inconstitucional por considerar \u201cg\u00eanero\u201d uma constru\u00e7\u00e3o social. O Leste Europeu est\u00e1 definitivamente chutando a ideologia de g\u00eanero para fora da regi\u00e3o. Depois de&#8230;<\/p>\n","protected":false},"author":1,"featured_media":25832,"comment_status":"open","ping_status":"open","sticky":false,"template":"","format":"standard","meta":{"_acf_changed":false,"footnotes":""},"categories":[3,1],"tags":[],"class_list":["post-25831","post","type-post","status-publish","format-standard","has-post-thumbnail","hentry","category-mundo","category-news","entry","rows-excerpt"],"acf":[],"yoast_head":"<!-- This site is optimized with the Yoast SEO plugin v27.4 - https:\/\/yoast.com\/product\/yoast-seo-wordpress\/ -->\n<title>Bulg\u00e1ria, Hungria e Pol\u00f4nia unidas contra a ideologia de g\u00eanero | ECCLESIA NEWS<\/title>\n<meta name=\"robots\" content=\"index, follow, max-snippet:-1, max-image-preview:large, max-video-preview:-1\" \/>\n<link rel=\"canonical\" href=\"https:\/\/news.ecclesia.org.br\/?p=25831\" \/>\n<meta property=\"og:locale\" content=\"pt_BR\" \/>\n<meta property=\"og:type\" content=\"article\" \/>\n<meta property=\"og:title\" content=\"Bulg\u00e1ria, Hungria e Pol\u00f4nia unidas contra a ideologia de g\u00eanero | ECCLESIA NEWS\" \/>\n<meta property=\"og:description\" content=\"Principal tribunal da Bulg\u00e1ria decidiu que um documento da Uni\u00e3o Europeia assinado pelo pa\u00eds em 2011 \u00e9 inconstitucional por considerar \u201cg\u00eanero\u201d uma constru\u00e7\u00e3o social. O Leste Europeu est\u00e1 definitivamente chutando a ideologia de g\u00eanero para fora da regi\u00e3o. Depois de&#8230;\" \/>\n<meta property=\"og:url\" content=\"https:\/\/news.ecclesia.org.br\/?p=25831\" \/>\n<meta property=\"og:site_name\" content=\"ECCLESIA NEWS\" \/>\n<meta property=\"article:publisher\" content=\"https:\/\/www.facebook.com\/Ecclesia2025\" \/>\n<meta property=\"article:published_time\" content=\"2018-08-02T19:52:57+00:00\" \/>\n<meta property=\"article:modified_time\" content=\"2018-08-14T23:47:05+00:00\" \/>\n<meta property=\"og:image\" content=\"https:\/\/news.ecclesia.org.br\/wp-content\/uploads\/2018\/08\/bulgaria.png\" \/>\n\t<meta property=\"og:image:width\" content=\"1200\" \/>\n\t<meta property=\"og:image:height\" content=\"480\" \/>\n\t<meta property=\"og:image:type\" content=\"image\/png\" \/>\n<meta name=\"author\" content=\"Pe. Andr\u00e9\" \/>\n<meta name=\"twitter:card\" content=\"summary_large_image\" \/>\n<meta name=\"twitter:creator\" content=\"@EcclesiaNews\" \/>\n<meta name=\"twitter:site\" content=\"@EcclesiaNews\" \/>\n<meta name=\"twitter:label1\" content=\"Escrito por\" \/>\n\t<meta name=\"twitter:data1\" content=\"Pe. Andr\u00e9\" \/>\n\t<meta name=\"twitter:label2\" content=\"Est. tempo de leitura\" \/>\n\t<meta name=\"twitter:data2\" content=\"1 minuto\" \/>\n<script type=\"application\/ld+json\" class=\"yoast-schema-graph\">{\"@context\":\"https:\\\/\\\/schema.org\",\"@graph\":[{\"@type\":\"Article\",\"@id\":\"https:\\\/\\\/news.ecclesia.org.br\\\/?p=25831#article\",\"isPartOf\":{\"@id\":\"https:\\\/\\\/news.ecclesia.org.br\\\/?p=25831\"},\"author\":{\"name\":\"Pe. Andr\u00e9\",\"@id\":\"https:\\\/\\\/news.ecclesia.org.br\\\/#\\\/schema\\\/person\\\/6f09597f025829745ba414a569f63758\"},\"headline\":\"Bulg\u00e1ria, Hungria e Pol\u00f4nia unidas contra a ideologia de g\u00eanero\",\"datePublished\":\"2018-08-02T19:52:57+00:00\",\"dateModified\":\"2018-08-14T23:47:05+00:00\",\"mainEntityOfPage\":{\"@id\":\"https:\\\/\\\/news.ecclesia.org.br\\\/?p=25831\"},\"wordCount\":299,\"commentCount\":0,\"publisher\":{\"@id\":\"https:\\\/\\\/news.ecclesia.org.br\\\/#organization\"},\"image\":{\"@id\":\"https:\\\/\\\/news.ecclesia.org.br\\\/?p=25831#primaryimage\"},\"thumbnailUrl\":\"https:\\\/\\\/news.ecclesia.org.br\\\/wp-content\\\/uploads\\\/2018\\\/08\\\/bulgaria.png\",\"articleSection\":[\"Mundo Ortodoxo\",\"NEWS\"],\"inLanguage\":\"pt-BR\",\"potentialAction\":[{\"@type\":\"CommentAction\",\"name\":\"Comment\",\"target\":[\"https:\\\/\\\/news.ecclesia.org.br\\\/?p=25831#respond\"]}]},{\"@type\":\"WebPage\",\"@id\":\"https:\\\/\\\/news.ecclesia.org.br\\\/?p=25831\",\"url\":\"https:\\\/\\\/news.ecclesia.org.br\\\/?p=25831\",\"name\":\"Bulg\u00e1ria, Hungria e Pol\u00f4nia unidas contra a ideologia de g\u00eanero | ECCLESIA NEWS\",\"isPartOf\":{\"@id\":\"https:\\\/\\\/news.ecclesia.org.br\\\/#website\"},\"primaryImageOfPage\":{\"@id\":\"https:\\\/\\\/news.ecclesia.org.br\\\/?p=25831#primaryimage\"},\"image\":{\"@id\":\"https:\\\/\\\/news.ecclesia.org.br\\\/?p=25831#primaryimage\"},\"thumbnailUrl\":\"https:\\\/\\\/news.ecclesia.org.br\\\/wp-content\\\/uploads\\\/2018\\\/08\\\/bulgaria.png\",\"datePublished\":\"2018-08-02T19:52:57+00:00\",\"dateModified\":\"2018-08-14T23:47:05+00:00\",\"breadcrumb\":{\"@id\":\"https:\\\/\\\/news.ecclesia.org.br\\\/?p=25831#breadcrumb\"},\"inLanguage\":\"pt-BR\",\"potentialAction\":[{\"@type\":\"ReadAction\",\"target\":[\"https:\\\/\\\/news.ecclesia.org.br\\\/?p=25831\"]}]},{\"@type\":\"ImageObject\",\"inLanguage\":\"pt-BR\",\"@id\":\"https:\\\/\\\/news.ecclesia.org.br\\\/?p=25831#primaryimage\",\"url\":\"https:\\\/\\\/news.ecclesia.org.br\\\/wp-content\\\/uploads\\\/2018\\\/08\\\/bulgaria.png\",\"contentUrl\":\"https:\\\/\\\/news.ecclesia.org.br\\\/wp-content\\\/uploads\\\/2018\\\/08\\\/bulgaria.png\",\"width\":1200,\"height\":480},{\"@type\":\"BreadcrumbList\",\"@id\":\"https:\\\/\\\/news.ecclesia.org.br\\\/?p=25831#breadcrumb\",\"itemListElement\":[{\"@type\":\"ListItem\",\"position\":1,\"name\":\"In\u00edcio\",\"item\":\"https:\\\/\\\/news.ecclesia.org.br\\\/\"},{\"@type\":\"ListItem\",\"position\":2,\"name\":\"Bulg\u00e1ria, Hungria e Pol\u00f4nia unidas contra a ideologia de g\u00eanero\"}]},{\"@type\":\"WebSite\",\"@id\":\"https:\\\/\\\/news.ecclesia.org.br\\\/#website\",\"url\":\"https:\\\/\\\/news.ecclesia.org.br\\\/\",\"name\":\"Ecclesia Brasil\",\"description\":\"Desde 2003 onectando o Brasil ao mundo ortodoxo!\",\"publisher\":{\"@id\":\"https:\\\/\\\/news.ecclesia.org.br\\\/#organization\"},\"alternateName\":\"Ecclesia\",\"potentialAction\":[{\"@type\":\"SearchAction\",\"target\":{\"@type\":\"EntryPoint\",\"urlTemplate\":\"https:\\\/\\\/news.ecclesia.org.br\\\/?s={search_term_string}\"},\"query-input\":{\"@type\":\"PropertyValueSpecification\",\"valueRequired\":true,\"valueName\":\"search_term_string\"}}],\"inLanguage\":\"pt-BR\"},{\"@type\":\"Organization\",\"@id\":\"https:\\\/\\\/news.ecclesia.org.br\\\/#organization\",\"name\":\"Sacra Arquidiocese de Buenos Aires e Am\u00e9rica do Sul | Patriarcado Ecum\u00eanico\",\"alternateName\":\"News Ecclesia Brasil\",\"url\":\"https:\\\/\\\/news.ecclesia.org.br\\\/\",\"logo\":{\"@type\":\"ImageObject\",\"inLanguage\":\"pt-BR\",\"@id\":\"https:\\\/\\\/news.ecclesia.org.br\\\/#\\\/schema\\\/logo\\\/image\\\/\",\"url\":\"https:\\\/\\\/news.ecclesia.org.br\\\/wp-content\\\/uploads\\\/2025\\\/05\\\/ecclesia2.png\",\"contentUrl\":\"https:\\\/\\\/news.ecclesia.org.br\\\/wp-content\\\/uploads\\\/2025\\\/05\\\/ecclesia2.png\",\"width\":480,\"height\":120,\"caption\":\"Sacra Arquidiocese de Buenos Aires e Am\u00e9rica do Sul | Patriarcado Ecum\u00eanico\"},\"image\":{\"@id\":\"https:\\\/\\\/news.ecclesia.org.br\\\/#\\\/schema\\\/logo\\\/image\\\/\"},\"sameAs\":[\"https:\\\/\\\/www.facebook.com\\\/Ecclesia2025\",\"https:\\\/\\\/x.com\\\/EcclesiaNews\",\"https:\\\/\\\/br.pinterest.com\\\/ekklisia\\\/\",\"https:\\\/\\\/www.youtube.com\\\/@EcclesiaBrasil\"]},{\"@type\":\"Person\",\"@id\":\"https:\\\/\\\/news.ecclesia.org.br\\\/#\\\/schema\\\/person\\\/6f09597f025829745ba414a569f63758\",\"name\":\"Pe. Andr\u00e9\",\"image\":{\"@type\":\"ImageObject\",\"inLanguage\":\"pt-BR\",\"@id\":\"https:\\\/\\\/secure.gravatar.com\\\/avatar\\\/b4327cfa27e9799da239a26adcd534fc29cdc0c4a4a148eecbcfeb9b42c617ac?s=96&d=mm&r=g\",\"url\":\"https:\\\/\\\/secure.gravatar.com\\\/avatar\\\/b4327cfa27e9799da239a26adcd534fc29cdc0c4a4a148eecbcfeb9b42c617ac?s=96&d=mm&r=g\",\"contentUrl\":\"https:\\\/\\\/secure.gravatar.com\\\/avatar\\\/b4327cfa27e9799da239a26adcd534fc29cdc0c4a4a148eecbcfeb9b42c617ac?s=96&d=mm&r=g\",\"caption\":\"Pe. Andr\u00e9\"},\"sameAs\":[\"https:\\\/\\\/www.ecclesia.org.br\"]}]}<\/script>\n<!-- \/ Yoast SEO plugin. -->","yoast_head_json":{"title":"Bulg\u00e1ria, Hungria e Pol\u00f4nia unidas contra a ideologia de g\u00eanero | ECCLESIA NEWS","robots":{"index":"index","follow":"follow","max-snippet":"max-snippet:-1","max-image-preview":"max-image-preview:large","max-video-preview":"max-video-preview:-1"},"canonical":"https:\/\/news.ecclesia.org.br\/?p=25831","og_locale":"pt_BR","og_type":"article","og_title":"Bulg\u00e1ria, Hungria e Pol\u00f4nia unidas contra a ideologia de g\u00eanero | ECCLESIA NEWS","og_description":"Principal tribunal da Bulg\u00e1ria decidiu que um documento da Uni\u00e3o Europeia assinado pelo pa\u00eds em 2011 \u00e9 inconstitucional por considerar \u201cg\u00eanero\u201d uma constru\u00e7\u00e3o social. O Leste Europeu est\u00e1 definitivamente chutando a ideologia de g\u00eanero para fora da regi\u00e3o. Depois de&#8230;","og_url":"https:\/\/news.ecclesia.org.br\/?p=25831","og_site_name":"ECCLESIA NEWS","article_publisher":"https:\/\/www.facebook.com\/Ecclesia2025","article_published_time":"2018-08-02T19:52:57+00:00","article_modified_time":"2018-08-14T23:47:05+00:00","og_image":[{"width":1200,"height":480,"url":"https:\/\/news.ecclesia.org.br\/wp-content\/uploads\/2018\/08\/bulgaria.png","type":"image\/png"}],"author":"Pe. Andr\u00e9","twitter_card":"summary_large_image","twitter_creator":"@EcclesiaNews","twitter_site":"@EcclesiaNews","twitter_misc":{"Escrito por":"Pe. Andr\u00e9","Est. tempo de leitura":"1 minuto"},"schema":{"@context":"https:\/\/schema.org","@graph":[{"@type":"Article","@id":"https:\/\/news.ecclesia.org.br\/?p=25831#article","isPartOf":{"@id":"https:\/\/news.ecclesia.org.br\/?p=25831"},"author":{"name":"Pe. Andr\u00e9","@id":"https:\/\/news.ecclesia.org.br\/#\/schema\/person\/6f09597f025829745ba414a569f63758"},"headline":"Bulg\u00e1ria, Hungria e Pol\u00f4nia unidas contra a ideologia de g\u00eanero","datePublished":"2018-08-02T19:52:57+00:00","dateModified":"2018-08-14T23:47:05+00:00","mainEntityOfPage":{"@id":"https:\/\/news.ecclesia.org.br\/?p=25831"},"wordCount":299,"commentCount":0,"publisher":{"@id":"https:\/\/news.ecclesia.org.br\/#organization"},"image":{"@id":"https:\/\/news.ecclesia.org.br\/?p=25831#primaryimage"},"thumbnailUrl":"https:\/\/news.ecclesia.org.br\/wp-content\/uploads\/2018\/08\/bulgaria.png","articleSection":["Mundo Ortodoxo","NEWS"],"inLanguage":"pt-BR","potentialAction":[{"@type":"CommentAction","name":"Comment","target":["https:\/\/news.ecclesia.org.br\/?p=25831#respond"]}]},{"@type":"WebPage","@id":"https:\/\/news.ecclesia.org.br\/?p=25831","url":"https:\/\/news.ecclesia.org.br\/?p=25831","name":"Bulg\u00e1ria, Hungria e Pol\u00f4nia unidas contra a ideologia de g\u00eanero | ECCLESIA NEWS","isPartOf":{"@id":"https:\/\/news.ecclesia.org.br\/#website"},"primaryImageOfPage":{"@id":"https:\/\/news.ecclesia.org.br\/?p=25831#primaryimage"},"image":{"@id":"https:\/\/news.ecclesia.org.br\/?p=25831#primaryimage"},"thumbnailUrl":"https:\/\/news.ecclesia.org.br\/wp-content\/uploads\/2018\/08\/bulgaria.png","datePublished":"2018-08-02T19:52:57+00:00","dateModified":"2018-08-14T23:47:05+00:00","breadcrumb":{"@id":"https:\/\/news.ecclesia.org.br\/?p=25831#breadcrumb"},"inLanguage":"pt-BR","potentialAction":[{"@type":"ReadAction","target":["https:\/\/news.ecclesia.org.br\/?p=25831"]}]},{"@type":"ImageObject","inLanguage":"pt-BR","@id":"https:\/\/news.ecclesia.org.br\/?p=25831#primaryimage","url":"https:\/\/news.ecclesia.org.br\/wp-content\/uploads\/2018\/08\/bulgaria.png","contentUrl":"https:\/\/news.ecclesia.org.br\/wp-content\/uploads\/2018\/08\/bulgaria.png","width":1200,"height":480},{"@type":"BreadcrumbList","@id":"https:\/\/news.ecclesia.org.br\/?p=25831#breadcrumb","itemListElement":[{"@type":"ListItem","position":1,"name":"In\u00edcio","item":"https:\/\/news.ecclesia.org.br\/"},{"@type":"ListItem","position":2,"name":"Bulg\u00e1ria, Hungria e Pol\u00f4nia unidas contra a ideologia de g\u00eanero"}]},{"@type":"WebSite","@id":"https:\/\/news.ecclesia.org.br\/#website","url":"https:\/\/news.ecclesia.org.br\/","name":"Ecclesia Brasil","description":"Desde 2003 onectando o Brasil ao mundo ortodoxo!","publisher":{"@id":"https:\/\/news.ecclesia.org.br\/#organization"},"alternateName":"Ecclesia","potentialAction":[{"@type":"SearchAction","target":{"@type":"EntryPoint","urlTemplate":"https:\/\/news.ecclesia.org.br\/?s={search_term_string}"},"query-input":{"@type":"PropertyValueSpecification","valueRequired":true,"valueName":"search_term_string"}}],"inLanguage":"pt-BR"},{"@type":"Organization","@id":"https:\/\/news.ecclesia.org.br\/#organization","name":"Sacra Arquidiocese de Buenos Aires e Am\u00e9rica do Sul | Patriarcado Ecum\u00eanico","alternateName":"News Ecclesia Brasil","url":"https:\/\/news.ecclesia.org.br\/","logo":{"@type":"ImageObject","inLanguage":"pt-BR","@id":"https:\/\/news.ecclesia.org.br\/#\/schema\/logo\/image\/","url":"https:\/\/news.ecclesia.org.br\/wp-content\/uploads\/2025\/05\/ecclesia2.png","contentUrl":"https:\/\/news.ecclesia.org.br\/wp-content\/uploads\/2025\/05\/ecclesia2.png","width":480,"height":120,"caption":"Sacra Arquidiocese de Buenos Aires e Am\u00e9rica do Sul | Patriarcado Ecum\u00eanico"},"image":{"@id":"https:\/\/news.ecclesia.org.br\/#\/schema\/logo\/image\/"},"sameAs":["https:\/\/www.facebook.com\/Ecclesia2025","https:\/\/x.com\/EcclesiaNews","https:\/\/br.pinterest.com\/ekklisia\/","https:\/\/www.youtube.com\/@EcclesiaBrasil"]},{"@type":"Person","@id":"https:\/\/news.ecclesia.org.br\/#\/schema\/person\/6f09597f025829745ba414a569f63758","name":"Pe. Andr\u00e9","image":{"@type":"ImageObject","inLanguage":"pt-BR","@id":"https:\/\/secure.gravatar.com\/avatar\/b4327cfa27e9799da239a26adcd534fc29cdc0c4a4a148eecbcfeb9b42c617ac?s=96&d=mm&r=g","url":"https:\/\/secure.gravatar.com\/avatar\/b4327cfa27e9799da239a26adcd534fc29cdc0c4a4a148eecbcfeb9b42c617ac?s=96&d=mm&r=g","contentUrl":"https:\/\/secure.gravatar.com\/avatar\/b4327cfa27e9799da239a26adcd534fc29cdc0c4a4a148eecbcfeb9b42c617ac?s=96&d=mm&r=g","caption":"Pe. Andr\u00e9"},"sameAs":["https:\/\/www.ecclesia.org.br"]}]}},"_links":{"self":[{"href":"https:\/\/news.ecclesia.org.br\/index.php?rest_route=\/wp\/v2\/posts\/25831","targetHints":{"allow":["GET"]}}],"collection":[{"href":"https:\/\/news.ecclesia.org.br\/index.php?rest_route=\/wp\/v2\/posts"}],"about":[{"href":"https:\/\/news.ecclesia.org.br\/index.php?rest_route=\/wp\/v2\/types\/post"}],"author":[{"embeddable":true,"href":"https:\/\/news.ecclesia.org.br\/index.php?rest_route=\/wp\/v2\/users\/1"}],"replies":[{"embeddable":true,"href":"https:\/\/news.ecclesia.org.br\/index.php?rest_route=%2Fwp%2Fv2%2Fcomments&post=25831"}],"version-history":[{"count":0,"href":"https:\/\/news.ecclesia.org.br\/index.php?rest_route=\/wp\/v2\/posts\/25831\/revisions"}],"wp:featuredmedia":[{"embeddable":true,"href":"https:\/\/news.ecclesia.org.br\/index.php?rest_route=\/wp\/v2\/media\/25832"}],"wp:attachment":[{"href":"https:\/\/news.ecclesia.org.br\/index.php?rest_route=%2Fwp%2Fv2%2Fmedia&parent=25831"}],"wp:term":[{"taxonomy":"category","embeddable":true,"href":"https:\/\/news.ecclesia.org.br\/index.php?rest_route=%2Fwp%2Fv2%2Fcategories&post=25831"},{"taxonomy":"post_tag","embeddable":true,"href":"https:\/\/news.ecclesia.org.br\/index.php?rest_route=%2Fwp%2Fv2%2Ftags&post=25831"}],"curies":[{"name":"wp","href":"https:\/\/api.w.org\/{rel}","templated":true}]}}