{"id":25816,"date":"2018-08-01T13:03:43","date_gmt":"2018-08-01T13:03:43","guid":{"rendered":"https:\/\/news.ecclesia.org.br\/?p=25816"},"modified":"2021-08-03T20:19:51","modified_gmt":"2021-08-03T23:19:51","slug":"assembleia-da-hierarquia-do-trono-ecumenico-reune-se-em-setembro-proximo","status":"publish","type":"post","link":"https:\/\/news.ecclesia.org.br\/?p=25816","title":{"rendered":"Assembl\u00e9ia dos Hierarcas do Trono Ecum\u00eanico  se reunir\u00e1 em setembro pr\u00f3ximo"},"content":{"rendered":"<figure id=\"attachment_25817\" aria-describedby=\"caption-attachment-25817\" style=\"width: 300px\" class=\"wp-caption alignleft\"><a href=\"https:\/\/news.ecclesia.org.br\/wp-content\/uploads\/2018\/08\/ierarxia.jpg\"><img decoding=\"async\" class=\"size-medium wp-image-25817\" src=\"https:\/\/news.ecclesia.org.br\/wp-content\/uploads\/2018\/08\/ierarxia-300x160.jpg\" alt=\"\" width=\"300\" height=\"160\" srcset=\"https:\/\/news.ecclesia.org.br\/wp-content\/uploads\/2018\/08\/ierarxia-300x160.jpg 300w, https:\/\/news.ecclesia.org.br\/wp-content\/uploads\/2018\/08\/ierarxia-103x55.jpg 103w, https:\/\/news.ecclesia.org.br\/wp-content\/uploads\/2018\/08\/ierarxia.jpg 500w\" sizes=\"(max-width: 300px) 100vw, 300px\" \/><\/a><figcaption id=\"caption-attachment-25817\" class=\"wp-caption-text\">Assembleia\u00a0da Hierarquia do Trono<\/figcaption><\/figure>\n<p style=\"text-align: justify;\">A Assembl\u00e9ia da Hierarquia do Trono do Patriarcado Ecum\u00eanico ir\u00e1 se reunir sob a presid\u00eancia de S. Santidade o Patriarca Bartolomeu I, de 1\u00ba\u00a0 a 3 de setembro de 2018, na cidade de Istambul (Constantinopla).\u00a0Esta Assembl\u00e9ia, que tratar\u00e1 quest\u00f5es que dizem respeito \u00e0 Igreja-M\u00e3e e, mais geralmente, \u00e0 Ortodoxia, ocorrer\u00e1 no contexto de uma decis\u00e3o anterior de se reunir com os hierarcas do Patriarcado Ecum\u00eanico em todo o mundo a cada tr\u00eas anos. Recorde-se que a \u00faltima Assembleia\u00a0da Hierarquia do Trono Ecum\u00eanico foi realizada em agosto de 2015.<\/p>\n<hr \/>\n<p style=\"text-align: right;\">Fonte e Foto:\u00a0<a href=\"http:\/\/www.romfea.gr\/\">Romfea.gr<\/a><\/p>\n","protected":false},"excerpt":{"rendered":"<p>A Assembl\u00e9ia da Hierarquia do Trono do Patriarcado Ecum\u00eanico ir\u00e1 se reunir sob a presid\u00eancia de S. Santidade o Patriarca Bartolomeu I, de 1\u00ba\u00a0 a 3 de setembro de 2018, na cidade de Istambul (Constantinopla).\u00a0Esta Assembl\u00e9ia, que tratar\u00e1 quest\u00f5es que&#8230;<\/p>\n","protected":false},"author":1,"featured_media":0,"comment_status":"open","ping_status":"open","sticky":false,"template":"","format":"standard","meta":{"_acf_changed":false,"footnotes":""},"categories":[40,1,72],"tags":[],"class_list":["post-25816","post","type-post","status-publish","format-standard","hentry","category-arquidiocese-de-buenos-aires-e-america-do-sul","category-news","category-patriarcado-ecumenico","entry","rows-excerpt"],"acf":[],"yoast_head":"<!-- This site is optimized with the Yoast SEO plugin v27.4 - https:\/\/yoast.com\/product\/yoast-seo-wordpress\/ -->\n<title>Assembl\u00e9ia dos Hierarcas do Trono Ecum\u00eanico se reunir\u00e1 em setembro pr\u00f3ximo | ECCLESIA NEWS<\/title>\n<meta name=\"robots\" content=\"index, follow, max-snippet:-1, max-image-preview:large, max-video-preview:-1\" \/>\n<link rel=\"canonical\" href=\"https:\/\/news.ecclesia.org.br\/?p=25816\" \/>\n<meta property=\"og:locale\" content=\"pt_BR\" \/>\n<meta property=\"og:type\" content=\"article\" \/>\n<meta property=\"og:title\" content=\"Assembl\u00e9ia dos Hierarcas do Trono Ecum\u00eanico se reunir\u00e1 em setembro pr\u00f3ximo | ECCLESIA NEWS\" \/>\n<meta property=\"og:description\" content=\"A Assembl\u00e9ia da Hierarquia do Trono do Patriarcado Ecum\u00eanico ir\u00e1 se reunir sob a presid\u00eancia de S. Santidade o Patriarca Bartolomeu I, de 1\u00ba\u00a0 a 3 de setembro de 2018, na cidade de Istambul (Constantinopla).\u00a0Esta Assembl\u00e9ia, que tratar\u00e1 quest\u00f5es que&#8230;\" \/>\n<meta property=\"og:url\" content=\"https:\/\/news.ecclesia.org.br\/?p=25816\" \/>\n<meta property=\"og:site_name\" content=\"ECCLESIA NEWS\" \/>\n<meta property=\"article:publisher\" content=\"https:\/\/www.facebook.com\/Ecclesia2025\" \/>\n<meta property=\"article:published_time\" content=\"2018-08-01T13:03:43+00:00\" \/>\n<meta property=\"article:modified_time\" content=\"2021-08-03T23:19:51+00:00\" \/>\n<meta property=\"og:image\" content=\"https:\/\/news.ecclesia.org.br\/wp-content\/uploads\/2018\/08\/ierarxia-300x160.jpg\" \/>\n<meta name=\"author\" content=\"Pe. Andr\u00e9\" \/>\n<meta name=\"twitter:card\" content=\"summary_large_image\" \/>\n<meta name=\"twitter:creator\" content=\"@EcclesiaNews\" \/>\n<meta name=\"twitter:site\" content=\"@EcclesiaNews\" \/>\n<meta name=\"twitter:label1\" content=\"Escrito por\" \/>\n\t<meta name=\"twitter:data1\" content=\"Pe. Andr\u00e9\" \/>\n\t<meta name=\"twitter:label2\" content=\"Est. tempo de leitura\" \/>\n\t<meta name=\"twitter:data2\" content=\"1 minuto\" \/>\n<script type=\"application\/ld+json\" class=\"yoast-schema-graph\">{\"@context\":\"https:\\\/\\\/schema.org\",\"@graph\":[{\"@type\":\"Article\",\"@id\":\"https:\\\/\\\/news.ecclesia.org.br\\\/?p=25816#article\",\"isPartOf\":{\"@id\":\"https:\\\/\\\/news.ecclesia.org.br\\\/?p=25816\"},\"author\":{\"name\":\"Pe. Andr\u00e9\",\"@id\":\"https:\\\/\\\/news.ecclesia.org.br\\\/#\\\/schema\\\/person\\\/6f09597f025829745ba414a569f63758\"},\"headline\":\"Assembl\u00e9ia dos Hierarcas do Trono Ecum\u00eanico se reunir\u00e1 em setembro pr\u00f3ximo\",\"datePublished\":\"2018-08-01T13:03:43+00:00\",\"dateModified\":\"2021-08-03T23:19:51+00:00\",\"mainEntityOfPage\":{\"@id\":\"https:\\\/\\\/news.ecclesia.org.br\\\/?p=25816\"},\"wordCount\":125,\"commentCount\":0,\"publisher\":{\"@id\":\"https:\\\/\\\/news.ecclesia.org.br\\\/#organization\"},\"image\":{\"@id\":\"https:\\\/\\\/news.ecclesia.org.br\\\/?p=25816#primaryimage\"},\"thumbnailUrl\":\"https:\\\/\\\/news.ecclesia.org.br\\\/wp-content\\\/uploads\\\/2018\\\/08\\\/ierarxia-300x160.jpg\",\"articleSection\":[\"Arquidiocese de Buenos Aires e Am\u00e9rica do Sul\",\"NEWS\",\"Patriarcado Ecum\u00eanico\"],\"inLanguage\":\"pt-BR\",\"potentialAction\":[{\"@type\":\"CommentAction\",\"name\":\"Comment\",\"target\":[\"https:\\\/\\\/news.ecclesia.org.br\\\/?p=25816#respond\"]}]},{\"@type\":\"WebPage\",\"@id\":\"https:\\\/\\\/news.ecclesia.org.br\\\/?p=25816\",\"url\":\"https:\\\/\\\/news.ecclesia.org.br\\\/?p=25816\",\"name\":\"Assembl\u00e9ia dos Hierarcas do Trono Ecum\u00eanico se reunir\u00e1 em setembro pr\u00f3ximo | ECCLESIA NEWS\",\"isPartOf\":{\"@id\":\"https:\\\/\\\/news.ecclesia.org.br\\\/#website\"},\"primaryImageOfPage\":{\"@id\":\"https:\\\/\\\/news.ecclesia.org.br\\\/?p=25816#primaryimage\"},\"image\":{\"@id\":\"https:\\\/\\\/news.ecclesia.org.br\\\/?p=25816#primaryimage\"},\"thumbnailUrl\":\"https:\\\/\\\/news.ecclesia.org.br\\\/wp-content\\\/uploads\\\/2018\\\/08\\\/ierarxia-300x160.jpg\",\"datePublished\":\"2018-08-01T13:03:43+00:00\",\"dateModified\":\"2021-08-03T23:19:51+00:00\",\"breadcrumb\":{\"@id\":\"https:\\\/\\\/news.ecclesia.org.br\\\/?p=25816#breadcrumb\"},\"inLanguage\":\"pt-BR\",\"potentialAction\":[{\"@type\":\"ReadAction\",\"target\":[\"https:\\\/\\\/news.ecclesia.org.br\\\/?p=25816\"]}]},{\"@type\":\"ImageObject\",\"inLanguage\":\"pt-BR\",\"@id\":\"https:\\\/\\\/news.ecclesia.org.br\\\/?p=25816#primaryimage\",\"url\":\"https:\\\/\\\/news.ecclesia.org.br\\\/wp-content\\\/uploads\\\/2018\\\/08\\\/ierarxia.jpg\",\"contentUrl\":\"https:\\\/\\\/news.ecclesia.org.br\\\/wp-content\\\/uploads\\\/2018\\\/08\\\/ierarxia.jpg\",\"width\":500,\"height\":267,\"caption\":\"Assembleia\u00a0da Hierarquia do Trono\"},{\"@type\":\"BreadcrumbList\",\"@id\":\"https:\\\/\\\/news.ecclesia.org.br\\\/?p=25816#breadcrumb\",\"itemListElement\":[{\"@type\":\"ListItem\",\"position\":1,\"name\":\"In\u00edcio\",\"item\":\"https:\\\/\\\/news.ecclesia.org.br\\\/\"},{\"@type\":\"ListItem\",\"position\":2,\"name\":\"Assembl\u00e9ia dos Hierarcas do Trono Ecum\u00eanico se reunir\u00e1 em setembro pr\u00f3ximo\"}]},{\"@type\":\"WebSite\",\"@id\":\"https:\\\/\\\/news.ecclesia.org.br\\\/#website\",\"url\":\"https:\\\/\\\/news.ecclesia.org.br\\\/\",\"name\":\"Ecclesia Brasil\",\"description\":\"Desde 2003 onectando o Brasil ao mundo ortodoxo!\",\"publisher\":{\"@id\":\"https:\\\/\\\/news.ecclesia.org.br\\\/#organization\"},\"alternateName\":\"Ecclesia\",\"potentialAction\":[{\"@type\":\"SearchAction\",\"target\":{\"@type\":\"EntryPoint\",\"urlTemplate\":\"https:\\\/\\\/news.ecclesia.org.br\\\/?s={search_term_string}\"},\"query-input\":{\"@type\":\"PropertyValueSpecification\",\"valueRequired\":true,\"valueName\":\"search_term_string\"}}],\"inLanguage\":\"pt-BR\"},{\"@type\":\"Organization\",\"@id\":\"https:\\\/\\\/news.ecclesia.org.br\\\/#organization\",\"name\":\"Sacra Arquidiocese de Buenos Aires e Am\u00e9rica do Sul | Patriarcado Ecum\u00eanico\",\"alternateName\":\"News Ecclesia Brasil\",\"url\":\"https:\\\/\\\/news.ecclesia.org.br\\\/\",\"logo\":{\"@type\":\"ImageObject\",\"inLanguage\":\"pt-BR\",\"@id\":\"https:\\\/\\\/news.ecclesia.org.br\\\/#\\\/schema\\\/logo\\\/image\\\/\",\"url\":\"https:\\\/\\\/news.ecclesia.org.br\\\/wp-content\\\/uploads\\\/2025\\\/05\\\/ecclesia2.png\",\"contentUrl\":\"https:\\\/\\\/news.ecclesia.org.br\\\/wp-content\\\/uploads\\\/2025\\\/05\\\/ecclesia2.png\",\"width\":480,\"height\":120,\"caption\":\"Sacra Arquidiocese de Buenos Aires e Am\u00e9rica do Sul | Patriarcado Ecum\u00eanico\"},\"image\":{\"@id\":\"https:\\\/\\\/news.ecclesia.org.br\\\/#\\\/schema\\\/logo\\\/image\\\/\"},\"sameAs\":[\"https:\\\/\\\/www.facebook.com\\\/Ecclesia2025\",\"https:\\\/\\\/x.com\\\/EcclesiaNews\",\"https:\\\/\\\/br.pinterest.com\\\/ekklisia\\\/\",\"https:\\\/\\\/www.youtube.com\\\/@EcclesiaBrasil\"]},{\"@type\":\"Person\",\"@id\":\"https:\\\/\\\/news.ecclesia.org.br\\\/#\\\/schema\\\/person\\\/6f09597f025829745ba414a569f63758\",\"name\":\"Pe. Andr\u00e9\",\"image\":{\"@type\":\"ImageObject\",\"inLanguage\":\"pt-BR\",\"@id\":\"https:\\\/\\\/secure.gravatar.com\\\/avatar\\\/b4327cfa27e9799da239a26adcd534fc29cdc0c4a4a148eecbcfeb9b42c617ac?s=96&d=mm&r=g\",\"url\":\"https:\\\/\\\/secure.gravatar.com\\\/avatar\\\/b4327cfa27e9799da239a26adcd534fc29cdc0c4a4a148eecbcfeb9b42c617ac?s=96&d=mm&r=g\",\"contentUrl\":\"https:\\\/\\\/secure.gravatar.com\\\/avatar\\\/b4327cfa27e9799da239a26adcd534fc29cdc0c4a4a148eecbcfeb9b42c617ac?s=96&d=mm&r=g\",\"caption\":\"Pe. Andr\u00e9\"},\"sameAs\":[\"https:\\\/\\\/www.ecclesia.org.br\"]}]}<\/script>\n<!-- \/ Yoast SEO plugin. -->","yoast_head_json":{"title":"Assembl\u00e9ia dos Hierarcas do Trono Ecum\u00eanico se reunir\u00e1 em setembro pr\u00f3ximo | ECCLESIA NEWS","robots":{"index":"index","follow":"follow","max-snippet":"max-snippet:-1","max-image-preview":"max-image-preview:large","max-video-preview":"max-video-preview:-1"},"canonical":"https:\/\/news.ecclesia.org.br\/?p=25816","og_locale":"pt_BR","og_type":"article","og_title":"Assembl\u00e9ia dos Hierarcas do Trono Ecum\u00eanico se reunir\u00e1 em setembro pr\u00f3ximo | ECCLESIA NEWS","og_description":"A Assembl\u00e9ia da Hierarquia do Trono do Patriarcado Ecum\u00eanico ir\u00e1 se reunir sob a presid\u00eancia de S. Santidade o Patriarca Bartolomeu I, de 1\u00ba\u00a0 a 3 de setembro de 2018, na cidade de Istambul (Constantinopla).\u00a0Esta Assembl\u00e9ia, que tratar\u00e1 quest\u00f5es que&#8230;","og_url":"https:\/\/news.ecclesia.org.br\/?p=25816","og_site_name":"ECCLESIA NEWS","article_publisher":"https:\/\/www.facebook.com\/Ecclesia2025","article_published_time":"2018-08-01T13:03:43+00:00","article_modified_time":"2021-08-03T23:19:51+00:00","og_image":[{"url":"https:\/\/news.ecclesia.org.br\/wp-content\/uploads\/2018\/08\/ierarxia-300x160.jpg","type":"","width":"","height":""}],"author":"Pe. Andr\u00e9","twitter_card":"summary_large_image","twitter_creator":"@EcclesiaNews","twitter_site":"@EcclesiaNews","twitter_misc":{"Escrito por":"Pe. Andr\u00e9","Est. tempo de leitura":"1 minuto"},"schema":{"@context":"https:\/\/schema.org","@graph":[{"@type":"Article","@id":"https:\/\/news.ecclesia.org.br\/?p=25816#article","isPartOf":{"@id":"https:\/\/news.ecclesia.org.br\/?p=25816"},"author":{"name":"Pe. Andr\u00e9","@id":"https:\/\/news.ecclesia.org.br\/#\/schema\/person\/6f09597f025829745ba414a569f63758"},"headline":"Assembl\u00e9ia dos Hierarcas do Trono Ecum\u00eanico se reunir\u00e1 em setembro pr\u00f3ximo","datePublished":"2018-08-01T13:03:43+00:00","dateModified":"2021-08-03T23:19:51+00:00","mainEntityOfPage":{"@id":"https:\/\/news.ecclesia.org.br\/?p=25816"},"wordCount":125,"commentCount":0,"publisher":{"@id":"https:\/\/news.ecclesia.org.br\/#organization"},"image":{"@id":"https:\/\/news.ecclesia.org.br\/?p=25816#primaryimage"},"thumbnailUrl":"https:\/\/news.ecclesia.org.br\/wp-content\/uploads\/2018\/08\/ierarxia-300x160.jpg","articleSection":["Arquidiocese de Buenos Aires e Am\u00e9rica do Sul","NEWS","Patriarcado Ecum\u00eanico"],"inLanguage":"pt-BR","potentialAction":[{"@type":"CommentAction","name":"Comment","target":["https:\/\/news.ecclesia.org.br\/?p=25816#respond"]}]},{"@type":"WebPage","@id":"https:\/\/news.ecclesia.org.br\/?p=25816","url":"https:\/\/news.ecclesia.org.br\/?p=25816","name":"Assembl\u00e9ia dos Hierarcas do Trono Ecum\u00eanico se reunir\u00e1 em setembro pr\u00f3ximo | ECCLESIA NEWS","isPartOf":{"@id":"https:\/\/news.ecclesia.org.br\/#website"},"primaryImageOfPage":{"@id":"https:\/\/news.ecclesia.org.br\/?p=25816#primaryimage"},"image":{"@id":"https:\/\/news.ecclesia.org.br\/?p=25816#primaryimage"},"thumbnailUrl":"https:\/\/news.ecclesia.org.br\/wp-content\/uploads\/2018\/08\/ierarxia-300x160.jpg","datePublished":"2018-08-01T13:03:43+00:00","dateModified":"2021-08-03T23:19:51+00:00","breadcrumb":{"@id":"https:\/\/news.ecclesia.org.br\/?p=25816#breadcrumb"},"inLanguage":"pt-BR","potentialAction":[{"@type":"ReadAction","target":["https:\/\/news.ecclesia.org.br\/?p=25816"]}]},{"@type":"ImageObject","inLanguage":"pt-BR","@id":"https:\/\/news.ecclesia.org.br\/?p=25816#primaryimage","url":"https:\/\/news.ecclesia.org.br\/wp-content\/uploads\/2018\/08\/ierarxia.jpg","contentUrl":"https:\/\/news.ecclesia.org.br\/wp-content\/uploads\/2018\/08\/ierarxia.jpg","width":500,"height":267,"caption":"Assembleia\u00a0da Hierarquia do Trono"},{"@type":"BreadcrumbList","@id":"https:\/\/news.ecclesia.org.br\/?p=25816#breadcrumb","itemListElement":[{"@type":"ListItem","position":1,"name":"In\u00edcio","item":"https:\/\/news.ecclesia.org.br\/"},{"@type":"ListItem","position":2,"name":"Assembl\u00e9ia dos Hierarcas do Trono Ecum\u00eanico se reunir\u00e1 em setembro pr\u00f3ximo"}]},{"@type":"WebSite","@id":"https:\/\/news.ecclesia.org.br\/#website","url":"https:\/\/news.ecclesia.org.br\/","name":"Ecclesia Brasil","description":"Desde 2003 onectando o Brasil ao mundo ortodoxo!","publisher":{"@id":"https:\/\/news.ecclesia.org.br\/#organization"},"alternateName":"Ecclesia","potentialAction":[{"@type":"SearchAction","target":{"@type":"EntryPoint","urlTemplate":"https:\/\/news.ecclesia.org.br\/?s={search_term_string}"},"query-input":{"@type":"PropertyValueSpecification","valueRequired":true,"valueName":"search_term_string"}}],"inLanguage":"pt-BR"},{"@type":"Organization","@id":"https:\/\/news.ecclesia.org.br\/#organization","name":"Sacra Arquidiocese de Buenos Aires e Am\u00e9rica do Sul | Patriarcado Ecum\u00eanico","alternateName":"News Ecclesia Brasil","url":"https:\/\/news.ecclesia.org.br\/","logo":{"@type":"ImageObject","inLanguage":"pt-BR","@id":"https:\/\/news.ecclesia.org.br\/#\/schema\/logo\/image\/","url":"https:\/\/news.ecclesia.org.br\/wp-content\/uploads\/2025\/05\/ecclesia2.png","contentUrl":"https:\/\/news.ecclesia.org.br\/wp-content\/uploads\/2025\/05\/ecclesia2.png","width":480,"height":120,"caption":"Sacra Arquidiocese de Buenos Aires e Am\u00e9rica do Sul | Patriarcado Ecum\u00eanico"},"image":{"@id":"https:\/\/news.ecclesia.org.br\/#\/schema\/logo\/image\/"},"sameAs":["https:\/\/www.facebook.com\/Ecclesia2025","https:\/\/x.com\/EcclesiaNews","https:\/\/br.pinterest.com\/ekklisia\/","https:\/\/www.youtube.com\/@EcclesiaBrasil"]},{"@type":"Person","@id":"https:\/\/news.ecclesia.org.br\/#\/schema\/person\/6f09597f025829745ba414a569f63758","name":"Pe. Andr\u00e9","image":{"@type":"ImageObject","inLanguage":"pt-BR","@id":"https:\/\/secure.gravatar.com\/avatar\/b4327cfa27e9799da239a26adcd534fc29cdc0c4a4a148eecbcfeb9b42c617ac?s=96&d=mm&r=g","url":"https:\/\/secure.gravatar.com\/avatar\/b4327cfa27e9799da239a26adcd534fc29cdc0c4a4a148eecbcfeb9b42c617ac?s=96&d=mm&r=g","contentUrl":"https:\/\/secure.gravatar.com\/avatar\/b4327cfa27e9799da239a26adcd534fc29cdc0c4a4a148eecbcfeb9b42c617ac?s=96&d=mm&r=g","caption":"Pe. Andr\u00e9"},"sameAs":["https:\/\/www.ecclesia.org.br"]}]}},"_links":{"self":[{"href":"https:\/\/news.ecclesia.org.br\/index.php?rest_route=\/wp\/v2\/posts\/25816","targetHints":{"allow":["GET"]}}],"collection":[{"href":"https:\/\/news.ecclesia.org.br\/index.php?rest_route=\/wp\/v2\/posts"}],"about":[{"href":"https:\/\/news.ecclesia.org.br\/index.php?rest_route=\/wp\/v2\/types\/post"}],"author":[{"embeddable":true,"href":"https:\/\/news.ecclesia.org.br\/index.php?rest_route=\/wp\/v2\/users\/1"}],"replies":[{"embeddable":true,"href":"https:\/\/news.ecclesia.org.br\/index.php?rest_route=%2Fwp%2Fv2%2Fcomments&post=25816"}],"version-history":[{"count":1,"href":"https:\/\/news.ecclesia.org.br\/index.php?rest_route=\/wp\/v2\/posts\/25816\/revisions"}],"predecessor-version":[{"id":38675,"href":"https:\/\/news.ecclesia.org.br\/index.php?rest_route=\/wp\/v2\/posts\/25816\/revisions\/38675"}],"wp:attachment":[{"href":"https:\/\/news.ecclesia.org.br\/index.php?rest_route=%2Fwp%2Fv2%2Fmedia&parent=25816"}],"wp:term":[{"taxonomy":"category","embeddable":true,"href":"https:\/\/news.ecclesia.org.br\/index.php?rest_route=%2Fwp%2Fv2%2Fcategories&post=25816"},{"taxonomy":"post_tag","embeddable":true,"href":"https:\/\/news.ecclesia.org.br\/index.php?rest_route=%2Fwp%2Fv2%2Ftags&post=25816"}],"curies":[{"name":"wp","href":"https:\/\/api.w.org\/{rel}","templated":true}]}}