{"id":25812,"date":"2018-08-01T12:53:02","date_gmt":"2018-08-01T12:53:02","guid":{"rendered":"https:\/\/news.ecclesia.org.br\/?p=25812"},"modified":"2018-08-01T12:53:13","modified_gmt":"2018-08-01T12:53:13","slug":"delegacao-do-patriarcado-de-constantinopla-presente-em-kiev-nao-participou-das-cerimonias-do-1-030o-aniversario-do-batismo-de-rus","status":"publish","type":"post","link":"https:\/\/news.ecclesia.org.br\/?p=25812","title":{"rendered":"Delega\u00e7\u00e3o do Patriarcado de Constantinopla presente em Kiev n\u00e3o participou das cerim\u00f4nias do 1.030\u00ba anivers\u00e1rio do batismo de Rus&#8217;"},"content":{"rendered":"<figure id=\"attachment_25814\" aria-describedby=\"caption-attachment-25814\" style=\"width: 300px\" class=\"wp-caption alignleft\"><a href=\"https:\/\/news.ecclesia.org.br\/wp-content\/uploads\/2018\/08\/delegacao-0patriarcado-ecumenico.jpeg\"><img fetchpriority=\"high\" decoding=\"async\" class=\"size-medium wp-image-25814\" src=\"https:\/\/news.ecclesia.org.br\/wp-content\/uploads\/2018\/08\/delegacao-0patriarcado-ecumenico-300x214.jpeg\" alt=\"\" width=\"300\" height=\"214\" srcset=\"https:\/\/news.ecclesia.org.br\/wp-content\/uploads\/2018\/08\/delegacao-0patriarcado-ecumenico-300x214.jpeg 300w, https:\/\/news.ecclesia.org.br\/wp-content\/uploads\/2018\/08\/delegacao-0patriarcado-ecumenico-768x547.jpeg 768w, https:\/\/news.ecclesia.org.br\/wp-content\/uploads\/2018\/08\/delegacao-0patriarcado-ecumenico.jpeg 1024w, https:\/\/news.ecclesia.org.br\/wp-content\/uploads\/2018\/08\/delegacao-0patriarcado-ecumenico-600x427.jpeg 600w, https:\/\/news.ecclesia.org.br\/wp-content\/uploads\/2018\/08\/delegacao-0patriarcado-ecumenico-77x55.jpeg 77w\" sizes=\"(max-width: 300px) 100vw, 300px\" \/><\/a><figcaption id=\"caption-attachment-25814\" class=\"wp-caption-text\">A delega\u00e7\u00e3o do Patriarcado de Constantinopla presente em Kiev n\u00e3o participou das cerim\u00f4nias do 1030\u00ba anivers\u00e1rio do batismo da Rus &#8216;<\/figcaption><\/figure>\n<p style=\"text-align: justify;\">Segundo a informa\u00e7\u00e3o dada pela ag\u00eancia grega <a href=\"http:\/\/www.romfea.gr\/\" target=\"_blank\" rel=\"noopener\">Romfea<\/a>, a delega\u00e7\u00e3o do Patriarcado Ecum\u00eanico,\u00a0 com o Metropolita Emmanuel da Fran\u00e7a como seu presidente, n\u00e3o participou das festividades do 1.030\u00ba anivers\u00e1rio do batismo de Rus&#8217;. A delega\u00e7\u00e3o fez uma visita ao presidente ucraniano, Poroshenko, na sexta-feira passada, e entregou-lhe uma carta do Patriarca Ecum\u00eanico Bartolomeu I por ocasi\u00e3o das festividades. Vale mencionar que em 24 de junho, o Metropolita Ant\u00f4nio de Boryspil e Brovary, Chanceler da Igreja Ortodoxa Ucraniana, em nome do Metropolita Onufriy de Kiev, convidaram o Patriarca Ecum\u00eanico a enviar um representante \u00e0s celebra\u00e7\u00f5es do 1.030\u00ba anivers\u00e1rio da Igreja Ortodoxa Ucraniana. o batismo de Rus &#8216;.<\/p>\n<hr \/>\n<p style=\"text-align: right;\"><a href=\"https:\/\/orthodoxie.com\/en\/the-delegation-of-the-patriarchate-of-constantinople-present-in-kiev-did-not-participate-in-the-ceremonies-of-the-1030th-anniversary-of-the-baptism-of-rus\/\" target=\"_blank\" rel=\"noopener\">Fonte (com foto)<\/a><\/p>\n","protected":false},"excerpt":{"rendered":"<p>Segundo a informa\u00e7\u00e3o dada pela ag\u00eancia grega Romfea, a delega\u00e7\u00e3o do Patriarcado Ecum\u00eanico,\u00a0 com o Metropolita Emmanuel da Fran\u00e7a como seu presidente, n\u00e3o participou das festividades do 1.030\u00ba anivers\u00e1rio do batismo de Rus&#8217;. A delega\u00e7\u00e3o fez uma visita ao presidente&#8230;<\/p>\n","protected":false},"author":1,"featured_media":25814,"comment_status":"open","ping_status":"open","sticky":false,"template":"","format":"standard","meta":{"_acf_changed":false,"footnotes":""},"categories":[72],"tags":[],"class_list":["post-25812","post","type-post","status-publish","format-standard","has-post-thumbnail","hentry","category-patriarcado-ecumenico","entry","rows-excerpt"],"acf":[],"yoast_head":"<!-- This site is optimized with the Yoast SEO plugin v27.4 - https:\/\/yoast.com\/product\/yoast-seo-wordpress\/ -->\n<title>Delega\u00e7\u00e3o do Patriarcado de Constantinopla presente em Kiev n\u00e3o participou das cerim\u00f4nias do 1.030\u00ba anivers\u00e1rio do batismo de Rus&#039; | ECCLESIA NEWS<\/title>\n<meta name=\"robots\" content=\"index, follow, max-snippet:-1, max-image-preview:large, max-video-preview:-1\" \/>\n<link rel=\"canonical\" href=\"https:\/\/news.ecclesia.org.br\/?p=25812\" \/>\n<meta property=\"og:locale\" content=\"pt_BR\" \/>\n<meta property=\"og:type\" content=\"article\" \/>\n<meta property=\"og:title\" content=\"Delega\u00e7\u00e3o do Patriarcado de Constantinopla presente em Kiev n\u00e3o participou das cerim\u00f4nias do 1.030\u00ba anivers\u00e1rio do batismo de Rus&#039; | ECCLESIA NEWS\" \/>\n<meta property=\"og:description\" content=\"Segundo a informa\u00e7\u00e3o dada pela ag\u00eancia grega Romfea, a delega\u00e7\u00e3o do Patriarcado Ecum\u00eanico,\u00a0 com o Metropolita Emmanuel da Fran\u00e7a como seu presidente, n\u00e3o participou das festividades do 1.030\u00ba anivers\u00e1rio do batismo de Rus&#8217;. A delega\u00e7\u00e3o fez uma visita ao presidente&#8230;\" \/>\n<meta property=\"og:url\" content=\"https:\/\/news.ecclesia.org.br\/?p=25812\" \/>\n<meta property=\"og:site_name\" content=\"ECCLESIA NEWS\" \/>\n<meta property=\"article:publisher\" content=\"https:\/\/www.facebook.com\/Ecclesia2025\" \/>\n<meta property=\"article:published_time\" content=\"2018-08-01T12:53:02+00:00\" \/>\n<meta property=\"article:modified_time\" content=\"2018-08-01T12:53:13+00:00\" \/>\n<meta property=\"og:image\" content=\"https:\/\/news.ecclesia.org.br\/wp-content\/uploads\/2018\/08\/delegacao-0patriarcado-ecumenico.jpeg\" \/>\n\t<meta property=\"og:image:width\" content=\"1024\" \/>\n\t<meta property=\"og:image:height\" content=\"729\" \/>\n\t<meta property=\"og:image:type\" content=\"image\/jpeg\" \/>\n<meta name=\"author\" content=\"Pe. Andr\u00e9\" \/>\n<meta name=\"twitter:card\" content=\"summary_large_image\" \/>\n<meta name=\"twitter:creator\" content=\"@EcclesiaNews\" \/>\n<meta name=\"twitter:site\" content=\"@EcclesiaNews\" \/>\n<meta name=\"twitter:label1\" content=\"Escrito por\" \/>\n\t<meta name=\"twitter:data1\" content=\"Pe. Andr\u00e9\" \/>\n\t<meta name=\"twitter:label2\" content=\"Est. tempo de leitura\" \/>\n\t<meta name=\"twitter:data2\" content=\"1 minuto\" \/>\n<script type=\"application\/ld+json\" class=\"yoast-schema-graph\">{\"@context\":\"https:\\\/\\\/schema.org\",\"@graph\":[{\"@type\":\"Article\",\"@id\":\"https:\\\/\\\/news.ecclesia.org.br\\\/?p=25812#article\",\"isPartOf\":{\"@id\":\"https:\\\/\\\/news.ecclesia.org.br\\\/?p=25812\"},\"author\":{\"name\":\"Pe. Andr\u00e9\",\"@id\":\"https:\\\/\\\/news.ecclesia.org.br\\\/#\\\/schema\\\/person\\\/6f09597f025829745ba414a569f63758\"},\"headline\":\"Delega\u00e7\u00e3o do Patriarcado de Constantinopla presente em Kiev n\u00e3o participou das cerim\u00f4nias do 1.030\u00ba anivers\u00e1rio do batismo de Rus&#8217;\",\"datePublished\":\"2018-08-01T12:53:02+00:00\",\"dateModified\":\"2018-08-01T12:53:13+00:00\",\"mainEntityOfPage\":{\"@id\":\"https:\\\/\\\/news.ecclesia.org.br\\\/?p=25812\"},\"wordCount\":171,\"commentCount\":1,\"publisher\":{\"@id\":\"https:\\\/\\\/news.ecclesia.org.br\\\/#organization\"},\"image\":{\"@id\":\"https:\\\/\\\/news.ecclesia.org.br\\\/?p=25812#primaryimage\"},\"thumbnailUrl\":\"https:\\\/\\\/news.ecclesia.org.br\\\/wp-content\\\/uploads\\\/2018\\\/08\\\/delegacao-0patriarcado-ecumenico.jpeg\",\"articleSection\":[\"Patriarcado Ecum\u00eanico\"],\"inLanguage\":\"pt-BR\",\"potentialAction\":[{\"@type\":\"CommentAction\",\"name\":\"Comment\",\"target\":[\"https:\\\/\\\/news.ecclesia.org.br\\\/?p=25812#respond\"]}]},{\"@type\":\"WebPage\",\"@id\":\"https:\\\/\\\/news.ecclesia.org.br\\\/?p=25812\",\"url\":\"https:\\\/\\\/news.ecclesia.org.br\\\/?p=25812\",\"name\":\"Delega\u00e7\u00e3o do Patriarcado de Constantinopla presente em Kiev n\u00e3o participou das cerim\u00f4nias do 1.030\u00ba anivers\u00e1rio do batismo de Rus' | ECCLESIA NEWS\",\"isPartOf\":{\"@id\":\"https:\\\/\\\/news.ecclesia.org.br\\\/#website\"},\"primaryImageOfPage\":{\"@id\":\"https:\\\/\\\/news.ecclesia.org.br\\\/?p=25812#primaryimage\"},\"image\":{\"@id\":\"https:\\\/\\\/news.ecclesia.org.br\\\/?p=25812#primaryimage\"},\"thumbnailUrl\":\"https:\\\/\\\/news.ecclesia.org.br\\\/wp-content\\\/uploads\\\/2018\\\/08\\\/delegacao-0patriarcado-ecumenico.jpeg\",\"datePublished\":\"2018-08-01T12:53:02+00:00\",\"dateModified\":\"2018-08-01T12:53:13+00:00\",\"breadcrumb\":{\"@id\":\"https:\\\/\\\/news.ecclesia.org.br\\\/?p=25812#breadcrumb\"},\"inLanguage\":\"pt-BR\",\"potentialAction\":[{\"@type\":\"ReadAction\",\"target\":[\"https:\\\/\\\/news.ecclesia.org.br\\\/?p=25812\"]}]},{\"@type\":\"ImageObject\",\"inLanguage\":\"pt-BR\",\"@id\":\"https:\\\/\\\/news.ecclesia.org.br\\\/?p=25812#primaryimage\",\"url\":\"https:\\\/\\\/news.ecclesia.org.br\\\/wp-content\\\/uploads\\\/2018\\\/08\\\/delegacao-0patriarcado-ecumenico.jpeg\",\"contentUrl\":\"https:\\\/\\\/news.ecclesia.org.br\\\/wp-content\\\/uploads\\\/2018\\\/08\\\/delegacao-0patriarcado-ecumenico.jpeg\",\"width\":1024,\"height\":729,\"caption\":\"A delega\u00e7\u00e3o do Patriarcado de Constantinopla presente em Kiev n\u00e3o participou das cerim\u00f4nias do 1030\u00ba anivers\u00e1rio do batismo da Rus '\"},{\"@type\":\"BreadcrumbList\",\"@id\":\"https:\\\/\\\/news.ecclesia.org.br\\\/?p=25812#breadcrumb\",\"itemListElement\":[{\"@type\":\"ListItem\",\"position\":1,\"name\":\"In\u00edcio\",\"item\":\"https:\\\/\\\/news.ecclesia.org.br\\\/\"},{\"@type\":\"ListItem\",\"position\":2,\"name\":\"Delega\u00e7\u00e3o do Patriarcado de Constantinopla presente em Kiev n\u00e3o participou das cerim\u00f4nias do 1.030\u00ba anivers\u00e1rio do batismo de Rus&#8217;\"}]},{\"@type\":\"WebSite\",\"@id\":\"https:\\\/\\\/news.ecclesia.org.br\\\/#website\",\"url\":\"https:\\\/\\\/news.ecclesia.org.br\\\/\",\"name\":\"Ecclesia Brasil\",\"description\":\"Desde 2003 onectando o Brasil ao mundo ortodoxo!\",\"publisher\":{\"@id\":\"https:\\\/\\\/news.ecclesia.org.br\\\/#organization\"},\"alternateName\":\"Ecclesia\",\"potentialAction\":[{\"@type\":\"SearchAction\",\"target\":{\"@type\":\"EntryPoint\",\"urlTemplate\":\"https:\\\/\\\/news.ecclesia.org.br\\\/?s={search_term_string}\"},\"query-input\":{\"@type\":\"PropertyValueSpecification\",\"valueRequired\":true,\"valueName\":\"search_term_string\"}}],\"inLanguage\":\"pt-BR\"},{\"@type\":\"Organization\",\"@id\":\"https:\\\/\\\/news.ecclesia.org.br\\\/#organization\",\"name\":\"Sacra Arquidiocese de Buenos Aires e Am\u00e9rica do Sul | Patriarcado Ecum\u00eanico\",\"alternateName\":\"News Ecclesia Brasil\",\"url\":\"https:\\\/\\\/news.ecclesia.org.br\\\/\",\"logo\":{\"@type\":\"ImageObject\",\"inLanguage\":\"pt-BR\",\"@id\":\"https:\\\/\\\/news.ecclesia.org.br\\\/#\\\/schema\\\/logo\\\/image\\\/\",\"url\":\"https:\\\/\\\/news.ecclesia.org.br\\\/wp-content\\\/uploads\\\/2025\\\/05\\\/ecclesia2.png\",\"contentUrl\":\"https:\\\/\\\/news.ecclesia.org.br\\\/wp-content\\\/uploads\\\/2025\\\/05\\\/ecclesia2.png\",\"width\":480,\"height\":120,\"caption\":\"Sacra Arquidiocese de Buenos Aires e Am\u00e9rica do Sul | Patriarcado Ecum\u00eanico\"},\"image\":{\"@id\":\"https:\\\/\\\/news.ecclesia.org.br\\\/#\\\/schema\\\/logo\\\/image\\\/\"},\"sameAs\":[\"https:\\\/\\\/www.facebook.com\\\/Ecclesia2025\",\"https:\\\/\\\/x.com\\\/EcclesiaNews\",\"https:\\\/\\\/br.pinterest.com\\\/ekklisia\\\/\",\"https:\\\/\\\/www.youtube.com\\\/@EcclesiaBrasil\"]},{\"@type\":\"Person\",\"@id\":\"https:\\\/\\\/news.ecclesia.org.br\\\/#\\\/schema\\\/person\\\/6f09597f025829745ba414a569f63758\",\"name\":\"Pe. Andr\u00e9\",\"image\":{\"@type\":\"ImageObject\",\"inLanguage\":\"pt-BR\",\"@id\":\"https:\\\/\\\/secure.gravatar.com\\\/avatar\\\/b4327cfa27e9799da239a26adcd534fc29cdc0c4a4a148eecbcfeb9b42c617ac?s=96&d=mm&r=g\",\"url\":\"https:\\\/\\\/secure.gravatar.com\\\/avatar\\\/b4327cfa27e9799da239a26adcd534fc29cdc0c4a4a148eecbcfeb9b42c617ac?s=96&d=mm&r=g\",\"contentUrl\":\"https:\\\/\\\/secure.gravatar.com\\\/avatar\\\/b4327cfa27e9799da239a26adcd534fc29cdc0c4a4a148eecbcfeb9b42c617ac?s=96&d=mm&r=g\",\"caption\":\"Pe. Andr\u00e9\"},\"sameAs\":[\"https:\\\/\\\/www.ecclesia.org.br\"]}]}<\/script>\n<!-- \/ Yoast SEO plugin. -->","yoast_head_json":{"title":"Delega\u00e7\u00e3o do Patriarcado de Constantinopla presente em Kiev n\u00e3o participou das cerim\u00f4nias do 1.030\u00ba anivers\u00e1rio do batismo de Rus' | ECCLESIA NEWS","robots":{"index":"index","follow":"follow","max-snippet":"max-snippet:-1","max-image-preview":"max-image-preview:large","max-video-preview":"max-video-preview:-1"},"canonical":"https:\/\/news.ecclesia.org.br\/?p=25812","og_locale":"pt_BR","og_type":"article","og_title":"Delega\u00e7\u00e3o do Patriarcado de Constantinopla presente em Kiev n\u00e3o participou das cerim\u00f4nias do 1.030\u00ba anivers\u00e1rio do batismo de Rus' | ECCLESIA NEWS","og_description":"Segundo a informa\u00e7\u00e3o dada pela ag\u00eancia grega Romfea, a delega\u00e7\u00e3o do Patriarcado Ecum\u00eanico,\u00a0 com o Metropolita Emmanuel da Fran\u00e7a como seu presidente, n\u00e3o participou das festividades do 1.030\u00ba anivers\u00e1rio do batismo de Rus&#8217;. A delega\u00e7\u00e3o fez uma visita ao presidente&#8230;","og_url":"https:\/\/news.ecclesia.org.br\/?p=25812","og_site_name":"ECCLESIA NEWS","article_publisher":"https:\/\/www.facebook.com\/Ecclesia2025","article_published_time":"2018-08-01T12:53:02+00:00","article_modified_time":"2018-08-01T12:53:13+00:00","og_image":[{"width":1024,"height":729,"url":"https:\/\/news.ecclesia.org.br\/wp-content\/uploads\/2018\/08\/delegacao-0patriarcado-ecumenico.jpeg","type":"image\/jpeg"}],"author":"Pe. Andr\u00e9","twitter_card":"summary_large_image","twitter_creator":"@EcclesiaNews","twitter_site":"@EcclesiaNews","twitter_misc":{"Escrito por":"Pe. Andr\u00e9","Est. tempo de leitura":"1 minuto"},"schema":{"@context":"https:\/\/schema.org","@graph":[{"@type":"Article","@id":"https:\/\/news.ecclesia.org.br\/?p=25812#article","isPartOf":{"@id":"https:\/\/news.ecclesia.org.br\/?p=25812"},"author":{"name":"Pe. Andr\u00e9","@id":"https:\/\/news.ecclesia.org.br\/#\/schema\/person\/6f09597f025829745ba414a569f63758"},"headline":"Delega\u00e7\u00e3o do Patriarcado de Constantinopla presente em Kiev n\u00e3o participou das cerim\u00f4nias do 1.030\u00ba anivers\u00e1rio do batismo de Rus&#8217;","datePublished":"2018-08-01T12:53:02+00:00","dateModified":"2018-08-01T12:53:13+00:00","mainEntityOfPage":{"@id":"https:\/\/news.ecclesia.org.br\/?p=25812"},"wordCount":171,"commentCount":1,"publisher":{"@id":"https:\/\/news.ecclesia.org.br\/#organization"},"image":{"@id":"https:\/\/news.ecclesia.org.br\/?p=25812#primaryimage"},"thumbnailUrl":"https:\/\/news.ecclesia.org.br\/wp-content\/uploads\/2018\/08\/delegacao-0patriarcado-ecumenico.jpeg","articleSection":["Patriarcado Ecum\u00eanico"],"inLanguage":"pt-BR","potentialAction":[{"@type":"CommentAction","name":"Comment","target":["https:\/\/news.ecclesia.org.br\/?p=25812#respond"]}]},{"@type":"WebPage","@id":"https:\/\/news.ecclesia.org.br\/?p=25812","url":"https:\/\/news.ecclesia.org.br\/?p=25812","name":"Delega\u00e7\u00e3o do Patriarcado de Constantinopla presente em Kiev n\u00e3o participou das cerim\u00f4nias do 1.030\u00ba anivers\u00e1rio do batismo de Rus' | ECCLESIA NEWS","isPartOf":{"@id":"https:\/\/news.ecclesia.org.br\/#website"},"primaryImageOfPage":{"@id":"https:\/\/news.ecclesia.org.br\/?p=25812#primaryimage"},"image":{"@id":"https:\/\/news.ecclesia.org.br\/?p=25812#primaryimage"},"thumbnailUrl":"https:\/\/news.ecclesia.org.br\/wp-content\/uploads\/2018\/08\/delegacao-0patriarcado-ecumenico.jpeg","datePublished":"2018-08-01T12:53:02+00:00","dateModified":"2018-08-01T12:53:13+00:00","breadcrumb":{"@id":"https:\/\/news.ecclesia.org.br\/?p=25812#breadcrumb"},"inLanguage":"pt-BR","potentialAction":[{"@type":"ReadAction","target":["https:\/\/news.ecclesia.org.br\/?p=25812"]}]},{"@type":"ImageObject","inLanguage":"pt-BR","@id":"https:\/\/news.ecclesia.org.br\/?p=25812#primaryimage","url":"https:\/\/news.ecclesia.org.br\/wp-content\/uploads\/2018\/08\/delegacao-0patriarcado-ecumenico.jpeg","contentUrl":"https:\/\/news.ecclesia.org.br\/wp-content\/uploads\/2018\/08\/delegacao-0patriarcado-ecumenico.jpeg","width":1024,"height":729,"caption":"A delega\u00e7\u00e3o do Patriarcado de Constantinopla presente em Kiev n\u00e3o participou das cerim\u00f4nias do 1030\u00ba anivers\u00e1rio do batismo da Rus '"},{"@type":"BreadcrumbList","@id":"https:\/\/news.ecclesia.org.br\/?p=25812#breadcrumb","itemListElement":[{"@type":"ListItem","position":1,"name":"In\u00edcio","item":"https:\/\/news.ecclesia.org.br\/"},{"@type":"ListItem","position":2,"name":"Delega\u00e7\u00e3o do Patriarcado de Constantinopla presente em Kiev n\u00e3o participou das cerim\u00f4nias do 1.030\u00ba anivers\u00e1rio do batismo de Rus&#8217;"}]},{"@type":"WebSite","@id":"https:\/\/news.ecclesia.org.br\/#website","url":"https:\/\/news.ecclesia.org.br\/","name":"Ecclesia Brasil","description":"Desde 2003 onectando o Brasil ao mundo ortodoxo!","publisher":{"@id":"https:\/\/news.ecclesia.org.br\/#organization"},"alternateName":"Ecclesia","potentialAction":[{"@type":"SearchAction","target":{"@type":"EntryPoint","urlTemplate":"https:\/\/news.ecclesia.org.br\/?s={search_term_string}"},"query-input":{"@type":"PropertyValueSpecification","valueRequired":true,"valueName":"search_term_string"}}],"inLanguage":"pt-BR"},{"@type":"Organization","@id":"https:\/\/news.ecclesia.org.br\/#organization","name":"Sacra Arquidiocese de Buenos Aires e Am\u00e9rica do Sul | Patriarcado Ecum\u00eanico","alternateName":"News Ecclesia Brasil","url":"https:\/\/news.ecclesia.org.br\/","logo":{"@type":"ImageObject","inLanguage":"pt-BR","@id":"https:\/\/news.ecclesia.org.br\/#\/schema\/logo\/image\/","url":"https:\/\/news.ecclesia.org.br\/wp-content\/uploads\/2025\/05\/ecclesia2.png","contentUrl":"https:\/\/news.ecclesia.org.br\/wp-content\/uploads\/2025\/05\/ecclesia2.png","width":480,"height":120,"caption":"Sacra Arquidiocese de Buenos Aires e Am\u00e9rica do Sul | Patriarcado Ecum\u00eanico"},"image":{"@id":"https:\/\/news.ecclesia.org.br\/#\/schema\/logo\/image\/"},"sameAs":["https:\/\/www.facebook.com\/Ecclesia2025","https:\/\/x.com\/EcclesiaNews","https:\/\/br.pinterest.com\/ekklisia\/","https:\/\/www.youtube.com\/@EcclesiaBrasil"]},{"@type":"Person","@id":"https:\/\/news.ecclesia.org.br\/#\/schema\/person\/6f09597f025829745ba414a569f63758","name":"Pe. Andr\u00e9","image":{"@type":"ImageObject","inLanguage":"pt-BR","@id":"https:\/\/secure.gravatar.com\/avatar\/b4327cfa27e9799da239a26adcd534fc29cdc0c4a4a148eecbcfeb9b42c617ac?s=96&d=mm&r=g","url":"https:\/\/secure.gravatar.com\/avatar\/b4327cfa27e9799da239a26adcd534fc29cdc0c4a4a148eecbcfeb9b42c617ac?s=96&d=mm&r=g","contentUrl":"https:\/\/secure.gravatar.com\/avatar\/b4327cfa27e9799da239a26adcd534fc29cdc0c4a4a148eecbcfeb9b42c617ac?s=96&d=mm&r=g","caption":"Pe. Andr\u00e9"},"sameAs":["https:\/\/www.ecclesia.org.br"]}]}},"_links":{"self":[{"href":"https:\/\/news.ecclesia.org.br\/index.php?rest_route=\/wp\/v2\/posts\/25812","targetHints":{"allow":["GET"]}}],"collection":[{"href":"https:\/\/news.ecclesia.org.br\/index.php?rest_route=\/wp\/v2\/posts"}],"about":[{"href":"https:\/\/news.ecclesia.org.br\/index.php?rest_route=\/wp\/v2\/types\/post"}],"author":[{"embeddable":true,"href":"https:\/\/news.ecclesia.org.br\/index.php?rest_route=\/wp\/v2\/users\/1"}],"replies":[{"embeddable":true,"href":"https:\/\/news.ecclesia.org.br\/index.php?rest_route=%2Fwp%2Fv2%2Fcomments&post=25812"}],"version-history":[{"count":0,"href":"https:\/\/news.ecclesia.org.br\/index.php?rest_route=\/wp\/v2\/posts\/25812\/revisions"}],"wp:featuredmedia":[{"embeddable":true,"href":"https:\/\/news.ecclesia.org.br\/index.php?rest_route=\/wp\/v2\/media\/25814"}],"wp:attachment":[{"href":"https:\/\/news.ecclesia.org.br\/index.php?rest_route=%2Fwp%2Fv2%2Fmedia&parent=25812"}],"wp:term":[{"taxonomy":"category","embeddable":true,"href":"https:\/\/news.ecclesia.org.br\/index.php?rest_route=%2Fwp%2Fv2%2Fcategories&post=25812"},{"taxonomy":"post_tag","embeddable":true,"href":"https:\/\/news.ecclesia.org.br\/index.php?rest_route=%2Fwp%2Fv2%2Ftags&post=25812"}],"curies":[{"name":"wp","href":"https:\/\/api.w.org\/{rel}","templated":true}]}}