{"id":2581,"date":"2009-09-28T23:29:15","date_gmt":"2009-09-29T02:29:15","guid":{"rendered":"http:\/\/www.ecclesia.com.br\/news\/?p=2581"},"modified":"2021-07-22T15:05:34","modified_gmt":"2021-07-22T18:05:34","slug":"simposio-patristico-em-tessalonica-a-santidade-e-a-apostolicidade-da-igreja","status":"publish","type":"post","link":"https:\/\/news.ecclesia.org.br\/?p=2581","title":{"rendered":"Simp\u00f3sio Patr\u00edstico em Tessal\u00f4nica: \u00abA Santidade e a Apostolicidade  da Igreja\u00bb"},"content":{"rendered":"<p style=\"text-align: justify;\"><img fetchpriority=\"high\" decoding=\"async\" class=\"alignleft wp-image-14733 size-medium\" src=\"https:\/\/news.ecclesia.org.br\/wp-content\/uploads\/2009\/09\/018-300x249.jpg\" alt=\"018\" width=\"300\" height=\"249\" srcset=\"https:\/\/news.ecclesia.org.br\/wp-content\/uploads\/2009\/09\/018-300x249.jpg 300w, https:\/\/news.ecclesia.org.br\/wp-content\/uploads\/2009\/09\/018-600x497.jpg 600w, https:\/\/news.ecclesia.org.br\/wp-content\/uploads\/2009\/09\/018-66x55.jpg 66w, https:\/\/news.ecclesia.org.br\/wp-content\/uploads\/2009\/09\/018.jpg 676w\" sizes=\"(max-width: 300px) 100vw, 300px\" \/>Organizado pela Funda\u00e7\u00e3o Pr\u00f3-Oriente, realizou-se entre 22 e 26 do corrente m\u00eas de setembro, na cidade de Tessal\u00f4nica (Gr\u00e9cia), o 5\u00ba Simp\u00f3sio cat\u00f3lico-ortodoxo de Patr\u00edstica, com o tema \u00abA Santidade e a Apostolicidade da Igreja\u00bb. A iniciativa do convite para que o evento se realizasse em Tessal\u00f4nica, segunda maior cidade da Gr\u00e9cia e antiga capital da prov\u00edncia romana da Maced\u00f4nia, partiu dos metropolitas Anthime de Tessal\u00f4nica e Barnab\u00e9 de N\u00e1poles e da Academia Eclesi\u00e1stica Superior de Tessal\u00f4nica, tendo ainda o incentivo do professor George Martzelos da Faculdade de Teologia da Universidade Arist\u00f3teles. Foi nesta regi\u00e3o que o Ap\u00f3stolo Paulo fundou uma igreja local, no ano 50. Um total de\u00a025 professores e\/ou pesquisadores na \u00e1rea de Patr\u00edstica de 17 pa\u00edses da Europa Ocidental e Oriental (Alemanha, \u00c1ustria, B\u00e9lgica, Fran\u00e7a, Gr\u00e3-Bretanha, Gr\u00e9cia, Hungria, It\u00e1lia, Litu\u00e2nia, Pol\u00f4nia, Rep\u00fablica Tcheca , Rom\u00eania, R\u00fassia, S\u00e9rvia, Eslov\u00e1quia, Su\u00ed\u00e7a, Ucr\u00e2nia) participaram deste Simp\u00f3sio. Os participantes agradeceram a hospitalidade calorosa dos metropolitas e da Academia\u00a0 Eclesi\u00e1stica, e pelo ambiente de confian\u00e7a e amizade que marcaram os trabalhos. [Fonte: <a href=\"http:\/\/www.orthodoxie.com\/\" target=\"_blank\" rel=\"noopener\">Orthodoxie.com<\/a>]<\/p>\n","protected":false},"excerpt":{"rendered":"<p>Organizado pela Funda\u00e7\u00e3o Pr\u00f3-Oriente, realizou-se entre 22 e 26 do corrente m\u00eas de setembro, na cidade de Tessal\u00f4nica (Gr\u00e9cia), o 5\u00ba Simp\u00f3sio cat\u00f3lico-ortodoxo de Patr\u00edstica, com o tema \u00abA Santidade e a Apostolicidade da Igreja\u00bb. A iniciativa do convite para&#8230;<\/p>\n","protected":false},"author":1,"featured_media":0,"comment_status":"open","ping_status":"open","sticky":false,"template":"","format":"standard","meta":{"_acf_changed":false,"footnotes":""},"categories":[1],"tags":[],"class_list":["post-2581","post","type-post","status-publish","format-standard","hentry","category-news","entry","rows-excerpt"],"acf":[],"yoast_head":"<!-- This site is optimized with the Yoast SEO plugin v27.4 - https:\/\/yoast.com\/product\/yoast-seo-wordpress\/ -->\n<title>Simp\u00f3sio Patr\u00edstico em Tessal\u00f4nica: \u00abA Santidade e a Apostolicidade da Igreja\u00bb | ECCLESIA NEWS<\/title>\n<meta name=\"robots\" content=\"index, follow, max-snippet:-1, max-image-preview:large, max-video-preview:-1\" \/>\n<link rel=\"canonical\" href=\"https:\/\/news.ecclesia.org.br\/?p=2581\" \/>\n<meta property=\"og:locale\" content=\"pt_BR\" \/>\n<meta property=\"og:type\" content=\"article\" \/>\n<meta property=\"og:title\" content=\"Simp\u00f3sio Patr\u00edstico em Tessal\u00f4nica: \u00abA Santidade e a Apostolicidade da Igreja\u00bb | ECCLESIA NEWS\" \/>\n<meta property=\"og:description\" content=\"Organizado pela Funda\u00e7\u00e3o Pr\u00f3-Oriente, realizou-se entre 22 e 26 do corrente m\u00eas de setembro, na cidade de Tessal\u00f4nica (Gr\u00e9cia), o 5\u00ba Simp\u00f3sio cat\u00f3lico-ortodoxo de Patr\u00edstica, com o tema \u00abA Santidade e a Apostolicidade da Igreja\u00bb. A iniciativa do convite para&#8230;\" \/>\n<meta property=\"og:url\" content=\"https:\/\/news.ecclesia.org.br\/?p=2581\" \/>\n<meta property=\"og:site_name\" content=\"ECCLESIA NEWS\" \/>\n<meta property=\"article:publisher\" content=\"https:\/\/www.facebook.com\/Ecclesia2025\" \/>\n<meta property=\"article:published_time\" content=\"2009-09-29T02:29:15+00:00\" \/>\n<meta property=\"article:modified_time\" content=\"2021-07-22T18:05:34+00:00\" \/>\n<meta property=\"og:image\" content=\"https:\/\/news.ecclesia.org.br\/wp-content\/uploads\/2009\/09\/018-300x249.jpg\" \/>\n<meta name=\"author\" content=\"Pe. Andr\u00e9\" \/>\n<meta name=\"twitter:card\" content=\"summary_large_image\" \/>\n<meta name=\"twitter:creator\" content=\"@EcclesiaNews\" \/>\n<meta name=\"twitter:site\" content=\"@EcclesiaNews\" \/>\n<meta name=\"twitter:label1\" content=\"Escrito por\" \/>\n\t<meta name=\"twitter:data1\" content=\"Pe. Andr\u00e9\" \/>\n\t<meta name=\"twitter:label2\" content=\"Est. tempo de leitura\" \/>\n\t<meta name=\"twitter:data2\" content=\"1 minuto\" \/>\n<script type=\"application\/ld+json\" class=\"yoast-schema-graph\">{\"@context\":\"https:\\\/\\\/schema.org\",\"@graph\":[{\"@type\":\"Article\",\"@id\":\"https:\\\/\\\/news.ecclesia.org.br\\\/?p=2581#article\",\"isPartOf\":{\"@id\":\"https:\\\/\\\/news.ecclesia.org.br\\\/?p=2581\"},\"author\":{\"name\":\"Pe. Andr\u00e9\",\"@id\":\"https:\\\/\\\/news.ecclesia.org.br\\\/#\\\/schema\\\/person\\\/6f09597f025829745ba414a569f63758\"},\"headline\":\"Simp\u00f3sio Patr\u00edstico em Tessal\u00f4nica: \u00abA Santidade e a Apostolicidade da Igreja\u00bb\",\"datePublished\":\"2009-09-29T02:29:15+00:00\",\"dateModified\":\"2021-07-22T18:05:34+00:00\",\"mainEntityOfPage\":{\"@id\":\"https:\\\/\\\/news.ecclesia.org.br\\\/?p=2581\"},\"wordCount\":219,\"commentCount\":0,\"publisher\":{\"@id\":\"https:\\\/\\\/news.ecclesia.org.br\\\/#organization\"},\"image\":{\"@id\":\"https:\\\/\\\/news.ecclesia.org.br\\\/?p=2581#primaryimage\"},\"thumbnailUrl\":\"https:\\\/\\\/news.ecclesia.org.br\\\/wp-content\\\/uploads\\\/2009\\\/09\\\/018-300x249.jpg\",\"articleSection\":[\"NEWS\"],\"inLanguage\":\"pt-BR\",\"potentialAction\":[{\"@type\":\"CommentAction\",\"name\":\"Comment\",\"target\":[\"https:\\\/\\\/news.ecclesia.org.br\\\/?p=2581#respond\"]}]},{\"@type\":\"WebPage\",\"@id\":\"https:\\\/\\\/news.ecclesia.org.br\\\/?p=2581\",\"url\":\"https:\\\/\\\/news.ecclesia.org.br\\\/?p=2581\",\"name\":\"Simp\u00f3sio Patr\u00edstico em Tessal\u00f4nica: \u00abA Santidade e a Apostolicidade da Igreja\u00bb | ECCLESIA NEWS\",\"isPartOf\":{\"@id\":\"https:\\\/\\\/news.ecclesia.org.br\\\/#website\"},\"primaryImageOfPage\":{\"@id\":\"https:\\\/\\\/news.ecclesia.org.br\\\/?p=2581#primaryimage\"},\"image\":{\"@id\":\"https:\\\/\\\/news.ecclesia.org.br\\\/?p=2581#primaryimage\"},\"thumbnailUrl\":\"https:\\\/\\\/news.ecclesia.org.br\\\/wp-content\\\/uploads\\\/2009\\\/09\\\/018-300x249.jpg\",\"datePublished\":\"2009-09-29T02:29:15+00:00\",\"dateModified\":\"2021-07-22T18:05:34+00:00\",\"breadcrumb\":{\"@id\":\"https:\\\/\\\/news.ecclesia.org.br\\\/?p=2581#breadcrumb\"},\"inLanguage\":\"pt-BR\",\"potentialAction\":[{\"@type\":\"ReadAction\",\"target\":[\"https:\\\/\\\/news.ecclesia.org.br\\\/?p=2581\"]}]},{\"@type\":\"ImageObject\",\"inLanguage\":\"pt-BR\",\"@id\":\"https:\\\/\\\/news.ecclesia.org.br\\\/?p=2581#primaryimage\",\"url\":\"https:\\\/\\\/news.ecclesia.org.br\\\/wp-content\\\/uploads\\\/2009\\\/09\\\/018.jpg\",\"contentUrl\":\"https:\\\/\\\/news.ecclesia.org.br\\\/wp-content\\\/uploads\\\/2009\\\/09\\\/018.jpg\",\"width\":676,\"height\":560},{\"@type\":\"BreadcrumbList\",\"@id\":\"https:\\\/\\\/news.ecclesia.org.br\\\/?p=2581#breadcrumb\",\"itemListElement\":[{\"@type\":\"ListItem\",\"position\":1,\"name\":\"In\u00edcio\",\"item\":\"https:\\\/\\\/news.ecclesia.org.br\\\/\"},{\"@type\":\"ListItem\",\"position\":2,\"name\":\"Simp\u00f3sio Patr\u00edstico em Tessal\u00f4nica: \u00abA Santidade e a Apostolicidade da Igreja\u00bb\"}]},{\"@type\":\"WebSite\",\"@id\":\"https:\\\/\\\/news.ecclesia.org.br\\\/#website\",\"url\":\"https:\\\/\\\/news.ecclesia.org.br\\\/\",\"name\":\"Ecclesia Brasil\",\"description\":\"Desde 2003 onectando o Brasil ao mundo ortodoxo!\",\"publisher\":{\"@id\":\"https:\\\/\\\/news.ecclesia.org.br\\\/#organization\"},\"alternateName\":\"Ecclesia\",\"potentialAction\":[{\"@type\":\"SearchAction\",\"target\":{\"@type\":\"EntryPoint\",\"urlTemplate\":\"https:\\\/\\\/news.ecclesia.org.br\\\/?s={search_term_string}\"},\"query-input\":{\"@type\":\"PropertyValueSpecification\",\"valueRequired\":true,\"valueName\":\"search_term_string\"}}],\"inLanguage\":\"pt-BR\"},{\"@type\":\"Organization\",\"@id\":\"https:\\\/\\\/news.ecclesia.org.br\\\/#organization\",\"name\":\"Sacra Arquidiocese de Buenos Aires e Am\u00e9rica do Sul | Patriarcado Ecum\u00eanico\",\"alternateName\":\"News Ecclesia Brasil\",\"url\":\"https:\\\/\\\/news.ecclesia.org.br\\\/\",\"logo\":{\"@type\":\"ImageObject\",\"inLanguage\":\"pt-BR\",\"@id\":\"https:\\\/\\\/news.ecclesia.org.br\\\/#\\\/schema\\\/logo\\\/image\\\/\",\"url\":\"https:\\\/\\\/news.ecclesia.org.br\\\/wp-content\\\/uploads\\\/2025\\\/05\\\/ecclesia2.png\",\"contentUrl\":\"https:\\\/\\\/news.ecclesia.org.br\\\/wp-content\\\/uploads\\\/2025\\\/05\\\/ecclesia2.png\",\"width\":480,\"height\":120,\"caption\":\"Sacra Arquidiocese de Buenos Aires e Am\u00e9rica do Sul | Patriarcado Ecum\u00eanico\"},\"image\":{\"@id\":\"https:\\\/\\\/news.ecclesia.org.br\\\/#\\\/schema\\\/logo\\\/image\\\/\"},\"sameAs\":[\"https:\\\/\\\/www.facebook.com\\\/Ecclesia2025\",\"https:\\\/\\\/x.com\\\/EcclesiaNews\",\"https:\\\/\\\/br.pinterest.com\\\/ekklisia\\\/\",\"https:\\\/\\\/www.youtube.com\\\/@EcclesiaBrasil\"]},{\"@type\":\"Person\",\"@id\":\"https:\\\/\\\/news.ecclesia.org.br\\\/#\\\/schema\\\/person\\\/6f09597f025829745ba414a569f63758\",\"name\":\"Pe. Andr\u00e9\",\"image\":{\"@type\":\"ImageObject\",\"inLanguage\":\"pt-BR\",\"@id\":\"https:\\\/\\\/secure.gravatar.com\\\/avatar\\\/b4327cfa27e9799da239a26adcd534fc29cdc0c4a4a148eecbcfeb9b42c617ac?s=96&d=mm&r=g\",\"url\":\"https:\\\/\\\/secure.gravatar.com\\\/avatar\\\/b4327cfa27e9799da239a26adcd534fc29cdc0c4a4a148eecbcfeb9b42c617ac?s=96&d=mm&r=g\",\"contentUrl\":\"https:\\\/\\\/secure.gravatar.com\\\/avatar\\\/b4327cfa27e9799da239a26adcd534fc29cdc0c4a4a148eecbcfeb9b42c617ac?s=96&d=mm&r=g\",\"caption\":\"Pe. Andr\u00e9\"},\"sameAs\":[\"https:\\\/\\\/www.ecclesia.org.br\"]}]}<\/script>\n<!-- \/ Yoast SEO plugin. -->","yoast_head_json":{"title":"Simp\u00f3sio Patr\u00edstico em Tessal\u00f4nica: \u00abA Santidade e a Apostolicidade da Igreja\u00bb | ECCLESIA NEWS","robots":{"index":"index","follow":"follow","max-snippet":"max-snippet:-1","max-image-preview":"max-image-preview:large","max-video-preview":"max-video-preview:-1"},"canonical":"https:\/\/news.ecclesia.org.br\/?p=2581","og_locale":"pt_BR","og_type":"article","og_title":"Simp\u00f3sio Patr\u00edstico em Tessal\u00f4nica: \u00abA Santidade e a Apostolicidade da Igreja\u00bb | ECCLESIA NEWS","og_description":"Organizado pela Funda\u00e7\u00e3o Pr\u00f3-Oriente, realizou-se entre 22 e 26 do corrente m\u00eas de setembro, na cidade de Tessal\u00f4nica (Gr\u00e9cia), o 5\u00ba Simp\u00f3sio cat\u00f3lico-ortodoxo de Patr\u00edstica, com o tema \u00abA Santidade e a Apostolicidade da Igreja\u00bb. A iniciativa do convite para&#8230;","og_url":"https:\/\/news.ecclesia.org.br\/?p=2581","og_site_name":"ECCLESIA NEWS","article_publisher":"https:\/\/www.facebook.com\/Ecclesia2025","article_published_time":"2009-09-29T02:29:15+00:00","article_modified_time":"2021-07-22T18:05:34+00:00","og_image":[{"url":"https:\/\/news.ecclesia.org.br\/wp-content\/uploads\/2009\/09\/018-300x249.jpg","type":"","width":"","height":""}],"author":"Pe. Andr\u00e9","twitter_card":"summary_large_image","twitter_creator":"@EcclesiaNews","twitter_site":"@EcclesiaNews","twitter_misc":{"Escrito por":"Pe. Andr\u00e9","Est. tempo de leitura":"1 minuto"},"schema":{"@context":"https:\/\/schema.org","@graph":[{"@type":"Article","@id":"https:\/\/news.ecclesia.org.br\/?p=2581#article","isPartOf":{"@id":"https:\/\/news.ecclesia.org.br\/?p=2581"},"author":{"name":"Pe. Andr\u00e9","@id":"https:\/\/news.ecclesia.org.br\/#\/schema\/person\/6f09597f025829745ba414a569f63758"},"headline":"Simp\u00f3sio Patr\u00edstico em Tessal\u00f4nica: \u00abA Santidade e a Apostolicidade da Igreja\u00bb","datePublished":"2009-09-29T02:29:15+00:00","dateModified":"2021-07-22T18:05:34+00:00","mainEntityOfPage":{"@id":"https:\/\/news.ecclesia.org.br\/?p=2581"},"wordCount":219,"commentCount":0,"publisher":{"@id":"https:\/\/news.ecclesia.org.br\/#organization"},"image":{"@id":"https:\/\/news.ecclesia.org.br\/?p=2581#primaryimage"},"thumbnailUrl":"https:\/\/news.ecclesia.org.br\/wp-content\/uploads\/2009\/09\/018-300x249.jpg","articleSection":["NEWS"],"inLanguage":"pt-BR","potentialAction":[{"@type":"CommentAction","name":"Comment","target":["https:\/\/news.ecclesia.org.br\/?p=2581#respond"]}]},{"@type":"WebPage","@id":"https:\/\/news.ecclesia.org.br\/?p=2581","url":"https:\/\/news.ecclesia.org.br\/?p=2581","name":"Simp\u00f3sio Patr\u00edstico em Tessal\u00f4nica: \u00abA Santidade e a Apostolicidade da Igreja\u00bb | ECCLESIA NEWS","isPartOf":{"@id":"https:\/\/news.ecclesia.org.br\/#website"},"primaryImageOfPage":{"@id":"https:\/\/news.ecclesia.org.br\/?p=2581#primaryimage"},"image":{"@id":"https:\/\/news.ecclesia.org.br\/?p=2581#primaryimage"},"thumbnailUrl":"https:\/\/news.ecclesia.org.br\/wp-content\/uploads\/2009\/09\/018-300x249.jpg","datePublished":"2009-09-29T02:29:15+00:00","dateModified":"2021-07-22T18:05:34+00:00","breadcrumb":{"@id":"https:\/\/news.ecclesia.org.br\/?p=2581#breadcrumb"},"inLanguage":"pt-BR","potentialAction":[{"@type":"ReadAction","target":["https:\/\/news.ecclesia.org.br\/?p=2581"]}]},{"@type":"ImageObject","inLanguage":"pt-BR","@id":"https:\/\/news.ecclesia.org.br\/?p=2581#primaryimage","url":"https:\/\/news.ecclesia.org.br\/wp-content\/uploads\/2009\/09\/018.jpg","contentUrl":"https:\/\/news.ecclesia.org.br\/wp-content\/uploads\/2009\/09\/018.jpg","width":676,"height":560},{"@type":"BreadcrumbList","@id":"https:\/\/news.ecclesia.org.br\/?p=2581#breadcrumb","itemListElement":[{"@type":"ListItem","position":1,"name":"In\u00edcio","item":"https:\/\/news.ecclesia.org.br\/"},{"@type":"ListItem","position":2,"name":"Simp\u00f3sio Patr\u00edstico em Tessal\u00f4nica: \u00abA Santidade e a Apostolicidade da Igreja\u00bb"}]},{"@type":"WebSite","@id":"https:\/\/news.ecclesia.org.br\/#website","url":"https:\/\/news.ecclesia.org.br\/","name":"Ecclesia Brasil","description":"Desde 2003 onectando o Brasil ao mundo ortodoxo!","publisher":{"@id":"https:\/\/news.ecclesia.org.br\/#organization"},"alternateName":"Ecclesia","potentialAction":[{"@type":"SearchAction","target":{"@type":"EntryPoint","urlTemplate":"https:\/\/news.ecclesia.org.br\/?s={search_term_string}"},"query-input":{"@type":"PropertyValueSpecification","valueRequired":true,"valueName":"search_term_string"}}],"inLanguage":"pt-BR"},{"@type":"Organization","@id":"https:\/\/news.ecclesia.org.br\/#organization","name":"Sacra Arquidiocese de Buenos Aires e Am\u00e9rica do Sul | Patriarcado Ecum\u00eanico","alternateName":"News Ecclesia Brasil","url":"https:\/\/news.ecclesia.org.br\/","logo":{"@type":"ImageObject","inLanguage":"pt-BR","@id":"https:\/\/news.ecclesia.org.br\/#\/schema\/logo\/image\/","url":"https:\/\/news.ecclesia.org.br\/wp-content\/uploads\/2025\/05\/ecclesia2.png","contentUrl":"https:\/\/news.ecclesia.org.br\/wp-content\/uploads\/2025\/05\/ecclesia2.png","width":480,"height":120,"caption":"Sacra Arquidiocese de Buenos Aires e Am\u00e9rica do Sul | Patriarcado Ecum\u00eanico"},"image":{"@id":"https:\/\/news.ecclesia.org.br\/#\/schema\/logo\/image\/"},"sameAs":["https:\/\/www.facebook.com\/Ecclesia2025","https:\/\/x.com\/EcclesiaNews","https:\/\/br.pinterest.com\/ekklisia\/","https:\/\/www.youtube.com\/@EcclesiaBrasil"]},{"@type":"Person","@id":"https:\/\/news.ecclesia.org.br\/#\/schema\/person\/6f09597f025829745ba414a569f63758","name":"Pe. Andr\u00e9","image":{"@type":"ImageObject","inLanguage":"pt-BR","@id":"https:\/\/secure.gravatar.com\/avatar\/b4327cfa27e9799da239a26adcd534fc29cdc0c4a4a148eecbcfeb9b42c617ac?s=96&d=mm&r=g","url":"https:\/\/secure.gravatar.com\/avatar\/b4327cfa27e9799da239a26adcd534fc29cdc0c4a4a148eecbcfeb9b42c617ac?s=96&d=mm&r=g","contentUrl":"https:\/\/secure.gravatar.com\/avatar\/b4327cfa27e9799da239a26adcd534fc29cdc0c4a4a148eecbcfeb9b42c617ac?s=96&d=mm&r=g","caption":"Pe. Andr\u00e9"},"sameAs":["https:\/\/www.ecclesia.org.br"]}]}},"_links":{"self":[{"href":"https:\/\/news.ecclesia.org.br\/index.php?rest_route=\/wp\/v2\/posts\/2581","targetHints":{"allow":["GET"]}}],"collection":[{"href":"https:\/\/news.ecclesia.org.br\/index.php?rest_route=\/wp\/v2\/posts"}],"about":[{"href":"https:\/\/news.ecclesia.org.br\/index.php?rest_route=\/wp\/v2\/types\/post"}],"author":[{"embeddable":true,"href":"https:\/\/news.ecclesia.org.br\/index.php?rest_route=\/wp\/v2\/users\/1"}],"replies":[{"embeddable":true,"href":"https:\/\/news.ecclesia.org.br\/index.php?rest_route=%2Fwp%2Fv2%2Fcomments&post=2581"}],"version-history":[{"count":1,"href":"https:\/\/news.ecclesia.org.br\/index.php?rest_route=\/wp\/v2\/posts\/2581\/revisions"}],"predecessor-version":[{"id":38271,"href":"https:\/\/news.ecclesia.org.br\/index.php?rest_route=\/wp\/v2\/posts\/2581\/revisions\/38271"}],"wp:attachment":[{"href":"https:\/\/news.ecclesia.org.br\/index.php?rest_route=%2Fwp%2Fv2%2Fmedia&parent=2581"}],"wp:term":[{"taxonomy":"category","embeddable":true,"href":"https:\/\/news.ecclesia.org.br\/index.php?rest_route=%2Fwp%2Fv2%2Fcategories&post=2581"},{"taxonomy":"post_tag","embeddable":true,"href":"https:\/\/news.ecclesia.org.br\/index.php?rest_route=%2Fwp%2Fv2%2Ftags&post=2581"}],"curies":[{"name":"wp","href":"https:\/\/api.w.org\/{rel}","templated":true}]}}