{"id":25604,"date":"2018-07-25T17:01:57","date_gmt":"2018-07-25T17:01:57","guid":{"rendered":"https:\/\/news.ecclesia.org.br\/?p=25604"},"modified":"2018-07-25T17:05:30","modified_gmt":"2018-07-25T17:05:30","slug":"pesar-pelos-incendios-na-grecia","status":"publish","type":"post","link":"https:\/\/news.ecclesia.org.br\/?p=25604","title":{"rendered":"Pesar pelos inc\u00eandios na Gr\u00e9cia"},"content":{"rendered":"<p style=\"text-align: justify;\"><strong>O Patriarca d\u00e1 voz \u00e0 &#8220;profunda solidariedade e apoio da Igreja M\u00e3e&#8221; tamb\u00e9m aos &#8220;habitantes de Creta e outras regi\u00f5es da Gr\u00e9cia que sofrem por causa dos inc\u00eandios&#8221;.<\/strong><\/p>\n<p style=\"text-align: justify;\">\u201cS. S. o Papa Francisco ficou profundamente entristecido ao saber dos recentes inc\u00eandios na Gr\u00e9cia, manifestando sua sincera solidariedade a todos os afetados por esta trag\u00e9dia\u201d, diz o telegrama enviado nesta ter\u00e7a-feira \u00e0s autoridades eclesiais e civis gregas. Em particular \u2013 diz o telegrama assinado pelo cardeal Secret\u00e1rio de Estado Pietro Parolin &#8211; o Santo Padre \u201cencomenda as almas dos falecidos ao amor misericordioso do Deus Todo-Poderoso e encoraja \u00e0s autoridades civis e ao pessoal de emerg\u00eancia enquanto continuam em seus esfor\u00e7os de resgate\u201d. Sobre todos os que choram, o Papa Francisco \u201cinvoca as b\u00ean\u00e7\u00e3os do Senhor de consolo e for\u00e7a\u201d<\/p>\n<h3 style=\"text-align: justify;\">Pesar de S. S. o Patriarca Ecum\u00eanico Bartolomeu I<\/h3>\n<p style=\"text-align: justify;\"><a href=\"https:\/\/news.ecclesia.org.br\/wp-content\/uploads\/2018\/07\/grecia-incendios.jpeg\"><img fetchpriority=\"high\" decoding=\"async\" class=\"alignleft size-medium wp-image-25605\" src=\"https:\/\/news.ecclesia.org.br\/wp-content\/uploads\/2018\/07\/grecia-incendios-300x169.jpeg\" alt=\"\" width=\"300\" height=\"169\" srcset=\"https:\/\/news.ecclesia.org.br\/wp-content\/uploads\/2018\/07\/grecia-incendios-300x169.jpeg 300w, https:\/\/news.ecclesia.org.br\/wp-content\/uploads\/2018\/07\/grecia-incendios-600x338.jpeg 600w, https:\/\/news.ecclesia.org.br\/wp-content\/uploads\/2018\/07\/grecia-incendios-98x55.jpeg 98w, https:\/\/news.ecclesia.org.br\/wp-content\/uploads\/2018\/07\/grecia-incendios.jpeg 750w\" sizes=\"(max-width: 300px) 100vw, 300px\" \/><\/a>&#8220;Olhamos com tristeza para os dram\u00e1ticos acontecimentos na regi\u00e3o da \u00c1tica em consequ\u00eancia dos grandes inc\u00eandios que destroem vidas humanas, propriedades dos habitantes e queimam a riqueza vital das florestas&#8221;: foi o que escreveu nesta manh\u00e3 de ter\u00e7a-feira (24\/07) o Patriarca Ecum\u00eanico Bartolomeu. &#8220;Nossas ora\u00e7\u00f5es se intensificam e se unem \u00e0s do Arcebispo Ieronymos\u00a0 de Atenas, e dos Metropolitas das regi\u00f5es afetadas&#8221;, para que &#8220;Deus ajude a deter esse enorme desastre humano e ecol\u00f3gico, que sem d\u00favida tem conseq\u00fc\u00eancias incalcul\u00e1veis&#8221; e &#8220;d\u00ea for\u00e7as aos parentes das v\u00edtimas e aos feridos &#8220;.<\/p>\n<h3 style=\"text-align: justify;\">Solidariedade e apoio<\/h3>\n<p style=\"text-align: justify;\">O Patriarca d\u00e1 voz \u00e0 &#8220;profunda solidariedade e apoio da Igreja M\u00e3e&#8221; tamb\u00e9m aos &#8220;habitantes de Creta e outras regi\u00f5es da Gr\u00e9cia que sofrem por causa dos inc\u00eandios&#8221;. As v\u00edtimas dos inc\u00eandios na Gr\u00e9cia j\u00e1 s\u00e3o mais de cinquenta e a m\u00eddia local fala de &#8220;uma situa\u00e7\u00e3o tr\u00e1gica com milhares de pessoas evacuadas&#8221;.<\/p>\n<h3 style=\"text-align: justify;\">P\u00easames e ora\u00e7\u00f5es pelas v\u00edtimas<\/h3>\n<p style=\"text-align: justify;\">Tamb\u00e9m o Arcebispo (cat\u00f3lico-romano) de Atenas e presidente dos bispos cat\u00f3licos gregos, Dom Sebastianos Rossolatos, exprime sua tristeza: &#8220;Um verdadeiro inferno. \u00c9 uma carnificina&#8221;. &#8220;O balan\u00e7o das v\u00edtimas e dos feridos aumenta a cada hora. A intensidade e a vastid\u00e3o dos inc\u00eandios &#8211; disse o Arcebispo, nestes dias em Siros, mas em constante contato com a capital \u2013 est\u00e3o provocando uma verdadeira carnificina. Rezemos por todos aqueles que perderam suas vidas, que ficaram feridos e privados de tudo. Meu pensamento, em particular, &#8211; afirmou o Arcebispo -, gostaria de dirigir tamb\u00e9m \u00e0s muitas pessoas que est\u00e3o trabalhando nos socorros, colocando em risco suas vidas&#8221;.<\/p>\n<h3 style=\"text-align: justify;\">Refletir sobre o cuidado da cria\u00e7\u00e3o<\/h3>\n<p style=\"text-align: justify;\">&#8220;Esses fatos &#8211; sublinhou Dom Rossolatos \u2013 devem nos fazer questionar sobre o respeito do meio ambiente que passa tamb\u00e9m atrav\u00e9s do respeito pelas regras. Na verdade, n\u00e3o pode haver uma expans\u00e3o de habita\u00e7\u00f5es sem controle e sem a autoriza\u00e7\u00e3o necess\u00e1ria. Desastres como esses &#8211; concluiu &#8211; encontram suas causas tamb\u00e9m na a\u00e7\u00e3o indiscriminada do homem&#8221;.<\/p>\n<h3 style=\"text-align: justify;\">Solicitada a ajuda da Europa<\/h3>\n<p style=\"text-align: justify;\">Mati, uma localidade tur\u00edstica costeira na regi\u00e3o de Rafina, a cerca de 40 km a nordeste de Atenas, ficou totalmente queimada. Os inc\u00eandios destru\u00edram pelo menos mil casas at\u00e9 agora. A fuma\u00e7a chegou a Atenas e o Parthenon est\u00e1 envolvido por uma nuvem espessa. Um segundo inc\u00eandio est\u00e1 devastando um bosque de pinheiros a 50 quil\u00f4metros a oeste de Atenas. Os sete avi\u00f5es de combate a inc\u00eandios e os quatro helic\u00f3pteros s\u00e3o incapazes de afrontar os inc\u00eandios, junto com os bombeiros. O governo grego pediu a ajuda da Europa. (SIR)<\/p>\n<hr \/>\n<p style=\"text-align: right;\">Fonte: <a href=\"https:\/\/www.vaticannews.va\/pt\/igreja\/news\/2018-07\/atenas-patriarca-bartolomeu-desastre-humano-ecologico.html\" target=\"_blank\" rel=\"noopener\">Vatican NEWS<\/a><\/p>\n","protected":false},"excerpt":{"rendered":"<p>O Patriarca d\u00e1 voz \u00e0 &#8220;profunda solidariedade e apoio da Igreja M\u00e3e&#8221; tamb\u00e9m aos &#8220;habitantes de Creta e outras regi\u00f5es da Gr\u00e9cia que sofrem por causa dos inc\u00eandios&#8221;. \u201cS. S. o Papa Francisco ficou profundamente entristecido ao saber dos recentes&#8230;<\/p>\n","protected":false},"author":1,"featured_media":25605,"comment_status":"open","ping_status":"open","sticky":false,"template":"","format":"standard","meta":{"_acf_changed":false,"footnotes":""},"categories":[1],"tags":[],"class_list":["post-25604","post","type-post","status-publish","format-standard","has-post-thumbnail","hentry","category-news","entry","rows-excerpt"],"acf":[],"yoast_head":"<!-- This site is optimized with the Yoast SEO plugin v27.5 - https:\/\/yoast.com\/product\/yoast-seo-wordpress\/ -->\n<title>Pesar pelos inc\u00eandios na Gr\u00e9cia | ECCLESIA NEWS<\/title>\n<meta name=\"robots\" content=\"index, follow, max-snippet:-1, max-image-preview:large, max-video-preview:-1\" \/>\n<link rel=\"canonical\" href=\"https:\/\/news.ecclesia.org.br\/?p=25604\" \/>\n<meta property=\"og:locale\" content=\"pt_BR\" \/>\n<meta property=\"og:type\" content=\"article\" \/>\n<meta property=\"og:title\" content=\"Pesar pelos inc\u00eandios na Gr\u00e9cia | ECCLESIA NEWS\" \/>\n<meta property=\"og:description\" content=\"O Patriarca d\u00e1 voz \u00e0 &#8220;profunda solidariedade e apoio da Igreja M\u00e3e&#8221; tamb\u00e9m aos &#8220;habitantes de Creta e outras regi\u00f5es da Gr\u00e9cia que sofrem por causa dos inc\u00eandios&#8221;. \u201cS. S. o Papa Francisco ficou profundamente entristecido ao saber dos recentes&#8230;\" \/>\n<meta property=\"og:url\" content=\"https:\/\/news.ecclesia.org.br\/?p=25604\" \/>\n<meta property=\"og:site_name\" content=\"ECCLESIA NEWS\" \/>\n<meta property=\"article:publisher\" content=\"https:\/\/www.facebook.com\/Ecclesia2025\" \/>\n<meta property=\"article:published_time\" content=\"2018-07-25T17:01:57+00:00\" \/>\n<meta property=\"article:modified_time\" content=\"2018-07-25T17:05:30+00:00\" \/>\n<meta property=\"og:image\" content=\"https:\/\/news.ecclesia.org.br\/wp-content\/uploads\/2018\/07\/grecia-incendios.jpeg\" \/>\n\t<meta property=\"og:image:width\" content=\"750\" \/>\n\t<meta property=\"og:image:height\" content=\"422\" \/>\n\t<meta property=\"og:image:type\" content=\"image\/jpeg\" \/>\n<meta name=\"author\" content=\"Pe. Andr\u00e9\" \/>\n<meta name=\"twitter:card\" content=\"summary_large_image\" \/>\n<meta name=\"twitter:creator\" content=\"@EcclesiaNews\" \/>\n<meta name=\"twitter:site\" content=\"@EcclesiaNews\" \/>\n<meta name=\"twitter:label1\" content=\"Escrito por\" \/>\n\t<meta name=\"twitter:data1\" content=\"Pe. Andr\u00e9\" \/>\n\t<meta name=\"twitter:label2\" content=\"Est. tempo de leitura\" \/>\n\t<meta name=\"twitter:data2\" content=\"3 minutos\" \/>\n<script type=\"application\/ld+json\" class=\"yoast-schema-graph\">{\"@context\":\"https:\\\/\\\/schema.org\",\"@graph\":[{\"@type\":\"Article\",\"@id\":\"https:\\\/\\\/news.ecclesia.org.br\\\/?p=25604#article\",\"isPartOf\":{\"@id\":\"https:\\\/\\\/news.ecclesia.org.br\\\/?p=25604\"},\"author\":{\"name\":\"Pe. Andr\u00e9\",\"@id\":\"https:\\\/\\\/news.ecclesia.org.br\\\/#\\\/schema\\\/person\\\/6f09597f025829745ba414a569f63758\"},\"headline\":\"Pesar pelos inc\u00eandios na Gr\u00e9cia\",\"datePublished\":\"2018-07-25T17:01:57+00:00\",\"dateModified\":\"2018-07-25T17:05:30+00:00\",\"mainEntityOfPage\":{\"@id\":\"https:\\\/\\\/news.ecclesia.org.br\\\/?p=25604\"},\"wordCount\":628,\"commentCount\":1,\"publisher\":{\"@id\":\"https:\\\/\\\/news.ecclesia.org.br\\\/#organization\"},\"image\":{\"@id\":\"https:\\\/\\\/news.ecclesia.org.br\\\/?p=25604#primaryimage\"},\"thumbnailUrl\":\"https:\\\/\\\/news.ecclesia.org.br\\\/wp-content\\\/uploads\\\/2018\\\/07\\\/grecia-incendios.jpeg\",\"articleSection\":[\"NEWS\"],\"inLanguage\":\"pt-BR\",\"potentialAction\":[{\"@type\":\"CommentAction\",\"name\":\"Comment\",\"target\":[\"https:\\\/\\\/news.ecclesia.org.br\\\/?p=25604#respond\"]}]},{\"@type\":\"WebPage\",\"@id\":\"https:\\\/\\\/news.ecclesia.org.br\\\/?p=25604\",\"url\":\"https:\\\/\\\/news.ecclesia.org.br\\\/?p=25604\",\"name\":\"Pesar pelos inc\u00eandios na Gr\u00e9cia | ECCLESIA NEWS\",\"isPartOf\":{\"@id\":\"https:\\\/\\\/news.ecclesia.org.br\\\/#website\"},\"primaryImageOfPage\":{\"@id\":\"https:\\\/\\\/news.ecclesia.org.br\\\/?p=25604#primaryimage\"},\"image\":{\"@id\":\"https:\\\/\\\/news.ecclesia.org.br\\\/?p=25604#primaryimage\"},\"thumbnailUrl\":\"https:\\\/\\\/news.ecclesia.org.br\\\/wp-content\\\/uploads\\\/2018\\\/07\\\/grecia-incendios.jpeg\",\"datePublished\":\"2018-07-25T17:01:57+00:00\",\"dateModified\":\"2018-07-25T17:05:30+00:00\",\"breadcrumb\":{\"@id\":\"https:\\\/\\\/news.ecclesia.org.br\\\/?p=25604#breadcrumb\"},\"inLanguage\":\"pt-BR\",\"potentialAction\":[{\"@type\":\"ReadAction\",\"target\":[\"https:\\\/\\\/news.ecclesia.org.br\\\/?p=25604\"]}]},{\"@type\":\"ImageObject\",\"inLanguage\":\"pt-BR\",\"@id\":\"https:\\\/\\\/news.ecclesia.org.br\\\/?p=25604#primaryimage\",\"url\":\"https:\\\/\\\/news.ecclesia.org.br\\\/wp-content\\\/uploads\\\/2018\\\/07\\\/grecia-incendios.jpeg\",\"contentUrl\":\"https:\\\/\\\/news.ecclesia.org.br\\\/wp-content\\\/uploads\\\/2018\\\/07\\\/grecia-incendios.jpeg\",\"width\":750,\"height\":422},{\"@type\":\"BreadcrumbList\",\"@id\":\"https:\\\/\\\/news.ecclesia.org.br\\\/?p=25604#breadcrumb\",\"itemListElement\":[{\"@type\":\"ListItem\",\"position\":1,\"name\":\"In\u00edcio\",\"item\":\"https:\\\/\\\/news.ecclesia.org.br\\\/\"},{\"@type\":\"ListItem\",\"position\":2,\"name\":\"Pesar pelos inc\u00eandios na Gr\u00e9cia\"}]},{\"@type\":\"WebSite\",\"@id\":\"https:\\\/\\\/news.ecclesia.org.br\\\/#website\",\"url\":\"https:\\\/\\\/news.ecclesia.org.br\\\/\",\"name\":\"Ecclesia Brasil\",\"description\":\"Desde 2003 onectando o Brasil ao mundo ortodoxo!\",\"publisher\":{\"@id\":\"https:\\\/\\\/news.ecclesia.org.br\\\/#organization\"},\"alternateName\":\"Ecclesia\",\"potentialAction\":[{\"@type\":\"SearchAction\",\"target\":{\"@type\":\"EntryPoint\",\"urlTemplate\":\"https:\\\/\\\/news.ecclesia.org.br\\\/?s={search_term_string}\"},\"query-input\":{\"@type\":\"PropertyValueSpecification\",\"valueRequired\":true,\"valueName\":\"search_term_string\"}}],\"inLanguage\":\"pt-BR\"},{\"@type\":\"Organization\",\"@id\":\"https:\\\/\\\/news.ecclesia.org.br\\\/#organization\",\"name\":\"Sacra Arquidiocese de Buenos Aires e Am\u00e9rica do Sul | Patriarcado Ecum\u00eanico\",\"alternateName\":\"News Ecclesia Brasil\",\"url\":\"https:\\\/\\\/news.ecclesia.org.br\\\/\",\"logo\":{\"@type\":\"ImageObject\",\"inLanguage\":\"pt-BR\",\"@id\":\"https:\\\/\\\/news.ecclesia.org.br\\\/#\\\/schema\\\/logo\\\/image\\\/\",\"url\":\"https:\\\/\\\/news.ecclesia.org.br\\\/wp-content\\\/uploads\\\/2025\\\/05\\\/ecclesia2.png\",\"contentUrl\":\"https:\\\/\\\/news.ecclesia.org.br\\\/wp-content\\\/uploads\\\/2025\\\/05\\\/ecclesia2.png\",\"width\":480,\"height\":120,\"caption\":\"Sacra Arquidiocese de Buenos Aires e Am\u00e9rica do Sul | Patriarcado Ecum\u00eanico\"},\"image\":{\"@id\":\"https:\\\/\\\/news.ecclesia.org.br\\\/#\\\/schema\\\/logo\\\/image\\\/\"},\"sameAs\":[\"https:\\\/\\\/www.facebook.com\\\/Ecclesia2025\",\"https:\\\/\\\/x.com\\\/EcclesiaNews\",\"https:\\\/\\\/br.pinterest.com\\\/ekklisia\\\/\",\"https:\\\/\\\/www.youtube.com\\\/@EcclesiaBrasil\"]},{\"@type\":\"Person\",\"@id\":\"https:\\\/\\\/news.ecclesia.org.br\\\/#\\\/schema\\\/person\\\/6f09597f025829745ba414a569f63758\",\"name\":\"Pe. Andr\u00e9\",\"image\":{\"@type\":\"ImageObject\",\"inLanguage\":\"pt-BR\",\"@id\":\"https:\\\/\\\/secure.gravatar.com\\\/avatar\\\/b4327cfa27e9799da239a26adcd534fc29cdc0c4a4a148eecbcfeb9b42c617ac?s=96&d=mm&r=g\",\"url\":\"https:\\\/\\\/secure.gravatar.com\\\/avatar\\\/b4327cfa27e9799da239a26adcd534fc29cdc0c4a4a148eecbcfeb9b42c617ac?s=96&d=mm&r=g\",\"contentUrl\":\"https:\\\/\\\/secure.gravatar.com\\\/avatar\\\/b4327cfa27e9799da239a26adcd534fc29cdc0c4a4a148eecbcfeb9b42c617ac?s=96&d=mm&r=g\",\"caption\":\"Pe. Andr\u00e9\"},\"sameAs\":[\"https:\\\/\\\/www.ecclesia.org.br\"]}]}<\/script>\n<!-- \/ Yoast SEO plugin. -->","yoast_head_json":{"title":"Pesar pelos inc\u00eandios na Gr\u00e9cia | ECCLESIA NEWS","robots":{"index":"index","follow":"follow","max-snippet":"max-snippet:-1","max-image-preview":"max-image-preview:large","max-video-preview":"max-video-preview:-1"},"canonical":"https:\/\/news.ecclesia.org.br\/?p=25604","og_locale":"pt_BR","og_type":"article","og_title":"Pesar pelos inc\u00eandios na Gr\u00e9cia | ECCLESIA NEWS","og_description":"O Patriarca d\u00e1 voz \u00e0 &#8220;profunda solidariedade e apoio da Igreja M\u00e3e&#8221; tamb\u00e9m aos &#8220;habitantes de Creta e outras regi\u00f5es da Gr\u00e9cia que sofrem por causa dos inc\u00eandios&#8221;. \u201cS. S. o Papa Francisco ficou profundamente entristecido ao saber dos recentes&#8230;","og_url":"https:\/\/news.ecclesia.org.br\/?p=25604","og_site_name":"ECCLESIA NEWS","article_publisher":"https:\/\/www.facebook.com\/Ecclesia2025","article_published_time":"2018-07-25T17:01:57+00:00","article_modified_time":"2018-07-25T17:05:30+00:00","og_image":[{"width":750,"height":422,"url":"https:\/\/news.ecclesia.org.br\/wp-content\/uploads\/2018\/07\/grecia-incendios.jpeg","type":"image\/jpeg"}],"author":"Pe. Andr\u00e9","twitter_card":"summary_large_image","twitter_creator":"@EcclesiaNews","twitter_site":"@EcclesiaNews","twitter_misc":{"Escrito por":"Pe. Andr\u00e9","Est. tempo de leitura":"3 minutos"},"schema":{"@context":"https:\/\/schema.org","@graph":[{"@type":"Article","@id":"https:\/\/news.ecclesia.org.br\/?p=25604#article","isPartOf":{"@id":"https:\/\/news.ecclesia.org.br\/?p=25604"},"author":{"name":"Pe. Andr\u00e9","@id":"https:\/\/news.ecclesia.org.br\/#\/schema\/person\/6f09597f025829745ba414a569f63758"},"headline":"Pesar pelos inc\u00eandios na Gr\u00e9cia","datePublished":"2018-07-25T17:01:57+00:00","dateModified":"2018-07-25T17:05:30+00:00","mainEntityOfPage":{"@id":"https:\/\/news.ecclesia.org.br\/?p=25604"},"wordCount":628,"commentCount":1,"publisher":{"@id":"https:\/\/news.ecclesia.org.br\/#organization"},"image":{"@id":"https:\/\/news.ecclesia.org.br\/?p=25604#primaryimage"},"thumbnailUrl":"https:\/\/news.ecclesia.org.br\/wp-content\/uploads\/2018\/07\/grecia-incendios.jpeg","articleSection":["NEWS"],"inLanguage":"pt-BR","potentialAction":[{"@type":"CommentAction","name":"Comment","target":["https:\/\/news.ecclesia.org.br\/?p=25604#respond"]}]},{"@type":"WebPage","@id":"https:\/\/news.ecclesia.org.br\/?p=25604","url":"https:\/\/news.ecclesia.org.br\/?p=25604","name":"Pesar pelos inc\u00eandios na Gr\u00e9cia | ECCLESIA NEWS","isPartOf":{"@id":"https:\/\/news.ecclesia.org.br\/#website"},"primaryImageOfPage":{"@id":"https:\/\/news.ecclesia.org.br\/?p=25604#primaryimage"},"image":{"@id":"https:\/\/news.ecclesia.org.br\/?p=25604#primaryimage"},"thumbnailUrl":"https:\/\/news.ecclesia.org.br\/wp-content\/uploads\/2018\/07\/grecia-incendios.jpeg","datePublished":"2018-07-25T17:01:57+00:00","dateModified":"2018-07-25T17:05:30+00:00","breadcrumb":{"@id":"https:\/\/news.ecclesia.org.br\/?p=25604#breadcrumb"},"inLanguage":"pt-BR","potentialAction":[{"@type":"ReadAction","target":["https:\/\/news.ecclesia.org.br\/?p=25604"]}]},{"@type":"ImageObject","inLanguage":"pt-BR","@id":"https:\/\/news.ecclesia.org.br\/?p=25604#primaryimage","url":"https:\/\/news.ecclesia.org.br\/wp-content\/uploads\/2018\/07\/grecia-incendios.jpeg","contentUrl":"https:\/\/news.ecclesia.org.br\/wp-content\/uploads\/2018\/07\/grecia-incendios.jpeg","width":750,"height":422},{"@type":"BreadcrumbList","@id":"https:\/\/news.ecclesia.org.br\/?p=25604#breadcrumb","itemListElement":[{"@type":"ListItem","position":1,"name":"In\u00edcio","item":"https:\/\/news.ecclesia.org.br\/"},{"@type":"ListItem","position":2,"name":"Pesar pelos inc\u00eandios na Gr\u00e9cia"}]},{"@type":"WebSite","@id":"https:\/\/news.ecclesia.org.br\/#website","url":"https:\/\/news.ecclesia.org.br\/","name":"Ecclesia Brasil","description":"Desde 2003 onectando o Brasil ao mundo ortodoxo!","publisher":{"@id":"https:\/\/news.ecclesia.org.br\/#organization"},"alternateName":"Ecclesia","potentialAction":[{"@type":"SearchAction","target":{"@type":"EntryPoint","urlTemplate":"https:\/\/news.ecclesia.org.br\/?s={search_term_string}"},"query-input":{"@type":"PropertyValueSpecification","valueRequired":true,"valueName":"search_term_string"}}],"inLanguage":"pt-BR"},{"@type":"Organization","@id":"https:\/\/news.ecclesia.org.br\/#organization","name":"Sacra Arquidiocese de Buenos Aires e Am\u00e9rica do Sul | Patriarcado Ecum\u00eanico","alternateName":"News Ecclesia Brasil","url":"https:\/\/news.ecclesia.org.br\/","logo":{"@type":"ImageObject","inLanguage":"pt-BR","@id":"https:\/\/news.ecclesia.org.br\/#\/schema\/logo\/image\/","url":"https:\/\/news.ecclesia.org.br\/wp-content\/uploads\/2025\/05\/ecclesia2.png","contentUrl":"https:\/\/news.ecclesia.org.br\/wp-content\/uploads\/2025\/05\/ecclesia2.png","width":480,"height":120,"caption":"Sacra Arquidiocese de Buenos Aires e Am\u00e9rica do Sul | Patriarcado Ecum\u00eanico"},"image":{"@id":"https:\/\/news.ecclesia.org.br\/#\/schema\/logo\/image\/"},"sameAs":["https:\/\/www.facebook.com\/Ecclesia2025","https:\/\/x.com\/EcclesiaNews","https:\/\/br.pinterest.com\/ekklisia\/","https:\/\/www.youtube.com\/@EcclesiaBrasil"]},{"@type":"Person","@id":"https:\/\/news.ecclesia.org.br\/#\/schema\/person\/6f09597f025829745ba414a569f63758","name":"Pe. Andr\u00e9","image":{"@type":"ImageObject","inLanguage":"pt-BR","@id":"https:\/\/secure.gravatar.com\/avatar\/b4327cfa27e9799da239a26adcd534fc29cdc0c4a4a148eecbcfeb9b42c617ac?s=96&d=mm&r=g","url":"https:\/\/secure.gravatar.com\/avatar\/b4327cfa27e9799da239a26adcd534fc29cdc0c4a4a148eecbcfeb9b42c617ac?s=96&d=mm&r=g","contentUrl":"https:\/\/secure.gravatar.com\/avatar\/b4327cfa27e9799da239a26adcd534fc29cdc0c4a4a148eecbcfeb9b42c617ac?s=96&d=mm&r=g","caption":"Pe. Andr\u00e9"},"sameAs":["https:\/\/www.ecclesia.org.br"]}]}},"_links":{"self":[{"href":"https:\/\/news.ecclesia.org.br\/index.php?rest_route=\/wp\/v2\/posts\/25604","targetHints":{"allow":["GET"]}}],"collection":[{"href":"https:\/\/news.ecclesia.org.br\/index.php?rest_route=\/wp\/v2\/posts"}],"about":[{"href":"https:\/\/news.ecclesia.org.br\/index.php?rest_route=\/wp\/v2\/types\/post"}],"author":[{"embeddable":true,"href":"https:\/\/news.ecclesia.org.br\/index.php?rest_route=\/wp\/v2\/users\/1"}],"replies":[{"embeddable":true,"href":"https:\/\/news.ecclesia.org.br\/index.php?rest_route=%2Fwp%2Fv2%2Fcomments&post=25604"}],"version-history":[{"count":0,"href":"https:\/\/news.ecclesia.org.br\/index.php?rest_route=\/wp\/v2\/posts\/25604\/revisions"}],"wp:featuredmedia":[{"embeddable":true,"href":"https:\/\/news.ecclesia.org.br\/index.php?rest_route=\/wp\/v2\/media\/25605"}],"wp:attachment":[{"href":"https:\/\/news.ecclesia.org.br\/index.php?rest_route=%2Fwp%2Fv2%2Fmedia&parent=25604"}],"wp:term":[{"taxonomy":"category","embeddable":true,"href":"https:\/\/news.ecclesia.org.br\/index.php?rest_route=%2Fwp%2Fv2%2Fcategories&post=25604"},{"taxonomy":"post_tag","embeddable":true,"href":"https:\/\/news.ecclesia.org.br\/index.php?rest_route=%2Fwp%2Fv2%2Ftags&post=25604"}],"curies":[{"name":"wp","href":"https:\/\/api.w.org\/{rel}","templated":true}]}}