{"id":2560,"date":"2009-09-24T21:13:49","date_gmt":"2009-09-25T00:13:49","guid":{"rendered":"http:\/\/www.ecclesia.com.br\/news\/?p=2560"},"modified":"2021-07-22T15:07:09","modified_gmt":"2021-07-22T18:07:09","slug":"enfermeira-crista-obrigada-a-deixar-enfermaria-por-carregar-um-crucifixo","status":"publish","type":"post","link":"https:\/\/news.ecclesia.org.br\/?p=2560","title":{"rendered":"Enfermeira crist\u00e3 obrigada a deixar enfermaria por carregar um crucifixo"},"content":{"rendered":"<p align=\"right\">Por Nieves San Mart\u00edn<\/p>\n<p style=\"text-align: justify;\"><img fetchpriority=\"high\" decoding=\"async\" class=\"alignleft wp-image-14725 size-medium\" src=\"https:\/\/news.ecclesia.org.br\/wp-content\/uploads\/2009\/09\/Shirley-Chaplin-300x188.jpg\" alt=\"Shirley Chaplin\" width=\"300\" height=\"188\" srcset=\"https:\/\/news.ecclesia.org.br\/wp-content\/uploads\/2009\/09\/Shirley-Chaplin-300x188.jpg 300w, https:\/\/news.ecclesia.org.br\/wp-content\/uploads\/2009\/09\/Shirley-Chaplin-88x55.jpg 88w, https:\/\/news.ecclesia.org.br\/wp-content\/uploads\/2009\/09\/Shirley-Chaplin.jpg 460w\" sizes=\"(max-width: 300px) 100vw, 300px\" \/>LONDRES, quinta-feira, 24 de setembro de 2009 (<a href=\"http:\/\/www.zenit.org\/\" target=\"_blank\" rel=\"noopener\">ZENIT.org<\/a>).- Uma enfermeira crist\u00e3 do Reino Unido foi objeto de uma a\u00e7\u00e3o disciplinar por carregar um pingente com uma cruz. Shirley Chaplin, de 54 anos, empreender\u00e1 uma a\u00e7\u00e3o no Tribunal Trabalhista por discrimina\u00e7\u00e3o, j\u00e1 que a senhora Chaplin cr\u00ea ser discriminada por causa de sua f\u00e9, informava nesta quarta-feira o Christian Post. Anteriormente foi dito \u00e0 senhora Chaplin, por parte do Hospital Royal Devon and Exeter, que n\u00e3o podia levar a cruz de prata de 2,5 cent\u00edmetros abertamente em seu pesco\u00e7o porque viola sua pol\u00edtica de uniforme e \u00e9 um risco para os pacientes, segundo o jornal Telegraph.\u00a0Tamb\u00e9m lhe disseram que ou aceitava o emprego em um posto n\u00e3o como enfermeira ou enfrentaria a demiss\u00e3o. O Servi\u00e7o Nacional de Sa\u00fade (NHS) insistiu que o pingente poderia coloc\u00e1-la em perigo ou algum paciente se fosse agarrado.\u00a0A senhora Chaplin disse que levava a cruz desde que come\u00e7ou a trabalhar no hospital h\u00e1 trinta anos, e afirmou que est\u00e1 sendo perseguida por suas cren\u00e7as crist\u00e3s.<\/p>\n<p style=\"text-align: justify;\">Contudo, o hospital se acomoda a outros s\u00edmbolos de f\u00e9, tais como as enfermeiras mu\u00e7ulmanas que levam o chador, informou o Daily Express.\u00a0 O jornal disse que a senhora Chaplin, m\u00e3e de dois filhos, de Kem, perto de Exeter, se aposentar\u00e1 dentro de oito meses.\u00a0Ela acrescentou: &#8220;Levei uma cruz por anos e agora, ao final de minha carreira, me disseram que deveria tir\u00e1-la&#8221;.\u00a0&#8220;N\u00e3o posso explicar como a cruz \u00e9 importante para mim. \u00c9 como eu expresso minha f\u00e9. Dizer-me que devo tir\u00e1-la comoveu-me completamente. Minha f\u00e9 crist\u00e3 \u00e9 o que motiva a cuidar dos demais&#8221;, disse Chaplin ao Daily Express.\u00a0&#8220;Mas sinto que estou sendo intimidada e vitimizada por minha f\u00e9. Fiquei impressionada quando o Executivo de Sa\u00fade e Seguran\u00e7a me disse que n\u00e3o h\u00e1 dados de nenhum caso de danos causados por um pingente&#8221;.<\/p>\n<p style=\"text-align: justify;\">A senhora Chaplin foi apoiada pelo Centro Crist\u00e3o Legal (CLC), um grupo que luta pela liberdade religiosa.\u00a0Andrea Minichiello Williams, advogado e diretor disse: &#8220;Hoje, uma enfermeira que serviu fielmente ao p\u00fablico de Exeter com suas habilidades profissionais foi for\u00e7ada, sob coa\u00e7\u00e3o, a deixar a enfermaria e assumir um papel administrativo, tudo porque a empresa n\u00e3o permite que carregue uma cruz, a imagem do cristianismo mundialmente reconhecida e apreciada.\u00a0&#8220;N\u00e3o foi deixada nenhuma outra op\u00e7\u00e3o para a senhora Chaplin que aceitar, mas hoje nos instruiu para iniciar uma a\u00e7\u00e3o ante o Tribunal do Trabalho por discrimina\u00e7\u00e3o contra seus empregados&#8221;, segundo informou a Associa\u00e7\u00e3o de Imprensa do Reino Unido.<\/p>\n","protected":false},"excerpt":{"rendered":"<p>Por Nieves San Mart\u00edn LONDRES, quinta-feira, 24 de setembro de 2009 (ZENIT.org).- Uma enfermeira crist\u00e3 do Reino Unido foi objeto de uma a\u00e7\u00e3o disciplinar por carregar um pingente com uma cruz. Shirley Chaplin, de 54 anos, empreender\u00e1 uma a\u00e7\u00e3o no&#8230;<\/p>\n","protected":false},"author":1,"featured_media":0,"comment_status":"open","ping_status":"open","sticky":false,"template":"","format":"standard","meta":{"_acf_changed":false,"footnotes":""},"categories":[1],"tags":[],"class_list":["post-2560","post","type-post","status-publish","format-standard","hentry","category-news","entry","rows-excerpt"],"acf":[],"yoast_head":"<!-- This site is optimized with the Yoast SEO plugin v27.4 - https:\/\/yoast.com\/product\/yoast-seo-wordpress\/ -->\n<title>Enfermeira crist\u00e3 obrigada a deixar enfermaria por carregar um crucifixo | ECCLESIA NEWS<\/title>\n<meta name=\"robots\" content=\"index, follow, max-snippet:-1, max-image-preview:large, max-video-preview:-1\" \/>\n<link rel=\"canonical\" href=\"https:\/\/news.ecclesia.org.br\/?p=2560\" \/>\n<meta property=\"og:locale\" content=\"pt_BR\" \/>\n<meta property=\"og:type\" content=\"article\" \/>\n<meta property=\"og:title\" content=\"Enfermeira crist\u00e3 obrigada a deixar enfermaria por carregar um crucifixo | ECCLESIA NEWS\" \/>\n<meta property=\"og:description\" content=\"Por Nieves San Mart\u00edn LONDRES, quinta-feira, 24 de setembro de 2009 (ZENIT.org).- Uma enfermeira crist\u00e3 do Reino Unido foi objeto de uma a\u00e7\u00e3o disciplinar por carregar um pingente com uma cruz. Shirley Chaplin, de 54 anos, empreender\u00e1 uma a\u00e7\u00e3o no&#8230;\" \/>\n<meta property=\"og:url\" content=\"https:\/\/news.ecclesia.org.br\/?p=2560\" \/>\n<meta property=\"og:site_name\" content=\"ECCLESIA NEWS\" \/>\n<meta property=\"article:publisher\" content=\"https:\/\/www.facebook.com\/Ecclesia2025\" \/>\n<meta property=\"article:published_time\" content=\"2009-09-25T00:13:49+00:00\" \/>\n<meta property=\"article:modified_time\" content=\"2021-07-22T18:07:09+00:00\" \/>\n<meta property=\"og:image\" content=\"https:\/\/news.ecclesia.org.br\/wp-content\/uploads\/2009\/09\/Shirley-Chaplin-300x188.jpg\" \/>\n<meta name=\"author\" content=\"Pe. Andr\u00e9\" \/>\n<meta name=\"twitter:card\" content=\"summary_large_image\" \/>\n<meta name=\"twitter:creator\" content=\"@EcclesiaNews\" \/>\n<meta name=\"twitter:site\" content=\"@EcclesiaNews\" \/>\n<meta name=\"twitter:label1\" content=\"Escrito por\" \/>\n\t<meta name=\"twitter:data1\" content=\"Pe. Andr\u00e9\" \/>\n\t<meta name=\"twitter:label2\" content=\"Est. tempo de leitura\" \/>\n\t<meta name=\"twitter:data2\" content=\"2 minutos\" \/>\n<script type=\"application\/ld+json\" class=\"yoast-schema-graph\">{\"@context\":\"https:\\\/\\\/schema.org\",\"@graph\":[{\"@type\":\"Article\",\"@id\":\"https:\\\/\\\/news.ecclesia.org.br\\\/?p=2560#article\",\"isPartOf\":{\"@id\":\"https:\\\/\\\/news.ecclesia.org.br\\\/?p=2560\"},\"author\":{\"name\":\"Pe. Andr\u00e9\",\"@id\":\"https:\\\/\\\/news.ecclesia.org.br\\\/#\\\/schema\\\/person\\\/6f09597f025829745ba414a569f63758\"},\"headline\":\"Enfermeira crist\u00e3 obrigada a deixar enfermaria por carregar um crucifixo\",\"datePublished\":\"2009-09-25T00:13:49+00:00\",\"dateModified\":\"2021-07-22T18:07:09+00:00\",\"mainEntityOfPage\":{\"@id\":\"https:\\\/\\\/news.ecclesia.org.br\\\/?p=2560\"},\"wordCount\":459,\"commentCount\":0,\"publisher\":{\"@id\":\"https:\\\/\\\/news.ecclesia.org.br\\\/#organization\"},\"image\":{\"@id\":\"https:\\\/\\\/news.ecclesia.org.br\\\/?p=2560#primaryimage\"},\"thumbnailUrl\":\"https:\\\/\\\/news.ecclesia.org.br\\\/wp-content\\\/uploads\\\/2009\\\/09\\\/Shirley-Chaplin-300x188.jpg\",\"articleSection\":[\"NEWS\"],\"inLanguage\":\"pt-BR\",\"potentialAction\":[{\"@type\":\"CommentAction\",\"name\":\"Comment\",\"target\":[\"https:\\\/\\\/news.ecclesia.org.br\\\/?p=2560#respond\"]}]},{\"@type\":\"WebPage\",\"@id\":\"https:\\\/\\\/news.ecclesia.org.br\\\/?p=2560\",\"url\":\"https:\\\/\\\/news.ecclesia.org.br\\\/?p=2560\",\"name\":\"Enfermeira crist\u00e3 obrigada a deixar enfermaria por carregar um crucifixo | ECCLESIA NEWS\",\"isPartOf\":{\"@id\":\"https:\\\/\\\/news.ecclesia.org.br\\\/#website\"},\"primaryImageOfPage\":{\"@id\":\"https:\\\/\\\/news.ecclesia.org.br\\\/?p=2560#primaryimage\"},\"image\":{\"@id\":\"https:\\\/\\\/news.ecclesia.org.br\\\/?p=2560#primaryimage\"},\"thumbnailUrl\":\"https:\\\/\\\/news.ecclesia.org.br\\\/wp-content\\\/uploads\\\/2009\\\/09\\\/Shirley-Chaplin-300x188.jpg\",\"datePublished\":\"2009-09-25T00:13:49+00:00\",\"dateModified\":\"2021-07-22T18:07:09+00:00\",\"breadcrumb\":{\"@id\":\"https:\\\/\\\/news.ecclesia.org.br\\\/?p=2560#breadcrumb\"},\"inLanguage\":\"pt-BR\",\"potentialAction\":[{\"@type\":\"ReadAction\",\"target\":[\"https:\\\/\\\/news.ecclesia.org.br\\\/?p=2560\"]}]},{\"@type\":\"ImageObject\",\"inLanguage\":\"pt-BR\",\"@id\":\"https:\\\/\\\/news.ecclesia.org.br\\\/?p=2560#primaryimage\",\"url\":\"https:\\\/\\\/news.ecclesia.org.br\\\/wp-content\\\/uploads\\\/2009\\\/09\\\/Shirley-Chaplin.jpg\",\"contentUrl\":\"https:\\\/\\\/news.ecclesia.org.br\\\/wp-content\\\/uploads\\\/2009\\\/09\\\/Shirley-Chaplin.jpg\",\"width\":460,\"height\":288},{\"@type\":\"BreadcrumbList\",\"@id\":\"https:\\\/\\\/news.ecclesia.org.br\\\/?p=2560#breadcrumb\",\"itemListElement\":[{\"@type\":\"ListItem\",\"position\":1,\"name\":\"In\u00edcio\",\"item\":\"https:\\\/\\\/news.ecclesia.org.br\\\/\"},{\"@type\":\"ListItem\",\"position\":2,\"name\":\"Enfermeira crist\u00e3 obrigada a deixar enfermaria por carregar um crucifixo\"}]},{\"@type\":\"WebSite\",\"@id\":\"https:\\\/\\\/news.ecclesia.org.br\\\/#website\",\"url\":\"https:\\\/\\\/news.ecclesia.org.br\\\/\",\"name\":\"Ecclesia Brasil\",\"description\":\"Desde 2003 onectando o Brasil ao mundo ortodoxo!\",\"publisher\":{\"@id\":\"https:\\\/\\\/news.ecclesia.org.br\\\/#organization\"},\"alternateName\":\"Ecclesia\",\"potentialAction\":[{\"@type\":\"SearchAction\",\"target\":{\"@type\":\"EntryPoint\",\"urlTemplate\":\"https:\\\/\\\/news.ecclesia.org.br\\\/?s={search_term_string}\"},\"query-input\":{\"@type\":\"PropertyValueSpecification\",\"valueRequired\":true,\"valueName\":\"search_term_string\"}}],\"inLanguage\":\"pt-BR\"},{\"@type\":\"Organization\",\"@id\":\"https:\\\/\\\/news.ecclesia.org.br\\\/#organization\",\"name\":\"Sacra Arquidiocese de Buenos Aires e Am\u00e9rica do Sul | Patriarcado Ecum\u00eanico\",\"alternateName\":\"News Ecclesia Brasil\",\"url\":\"https:\\\/\\\/news.ecclesia.org.br\\\/\",\"logo\":{\"@type\":\"ImageObject\",\"inLanguage\":\"pt-BR\",\"@id\":\"https:\\\/\\\/news.ecclesia.org.br\\\/#\\\/schema\\\/logo\\\/image\\\/\",\"url\":\"https:\\\/\\\/news.ecclesia.org.br\\\/wp-content\\\/uploads\\\/2025\\\/05\\\/ecclesia2.png\",\"contentUrl\":\"https:\\\/\\\/news.ecclesia.org.br\\\/wp-content\\\/uploads\\\/2025\\\/05\\\/ecclesia2.png\",\"width\":480,\"height\":120,\"caption\":\"Sacra Arquidiocese de Buenos Aires e Am\u00e9rica do Sul | Patriarcado Ecum\u00eanico\"},\"image\":{\"@id\":\"https:\\\/\\\/news.ecclesia.org.br\\\/#\\\/schema\\\/logo\\\/image\\\/\"},\"sameAs\":[\"https:\\\/\\\/www.facebook.com\\\/Ecclesia2025\",\"https:\\\/\\\/x.com\\\/EcclesiaNews\",\"https:\\\/\\\/br.pinterest.com\\\/ekklisia\\\/\",\"https:\\\/\\\/www.youtube.com\\\/@EcclesiaBrasil\"]},{\"@type\":\"Person\",\"@id\":\"https:\\\/\\\/news.ecclesia.org.br\\\/#\\\/schema\\\/person\\\/6f09597f025829745ba414a569f63758\",\"name\":\"Pe. Andr\u00e9\",\"image\":{\"@type\":\"ImageObject\",\"inLanguage\":\"pt-BR\",\"@id\":\"https:\\\/\\\/secure.gravatar.com\\\/avatar\\\/b4327cfa27e9799da239a26adcd534fc29cdc0c4a4a148eecbcfeb9b42c617ac?s=96&d=mm&r=g\",\"url\":\"https:\\\/\\\/secure.gravatar.com\\\/avatar\\\/b4327cfa27e9799da239a26adcd534fc29cdc0c4a4a148eecbcfeb9b42c617ac?s=96&d=mm&r=g\",\"contentUrl\":\"https:\\\/\\\/secure.gravatar.com\\\/avatar\\\/b4327cfa27e9799da239a26adcd534fc29cdc0c4a4a148eecbcfeb9b42c617ac?s=96&d=mm&r=g\",\"caption\":\"Pe. Andr\u00e9\"},\"sameAs\":[\"https:\\\/\\\/www.ecclesia.org.br\"]}]}<\/script>\n<!-- \/ Yoast SEO plugin. -->","yoast_head_json":{"title":"Enfermeira crist\u00e3 obrigada a deixar enfermaria por carregar um crucifixo | ECCLESIA NEWS","robots":{"index":"index","follow":"follow","max-snippet":"max-snippet:-1","max-image-preview":"max-image-preview:large","max-video-preview":"max-video-preview:-1"},"canonical":"https:\/\/news.ecclesia.org.br\/?p=2560","og_locale":"pt_BR","og_type":"article","og_title":"Enfermeira crist\u00e3 obrigada a deixar enfermaria por carregar um crucifixo | ECCLESIA NEWS","og_description":"Por Nieves San Mart\u00edn LONDRES, quinta-feira, 24 de setembro de 2009 (ZENIT.org).- Uma enfermeira crist\u00e3 do Reino Unido foi objeto de uma a\u00e7\u00e3o disciplinar por carregar um pingente com uma cruz. Shirley Chaplin, de 54 anos, empreender\u00e1 uma a\u00e7\u00e3o no&#8230;","og_url":"https:\/\/news.ecclesia.org.br\/?p=2560","og_site_name":"ECCLESIA NEWS","article_publisher":"https:\/\/www.facebook.com\/Ecclesia2025","article_published_time":"2009-09-25T00:13:49+00:00","article_modified_time":"2021-07-22T18:07:09+00:00","og_image":[{"url":"https:\/\/news.ecclesia.org.br\/wp-content\/uploads\/2009\/09\/Shirley-Chaplin-300x188.jpg","type":"","width":"","height":""}],"author":"Pe. Andr\u00e9","twitter_card":"summary_large_image","twitter_creator":"@EcclesiaNews","twitter_site":"@EcclesiaNews","twitter_misc":{"Escrito por":"Pe. Andr\u00e9","Est. tempo de leitura":"2 minutos"},"schema":{"@context":"https:\/\/schema.org","@graph":[{"@type":"Article","@id":"https:\/\/news.ecclesia.org.br\/?p=2560#article","isPartOf":{"@id":"https:\/\/news.ecclesia.org.br\/?p=2560"},"author":{"name":"Pe. Andr\u00e9","@id":"https:\/\/news.ecclesia.org.br\/#\/schema\/person\/6f09597f025829745ba414a569f63758"},"headline":"Enfermeira crist\u00e3 obrigada a deixar enfermaria por carregar um crucifixo","datePublished":"2009-09-25T00:13:49+00:00","dateModified":"2021-07-22T18:07:09+00:00","mainEntityOfPage":{"@id":"https:\/\/news.ecclesia.org.br\/?p=2560"},"wordCount":459,"commentCount":0,"publisher":{"@id":"https:\/\/news.ecclesia.org.br\/#organization"},"image":{"@id":"https:\/\/news.ecclesia.org.br\/?p=2560#primaryimage"},"thumbnailUrl":"https:\/\/news.ecclesia.org.br\/wp-content\/uploads\/2009\/09\/Shirley-Chaplin-300x188.jpg","articleSection":["NEWS"],"inLanguage":"pt-BR","potentialAction":[{"@type":"CommentAction","name":"Comment","target":["https:\/\/news.ecclesia.org.br\/?p=2560#respond"]}]},{"@type":"WebPage","@id":"https:\/\/news.ecclesia.org.br\/?p=2560","url":"https:\/\/news.ecclesia.org.br\/?p=2560","name":"Enfermeira crist\u00e3 obrigada a deixar enfermaria por carregar um crucifixo | ECCLESIA NEWS","isPartOf":{"@id":"https:\/\/news.ecclesia.org.br\/#website"},"primaryImageOfPage":{"@id":"https:\/\/news.ecclesia.org.br\/?p=2560#primaryimage"},"image":{"@id":"https:\/\/news.ecclesia.org.br\/?p=2560#primaryimage"},"thumbnailUrl":"https:\/\/news.ecclesia.org.br\/wp-content\/uploads\/2009\/09\/Shirley-Chaplin-300x188.jpg","datePublished":"2009-09-25T00:13:49+00:00","dateModified":"2021-07-22T18:07:09+00:00","breadcrumb":{"@id":"https:\/\/news.ecclesia.org.br\/?p=2560#breadcrumb"},"inLanguage":"pt-BR","potentialAction":[{"@type":"ReadAction","target":["https:\/\/news.ecclesia.org.br\/?p=2560"]}]},{"@type":"ImageObject","inLanguage":"pt-BR","@id":"https:\/\/news.ecclesia.org.br\/?p=2560#primaryimage","url":"https:\/\/news.ecclesia.org.br\/wp-content\/uploads\/2009\/09\/Shirley-Chaplin.jpg","contentUrl":"https:\/\/news.ecclesia.org.br\/wp-content\/uploads\/2009\/09\/Shirley-Chaplin.jpg","width":460,"height":288},{"@type":"BreadcrumbList","@id":"https:\/\/news.ecclesia.org.br\/?p=2560#breadcrumb","itemListElement":[{"@type":"ListItem","position":1,"name":"In\u00edcio","item":"https:\/\/news.ecclesia.org.br\/"},{"@type":"ListItem","position":2,"name":"Enfermeira crist\u00e3 obrigada a deixar enfermaria por carregar um crucifixo"}]},{"@type":"WebSite","@id":"https:\/\/news.ecclesia.org.br\/#website","url":"https:\/\/news.ecclesia.org.br\/","name":"Ecclesia Brasil","description":"Desde 2003 onectando o Brasil ao mundo ortodoxo!","publisher":{"@id":"https:\/\/news.ecclesia.org.br\/#organization"},"alternateName":"Ecclesia","potentialAction":[{"@type":"SearchAction","target":{"@type":"EntryPoint","urlTemplate":"https:\/\/news.ecclesia.org.br\/?s={search_term_string}"},"query-input":{"@type":"PropertyValueSpecification","valueRequired":true,"valueName":"search_term_string"}}],"inLanguage":"pt-BR"},{"@type":"Organization","@id":"https:\/\/news.ecclesia.org.br\/#organization","name":"Sacra Arquidiocese de Buenos Aires e Am\u00e9rica do Sul | Patriarcado Ecum\u00eanico","alternateName":"News Ecclesia Brasil","url":"https:\/\/news.ecclesia.org.br\/","logo":{"@type":"ImageObject","inLanguage":"pt-BR","@id":"https:\/\/news.ecclesia.org.br\/#\/schema\/logo\/image\/","url":"https:\/\/news.ecclesia.org.br\/wp-content\/uploads\/2025\/05\/ecclesia2.png","contentUrl":"https:\/\/news.ecclesia.org.br\/wp-content\/uploads\/2025\/05\/ecclesia2.png","width":480,"height":120,"caption":"Sacra Arquidiocese de Buenos Aires e Am\u00e9rica do Sul | Patriarcado Ecum\u00eanico"},"image":{"@id":"https:\/\/news.ecclesia.org.br\/#\/schema\/logo\/image\/"},"sameAs":["https:\/\/www.facebook.com\/Ecclesia2025","https:\/\/x.com\/EcclesiaNews","https:\/\/br.pinterest.com\/ekklisia\/","https:\/\/www.youtube.com\/@EcclesiaBrasil"]},{"@type":"Person","@id":"https:\/\/news.ecclesia.org.br\/#\/schema\/person\/6f09597f025829745ba414a569f63758","name":"Pe. Andr\u00e9","image":{"@type":"ImageObject","inLanguage":"pt-BR","@id":"https:\/\/secure.gravatar.com\/avatar\/b4327cfa27e9799da239a26adcd534fc29cdc0c4a4a148eecbcfeb9b42c617ac?s=96&d=mm&r=g","url":"https:\/\/secure.gravatar.com\/avatar\/b4327cfa27e9799da239a26adcd534fc29cdc0c4a4a148eecbcfeb9b42c617ac?s=96&d=mm&r=g","contentUrl":"https:\/\/secure.gravatar.com\/avatar\/b4327cfa27e9799da239a26adcd534fc29cdc0c4a4a148eecbcfeb9b42c617ac?s=96&d=mm&r=g","caption":"Pe. Andr\u00e9"},"sameAs":["https:\/\/www.ecclesia.org.br"]}]}},"_links":{"self":[{"href":"https:\/\/news.ecclesia.org.br\/index.php?rest_route=\/wp\/v2\/posts\/2560","targetHints":{"allow":["GET"]}}],"collection":[{"href":"https:\/\/news.ecclesia.org.br\/index.php?rest_route=\/wp\/v2\/posts"}],"about":[{"href":"https:\/\/news.ecclesia.org.br\/index.php?rest_route=\/wp\/v2\/types\/post"}],"author":[{"embeddable":true,"href":"https:\/\/news.ecclesia.org.br\/index.php?rest_route=\/wp\/v2\/users\/1"}],"replies":[{"embeddable":true,"href":"https:\/\/news.ecclesia.org.br\/index.php?rest_route=%2Fwp%2Fv2%2Fcomments&post=2560"}],"version-history":[{"count":1,"href":"https:\/\/news.ecclesia.org.br\/index.php?rest_route=\/wp\/v2\/posts\/2560\/revisions"}],"predecessor-version":[{"id":38273,"href":"https:\/\/news.ecclesia.org.br\/index.php?rest_route=\/wp\/v2\/posts\/2560\/revisions\/38273"}],"wp:attachment":[{"href":"https:\/\/news.ecclesia.org.br\/index.php?rest_route=%2Fwp%2Fv2%2Fmedia&parent=2560"}],"wp:term":[{"taxonomy":"category","embeddable":true,"href":"https:\/\/news.ecclesia.org.br\/index.php?rest_route=%2Fwp%2Fv2%2Fcategories&post=2560"},{"taxonomy":"post_tag","embeddable":true,"href":"https:\/\/news.ecclesia.org.br\/index.php?rest_route=%2Fwp%2Fv2%2Ftags&post=2560"}],"curies":[{"name":"wp","href":"https:\/\/api.w.org\/{rel}","templated":true}]}}