{"id":25590,"date":"2018-07-23T15:58:36","date_gmt":"2018-07-23T15:58:36","guid":{"rendered":"https:\/\/news.ecclesia.org.br\/?p=25590"},"modified":"2020-05-31T18:04:01","modified_gmt":"2020-05-31T18:04:01","slug":"buenos-aires-oficina-de-musica-bizantina","status":"publish","type":"post","link":"https:\/\/news.ecclesia.org.br\/?p=25590","title":{"rendered":"Sacra Arquidiocese Ortodoxa Grega promove: Oficinas de M\u00fasica Bizantina em Buenos Aires"},"content":{"rendered":"<p style=\"text-align: justify;\"><a href=\"https:\/\/news.ecclesia.org.br\/wp-content\/uploads\/2018\/07\/unnamed.jpg\"><img fetchpriority=\"high\" decoding=\"async\" class=\"alignleft size-medium wp-image-25592\" src=\"https:\/\/news.ecclesia.org.br\/wp-content\/uploads\/2018\/07\/unnamed-200x300.jpg\" alt=\"\" width=\"200\" height=\"300\" srcset=\"https:\/\/news.ecclesia.org.br\/wp-content\/uploads\/2018\/07\/unnamed-200x300.jpg 200w, https:\/\/news.ecclesia.org.br\/wp-content\/uploads\/2018\/07\/unnamed-37x55.jpg 37w, https:\/\/news.ecclesia.org.br\/wp-content\/uploads\/2018\/07\/unnamed.jpg 512w\" sizes=\"(max-width: 200px) 100vw, 200px\" \/><\/a><strong>Arquidiocese Ortodoxa Grega de Buenos Aires e Am\u00e9rica do Sul &#8211; Patriarcado Ecum\u00eanico, CONVIDA:<\/strong><\/p>\n<p style=\"text-align: justify;\">Durante o pr\u00f3ximo m\u00eas de agosto 2018, em Buenos Aires, ser\u00e3o realizadas\u00a0Oficinas de M\u00fasica Bizantina, tradicional e Popular. O objetivo do evento \u00e9 fomentar a forma\u00e7\u00e3o de novos cantores e a cria\u00e7\u00e3o de coros bizantinos que participar\u00e3o nos anal\u00f3gios dos Sacros templos de nossa Arquidiocese, preservando assim nossa tradi\u00e7\u00e3o e patrim\u00f4nio musical bizantino e grego. Ser\u00e1 uma rara oportunidade aos que desejam aprofundar o seu conhecimento musical, com aspira\u00e7\u00e3o de se juntar aos coros dos templos de nossa Sacra Arquidiocese em toda a Am\u00e9rica do Sul.\u00a0 Solicita-se participa\u00e7\u00e3o ativa dos interessados, uma vez tratar-se de evento \u00fanico e extraordin\u00e1rio que compreende teoria e pr\u00e1tica da m\u00fasica bizantina, com desenvolvimento de din\u00e2micas necess\u00e1rias \u00e0 forma\u00e7\u00e3o de novos cantores.\u00a0As oficinas ser\u00e3o conduzidas pelo professor em musicologia bizantina <strong>Sr. Dimitrios Manousis<\/strong>, de Sal\u00f4nica, Gr\u00e9cia,\u00a0que vir\u00e1 especialmente para nos transmitir a sua vasta experi\u00eancia neste tema.<\/p>\n<p style=\"text-align: justify;\">As oficinas acontecer\u00e3o no Instituto Aten\u00e1goras, Lerma, 242, Buenos Aires, Argentina.<\/p>\n<p style=\"text-align: justify;\">Os interessados dever\u00e3o inscrever-se enviando seus dados pessoais, nome e sobrenome, um documento de identifica\u00e7\u00e3o, endere\u00e7o eletr\u00f4nico e telefone para o e-mail da Secretaria: <a href=\"mailto:secretaria@ortodoxia.org\" target=\"_blank\" rel=\"noopener noreferrer\">secretaria@ortodoxia.org<\/a>. Ou por telefone (54 11) 4508-5403.<\/p>\n<p style=\"text-align: justify;\">As inscri\u00e7\u00f5es s\u00e3o livres e gratuitas.<\/p>\n<p style=\"text-align: justify;\">Vale lembrar a todos os que j\u00e1 se perguntaram:\u00a0\u00a0\u2014 como posso ajudar a Igreja? que est\u00e3o agora diante desta grande oportunidade de faze-lo!<\/p>\n<p style=\"text-align: right;\">A Secretaria do Arcebispado<\/p>\n","protected":false},"excerpt":{"rendered":"<p>Arquidiocese Ortodoxa Grega de Buenos Aires e Am\u00e9rica do Sul &#8211; Patriarcado Ecum\u00eanico, CONVIDA: Durante o pr\u00f3ximo m\u00eas de agosto 2018, em Buenos Aires, ser\u00e3o realizadas\u00a0Oficinas de M\u00fasica Bizantina, tradicional e Popular. O objetivo do evento \u00e9 fomentar a forma\u00e7\u00e3o&#8230;<\/p>\n","protected":false},"author":1,"featured_media":25594,"comment_status":"open","ping_status":"open","sticky":false,"template":"","format":"standard","meta":{"_acf_changed":false,"footnotes":""},"categories":[40,1],"tags":[],"class_list":["post-25590","post","type-post","status-publish","format-standard","has-post-thumbnail","hentry","category-arquidiocese-de-buenos-aires-e-america-do-sul","category-news","entry","rows-excerpt"],"acf":[],"yoast_head":"<!-- This site is optimized with the Yoast SEO plugin v27.5 - https:\/\/yoast.com\/product\/yoast-seo-wordpress\/ -->\n<title>Sacra Arquidiocese Ortodoxa Grega promove: Oficinas de M\u00fasica Bizantina em Buenos Aires | ECCLESIA NEWS<\/title>\n<meta name=\"robots\" content=\"index, follow, max-snippet:-1, max-image-preview:large, max-video-preview:-1\" \/>\n<link rel=\"canonical\" href=\"https:\/\/news.ecclesia.org.br\/?p=25590\" \/>\n<meta property=\"og:locale\" content=\"pt_BR\" \/>\n<meta property=\"og:type\" content=\"article\" \/>\n<meta property=\"og:title\" content=\"Sacra Arquidiocese Ortodoxa Grega promove: Oficinas de M\u00fasica Bizantina em Buenos Aires | ECCLESIA NEWS\" \/>\n<meta property=\"og:description\" content=\"Arquidiocese Ortodoxa Grega de Buenos Aires e Am\u00e9rica do Sul &#8211; Patriarcado Ecum\u00eanico, CONVIDA: Durante o pr\u00f3ximo m\u00eas de agosto 2018, em Buenos Aires, ser\u00e3o realizadas\u00a0Oficinas de M\u00fasica Bizantina, tradicional e Popular. O objetivo do evento \u00e9 fomentar a forma\u00e7\u00e3o&#8230;\" \/>\n<meta property=\"og:url\" content=\"https:\/\/news.ecclesia.org.br\/?p=25590\" \/>\n<meta property=\"og:site_name\" content=\"ECCLESIA NEWS\" \/>\n<meta property=\"article:publisher\" content=\"https:\/\/www.facebook.com\/Ecclesia2025\" \/>\n<meta property=\"article:published_time\" content=\"2018-07-23T15:58:36+00:00\" \/>\n<meta property=\"article:modified_time\" content=\"2020-05-31T18:04:01+00:00\" \/>\n<meta property=\"og:image\" content=\"https:\/\/news.ecclesia.org.br\/wp-content\/uploads\/2018\/07\/Dimitrios-Manousis.jpg\" \/>\n\t<meta property=\"og:image:width\" content=\"440\" \/>\n\t<meta property=\"og:image:height\" content=\"440\" \/>\n\t<meta property=\"og:image:type\" content=\"image\/jpeg\" \/>\n<meta name=\"author\" content=\"Pe. Andr\u00e9\" \/>\n<meta name=\"twitter:card\" content=\"summary_large_image\" \/>\n<meta name=\"twitter:creator\" content=\"@EcclesiaNews\" \/>\n<meta name=\"twitter:site\" content=\"@EcclesiaNews\" \/>\n<meta name=\"twitter:label1\" content=\"Escrito por\" \/>\n\t<meta name=\"twitter:data1\" content=\"Pe. Andr\u00e9\" \/>\n\t<meta name=\"twitter:label2\" content=\"Est. tempo de leitura\" \/>\n\t<meta name=\"twitter:data2\" content=\"1 minuto\" \/>\n<script type=\"application\/ld+json\" class=\"yoast-schema-graph\">{\"@context\":\"https:\\\/\\\/schema.org\",\"@graph\":[{\"@type\":\"Article\",\"@id\":\"https:\\\/\\\/news.ecclesia.org.br\\\/?p=25590#article\",\"isPartOf\":{\"@id\":\"https:\\\/\\\/news.ecclesia.org.br\\\/?p=25590\"},\"author\":{\"name\":\"Pe. Andr\u00e9\",\"@id\":\"https:\\\/\\\/news.ecclesia.org.br\\\/#\\\/schema\\\/person\\\/6f09597f025829745ba414a569f63758\"},\"headline\":\"Sacra Arquidiocese Ortodoxa Grega promove: Oficinas de M\u00fasica Bizantina em Buenos Aires\",\"datePublished\":\"2018-07-23T15:58:36+00:00\",\"dateModified\":\"2020-05-31T18:04:01+00:00\",\"mainEntityOfPage\":{\"@id\":\"https:\\\/\\\/news.ecclesia.org.br\\\/?p=25590\"},\"wordCount\":277,\"commentCount\":0,\"publisher\":{\"@id\":\"https:\\\/\\\/news.ecclesia.org.br\\\/#organization\"},\"image\":{\"@id\":\"https:\\\/\\\/news.ecclesia.org.br\\\/?p=25590#primaryimage\"},\"thumbnailUrl\":\"https:\\\/\\\/news.ecclesia.org.br\\\/wp-content\\\/uploads\\\/2018\\\/07\\\/Dimitrios-Manousis.jpg\",\"articleSection\":[\"Arquidiocese de Buenos Aires e Am\u00e9rica do Sul\",\"NEWS\"],\"inLanguage\":\"pt-BR\",\"potentialAction\":[{\"@type\":\"CommentAction\",\"name\":\"Comment\",\"target\":[\"https:\\\/\\\/news.ecclesia.org.br\\\/?p=25590#respond\"]}]},{\"@type\":\"WebPage\",\"@id\":\"https:\\\/\\\/news.ecclesia.org.br\\\/?p=25590\",\"url\":\"https:\\\/\\\/news.ecclesia.org.br\\\/?p=25590\",\"name\":\"Sacra Arquidiocese Ortodoxa Grega promove: Oficinas de M\u00fasica Bizantina em Buenos Aires | ECCLESIA NEWS\",\"isPartOf\":{\"@id\":\"https:\\\/\\\/news.ecclesia.org.br\\\/#website\"},\"primaryImageOfPage\":{\"@id\":\"https:\\\/\\\/news.ecclesia.org.br\\\/?p=25590#primaryimage\"},\"image\":{\"@id\":\"https:\\\/\\\/news.ecclesia.org.br\\\/?p=25590#primaryimage\"},\"thumbnailUrl\":\"https:\\\/\\\/news.ecclesia.org.br\\\/wp-content\\\/uploads\\\/2018\\\/07\\\/Dimitrios-Manousis.jpg\",\"datePublished\":\"2018-07-23T15:58:36+00:00\",\"dateModified\":\"2020-05-31T18:04:01+00:00\",\"breadcrumb\":{\"@id\":\"https:\\\/\\\/news.ecclesia.org.br\\\/?p=25590#breadcrumb\"},\"inLanguage\":\"pt-BR\",\"potentialAction\":[{\"@type\":\"ReadAction\",\"target\":[\"https:\\\/\\\/news.ecclesia.org.br\\\/?p=25590\"]}]},{\"@type\":\"ImageObject\",\"inLanguage\":\"pt-BR\",\"@id\":\"https:\\\/\\\/news.ecclesia.org.br\\\/?p=25590#primaryimage\",\"url\":\"https:\\\/\\\/news.ecclesia.org.br\\\/wp-content\\\/uploads\\\/2018\\\/07\\\/Dimitrios-Manousis.jpg\",\"contentUrl\":\"https:\\\/\\\/news.ecclesia.org.br\\\/wp-content\\\/uploads\\\/2018\\\/07\\\/Dimitrios-Manousis.jpg\",\"width\":440,\"height\":440},{\"@type\":\"BreadcrumbList\",\"@id\":\"https:\\\/\\\/news.ecclesia.org.br\\\/?p=25590#breadcrumb\",\"itemListElement\":[{\"@type\":\"ListItem\",\"position\":1,\"name\":\"In\u00edcio\",\"item\":\"https:\\\/\\\/news.ecclesia.org.br\\\/\"},{\"@type\":\"ListItem\",\"position\":2,\"name\":\"Sacra Arquidiocese Ortodoxa Grega promove: Oficinas de M\u00fasica Bizantina em Buenos Aires\"}]},{\"@type\":\"WebSite\",\"@id\":\"https:\\\/\\\/news.ecclesia.org.br\\\/#website\",\"url\":\"https:\\\/\\\/news.ecclesia.org.br\\\/\",\"name\":\"Ecclesia Brasil\",\"description\":\"Desde 2003 onectando o Brasil ao mundo ortodoxo!\",\"publisher\":{\"@id\":\"https:\\\/\\\/news.ecclesia.org.br\\\/#organization\"},\"alternateName\":\"Ecclesia\",\"potentialAction\":[{\"@type\":\"SearchAction\",\"target\":{\"@type\":\"EntryPoint\",\"urlTemplate\":\"https:\\\/\\\/news.ecclesia.org.br\\\/?s={search_term_string}\"},\"query-input\":{\"@type\":\"PropertyValueSpecification\",\"valueRequired\":true,\"valueName\":\"search_term_string\"}}],\"inLanguage\":\"pt-BR\"},{\"@type\":\"Organization\",\"@id\":\"https:\\\/\\\/news.ecclesia.org.br\\\/#organization\",\"name\":\"Sacra Arquidiocese de Buenos Aires e Am\u00e9rica do Sul | Patriarcado Ecum\u00eanico\",\"alternateName\":\"News Ecclesia Brasil\",\"url\":\"https:\\\/\\\/news.ecclesia.org.br\\\/\",\"logo\":{\"@type\":\"ImageObject\",\"inLanguage\":\"pt-BR\",\"@id\":\"https:\\\/\\\/news.ecclesia.org.br\\\/#\\\/schema\\\/logo\\\/image\\\/\",\"url\":\"https:\\\/\\\/news.ecclesia.org.br\\\/wp-content\\\/uploads\\\/2025\\\/05\\\/ecclesia2.png\",\"contentUrl\":\"https:\\\/\\\/news.ecclesia.org.br\\\/wp-content\\\/uploads\\\/2025\\\/05\\\/ecclesia2.png\",\"width\":480,\"height\":120,\"caption\":\"Sacra Arquidiocese de Buenos Aires e Am\u00e9rica do Sul | Patriarcado Ecum\u00eanico\"},\"image\":{\"@id\":\"https:\\\/\\\/news.ecclesia.org.br\\\/#\\\/schema\\\/logo\\\/image\\\/\"},\"sameAs\":[\"https:\\\/\\\/www.facebook.com\\\/Ecclesia2025\",\"https:\\\/\\\/x.com\\\/EcclesiaNews\",\"https:\\\/\\\/br.pinterest.com\\\/ekklisia\\\/\",\"https:\\\/\\\/www.youtube.com\\\/@EcclesiaBrasil\"]},{\"@type\":\"Person\",\"@id\":\"https:\\\/\\\/news.ecclesia.org.br\\\/#\\\/schema\\\/person\\\/6f09597f025829745ba414a569f63758\",\"name\":\"Pe. Andr\u00e9\",\"image\":{\"@type\":\"ImageObject\",\"inLanguage\":\"pt-BR\",\"@id\":\"https:\\\/\\\/secure.gravatar.com\\\/avatar\\\/b4327cfa27e9799da239a26adcd534fc29cdc0c4a4a148eecbcfeb9b42c617ac?s=96&d=mm&r=g\",\"url\":\"https:\\\/\\\/secure.gravatar.com\\\/avatar\\\/b4327cfa27e9799da239a26adcd534fc29cdc0c4a4a148eecbcfeb9b42c617ac?s=96&d=mm&r=g\",\"contentUrl\":\"https:\\\/\\\/secure.gravatar.com\\\/avatar\\\/b4327cfa27e9799da239a26adcd534fc29cdc0c4a4a148eecbcfeb9b42c617ac?s=96&d=mm&r=g\",\"caption\":\"Pe. Andr\u00e9\"},\"sameAs\":[\"https:\\\/\\\/www.ecclesia.org.br\"]}]}<\/script>\n<!-- \/ Yoast SEO plugin. -->","yoast_head_json":{"title":"Sacra Arquidiocese Ortodoxa Grega promove: Oficinas de M\u00fasica Bizantina em Buenos Aires | ECCLESIA NEWS","robots":{"index":"index","follow":"follow","max-snippet":"max-snippet:-1","max-image-preview":"max-image-preview:large","max-video-preview":"max-video-preview:-1"},"canonical":"https:\/\/news.ecclesia.org.br\/?p=25590","og_locale":"pt_BR","og_type":"article","og_title":"Sacra Arquidiocese Ortodoxa Grega promove: Oficinas de M\u00fasica Bizantina em Buenos Aires | ECCLESIA NEWS","og_description":"Arquidiocese Ortodoxa Grega de Buenos Aires e Am\u00e9rica do Sul &#8211; Patriarcado Ecum\u00eanico, CONVIDA: Durante o pr\u00f3ximo m\u00eas de agosto 2018, em Buenos Aires, ser\u00e3o realizadas\u00a0Oficinas de M\u00fasica Bizantina, tradicional e Popular. O objetivo do evento \u00e9 fomentar a forma\u00e7\u00e3o&#8230;","og_url":"https:\/\/news.ecclesia.org.br\/?p=25590","og_site_name":"ECCLESIA NEWS","article_publisher":"https:\/\/www.facebook.com\/Ecclesia2025","article_published_time":"2018-07-23T15:58:36+00:00","article_modified_time":"2020-05-31T18:04:01+00:00","og_image":[{"width":440,"height":440,"url":"https:\/\/news.ecclesia.org.br\/wp-content\/uploads\/2018\/07\/Dimitrios-Manousis.jpg","type":"image\/jpeg"}],"author":"Pe. Andr\u00e9","twitter_card":"summary_large_image","twitter_creator":"@EcclesiaNews","twitter_site":"@EcclesiaNews","twitter_misc":{"Escrito por":"Pe. Andr\u00e9","Est. tempo de leitura":"1 minuto"},"schema":{"@context":"https:\/\/schema.org","@graph":[{"@type":"Article","@id":"https:\/\/news.ecclesia.org.br\/?p=25590#article","isPartOf":{"@id":"https:\/\/news.ecclesia.org.br\/?p=25590"},"author":{"name":"Pe. Andr\u00e9","@id":"https:\/\/news.ecclesia.org.br\/#\/schema\/person\/6f09597f025829745ba414a569f63758"},"headline":"Sacra Arquidiocese Ortodoxa Grega promove: Oficinas de M\u00fasica Bizantina em Buenos Aires","datePublished":"2018-07-23T15:58:36+00:00","dateModified":"2020-05-31T18:04:01+00:00","mainEntityOfPage":{"@id":"https:\/\/news.ecclesia.org.br\/?p=25590"},"wordCount":277,"commentCount":0,"publisher":{"@id":"https:\/\/news.ecclesia.org.br\/#organization"},"image":{"@id":"https:\/\/news.ecclesia.org.br\/?p=25590#primaryimage"},"thumbnailUrl":"https:\/\/news.ecclesia.org.br\/wp-content\/uploads\/2018\/07\/Dimitrios-Manousis.jpg","articleSection":["Arquidiocese de Buenos Aires e Am\u00e9rica do Sul","NEWS"],"inLanguage":"pt-BR","potentialAction":[{"@type":"CommentAction","name":"Comment","target":["https:\/\/news.ecclesia.org.br\/?p=25590#respond"]}]},{"@type":"WebPage","@id":"https:\/\/news.ecclesia.org.br\/?p=25590","url":"https:\/\/news.ecclesia.org.br\/?p=25590","name":"Sacra Arquidiocese Ortodoxa Grega promove: Oficinas de M\u00fasica Bizantina em Buenos Aires | ECCLESIA NEWS","isPartOf":{"@id":"https:\/\/news.ecclesia.org.br\/#website"},"primaryImageOfPage":{"@id":"https:\/\/news.ecclesia.org.br\/?p=25590#primaryimage"},"image":{"@id":"https:\/\/news.ecclesia.org.br\/?p=25590#primaryimage"},"thumbnailUrl":"https:\/\/news.ecclesia.org.br\/wp-content\/uploads\/2018\/07\/Dimitrios-Manousis.jpg","datePublished":"2018-07-23T15:58:36+00:00","dateModified":"2020-05-31T18:04:01+00:00","breadcrumb":{"@id":"https:\/\/news.ecclesia.org.br\/?p=25590#breadcrumb"},"inLanguage":"pt-BR","potentialAction":[{"@type":"ReadAction","target":["https:\/\/news.ecclesia.org.br\/?p=25590"]}]},{"@type":"ImageObject","inLanguage":"pt-BR","@id":"https:\/\/news.ecclesia.org.br\/?p=25590#primaryimage","url":"https:\/\/news.ecclesia.org.br\/wp-content\/uploads\/2018\/07\/Dimitrios-Manousis.jpg","contentUrl":"https:\/\/news.ecclesia.org.br\/wp-content\/uploads\/2018\/07\/Dimitrios-Manousis.jpg","width":440,"height":440},{"@type":"BreadcrumbList","@id":"https:\/\/news.ecclesia.org.br\/?p=25590#breadcrumb","itemListElement":[{"@type":"ListItem","position":1,"name":"In\u00edcio","item":"https:\/\/news.ecclesia.org.br\/"},{"@type":"ListItem","position":2,"name":"Sacra Arquidiocese Ortodoxa Grega promove: Oficinas de M\u00fasica Bizantina em Buenos Aires"}]},{"@type":"WebSite","@id":"https:\/\/news.ecclesia.org.br\/#website","url":"https:\/\/news.ecclesia.org.br\/","name":"Ecclesia Brasil","description":"Desde 2003 onectando o Brasil ao mundo ortodoxo!","publisher":{"@id":"https:\/\/news.ecclesia.org.br\/#organization"},"alternateName":"Ecclesia","potentialAction":[{"@type":"SearchAction","target":{"@type":"EntryPoint","urlTemplate":"https:\/\/news.ecclesia.org.br\/?s={search_term_string}"},"query-input":{"@type":"PropertyValueSpecification","valueRequired":true,"valueName":"search_term_string"}}],"inLanguage":"pt-BR"},{"@type":"Organization","@id":"https:\/\/news.ecclesia.org.br\/#organization","name":"Sacra Arquidiocese de Buenos Aires e Am\u00e9rica do Sul | Patriarcado Ecum\u00eanico","alternateName":"News Ecclesia Brasil","url":"https:\/\/news.ecclesia.org.br\/","logo":{"@type":"ImageObject","inLanguage":"pt-BR","@id":"https:\/\/news.ecclesia.org.br\/#\/schema\/logo\/image\/","url":"https:\/\/news.ecclesia.org.br\/wp-content\/uploads\/2025\/05\/ecclesia2.png","contentUrl":"https:\/\/news.ecclesia.org.br\/wp-content\/uploads\/2025\/05\/ecclesia2.png","width":480,"height":120,"caption":"Sacra Arquidiocese de Buenos Aires e Am\u00e9rica do Sul | Patriarcado Ecum\u00eanico"},"image":{"@id":"https:\/\/news.ecclesia.org.br\/#\/schema\/logo\/image\/"},"sameAs":["https:\/\/www.facebook.com\/Ecclesia2025","https:\/\/x.com\/EcclesiaNews","https:\/\/br.pinterest.com\/ekklisia\/","https:\/\/www.youtube.com\/@EcclesiaBrasil"]},{"@type":"Person","@id":"https:\/\/news.ecclesia.org.br\/#\/schema\/person\/6f09597f025829745ba414a569f63758","name":"Pe. Andr\u00e9","image":{"@type":"ImageObject","inLanguage":"pt-BR","@id":"https:\/\/secure.gravatar.com\/avatar\/b4327cfa27e9799da239a26adcd534fc29cdc0c4a4a148eecbcfeb9b42c617ac?s=96&d=mm&r=g","url":"https:\/\/secure.gravatar.com\/avatar\/b4327cfa27e9799da239a26adcd534fc29cdc0c4a4a148eecbcfeb9b42c617ac?s=96&d=mm&r=g","contentUrl":"https:\/\/secure.gravatar.com\/avatar\/b4327cfa27e9799da239a26adcd534fc29cdc0c4a4a148eecbcfeb9b42c617ac?s=96&d=mm&r=g","caption":"Pe. Andr\u00e9"},"sameAs":["https:\/\/www.ecclesia.org.br"]}]}},"_links":{"self":[{"href":"https:\/\/news.ecclesia.org.br\/index.php?rest_route=\/wp\/v2\/posts\/25590","targetHints":{"allow":["GET"]}}],"collection":[{"href":"https:\/\/news.ecclesia.org.br\/index.php?rest_route=\/wp\/v2\/posts"}],"about":[{"href":"https:\/\/news.ecclesia.org.br\/index.php?rest_route=\/wp\/v2\/types\/post"}],"author":[{"embeddable":true,"href":"https:\/\/news.ecclesia.org.br\/index.php?rest_route=\/wp\/v2\/users\/1"}],"replies":[{"embeddable":true,"href":"https:\/\/news.ecclesia.org.br\/index.php?rest_route=%2Fwp%2Fv2%2Fcomments&post=25590"}],"version-history":[{"count":0,"href":"https:\/\/news.ecclesia.org.br\/index.php?rest_route=\/wp\/v2\/posts\/25590\/revisions"}],"wp:featuredmedia":[{"embeddable":true,"href":"https:\/\/news.ecclesia.org.br\/index.php?rest_route=\/wp\/v2\/media\/25594"}],"wp:attachment":[{"href":"https:\/\/news.ecclesia.org.br\/index.php?rest_route=%2Fwp%2Fv2%2Fmedia&parent=25590"}],"wp:term":[{"taxonomy":"category","embeddable":true,"href":"https:\/\/news.ecclesia.org.br\/index.php?rest_route=%2Fwp%2Fv2%2Fcategories&post=25590"},{"taxonomy":"post_tag","embeddable":true,"href":"https:\/\/news.ecclesia.org.br\/index.php?rest_route=%2Fwp%2Fv2%2Ftags&post=25590"}],"curies":[{"name":"wp","href":"https:\/\/api.w.org\/{rel}","templated":true}]}}