{"id":25580,"date":"2018-07-16T11:58:45","date_gmt":"2018-07-16T11:58:45","guid":{"rendered":"https:\/\/news.ecclesia.org.br\/?p=25580"},"modified":"2018-07-16T14:56:57","modified_gmt":"2018-07-16T14:56:57","slug":"membros-do-croceu-sobre-a-convencao-de-istambul-a-santidade-da-instituicao-da-familia-deve-ser-promovida-para-o-futuro-da-europa","status":"publish","type":"post","link":"https:\/\/news.ecclesia.org.br\/?p=25580","title":{"rendered":"Membros do CROCEU sobre a Conven\u00e7\u00e3o de Istambul: a santidade da institui\u00e7\u00e3o da fam\u00edlia deve ser promovida para o futuro da Europa"},"content":{"rendered":"<figure id=\"attachment_25581\" aria-describedby=\"caption-attachment-25581\" style=\"width: 300px\" class=\"wp-caption alignleft\"><a href=\"https:\/\/news.ecclesia.org.br\/wp-content\/uploads\/2018\/07\/croceu.jpg\"><img fetchpriority=\"high\" decoding=\"async\" class=\"size-medium wp-image-25581\" src=\"https:\/\/news.ecclesia.org.br\/wp-content\/uploads\/2018\/07\/croceu-300x225.jpg\" alt=\"\" width=\"300\" height=\"225\" srcset=\"https:\/\/news.ecclesia.org.br\/wp-content\/uploads\/2018\/07\/croceu-300x225.jpg 300w, https:\/\/news.ecclesia.org.br\/wp-content\/uploads\/2018\/07\/croceu-768x576.jpg 768w, https:\/\/news.ecclesia.org.br\/wp-content\/uploads\/2018\/07\/croceu-600x450.jpg 600w, https:\/\/news.ecclesia.org.br\/wp-content\/uploads\/2018\/07\/croceu-73x55.jpg 73w, https:\/\/news.ecclesia.org.br\/wp-content\/uploads\/2018\/07\/croceu.jpg 960w\" sizes=\"(max-width: 300px) 100vw, 300px\" \/><\/a><figcaption id=\"caption-attachment-25581\" class=\"wp-caption-text\">Comit\u00ea de Representantes das Igrejas Ortodoxas na Uni\u00e3o Europ\u00e9ia (CROCEU)<\/figcaption><\/figure>\n<p style=\"text-align: justify;\"><strong>O Comit\u00ea de Representantes das Igrejas Ortodoxas na Uni\u00e3o Europ\u00e9ia (CROCEU) foi estabelecido em 2010. Seu objetivo \u00e9 facilitar a coopera\u00e7\u00e3o entre representantes ortodoxos nas institui\u00e7\u00f5es europeias e criar uma plataforma onde possam expressar as suas preocupa\u00e7\u00f5es e perspectivas sobre o processo em curso de integra\u00e7\u00e3o europeia, de forma coordenada.<\/strong><\/p>\n<p style=\"text-align: justify;\">A Conven\u00e7\u00e3o do Conselho da Europa sobre Preven\u00e7\u00e3o e Combate \u00e0 Viol\u00eancia contra Mulheres e Viol\u00eancia Dom\u00e9stica, conhecida como \u00abConven\u00e7\u00e3o de Istambul\u00bb e assinada por todos os Estados Membros do Conselho da Europa, exceto Azerbaij\u00e3o e R\u00fassia, foi objeto da seguinte declara\u00e7\u00e3o do CROCEU:<\/p>\n<p style=\"text-align: justify;\">Os representantes das Igrejas Ortodoxas na Uni\u00e3o Europ\u00e9ia expressaram sua opini\u00e3o sobre a Conven\u00e7\u00e3o de Istambul sobre a preven\u00e7\u00e3o e o combate \u00e0 viol\u00eancia contra as mulheres e a viol\u00eancia dom\u00e9stica, condenando todos os tipos de viol\u00eancia dom\u00e9stica.<\/p>\n<blockquote>\n<p style=\"text-align: justify;\">O Comit\u00e9 dos Representantes das Igrejas Ortodoxas na Uni\u00e3o Europeia (CROCEU) condena veementemente a viol\u00eancia contra as mulheres e a viol\u00eancia dom\u00e9stica.<\/p>\n<p style=\"text-align: justify;\">A Igreja Ortodoxa v\u00ea homens e mulheres iguais em dignidade diante de Deus e iguais em seus direitos na sociedade. De acordo com o ensinamento da Igreja Ortodoxa, o homem e a mulher devem tratar-se com respeito e honra.<\/p>\n<p style=\"text-align: justify;\">A Igreja Ortodoxa honra as mulheres na pessoa da M\u00e3e de nosso Senhor Jesus Cristo, \u00abque \u00e9 mais vener\u00e1vel que os Querubins e incomparavelmente mais gloriosa que os Serafins\u00bb.<\/p>\n<p style=\"text-align: justify;\">Consciente do fato de que a prote\u00e7\u00e3o das mulheres contra a viol\u00eancia dom\u00e9stica e outras formas de viol\u00eancia precisa de instrumentos legais efetivos e medidas a serem adotadas, o CROCEU sa\u00fada a inten\u00e7\u00e3o das partes signat\u00e1rias da Conven\u00e7\u00e3o de fornecer um documento juridicamente vinculativo para criar um quadro global comum neste dom\u00ednio.<\/p>\n<p style=\"text-align: justify;\">O CROCEU considera que a Conven\u00e7\u00e3o de Istambul entrou em vigor em 01 de agosto de 2014 e foi assinada por quase todos os Estados membros do Conselho da Europa e pela Uni\u00e3o Europeia.<\/p>\n<p style=\"text-align: justify;\">O CROCEU, no entanto, expressa s\u00e9rias preocupa\u00e7\u00f5es sobre a introdu\u00e7\u00e3o no texto da Conven\u00e7\u00e3o de um novo termo legal, a saber, \u00ab<strong>g\u00eanero<\/strong>\u00bb e outros termos relacionados a ele.<\/p>\n<p style=\"text-align: justify;\">Discuss\u00f5es p\u00fablicas em andamento sobre o verdadeiro significado deste termo confirmam a falta da abordagem consensual e un\u00e2nime de sua interpreta\u00e7\u00e3o entre aqueles que deveriam implementar a Conven\u00e7\u00e3o na legisla\u00e7\u00e3o de seus pa\u00edses.<\/p>\n<p style=\"text-align: justify;\">H\u00e1 forte raz\u00e3o para crer que a Conven\u00e7\u00e3o poderia ser usada como primeiro passo para futuras tentativas de legaliza\u00e7\u00e3o das no\u00e7\u00f5es de \u201cg\u00eanero\u201d e \u201cidentidade de g\u00eanero\u201d no contexto, o que contradiz o ensino b\u00edblico sobre homens e mulheres e as rela\u00e7\u00f5es entre eles (\u201cargumento de inclina\u00e7\u00e3o escorregadia\u201d).<\/p>\n<p style=\"text-align: justify;\">O CROCEU convida os pa\u00edses que j\u00e1 assinaram e ratificaram a Conven\u00e7\u00e3o a interpretar suas disposi\u00e7\u00f5es, especialmente o termo \u201cg\u00eanero\u201d e os termos relacionados a ele, dentro do entendimento de \u201cdois sexos\u201d criados por Deus, a saber, masculino e feminino.<\/p>\n<p style=\"text-align: justify;\">Como crist\u00e3os, apoiamos todos os esfor\u00e7os a n\u00edvel nacional e internacional para proteger as mulheres contra a viol\u00eancia. Acreditamos que a legisla\u00e7\u00e3o nesta \u00e1rea tem que ser fornecida com termos legais e com o objetivo de apoiar a fam\u00edlia na qual um homem e uma mulher se amam e se respeitam, construindo rela\u00e7\u00f5es harmoniosas. Lembremo-nos do ensinamento de S\u00e3o Paulo sobre a fam\u00edlia: uma uni\u00e3o santa de um homem e uma mulher criada e aben\u00e7oada por Deus.<\/p>\n<p style=\"text-align: justify;\">Portanto, apelamos aos pa\u00edses europeus para que trabalhem num quadro legal que proteja a fam\u00edlia como um valor social. Como crist\u00e3os ortodoxos, apelamos a todos os que t\u00eam boa vontade para promover a santidade da institui\u00e7\u00e3o familiar e a sua import\u00e2ncia para salvaguardar o futuro da Europa. &#8220;<\/p>\n<\/blockquote>\n<p style=\"text-align: right;\">Fonte: <a href=\"http:\/\/basilica.ro\/\" target=\"_blank\" rel=\"noopener\">Bas\u00edlica.ro<\/a> e <a href=\"https:\/\/orthodoxie.com\/\" target=\"_blank\" rel=\"noopener\">Orthodoxie.com<\/a><\/p>\n<p style=\"text-align: justify;\">\n","protected":false},"excerpt":{"rendered":"<p>O Comit\u00ea de Representantes das Igrejas Ortodoxas na Uni\u00e3o Europ\u00e9ia (CROCEU) foi estabelecido em 2010. Seu objetivo \u00e9 facilitar a coopera\u00e7\u00e3o entre representantes ortodoxos nas institui\u00e7\u00f5es europeias e criar uma plataforma onde possam expressar as suas preocupa\u00e7\u00f5es e perspectivas sobre&#8230;<\/p>\n","protected":false},"author":1,"featured_media":25581,"comment_status":"open","ping_status":"open","sticky":false,"template":"","format":"standard","meta":{"_acf_changed":false,"footnotes":""},"categories":[1],"tags":[],"class_list":["post-25580","post","type-post","status-publish","format-standard","has-post-thumbnail","hentry","category-news","entry","rows-excerpt"],"acf":[],"yoast_head":"<!-- This site is optimized with the Yoast SEO plugin v27.4 - https:\/\/yoast.com\/product\/yoast-seo-wordpress\/ -->\n<title>Membros do CROCEU sobre a Conven\u00e7\u00e3o de Istambul: a santidade da institui\u00e7\u00e3o da fam\u00edlia deve ser promovida para o futuro da Europa | ECCLESIA NEWS<\/title>\n<meta name=\"robots\" content=\"index, follow, max-snippet:-1, max-image-preview:large, max-video-preview:-1\" \/>\n<link rel=\"canonical\" href=\"https:\/\/news.ecclesia.org.br\/?p=25580\" \/>\n<meta property=\"og:locale\" content=\"pt_BR\" \/>\n<meta property=\"og:type\" content=\"article\" \/>\n<meta property=\"og:title\" content=\"Membros do CROCEU sobre a Conven\u00e7\u00e3o de Istambul: a santidade da institui\u00e7\u00e3o da fam\u00edlia deve ser promovida para o futuro da Europa | ECCLESIA NEWS\" \/>\n<meta property=\"og:description\" content=\"O Comit\u00ea de Representantes das Igrejas Ortodoxas na Uni\u00e3o Europ\u00e9ia (CROCEU) foi estabelecido em 2010. Seu objetivo \u00e9 facilitar a coopera\u00e7\u00e3o entre representantes ortodoxos nas institui\u00e7\u00f5es europeias e criar uma plataforma onde possam expressar as suas preocupa\u00e7\u00f5es e perspectivas sobre&#8230;\" \/>\n<meta property=\"og:url\" content=\"https:\/\/news.ecclesia.org.br\/?p=25580\" \/>\n<meta property=\"og:site_name\" content=\"ECCLESIA NEWS\" \/>\n<meta property=\"article:publisher\" content=\"https:\/\/www.facebook.com\/Ecclesia2025\" \/>\n<meta property=\"article:published_time\" content=\"2018-07-16T11:58:45+00:00\" \/>\n<meta property=\"article:modified_time\" content=\"2018-07-16T14:56:57+00:00\" \/>\n<meta property=\"og:image\" content=\"https:\/\/news.ecclesia.org.br\/wp-content\/uploads\/2018\/07\/croceu.jpg\" \/>\n\t<meta property=\"og:image:width\" content=\"960\" \/>\n\t<meta property=\"og:image:height\" content=\"720\" \/>\n\t<meta property=\"og:image:type\" content=\"image\/jpeg\" \/>\n<meta name=\"author\" content=\"Pe. Andr\u00e9\" \/>\n<meta name=\"twitter:card\" content=\"summary_large_image\" \/>\n<meta name=\"twitter:creator\" content=\"@EcclesiaNews\" \/>\n<meta name=\"twitter:site\" content=\"@EcclesiaNews\" \/>\n<meta name=\"twitter:label1\" content=\"Escrito por\" \/>\n\t<meta name=\"twitter:data1\" content=\"Pe. Andr\u00e9\" \/>\n\t<meta name=\"twitter:label2\" content=\"Est. tempo de leitura\" \/>\n\t<meta name=\"twitter:data2\" content=\"3 minutos\" \/>\n<script type=\"application\/ld+json\" class=\"yoast-schema-graph\">{\"@context\":\"https:\\\/\\\/schema.org\",\"@graph\":[{\"@type\":\"Article\",\"@id\":\"https:\\\/\\\/news.ecclesia.org.br\\\/?p=25580#article\",\"isPartOf\":{\"@id\":\"https:\\\/\\\/news.ecclesia.org.br\\\/?p=25580\"},\"author\":{\"name\":\"Pe. Andr\u00e9\",\"@id\":\"https:\\\/\\\/news.ecclesia.org.br\\\/#\\\/schema\\\/person\\\/6f09597f025829745ba414a569f63758\"},\"headline\":\"Membros do CROCEU sobre a Conven\u00e7\u00e3o de Istambul: a santidade da institui\u00e7\u00e3o da fam\u00edlia deve ser promovida para o futuro da Europa\",\"datePublished\":\"2018-07-16T11:58:45+00:00\",\"dateModified\":\"2018-07-16T14:56:57+00:00\",\"mainEntityOfPage\":{\"@id\":\"https:\\\/\\\/news.ecclesia.org.br\\\/?p=25580\"},\"wordCount\":709,\"commentCount\":0,\"publisher\":{\"@id\":\"https:\\\/\\\/news.ecclesia.org.br\\\/#organization\"},\"image\":{\"@id\":\"https:\\\/\\\/news.ecclesia.org.br\\\/?p=25580#primaryimage\"},\"thumbnailUrl\":\"https:\\\/\\\/news.ecclesia.org.br\\\/wp-content\\\/uploads\\\/2018\\\/07\\\/croceu.jpg\",\"articleSection\":[\"NEWS\"],\"inLanguage\":\"pt-BR\",\"potentialAction\":[{\"@type\":\"CommentAction\",\"name\":\"Comment\",\"target\":[\"https:\\\/\\\/news.ecclesia.org.br\\\/?p=25580#respond\"]}]},{\"@type\":\"WebPage\",\"@id\":\"https:\\\/\\\/news.ecclesia.org.br\\\/?p=25580\",\"url\":\"https:\\\/\\\/news.ecclesia.org.br\\\/?p=25580\",\"name\":\"Membros do CROCEU sobre a Conven\u00e7\u00e3o de Istambul: a santidade da institui\u00e7\u00e3o da fam\u00edlia deve ser promovida para o futuro da Europa | ECCLESIA NEWS\",\"isPartOf\":{\"@id\":\"https:\\\/\\\/news.ecclesia.org.br\\\/#website\"},\"primaryImageOfPage\":{\"@id\":\"https:\\\/\\\/news.ecclesia.org.br\\\/?p=25580#primaryimage\"},\"image\":{\"@id\":\"https:\\\/\\\/news.ecclesia.org.br\\\/?p=25580#primaryimage\"},\"thumbnailUrl\":\"https:\\\/\\\/news.ecclesia.org.br\\\/wp-content\\\/uploads\\\/2018\\\/07\\\/croceu.jpg\",\"datePublished\":\"2018-07-16T11:58:45+00:00\",\"dateModified\":\"2018-07-16T14:56:57+00:00\",\"breadcrumb\":{\"@id\":\"https:\\\/\\\/news.ecclesia.org.br\\\/?p=25580#breadcrumb\"},\"inLanguage\":\"pt-BR\",\"potentialAction\":[{\"@type\":\"ReadAction\",\"target\":[\"https:\\\/\\\/news.ecclesia.org.br\\\/?p=25580\"]}]},{\"@type\":\"ImageObject\",\"inLanguage\":\"pt-BR\",\"@id\":\"https:\\\/\\\/news.ecclesia.org.br\\\/?p=25580#primaryimage\",\"url\":\"https:\\\/\\\/news.ecclesia.org.br\\\/wp-content\\\/uploads\\\/2018\\\/07\\\/croceu.jpg\",\"contentUrl\":\"https:\\\/\\\/news.ecclesia.org.br\\\/wp-content\\\/uploads\\\/2018\\\/07\\\/croceu.jpg\",\"width\":960,\"height\":720,\"caption\":\"Comit\u00ea de Representantes das Igrejas Ortodoxas na Uni\u00e3o Europ\u00e9ia (CROCEU)\"},{\"@type\":\"BreadcrumbList\",\"@id\":\"https:\\\/\\\/news.ecclesia.org.br\\\/?p=25580#breadcrumb\",\"itemListElement\":[{\"@type\":\"ListItem\",\"position\":1,\"name\":\"In\u00edcio\",\"item\":\"https:\\\/\\\/news.ecclesia.org.br\\\/\"},{\"@type\":\"ListItem\",\"position\":2,\"name\":\"Membros do CROCEU sobre a Conven\u00e7\u00e3o de Istambul: a santidade da institui\u00e7\u00e3o da fam\u00edlia deve ser promovida para o futuro da Europa\"}]},{\"@type\":\"WebSite\",\"@id\":\"https:\\\/\\\/news.ecclesia.org.br\\\/#website\",\"url\":\"https:\\\/\\\/news.ecclesia.org.br\\\/\",\"name\":\"Ecclesia Brasil\",\"description\":\"Desde 2003 onectando o Brasil ao mundo ortodoxo!\",\"publisher\":{\"@id\":\"https:\\\/\\\/news.ecclesia.org.br\\\/#organization\"},\"alternateName\":\"Ecclesia\",\"potentialAction\":[{\"@type\":\"SearchAction\",\"target\":{\"@type\":\"EntryPoint\",\"urlTemplate\":\"https:\\\/\\\/news.ecclesia.org.br\\\/?s={search_term_string}\"},\"query-input\":{\"@type\":\"PropertyValueSpecification\",\"valueRequired\":true,\"valueName\":\"search_term_string\"}}],\"inLanguage\":\"pt-BR\"},{\"@type\":\"Organization\",\"@id\":\"https:\\\/\\\/news.ecclesia.org.br\\\/#organization\",\"name\":\"Sacra Arquidiocese de Buenos Aires e Am\u00e9rica do Sul | Patriarcado Ecum\u00eanico\",\"alternateName\":\"News Ecclesia Brasil\",\"url\":\"https:\\\/\\\/news.ecclesia.org.br\\\/\",\"logo\":{\"@type\":\"ImageObject\",\"inLanguage\":\"pt-BR\",\"@id\":\"https:\\\/\\\/news.ecclesia.org.br\\\/#\\\/schema\\\/logo\\\/image\\\/\",\"url\":\"https:\\\/\\\/news.ecclesia.org.br\\\/wp-content\\\/uploads\\\/2025\\\/05\\\/ecclesia2.png\",\"contentUrl\":\"https:\\\/\\\/news.ecclesia.org.br\\\/wp-content\\\/uploads\\\/2025\\\/05\\\/ecclesia2.png\",\"width\":480,\"height\":120,\"caption\":\"Sacra Arquidiocese de Buenos Aires e Am\u00e9rica do Sul | Patriarcado Ecum\u00eanico\"},\"image\":{\"@id\":\"https:\\\/\\\/news.ecclesia.org.br\\\/#\\\/schema\\\/logo\\\/image\\\/\"},\"sameAs\":[\"https:\\\/\\\/www.facebook.com\\\/Ecclesia2025\",\"https:\\\/\\\/x.com\\\/EcclesiaNews\",\"https:\\\/\\\/br.pinterest.com\\\/ekklisia\\\/\",\"https:\\\/\\\/www.youtube.com\\\/@EcclesiaBrasil\"]},{\"@type\":\"Person\",\"@id\":\"https:\\\/\\\/news.ecclesia.org.br\\\/#\\\/schema\\\/person\\\/6f09597f025829745ba414a569f63758\",\"name\":\"Pe. Andr\u00e9\",\"image\":{\"@type\":\"ImageObject\",\"inLanguage\":\"pt-BR\",\"@id\":\"https:\\\/\\\/secure.gravatar.com\\\/avatar\\\/b4327cfa27e9799da239a26adcd534fc29cdc0c4a4a148eecbcfeb9b42c617ac?s=96&d=mm&r=g\",\"url\":\"https:\\\/\\\/secure.gravatar.com\\\/avatar\\\/b4327cfa27e9799da239a26adcd534fc29cdc0c4a4a148eecbcfeb9b42c617ac?s=96&d=mm&r=g\",\"contentUrl\":\"https:\\\/\\\/secure.gravatar.com\\\/avatar\\\/b4327cfa27e9799da239a26adcd534fc29cdc0c4a4a148eecbcfeb9b42c617ac?s=96&d=mm&r=g\",\"caption\":\"Pe. Andr\u00e9\"},\"sameAs\":[\"https:\\\/\\\/www.ecclesia.org.br\"]}]}<\/script>\n<!-- \/ Yoast SEO plugin. -->","yoast_head_json":{"title":"Membros do CROCEU sobre a Conven\u00e7\u00e3o de Istambul: a santidade da institui\u00e7\u00e3o da fam\u00edlia deve ser promovida para o futuro da Europa | ECCLESIA NEWS","robots":{"index":"index","follow":"follow","max-snippet":"max-snippet:-1","max-image-preview":"max-image-preview:large","max-video-preview":"max-video-preview:-1"},"canonical":"https:\/\/news.ecclesia.org.br\/?p=25580","og_locale":"pt_BR","og_type":"article","og_title":"Membros do CROCEU sobre a Conven\u00e7\u00e3o de Istambul: a santidade da institui\u00e7\u00e3o da fam\u00edlia deve ser promovida para o futuro da Europa | ECCLESIA NEWS","og_description":"O Comit\u00ea de Representantes das Igrejas Ortodoxas na Uni\u00e3o Europ\u00e9ia (CROCEU) foi estabelecido em 2010. Seu objetivo \u00e9 facilitar a coopera\u00e7\u00e3o entre representantes ortodoxos nas institui\u00e7\u00f5es europeias e criar uma plataforma onde possam expressar as suas preocupa\u00e7\u00f5es e perspectivas sobre&#8230;","og_url":"https:\/\/news.ecclesia.org.br\/?p=25580","og_site_name":"ECCLESIA NEWS","article_publisher":"https:\/\/www.facebook.com\/Ecclesia2025","article_published_time":"2018-07-16T11:58:45+00:00","article_modified_time":"2018-07-16T14:56:57+00:00","og_image":[{"width":960,"height":720,"url":"https:\/\/news.ecclesia.org.br\/wp-content\/uploads\/2018\/07\/croceu.jpg","type":"image\/jpeg"}],"author":"Pe. Andr\u00e9","twitter_card":"summary_large_image","twitter_creator":"@EcclesiaNews","twitter_site":"@EcclesiaNews","twitter_misc":{"Escrito por":"Pe. Andr\u00e9","Est. tempo de leitura":"3 minutos"},"schema":{"@context":"https:\/\/schema.org","@graph":[{"@type":"Article","@id":"https:\/\/news.ecclesia.org.br\/?p=25580#article","isPartOf":{"@id":"https:\/\/news.ecclesia.org.br\/?p=25580"},"author":{"name":"Pe. Andr\u00e9","@id":"https:\/\/news.ecclesia.org.br\/#\/schema\/person\/6f09597f025829745ba414a569f63758"},"headline":"Membros do CROCEU sobre a Conven\u00e7\u00e3o de Istambul: a santidade da institui\u00e7\u00e3o da fam\u00edlia deve ser promovida para o futuro da Europa","datePublished":"2018-07-16T11:58:45+00:00","dateModified":"2018-07-16T14:56:57+00:00","mainEntityOfPage":{"@id":"https:\/\/news.ecclesia.org.br\/?p=25580"},"wordCount":709,"commentCount":0,"publisher":{"@id":"https:\/\/news.ecclesia.org.br\/#organization"},"image":{"@id":"https:\/\/news.ecclesia.org.br\/?p=25580#primaryimage"},"thumbnailUrl":"https:\/\/news.ecclesia.org.br\/wp-content\/uploads\/2018\/07\/croceu.jpg","articleSection":["NEWS"],"inLanguage":"pt-BR","potentialAction":[{"@type":"CommentAction","name":"Comment","target":["https:\/\/news.ecclesia.org.br\/?p=25580#respond"]}]},{"@type":"WebPage","@id":"https:\/\/news.ecclesia.org.br\/?p=25580","url":"https:\/\/news.ecclesia.org.br\/?p=25580","name":"Membros do CROCEU sobre a Conven\u00e7\u00e3o de Istambul: a santidade da institui\u00e7\u00e3o da fam\u00edlia deve ser promovida para o futuro da Europa | ECCLESIA NEWS","isPartOf":{"@id":"https:\/\/news.ecclesia.org.br\/#website"},"primaryImageOfPage":{"@id":"https:\/\/news.ecclesia.org.br\/?p=25580#primaryimage"},"image":{"@id":"https:\/\/news.ecclesia.org.br\/?p=25580#primaryimage"},"thumbnailUrl":"https:\/\/news.ecclesia.org.br\/wp-content\/uploads\/2018\/07\/croceu.jpg","datePublished":"2018-07-16T11:58:45+00:00","dateModified":"2018-07-16T14:56:57+00:00","breadcrumb":{"@id":"https:\/\/news.ecclesia.org.br\/?p=25580#breadcrumb"},"inLanguage":"pt-BR","potentialAction":[{"@type":"ReadAction","target":["https:\/\/news.ecclesia.org.br\/?p=25580"]}]},{"@type":"ImageObject","inLanguage":"pt-BR","@id":"https:\/\/news.ecclesia.org.br\/?p=25580#primaryimage","url":"https:\/\/news.ecclesia.org.br\/wp-content\/uploads\/2018\/07\/croceu.jpg","contentUrl":"https:\/\/news.ecclesia.org.br\/wp-content\/uploads\/2018\/07\/croceu.jpg","width":960,"height":720,"caption":"Comit\u00ea de Representantes das Igrejas Ortodoxas na Uni\u00e3o Europ\u00e9ia (CROCEU)"},{"@type":"BreadcrumbList","@id":"https:\/\/news.ecclesia.org.br\/?p=25580#breadcrumb","itemListElement":[{"@type":"ListItem","position":1,"name":"In\u00edcio","item":"https:\/\/news.ecclesia.org.br\/"},{"@type":"ListItem","position":2,"name":"Membros do CROCEU sobre a Conven\u00e7\u00e3o de Istambul: a santidade da institui\u00e7\u00e3o da fam\u00edlia deve ser promovida para o futuro da Europa"}]},{"@type":"WebSite","@id":"https:\/\/news.ecclesia.org.br\/#website","url":"https:\/\/news.ecclesia.org.br\/","name":"Ecclesia Brasil","description":"Desde 2003 onectando o Brasil ao mundo ortodoxo!","publisher":{"@id":"https:\/\/news.ecclesia.org.br\/#organization"},"alternateName":"Ecclesia","potentialAction":[{"@type":"SearchAction","target":{"@type":"EntryPoint","urlTemplate":"https:\/\/news.ecclesia.org.br\/?s={search_term_string}"},"query-input":{"@type":"PropertyValueSpecification","valueRequired":true,"valueName":"search_term_string"}}],"inLanguage":"pt-BR"},{"@type":"Organization","@id":"https:\/\/news.ecclesia.org.br\/#organization","name":"Sacra Arquidiocese de Buenos Aires e Am\u00e9rica do Sul | Patriarcado Ecum\u00eanico","alternateName":"News Ecclesia Brasil","url":"https:\/\/news.ecclesia.org.br\/","logo":{"@type":"ImageObject","inLanguage":"pt-BR","@id":"https:\/\/news.ecclesia.org.br\/#\/schema\/logo\/image\/","url":"https:\/\/news.ecclesia.org.br\/wp-content\/uploads\/2025\/05\/ecclesia2.png","contentUrl":"https:\/\/news.ecclesia.org.br\/wp-content\/uploads\/2025\/05\/ecclesia2.png","width":480,"height":120,"caption":"Sacra Arquidiocese de Buenos Aires e Am\u00e9rica do Sul | Patriarcado Ecum\u00eanico"},"image":{"@id":"https:\/\/news.ecclesia.org.br\/#\/schema\/logo\/image\/"},"sameAs":["https:\/\/www.facebook.com\/Ecclesia2025","https:\/\/x.com\/EcclesiaNews","https:\/\/br.pinterest.com\/ekklisia\/","https:\/\/www.youtube.com\/@EcclesiaBrasil"]},{"@type":"Person","@id":"https:\/\/news.ecclesia.org.br\/#\/schema\/person\/6f09597f025829745ba414a569f63758","name":"Pe. Andr\u00e9","image":{"@type":"ImageObject","inLanguage":"pt-BR","@id":"https:\/\/secure.gravatar.com\/avatar\/b4327cfa27e9799da239a26adcd534fc29cdc0c4a4a148eecbcfeb9b42c617ac?s=96&d=mm&r=g","url":"https:\/\/secure.gravatar.com\/avatar\/b4327cfa27e9799da239a26adcd534fc29cdc0c4a4a148eecbcfeb9b42c617ac?s=96&d=mm&r=g","contentUrl":"https:\/\/secure.gravatar.com\/avatar\/b4327cfa27e9799da239a26adcd534fc29cdc0c4a4a148eecbcfeb9b42c617ac?s=96&d=mm&r=g","caption":"Pe. Andr\u00e9"},"sameAs":["https:\/\/www.ecclesia.org.br"]}]}},"_links":{"self":[{"href":"https:\/\/news.ecclesia.org.br\/index.php?rest_route=\/wp\/v2\/posts\/25580","targetHints":{"allow":["GET"]}}],"collection":[{"href":"https:\/\/news.ecclesia.org.br\/index.php?rest_route=\/wp\/v2\/posts"}],"about":[{"href":"https:\/\/news.ecclesia.org.br\/index.php?rest_route=\/wp\/v2\/types\/post"}],"author":[{"embeddable":true,"href":"https:\/\/news.ecclesia.org.br\/index.php?rest_route=\/wp\/v2\/users\/1"}],"replies":[{"embeddable":true,"href":"https:\/\/news.ecclesia.org.br\/index.php?rest_route=%2Fwp%2Fv2%2Fcomments&post=25580"}],"version-history":[{"count":0,"href":"https:\/\/news.ecclesia.org.br\/index.php?rest_route=\/wp\/v2\/posts\/25580\/revisions"}],"wp:featuredmedia":[{"embeddable":true,"href":"https:\/\/news.ecclesia.org.br\/index.php?rest_route=\/wp\/v2\/media\/25581"}],"wp:attachment":[{"href":"https:\/\/news.ecclesia.org.br\/index.php?rest_route=%2Fwp%2Fv2%2Fmedia&parent=25580"}],"wp:term":[{"taxonomy":"category","embeddable":true,"href":"https:\/\/news.ecclesia.org.br\/index.php?rest_route=%2Fwp%2Fv2%2Fcategories&post=25580"},{"taxonomy":"post_tag","embeddable":true,"href":"https:\/\/news.ecclesia.org.br\/index.php?rest_route=%2Fwp%2Fv2%2Ftags&post=25580"}],"curies":[{"name":"wp","href":"https:\/\/api.w.org\/{rel}","templated":true}]}}