{"id":25534,"date":"2018-07-13T17:52:44","date_gmt":"2018-07-13T17:52:44","guid":{"rendered":"https:\/\/news.ecclesia.org.br\/?p=25534"},"modified":"2018-07-14T01:33:26","modified_gmt":"2018-07-14T01:33:26","slug":"mensagem-de-s-s-bartolomeu-i-ao-genfest","status":"publish","type":"post","link":"https:\/\/news.ecclesia.org.br\/?p=25534","title":{"rendered":"Mensagem de S. S. Bartolomeu I, Patriarca Ecum\u00eanico, aos participantes do GENFEST"},"content":{"rendered":"<p style=\"text-align: justify;\">7 Julho 2018 &#8212; <strong>Youth for a United World International Genfest 2018: Al\u00e9m de Todas as Fronteiras (Manila, 6 a 8 de julho de 2018)\u00a0<\/strong><\/p>\n<p style=\"text-align: justify;\"><a href=\"https:\/\/news.ecclesia.org.br\/wp-content\/uploads\/2018\/07\/Genfest-2018.jpg\"><img fetchpriority=\"high\" decoding=\"async\" class=\"alignleft size-medium wp-image-25535\" src=\"https:\/\/news.ecclesia.org.br\/wp-content\/uploads\/2018\/07\/Genfest-2018-219x300.jpg\" alt=\"\" width=\"219\" height=\"300\" srcset=\"https:\/\/news.ecclesia.org.br\/wp-content\/uploads\/2018\/07\/Genfest-2018-219x300.jpg 219w, https:\/\/news.ecclesia.org.br\/wp-content\/uploads\/2018\/07\/Genfest-2018-768x1053.jpg 768w, https:\/\/news.ecclesia.org.br\/wp-content\/uploads\/2018\/07\/Genfest-2018-747x1024.jpg 747w, https:\/\/news.ecclesia.org.br\/wp-content\/uploads\/2018\/07\/Genfest-2018-600x822.jpg 600w, https:\/\/news.ecclesia.org.br\/wp-content\/uploads\/2018\/07\/Genfest-2018-40x55.jpg 40w, https:\/\/news.ecclesia.org.br\/wp-content\/uploads\/2018\/07\/Genfest-2018.jpg 772w\" sizes=\"(max-width: 219px) 100vw, 219px\" \/><\/a>\u00ab\u00c9 com particular alegria que saudamos todos v\u00f3s, que participais da XI edi\u00e7\u00e3o do GENFEST que se realiza em Manila, cujo tema \u201cBeyond All Borders\u201d (Al\u00e9m de todas as fronteiras), tem como objetivo a abertura dos cora\u00e7\u00f5es e mentes\u00a0dos jovens para o futuro. Asseguro-vos de que apoiamos a vossa iniciativa e o desejo de vos reunir e compartilhar as vossas ideias com o objetivo de superar as fronteiras sociais e pessoais; porque \u00e9 somente atrav\u00e9s de um esp\u00edrito de solidariedade, respeito e compreens\u00e3o rec\u00edproca que estes obst\u00e1culos ser\u00e3o superados e deixar\u00e3o de ser causa de divis\u00f5es e conflitos entre as pessoas do nosso mundo. Enquanto empreendeis esta viagem para abordar estes problemas e lutar pela unidade mundial e a coexist\u00eancia pac\u00edfica \u2013 sempre, naturalmente, permanecendo unidos nas vossas nobres aspira\u00e7\u00f5es e no v\u00ednculo de a\u00e7\u00e3o e testemunho comuns, que s\u00e3o certamente promessas de um futuro melhor \u2013, n\u00f3s vos encorajamos a permanecer firmes na vis\u00e3o deste encontro e a recordar, al\u00e9m de promover, a mensagem da fundadora do Movimento dos <strong>Focolares<\/strong>, a falecida <strong>Chiara Lubich<\/strong>. Que, com minhas ora\u00e7\u00f5es e desejos, que querem ser como uma\u00a0 \u201ccascata de Deus\u201d, todas as coisas sejam realizadas e transfiguradas! Com estas palavras de sincera e profunda congratula\u00e7\u00e3o, invocamos sobre todos v\u00f3s a infinita gra\u00e7a e a miseric\u00f3rdia de Deus Onipotente, e permanecemos convosco no afeto\u00bb.<\/p>\n<p>No Patriarcado Ecum\u00eanico, 6 de Julho de 2018.<\/p>\n<p>Bartolomeu I,<br \/>\nArcebispo de Constantinopla-Nova Roma e Patriarca Ecum\u00eanico.<\/p>\n","protected":false},"excerpt":{"rendered":"<p>7 Julho 2018 &#8212; Youth for a United World International Genfest 2018: Al\u00e9m de Todas as Fronteiras (Manila, 6 a 8 de julho de 2018)\u00a0 \u00ab\u00c9 com particular alegria que saudamos todos v\u00f3s, que participais da XI edi\u00e7\u00e3o do GENFEST&#8230;<\/p>\n","protected":false},"author":1,"featured_media":25535,"comment_status":"open","ping_status":"open","sticky":false,"template":"","format":"standard","meta":{"_acf_changed":false,"footnotes":""},"categories":[1,72],"tags":[],"class_list":["post-25534","post","type-post","status-publish","format-standard","has-post-thumbnail","hentry","category-news","category-patriarcado-ecumenico","entry","rows-excerpt"],"acf":[],"yoast_head":"<!-- This site is optimized with the Yoast SEO plugin v27.4 - https:\/\/yoast.com\/product\/yoast-seo-wordpress\/ -->\n<title>Mensagem de S. S. Bartolomeu I, Patriarca Ecum\u00eanico, aos participantes do GENFEST | ECCLESIA NEWS<\/title>\n<meta name=\"robots\" content=\"index, follow, max-snippet:-1, max-image-preview:large, max-video-preview:-1\" \/>\n<link rel=\"canonical\" href=\"https:\/\/news.ecclesia.org.br\/?p=25534\" \/>\n<meta property=\"og:locale\" content=\"pt_BR\" \/>\n<meta property=\"og:type\" content=\"article\" \/>\n<meta property=\"og:title\" content=\"Mensagem de S. S. Bartolomeu I, Patriarca Ecum\u00eanico, aos participantes do GENFEST | ECCLESIA NEWS\" \/>\n<meta property=\"og:description\" content=\"7 Julho 2018 &#8212; Youth for a United World International Genfest 2018: Al\u00e9m de Todas as Fronteiras (Manila, 6 a 8 de julho de 2018)\u00a0 \u00ab\u00c9 com particular alegria que saudamos todos v\u00f3s, que participais da XI edi\u00e7\u00e3o do GENFEST&#8230;\" \/>\n<meta property=\"og:url\" content=\"https:\/\/news.ecclesia.org.br\/?p=25534\" \/>\n<meta property=\"og:site_name\" content=\"ECCLESIA NEWS\" \/>\n<meta property=\"article:publisher\" content=\"https:\/\/www.facebook.com\/Ecclesia2025\" \/>\n<meta property=\"article:published_time\" content=\"2018-07-13T17:52:44+00:00\" \/>\n<meta property=\"article:modified_time\" content=\"2018-07-14T01:33:26+00:00\" \/>\n<meta property=\"og:image\" content=\"https:\/\/news.ecclesia.org.br\/wp-content\/uploads\/2018\/07\/Genfest-2018.jpg\" \/>\n\t<meta property=\"og:image:width\" content=\"772\" \/>\n\t<meta property=\"og:image:height\" content=\"1058\" \/>\n\t<meta property=\"og:image:type\" content=\"image\/jpeg\" \/>\n<meta name=\"author\" content=\"Pe. Andr\u00e9\" \/>\n<meta name=\"twitter:card\" content=\"summary_large_image\" \/>\n<meta name=\"twitter:creator\" content=\"@EcclesiaNews\" \/>\n<meta name=\"twitter:site\" content=\"@EcclesiaNews\" \/>\n<meta name=\"twitter:label1\" content=\"Escrito por\" \/>\n\t<meta name=\"twitter:data1\" content=\"Pe. Andr\u00e9\" \/>\n\t<meta name=\"twitter:label2\" content=\"Est. tempo de leitura\" \/>\n\t<meta name=\"twitter:data2\" content=\"1 minuto\" \/>\n<script type=\"application\/ld+json\" class=\"yoast-schema-graph\">{\"@context\":\"https:\\\/\\\/schema.org\",\"@graph\":[{\"@type\":\"Article\",\"@id\":\"https:\\\/\\\/news.ecclesia.org.br\\\/?p=25534#article\",\"isPartOf\":{\"@id\":\"https:\\\/\\\/news.ecclesia.org.br\\\/?p=25534\"},\"author\":{\"name\":\"Pe. Andr\u00e9\",\"@id\":\"https:\\\/\\\/news.ecclesia.org.br\\\/#\\\/schema\\\/person\\\/6f09597f025829745ba414a569f63758\"},\"headline\":\"Mensagem de S. S. Bartolomeu I, Patriarca Ecum\u00eanico, aos participantes do GENFEST\",\"datePublished\":\"2018-07-13T17:52:44+00:00\",\"dateModified\":\"2018-07-14T01:33:26+00:00\",\"mainEntityOfPage\":{\"@id\":\"https:\\\/\\\/news.ecclesia.org.br\\\/?p=25534\"},\"wordCount\":295,\"commentCount\":0,\"publisher\":{\"@id\":\"https:\\\/\\\/news.ecclesia.org.br\\\/#organization\"},\"image\":{\"@id\":\"https:\\\/\\\/news.ecclesia.org.br\\\/?p=25534#primaryimage\"},\"thumbnailUrl\":\"https:\\\/\\\/news.ecclesia.org.br\\\/wp-content\\\/uploads\\\/2018\\\/07\\\/Genfest-2018.jpg\",\"articleSection\":[\"NEWS\",\"Patriarcado Ecum\u00eanico\"],\"inLanguage\":\"pt-BR\",\"potentialAction\":[{\"@type\":\"CommentAction\",\"name\":\"Comment\",\"target\":[\"https:\\\/\\\/news.ecclesia.org.br\\\/?p=25534#respond\"]}]},{\"@type\":\"WebPage\",\"@id\":\"https:\\\/\\\/news.ecclesia.org.br\\\/?p=25534\",\"url\":\"https:\\\/\\\/news.ecclesia.org.br\\\/?p=25534\",\"name\":\"Mensagem de S. S. Bartolomeu I, Patriarca Ecum\u00eanico, aos participantes do GENFEST | ECCLESIA NEWS\",\"isPartOf\":{\"@id\":\"https:\\\/\\\/news.ecclesia.org.br\\\/#website\"},\"primaryImageOfPage\":{\"@id\":\"https:\\\/\\\/news.ecclesia.org.br\\\/?p=25534#primaryimage\"},\"image\":{\"@id\":\"https:\\\/\\\/news.ecclesia.org.br\\\/?p=25534#primaryimage\"},\"thumbnailUrl\":\"https:\\\/\\\/news.ecclesia.org.br\\\/wp-content\\\/uploads\\\/2018\\\/07\\\/Genfest-2018.jpg\",\"datePublished\":\"2018-07-13T17:52:44+00:00\",\"dateModified\":\"2018-07-14T01:33:26+00:00\",\"breadcrumb\":{\"@id\":\"https:\\\/\\\/news.ecclesia.org.br\\\/?p=25534#breadcrumb\"},\"inLanguage\":\"pt-BR\",\"potentialAction\":[{\"@type\":\"ReadAction\",\"target\":[\"https:\\\/\\\/news.ecclesia.org.br\\\/?p=25534\"]}]},{\"@type\":\"ImageObject\",\"inLanguage\":\"pt-BR\",\"@id\":\"https:\\\/\\\/news.ecclesia.org.br\\\/?p=25534#primaryimage\",\"url\":\"https:\\\/\\\/news.ecclesia.org.br\\\/wp-content\\\/uploads\\\/2018\\\/07\\\/Genfest-2018.jpg\",\"contentUrl\":\"https:\\\/\\\/news.ecclesia.org.br\\\/wp-content\\\/uploads\\\/2018\\\/07\\\/Genfest-2018.jpg\",\"width\":772,\"height\":1058},{\"@type\":\"BreadcrumbList\",\"@id\":\"https:\\\/\\\/news.ecclesia.org.br\\\/?p=25534#breadcrumb\",\"itemListElement\":[{\"@type\":\"ListItem\",\"position\":1,\"name\":\"In\u00edcio\",\"item\":\"https:\\\/\\\/news.ecclesia.org.br\\\/\"},{\"@type\":\"ListItem\",\"position\":2,\"name\":\"Mensagem de S. S. Bartolomeu I, Patriarca Ecum\u00eanico, aos participantes do GENFEST\"}]},{\"@type\":\"WebSite\",\"@id\":\"https:\\\/\\\/news.ecclesia.org.br\\\/#website\",\"url\":\"https:\\\/\\\/news.ecclesia.org.br\\\/\",\"name\":\"Ecclesia Brasil\",\"description\":\"Desde 2003 onectando o Brasil ao mundo ortodoxo!\",\"publisher\":{\"@id\":\"https:\\\/\\\/news.ecclesia.org.br\\\/#organization\"},\"alternateName\":\"Ecclesia\",\"potentialAction\":[{\"@type\":\"SearchAction\",\"target\":{\"@type\":\"EntryPoint\",\"urlTemplate\":\"https:\\\/\\\/news.ecclesia.org.br\\\/?s={search_term_string}\"},\"query-input\":{\"@type\":\"PropertyValueSpecification\",\"valueRequired\":true,\"valueName\":\"search_term_string\"}}],\"inLanguage\":\"pt-BR\"},{\"@type\":\"Organization\",\"@id\":\"https:\\\/\\\/news.ecclesia.org.br\\\/#organization\",\"name\":\"Sacra Arquidiocese de Buenos Aires e Am\u00e9rica do Sul | Patriarcado Ecum\u00eanico\",\"alternateName\":\"News Ecclesia Brasil\",\"url\":\"https:\\\/\\\/news.ecclesia.org.br\\\/\",\"logo\":{\"@type\":\"ImageObject\",\"inLanguage\":\"pt-BR\",\"@id\":\"https:\\\/\\\/news.ecclesia.org.br\\\/#\\\/schema\\\/logo\\\/image\\\/\",\"url\":\"https:\\\/\\\/news.ecclesia.org.br\\\/wp-content\\\/uploads\\\/2025\\\/05\\\/ecclesia2.png\",\"contentUrl\":\"https:\\\/\\\/news.ecclesia.org.br\\\/wp-content\\\/uploads\\\/2025\\\/05\\\/ecclesia2.png\",\"width\":480,\"height\":120,\"caption\":\"Sacra Arquidiocese de Buenos Aires e Am\u00e9rica do Sul | Patriarcado Ecum\u00eanico\"},\"image\":{\"@id\":\"https:\\\/\\\/news.ecclesia.org.br\\\/#\\\/schema\\\/logo\\\/image\\\/\"},\"sameAs\":[\"https:\\\/\\\/www.facebook.com\\\/Ecclesia2025\",\"https:\\\/\\\/x.com\\\/EcclesiaNews\",\"https:\\\/\\\/br.pinterest.com\\\/ekklisia\\\/\",\"https:\\\/\\\/www.youtube.com\\\/@EcclesiaBrasil\"]},{\"@type\":\"Person\",\"@id\":\"https:\\\/\\\/news.ecclesia.org.br\\\/#\\\/schema\\\/person\\\/6f09597f025829745ba414a569f63758\",\"name\":\"Pe. Andr\u00e9\",\"image\":{\"@type\":\"ImageObject\",\"inLanguage\":\"pt-BR\",\"@id\":\"https:\\\/\\\/secure.gravatar.com\\\/avatar\\\/b4327cfa27e9799da239a26adcd534fc29cdc0c4a4a148eecbcfeb9b42c617ac?s=96&d=mm&r=g\",\"url\":\"https:\\\/\\\/secure.gravatar.com\\\/avatar\\\/b4327cfa27e9799da239a26adcd534fc29cdc0c4a4a148eecbcfeb9b42c617ac?s=96&d=mm&r=g\",\"contentUrl\":\"https:\\\/\\\/secure.gravatar.com\\\/avatar\\\/b4327cfa27e9799da239a26adcd534fc29cdc0c4a4a148eecbcfeb9b42c617ac?s=96&d=mm&r=g\",\"caption\":\"Pe. Andr\u00e9\"},\"sameAs\":[\"https:\\\/\\\/www.ecclesia.org.br\"]}]}<\/script>\n<!-- \/ Yoast SEO plugin. -->","yoast_head_json":{"title":"Mensagem de S. S. Bartolomeu I, Patriarca Ecum\u00eanico, aos participantes do GENFEST | ECCLESIA NEWS","robots":{"index":"index","follow":"follow","max-snippet":"max-snippet:-1","max-image-preview":"max-image-preview:large","max-video-preview":"max-video-preview:-1"},"canonical":"https:\/\/news.ecclesia.org.br\/?p=25534","og_locale":"pt_BR","og_type":"article","og_title":"Mensagem de S. S. Bartolomeu I, Patriarca Ecum\u00eanico, aos participantes do GENFEST | ECCLESIA NEWS","og_description":"7 Julho 2018 &#8212; Youth for a United World International Genfest 2018: Al\u00e9m de Todas as Fronteiras (Manila, 6 a 8 de julho de 2018)\u00a0 \u00ab\u00c9 com particular alegria que saudamos todos v\u00f3s, que participais da XI edi\u00e7\u00e3o do GENFEST&#8230;","og_url":"https:\/\/news.ecclesia.org.br\/?p=25534","og_site_name":"ECCLESIA NEWS","article_publisher":"https:\/\/www.facebook.com\/Ecclesia2025","article_published_time":"2018-07-13T17:52:44+00:00","article_modified_time":"2018-07-14T01:33:26+00:00","og_image":[{"width":772,"height":1058,"url":"https:\/\/news.ecclesia.org.br\/wp-content\/uploads\/2018\/07\/Genfest-2018.jpg","type":"image\/jpeg"}],"author":"Pe. Andr\u00e9","twitter_card":"summary_large_image","twitter_creator":"@EcclesiaNews","twitter_site":"@EcclesiaNews","twitter_misc":{"Escrito por":"Pe. Andr\u00e9","Est. tempo de leitura":"1 minuto"},"schema":{"@context":"https:\/\/schema.org","@graph":[{"@type":"Article","@id":"https:\/\/news.ecclesia.org.br\/?p=25534#article","isPartOf":{"@id":"https:\/\/news.ecclesia.org.br\/?p=25534"},"author":{"name":"Pe. Andr\u00e9","@id":"https:\/\/news.ecclesia.org.br\/#\/schema\/person\/6f09597f025829745ba414a569f63758"},"headline":"Mensagem de S. S. Bartolomeu I, Patriarca Ecum\u00eanico, aos participantes do GENFEST","datePublished":"2018-07-13T17:52:44+00:00","dateModified":"2018-07-14T01:33:26+00:00","mainEntityOfPage":{"@id":"https:\/\/news.ecclesia.org.br\/?p=25534"},"wordCount":295,"commentCount":0,"publisher":{"@id":"https:\/\/news.ecclesia.org.br\/#organization"},"image":{"@id":"https:\/\/news.ecclesia.org.br\/?p=25534#primaryimage"},"thumbnailUrl":"https:\/\/news.ecclesia.org.br\/wp-content\/uploads\/2018\/07\/Genfest-2018.jpg","articleSection":["NEWS","Patriarcado Ecum\u00eanico"],"inLanguage":"pt-BR","potentialAction":[{"@type":"CommentAction","name":"Comment","target":["https:\/\/news.ecclesia.org.br\/?p=25534#respond"]}]},{"@type":"WebPage","@id":"https:\/\/news.ecclesia.org.br\/?p=25534","url":"https:\/\/news.ecclesia.org.br\/?p=25534","name":"Mensagem de S. S. Bartolomeu I, Patriarca Ecum\u00eanico, aos participantes do GENFEST | ECCLESIA NEWS","isPartOf":{"@id":"https:\/\/news.ecclesia.org.br\/#website"},"primaryImageOfPage":{"@id":"https:\/\/news.ecclesia.org.br\/?p=25534#primaryimage"},"image":{"@id":"https:\/\/news.ecclesia.org.br\/?p=25534#primaryimage"},"thumbnailUrl":"https:\/\/news.ecclesia.org.br\/wp-content\/uploads\/2018\/07\/Genfest-2018.jpg","datePublished":"2018-07-13T17:52:44+00:00","dateModified":"2018-07-14T01:33:26+00:00","breadcrumb":{"@id":"https:\/\/news.ecclesia.org.br\/?p=25534#breadcrumb"},"inLanguage":"pt-BR","potentialAction":[{"@type":"ReadAction","target":["https:\/\/news.ecclesia.org.br\/?p=25534"]}]},{"@type":"ImageObject","inLanguage":"pt-BR","@id":"https:\/\/news.ecclesia.org.br\/?p=25534#primaryimage","url":"https:\/\/news.ecclesia.org.br\/wp-content\/uploads\/2018\/07\/Genfest-2018.jpg","contentUrl":"https:\/\/news.ecclesia.org.br\/wp-content\/uploads\/2018\/07\/Genfest-2018.jpg","width":772,"height":1058},{"@type":"BreadcrumbList","@id":"https:\/\/news.ecclesia.org.br\/?p=25534#breadcrumb","itemListElement":[{"@type":"ListItem","position":1,"name":"In\u00edcio","item":"https:\/\/news.ecclesia.org.br\/"},{"@type":"ListItem","position":2,"name":"Mensagem de S. S. Bartolomeu I, Patriarca Ecum\u00eanico, aos participantes do GENFEST"}]},{"@type":"WebSite","@id":"https:\/\/news.ecclesia.org.br\/#website","url":"https:\/\/news.ecclesia.org.br\/","name":"Ecclesia Brasil","description":"Desde 2003 onectando o Brasil ao mundo ortodoxo!","publisher":{"@id":"https:\/\/news.ecclesia.org.br\/#organization"},"alternateName":"Ecclesia","potentialAction":[{"@type":"SearchAction","target":{"@type":"EntryPoint","urlTemplate":"https:\/\/news.ecclesia.org.br\/?s={search_term_string}"},"query-input":{"@type":"PropertyValueSpecification","valueRequired":true,"valueName":"search_term_string"}}],"inLanguage":"pt-BR"},{"@type":"Organization","@id":"https:\/\/news.ecclesia.org.br\/#organization","name":"Sacra Arquidiocese de Buenos Aires e Am\u00e9rica do Sul | Patriarcado Ecum\u00eanico","alternateName":"News Ecclesia Brasil","url":"https:\/\/news.ecclesia.org.br\/","logo":{"@type":"ImageObject","inLanguage":"pt-BR","@id":"https:\/\/news.ecclesia.org.br\/#\/schema\/logo\/image\/","url":"https:\/\/news.ecclesia.org.br\/wp-content\/uploads\/2025\/05\/ecclesia2.png","contentUrl":"https:\/\/news.ecclesia.org.br\/wp-content\/uploads\/2025\/05\/ecclesia2.png","width":480,"height":120,"caption":"Sacra Arquidiocese de Buenos Aires e Am\u00e9rica do Sul | Patriarcado Ecum\u00eanico"},"image":{"@id":"https:\/\/news.ecclesia.org.br\/#\/schema\/logo\/image\/"},"sameAs":["https:\/\/www.facebook.com\/Ecclesia2025","https:\/\/x.com\/EcclesiaNews","https:\/\/br.pinterest.com\/ekklisia\/","https:\/\/www.youtube.com\/@EcclesiaBrasil"]},{"@type":"Person","@id":"https:\/\/news.ecclesia.org.br\/#\/schema\/person\/6f09597f025829745ba414a569f63758","name":"Pe. Andr\u00e9","image":{"@type":"ImageObject","inLanguage":"pt-BR","@id":"https:\/\/secure.gravatar.com\/avatar\/b4327cfa27e9799da239a26adcd534fc29cdc0c4a4a148eecbcfeb9b42c617ac?s=96&d=mm&r=g","url":"https:\/\/secure.gravatar.com\/avatar\/b4327cfa27e9799da239a26adcd534fc29cdc0c4a4a148eecbcfeb9b42c617ac?s=96&d=mm&r=g","contentUrl":"https:\/\/secure.gravatar.com\/avatar\/b4327cfa27e9799da239a26adcd534fc29cdc0c4a4a148eecbcfeb9b42c617ac?s=96&d=mm&r=g","caption":"Pe. Andr\u00e9"},"sameAs":["https:\/\/www.ecclesia.org.br"]}]}},"_links":{"self":[{"href":"https:\/\/news.ecclesia.org.br\/index.php?rest_route=\/wp\/v2\/posts\/25534","targetHints":{"allow":["GET"]}}],"collection":[{"href":"https:\/\/news.ecclesia.org.br\/index.php?rest_route=\/wp\/v2\/posts"}],"about":[{"href":"https:\/\/news.ecclesia.org.br\/index.php?rest_route=\/wp\/v2\/types\/post"}],"author":[{"embeddable":true,"href":"https:\/\/news.ecclesia.org.br\/index.php?rest_route=\/wp\/v2\/users\/1"}],"replies":[{"embeddable":true,"href":"https:\/\/news.ecclesia.org.br\/index.php?rest_route=%2Fwp%2Fv2%2Fcomments&post=25534"}],"version-history":[{"count":0,"href":"https:\/\/news.ecclesia.org.br\/index.php?rest_route=\/wp\/v2\/posts\/25534\/revisions"}],"wp:featuredmedia":[{"embeddable":true,"href":"https:\/\/news.ecclesia.org.br\/index.php?rest_route=\/wp\/v2\/media\/25535"}],"wp:attachment":[{"href":"https:\/\/news.ecclesia.org.br\/index.php?rest_route=%2Fwp%2Fv2%2Fmedia&parent=25534"}],"wp:term":[{"taxonomy":"category","embeddable":true,"href":"https:\/\/news.ecclesia.org.br\/index.php?rest_route=%2Fwp%2Fv2%2Fcategories&post=25534"},{"taxonomy":"post_tag","embeddable":true,"href":"https:\/\/news.ecclesia.org.br\/index.php?rest_route=%2Fwp%2Fv2%2Ftags&post=25534"}],"curies":[{"name":"wp","href":"https:\/\/api.w.org\/{rel}","templated":true}]}}